{"id":952,"date":"2013-07-30T00:01:28","date_gmt":"2013-07-30T02:01:28","guid":{"rendered":"http:\/\/www.encontrabomretiro.com.br\/noticias\/?p=952"},"modified":"2019-04-29T18:04:18","modified_gmt":"2019-04-29T20:04:18","slug":"festival-torre-de-babel-2-acontece-no-bom-retiro","status":"publish","type":"post","link":"https:\/\/www.encontrabomretiro.com.br\/sobre\/festival-torre-de-babel-2-acontece-no-bom-retiro\/","title":{"rendered":"Festival Torre de Babel 2 acontece no Bom Retiro"},"content":{"rendered":"<div class=\"228b65ae207de3c5c501cfe75875708b\" data-index=\"1\" style=\"float: none; margin:0px;\">\n<!-- Anuncio display - global -->\r\n<ins class=\"adsbygoogle\"\r\n     style=\"display:block\"\r\n     data-ad-client=\"ca-pub-8585364105181520\"\r\n     data-ad-slot=\"8789329856\"\r\n     data-ad-format=\"auto\"\r\n     data-full-width-responsive=\"true\"><\/ins>\r\n<script>\r\n     (adsbygoogle = window.adsbygoogle || []).push({});\r\n<\/script>\n<\/div>\n<p>O evento acontece dia 18 de Agosto, a partir das 17 horas, com a presen\u00e7a das\u00a0bandas Houllie, Mary Chase e Jambey.<\/p>\n<p>Os ingressos est\u00e3o \u00e0 venda na loja 255, na Galeria do Rock.<\/p>\n<p>QUANDO:<br \/>\nDom 18\/08 \u00e0s 17:00<\/p>\n<p>QUANTO<br \/>\nIngressos Antecipados 15,00 \/ na porta 20,00<\/p>\n<p>ONDE<br \/>\nHangar 110<br \/>\nEndere\u00e7o: Rua Rodolfo Mirando n\u00ba 110 &#8211; BOM RETIRO &#8211; SP &#8211; Pr\u00f3ximo a esta\u00e7\u00e3o Arm\u00eania do Metr\u00f4.<br \/>\nhangar110.com.br<\/p>\n<p><em>Fonte: Catraca Livre<\/em><\/p>\n\n<div style=\"font-size: 0px; height: 0px; line-height: 0px; margin: 0; padding: 0; clear: both;\"><\/div>","protected":false},"excerpt":{"rendered":"<p>O evento acontece dia 18 de Agosto, a partir das 17 horas, com a presen\u00e7a das\u00a0bandas Houllie, Mary Chase e Jambey. Os ingressos est\u00e3o \u00e0 venda na loja 255, na Galeria do Rock. QUANDO: Dom 18\/08 \u00e0s 17:00 QUANTO Ingressos Antecipados 15,00 \/ na porta 20,00 ONDE Hangar 110 Endere\u00e7o: Rua Rodolfo Mirando n\u00ba 110 &#8211; BOM RETIRO &#8211; SP &#8211; Pr\u00f3ximo a esta\u00e7\u00e3o Arm\u00eania do Metr\u00f4. hangar110.com.br Fonte: Catraca Livre<\/p>\n","protected":false},"author":1,"featured_media":0,"comment_status":"open","ping_status":"closed","sticky":false,"template":"","format":"standard","meta":{"footnotes":""},"categories":[6,8,9],"tags":[14],"class_list":["post-952","post","type-post","status-publish","format-standard","hentry","category-noticias-no-bom-retiro","category-servicos-no-bom-retiro","category-shows-no-bom-retiro","tag-bom-retiro"],"aioseo_notices":[],"_links":{"self":[{"href":"https:\/\/www.encontrabomretiro.com.br\/sobre\/wp-json\/wp\/v2\/posts\/952","targetHints":{"allow":["GET"]}}],"collection":[{"href":"https:\/\/www.encontrabomretiro.com.br\/sobre\/wp-json\/wp\/v2\/posts"}],"about":[{"href":"https:\/\/www.encontrabomretiro.com.br\/sobre\/wp-json\/wp\/v2\/types\/post"}],"author":[{"embeddable":true,"href":"https:\/\/www.encontrabomretiro.com.br\/sobre\/wp-json\/wp\/v2\/users\/1"}],"replies":[{"embeddable":true,"href":"https:\/\/www.encontrabomretiro.com.br\/sobre\/wp-json\/wp\/v2\/comments?post=952"}],"version-history":[{"count":0,"href":"https:\/\/www.encontrabomretiro.com.br\/sobre\/wp-json\/wp\/v2\/posts\/952\/revisions"}],"wp:attachment":[{"href":"https:\/\/www.encontrabomretiro.com.br\/sobre\/wp-json\/wp\/v2\/media?parent=952"}],"wp:term":[{"taxonomy":"category","embeddable":true,"href":"https:\/\/www.encontrabomretiro.com.br\/sobre\/wp-json\/wp\/v2\/categories?post=952"},{"taxonomy":"post_tag","embeddable":true,"href":"https:\/\/www.encontrabomretiro.com.br\/sobre\/wp-json\/wp\/v2\/tags?post=952"}],"curies":[{"name":"wp","href":"https:\/\/api.w.org\/{rel}","templated":true}]}}