{"id":947,"date":"2013-07-26T00:01:43","date_gmt":"2013-07-26T02:01:43","guid":{"rendered":"http:\/\/www.encontrabomretiro.com.br\/noticias\/?p=947"},"modified":"2019-04-29T18:04:18","modified_gmt":"2019-04-29T20:04:18","slug":"bom-retiro-antigo-hotel-santos-dumont-servira-para-moradia-popular","status":"publish","type":"post","link":"https:\/\/www.encontrabomretiro.com.br\/sobre\/bom-retiro-antigo-hotel-santos-dumont-servira-para-moradia-popular\/","title":{"rendered":"Bom Retiro: Antigo hotel Santos Dumont servir\u00e1 para moradia popular"},"content":{"rendered":"<div class=\"228b65ae207de3c5c501cfe75875708b\" data-index=\"1\" style=\"float: none; margin:0px;\">\n<!-- Anuncio display - global -->\r\n<ins class=\"adsbygoogle\"\r\n     style=\"display:block\"\r\n     data-ad-client=\"ca-pub-8585364105181520\"\r\n     data-ad-slot=\"8789329856\"\r\n     data-ad-format=\"auto\"\r\n     data-full-width-responsive=\"true\"><\/ins>\r\n<script>\r\n     (adsbygoogle = window.adsbygoogle || []).push({});\r\n<\/script>\n<\/div>\n<p>O edif\u00edcio onde funcionava o antigo hotel Santos Dumont, na rua Mau\u00e1, na Luz, ser\u00e1 revitalizado e servir\u00e1 como espa\u00e7o para novas moradias populares no Centro. O Decreto de Interesse Social (DIS), que \u00e9 o primeiro passo do processo de desapropria\u00e7\u00e3o, foi publicado na ter\u00e7a-feira (23) no Di\u00e1rio Oficial da Cidade (DOC).<\/p>\n<p>O im\u00f3vel \u00e9 ocupado por movimentos sem-teto h\u00e1 seis anos e \u00e9 um dos 47 ocupados na regi\u00e3o Central de S\u00e3o Paulo, que foram mapeados pela Secretaria Municipal da Habita\u00e7\u00e3o (Sehab). O local serviu como cen\u00e1rio para o videoclipe da m\u00fasica \u2018Marighella\u2019 do grupo de rap Racionais MC\u2019s.<\/p>\n<p>Antes de declarar o interesse pela \u00e1rea, a Companhia Metropolitana de Habita\u00e7\u00e3o (Cohab) realizou um estudo preliminar da parte documental do im\u00f3vel, como matr\u00edcula, propriet\u00e1rios e tamanho, al\u00e9m de verificar a viabilidade ou n\u00e3o da revitaliza\u00e7\u00e3o. O DIS tem validade por dois anos, ap\u00f3s a publica\u00e7\u00e3o.<\/p>\n<p>Agora, ser\u00e3o intensificados e aprofundados estudos como o tipo de projeto adotado, viabilidade econ\u00f4mica e t\u00e9cnica para as obras. Neste per\u00edodo, a Prefeitura chamar\u00e1 os propriet\u00e1rios para tentar um acordo sobre os valores. Se n\u00e3o houver um acordo, \u00e9 dada a entrada em uma a\u00e7\u00e3o judicial em que um perito \u00e9 nomeado pela Justi\u00e7a para avaliar o im\u00f3vel para, posteriormente, o dep\u00f3sito seja efetuado e o edif\u00edcio passe a ser de propriedade da Cohab.<\/p>\n<p>Metas<\/p>\n<p>O Programa de Metas 2013-2016 prev\u00ea a entrega 55 mil novas moradias em at\u00e9 quatro anos. Atualmente, 14,5 mil est\u00e3o em constru\u00e7\u00e3o em todas as regi\u00f5es da Capital. Na regi\u00e3o Central, a Prefeitura firmou parceria de contribui\u00e7\u00e3o com aportes financeiros a Parceria P\u00fablico-Privada (PPP), que prev\u00ea a constru\u00e7\u00e3o de 20 mil novas moradias.<\/p>\n<p><em>Fonte: Prefeitura Municipal de S\u00e3o Paulo<\/em><\/p>\n\n<div style=\"font-size: 0px; height: 0px; line-height: 0px; margin: 0; padding: 0; clear: both;\"><\/div>","protected":false},"excerpt":{"rendered":"<p>O edif\u00edcio onde funcionava o antigo hotel Santos Dumont, na rua Mau\u00e1, na Luz, ser\u00e1 revitalizado e servir\u00e1 como espa\u00e7o para novas moradias populares no Centro. O Decreto de Interesse Social (DIS), que \u00e9 o primeiro passo do processo de desapropria\u00e7\u00e3o, foi publicado na ter\u00e7a-feira (23) no Di\u00e1rio Oficial da Cidade (DOC). O im\u00f3vel \u00e9 ocupado por movimentos sem-teto h\u00e1 seis anos e \u00e9 um dos 47 ocupados na regi\u00e3o Central de S\u00e3o Paulo, que foram mapeados pela Secretaria Municipal da Habita\u00e7\u00e3o (Sehab). O local serviu como cen\u00e1rio para o videoclipe da m\u00fasica \u2018Marighella\u2019 do grupo de rap Racionais MC\u2019s. <\/p>\n","protected":false},"author":1,"featured_media":0,"comment_status":"open","ping_status":"closed","sticky":false,"template":"","format":"standard","meta":{"footnotes":""},"categories":[6,8],"tags":[14],"class_list":["post-947","post","type-post","status-publish","format-standard","hentry","category-noticias-no-bom-retiro","category-servicos-no-bom-retiro","tag-bom-retiro"],"aioseo_notices":[],"aioseo_head":"\n\t\t<!-- All in One SEO 5.0.0.1 - aioseo.com -->\n\t<meta name=\"description\" content=\"O edif\u00edcio onde funcionava o antigo hotel Santos Dumont, na rua Mau\u00e1, na Luz, ser\u00e1 revitalizado e servir\u00e1 como espa\u00e7o para novas moradias populares no Centro. O Decreto de Interesse Social (DIS), que \u00e9 o primeiro passo do processo de desapropria\u00e7\u00e3o, foi publicado na ter\u00e7a-feira (23) no Di\u00e1rio Oficial da Cidade (DOC). O im\u00f3vel \u00e9\" \/>\n\t<meta name=\"robots\" content=\"max-image-preview:large\" \/>\n\t<meta name=\"author\" content=\"Encontra Bom Retiro\"\/>\n\t<link rel=\"canonical\" href=\"https:\/\/www.encontrabomretiro.com.br\/sobre\/bom-retiro-antigo-hotel-santos-dumont-servira-para-moradia-popular\/\" \/>\n\t<meta name=\"generator\" content=\"All in One SEO (AIOSEO) 5.0.0.1\" \/>\n\t\t<meta property=\"og:locale\" content=\"pt_BR\" \/>\n\t\t<meta property=\"og:site_name\" content=\"Encontra Bom Retiro | Not\u00edcias, eventos, informa\u00e7\u00f5es e dicas no bairro do Bom Retiro e regi\u00e3o.\" \/>\n\t\t<meta property=\"og:type\" content=\"article\" \/>\n\t\t<meta property=\"og:title\" content=\"Bom Retiro: Antigo hotel Santos Dumont servir\u00e1 para moradia popular | Encontra Bom Retiro\" \/>\n\t\t<meta property=\"og:description\" content=\"O edif\u00edcio onde funcionava o antigo hotel Santos Dumont, na rua Mau\u00e1, na Luz, ser\u00e1 revitalizado e servir\u00e1 como espa\u00e7o para novas moradias populares no Centro. O Decreto de Interesse Social (DIS), que \u00e9 o primeiro passo do processo de desapropria\u00e7\u00e3o, foi publicado na ter\u00e7a-feira (23) no Di\u00e1rio Oficial da Cidade (DOC). O im\u00f3vel \u00e9\" \/>\n\t\t<meta property=\"og:url\" content=\"https:\/\/www.encontrabomretiro.com.br\/sobre\/bom-retiro-antigo-hotel-santos-dumont-servira-para-moradia-popular\/\" \/>\n\t\t<meta property=\"article:published_time\" content=\"2013-07-26T02:01:43+00:00\" \/>\n\t\t<meta property=\"article:modified_time\" content=\"2019-04-29T20:04:18+00:00\" \/>\n\t\t<meta name=\"twitter:card\" content=\"summary_large_image\" \/>\n\t\t<meta name=\"twitter:title\" content=\"Bom Retiro: Antigo hotel Santos Dumont servir\u00e1 para moradia popular | Encontra Bom Retiro\" \/>\n\t\t<meta name=\"twitter:description\" content=\"O edif\u00edcio onde funcionava o antigo hotel Santos Dumont, na rua Mau\u00e1, na Luz, ser\u00e1 revitalizado e servir\u00e1 como espa\u00e7o para novas moradias populares no Centro. O Decreto de Interesse Social (DIS), que \u00e9 o primeiro passo do processo de desapropria\u00e7\u00e3o, foi publicado na ter\u00e7a-feira (23) no Di\u00e1rio Oficial da Cidade (DOC). O im\u00f3vel \u00e9\" \/>\n\t\t<script type=\"application\/ld+json\" class=\"aioseo-schema\">\n\t\t\t{\"@context\":\"https:\\\/\\\/schema.org\",\"@graph\":[{\"@type\":\"Article\",\"@id\":\"https:\\\/\\\/www.encontrabomretiro.com.br\\\/sobre\\\/bom-retiro-antigo-hotel-santos-dumont-servira-para-moradia-popular\\\/#article\",\"name\":\"Bom Retiro: Antigo hotel Santos Dumont servir\\u00e1 para moradia popular | Encontra Bom Retiro\",\"headline\":\"Bom Retiro: Antigo hotel Santos Dumont servir\\u00e1 para moradia popular\",\"author\":{\"@id\":\"https:\\\/\\\/www.encontrabomretiro.com.br\\\/sobre\\\/author\\\/ebomretiro\\\/#author\"},\"publisher\":{\"@id\":\"https:\\\/\\\/www.encontrabomretiro.com.br\\\/sobre\\\/#organization\"},\"datePublished\":\"2013-07-26T00:01:43-02:00\",\"dateModified\":\"2019-04-29T18:04:18-02:00\",\"inLanguage\":\"pt-BR\",\"mainEntityOfPage\":{\"@id\":\"https:\\\/\\\/www.encontrabomretiro.com.br\\\/sobre\\\/bom-retiro-antigo-hotel-santos-dumont-servira-para-moradia-popular\\\/#webpage\"},\"isPartOf\":{\"@id\":\"https:\\\/\\\/www.encontrabomretiro.com.br\\\/sobre\\\/bom-retiro-antigo-hotel-santos-dumont-servira-para-moradia-popular\\\/#webpage\"},\"articleSection\":\"Not\\u00edcias Bom Retiro, Servi\\u00e7os Bom Retiro, Bom Retiro\"},{\"@type\":\"BreadcrumbList\",\"@id\":\"https:\\\/\\\/www.encontrabomretiro.com.br\\\/sobre\\\/bom-retiro-antigo-hotel-santos-dumont-servira-para-moradia-popular\\\/#breadcrumblist\",\"itemListElement\":[{\"@type\":\"ListItem\",\"@id\":\"https:\\\/\\\/www.encontrabomretiro.com.br\\\/sobre#listItem\",\"position\":1,\"name\":\"Dom\\u00e9stica\",\"item\":\"https:\\\/\\\/www.encontrabomretiro.com.br\\\/sobre\",\"nextItem\":{\"@type\":\"ListItem\",\"@id\":\"https:\\\/\\\/www.encontrabomretiro.com.br\\\/sobre\\\/noticias-no-bom-retiro\\\/#listItem\",\"name\":\"Not\\u00edcias Bom Retiro\"}},{\"@type\":\"ListItem\",\"@id\":\"https:\\\/\\\/www.encontrabomretiro.com.br\\\/sobre\\\/noticias-no-bom-retiro\\\/#listItem\",\"position\":2,\"name\":\"Not\\u00edcias Bom Retiro\",\"item\":\"https:\\\/\\\/www.encontrabomretiro.com.br\\\/sobre\\\/noticias-no-bom-retiro\\\/\",\"nextItem\":{\"@type\":\"ListItem\",\"@id\":\"https:\\\/\\\/www.encontrabomretiro.com.br\\\/sobre\\\/bom-retiro-antigo-hotel-santos-dumont-servira-para-moradia-popular\\\/#listItem\",\"name\":\"Bom Retiro: Antigo hotel Santos Dumont servir\\u00e1 para moradia popular\"},\"previousItem\":{\"@type\":\"ListItem\",\"@id\":\"https:\\\/\\\/www.encontrabomretiro.com.br\\\/sobre#listItem\",\"name\":\"Dom\\u00e9stica\"}},{\"@type\":\"ListItem\",\"@id\":\"https:\\\/\\\/www.encontrabomretiro.com.br\\\/sobre\\\/bom-retiro-antigo-hotel-santos-dumont-servira-para-moradia-popular\\\/#listItem\",\"position\":3,\"name\":\"Bom Retiro: Antigo hotel Santos Dumont servir\\u00e1 para moradia popular\",\"previousItem\":{\"@type\":\"ListItem\",\"@id\":\"https:\\\/\\\/www.encontrabomretiro.com.br\\\/sobre\\\/noticias-no-bom-retiro\\\/#listItem\",\"name\":\"Not\\u00edcias Bom Retiro\"}}]},{\"@type\":\"Organization\",\"@id\":\"https:\\\/\\\/www.encontrabomretiro.com.br\\\/sobre\\\/#organization\",\"name\":\"Encontra Bom Retiro\",\"description\":\"Not\\u00edcias, eventos, informa\\u00e7\\u00f5es e dicas no bairro do Bom Retiro e regi\\u00e3o.\",\"url\":\"https:\\\/\\\/www.encontrabomretiro.com.br\\\/sobre\\\/\"},{\"@type\":\"Person\",\"@id\":\"https:\\\/\\\/www.encontrabomretiro.com.br\\\/sobre\\\/author\\\/ebomretiro\\\/#author\",\"url\":\"https:\\\/\\\/www.encontrabomretiro.com.br\\\/sobre\\\/author\\\/ebomretiro\\\/\",\"name\":\"Encontra Bom Retiro\",\"image\":{\"@type\":\"ImageObject\",\"@id\":\"https:\\\/\\\/www.encontrabomretiro.com.br\\\/sobre\\\/bom-retiro-antigo-hotel-santos-dumont-servira-para-moradia-popular\\\/#authorImage\",\"url\":\"https:\\\/\\\/secure.gravatar.com\\\/avatar\\\/507340682b8270222e1f208e23198b6ae7e2c6a1033ae84e99bc6bce4f82a387?s=96&d=mm&r=g\",\"width\":96,\"height\":96,\"caption\":\"Encontra Bom Retiro\"}},{\"@type\":\"WebPage\",\"@id\":\"https:\\\/\\\/www.encontrabomretiro.com.br\\\/sobre\\\/bom-retiro-antigo-hotel-santos-dumont-servira-para-moradia-popular\\\/#webpage\",\"url\":\"https:\\\/\\\/www.encontrabomretiro.com.br\\\/sobre\\\/bom-retiro-antigo-hotel-santos-dumont-servira-para-moradia-popular\\\/\",\"name\":\"Bom Retiro: Antigo hotel Santos Dumont servir\\u00e1 para moradia popular | Encontra Bom Retiro\",\"description\":\"O edif\\u00edcio onde funcionava o antigo hotel Santos Dumont, na rua Mau\\u00e1, na Luz, ser\\u00e1 revitalizado e servir\\u00e1 como espa\\u00e7o para novas moradias populares no Centro. O Decreto de Interesse Social (DIS), que \\u00e9 o primeiro passo do processo de desapropria\\u00e7\\u00e3o, foi publicado na ter\\u00e7a-feira (23) no Di\\u00e1rio Oficial da Cidade (DOC). O im\\u00f3vel \\u00e9\",\"inLanguage\":\"pt-BR\",\"isPartOf\":{\"@id\":\"https:\\\/\\\/www.encontrabomretiro.com.br\\\/sobre\\\/#website\"},\"breadcrumb\":{\"@id\":\"https:\\\/\\\/www.encontrabomretiro.com.br\\\/sobre\\\/bom-retiro-antigo-hotel-santos-dumont-servira-para-moradia-popular\\\/#breadcrumblist\"},\"author\":{\"@id\":\"https:\\\/\\\/www.encontrabomretiro.com.br\\\/sobre\\\/author\\\/ebomretiro\\\/#author\"},\"creator\":{\"@id\":\"https:\\\/\\\/www.encontrabomretiro.com.br\\\/sobre\\\/author\\\/ebomretiro\\\/#author\"},\"datePublished\":\"2013-07-26T00:01:43-02:00\",\"dateModified\":\"2019-04-29T18:04:18-02:00\"},{\"@type\":\"WebSite\",\"@id\":\"https:\\\/\\\/www.encontrabomretiro.com.br\\\/sobre\\\/#website\",\"url\":\"https:\\\/\\\/www.encontrabomretiro.com.br\\\/sobre\\\/\",\"name\":\"Encontra Bom Retiro\",\"description\":\"Not\\u00edcias, eventos, informa\\u00e7\\u00f5es e dicas no bairro do Bom Retiro e regi\\u00e3o.\",\"inLanguage\":\"pt-BR\",\"publisher\":{\"@id\":\"https:\\\/\\\/www.encontrabomretiro.com.br\\\/sobre\\\/#organization\"}}]}\n\t\t<\/script>\n\t\t<!-- All in One SEO -->\n\n","aioseo_head_json":{"title":"Bom Retiro: Antigo hotel Santos Dumont servir\u00e1 para moradia popular | Encontra Bom Retiro","description":"O edif\u00edcio onde funcionava o antigo hotel Santos Dumont, na rua Mau\u00e1, na Luz, ser\u00e1 revitalizado e servir\u00e1 como espa\u00e7o para novas moradias populares no Centro. O Decreto de Interesse Social (DIS), que \u00e9 o primeiro passo do processo de desapropria\u00e7\u00e3o, foi publicado na ter\u00e7a-feira (23) no Di\u00e1rio Oficial da Cidade (DOC). O im\u00f3vel \u00e9","canonical_url":"https:\/\/www.encontrabomretiro.com.br\/sobre\/bom-retiro-antigo-hotel-santos-dumont-servira-para-moradia-popular\/","robots":"max-image-preview:large","keywords":"","webmasterTools":{"miscellaneous":""},"schema":{"@context":"https:\/\/schema.org","@graph":[{"@type":"Article","@id":"https:\/\/www.encontrabomretiro.com.br\/sobre\/bom-retiro-antigo-hotel-santos-dumont-servira-para-moradia-popular\/#article","name":"Bom Retiro: Antigo hotel Santos Dumont servir\u00e1 para moradia popular | Encontra Bom Retiro","headline":"Bom Retiro: Antigo hotel Santos Dumont servir\u00e1 para moradia popular","author":{"@id":"https:\/\/www.encontrabomretiro.com.br\/sobre\/author\/ebomretiro\/#author"},"publisher":{"@id":"https:\/\/www.encontrabomretiro.com.br\/sobre\/#organization"},"datePublished":"2013-07-26T00:01:43-02:00","dateModified":"2019-04-29T18:04:18-02:00","inLanguage":"pt-BR","mainEntityOfPage":{"@id":"https:\/\/www.encontrabomretiro.com.br\/sobre\/bom-retiro-antigo-hotel-santos-dumont-servira-para-moradia-popular\/#webpage"},"isPartOf":{"@id":"https:\/\/www.encontrabomretiro.com.br\/sobre\/bom-retiro-antigo-hotel-santos-dumont-servira-para-moradia-popular\/#webpage"},"articleSection":"Not\u00edcias Bom Retiro, Servi\u00e7os Bom Retiro, Bom Retiro"},{"@type":"BreadcrumbList","@id":"https:\/\/www.encontrabomretiro.com.br\/sobre\/bom-retiro-antigo-hotel-santos-dumont-servira-para-moradia-popular\/#breadcrumblist","itemListElement":[{"@type":"ListItem","@id":"https:\/\/www.encontrabomretiro.com.br\/sobre#listItem","position":1,"name":"Dom\u00e9stica","item":"https:\/\/www.encontrabomretiro.com.br\/sobre","nextItem":{"@type":"ListItem","@id":"https:\/\/www.encontrabomretiro.com.br\/sobre\/noticias-no-bom-retiro\/#listItem","name":"Not\u00edcias Bom Retiro"}},{"@type":"ListItem","@id":"https:\/\/www.encontrabomretiro.com.br\/sobre\/noticias-no-bom-retiro\/#listItem","position":2,"name":"Not\u00edcias Bom Retiro","item":"https:\/\/www.encontrabomretiro.com.br\/sobre\/noticias-no-bom-retiro\/","nextItem":{"@type":"ListItem","@id":"https:\/\/www.encontrabomretiro.com.br\/sobre\/bom-retiro-antigo-hotel-santos-dumont-servira-para-moradia-popular\/#listItem","name":"Bom Retiro: Antigo hotel Santos Dumont servir\u00e1 para moradia popular"},"previousItem":{"@type":"ListItem","@id":"https:\/\/www.encontrabomretiro.com.br\/sobre#listItem","name":"Dom\u00e9stica"}},{"@type":"ListItem","@id":"https:\/\/www.encontrabomretiro.com.br\/sobre\/bom-retiro-antigo-hotel-santos-dumont-servira-para-moradia-popular\/#listItem","position":3,"name":"Bom Retiro: Antigo hotel Santos Dumont servir\u00e1 para moradia popular","previousItem":{"@type":"ListItem","@id":"https:\/\/www.encontrabomretiro.com.br\/sobre\/noticias-no-bom-retiro\/#listItem","name":"Not\u00edcias Bom Retiro"}}]},{"@type":"Organization","@id":"https:\/\/www.encontrabomretiro.com.br\/sobre\/#organization","name":"Encontra Bom Retiro","description":"Not\u00edcias, eventos, informa\u00e7\u00f5es e dicas no bairro do Bom Retiro e regi\u00e3o.","url":"https:\/\/www.encontrabomretiro.com.br\/sobre\/"},{"@type":"Person","@id":"https:\/\/www.encontrabomretiro.com.br\/sobre\/author\/ebomretiro\/#author","url":"https:\/\/www.encontrabomretiro.com.br\/sobre\/author\/ebomretiro\/","name":"Encontra Bom Retiro","image":{"@type":"ImageObject","@id":"https:\/\/www.encontrabomretiro.com.br\/sobre\/bom-retiro-antigo-hotel-santos-dumont-servira-para-moradia-popular\/#authorImage","url":"https:\/\/secure.gravatar.com\/avatar\/507340682b8270222e1f208e23198b6ae7e2c6a1033ae84e99bc6bce4f82a387?s=96&d=mm&r=g","width":96,"height":96,"caption":"Encontra Bom Retiro"}},{"@type":"WebPage","@id":"https:\/\/www.encontrabomretiro.com.br\/sobre\/bom-retiro-antigo-hotel-santos-dumont-servira-para-moradia-popular\/#webpage","url":"https:\/\/www.encontrabomretiro.com.br\/sobre\/bom-retiro-antigo-hotel-santos-dumont-servira-para-moradia-popular\/","name":"Bom Retiro: Antigo hotel Santos Dumont servir\u00e1 para moradia popular | Encontra Bom Retiro","description":"O edif\u00edcio onde funcionava o antigo hotel Santos Dumont, na rua Mau\u00e1, na Luz, ser\u00e1 revitalizado e servir\u00e1 como espa\u00e7o para novas moradias populares no Centro. O Decreto de Interesse Social (DIS), que \u00e9 o primeiro passo do processo de desapropria\u00e7\u00e3o, foi publicado na ter\u00e7a-feira (23) no Di\u00e1rio Oficial da Cidade (DOC). O im\u00f3vel \u00e9","inLanguage":"pt-BR","isPartOf":{"@id":"https:\/\/www.encontrabomretiro.com.br\/sobre\/#website"},"breadcrumb":{"@id":"https:\/\/www.encontrabomretiro.com.br\/sobre\/bom-retiro-antigo-hotel-santos-dumont-servira-para-moradia-popular\/#breadcrumblist"},"author":{"@id":"https:\/\/www.encontrabomretiro.com.br\/sobre\/author\/ebomretiro\/#author"},"creator":{"@id":"https:\/\/www.encontrabomretiro.com.br\/sobre\/author\/ebomretiro\/#author"},"datePublished":"2013-07-26T00:01:43-02:00","dateModified":"2019-04-29T18:04:18-02:00"},{"@type":"WebSite","@id":"https:\/\/www.encontrabomretiro.com.br\/sobre\/#website","url":"https:\/\/www.encontrabomretiro.com.br\/sobre\/","name":"Encontra Bom Retiro","description":"Not\u00edcias, eventos, informa\u00e7\u00f5es e dicas no bairro do Bom Retiro e regi\u00e3o.","inLanguage":"pt-BR","publisher":{"@id":"https:\/\/www.encontrabomretiro.com.br\/sobre\/#organization"}}]},"og:locale":"pt_BR","og:site_name":"Encontra Bom Retiro | Not\u00edcias, eventos, informa\u00e7\u00f5es e dicas no bairro do Bom Retiro e regi\u00e3o.","og:type":"article","og:title":"Bom Retiro: Antigo hotel Santos Dumont servir\u00e1 para moradia popular | Encontra Bom Retiro","og:description":"O edif\u00edcio onde funcionava o antigo hotel Santos Dumont, na rua Mau\u00e1, na Luz, ser\u00e1 revitalizado e servir\u00e1 como espa\u00e7o para novas moradias populares no Centro. O Decreto de Interesse Social (DIS), que \u00e9 o primeiro passo do processo de desapropria\u00e7\u00e3o, foi publicado na ter\u00e7a-feira (23) no Di\u00e1rio Oficial da Cidade (DOC). O im\u00f3vel \u00e9","og:url":"https:\/\/www.encontrabomretiro.com.br\/sobre\/bom-retiro-antigo-hotel-santos-dumont-servira-para-moradia-popular\/","article:published_time":"2013-07-26T02:01:43+00:00","article:modified_time":"2019-04-29T20:04:18+00:00","twitter:card":"summary_large_image","twitter:title":"Bom Retiro: Antigo hotel Santos Dumont servir\u00e1 para moradia popular | Encontra Bom Retiro","twitter:description":"O edif\u00edcio onde funcionava o antigo hotel Santos Dumont, na rua Mau\u00e1, na Luz, ser\u00e1 revitalizado e servir\u00e1 como espa\u00e7o para novas moradias populares no Centro. O Decreto de Interesse Social (DIS), que \u00e9 o primeiro passo do processo de desapropria\u00e7\u00e3o, foi publicado na ter\u00e7a-feira (23) no Di\u00e1rio Oficial da Cidade (DOC). O im\u00f3vel \u00e9"},"aioseo_meta_data":{"post_id":"947","title":null,"description":null,"keywords":null,"keyphrases":null,"primary_term":null,"canonical_url":null,"og_title":null,"og_description":null,"og_object_type":"default","og_image_type":"default","og_image_url":null,"og_image_width":null,"og_image_height":null,"og_image_custom_url":null,"og_image_custom_fields":null,"og_video":null,"og_custom_url":null,"og_article_section":null,"og_article_tags":null,"twitter_use_og":false,"twitter_card":"default","twitter_image_type":"default","twitter_image_url":null,"twitter_image_custom_url":null,"twitter_image_custom_fields":null,"twitter_title":null,"twitter_description":null,"schema":{"blockGraphs":[],"customGraphs":[],"default":{"data":{"Article":[],"Course":[],"Dataset":[],"FAQPage":[],"Movie":[],"Person":[],"Product":[],"ProductReview":[],"Car":[],"Recipe":[],"Service":[],"SoftwareApplication":[],"WebPage":[]},"graphName":"","isEnabled":true},"graphs":[]},"schema_type":"default","schema_type_options":null,"pillar_content":false,"robots_default":true,"robots_noindex":false,"robots_noarchive":false,"robots_nosnippet":false,"robots_nofollow":false,"robots_noimageindex":false,"robots_noodp":false,"robots_notranslate":false,"robots_max_snippet":null,"robots_max_videopreview":null,"robots_max_imagepreview":"large","priority":null,"frequency":null,"local_seo":null,"breadcrumb_settings":null,"limit_modified_date":false,"ai":null,"created":"2023-10-16 12:58:00","updated":"2025-10-03 14:39:56","focus_keyword":null,"additional_keywords":null,"truseo_locale":null,"seo_analyzer_scan_date":null},"aioseo_breadcrumb":"<div class=\"aioseo-breadcrumbs\"><span class=\"aioseo-breadcrumb\">\n\t\t\t<a href=\"https:\/\/www.encontrabomretiro.com.br\/sobre\" title=\"Dom\u00e9stica\">Dom\u00e9stica<\/a>\n\t\t<\/span><span class=\"aioseo-breadcrumb-separator\">&raquo;<\/span><span class=\"aioseo-breadcrumb\">\n\t\t\t<a href=\"https:\/\/www.encontrabomretiro.com.br\/sobre\/noticias-no-bom-retiro\/\" title=\"Not\u00edcias Bom Retiro\">Not\u00edcias Bom Retiro<\/a>\n\t\t<\/span><span class=\"aioseo-breadcrumb-separator\">&raquo;<\/span><span class=\"aioseo-breadcrumb\">\n\t\t\tBom Retiro: Antigo hotel Santos Dumont servir\u00e1 para moradia popular\n\t\t<\/span><\/div>","aioseo_breadcrumb_json":[{"label":"Dom\u00e9stica","link":"https:\/\/www.encontrabomretiro.com.br\/sobre"},{"label":"Not\u00edcias Bom Retiro","link":"https:\/\/www.encontrabomretiro.com.br\/sobre\/noticias-no-bom-retiro\/"},{"label":"Bom Retiro: Antigo hotel Santos Dumont servir\u00e1 para moradia popular","link":"https:\/\/www.encontrabomretiro.com.br\/sobre\/bom-retiro-antigo-hotel-santos-dumont-servira-para-moradia-popular\/"}],"_links":{"self":[{"href":"https:\/\/www.encontrabomretiro.com.br\/sobre\/wp-json\/wp\/v2\/posts\/947","targetHints":{"allow":["GET"]}}],"collection":[{"href":"https:\/\/www.encontrabomretiro.com.br\/sobre\/wp-json\/wp\/v2\/posts"}],"about":[{"href":"https:\/\/www.encontrabomretiro.com.br\/sobre\/wp-json\/wp\/v2\/types\/post"}],"author":[{"embeddable":true,"href":"https:\/\/www.encontrabomretiro.com.br\/sobre\/wp-json\/wp\/v2\/users\/1"}],"replies":[{"embeddable":true,"href":"https:\/\/www.encontrabomretiro.com.br\/sobre\/wp-json\/wp\/v2\/comments?post=947"}],"version-history":[{"count":0,"href":"https:\/\/www.encontrabomretiro.com.br\/sobre\/wp-json\/wp\/v2\/posts\/947\/revisions"}],"wp:attachment":[{"href":"https:\/\/www.encontrabomretiro.com.br\/sobre\/wp-json\/wp\/v2\/media?parent=947"}],"wp:term":[{"taxonomy":"category","embeddable":true,"href":"https:\/\/www.encontrabomretiro.com.br\/sobre\/wp-json\/wp\/v2\/categories?post=947"},{"taxonomy":"post_tag","embeddable":true,"href":"https:\/\/www.encontrabomretiro.com.br\/sobre\/wp-json\/wp\/v2\/tags?post=947"}],"curies":[{"name":"wp","href":"https:\/\/api.w.org\/{rel}","templated":true}]}}