{"id":945,"date":"2013-07-25T00:01:19","date_gmt":"2013-07-25T02:01:19","guid":{"rendered":"http:\/\/www.encontrabomretiro.com.br\/noticias\/?p=945"},"modified":"2019-04-29T18:04:18","modified_gmt":"2019-04-29T20:04:18","slug":"bom-retiro-pinacoteca-recebe-exposicao-com-17-obras-datadas-de-1889-a-1925","status":"publish","type":"post","link":"https:\/\/www.encontrabomretiro.com.br\/sobre\/bom-retiro-pinacoteca-recebe-exposicao-com-17-obras-datadas-de-1889-a-1925\/","title":{"rendered":"Bom Retiro: Pinacoteca recebe exposi\u00e7\u00e3o com 17 obras datadas de 1889 a 1925"},"content":{"rendered":"<div class=\"228b65ae207de3c5c501cfe75875708b\" data-index=\"1\" style=\"float: none; margin:0px;\">\n<!-- Anuncio display - global -->\r\n<ins class=\"adsbygoogle\"\r\n     style=\"display:block\"\r\n     data-ad-client=\"ca-pub-8585364105181520\"\r\n     data-ad-slot=\"8789329856\"\r\n     data-ad-format=\"auto\"\r\n     data-full-width-responsive=\"true\"><\/ins>\r\n<script>\r\n     (adsbygoogle = window.adsbygoogle || []).push({});\r\n<\/script>\n<\/div>\n<p>A exposi\u00e7\u00e3o\u00a0\u201cO Pensionato Art\u00edstico Paulista na Rep\u00fablica Velha (1889-1930)\u201d\u00a0fica em cartaz\u00a0na Pinacoteca at\u00e9 3 de novembro, de ter\u00e7a a domingo, das 10h \u00e0s 18h. Os ingressos v\u00e3o at\u00e9 R$ 6, e \u00e0s quintas, e s\u00e1bados, a entrada \u00e9 gratuita.<\/p>\n<p>Com curadoria de Ana Paula Nascimento, da equipe da Pinacoteca de S\u00e3o Paulo, a mostra conta com 17 obras feitas entre\u00a01889 e 1925, \u00e9poca em que alguns artistas atuantes na capital paulista foram bolsistas do governo e em troca enviavam seus trabalhos \u00e0 Pinacoteca.<\/p>\n<p>A exposi\u00e7\u00e3o conta com obras de Campos Ayres, Mario Villares Barbosa, Dario Villares Barbosa, Helena Ohashi, Marcelino V\u00e9lez, Oswaldo Pinheiro, Valle J\u00fanior, Lopes de Le\u00e3o e T\u00falio Mugnaini.<\/p>\n<p><strong>Servi\u00e7o:<\/strong><\/p>\n<p>O QUE<br \/>\nO Pensionato Art\u00edstico Paulista na Rep\u00fablica Velha (1889-1930)<\/p>\n<p>QUANDO:<br \/>\nde 03\/03 a 03\/11<br \/>\nTer\u00e7as, Quartas, Quintas, Sextas, S\u00e1bados e Domingos das 10:00 \u00e0s 18:00<\/p>\n<p>QUANTO<br \/>\nR$ 6,00<\/p>\n<p>ONDE<br \/>\nPinacoteca do Estado de S\u00e3o Paulo<br \/>\npinacoteca.org.br<br \/>\nPra\u00e7a da Luz, 2<br \/>\nLuz &#8211; Centro<br \/>\nS\u00e3o Paulo<br \/>\n(11) 3324-1000<br \/>\nEsta\u00e7\u00e3o Luz (Metr\u00f4 \u2013 Linha 1 Azul)<br \/>\nEsta\u00e7\u00e3o Luz (CPTM \u2013 Linha 7 Rubi)<\/p>\n<p><em>Fonte: Catraca Livre<\/em><\/p>\n\n<div style=\"font-size: 0px; height: 0px; line-height: 0px; margin: 0; padding: 0; clear: both;\"><\/div>","protected":false},"excerpt":{"rendered":"<p>A exposi\u00e7\u00e3o\u00a0\u201cO Pensionato Art\u00edstico Paulista na Rep\u00fablica Velha (1889-1930)\u201d\u00a0fica em cartaz\u00a0na Pinacoteca at\u00e9 3 de novembro, de ter\u00e7a a domingo, das 10h \u00e0s 18h. Os ingressos v\u00e3o at\u00e9 R$ 6, e \u00e0s quintas, e s\u00e1bados, a entrada \u00e9 gratuita. Com curadoria de Ana Paula Nascimento, da equipe da Pinacoteca de S\u00e3o Paulo, a mostra conta com 17 obras feitas entre\u00a01889 e 1925, \u00e9poca em que alguns artistas atuantes na capital paulista foram bolsistas do governo e em troca enviavam seus trabalhos \u00e0 Pinacoteca. A exposi\u00e7\u00e3o conta com obras de Campos Ayres, Mario Villares Barbosa, Dario Villares Barbosa, Helena Ohashi, Marcelino <\/p>\n","protected":false},"author":1,"featured_media":0,"comment_status":"open","ping_status":"closed","sticky":false,"template":"","format":"standard","meta":{"footnotes":""},"categories":[17,6,8],"tags":[14],"class_list":["post-945","post","type-post","status-publish","format-standard","hentry","category-cultura-no-bom-retiro","category-noticias-no-bom-retiro","category-servicos-no-bom-retiro","tag-bom-retiro"],"aioseo_notices":[],"aioseo_head":"\n\t\t<!-- All in One SEO 5.0.0.1 - aioseo.com -->\n\t<meta name=\"description\" content=\"A exposi\u00e7\u00e3o \u201cO Pensionato Art\u00edstico Paulista na Rep\u00fablica Velha (1889-1930)\u201d fica em cartaz na Pinacoteca at\u00e9 3 de novembro, de ter\u00e7a a domingo, das 10h \u00e0s 18h. Os ingressos v\u00e3o at\u00e9 R$ 6, e \u00e0s quintas, e s\u00e1bados, a entrada \u00e9 gratuita. Com curadoria de Ana Paula Nascimento, da equipe da Pinacoteca de S\u00e3o Paulo, a mostra conta\" \/>\n\t<meta name=\"robots\" content=\"max-image-preview:large\" \/>\n\t<meta name=\"author\" content=\"Encontra Bom Retiro\"\/>\n\t<link rel=\"canonical\" href=\"https:\/\/www.encontrabomretiro.com.br\/sobre\/bom-retiro-pinacoteca-recebe-exposicao-com-17-obras-datadas-de-1889-a-1925\/\" \/>\n\t<meta name=\"generator\" content=\"All in One SEO (AIOSEO) 5.0.0.1\" \/>\n\t\t<meta property=\"og:locale\" content=\"pt_BR\" \/>\n\t\t<meta property=\"og:site_name\" content=\"Encontra Bom Retiro | Not\u00edcias, eventos, informa\u00e7\u00f5es e dicas no bairro do Bom Retiro e regi\u00e3o.\" \/>\n\t\t<meta property=\"og:type\" content=\"article\" \/>\n\t\t<meta property=\"og:title\" content=\"Bom Retiro: Pinacoteca recebe exposi\u00e7\u00e3o com 17 obras datadas de 1889 a 1925 | Encontra Bom Retiro\" \/>\n\t\t<meta property=\"og:description\" content=\"A exposi\u00e7\u00e3o \u201cO Pensionato Art\u00edstico Paulista na Rep\u00fablica Velha (1889-1930)\u201d fica em cartaz na Pinacoteca at\u00e9 3 de novembro, de ter\u00e7a a domingo, das 10h \u00e0s 18h. Os ingressos v\u00e3o at\u00e9 R$ 6, e \u00e0s quintas, e s\u00e1bados, a entrada \u00e9 gratuita. Com curadoria de Ana Paula Nascimento, da equipe da Pinacoteca de S\u00e3o Paulo, a mostra conta\" \/>\n\t\t<meta property=\"og:url\" content=\"https:\/\/www.encontrabomretiro.com.br\/sobre\/bom-retiro-pinacoteca-recebe-exposicao-com-17-obras-datadas-de-1889-a-1925\/\" \/>\n\t\t<meta property=\"article:published_time\" content=\"2013-07-25T02:01:19+00:00\" \/>\n\t\t<meta property=\"article:modified_time\" content=\"2019-04-29T20:04:18+00:00\" \/>\n\t\t<meta name=\"twitter:card\" content=\"summary_large_image\" \/>\n\t\t<meta name=\"twitter:title\" content=\"Bom Retiro: Pinacoteca recebe exposi\u00e7\u00e3o com 17 obras datadas de 1889 a 1925 | Encontra Bom Retiro\" \/>\n\t\t<meta name=\"twitter:description\" content=\"A exposi\u00e7\u00e3o \u201cO Pensionato Art\u00edstico Paulista na Rep\u00fablica Velha (1889-1930)\u201d fica em cartaz na Pinacoteca at\u00e9 3 de novembro, de ter\u00e7a a domingo, das 10h \u00e0s 18h. Os ingressos v\u00e3o at\u00e9 R$ 6, e \u00e0s quintas, e s\u00e1bados, a entrada \u00e9 gratuita. Com curadoria de Ana Paula Nascimento, da equipe da Pinacoteca de S\u00e3o Paulo, a mostra conta\" \/>\n\t\t<script type=\"application\/ld+json\" class=\"aioseo-schema\">\n\t\t\t{\"@context\":\"https:\\\/\\\/schema.org\",\"@graph\":[{\"@type\":\"Article\",\"@id\":\"https:\\\/\\\/www.encontrabomretiro.com.br\\\/sobre\\\/bom-retiro-pinacoteca-recebe-exposicao-com-17-obras-datadas-de-1889-a-1925\\\/#article\",\"name\":\"Bom Retiro: Pinacoteca recebe exposi\\u00e7\\u00e3o com 17 obras datadas de 1889 a 1925 | Encontra Bom Retiro\",\"headline\":\"Bom Retiro: Pinacoteca recebe exposi\\u00e7\\u00e3o com 17 obras datadas de 1889 a 1925\",\"author\":{\"@id\":\"https:\\\/\\\/www.encontrabomretiro.com.br\\\/sobre\\\/author\\\/ebomretiro\\\/#author\"},\"publisher\":{\"@id\":\"https:\\\/\\\/www.encontrabomretiro.com.br\\\/sobre\\\/#organization\"},\"datePublished\":\"2013-07-25T00:01:19-02:00\",\"dateModified\":\"2019-04-29T18:04:18-02:00\",\"inLanguage\":\"pt-BR\",\"mainEntityOfPage\":{\"@id\":\"https:\\\/\\\/www.encontrabomretiro.com.br\\\/sobre\\\/bom-retiro-pinacoteca-recebe-exposicao-com-17-obras-datadas-de-1889-a-1925\\\/#webpage\"},\"isPartOf\":{\"@id\":\"https:\\\/\\\/www.encontrabomretiro.com.br\\\/sobre\\\/bom-retiro-pinacoteca-recebe-exposicao-com-17-obras-datadas-de-1889-a-1925\\\/#webpage\"},\"articleSection\":\"Cultura Bom Retiro, Not\\u00edcias Bom Retiro, Servi\\u00e7os Bom Retiro, Bom Retiro\"},{\"@type\":\"BreadcrumbList\",\"@id\":\"https:\\\/\\\/www.encontrabomretiro.com.br\\\/sobre\\\/bom-retiro-pinacoteca-recebe-exposicao-com-17-obras-datadas-de-1889-a-1925\\\/#breadcrumblist\",\"itemListElement\":[{\"@type\":\"ListItem\",\"@id\":\"https:\\\/\\\/www.encontrabomretiro.com.br\\\/sobre#listItem\",\"position\":1,\"name\":\"Dom\\u00e9stica\",\"item\":\"https:\\\/\\\/www.encontrabomretiro.com.br\\\/sobre\",\"nextItem\":{\"@type\":\"ListItem\",\"@id\":\"https:\\\/\\\/www.encontrabomretiro.com.br\\\/sobre\\\/noticias-no-bom-retiro\\\/#listItem\",\"name\":\"Not\\u00edcias Bom Retiro\"}},{\"@type\":\"ListItem\",\"@id\":\"https:\\\/\\\/www.encontrabomretiro.com.br\\\/sobre\\\/noticias-no-bom-retiro\\\/#listItem\",\"position\":2,\"name\":\"Not\\u00edcias Bom Retiro\",\"item\":\"https:\\\/\\\/www.encontrabomretiro.com.br\\\/sobre\\\/noticias-no-bom-retiro\\\/\",\"nextItem\":{\"@type\":\"ListItem\",\"@id\":\"https:\\\/\\\/www.encontrabomretiro.com.br\\\/sobre\\\/bom-retiro-pinacoteca-recebe-exposicao-com-17-obras-datadas-de-1889-a-1925\\\/#listItem\",\"name\":\"Bom Retiro: Pinacoteca recebe exposi\\u00e7\\u00e3o com 17 obras datadas de 1889 a 1925\"},\"previousItem\":{\"@type\":\"ListItem\",\"@id\":\"https:\\\/\\\/www.encontrabomretiro.com.br\\\/sobre#listItem\",\"name\":\"Dom\\u00e9stica\"}},{\"@type\":\"ListItem\",\"@id\":\"https:\\\/\\\/www.encontrabomretiro.com.br\\\/sobre\\\/bom-retiro-pinacoteca-recebe-exposicao-com-17-obras-datadas-de-1889-a-1925\\\/#listItem\",\"position\":3,\"name\":\"Bom Retiro: Pinacoteca recebe exposi\\u00e7\\u00e3o com 17 obras datadas de 1889 a 1925\",\"previousItem\":{\"@type\":\"ListItem\",\"@id\":\"https:\\\/\\\/www.encontrabomretiro.com.br\\\/sobre\\\/noticias-no-bom-retiro\\\/#listItem\",\"name\":\"Not\\u00edcias Bom Retiro\"}}]},{\"@type\":\"Organization\",\"@id\":\"https:\\\/\\\/www.encontrabomretiro.com.br\\\/sobre\\\/#organization\",\"name\":\"Encontra Bom Retiro\",\"description\":\"Not\\u00edcias, eventos, informa\\u00e7\\u00f5es e dicas no bairro do Bom Retiro e regi\\u00e3o.\",\"url\":\"https:\\\/\\\/www.encontrabomretiro.com.br\\\/sobre\\\/\"},{\"@type\":\"Person\",\"@id\":\"https:\\\/\\\/www.encontrabomretiro.com.br\\\/sobre\\\/author\\\/ebomretiro\\\/#author\",\"url\":\"https:\\\/\\\/www.encontrabomretiro.com.br\\\/sobre\\\/author\\\/ebomretiro\\\/\",\"name\":\"Encontra Bom Retiro\",\"image\":{\"@type\":\"ImageObject\",\"@id\":\"https:\\\/\\\/www.encontrabomretiro.com.br\\\/sobre\\\/bom-retiro-pinacoteca-recebe-exposicao-com-17-obras-datadas-de-1889-a-1925\\\/#authorImage\",\"url\":\"https:\\\/\\\/secure.gravatar.com\\\/avatar\\\/507340682b8270222e1f208e23198b6ae7e2c6a1033ae84e99bc6bce4f82a387?s=96&d=mm&r=g\",\"width\":96,\"height\":96,\"caption\":\"Encontra Bom Retiro\"}},{\"@type\":\"WebPage\",\"@id\":\"https:\\\/\\\/www.encontrabomretiro.com.br\\\/sobre\\\/bom-retiro-pinacoteca-recebe-exposicao-com-17-obras-datadas-de-1889-a-1925\\\/#webpage\",\"url\":\"https:\\\/\\\/www.encontrabomretiro.com.br\\\/sobre\\\/bom-retiro-pinacoteca-recebe-exposicao-com-17-obras-datadas-de-1889-a-1925\\\/\",\"name\":\"Bom Retiro: Pinacoteca recebe exposi\\u00e7\\u00e3o com 17 obras datadas de 1889 a 1925 | Encontra Bom Retiro\",\"description\":\"A exposi\\u00e7\\u00e3o \\u201cO Pensionato Art\\u00edstico Paulista na Rep\\u00fablica Velha (1889-1930)\\u201d fica em cartaz na Pinacoteca at\\u00e9 3 de novembro, de ter\\u00e7a a domingo, das 10h \\u00e0s 18h. Os ingressos v\\u00e3o at\\u00e9 R$ 6, e \\u00e0s quintas, e s\\u00e1bados, a entrada \\u00e9 gratuita. Com curadoria de Ana Paula Nascimento, da equipe da Pinacoteca de S\\u00e3o Paulo, a mostra conta\",\"inLanguage\":\"pt-BR\",\"isPartOf\":{\"@id\":\"https:\\\/\\\/www.encontrabomretiro.com.br\\\/sobre\\\/#website\"},\"breadcrumb\":{\"@id\":\"https:\\\/\\\/www.encontrabomretiro.com.br\\\/sobre\\\/bom-retiro-pinacoteca-recebe-exposicao-com-17-obras-datadas-de-1889-a-1925\\\/#breadcrumblist\"},\"author\":{\"@id\":\"https:\\\/\\\/www.encontrabomretiro.com.br\\\/sobre\\\/author\\\/ebomretiro\\\/#author\"},\"creator\":{\"@id\":\"https:\\\/\\\/www.encontrabomretiro.com.br\\\/sobre\\\/author\\\/ebomretiro\\\/#author\"},\"datePublished\":\"2013-07-25T00:01:19-02:00\",\"dateModified\":\"2019-04-29T18:04:18-02:00\"},{\"@type\":\"WebSite\",\"@id\":\"https:\\\/\\\/www.encontrabomretiro.com.br\\\/sobre\\\/#website\",\"url\":\"https:\\\/\\\/www.encontrabomretiro.com.br\\\/sobre\\\/\",\"name\":\"Encontra Bom Retiro\",\"description\":\"Not\\u00edcias, eventos, informa\\u00e7\\u00f5es e dicas no bairro do Bom Retiro e regi\\u00e3o.\",\"inLanguage\":\"pt-BR\",\"publisher\":{\"@id\":\"https:\\\/\\\/www.encontrabomretiro.com.br\\\/sobre\\\/#organization\"}}]}\n\t\t<\/script>\n\t\t<!-- All in One SEO -->\n\n","aioseo_head_json":{"title":"Bom Retiro: Pinacoteca recebe exposi\u00e7\u00e3o com 17 obras datadas de 1889 a 1925 | Encontra Bom Retiro","description":"A exposi\u00e7\u00e3o \u201cO Pensionato Art\u00edstico Paulista na Rep\u00fablica Velha (1889-1930)\u201d fica em cartaz na Pinacoteca at\u00e9 3 de novembro, de ter\u00e7a a domingo, das 10h \u00e0s 18h. Os ingressos v\u00e3o at\u00e9 R$ 6, e \u00e0s quintas, e s\u00e1bados, a entrada \u00e9 gratuita. Com curadoria de Ana Paula Nascimento, da equipe da Pinacoteca de S\u00e3o Paulo, a mostra conta","canonical_url":"https:\/\/www.encontrabomretiro.com.br\/sobre\/bom-retiro-pinacoteca-recebe-exposicao-com-17-obras-datadas-de-1889-a-1925\/","robots":"max-image-preview:large","keywords":"","webmasterTools":{"miscellaneous":""},"schema":{"@context":"https:\/\/schema.org","@graph":[{"@type":"Article","@id":"https:\/\/www.encontrabomretiro.com.br\/sobre\/bom-retiro-pinacoteca-recebe-exposicao-com-17-obras-datadas-de-1889-a-1925\/#article","name":"Bom Retiro: Pinacoteca recebe exposi\u00e7\u00e3o com 17 obras datadas de 1889 a 1925 | Encontra Bom Retiro","headline":"Bom Retiro: Pinacoteca recebe exposi\u00e7\u00e3o com 17 obras datadas de 1889 a 1925","author":{"@id":"https:\/\/www.encontrabomretiro.com.br\/sobre\/author\/ebomretiro\/#author"},"publisher":{"@id":"https:\/\/www.encontrabomretiro.com.br\/sobre\/#organization"},"datePublished":"2013-07-25T00:01:19-02:00","dateModified":"2019-04-29T18:04:18-02:00","inLanguage":"pt-BR","mainEntityOfPage":{"@id":"https:\/\/www.encontrabomretiro.com.br\/sobre\/bom-retiro-pinacoteca-recebe-exposicao-com-17-obras-datadas-de-1889-a-1925\/#webpage"},"isPartOf":{"@id":"https:\/\/www.encontrabomretiro.com.br\/sobre\/bom-retiro-pinacoteca-recebe-exposicao-com-17-obras-datadas-de-1889-a-1925\/#webpage"},"articleSection":"Cultura Bom Retiro, Not\u00edcias Bom Retiro, Servi\u00e7os Bom Retiro, Bom Retiro"},{"@type":"BreadcrumbList","@id":"https:\/\/www.encontrabomretiro.com.br\/sobre\/bom-retiro-pinacoteca-recebe-exposicao-com-17-obras-datadas-de-1889-a-1925\/#breadcrumblist","itemListElement":[{"@type":"ListItem","@id":"https:\/\/www.encontrabomretiro.com.br\/sobre#listItem","position":1,"name":"Dom\u00e9stica","item":"https:\/\/www.encontrabomretiro.com.br\/sobre","nextItem":{"@type":"ListItem","@id":"https:\/\/www.encontrabomretiro.com.br\/sobre\/noticias-no-bom-retiro\/#listItem","name":"Not\u00edcias Bom Retiro"}},{"@type":"ListItem","@id":"https:\/\/www.encontrabomretiro.com.br\/sobre\/noticias-no-bom-retiro\/#listItem","position":2,"name":"Not\u00edcias Bom Retiro","item":"https:\/\/www.encontrabomretiro.com.br\/sobre\/noticias-no-bom-retiro\/","nextItem":{"@type":"ListItem","@id":"https:\/\/www.encontrabomretiro.com.br\/sobre\/bom-retiro-pinacoteca-recebe-exposicao-com-17-obras-datadas-de-1889-a-1925\/#listItem","name":"Bom Retiro: Pinacoteca recebe exposi\u00e7\u00e3o com 17 obras datadas de 1889 a 1925"},"previousItem":{"@type":"ListItem","@id":"https:\/\/www.encontrabomretiro.com.br\/sobre#listItem","name":"Dom\u00e9stica"}},{"@type":"ListItem","@id":"https:\/\/www.encontrabomretiro.com.br\/sobre\/bom-retiro-pinacoteca-recebe-exposicao-com-17-obras-datadas-de-1889-a-1925\/#listItem","position":3,"name":"Bom Retiro: Pinacoteca recebe exposi\u00e7\u00e3o com 17 obras datadas de 1889 a 1925","previousItem":{"@type":"ListItem","@id":"https:\/\/www.encontrabomretiro.com.br\/sobre\/noticias-no-bom-retiro\/#listItem","name":"Not\u00edcias Bom Retiro"}}]},{"@type":"Organization","@id":"https:\/\/www.encontrabomretiro.com.br\/sobre\/#organization","name":"Encontra Bom Retiro","description":"Not\u00edcias, eventos, informa\u00e7\u00f5es e dicas no bairro do Bom Retiro e regi\u00e3o.","url":"https:\/\/www.encontrabomretiro.com.br\/sobre\/"},{"@type":"Person","@id":"https:\/\/www.encontrabomretiro.com.br\/sobre\/author\/ebomretiro\/#author","url":"https:\/\/www.encontrabomretiro.com.br\/sobre\/author\/ebomretiro\/","name":"Encontra Bom Retiro","image":{"@type":"ImageObject","@id":"https:\/\/www.encontrabomretiro.com.br\/sobre\/bom-retiro-pinacoteca-recebe-exposicao-com-17-obras-datadas-de-1889-a-1925\/#authorImage","url":"https:\/\/secure.gravatar.com\/avatar\/507340682b8270222e1f208e23198b6ae7e2c6a1033ae84e99bc6bce4f82a387?s=96&d=mm&r=g","width":96,"height":96,"caption":"Encontra Bom Retiro"}},{"@type":"WebPage","@id":"https:\/\/www.encontrabomretiro.com.br\/sobre\/bom-retiro-pinacoteca-recebe-exposicao-com-17-obras-datadas-de-1889-a-1925\/#webpage","url":"https:\/\/www.encontrabomretiro.com.br\/sobre\/bom-retiro-pinacoteca-recebe-exposicao-com-17-obras-datadas-de-1889-a-1925\/","name":"Bom Retiro: Pinacoteca recebe exposi\u00e7\u00e3o com 17 obras datadas de 1889 a 1925 | Encontra Bom Retiro","description":"A exposi\u00e7\u00e3o \u201cO Pensionato Art\u00edstico Paulista na Rep\u00fablica Velha (1889-1930)\u201d fica em cartaz na Pinacoteca at\u00e9 3 de novembro, de ter\u00e7a a domingo, das 10h \u00e0s 18h. Os ingressos v\u00e3o at\u00e9 R$ 6, e \u00e0s quintas, e s\u00e1bados, a entrada \u00e9 gratuita. Com curadoria de Ana Paula Nascimento, da equipe da Pinacoteca de S\u00e3o Paulo, a mostra conta","inLanguage":"pt-BR","isPartOf":{"@id":"https:\/\/www.encontrabomretiro.com.br\/sobre\/#website"},"breadcrumb":{"@id":"https:\/\/www.encontrabomretiro.com.br\/sobre\/bom-retiro-pinacoteca-recebe-exposicao-com-17-obras-datadas-de-1889-a-1925\/#breadcrumblist"},"author":{"@id":"https:\/\/www.encontrabomretiro.com.br\/sobre\/author\/ebomretiro\/#author"},"creator":{"@id":"https:\/\/www.encontrabomretiro.com.br\/sobre\/author\/ebomretiro\/#author"},"datePublished":"2013-07-25T00:01:19-02:00","dateModified":"2019-04-29T18:04:18-02:00"},{"@type":"WebSite","@id":"https:\/\/www.encontrabomretiro.com.br\/sobre\/#website","url":"https:\/\/www.encontrabomretiro.com.br\/sobre\/","name":"Encontra Bom Retiro","description":"Not\u00edcias, eventos, informa\u00e7\u00f5es e dicas no bairro do Bom Retiro e regi\u00e3o.","inLanguage":"pt-BR","publisher":{"@id":"https:\/\/www.encontrabomretiro.com.br\/sobre\/#organization"}}]},"og:locale":"pt_BR","og:site_name":"Encontra Bom Retiro | Not\u00edcias, eventos, informa\u00e7\u00f5es e dicas no bairro do Bom Retiro e regi\u00e3o.","og:type":"article","og:title":"Bom Retiro: Pinacoteca recebe exposi\u00e7\u00e3o com 17 obras datadas de 1889 a 1925 | Encontra Bom Retiro","og:description":"A exposi\u00e7\u00e3o \u201cO Pensionato Art\u00edstico Paulista na Rep\u00fablica Velha (1889-1930)\u201d fica em cartaz na Pinacoteca at\u00e9 3 de novembro, de ter\u00e7a a domingo, das 10h \u00e0s 18h. Os ingressos v\u00e3o at\u00e9 R$ 6, e \u00e0s quintas, e s\u00e1bados, a entrada \u00e9 gratuita. Com curadoria de Ana Paula Nascimento, da equipe da Pinacoteca de S\u00e3o Paulo, a mostra conta","og:url":"https:\/\/www.encontrabomretiro.com.br\/sobre\/bom-retiro-pinacoteca-recebe-exposicao-com-17-obras-datadas-de-1889-a-1925\/","article:published_time":"2013-07-25T02:01:19+00:00","article:modified_time":"2019-04-29T20:04:18+00:00","twitter:card":"summary_large_image","twitter:title":"Bom Retiro: Pinacoteca recebe exposi\u00e7\u00e3o com 17 obras datadas de 1889 a 1925 | Encontra Bom Retiro","twitter:description":"A exposi\u00e7\u00e3o \u201cO Pensionato Art\u00edstico Paulista na Rep\u00fablica Velha (1889-1930)\u201d fica em cartaz na Pinacoteca at\u00e9 3 de novembro, de ter\u00e7a a domingo, das 10h \u00e0s 18h. Os ingressos v\u00e3o at\u00e9 R$ 6, e \u00e0s quintas, e s\u00e1bados, a entrada \u00e9 gratuita. Com curadoria de Ana Paula Nascimento, da equipe da Pinacoteca de S\u00e3o Paulo, a mostra conta"},"aioseo_meta_data":{"post_id":"945","title":null,"description":null,"keywords":null,"keyphrases":null,"primary_term":null,"canonical_url":null,"og_title":null,"og_description":null,"og_object_type":"default","og_image_type":"default","og_image_url":null,"og_image_width":null,"og_image_height":null,"og_image_custom_url":null,"og_image_custom_fields":null,"og_video":null,"og_custom_url":null,"og_article_section":null,"og_article_tags":null,"twitter_use_og":false,"twitter_card":"default","twitter_image_type":"default","twitter_image_url":null,"twitter_image_custom_url":null,"twitter_image_custom_fields":null,"twitter_title":null,"twitter_description":null,"schema":{"blockGraphs":[],"customGraphs":[],"default":{"data":{"Article":[],"Course":[],"Dataset":[],"FAQPage":[],"Movie":[],"Person":[],"Product":[],"ProductReview":[],"Car":[],"Recipe":[],"Service":[],"SoftwareApplication":[],"WebPage":[]},"graphName":"","isEnabled":true},"graphs":[]},"schema_type":"default","schema_type_options":null,"pillar_content":false,"robots_default":true,"robots_noindex":false,"robots_noarchive":false,"robots_nosnippet":false,"robots_nofollow":false,"robots_noimageindex":false,"robots_noodp":false,"robots_notranslate":false,"robots_max_snippet":null,"robots_max_videopreview":null,"robots_max_imagepreview":"large","priority":null,"frequency":null,"local_seo":null,"breadcrumb_settings":null,"limit_modified_date":false,"ai":null,"created":"2023-10-16 12:58:00","updated":"2025-10-03 14:39:56","focus_keyword":null,"additional_keywords":null,"truseo_locale":null,"seo_analyzer_scan_date":null},"aioseo_breadcrumb":"<div class=\"aioseo-breadcrumbs\"><span class=\"aioseo-breadcrumb\">\n\t\t\t<a href=\"https:\/\/www.encontrabomretiro.com.br\/sobre\" title=\"Dom\u00e9stica\">Dom\u00e9stica<\/a>\n\t\t<\/span><span class=\"aioseo-breadcrumb-separator\">&raquo;<\/span><span class=\"aioseo-breadcrumb\">\n\t\t\t<a href=\"https:\/\/www.encontrabomretiro.com.br\/sobre\/noticias-no-bom-retiro\/\" title=\"Not\u00edcias Bom Retiro\">Not\u00edcias Bom Retiro<\/a>\n\t\t<\/span><span class=\"aioseo-breadcrumb-separator\">&raquo;<\/span><span class=\"aioseo-breadcrumb\">\n\t\t\tBom Retiro: Pinacoteca recebe exposi\u00e7\u00e3o com 17 obras datadas de 1889 a 1925\n\t\t<\/span><\/div>","aioseo_breadcrumb_json":[{"label":"Dom\u00e9stica","link":"https:\/\/www.encontrabomretiro.com.br\/sobre"},{"label":"Not\u00edcias Bom Retiro","link":"https:\/\/www.encontrabomretiro.com.br\/sobre\/noticias-no-bom-retiro\/"},{"label":"Bom Retiro: Pinacoteca recebe exposi\u00e7\u00e3o com 17 obras datadas de 1889 a 1925","link":"https:\/\/www.encontrabomretiro.com.br\/sobre\/bom-retiro-pinacoteca-recebe-exposicao-com-17-obras-datadas-de-1889-a-1925\/"}],"_links":{"self":[{"href":"https:\/\/www.encontrabomretiro.com.br\/sobre\/wp-json\/wp\/v2\/posts\/945","targetHints":{"allow":["GET"]}}],"collection":[{"href":"https:\/\/www.encontrabomretiro.com.br\/sobre\/wp-json\/wp\/v2\/posts"}],"about":[{"href":"https:\/\/www.encontrabomretiro.com.br\/sobre\/wp-json\/wp\/v2\/types\/post"}],"author":[{"embeddable":true,"href":"https:\/\/www.encontrabomretiro.com.br\/sobre\/wp-json\/wp\/v2\/users\/1"}],"replies":[{"embeddable":true,"href":"https:\/\/www.encontrabomretiro.com.br\/sobre\/wp-json\/wp\/v2\/comments?post=945"}],"version-history":[{"count":0,"href":"https:\/\/www.encontrabomretiro.com.br\/sobre\/wp-json\/wp\/v2\/posts\/945\/revisions"}],"wp:attachment":[{"href":"https:\/\/www.encontrabomretiro.com.br\/sobre\/wp-json\/wp\/v2\/media?parent=945"}],"wp:term":[{"taxonomy":"category","embeddable":true,"href":"https:\/\/www.encontrabomretiro.com.br\/sobre\/wp-json\/wp\/v2\/categories?post=945"},{"taxonomy":"post_tag","embeddable":true,"href":"https:\/\/www.encontrabomretiro.com.br\/sobre\/wp-json\/wp\/v2\/tags?post=945"}],"curies":[{"name":"wp","href":"https:\/\/api.w.org\/{rel}","templated":true}]}}