{"id":92,"date":"2011-01-12T06:17:52","date_gmt":"2011-01-12T08:17:52","guid":{"rendered":"http:\/\/www.encontrabomretiro.com.br\/noticias\/?p=92"},"modified":"2019-04-29T18:05:11","modified_gmt":"2019-04-29T20:05:11","slug":"moradores-do-bom-retiro-calculam-prejuizos-causados-pela-chuva","status":"publish","type":"post","link":"https:\/\/www.encontrabomretiro.com.br\/sobre\/moradores-do-bom-retiro-calculam-prejuizos-causados-pela-chuva\/","title":{"rendered":"Moradores do Bom Retiro calculam preju\u00edzos causados pela chuva"},"content":{"rendered":"<div class=\"228b65ae207de3c5c501cfe75875708b\" data-index=\"1\" style=\"float: none; margin:0px;\">\n<!-- Anuncio display - global -->\r\n<ins class=\"adsbygoogle\"\r\n     style=\"display:block\"\r\n     data-ad-client=\"ca-pub-8585364105181520\"\r\n     data-ad-slot=\"8789329856\"\r\n     data-ad-format=\"auto\"\r\n     data-full-width-responsive=\"true\"><\/ins>\r\n<script>\r\n     (adsbygoogle = window.adsbygoogle || []).push({});\r\n<\/script>\n<\/div>\n<p>Moradores do Bairro Bom Retiro, no Centro de S\u00e3o Paulo, calculavam  no in\u00edcio da tarde desta ter\u00e7a-feira (11) os preju\u00edzos causados pelo  temporal que atingiu a capital paulista na noite de segunda-feira (10) e  durante esta madrugada. A chuva causou mais de cem pontos de  alagamento, destrui\u00e7\u00e3o e mortes.<\/p>\n<p>A faxineira Elza Soares dos Santos, de 58 anos, mora h\u00e1 15 anos em um  pequeno im\u00f3vel na Rua Anhaia. Em todo esse tempo, afirma, nunca viu algo  semelhante ao que aconteceu na madrugada. \u201cA \u00e1gua come\u00e7ou a sair do  ralo. Depois, veio da rua\u201d, disse.<\/p>\n<p>A velocidade da enxurrada a impressionou. Enquanto a \u00e1gua e a lama  entravam nos c\u00f4modos, ela e o marido, o vidraceiro Vail Francisco de  Lima, de 54 anos, tentaram salvar seus pertences. \u201cSubi o que consegui  subir\u201d, contou. Um guarda-roupa, colch\u00f5es e a geladeira foram atingidos  pela enchente.<\/p>\n<p>Vizinho do casal, o polidor de carros Cristiano Moreira de Oliveira, de  22 anos, faltou no servi\u00e7o para poder ajudar a arrumar sua casa e a  cuidar dos sobrinhos. \u201cNa hora da chuva, pensei que a \u00e1gua ficaria  parada e n\u00e3o entraria em casa\u201d, afirmou. Por volta da 1h, por\u00e9m, uma  enxurrada invadiu a sala, o quarto e a cozinha, destruindo camas, sof\u00e1,  m\u00f3veis e uma geladeira.<\/p>\n<p>Segundo seus c\u00e1lculos, a enchente chegou alcan\u00e7ar um metro de altura.  Assim como a faxineira Elza, Oliveira correu para levantar m\u00f3veis,  roupas e eletrodom\u00e9sticos. \u201cPelo menos salvei o computador e a  televis\u00e3o.\u201d<\/p>\n<p>Irm\u00e3 do rapaz, a ajudante Priscila Oliveira, de 25 anos, teme que um  novo temporal atinja S\u00e3o Paulo nos pr\u00f3ximos dias. \u201cEnquanto o tempo  estiver estranho, os m\u00f3veis v\u00e3o continuar levantados.\u201d<\/p>\n<p>Menos apreensivo, o vidraceiro Lima afirmou, enquanto lavava a cal\u00e7ada  em frente \u00e0 sua casa: \u201cSe chover, a gente limpa tudo de novo. \u00c9 a vida.\u201d<\/p>\n<p><em>Fonte: G1<\/em><\/p>\n\n<div style=\"font-size: 0px; height: 0px; line-height: 0px; margin: 0; padding: 0; clear: both;\"><\/div>","protected":false},"excerpt":{"rendered":"<p>Moradores do Bairro Bom Retiro, no Centro de S\u00e3o Paulo, calculavam no in\u00edcio da tarde desta ter\u00e7a-feira (11) os preju\u00edzos causados pelo temporal que atingiu a capital paulista na noite de segunda-feira (10) e durante esta madrugada. A chuva causou mais de cem pontos de alagamento, destrui\u00e7\u00e3o e mortes. A faxineira Elza Soares dos Santos, de 58 anos, mora h\u00e1 15 anos em um pequeno im\u00f3vel na Rua Anhaia. Em todo esse tempo, afirma, nunca viu algo semelhante ao que aconteceu na madrugada. \u201cA \u00e1gua come\u00e7ou a sair do ralo. Depois, veio da rua\u201d, disse. A velocidade da enxurrada a <\/p>\n","protected":false},"author":1,"featured_media":0,"comment_status":"open","ping_status":"closed","sticky":false,"template":"","format":"standard","meta":{"footnotes":""},"categories":[6],"tags":[],"class_list":["post-92","post","type-post","status-publish","format-standard","hentry","category-noticias-no-bom-retiro"],"aioseo_notices":[],"aioseo_head":"\n\t\t<!-- All in One SEO 5.0.0.1 - aioseo.com -->\n\t<meta name=\"description\" content=\"Moradores do Bairro Bom Retiro, no Centro de S\u00e3o Paulo, calculavam no in\u00edcio da tarde desta ter\u00e7a-feira (11) os preju\u00edzos causados pelo temporal que atingiu a capital paulista na noite de segunda-feira (10) e durante esta madrugada. A chuva causou mais de cem pontos de alagamento, destrui\u00e7\u00e3o e mortes. A faxineira Elza Soares dos Santos,\" \/>\n\t<meta name=\"robots\" content=\"max-image-preview:large\" \/>\n\t<meta name=\"author\" content=\"Encontra Bom Retiro\"\/>\n\t<link rel=\"canonical\" href=\"https:\/\/www.encontrabomretiro.com.br\/sobre\/moradores-do-bom-retiro-calculam-prejuizos-causados-pela-chuva\/\" \/>\n\t<meta name=\"generator\" content=\"All in One SEO (AIOSEO) 5.0.0.1\" \/>\n\t\t<meta property=\"og:locale\" content=\"pt_BR\" \/>\n\t\t<meta property=\"og:site_name\" content=\"Encontra Bom Retiro | Not\u00edcias, eventos, informa\u00e7\u00f5es e dicas no bairro do Bom Retiro e regi\u00e3o.\" \/>\n\t\t<meta property=\"og:type\" content=\"article\" \/>\n\t\t<meta property=\"og:title\" content=\"Moradores do Bom Retiro calculam preju\u00edzos causados pela chuva | Encontra Bom Retiro\" \/>\n\t\t<meta property=\"og:description\" content=\"Moradores do Bairro Bom Retiro, no Centro de S\u00e3o Paulo, calculavam no in\u00edcio da tarde desta ter\u00e7a-feira (11) os preju\u00edzos causados pelo temporal que atingiu a capital paulista na noite de segunda-feira (10) e durante esta madrugada. A chuva causou mais de cem pontos de alagamento, destrui\u00e7\u00e3o e mortes. A faxineira Elza Soares dos Santos,\" \/>\n\t\t<meta property=\"og:url\" content=\"https:\/\/www.encontrabomretiro.com.br\/sobre\/moradores-do-bom-retiro-calculam-prejuizos-causados-pela-chuva\/\" \/>\n\t\t<meta property=\"article:published_time\" content=\"2011-01-12T08:17:52+00:00\" \/>\n\t\t<meta property=\"article:modified_time\" content=\"2019-04-29T20:05:11+00:00\" \/>\n\t\t<meta name=\"twitter:card\" content=\"summary_large_image\" \/>\n\t\t<meta name=\"twitter:title\" content=\"Moradores do Bom Retiro calculam preju\u00edzos causados pela chuva | Encontra Bom Retiro\" \/>\n\t\t<meta name=\"twitter:description\" content=\"Moradores do Bairro Bom Retiro, no Centro de S\u00e3o Paulo, calculavam no in\u00edcio da tarde desta ter\u00e7a-feira (11) os preju\u00edzos causados pelo temporal que atingiu a capital paulista na noite de segunda-feira (10) e durante esta madrugada. A chuva causou mais de cem pontos de alagamento, destrui\u00e7\u00e3o e mortes. A faxineira Elza Soares dos Santos,\" \/>\n\t\t<script type=\"application\/ld+json\" class=\"aioseo-schema\">\n\t\t\t{\"@context\":\"https:\\\/\\\/schema.org\",\"@graph\":[{\"@type\":\"Article\",\"@id\":\"https:\\\/\\\/www.encontrabomretiro.com.br\\\/sobre\\\/moradores-do-bom-retiro-calculam-prejuizos-causados-pela-chuva\\\/#article\",\"name\":\"Moradores do Bom Retiro calculam preju\\u00edzos causados pela chuva | Encontra Bom Retiro\",\"headline\":\"Moradores do Bom Retiro calculam preju\\u00edzos causados pela chuva\",\"author\":{\"@id\":\"https:\\\/\\\/www.encontrabomretiro.com.br\\\/sobre\\\/author\\\/ebomretiro\\\/#author\"},\"publisher\":{\"@id\":\"https:\\\/\\\/www.encontrabomretiro.com.br\\\/sobre\\\/#organization\"},\"datePublished\":\"2011-01-12T06:17:52-02:00\",\"dateModified\":\"2019-04-29T18:05:11-02:00\",\"inLanguage\":\"pt-BR\",\"mainEntityOfPage\":{\"@id\":\"https:\\\/\\\/www.encontrabomretiro.com.br\\\/sobre\\\/moradores-do-bom-retiro-calculam-prejuizos-causados-pela-chuva\\\/#webpage\"},\"isPartOf\":{\"@id\":\"https:\\\/\\\/www.encontrabomretiro.com.br\\\/sobre\\\/moradores-do-bom-retiro-calculam-prejuizos-causados-pela-chuva\\\/#webpage\"},\"articleSection\":\"Not\\u00edcias Bom Retiro\"},{\"@type\":\"BreadcrumbList\",\"@id\":\"https:\\\/\\\/www.encontrabomretiro.com.br\\\/sobre\\\/moradores-do-bom-retiro-calculam-prejuizos-causados-pela-chuva\\\/#breadcrumblist\",\"itemListElement\":[{\"@type\":\"ListItem\",\"@id\":\"https:\\\/\\\/www.encontrabomretiro.com.br\\\/sobre#listItem\",\"position\":1,\"name\":\"Dom\\u00e9stica\",\"item\":\"https:\\\/\\\/www.encontrabomretiro.com.br\\\/sobre\",\"nextItem\":{\"@type\":\"ListItem\",\"@id\":\"https:\\\/\\\/www.encontrabomretiro.com.br\\\/sobre\\\/noticias-no-bom-retiro\\\/#listItem\",\"name\":\"Not\\u00edcias Bom Retiro\"}},{\"@type\":\"ListItem\",\"@id\":\"https:\\\/\\\/www.encontrabomretiro.com.br\\\/sobre\\\/noticias-no-bom-retiro\\\/#listItem\",\"position\":2,\"name\":\"Not\\u00edcias Bom Retiro\",\"item\":\"https:\\\/\\\/www.encontrabomretiro.com.br\\\/sobre\\\/noticias-no-bom-retiro\\\/\",\"nextItem\":{\"@type\":\"ListItem\",\"@id\":\"https:\\\/\\\/www.encontrabomretiro.com.br\\\/sobre\\\/moradores-do-bom-retiro-calculam-prejuizos-causados-pela-chuva\\\/#listItem\",\"name\":\"Moradores do Bom Retiro calculam preju\\u00edzos causados pela chuva\"},\"previousItem\":{\"@type\":\"ListItem\",\"@id\":\"https:\\\/\\\/www.encontrabomretiro.com.br\\\/sobre#listItem\",\"name\":\"Dom\\u00e9stica\"}},{\"@type\":\"ListItem\",\"@id\":\"https:\\\/\\\/www.encontrabomretiro.com.br\\\/sobre\\\/moradores-do-bom-retiro-calculam-prejuizos-causados-pela-chuva\\\/#listItem\",\"position\":3,\"name\":\"Moradores do Bom Retiro calculam preju\\u00edzos causados pela chuva\",\"previousItem\":{\"@type\":\"ListItem\",\"@id\":\"https:\\\/\\\/www.encontrabomretiro.com.br\\\/sobre\\\/noticias-no-bom-retiro\\\/#listItem\",\"name\":\"Not\\u00edcias Bom Retiro\"}}]},{\"@type\":\"Organization\",\"@id\":\"https:\\\/\\\/www.encontrabomretiro.com.br\\\/sobre\\\/#organization\",\"name\":\"Encontra Bom Retiro\",\"description\":\"Not\\u00edcias, eventos, informa\\u00e7\\u00f5es e dicas no bairro do Bom Retiro e regi\\u00e3o.\",\"url\":\"https:\\\/\\\/www.encontrabomretiro.com.br\\\/sobre\\\/\"},{\"@type\":\"Person\",\"@id\":\"https:\\\/\\\/www.encontrabomretiro.com.br\\\/sobre\\\/author\\\/ebomretiro\\\/#author\",\"url\":\"https:\\\/\\\/www.encontrabomretiro.com.br\\\/sobre\\\/author\\\/ebomretiro\\\/\",\"name\":\"Encontra Bom Retiro\",\"image\":{\"@type\":\"ImageObject\",\"@id\":\"https:\\\/\\\/www.encontrabomretiro.com.br\\\/sobre\\\/moradores-do-bom-retiro-calculam-prejuizos-causados-pela-chuva\\\/#authorImage\",\"url\":\"https:\\\/\\\/secure.gravatar.com\\\/avatar\\\/507340682b8270222e1f208e23198b6ae7e2c6a1033ae84e99bc6bce4f82a387?s=96&d=mm&r=g\",\"width\":96,\"height\":96,\"caption\":\"Encontra Bom Retiro\"}},{\"@type\":\"WebPage\",\"@id\":\"https:\\\/\\\/www.encontrabomretiro.com.br\\\/sobre\\\/moradores-do-bom-retiro-calculam-prejuizos-causados-pela-chuva\\\/#webpage\",\"url\":\"https:\\\/\\\/www.encontrabomretiro.com.br\\\/sobre\\\/moradores-do-bom-retiro-calculam-prejuizos-causados-pela-chuva\\\/\",\"name\":\"Moradores do Bom Retiro calculam preju\\u00edzos causados pela chuva | Encontra Bom Retiro\",\"description\":\"Moradores do Bairro Bom Retiro, no Centro de S\\u00e3o Paulo, calculavam no in\\u00edcio da tarde desta ter\\u00e7a-feira (11) os preju\\u00edzos causados pelo temporal que atingiu a capital paulista na noite de segunda-feira (10) e durante esta madrugada. A chuva causou mais de cem pontos de alagamento, destrui\\u00e7\\u00e3o e mortes. A faxineira Elza Soares dos Santos,\",\"inLanguage\":\"pt-BR\",\"isPartOf\":{\"@id\":\"https:\\\/\\\/www.encontrabomretiro.com.br\\\/sobre\\\/#website\"},\"breadcrumb\":{\"@id\":\"https:\\\/\\\/www.encontrabomretiro.com.br\\\/sobre\\\/moradores-do-bom-retiro-calculam-prejuizos-causados-pela-chuva\\\/#breadcrumblist\"},\"author\":{\"@id\":\"https:\\\/\\\/www.encontrabomretiro.com.br\\\/sobre\\\/author\\\/ebomretiro\\\/#author\"},\"creator\":{\"@id\":\"https:\\\/\\\/www.encontrabomretiro.com.br\\\/sobre\\\/author\\\/ebomretiro\\\/#author\"},\"datePublished\":\"2011-01-12T06:17:52-02:00\",\"dateModified\":\"2019-04-29T18:05:11-02:00\"},{\"@type\":\"WebSite\",\"@id\":\"https:\\\/\\\/www.encontrabomretiro.com.br\\\/sobre\\\/#website\",\"url\":\"https:\\\/\\\/www.encontrabomretiro.com.br\\\/sobre\\\/\",\"name\":\"Encontra Bom Retiro\",\"description\":\"Not\\u00edcias, eventos, informa\\u00e7\\u00f5es e dicas no bairro do Bom Retiro e regi\\u00e3o.\",\"inLanguage\":\"pt-BR\",\"publisher\":{\"@id\":\"https:\\\/\\\/www.encontrabomretiro.com.br\\\/sobre\\\/#organization\"}}]}\n\t\t<\/script>\n\t\t<!-- All in One SEO -->\n\n","aioseo_head_json":{"title":"Moradores do Bom Retiro calculam preju\u00edzos causados pela chuva | Encontra Bom Retiro","description":"Moradores do Bairro Bom Retiro, no Centro de S\u00e3o Paulo, calculavam no in\u00edcio da tarde desta ter\u00e7a-feira (11) os preju\u00edzos causados pelo temporal que atingiu a capital paulista na noite de segunda-feira (10) e durante esta madrugada. A chuva causou mais de cem pontos de alagamento, destrui\u00e7\u00e3o e mortes. A faxineira Elza Soares dos Santos,","canonical_url":"https:\/\/www.encontrabomretiro.com.br\/sobre\/moradores-do-bom-retiro-calculam-prejuizos-causados-pela-chuva\/","robots":"max-image-preview:large","keywords":"","webmasterTools":{"miscellaneous":""},"schema":{"@context":"https:\/\/schema.org","@graph":[{"@type":"Article","@id":"https:\/\/www.encontrabomretiro.com.br\/sobre\/moradores-do-bom-retiro-calculam-prejuizos-causados-pela-chuva\/#article","name":"Moradores do Bom Retiro calculam preju\u00edzos causados pela chuva | Encontra Bom Retiro","headline":"Moradores do Bom Retiro calculam preju\u00edzos causados pela chuva","author":{"@id":"https:\/\/www.encontrabomretiro.com.br\/sobre\/author\/ebomretiro\/#author"},"publisher":{"@id":"https:\/\/www.encontrabomretiro.com.br\/sobre\/#organization"},"datePublished":"2011-01-12T06:17:52-02:00","dateModified":"2019-04-29T18:05:11-02:00","inLanguage":"pt-BR","mainEntityOfPage":{"@id":"https:\/\/www.encontrabomretiro.com.br\/sobre\/moradores-do-bom-retiro-calculam-prejuizos-causados-pela-chuva\/#webpage"},"isPartOf":{"@id":"https:\/\/www.encontrabomretiro.com.br\/sobre\/moradores-do-bom-retiro-calculam-prejuizos-causados-pela-chuva\/#webpage"},"articleSection":"Not\u00edcias Bom Retiro"},{"@type":"BreadcrumbList","@id":"https:\/\/www.encontrabomretiro.com.br\/sobre\/moradores-do-bom-retiro-calculam-prejuizos-causados-pela-chuva\/#breadcrumblist","itemListElement":[{"@type":"ListItem","@id":"https:\/\/www.encontrabomretiro.com.br\/sobre#listItem","position":1,"name":"Dom\u00e9stica","item":"https:\/\/www.encontrabomretiro.com.br\/sobre","nextItem":{"@type":"ListItem","@id":"https:\/\/www.encontrabomretiro.com.br\/sobre\/noticias-no-bom-retiro\/#listItem","name":"Not\u00edcias Bom Retiro"}},{"@type":"ListItem","@id":"https:\/\/www.encontrabomretiro.com.br\/sobre\/noticias-no-bom-retiro\/#listItem","position":2,"name":"Not\u00edcias Bom Retiro","item":"https:\/\/www.encontrabomretiro.com.br\/sobre\/noticias-no-bom-retiro\/","nextItem":{"@type":"ListItem","@id":"https:\/\/www.encontrabomretiro.com.br\/sobre\/moradores-do-bom-retiro-calculam-prejuizos-causados-pela-chuva\/#listItem","name":"Moradores do Bom Retiro calculam preju\u00edzos causados pela chuva"},"previousItem":{"@type":"ListItem","@id":"https:\/\/www.encontrabomretiro.com.br\/sobre#listItem","name":"Dom\u00e9stica"}},{"@type":"ListItem","@id":"https:\/\/www.encontrabomretiro.com.br\/sobre\/moradores-do-bom-retiro-calculam-prejuizos-causados-pela-chuva\/#listItem","position":3,"name":"Moradores do Bom Retiro calculam preju\u00edzos causados pela chuva","previousItem":{"@type":"ListItem","@id":"https:\/\/www.encontrabomretiro.com.br\/sobre\/noticias-no-bom-retiro\/#listItem","name":"Not\u00edcias Bom Retiro"}}]},{"@type":"Organization","@id":"https:\/\/www.encontrabomretiro.com.br\/sobre\/#organization","name":"Encontra Bom Retiro","description":"Not\u00edcias, eventos, informa\u00e7\u00f5es e dicas no bairro do Bom Retiro e regi\u00e3o.","url":"https:\/\/www.encontrabomretiro.com.br\/sobre\/"},{"@type":"Person","@id":"https:\/\/www.encontrabomretiro.com.br\/sobre\/author\/ebomretiro\/#author","url":"https:\/\/www.encontrabomretiro.com.br\/sobre\/author\/ebomretiro\/","name":"Encontra Bom Retiro","image":{"@type":"ImageObject","@id":"https:\/\/www.encontrabomretiro.com.br\/sobre\/moradores-do-bom-retiro-calculam-prejuizos-causados-pela-chuva\/#authorImage","url":"https:\/\/secure.gravatar.com\/avatar\/507340682b8270222e1f208e23198b6ae7e2c6a1033ae84e99bc6bce4f82a387?s=96&d=mm&r=g","width":96,"height":96,"caption":"Encontra Bom Retiro"}},{"@type":"WebPage","@id":"https:\/\/www.encontrabomretiro.com.br\/sobre\/moradores-do-bom-retiro-calculam-prejuizos-causados-pela-chuva\/#webpage","url":"https:\/\/www.encontrabomretiro.com.br\/sobre\/moradores-do-bom-retiro-calculam-prejuizos-causados-pela-chuva\/","name":"Moradores do Bom Retiro calculam preju\u00edzos causados pela chuva | Encontra Bom Retiro","description":"Moradores do Bairro Bom Retiro, no Centro de S\u00e3o Paulo, calculavam no in\u00edcio da tarde desta ter\u00e7a-feira (11) os preju\u00edzos causados pelo temporal que atingiu a capital paulista na noite de segunda-feira (10) e durante esta madrugada. A chuva causou mais de cem pontos de alagamento, destrui\u00e7\u00e3o e mortes. A faxineira Elza Soares dos Santos,","inLanguage":"pt-BR","isPartOf":{"@id":"https:\/\/www.encontrabomretiro.com.br\/sobre\/#website"},"breadcrumb":{"@id":"https:\/\/www.encontrabomretiro.com.br\/sobre\/moradores-do-bom-retiro-calculam-prejuizos-causados-pela-chuva\/#breadcrumblist"},"author":{"@id":"https:\/\/www.encontrabomretiro.com.br\/sobre\/author\/ebomretiro\/#author"},"creator":{"@id":"https:\/\/www.encontrabomretiro.com.br\/sobre\/author\/ebomretiro\/#author"},"datePublished":"2011-01-12T06:17:52-02:00","dateModified":"2019-04-29T18:05:11-02:00"},{"@type":"WebSite","@id":"https:\/\/www.encontrabomretiro.com.br\/sobre\/#website","url":"https:\/\/www.encontrabomretiro.com.br\/sobre\/","name":"Encontra Bom Retiro","description":"Not\u00edcias, eventos, informa\u00e7\u00f5es e dicas no bairro do Bom Retiro e regi\u00e3o.","inLanguage":"pt-BR","publisher":{"@id":"https:\/\/www.encontrabomretiro.com.br\/sobre\/#organization"}}]},"og:locale":"pt_BR","og:site_name":"Encontra Bom Retiro | Not\u00edcias, eventos, informa\u00e7\u00f5es e dicas no bairro do Bom Retiro e regi\u00e3o.","og:type":"article","og:title":"Moradores do Bom Retiro calculam preju\u00edzos causados pela chuva | Encontra Bom Retiro","og:description":"Moradores do Bairro Bom Retiro, no Centro de S\u00e3o Paulo, calculavam no in\u00edcio da tarde desta ter\u00e7a-feira (11) os preju\u00edzos causados pelo temporal que atingiu a capital paulista na noite de segunda-feira (10) e durante esta madrugada. A chuva causou mais de cem pontos de alagamento, destrui\u00e7\u00e3o e mortes. A faxineira Elza Soares dos Santos,","og:url":"https:\/\/www.encontrabomretiro.com.br\/sobre\/moradores-do-bom-retiro-calculam-prejuizos-causados-pela-chuva\/","article:published_time":"2011-01-12T08:17:52+00:00","article:modified_time":"2019-04-29T20:05:11+00:00","twitter:card":"summary_large_image","twitter:title":"Moradores do Bom Retiro calculam preju\u00edzos causados pela chuva | Encontra Bom Retiro","twitter:description":"Moradores do Bairro Bom Retiro, no Centro de S\u00e3o Paulo, calculavam no in\u00edcio da tarde desta ter\u00e7a-feira (11) os preju\u00edzos causados pelo temporal que atingiu a capital paulista na noite de segunda-feira (10) e durante esta madrugada. A chuva causou mais de cem pontos de alagamento, destrui\u00e7\u00e3o e mortes. A faxineira Elza Soares dos Santos,"},"aioseo_meta_data":{"post_id":"92","title":null,"description":null,"keywords":null,"keyphrases":null,"primary_term":null,"canonical_url":null,"og_title":null,"og_description":null,"og_object_type":"default","og_image_type":"default","og_image_url":null,"og_image_width":null,"og_image_height":null,"og_image_custom_url":null,"og_image_custom_fields":null,"og_video":null,"og_custom_url":null,"og_article_section":null,"og_article_tags":null,"twitter_use_og":false,"twitter_card":"default","twitter_image_type":"default","twitter_image_url":null,"twitter_image_custom_url":null,"twitter_image_custom_fields":null,"twitter_title":null,"twitter_description":null,"schema":{"blockGraphs":[],"customGraphs":[],"default":{"data":{"Article":[],"Course":[],"Dataset":[],"FAQPage":[],"Movie":[],"Person":[],"Product":[],"ProductReview":[],"Car":[],"Recipe":[],"Service":[],"SoftwareApplication":[],"WebPage":[]},"graphName":"","isEnabled":true},"graphs":[]},"schema_type":"default","schema_type_options":null,"pillar_content":false,"robots_default":true,"robots_noindex":false,"robots_noarchive":false,"robots_nosnippet":false,"robots_nofollow":false,"robots_noimageindex":false,"robots_noodp":false,"robots_notranslate":false,"robots_max_snippet":null,"robots_max_videopreview":null,"robots_max_imagepreview":"large","priority":null,"frequency":null,"local_seo":null,"breadcrumb_settings":null,"limit_modified_date":false,"ai":null,"created":"2023-10-16 13:06:39","updated":"2025-10-03 13:12:42","focus_keyword":null,"additional_keywords":null,"truseo_locale":null,"seo_analyzer_scan_date":null},"aioseo_breadcrumb":"<div class=\"aioseo-breadcrumbs\"><span class=\"aioseo-breadcrumb\">\n\t\t\t<a href=\"https:\/\/www.encontrabomretiro.com.br\/sobre\" title=\"Dom\u00e9stica\">Dom\u00e9stica<\/a>\n\t\t<\/span><span class=\"aioseo-breadcrumb-separator\">&raquo;<\/span><span class=\"aioseo-breadcrumb\">\n\t\t\t<a href=\"https:\/\/www.encontrabomretiro.com.br\/sobre\/noticias-no-bom-retiro\/\" title=\"Not\u00edcias Bom Retiro\">Not\u00edcias Bom Retiro<\/a>\n\t\t<\/span><span class=\"aioseo-breadcrumb-separator\">&raquo;<\/span><span class=\"aioseo-breadcrumb\">\n\t\t\tMoradores do Bom Retiro calculam preju\u00edzos causados pela chuva\n\t\t<\/span><\/div>","aioseo_breadcrumb_json":[{"label":"Dom\u00e9stica","link":"https:\/\/www.encontrabomretiro.com.br\/sobre"},{"label":"Not\u00edcias Bom Retiro","link":"https:\/\/www.encontrabomretiro.com.br\/sobre\/noticias-no-bom-retiro\/"},{"label":"Moradores do Bom Retiro calculam preju\u00edzos causados pela chuva","link":"https:\/\/www.encontrabomretiro.com.br\/sobre\/moradores-do-bom-retiro-calculam-prejuizos-causados-pela-chuva\/"}],"_links":{"self":[{"href":"https:\/\/www.encontrabomretiro.com.br\/sobre\/wp-json\/wp\/v2\/posts\/92","targetHints":{"allow":["GET"]}}],"collection":[{"href":"https:\/\/www.encontrabomretiro.com.br\/sobre\/wp-json\/wp\/v2\/posts"}],"about":[{"href":"https:\/\/www.encontrabomretiro.com.br\/sobre\/wp-json\/wp\/v2\/types\/post"}],"author":[{"embeddable":true,"href":"https:\/\/www.encontrabomretiro.com.br\/sobre\/wp-json\/wp\/v2\/users\/1"}],"replies":[{"embeddable":true,"href":"https:\/\/www.encontrabomretiro.com.br\/sobre\/wp-json\/wp\/v2\/comments?post=92"}],"version-history":[{"count":0,"href":"https:\/\/www.encontrabomretiro.com.br\/sobre\/wp-json\/wp\/v2\/posts\/92\/revisions"}],"wp:attachment":[{"href":"https:\/\/www.encontrabomretiro.com.br\/sobre\/wp-json\/wp\/v2\/media?parent=92"}],"wp:term":[{"taxonomy":"category","embeddable":true,"href":"https:\/\/www.encontrabomretiro.com.br\/sobre\/wp-json\/wp\/v2\/categories?post=92"},{"taxonomy":"post_tag","embeddable":true,"href":"https:\/\/www.encontrabomretiro.com.br\/sobre\/wp-json\/wp\/v2\/tags?post=92"}],"curies":[{"name":"wp","href":"https:\/\/api.w.org\/{rel}","templated":true}]}}