{"id":917,"date":"2013-07-05T00:01:39","date_gmt":"2013-07-05T02:01:39","guid":{"rendered":"http:\/\/www.encontrabomretiro.com.br\/noticias\/?p=917"},"modified":"2019-04-29T18:04:19","modified_gmt":"2019-04-29T20:04:19","slug":"bom-retiro-rubem-braga-no-museu-da-lingua-portuguesa","status":"publish","type":"post","link":"https:\/\/www.encontrabomretiro.com.br\/sobre\/bom-retiro-rubem-braga-no-museu-da-lingua-portuguesa\/","title":{"rendered":"Bom Retiro: Rubem Braga no Museu da L\u00edngua Portuguesa"},"content":{"rendered":"<div class=\"228b65ae207de3c5c501cfe75875708b\" data-index=\"1\" style=\"float: none; margin:0px;\">\n<!-- Anuncio display - global -->\r\n<ins class=\"adsbygoogle\"\r\n     style=\"display:block\"\r\n     data-ad-client=\"ca-pub-8585364105181520\"\r\n     data-ad-slot=\"8789329856\"\r\n     data-ad-format=\"auto\"\r\n     data-full-width-responsive=\"true\"><\/ins>\r\n<script>\r\n     (adsbygoogle = window.adsbygoogle || []).push({});\r\n<\/script>\n<\/div>\n<p>O Museu da L\u00edngua Portuguesa abre ao p\u00fablico no pr\u00f3ximo dia 25 de junho a exposi\u00e7\u00e3o\u00a0\u201cRubem Braga \u2013 O Fazendeiro do Ar\u201d, uma mostra interativa que comemora o centen\u00e1rio do autor e re\u00fane textos, documentos, correspond\u00eancias, desenhos, pinturas, fotografias, objetos, depoimentos em v\u00eddeos e publica\u00e7\u00f5es. Em cartaz at\u00e9 2 de setembro, a mostra tem entrada Catraca Livre aos s\u00e1bados e, de ter\u00e7a a sexta e domingos, os ingressos custam at\u00e9 R$\u00a06.<\/p>\n<p>A curadoria da exposi\u00e7\u00e3o \u00e9 de Joaquim Ferreira dos Santos, que mergulhou nos arquivos cedidos pela fam\u00edlia de Rubem Braga, e ainda nos documentos e fotografias j\u00e1 doados \u00e0 Funda\u00e7\u00e3o Casa de Rui Barbosa, para tra\u00e7ar o percurso da exposi\u00e7\u00e3o.\u00a0\u201cEle vai atravessar todas as gera\u00e7\u00f5es. Suas cr\u00f4nicas falam dos detalhes, das cenas cotidianas, dos consensos da humanidade, e s\u00e3o embrulhadas uma a uma com um texto que veste a roupa da l\u00edngua comum\u201d, afirma o curador.<\/p>\n<p>Os visitantes podem conferir v\u00eddeos com depoimentos de amigos pr\u00f3ximos, que conviveram com Rubem Braga, como Ziraldo, Zuenir Ventura, Ana Maria Machado, Danuza Le\u00e3o, Fernanda Montenegro, Lygia Marina, Jos\u00e9 Hugo Celid\u00f4nio, entre outros.<\/p>\n<p>\u201cRubem Braga \u2013 O Fazendeiro do Ar\u201d \u00e9 dividida em m\u00f3dulos tem\u00e1ticos: Retratos, Reda\u00e7\u00e3o, Guerra, Passarinhos e Cobertura. S\u00e3o fragmentos que retratam a vida do autor desde o seu nascimento em 12\u00a0de janeiro de 1913, na cidade de Cachoeiro de Itapemirim (ES), at\u00e9 o seu\u00a0dia-a-dia em jornais como redator, rep\u00f3rter pol\u00edtico, sua atua\u00e7\u00e3o nas artes pl\u00e1sticas, sua a\u00e7\u00e3o como correspondente de Guerra na It\u00e1lia e sua paix\u00e3o por p\u00e1ssaros.<\/p>\n<p>A exposi\u00e7\u00e3o segue para o Rio de Janeiro e, por fim, ficar\u00e1 permanentemente no Munic\u00edpio de Cachoeiro de Itapemirim, no Esp\u00edrito Santo, na Casa da Fam\u00edlia Braga.\u00a0A\u00a0concep\u00e7\u00e3o e realiza\u00e7\u00e3o do projeto s\u00e3o do Instituto de Inova\u00e7\u00e3o do Estado e da Sociedade (IIES) e da Emp\u00f3rio Empreendimentos Art\u00edsticos. A realiza\u00e7\u00e3o \u00e9 do Governo do Estado do Esp\u00edrito Santo.\u00a0O projeto cenogr\u00e1fico \u00e9 de Felipe Tassara.<\/p>\n<p><em>Fonte: Catraca Livre<\/em><\/p>\n\n<div style=\"font-size: 0px; height: 0px; line-height: 0px; margin: 0; padding: 0; clear: both;\"><\/div>","protected":false},"excerpt":{"rendered":"<p>O Museu da L\u00edngua Portuguesa abre ao p\u00fablico no pr\u00f3ximo dia 25 de junho a exposi\u00e7\u00e3o\u00a0\u201cRubem Braga \u2013 O Fazendeiro do Ar\u201d, uma mostra interativa que comemora o centen\u00e1rio do autor e re\u00fane textos, documentos, correspond\u00eancias, desenhos, pinturas, fotografias, objetos, depoimentos em v\u00eddeos e publica\u00e7\u00f5es. Em cartaz at\u00e9 2 de setembro, a mostra tem entrada Catraca Livre aos s\u00e1bados e, de ter\u00e7a a sexta e domingos, os ingressos custam at\u00e9 R$\u00a06. A curadoria da exposi\u00e7\u00e3o \u00e9 de Joaquim Ferreira dos Santos, que mergulhou nos arquivos cedidos pela fam\u00edlia de Rubem Braga, e ainda nos documentos e fotografias j\u00e1 doados \u00e0 <\/p>\n","protected":false},"author":1,"featured_media":0,"comment_status":"open","ping_status":"closed","sticky":false,"template":"","format":"standard","meta":{"footnotes":""},"categories":[17,6,8],"tags":[14],"class_list":["post-917","post","type-post","status-publish","format-standard","hentry","category-cultura-no-bom-retiro","category-noticias-no-bom-retiro","category-servicos-no-bom-retiro","tag-bom-retiro"],"aioseo_notices":[],"aioseo_head":"\n\t\t<!-- All in One SEO 5.0.0.1 - aioseo.com -->\n\t<meta name=\"description\" content=\"O Museu da L\u00edngua Portuguesa abre ao p\u00fablico no pr\u00f3ximo dia 25 de junho a exposi\u00e7\u00e3o \u201cRubem Braga \u2013 O Fazendeiro do Ar\u201d, uma mostra interativa que comemora o centen\u00e1rio do autor e re\u00fane textos, documentos, correspond\u00eancias, desenhos, pinturas, fotografias, objetos, depoimentos em v\u00eddeos e publica\u00e7\u00f5es. Em cartaz at\u00e9 2 de setembro, a mostra tem entrada\" \/>\n\t<meta name=\"robots\" content=\"max-image-preview:large\" \/>\n\t<meta name=\"author\" content=\"Encontra Bom Retiro\"\/>\n\t<link rel=\"canonical\" href=\"https:\/\/www.encontrabomretiro.com.br\/sobre\/bom-retiro-rubem-braga-no-museu-da-lingua-portuguesa\/\" \/>\n\t<meta name=\"generator\" content=\"All in One SEO (AIOSEO) 5.0.0.1\" \/>\n\t\t<meta property=\"og:locale\" content=\"pt_BR\" \/>\n\t\t<meta property=\"og:site_name\" content=\"Encontra Bom Retiro | Not\u00edcias, eventos, informa\u00e7\u00f5es e dicas no bairro do Bom Retiro e regi\u00e3o.\" \/>\n\t\t<meta property=\"og:type\" content=\"article\" \/>\n\t\t<meta property=\"og:title\" content=\"Bom Retiro: Rubem Braga no Museu da L\u00edngua Portuguesa | Encontra Bom Retiro\" \/>\n\t\t<meta property=\"og:description\" content=\"O Museu da L\u00edngua Portuguesa abre ao p\u00fablico no pr\u00f3ximo dia 25 de junho a exposi\u00e7\u00e3o \u201cRubem Braga \u2013 O Fazendeiro do Ar\u201d, uma mostra interativa que comemora o centen\u00e1rio do autor e re\u00fane textos, documentos, correspond\u00eancias, desenhos, pinturas, fotografias, objetos, depoimentos em v\u00eddeos e publica\u00e7\u00f5es. Em cartaz at\u00e9 2 de setembro, a mostra tem entrada\" \/>\n\t\t<meta property=\"og:url\" content=\"https:\/\/www.encontrabomretiro.com.br\/sobre\/bom-retiro-rubem-braga-no-museu-da-lingua-portuguesa\/\" \/>\n\t\t<meta property=\"article:published_time\" content=\"2013-07-05T02:01:39+00:00\" \/>\n\t\t<meta property=\"article:modified_time\" content=\"2019-04-29T20:04:19+00:00\" \/>\n\t\t<meta name=\"twitter:card\" content=\"summary_large_image\" \/>\n\t\t<meta name=\"twitter:title\" content=\"Bom Retiro: Rubem Braga no Museu da L\u00edngua Portuguesa | Encontra Bom Retiro\" \/>\n\t\t<meta name=\"twitter:description\" content=\"O Museu da L\u00edngua Portuguesa abre ao p\u00fablico no pr\u00f3ximo dia 25 de junho a exposi\u00e7\u00e3o \u201cRubem Braga \u2013 O Fazendeiro do Ar\u201d, uma mostra interativa que comemora o centen\u00e1rio do autor e re\u00fane textos, documentos, correspond\u00eancias, desenhos, pinturas, fotografias, objetos, depoimentos em v\u00eddeos e publica\u00e7\u00f5es. Em cartaz at\u00e9 2 de setembro, a mostra tem entrada\" \/>\n\t\t<script type=\"application\/ld+json\" class=\"aioseo-schema\">\n\t\t\t{\"@context\":\"https:\\\/\\\/schema.org\",\"@graph\":[{\"@type\":\"Article\",\"@id\":\"https:\\\/\\\/www.encontrabomretiro.com.br\\\/sobre\\\/bom-retiro-rubem-braga-no-museu-da-lingua-portuguesa\\\/#article\",\"name\":\"Bom Retiro: Rubem Braga no Museu da L\\u00edngua Portuguesa | Encontra Bom Retiro\",\"headline\":\"Bom Retiro: Rubem Braga no Museu da L\\u00edngua Portuguesa\",\"author\":{\"@id\":\"https:\\\/\\\/www.encontrabomretiro.com.br\\\/sobre\\\/author\\\/ebomretiro\\\/#author\"},\"publisher\":{\"@id\":\"https:\\\/\\\/www.encontrabomretiro.com.br\\\/sobre\\\/#organization\"},\"datePublished\":\"2013-07-05T00:01:39-02:00\",\"dateModified\":\"2019-04-29T18:04:19-02:00\",\"inLanguage\":\"pt-BR\",\"mainEntityOfPage\":{\"@id\":\"https:\\\/\\\/www.encontrabomretiro.com.br\\\/sobre\\\/bom-retiro-rubem-braga-no-museu-da-lingua-portuguesa\\\/#webpage\"},\"isPartOf\":{\"@id\":\"https:\\\/\\\/www.encontrabomretiro.com.br\\\/sobre\\\/bom-retiro-rubem-braga-no-museu-da-lingua-portuguesa\\\/#webpage\"},\"articleSection\":\"Cultura Bom Retiro, Not\\u00edcias Bom Retiro, Servi\\u00e7os Bom Retiro, Bom Retiro\"},{\"@type\":\"BreadcrumbList\",\"@id\":\"https:\\\/\\\/www.encontrabomretiro.com.br\\\/sobre\\\/bom-retiro-rubem-braga-no-museu-da-lingua-portuguesa\\\/#breadcrumblist\",\"itemListElement\":[{\"@type\":\"ListItem\",\"@id\":\"https:\\\/\\\/www.encontrabomretiro.com.br\\\/sobre#listItem\",\"position\":1,\"name\":\"Dom\\u00e9stica\",\"item\":\"https:\\\/\\\/www.encontrabomretiro.com.br\\\/sobre\",\"nextItem\":{\"@type\":\"ListItem\",\"@id\":\"https:\\\/\\\/www.encontrabomretiro.com.br\\\/sobre\\\/noticias-no-bom-retiro\\\/#listItem\",\"name\":\"Not\\u00edcias Bom Retiro\"}},{\"@type\":\"ListItem\",\"@id\":\"https:\\\/\\\/www.encontrabomretiro.com.br\\\/sobre\\\/noticias-no-bom-retiro\\\/#listItem\",\"position\":2,\"name\":\"Not\\u00edcias Bom Retiro\",\"item\":\"https:\\\/\\\/www.encontrabomretiro.com.br\\\/sobre\\\/noticias-no-bom-retiro\\\/\",\"nextItem\":{\"@type\":\"ListItem\",\"@id\":\"https:\\\/\\\/www.encontrabomretiro.com.br\\\/sobre\\\/bom-retiro-rubem-braga-no-museu-da-lingua-portuguesa\\\/#listItem\",\"name\":\"Bom Retiro: Rubem Braga no Museu da L\\u00edngua Portuguesa\"},\"previousItem\":{\"@type\":\"ListItem\",\"@id\":\"https:\\\/\\\/www.encontrabomretiro.com.br\\\/sobre#listItem\",\"name\":\"Dom\\u00e9stica\"}},{\"@type\":\"ListItem\",\"@id\":\"https:\\\/\\\/www.encontrabomretiro.com.br\\\/sobre\\\/bom-retiro-rubem-braga-no-museu-da-lingua-portuguesa\\\/#listItem\",\"position\":3,\"name\":\"Bom Retiro: Rubem Braga no Museu da L\\u00edngua Portuguesa\",\"previousItem\":{\"@type\":\"ListItem\",\"@id\":\"https:\\\/\\\/www.encontrabomretiro.com.br\\\/sobre\\\/noticias-no-bom-retiro\\\/#listItem\",\"name\":\"Not\\u00edcias Bom Retiro\"}}]},{\"@type\":\"Organization\",\"@id\":\"https:\\\/\\\/www.encontrabomretiro.com.br\\\/sobre\\\/#organization\",\"name\":\"Encontra Bom Retiro\",\"description\":\"Not\\u00edcias, eventos, informa\\u00e7\\u00f5es e dicas no bairro do Bom Retiro e regi\\u00e3o.\",\"url\":\"https:\\\/\\\/www.encontrabomretiro.com.br\\\/sobre\\\/\"},{\"@type\":\"Person\",\"@id\":\"https:\\\/\\\/www.encontrabomretiro.com.br\\\/sobre\\\/author\\\/ebomretiro\\\/#author\",\"url\":\"https:\\\/\\\/www.encontrabomretiro.com.br\\\/sobre\\\/author\\\/ebomretiro\\\/\",\"name\":\"Encontra Bom Retiro\",\"image\":{\"@type\":\"ImageObject\",\"@id\":\"https:\\\/\\\/www.encontrabomretiro.com.br\\\/sobre\\\/bom-retiro-rubem-braga-no-museu-da-lingua-portuguesa\\\/#authorImage\",\"url\":\"https:\\\/\\\/secure.gravatar.com\\\/avatar\\\/507340682b8270222e1f208e23198b6ae7e2c6a1033ae84e99bc6bce4f82a387?s=96&d=mm&r=g\",\"width\":96,\"height\":96,\"caption\":\"Encontra Bom Retiro\"}},{\"@type\":\"WebPage\",\"@id\":\"https:\\\/\\\/www.encontrabomretiro.com.br\\\/sobre\\\/bom-retiro-rubem-braga-no-museu-da-lingua-portuguesa\\\/#webpage\",\"url\":\"https:\\\/\\\/www.encontrabomretiro.com.br\\\/sobre\\\/bom-retiro-rubem-braga-no-museu-da-lingua-portuguesa\\\/\",\"name\":\"Bom Retiro: Rubem Braga no Museu da L\\u00edngua Portuguesa | Encontra Bom Retiro\",\"description\":\"O Museu da L\\u00edngua Portuguesa abre ao p\\u00fablico no pr\\u00f3ximo dia 25 de junho a exposi\\u00e7\\u00e3o \\u201cRubem Braga \\u2013 O Fazendeiro do Ar\\u201d, uma mostra interativa que comemora o centen\\u00e1rio do autor e re\\u00fane textos, documentos, correspond\\u00eancias, desenhos, pinturas, fotografias, objetos, depoimentos em v\\u00eddeos e publica\\u00e7\\u00f5es. Em cartaz at\\u00e9 2 de setembro, a mostra tem entrada\",\"inLanguage\":\"pt-BR\",\"isPartOf\":{\"@id\":\"https:\\\/\\\/www.encontrabomretiro.com.br\\\/sobre\\\/#website\"},\"breadcrumb\":{\"@id\":\"https:\\\/\\\/www.encontrabomretiro.com.br\\\/sobre\\\/bom-retiro-rubem-braga-no-museu-da-lingua-portuguesa\\\/#breadcrumblist\"},\"author\":{\"@id\":\"https:\\\/\\\/www.encontrabomretiro.com.br\\\/sobre\\\/author\\\/ebomretiro\\\/#author\"},\"creator\":{\"@id\":\"https:\\\/\\\/www.encontrabomretiro.com.br\\\/sobre\\\/author\\\/ebomretiro\\\/#author\"},\"datePublished\":\"2013-07-05T00:01:39-02:00\",\"dateModified\":\"2019-04-29T18:04:19-02:00\"},{\"@type\":\"WebSite\",\"@id\":\"https:\\\/\\\/www.encontrabomretiro.com.br\\\/sobre\\\/#website\",\"url\":\"https:\\\/\\\/www.encontrabomretiro.com.br\\\/sobre\\\/\",\"name\":\"Encontra Bom Retiro\",\"description\":\"Not\\u00edcias, eventos, informa\\u00e7\\u00f5es e dicas no bairro do Bom Retiro e regi\\u00e3o.\",\"inLanguage\":\"pt-BR\",\"publisher\":{\"@id\":\"https:\\\/\\\/www.encontrabomretiro.com.br\\\/sobre\\\/#organization\"}}]}\n\t\t<\/script>\n\t\t<!-- All in One SEO -->\n\n","aioseo_head_json":{"title":"Bom Retiro: Rubem Braga no Museu da L\u00edngua Portuguesa | Encontra Bom Retiro","description":"O Museu da L\u00edngua Portuguesa abre ao p\u00fablico no pr\u00f3ximo dia 25 de junho a exposi\u00e7\u00e3o \u201cRubem Braga \u2013 O Fazendeiro do Ar\u201d, uma mostra interativa que comemora o centen\u00e1rio do autor e re\u00fane textos, documentos, correspond\u00eancias, desenhos, pinturas, fotografias, objetos, depoimentos em v\u00eddeos e publica\u00e7\u00f5es. Em cartaz at\u00e9 2 de setembro, a mostra tem entrada","canonical_url":"https:\/\/www.encontrabomretiro.com.br\/sobre\/bom-retiro-rubem-braga-no-museu-da-lingua-portuguesa\/","robots":"max-image-preview:large","keywords":"","webmasterTools":{"miscellaneous":""},"schema":{"@context":"https:\/\/schema.org","@graph":[{"@type":"Article","@id":"https:\/\/www.encontrabomretiro.com.br\/sobre\/bom-retiro-rubem-braga-no-museu-da-lingua-portuguesa\/#article","name":"Bom Retiro: Rubem Braga no Museu da L\u00edngua Portuguesa | Encontra Bom Retiro","headline":"Bom Retiro: Rubem Braga no Museu da L\u00edngua Portuguesa","author":{"@id":"https:\/\/www.encontrabomretiro.com.br\/sobre\/author\/ebomretiro\/#author"},"publisher":{"@id":"https:\/\/www.encontrabomretiro.com.br\/sobre\/#organization"},"datePublished":"2013-07-05T00:01:39-02:00","dateModified":"2019-04-29T18:04:19-02:00","inLanguage":"pt-BR","mainEntityOfPage":{"@id":"https:\/\/www.encontrabomretiro.com.br\/sobre\/bom-retiro-rubem-braga-no-museu-da-lingua-portuguesa\/#webpage"},"isPartOf":{"@id":"https:\/\/www.encontrabomretiro.com.br\/sobre\/bom-retiro-rubem-braga-no-museu-da-lingua-portuguesa\/#webpage"},"articleSection":"Cultura Bom Retiro, Not\u00edcias Bom Retiro, Servi\u00e7os Bom Retiro, Bom Retiro"},{"@type":"BreadcrumbList","@id":"https:\/\/www.encontrabomretiro.com.br\/sobre\/bom-retiro-rubem-braga-no-museu-da-lingua-portuguesa\/#breadcrumblist","itemListElement":[{"@type":"ListItem","@id":"https:\/\/www.encontrabomretiro.com.br\/sobre#listItem","position":1,"name":"Dom\u00e9stica","item":"https:\/\/www.encontrabomretiro.com.br\/sobre","nextItem":{"@type":"ListItem","@id":"https:\/\/www.encontrabomretiro.com.br\/sobre\/noticias-no-bom-retiro\/#listItem","name":"Not\u00edcias Bom Retiro"}},{"@type":"ListItem","@id":"https:\/\/www.encontrabomretiro.com.br\/sobre\/noticias-no-bom-retiro\/#listItem","position":2,"name":"Not\u00edcias Bom Retiro","item":"https:\/\/www.encontrabomretiro.com.br\/sobre\/noticias-no-bom-retiro\/","nextItem":{"@type":"ListItem","@id":"https:\/\/www.encontrabomretiro.com.br\/sobre\/bom-retiro-rubem-braga-no-museu-da-lingua-portuguesa\/#listItem","name":"Bom Retiro: Rubem Braga no Museu da L\u00edngua Portuguesa"},"previousItem":{"@type":"ListItem","@id":"https:\/\/www.encontrabomretiro.com.br\/sobre#listItem","name":"Dom\u00e9stica"}},{"@type":"ListItem","@id":"https:\/\/www.encontrabomretiro.com.br\/sobre\/bom-retiro-rubem-braga-no-museu-da-lingua-portuguesa\/#listItem","position":3,"name":"Bom Retiro: Rubem Braga no Museu da L\u00edngua Portuguesa","previousItem":{"@type":"ListItem","@id":"https:\/\/www.encontrabomretiro.com.br\/sobre\/noticias-no-bom-retiro\/#listItem","name":"Not\u00edcias Bom Retiro"}}]},{"@type":"Organization","@id":"https:\/\/www.encontrabomretiro.com.br\/sobre\/#organization","name":"Encontra Bom Retiro","description":"Not\u00edcias, eventos, informa\u00e7\u00f5es e dicas no bairro do Bom Retiro e regi\u00e3o.","url":"https:\/\/www.encontrabomretiro.com.br\/sobre\/"},{"@type":"Person","@id":"https:\/\/www.encontrabomretiro.com.br\/sobre\/author\/ebomretiro\/#author","url":"https:\/\/www.encontrabomretiro.com.br\/sobre\/author\/ebomretiro\/","name":"Encontra Bom Retiro","image":{"@type":"ImageObject","@id":"https:\/\/www.encontrabomretiro.com.br\/sobre\/bom-retiro-rubem-braga-no-museu-da-lingua-portuguesa\/#authorImage","url":"https:\/\/secure.gravatar.com\/avatar\/507340682b8270222e1f208e23198b6ae7e2c6a1033ae84e99bc6bce4f82a387?s=96&d=mm&r=g","width":96,"height":96,"caption":"Encontra Bom Retiro"}},{"@type":"WebPage","@id":"https:\/\/www.encontrabomretiro.com.br\/sobre\/bom-retiro-rubem-braga-no-museu-da-lingua-portuguesa\/#webpage","url":"https:\/\/www.encontrabomretiro.com.br\/sobre\/bom-retiro-rubem-braga-no-museu-da-lingua-portuguesa\/","name":"Bom Retiro: Rubem Braga no Museu da L\u00edngua Portuguesa | Encontra Bom Retiro","description":"O Museu da L\u00edngua Portuguesa abre ao p\u00fablico no pr\u00f3ximo dia 25 de junho a exposi\u00e7\u00e3o \u201cRubem Braga \u2013 O Fazendeiro do Ar\u201d, uma mostra interativa que comemora o centen\u00e1rio do autor e re\u00fane textos, documentos, correspond\u00eancias, desenhos, pinturas, fotografias, objetos, depoimentos em v\u00eddeos e publica\u00e7\u00f5es. Em cartaz at\u00e9 2 de setembro, a mostra tem entrada","inLanguage":"pt-BR","isPartOf":{"@id":"https:\/\/www.encontrabomretiro.com.br\/sobre\/#website"},"breadcrumb":{"@id":"https:\/\/www.encontrabomretiro.com.br\/sobre\/bom-retiro-rubem-braga-no-museu-da-lingua-portuguesa\/#breadcrumblist"},"author":{"@id":"https:\/\/www.encontrabomretiro.com.br\/sobre\/author\/ebomretiro\/#author"},"creator":{"@id":"https:\/\/www.encontrabomretiro.com.br\/sobre\/author\/ebomretiro\/#author"},"datePublished":"2013-07-05T00:01:39-02:00","dateModified":"2019-04-29T18:04:19-02:00"},{"@type":"WebSite","@id":"https:\/\/www.encontrabomretiro.com.br\/sobre\/#website","url":"https:\/\/www.encontrabomretiro.com.br\/sobre\/","name":"Encontra Bom Retiro","description":"Not\u00edcias, eventos, informa\u00e7\u00f5es e dicas no bairro do Bom Retiro e regi\u00e3o.","inLanguage":"pt-BR","publisher":{"@id":"https:\/\/www.encontrabomretiro.com.br\/sobre\/#organization"}}]},"og:locale":"pt_BR","og:site_name":"Encontra Bom Retiro | Not\u00edcias, eventos, informa\u00e7\u00f5es e dicas no bairro do Bom Retiro e regi\u00e3o.","og:type":"article","og:title":"Bom Retiro: Rubem Braga no Museu da L\u00edngua Portuguesa | Encontra Bom Retiro","og:description":"O Museu da L\u00edngua Portuguesa abre ao p\u00fablico no pr\u00f3ximo dia 25 de junho a exposi\u00e7\u00e3o \u201cRubem Braga \u2013 O Fazendeiro do Ar\u201d, uma mostra interativa que comemora o centen\u00e1rio do autor e re\u00fane textos, documentos, correspond\u00eancias, desenhos, pinturas, fotografias, objetos, depoimentos em v\u00eddeos e publica\u00e7\u00f5es. Em cartaz at\u00e9 2 de setembro, a mostra tem entrada","og:url":"https:\/\/www.encontrabomretiro.com.br\/sobre\/bom-retiro-rubem-braga-no-museu-da-lingua-portuguesa\/","article:published_time":"2013-07-05T02:01:39+00:00","article:modified_time":"2019-04-29T20:04:19+00:00","twitter:card":"summary_large_image","twitter:title":"Bom Retiro: Rubem Braga no Museu da L\u00edngua Portuguesa | Encontra Bom Retiro","twitter:description":"O Museu da L\u00edngua Portuguesa abre ao p\u00fablico no pr\u00f3ximo dia 25 de junho a exposi\u00e7\u00e3o \u201cRubem Braga \u2013 O Fazendeiro do Ar\u201d, uma mostra interativa que comemora o centen\u00e1rio do autor e re\u00fane textos, documentos, correspond\u00eancias, desenhos, pinturas, fotografias, objetos, depoimentos em v\u00eddeos e publica\u00e7\u00f5es. Em cartaz at\u00e9 2 de setembro, a mostra tem entrada"},"aioseo_meta_data":{"post_id":"917","title":null,"description":null,"keywords":null,"keyphrases":null,"primary_term":null,"canonical_url":null,"og_title":null,"og_description":null,"og_object_type":"default","og_image_type":"default","og_image_url":null,"og_image_width":null,"og_image_height":null,"og_image_custom_url":null,"og_image_custom_fields":null,"og_video":null,"og_custom_url":null,"og_article_section":null,"og_article_tags":null,"twitter_use_og":false,"twitter_card":"default","twitter_image_type":"default","twitter_image_url":null,"twitter_image_custom_url":null,"twitter_image_custom_fields":null,"twitter_title":null,"twitter_description":null,"schema":{"blockGraphs":[],"customGraphs":[],"default":{"data":{"Article":[],"Course":[],"Dataset":[],"FAQPage":[],"Movie":[],"Person":[],"Product":[],"ProductReview":[],"Car":[],"Recipe":[],"Service":[],"SoftwareApplication":[],"WebPage":[]},"graphName":"","isEnabled":true},"graphs":[]},"schema_type":"default","schema_type_options":null,"pillar_content":false,"robots_default":true,"robots_noindex":false,"robots_noarchive":false,"robots_nosnippet":false,"robots_nofollow":false,"robots_noimageindex":false,"robots_noodp":false,"robots_notranslate":false,"robots_max_snippet":null,"robots_max_videopreview":null,"robots_max_imagepreview":"large","priority":null,"frequency":null,"local_seo":null,"breadcrumb_settings":null,"limit_modified_date":false,"ai":null,"created":"2023-10-16 13:00:00","updated":"2025-10-03 14:36:26","focus_keyword":null,"additional_keywords":null,"truseo_locale":null,"seo_analyzer_scan_date":null},"aioseo_breadcrumb":"<div class=\"aioseo-breadcrumbs\"><span class=\"aioseo-breadcrumb\">\n\t\t\t<a href=\"https:\/\/www.encontrabomretiro.com.br\/sobre\" title=\"Dom\u00e9stica\">Dom\u00e9stica<\/a>\n\t\t<\/span><span class=\"aioseo-breadcrumb-separator\">&raquo;<\/span><span class=\"aioseo-breadcrumb\">\n\t\t\t<a href=\"https:\/\/www.encontrabomretiro.com.br\/sobre\/noticias-no-bom-retiro\/\" title=\"Not\u00edcias Bom Retiro\">Not\u00edcias Bom Retiro<\/a>\n\t\t<\/span><span class=\"aioseo-breadcrumb-separator\">&raquo;<\/span><span class=\"aioseo-breadcrumb\">\n\t\t\tBom Retiro: Rubem Braga no Museu da L\u00edngua Portuguesa\n\t\t<\/span><\/div>","aioseo_breadcrumb_json":[{"label":"Dom\u00e9stica","link":"https:\/\/www.encontrabomretiro.com.br\/sobre"},{"label":"Not\u00edcias Bom Retiro","link":"https:\/\/www.encontrabomretiro.com.br\/sobre\/noticias-no-bom-retiro\/"},{"label":"Bom Retiro: Rubem Braga no Museu da L\u00edngua Portuguesa","link":"https:\/\/www.encontrabomretiro.com.br\/sobre\/bom-retiro-rubem-braga-no-museu-da-lingua-portuguesa\/"}],"_links":{"self":[{"href":"https:\/\/www.encontrabomretiro.com.br\/sobre\/wp-json\/wp\/v2\/posts\/917","targetHints":{"allow":["GET"]}}],"collection":[{"href":"https:\/\/www.encontrabomretiro.com.br\/sobre\/wp-json\/wp\/v2\/posts"}],"about":[{"href":"https:\/\/www.encontrabomretiro.com.br\/sobre\/wp-json\/wp\/v2\/types\/post"}],"author":[{"embeddable":true,"href":"https:\/\/www.encontrabomretiro.com.br\/sobre\/wp-json\/wp\/v2\/users\/1"}],"replies":[{"embeddable":true,"href":"https:\/\/www.encontrabomretiro.com.br\/sobre\/wp-json\/wp\/v2\/comments?post=917"}],"version-history":[{"count":0,"href":"https:\/\/www.encontrabomretiro.com.br\/sobre\/wp-json\/wp\/v2\/posts\/917\/revisions"}],"wp:attachment":[{"href":"https:\/\/www.encontrabomretiro.com.br\/sobre\/wp-json\/wp\/v2\/media?parent=917"}],"wp:term":[{"taxonomy":"category","embeddable":true,"href":"https:\/\/www.encontrabomretiro.com.br\/sobre\/wp-json\/wp\/v2\/categories?post=917"},{"taxonomy":"post_tag","embeddable":true,"href":"https:\/\/www.encontrabomretiro.com.br\/sobre\/wp-json\/wp\/v2\/tags?post=917"}],"curies":[{"name":"wp","href":"https:\/\/api.w.org\/{rel}","templated":true}]}}