{"id":904,"date":"2013-06-28T00:40:52","date_gmt":"2013-06-28T02:40:52","guid":{"rendered":"http:\/\/www.encontrabomretiro.com.br\/noticias\/?p=904"},"modified":"2019-04-29T18:04:19","modified_gmt":"2019-04-29T20:04:19","slug":"peca-o-incrivel-ladrao-de-calcinhas-sera-apresentada-no-sesc-bom-retiro","status":"publish","type":"post","link":"https:\/\/www.encontrabomretiro.com.br\/sobre\/peca-o-incrivel-ladrao-de-calcinhas-sera-apresentada-no-sesc-bom-retiro\/","title":{"rendered":"Pe\u00e7a O Incr\u00edvel Ladr\u00e3o de Calcinhas ser\u00e1 apresentada no Sesc Bom Retiro"},"content":{"rendered":"<div class=\"228b65ae207de3c5c501cfe75875708b\" data-index=\"1\" style=\"float: none; margin:0px;\">\n<!-- Anuncio display - global -->\r\n<ins class=\"adsbygoogle\"\r\n     style=\"display:block\"\r\n     data-ad-client=\"ca-pub-8585364105181520\"\r\n     data-ad-slot=\"8789329856\"\r\n     data-ad-format=\"auto\"\r\n     data-full-width-responsive=\"true\"><\/ins>\r\n<script>\r\n     (adsbygoogle = window.adsbygoogle || []).push({});\r\n<\/script>\n<\/div>\n<p>Censurada para menores de 12 anos, a hist\u00f3ria de <em>O Incr\u00edvel Ladr\u00e3o de Calcinhas<\/em>, que ser\u00e1 apresentada nos dias 05\/07, 06\/07, no Sesc Bom Retiro, tem detetive, delegados, assassinatos, mulheres fatais e muita falta de car\u00e1ter. Inspirada na vida e obra do escritor Dashiell Hammett (1984-1961), considerado o pai da literatura policial moderna, a hist\u00f3ria contada pela catarinense Trip Teatro de Anima\u00e7\u00e3o \u00e9 baseada no estilo cine noir, caracterizada por filmes tipo B das d\u00e9cada de 1950. Muito influenciada pelo cinema, a pe\u00e7a utiliza, ainda, o expressionismo alem\u00e3o como refer\u00eancia.<\/p>\n<p>Na trama, o detetive Bill Flecha \u00e9 procurado pela Srta. Velda, loira fatal que tem sua pe\u00e7a \u00edntima &#8211; herdada da av\u00f3\u00a0&#8211; roubada e pagar\u00e1 qualquer quantia para t\u00ea-la de volta. O que parecia um crime banal d\u00e1 origem a uma s\u00e9rie de outras viol\u00eancias.<\/p>\n<p>\u2014\u00a0O caso \u00e9 muito mais complexo do que parece. Todos s\u00e3o suspeitos at\u00e9 que se prove o contr\u00e1rio, ou at\u00e9 que seus corpos sejam encontrados em algum beco escuro\u00a0\u2014 acrescenta o manipulador de bonecos Willian Sieverdt.<\/p>\n<p><em>O Incr\u00edvel Ladr\u00e3o de Calcinhas<\/em> estreou em 2006 e j\u00e1 foi apresentado em festivais de diversas partes do mundo. Al\u00e9m de encera uma hist\u00f3ria incomum para bonecos, o espet\u00e1culo utiliza uma t\u00e9cnica alem\u00e3 pouco conhecida no Brasil. O bonequeiro Sieverdt a chama de &#8220;Bonecos de Mesa Autosustent\u00e1veis&#8221;.<\/p>\n<p>\u2014 Somente utilizando essa t\u00e9cnica, desenvolvida por Hansj\u00fcrgen Fettig, \u00e9 que podemos ter um \u00fanico manipulador e v\u00e1rios personagens em cena. No espet\u00e1culo que vamos apresentar no domingo, por exemplo, temos sete personagens e eu, sozinho, os comando\u00a0\u2014 explica.<\/p>\n<p><strong>Servi\u00e7o:<\/strong><\/p>\n<p>SESC Bom Retiro<br \/>\nDia(s): 05\/07, 06\/07 &#8211; Sexta \u00e0s 20h e S\u00e1bado \u00e0s 19h<\/p>\n<p><em>Fonte: Sesc Sp<\/em><\/p>\n\n<div style=\"font-size: 0px; height: 0px; line-height: 0px; margin: 0; padding: 0; clear: both;\"><\/div>","protected":false},"excerpt":{"rendered":"<p>Censurada para menores de 12 anos, a hist\u00f3ria de O Incr\u00edvel Ladr\u00e3o de Calcinhas, que ser\u00e1 apresentada nos dias 05\/07, 06\/07, no Sesc Bom Retiro, tem detetive, delegados, assassinatos, mulheres fatais e muita falta de car\u00e1ter. Inspirada na vida e obra do escritor Dashiell Hammett (1984-1961), considerado o pai da literatura policial moderna, a hist\u00f3ria contada pela catarinense Trip Teatro de Anima\u00e7\u00e3o \u00e9 baseada no estilo cine noir, caracterizada por filmes tipo B das d\u00e9cada de 1950. Muito influenciada pelo cinema, a pe\u00e7a utiliza, ainda, o expressionismo alem\u00e3o como refer\u00eancia. Na trama, o detetive Bill Flecha \u00e9 procurado pela Srta. <\/p>\n","protected":false},"author":1,"featured_media":0,"comment_status":"open","ping_status":"closed","sticky":false,"template":"","format":"standard","meta":{"footnotes":""},"categories":[6],"tags":[],"class_list":["post-904","post","type-post","status-publish","format-standard","hentry","category-noticias-no-bom-retiro"],"aioseo_notices":[],"aioseo_head":"\n\t\t<!-- All in One SEO 5.0.0.1 - aioseo.com -->\n\t<meta name=\"description\" content=\"Censurada para menores de 12 anos, a hist\u00f3ria de O Incr\u00edvel Ladr\u00e3o de Calcinhas, que ser\u00e1 apresentada nos dias 05\/07, 06\/07, no Sesc Bom Retiro, tem detetive, delegados, assassinatos, mulheres fatais e muita falta de car\u00e1ter. Inspirada na vida e obra do escritor Dashiell Hammett (1984-1961), considerado o pai da literatura policial moderna, a hist\u00f3ria\" \/>\n\t<meta name=\"robots\" content=\"max-image-preview:large\" \/>\n\t<meta name=\"author\" content=\"Encontra Bom Retiro\"\/>\n\t<link rel=\"canonical\" href=\"https:\/\/www.encontrabomretiro.com.br\/sobre\/peca-o-incrivel-ladrao-de-calcinhas-sera-apresentada-no-sesc-bom-retiro\/\" \/>\n\t<meta name=\"generator\" content=\"All in One SEO (AIOSEO) 5.0.0.1\" \/>\n\t\t<meta property=\"og:locale\" content=\"pt_BR\" \/>\n\t\t<meta property=\"og:site_name\" content=\"Encontra Bom Retiro | Not\u00edcias, eventos, informa\u00e7\u00f5es e dicas no bairro do Bom Retiro e regi\u00e3o.\" \/>\n\t\t<meta property=\"og:type\" content=\"article\" \/>\n\t\t<meta property=\"og:title\" content=\"Pe\u00e7a O Incr\u00edvel Ladr\u00e3o de Calcinhas ser\u00e1 apresentada no Sesc Bom Retiro | Encontra Bom Retiro\" \/>\n\t\t<meta property=\"og:description\" content=\"Censurada para menores de 12 anos, a hist\u00f3ria de O Incr\u00edvel Ladr\u00e3o de Calcinhas, que ser\u00e1 apresentada nos dias 05\/07, 06\/07, no Sesc Bom Retiro, tem detetive, delegados, assassinatos, mulheres fatais e muita falta de car\u00e1ter. Inspirada na vida e obra do escritor Dashiell Hammett (1984-1961), considerado o pai da literatura policial moderna, a hist\u00f3ria\" \/>\n\t\t<meta property=\"og:url\" content=\"https:\/\/www.encontrabomretiro.com.br\/sobre\/peca-o-incrivel-ladrao-de-calcinhas-sera-apresentada-no-sesc-bom-retiro\/\" \/>\n\t\t<meta property=\"article:published_time\" content=\"2013-06-28T02:40:52+00:00\" \/>\n\t\t<meta property=\"article:modified_time\" content=\"2019-04-29T20:04:19+00:00\" \/>\n\t\t<meta name=\"twitter:card\" content=\"summary_large_image\" \/>\n\t\t<meta name=\"twitter:title\" content=\"Pe\u00e7a O Incr\u00edvel Ladr\u00e3o de Calcinhas ser\u00e1 apresentada no Sesc Bom Retiro | Encontra Bom Retiro\" \/>\n\t\t<meta name=\"twitter:description\" content=\"Censurada para menores de 12 anos, a hist\u00f3ria de O Incr\u00edvel Ladr\u00e3o de Calcinhas, que ser\u00e1 apresentada nos dias 05\/07, 06\/07, no Sesc Bom Retiro, tem detetive, delegados, assassinatos, mulheres fatais e muita falta de car\u00e1ter. Inspirada na vida e obra do escritor Dashiell Hammett (1984-1961), considerado o pai da literatura policial moderna, a hist\u00f3ria\" \/>\n\t\t<script type=\"application\/ld+json\" class=\"aioseo-schema\">\n\t\t\t{\"@context\":\"https:\\\/\\\/schema.org\",\"@graph\":[{\"@type\":\"Article\",\"@id\":\"https:\\\/\\\/www.encontrabomretiro.com.br\\\/sobre\\\/peca-o-incrivel-ladrao-de-calcinhas-sera-apresentada-no-sesc-bom-retiro\\\/#article\",\"name\":\"Pe\\u00e7a O Incr\\u00edvel Ladr\\u00e3o de Calcinhas ser\\u00e1 apresentada no Sesc Bom Retiro | Encontra Bom Retiro\",\"headline\":\"Pe\\u00e7a O Incr\\u00edvel Ladr\\u00e3o de Calcinhas ser\\u00e1 apresentada no Sesc Bom Retiro\",\"author\":{\"@id\":\"https:\\\/\\\/www.encontrabomretiro.com.br\\\/sobre\\\/author\\\/ebomretiro\\\/#author\"},\"publisher\":{\"@id\":\"https:\\\/\\\/www.encontrabomretiro.com.br\\\/sobre\\\/#organization\"},\"datePublished\":\"2013-06-28T00:40:52-02:00\",\"dateModified\":\"2019-04-29T18:04:19-02:00\",\"inLanguage\":\"pt-BR\",\"mainEntityOfPage\":{\"@id\":\"https:\\\/\\\/www.encontrabomretiro.com.br\\\/sobre\\\/peca-o-incrivel-ladrao-de-calcinhas-sera-apresentada-no-sesc-bom-retiro\\\/#webpage\"},\"isPartOf\":{\"@id\":\"https:\\\/\\\/www.encontrabomretiro.com.br\\\/sobre\\\/peca-o-incrivel-ladrao-de-calcinhas-sera-apresentada-no-sesc-bom-retiro\\\/#webpage\"},\"articleSection\":\"Not\\u00edcias Bom Retiro\"},{\"@type\":\"BreadcrumbList\",\"@id\":\"https:\\\/\\\/www.encontrabomretiro.com.br\\\/sobre\\\/peca-o-incrivel-ladrao-de-calcinhas-sera-apresentada-no-sesc-bom-retiro\\\/#breadcrumblist\",\"itemListElement\":[{\"@type\":\"ListItem\",\"@id\":\"https:\\\/\\\/www.encontrabomretiro.com.br\\\/sobre#listItem\",\"position\":1,\"name\":\"Dom\\u00e9stica\",\"item\":\"https:\\\/\\\/www.encontrabomretiro.com.br\\\/sobre\",\"nextItem\":{\"@type\":\"ListItem\",\"@id\":\"https:\\\/\\\/www.encontrabomretiro.com.br\\\/sobre\\\/noticias-no-bom-retiro\\\/#listItem\",\"name\":\"Not\\u00edcias Bom Retiro\"}},{\"@type\":\"ListItem\",\"@id\":\"https:\\\/\\\/www.encontrabomretiro.com.br\\\/sobre\\\/noticias-no-bom-retiro\\\/#listItem\",\"position\":2,\"name\":\"Not\\u00edcias Bom Retiro\",\"item\":\"https:\\\/\\\/www.encontrabomretiro.com.br\\\/sobre\\\/noticias-no-bom-retiro\\\/\",\"nextItem\":{\"@type\":\"ListItem\",\"@id\":\"https:\\\/\\\/www.encontrabomretiro.com.br\\\/sobre\\\/peca-o-incrivel-ladrao-de-calcinhas-sera-apresentada-no-sesc-bom-retiro\\\/#listItem\",\"name\":\"Pe\\u00e7a O Incr\\u00edvel Ladr\\u00e3o de Calcinhas ser\\u00e1 apresentada no Sesc Bom Retiro\"},\"previousItem\":{\"@type\":\"ListItem\",\"@id\":\"https:\\\/\\\/www.encontrabomretiro.com.br\\\/sobre#listItem\",\"name\":\"Dom\\u00e9stica\"}},{\"@type\":\"ListItem\",\"@id\":\"https:\\\/\\\/www.encontrabomretiro.com.br\\\/sobre\\\/peca-o-incrivel-ladrao-de-calcinhas-sera-apresentada-no-sesc-bom-retiro\\\/#listItem\",\"position\":3,\"name\":\"Pe\\u00e7a O Incr\\u00edvel Ladr\\u00e3o de Calcinhas ser\\u00e1 apresentada no Sesc Bom Retiro\",\"previousItem\":{\"@type\":\"ListItem\",\"@id\":\"https:\\\/\\\/www.encontrabomretiro.com.br\\\/sobre\\\/noticias-no-bom-retiro\\\/#listItem\",\"name\":\"Not\\u00edcias Bom Retiro\"}}]},{\"@type\":\"Organization\",\"@id\":\"https:\\\/\\\/www.encontrabomretiro.com.br\\\/sobre\\\/#organization\",\"name\":\"Encontra Bom Retiro\",\"description\":\"Not\\u00edcias, eventos, informa\\u00e7\\u00f5es e dicas no bairro do Bom Retiro e regi\\u00e3o.\",\"url\":\"https:\\\/\\\/www.encontrabomretiro.com.br\\\/sobre\\\/\"},{\"@type\":\"Person\",\"@id\":\"https:\\\/\\\/www.encontrabomretiro.com.br\\\/sobre\\\/author\\\/ebomretiro\\\/#author\",\"url\":\"https:\\\/\\\/www.encontrabomretiro.com.br\\\/sobre\\\/author\\\/ebomretiro\\\/\",\"name\":\"Encontra Bom Retiro\",\"image\":{\"@type\":\"ImageObject\",\"@id\":\"https:\\\/\\\/www.encontrabomretiro.com.br\\\/sobre\\\/peca-o-incrivel-ladrao-de-calcinhas-sera-apresentada-no-sesc-bom-retiro\\\/#authorImage\",\"url\":\"https:\\\/\\\/secure.gravatar.com\\\/avatar\\\/507340682b8270222e1f208e23198b6ae7e2c6a1033ae84e99bc6bce4f82a387?s=96&d=mm&r=g\",\"width\":96,\"height\":96,\"caption\":\"Encontra Bom Retiro\"}},{\"@type\":\"WebPage\",\"@id\":\"https:\\\/\\\/www.encontrabomretiro.com.br\\\/sobre\\\/peca-o-incrivel-ladrao-de-calcinhas-sera-apresentada-no-sesc-bom-retiro\\\/#webpage\",\"url\":\"https:\\\/\\\/www.encontrabomretiro.com.br\\\/sobre\\\/peca-o-incrivel-ladrao-de-calcinhas-sera-apresentada-no-sesc-bom-retiro\\\/\",\"name\":\"Pe\\u00e7a O Incr\\u00edvel Ladr\\u00e3o de Calcinhas ser\\u00e1 apresentada no Sesc Bom Retiro | Encontra Bom Retiro\",\"description\":\"Censurada para menores de 12 anos, a hist\\u00f3ria de O Incr\\u00edvel Ladr\\u00e3o de Calcinhas, que ser\\u00e1 apresentada nos dias 05\\\/07, 06\\\/07, no Sesc Bom Retiro, tem detetive, delegados, assassinatos, mulheres fatais e muita falta de car\\u00e1ter. Inspirada na vida e obra do escritor Dashiell Hammett (1984-1961), considerado o pai da literatura policial moderna, a hist\\u00f3ria\",\"inLanguage\":\"pt-BR\",\"isPartOf\":{\"@id\":\"https:\\\/\\\/www.encontrabomretiro.com.br\\\/sobre\\\/#website\"},\"breadcrumb\":{\"@id\":\"https:\\\/\\\/www.encontrabomretiro.com.br\\\/sobre\\\/peca-o-incrivel-ladrao-de-calcinhas-sera-apresentada-no-sesc-bom-retiro\\\/#breadcrumblist\"},\"author\":{\"@id\":\"https:\\\/\\\/www.encontrabomretiro.com.br\\\/sobre\\\/author\\\/ebomretiro\\\/#author\"},\"creator\":{\"@id\":\"https:\\\/\\\/www.encontrabomretiro.com.br\\\/sobre\\\/author\\\/ebomretiro\\\/#author\"},\"datePublished\":\"2013-06-28T00:40:52-02:00\",\"dateModified\":\"2019-04-29T18:04:19-02:00\"},{\"@type\":\"WebSite\",\"@id\":\"https:\\\/\\\/www.encontrabomretiro.com.br\\\/sobre\\\/#website\",\"url\":\"https:\\\/\\\/www.encontrabomretiro.com.br\\\/sobre\\\/\",\"name\":\"Encontra Bom Retiro\",\"description\":\"Not\\u00edcias, eventos, informa\\u00e7\\u00f5es e dicas no bairro do Bom Retiro e regi\\u00e3o.\",\"inLanguage\":\"pt-BR\",\"publisher\":{\"@id\":\"https:\\\/\\\/www.encontrabomretiro.com.br\\\/sobre\\\/#organization\"}}]}\n\t\t<\/script>\n\t\t<!-- All in One SEO -->\n\n","aioseo_head_json":{"title":"Pe\u00e7a O Incr\u00edvel Ladr\u00e3o de Calcinhas ser\u00e1 apresentada no Sesc Bom Retiro | Encontra Bom Retiro","description":"Censurada para menores de 12 anos, a hist\u00f3ria de O Incr\u00edvel Ladr\u00e3o de Calcinhas, que ser\u00e1 apresentada nos dias 05\/07, 06\/07, no Sesc Bom Retiro, tem detetive, delegados, assassinatos, mulheres fatais e muita falta de car\u00e1ter. Inspirada na vida e obra do escritor Dashiell Hammett (1984-1961), considerado o pai da literatura policial moderna, a hist\u00f3ria","canonical_url":"https:\/\/www.encontrabomretiro.com.br\/sobre\/peca-o-incrivel-ladrao-de-calcinhas-sera-apresentada-no-sesc-bom-retiro\/","robots":"max-image-preview:large","keywords":"","webmasterTools":{"miscellaneous":""},"schema":{"@context":"https:\/\/schema.org","@graph":[{"@type":"Article","@id":"https:\/\/www.encontrabomretiro.com.br\/sobre\/peca-o-incrivel-ladrao-de-calcinhas-sera-apresentada-no-sesc-bom-retiro\/#article","name":"Pe\u00e7a O Incr\u00edvel Ladr\u00e3o de Calcinhas ser\u00e1 apresentada no Sesc Bom Retiro | Encontra Bom Retiro","headline":"Pe\u00e7a O Incr\u00edvel Ladr\u00e3o de Calcinhas ser\u00e1 apresentada no Sesc Bom Retiro","author":{"@id":"https:\/\/www.encontrabomretiro.com.br\/sobre\/author\/ebomretiro\/#author"},"publisher":{"@id":"https:\/\/www.encontrabomretiro.com.br\/sobre\/#organization"},"datePublished":"2013-06-28T00:40:52-02:00","dateModified":"2019-04-29T18:04:19-02:00","inLanguage":"pt-BR","mainEntityOfPage":{"@id":"https:\/\/www.encontrabomretiro.com.br\/sobre\/peca-o-incrivel-ladrao-de-calcinhas-sera-apresentada-no-sesc-bom-retiro\/#webpage"},"isPartOf":{"@id":"https:\/\/www.encontrabomretiro.com.br\/sobre\/peca-o-incrivel-ladrao-de-calcinhas-sera-apresentada-no-sesc-bom-retiro\/#webpage"},"articleSection":"Not\u00edcias Bom Retiro"},{"@type":"BreadcrumbList","@id":"https:\/\/www.encontrabomretiro.com.br\/sobre\/peca-o-incrivel-ladrao-de-calcinhas-sera-apresentada-no-sesc-bom-retiro\/#breadcrumblist","itemListElement":[{"@type":"ListItem","@id":"https:\/\/www.encontrabomretiro.com.br\/sobre#listItem","position":1,"name":"Dom\u00e9stica","item":"https:\/\/www.encontrabomretiro.com.br\/sobre","nextItem":{"@type":"ListItem","@id":"https:\/\/www.encontrabomretiro.com.br\/sobre\/noticias-no-bom-retiro\/#listItem","name":"Not\u00edcias Bom Retiro"}},{"@type":"ListItem","@id":"https:\/\/www.encontrabomretiro.com.br\/sobre\/noticias-no-bom-retiro\/#listItem","position":2,"name":"Not\u00edcias Bom Retiro","item":"https:\/\/www.encontrabomretiro.com.br\/sobre\/noticias-no-bom-retiro\/","nextItem":{"@type":"ListItem","@id":"https:\/\/www.encontrabomretiro.com.br\/sobre\/peca-o-incrivel-ladrao-de-calcinhas-sera-apresentada-no-sesc-bom-retiro\/#listItem","name":"Pe\u00e7a O Incr\u00edvel Ladr\u00e3o de Calcinhas ser\u00e1 apresentada no Sesc Bom Retiro"},"previousItem":{"@type":"ListItem","@id":"https:\/\/www.encontrabomretiro.com.br\/sobre#listItem","name":"Dom\u00e9stica"}},{"@type":"ListItem","@id":"https:\/\/www.encontrabomretiro.com.br\/sobre\/peca-o-incrivel-ladrao-de-calcinhas-sera-apresentada-no-sesc-bom-retiro\/#listItem","position":3,"name":"Pe\u00e7a O Incr\u00edvel Ladr\u00e3o de Calcinhas ser\u00e1 apresentada no Sesc Bom Retiro","previousItem":{"@type":"ListItem","@id":"https:\/\/www.encontrabomretiro.com.br\/sobre\/noticias-no-bom-retiro\/#listItem","name":"Not\u00edcias Bom Retiro"}}]},{"@type":"Organization","@id":"https:\/\/www.encontrabomretiro.com.br\/sobre\/#organization","name":"Encontra Bom Retiro","description":"Not\u00edcias, eventos, informa\u00e7\u00f5es e dicas no bairro do Bom Retiro e regi\u00e3o.","url":"https:\/\/www.encontrabomretiro.com.br\/sobre\/"},{"@type":"Person","@id":"https:\/\/www.encontrabomretiro.com.br\/sobre\/author\/ebomretiro\/#author","url":"https:\/\/www.encontrabomretiro.com.br\/sobre\/author\/ebomretiro\/","name":"Encontra Bom Retiro","image":{"@type":"ImageObject","@id":"https:\/\/www.encontrabomretiro.com.br\/sobre\/peca-o-incrivel-ladrao-de-calcinhas-sera-apresentada-no-sesc-bom-retiro\/#authorImage","url":"https:\/\/secure.gravatar.com\/avatar\/507340682b8270222e1f208e23198b6ae7e2c6a1033ae84e99bc6bce4f82a387?s=96&d=mm&r=g","width":96,"height":96,"caption":"Encontra Bom Retiro"}},{"@type":"WebPage","@id":"https:\/\/www.encontrabomretiro.com.br\/sobre\/peca-o-incrivel-ladrao-de-calcinhas-sera-apresentada-no-sesc-bom-retiro\/#webpage","url":"https:\/\/www.encontrabomretiro.com.br\/sobre\/peca-o-incrivel-ladrao-de-calcinhas-sera-apresentada-no-sesc-bom-retiro\/","name":"Pe\u00e7a O Incr\u00edvel Ladr\u00e3o de Calcinhas ser\u00e1 apresentada no Sesc Bom Retiro | Encontra Bom Retiro","description":"Censurada para menores de 12 anos, a hist\u00f3ria de O Incr\u00edvel Ladr\u00e3o de Calcinhas, que ser\u00e1 apresentada nos dias 05\/07, 06\/07, no Sesc Bom Retiro, tem detetive, delegados, assassinatos, mulheres fatais e muita falta de car\u00e1ter. Inspirada na vida e obra do escritor Dashiell Hammett (1984-1961), considerado o pai da literatura policial moderna, a hist\u00f3ria","inLanguage":"pt-BR","isPartOf":{"@id":"https:\/\/www.encontrabomretiro.com.br\/sobre\/#website"},"breadcrumb":{"@id":"https:\/\/www.encontrabomretiro.com.br\/sobre\/peca-o-incrivel-ladrao-de-calcinhas-sera-apresentada-no-sesc-bom-retiro\/#breadcrumblist"},"author":{"@id":"https:\/\/www.encontrabomretiro.com.br\/sobre\/author\/ebomretiro\/#author"},"creator":{"@id":"https:\/\/www.encontrabomretiro.com.br\/sobre\/author\/ebomretiro\/#author"},"datePublished":"2013-06-28T00:40:52-02:00","dateModified":"2019-04-29T18:04:19-02:00"},{"@type":"WebSite","@id":"https:\/\/www.encontrabomretiro.com.br\/sobre\/#website","url":"https:\/\/www.encontrabomretiro.com.br\/sobre\/","name":"Encontra Bom Retiro","description":"Not\u00edcias, eventos, informa\u00e7\u00f5es e dicas no bairro do Bom Retiro e regi\u00e3o.","inLanguage":"pt-BR","publisher":{"@id":"https:\/\/www.encontrabomretiro.com.br\/sobre\/#organization"}}]},"og:locale":"pt_BR","og:site_name":"Encontra Bom Retiro | Not\u00edcias, eventos, informa\u00e7\u00f5es e dicas no bairro do Bom Retiro e regi\u00e3o.","og:type":"article","og:title":"Pe\u00e7a O Incr\u00edvel Ladr\u00e3o de Calcinhas ser\u00e1 apresentada no Sesc Bom Retiro | Encontra Bom Retiro","og:description":"Censurada para menores de 12 anos, a hist\u00f3ria de O Incr\u00edvel Ladr\u00e3o de Calcinhas, que ser\u00e1 apresentada nos dias 05\/07, 06\/07, no Sesc Bom Retiro, tem detetive, delegados, assassinatos, mulheres fatais e muita falta de car\u00e1ter. Inspirada na vida e obra do escritor Dashiell Hammett (1984-1961), considerado o pai da literatura policial moderna, a hist\u00f3ria","og:url":"https:\/\/www.encontrabomretiro.com.br\/sobre\/peca-o-incrivel-ladrao-de-calcinhas-sera-apresentada-no-sesc-bom-retiro\/","article:published_time":"2013-06-28T02:40:52+00:00","article:modified_time":"2019-04-29T20:04:19+00:00","twitter:card":"summary_large_image","twitter:title":"Pe\u00e7a O Incr\u00edvel Ladr\u00e3o de Calcinhas ser\u00e1 apresentada no Sesc Bom Retiro | Encontra Bom Retiro","twitter:description":"Censurada para menores de 12 anos, a hist\u00f3ria de O Incr\u00edvel Ladr\u00e3o de Calcinhas, que ser\u00e1 apresentada nos dias 05\/07, 06\/07, no Sesc Bom Retiro, tem detetive, delegados, assassinatos, mulheres fatais e muita falta de car\u00e1ter. Inspirada na vida e obra do escritor Dashiell Hammett (1984-1961), considerado o pai da literatura policial moderna, a hist\u00f3ria"},"aioseo_meta_data":{"post_id":"904","title":null,"description":null,"keywords":null,"keyphrases":null,"primary_term":null,"canonical_url":null,"og_title":null,"og_description":null,"og_object_type":"default","og_image_type":"default","og_image_url":null,"og_image_width":null,"og_image_height":null,"og_image_custom_url":null,"og_image_custom_fields":null,"og_video":null,"og_custom_url":null,"og_article_section":null,"og_article_tags":null,"twitter_use_og":false,"twitter_card":"default","twitter_image_type":"default","twitter_image_url":null,"twitter_image_custom_url":null,"twitter_image_custom_fields":null,"twitter_title":null,"twitter_description":null,"schema":{"blockGraphs":[],"customGraphs":[],"default":{"data":{"Article":[],"Course":[],"Dataset":[],"FAQPage":[],"Movie":[],"Person":[],"Product":[],"ProductReview":[],"Car":[],"Recipe":[],"Service":[],"SoftwareApplication":[],"WebPage":[]},"graphName":"","isEnabled":true},"graphs":[]},"schema_type":"default","schema_type_options":null,"pillar_content":false,"robots_default":true,"robots_noindex":false,"robots_noarchive":false,"robots_nosnippet":false,"robots_nofollow":false,"robots_noimageindex":false,"robots_noodp":false,"robots_notranslate":false,"robots_max_snippet":null,"robots_max_videopreview":null,"robots_max_imagepreview":"large","priority":null,"frequency":null,"local_seo":null,"breadcrumb_settings":null,"limit_modified_date":false,"ai":null,"created":"2023-10-16 13:00:00","updated":"2025-10-03 14:36:26","focus_keyword":null,"additional_keywords":null,"truseo_locale":null,"seo_analyzer_scan_date":null},"aioseo_breadcrumb":"<div class=\"aioseo-breadcrumbs\"><span class=\"aioseo-breadcrumb\">\n\t\t\t<a href=\"https:\/\/www.encontrabomretiro.com.br\/sobre\" title=\"Dom\u00e9stica\">Dom\u00e9stica<\/a>\n\t\t<\/span><span class=\"aioseo-breadcrumb-separator\">&raquo;<\/span><span class=\"aioseo-breadcrumb\">\n\t\t\t<a href=\"https:\/\/www.encontrabomretiro.com.br\/sobre\/noticias-no-bom-retiro\/\" title=\"Not\u00edcias Bom Retiro\">Not\u00edcias Bom Retiro<\/a>\n\t\t<\/span><span class=\"aioseo-breadcrumb-separator\">&raquo;<\/span><span class=\"aioseo-breadcrumb\">\n\t\t\tPe\u00e7a O Incr\u00edvel Ladr\u00e3o de Calcinhas ser\u00e1 apresentada no Sesc Bom Retiro\n\t\t<\/span><\/div>","aioseo_breadcrumb_json":[{"label":"Dom\u00e9stica","link":"https:\/\/www.encontrabomretiro.com.br\/sobre"},{"label":"Not\u00edcias Bom Retiro","link":"https:\/\/www.encontrabomretiro.com.br\/sobre\/noticias-no-bom-retiro\/"},{"label":"Pe\u00e7a O Incr\u00edvel Ladr\u00e3o de Calcinhas ser\u00e1 apresentada no Sesc Bom Retiro","link":"https:\/\/www.encontrabomretiro.com.br\/sobre\/peca-o-incrivel-ladrao-de-calcinhas-sera-apresentada-no-sesc-bom-retiro\/"}],"_links":{"self":[{"href":"https:\/\/www.encontrabomretiro.com.br\/sobre\/wp-json\/wp\/v2\/posts\/904","targetHints":{"allow":["GET"]}}],"collection":[{"href":"https:\/\/www.encontrabomretiro.com.br\/sobre\/wp-json\/wp\/v2\/posts"}],"about":[{"href":"https:\/\/www.encontrabomretiro.com.br\/sobre\/wp-json\/wp\/v2\/types\/post"}],"author":[{"embeddable":true,"href":"https:\/\/www.encontrabomretiro.com.br\/sobre\/wp-json\/wp\/v2\/users\/1"}],"replies":[{"embeddable":true,"href":"https:\/\/www.encontrabomretiro.com.br\/sobre\/wp-json\/wp\/v2\/comments?post=904"}],"version-history":[{"count":0,"href":"https:\/\/www.encontrabomretiro.com.br\/sobre\/wp-json\/wp\/v2\/posts\/904\/revisions"}],"wp:attachment":[{"href":"https:\/\/www.encontrabomretiro.com.br\/sobre\/wp-json\/wp\/v2\/media?parent=904"}],"wp:term":[{"taxonomy":"category","embeddable":true,"href":"https:\/\/www.encontrabomretiro.com.br\/sobre\/wp-json\/wp\/v2\/categories?post=904"},{"taxonomy":"post_tag","embeddable":true,"href":"https:\/\/www.encontrabomretiro.com.br\/sobre\/wp-json\/wp\/v2\/tags?post=904"}],"curies":[{"name":"wp","href":"https:\/\/api.w.org\/{rel}","templated":true}]}}