{"id":837,"date":"2013-05-16T13:02:59","date_gmt":"2013-05-16T15:02:59","guid":{"rendered":"http:\/\/www.encontrabomretiro.com.br\/noticias\/?p=837"},"modified":"2019-04-29T18:04:21","modified_gmt":"2019-04-29T20:04:21","slug":"virada-cultural-2013-venha-improvisar-no-sesc-bom-retiro","status":"publish","type":"post","link":"https:\/\/www.encontrabomretiro.com.br\/sobre\/virada-cultural-2013-venha-improvisar-no-sesc-bom-retiro\/","title":{"rendered":"Virada Cultural 2013 : Venha improvisar no Sesc Bom Retiro"},"content":{"rendered":"<div class=\"228b65ae207de3c5c501cfe75875708b\" data-index=\"1\" style=\"float: none; margin:0px;\">\n<!-- Anuncio display - global -->\r\n<ins class=\"adsbygoogle\"\r\n     style=\"display:block\"\r\n     data-ad-client=\"ca-pub-8585364105181520\"\r\n     data-ad-slot=\"8789329856\"\r\n     data-ad-format=\"auto\"\r\n     data-full-width-responsive=\"true\"><\/ins>\r\n<script>\r\n     (adsbygoogle = window.adsbygoogle || []).push({});\r\n<\/script>\n<\/div>\n<p>Entre os dias 18 e 19 de maio, o evento realizado pela Prefeitura Municipal de S\u00e3o Paulo, em parceria com o SESC, prop\u00f5e 24h ininterruptas de cultura. Em sua 9\u00aa edi\u00e7\u00e3o, al\u00e9m da regi\u00e3o central da SP, a Virada conta ainda com atividades nos museus, teatros e centros culturais.<\/p>\n<p>No s\u00e1bado dia 18, das 18h as 00h, e dia 19 de maio, domingo das 10h \u00e0s 18h, o Sesc Bom Retiro, prop\u00f5e para a realiza\u00e7\u00e3o da Virada Cultural 2013 atividades nas \u00e1reas de Circo, M\u00fasica, Dan\u00e7a, Teatro, Artes Pl\u00e1sticas e Visuais, Literatura e Cultura Digital, em formatos variados.<\/p>\n<p>Dias 18 e 19 acontecer\u00e3o shows com Filipe Catto, Ver\u00f4nica Ferriani, Ala\u00edde Costa, Agnaldo Rayol, Cida Moreira, Gra\u00e7a Braga e Tet\u00ea Esp\u00edndola, acompanhados por V\u00e2nia Bastos celebrar\u00e3o 100 anos de Herivelto Martins, com o lan\u00e7amento do Cd Hom\u00f4nimo.<\/p>\n<p>No domingo \u00e0 tarde o samba ficar\u00e1 por conta do grupo Partido na Cozinha com a participa\u00e7\u00e3o de Osvaldinho da Cu\u00edca, na Pra\u00e7a de Conviv\u00eancia da unidade, mesmo local da embolada de Eri e Erisvaldo.<\/p>\n<p>O jazz tamb\u00e9m marcar\u00e1 presen\u00e7a com Armando Cerqueira Trio, improvisando sobre temas jazz\u00edsticos de Wayne Shorter, Miles Daves, Oscar Peterson e Victor de Assis Brasil.Al\u00e9m dos shows musicais o p\u00fablico poder\u00e1 participar de aulas abertas de dan\u00e7a de sal\u00e3o, exibi\u00e7\u00f5es de filmes, espet\u00e1culo infantil, conta\u00e7\u00e3o de hist\u00f3rias, improvisos de palha\u00e7os e exposi\u00e7\u00f5es.<\/p>\n<p>Como tema para a Virada Cultural 2013, o Sesc Bom Retiro prop\u00f5e trabalhar o improviso nas linguagens art\u00edsticas com uma programa\u00e7\u00e3o de interven\u00e7\u00f5es, performances, desafios e espet\u00e1culos circenses onde o improviso \u00e9 o eixo central.\u00a0 A inten\u00e7\u00e3o \u00e9 estimular o p\u00fablico para que ele participe ativamente das atividades culturais.<\/p>\n<p>Pela primeira vez em seus nove anos de hist\u00f3ria, a Virada Cultural 2013 conta com um corpo de nove curadores, que est\u00e3o trabalhando em conjunto para auxiliar a Secretaria Municipal de Cultura de S\u00e3o Paulo na elabora\u00e7\u00e3o da programa\u00e7\u00e3o. Os membros da Comiss\u00e3o foram escolhidos por serem nomes importantes na cena cultural paulistana, com tr\u00e2nsito entre v\u00e1rias linguagens e segmentos, al\u00e9m de experi\u00eancia em projetos art\u00edsticos originais e inovadores na cidade.<\/p>\n<p>O Sesc Bom Retiro segue a tradicional parceria com a Prefeitura do Munic\u00edpio de S\u00e3o Paulo difundindo a cultura para todos em todos os lugares.<\/p>\n<p><strong>Servi\u00e7o no bairro Bom Retiro:<\/strong><br \/>\n<strong>O que:<\/strong> Virada Cultural no Sesc Bom Retiro.<br \/>\n<strong>Quando:<\/strong> Dias 18 e 19 de Maio. Gr\u00e1tis.<br \/>\n<strong>Endere\u00e7o:<\/strong> Al. Nothmann,185 \u2013 Encontra Bom Retiro<br \/>\n<strong>Hor\u00e1rio:<\/strong> In\u00edcio &#8211; s\u00e1bados \u00e0s 18h e t\u00e9rmino domingo \u00e0s 18h.<br \/>\n<strong>Acessibilidade:<\/strong> Entrada com acesso para pessoas com defici\u00eancia e mobilidade reduzida.<br \/>\nEstacionamento pr\u00f3prio.<\/p>\n<p><em>Fonte: Portal Segs<\/em><\/p>\n\n<div style=\"font-size: 0px; height: 0px; line-height: 0px; margin: 0; padding: 0; clear: both;\"><\/div>","protected":false},"excerpt":{"rendered":"<p>Entre os dias 18 e 19 de maio, o evento realizado pela Prefeitura Municipal de S\u00e3o Paulo, em parceria com o SESC, prop\u00f5e 24h ininterruptas de cultura. Em sua 9\u00aa edi\u00e7\u00e3o, al\u00e9m da regi\u00e3o central da SP, a Virada conta ainda com atividades nos museus, teatros e centros culturais. No s\u00e1bado dia 18, das 18h as 00h, e dia 19 de maio, domingo das 10h \u00e0s 18h, o Sesc Bom Retiro, prop\u00f5e para a realiza\u00e7\u00e3o da Virada Cultural 2013 atividades nas \u00e1reas de Circo, M\u00fasica, Dan\u00e7a, Teatro, Artes Pl\u00e1sticas e Visuais, Literatura e Cultura Digital, em formatos variados. Dias 18 <\/p>\n","protected":false},"author":1,"featured_media":0,"comment_status":"open","ping_status":"closed","sticky":false,"template":"","format":"standard","meta":{"footnotes":""},"categories":[6],"tags":[],"class_list":["post-837","post","type-post","status-publish","format-standard","hentry","category-noticias-no-bom-retiro"],"aioseo_notices":[],"_links":{"self":[{"href":"https:\/\/www.encontrabomretiro.com.br\/sobre\/wp-json\/wp\/v2\/posts\/837","targetHints":{"allow":["GET"]}}],"collection":[{"href":"https:\/\/www.encontrabomretiro.com.br\/sobre\/wp-json\/wp\/v2\/posts"}],"about":[{"href":"https:\/\/www.encontrabomretiro.com.br\/sobre\/wp-json\/wp\/v2\/types\/post"}],"author":[{"embeddable":true,"href":"https:\/\/www.encontrabomretiro.com.br\/sobre\/wp-json\/wp\/v2\/users\/1"}],"replies":[{"embeddable":true,"href":"https:\/\/www.encontrabomretiro.com.br\/sobre\/wp-json\/wp\/v2\/comments?post=837"}],"version-history":[{"count":0,"href":"https:\/\/www.encontrabomretiro.com.br\/sobre\/wp-json\/wp\/v2\/posts\/837\/revisions"}],"wp:attachment":[{"href":"https:\/\/www.encontrabomretiro.com.br\/sobre\/wp-json\/wp\/v2\/media?parent=837"}],"wp:term":[{"taxonomy":"category","embeddable":true,"href":"https:\/\/www.encontrabomretiro.com.br\/sobre\/wp-json\/wp\/v2\/categories?post=837"},{"taxonomy":"post_tag","embeddable":true,"href":"https:\/\/www.encontrabomretiro.com.br\/sobre\/wp-json\/wp\/v2\/tags?post=837"}],"curies":[{"name":"wp","href":"https:\/\/api.w.org\/{rel}","templated":true}]}}