{"id":835,"date":"2013-05-13T11:50:27","date_gmt":"2013-05-13T13:50:27","guid":{"rendered":"http:\/\/www.encontrabomretiro.com.br\/noticias\/?p=835"},"modified":"2019-04-29T18:04:21","modified_gmt":"2019-04-29T20:04:21","slug":"confira-a-programacao-oferecida-pelo-sesc-bom-retiro-durante-a-virada-cultural","status":"publish","type":"post","link":"https:\/\/www.encontrabomretiro.com.br\/sobre\/confira-a-programacao-oferecida-pelo-sesc-bom-retiro-durante-a-virada-cultural\/","title":{"rendered":"Confira a programa\u00e7\u00e3o oferecida pelo Sesc Bom Retiro durante a Virada Cultural"},"content":{"rendered":"<div class=\"228b65ae207de3c5c501cfe75875708b\" data-index=\"1\" style=\"float: none; margin:0px;\">\n<!-- Anuncio display - global -->\r\n<ins class=\"adsbygoogle\"\r\n     style=\"display:block\"\r\n     data-ad-client=\"ca-pub-8585364105181520\"\r\n     data-ad-slot=\"8789329856\"\r\n     data-ad-format=\"auto\"\r\n     data-full-width-responsive=\"true\"><\/ins>\r\n<script>\r\n     (adsbygoogle = window.adsbygoogle || []).push({});\r\n<\/script>\n<\/div>\n<p>Durante a Virada Cultural, o <a title=\"Sesc Bom Retiro\" href=\"http:\/\/www.encontrabomretiro.com.br\/bom-retiro\/sesc-bom-retiro.shtml\" target=\"_blank\">Sesc Bom Retiro<\/a> preparou uma programa\u00e7\u00e3o baseada no improviso, convidando o visitante a ser protagonista. Entre os destaques da programa\u00e7\u00e3o est\u00e3o shows de Filipe Catto, Agnaldo Rayol e Ala\u00edde Costa, entre outros, que apresentar\u00e3o can\u00e7\u00f5es que v\u00e3o integrar um disco comemorativo aos 100 anos de nascimento de Herivelto Martins. Boa not\u00edcia tamb\u00e9m para os pais: a unidade, durante os dois dias de evento, tamb\u00e9m v\u00e3o oferecer atividades l\u00fadicas para os pequenos.<\/p>\n<p>Confira abaixo a programa\u00e7\u00e3o do evento no bairro do Bom Retiro:<\/p>\n<p><strong>\u25ba <\/strong><strong>TEATRO<\/strong><\/p>\n<p><strong><em>Jogando No Quintal Pocket<\/em><\/strong> Um espet\u00e1culo de improvisa\u00e7\u00e3o teatral feito por atores palha\u00e7os que tem como cen\u00e1rio uma partida de futebol. Em diversos momentos, o elenco pede a participa\u00e7\u00e3o do p\u00fablico. Dia 19\/05. Gr\u00e1tis. Livre. Domingo, das 17h \u00e0s 18h.<\/p>\n<p><strong>\u25ba <\/strong><strong>M\u00daSICA<\/strong><\/p>\n<p><strong>Armando Cerqueira Trio <\/strong>O Trio apresenta improvisa\u00e7\u00f5es sobre temas jazz\u00edsticos de Wayne Shorter, Miles Daves, Oscar Peterson e Victor de Assis Brasil. Dia 18\/05. Gr\u00e1tis. Livre. S\u00e1bado, das 22h \u00e0s 23h30.<\/p>\n<p><strong>Herivelto Martins 100 anos <\/strong>Show de lan\u00e7amento de CD hom\u00f4nimo com participa\u00e7\u00f5es especiais de Filipe Catto, Ver\u00f4nica Ferriani, Ala\u00edde Costa, Agnaldo Rayol, Cida Moreira, Gra\u00e7a Braga e Tet\u00ea Esp\u00edndola, acompanhados por V\u00e2nia Bastos e pelo violonista Ronaldo Rayol. Dias 18\/05 (shows de Filipe Catto e Ala\u00edde Costa) e 19\/05 (Agnaldo Rayol, Gra\u00e7a Braga e Ver\u00f4nica Ferriani). Os ingressos devem ser retirados no dia 18\/05, a partir das 17h. Gr\u00e1tis. 12 anos. S\u00e1bado, \u00e0s 19h, e domingo, \u00e0s 18h.<\/p>\n<p><strong>Partido na Cozinha Convida Osvaldinho da Cu\u00edca <\/strong>O grupo desenvolve temas de samba de partido alto com a participa\u00e7\u00e3o especial de Osvaldinho da Cu\u00edca. Dia 19\/05. Gr\u00e1tis. Livre. Domingo, das 13h \u00e0s 14h<\/p>\n<p><strong>RAPentista Urbano<\/strong> Apresenta\u00e7\u00f5es com o rapper Arnaldo Tifu que trar\u00e1 o improviso po\u00e9tico urbano do RAP \u00e0 biblioteca do Sesc Bom Retiro. Os temas ser\u00e3o escolhidos pelo p\u00fablico. Dia 18\/05. Livre. Gr\u00e1tis. S\u00e1bado, \u00e0s 18h, 20h e 21h.<\/p>\n<p><strong>\u25ba <\/strong><strong>ESPECIAL<\/strong><\/p>\n<p><strong>Eri e Erisvaldo \u2014 Mestres da Embolada <\/strong>Emboladores que apresentam temas interagindo com o p\u00fablico. Dia 18\/05. Livre. Gr\u00e1tis. S\u00e1bado, das 18h \u00e0s 18h30 e das 20h \u00e0s 20h30.<\/p>\n<p>\u25ba <strong>CIRCO<\/strong><\/p>\n<p><strong>Improviso de Palha\u00e7os <\/strong>Com os palha\u00e7os Carolipa e Bart\u00f4, que ir\u00e3o improvisar esquetes junto \u00e0s crian\u00e7as Dia 19\/05. Livre. Gr\u00e1tis. S\u00e1bado, das 20h \u00e0s 21h. Domingo, das 16h \u00e0s 17h.<\/p>\n<p><strong>Mundo Circo<\/strong> Circuito de atividades circenses presentes no mundo do circo, oferecidas aos visitantes. Ser\u00e1 poss\u00edvel praticar acrobacias de solo, malabares, suingue, bola de equilibrio, fita, al\u00e9m de exerc\u00edcios gerais de for\u00e7a. Dia 18\/05 e 19\/05. Gr\u00e1tis. Livre. S\u00e1bado, das 18h \u00e0s 23h. Domingo, das 11h \u00e0s 18h.<\/p>\n<p><em><strong>Kevin, o Vira Lata<\/strong><\/em> Mescla de dan\u00e7a e circo, o espet\u00e1culo leva ao p\u00fablico a hist\u00f3ria de um c\u00e3ozinho abandonado que busca um novo lar, um novo dono. Dia 19\/05. Gr\u00e1tis. Livre. Domingo, das 11h \u00e0s 12h.<\/p>\n<p><strong>\u25ba <\/strong><strong>DAN\u00c7A<\/strong><\/p>\n<p><strong>Dan\u00e7a de Sal\u00e3o<\/strong> Oficina com a media\u00e7\u00e3o dos instrutores de atividade f\u00edsica da unidade, onde os participantes ir\u00e3o aprender alguns passos de dan\u00e7a e ser\u00e3o convidados a apresentar a coreografia criada na Pra\u00e7a de Conviv\u00eancia. Dias 18\/05 e 19\/05. 30 vagas. Gr\u00e1tis. Livre. S\u00e1bado, das 18h \u00e0s 19h. Domingo, das 11h \u00e0s 12h.<\/p>\n<p>\u25ba <strong>MULTIM\u00cdDIA<\/strong><\/p>\n<p><em><strong>Tagtoll Sessions <\/strong><\/em>Desenho, anima\u00e7\u00e3o e m\u00fasica feita ao vivo com um ilustrador, um animador e um DJ. Nesta interven\u00e7\u00e3o os participantes fazem atividads com uma tagtool, uma esp\u00e9cie de caneta projetora de luz.Dia 19\/05. Gr\u00e1tis. Livre. Domingo, das 14h \u00e0s 17h.<\/p>\n<p><strong>Exibi\u00e7\u00e3o <em>Luz e Sombra<\/em><\/strong> Exibi\u00e7\u00e3o de fotos e v\u00eddeos dos registros do Laborat\u00f3rio de Luz e Sombras. Dia 19\/05. 20 vagas. Livre. Gr\u00e1tis. Domingo, das 12h30 \u00e0s 13h.<\/p>\n<p><strong>Anima\u00e7\u00e3o Inesperada<\/strong> Usando o projetor da sala de internet livre e um computador conectado \u00e0 internet os participantes ir\u00e3o construir uma anima\u00e7\u00e3o on-line coletiva. Dia 18\/05. 14 vagas. Gr\u00e1tis. S\u00e1bado, das 21h \u00e0s 23h.<\/p>\n<p><strong>Laborat\u00f3rio de Luz e Sombra <\/strong>O laborat\u00f3rio prop\u00edcia novas possibilidades de cria\u00e7\u00e3o tendo como mat\u00e9ria a luz e a sombra. Dia 18\/05. 20 vagas. Livre. Inscri\u00e7\u00f5es no local. Gr\u00e1tis. S\u00e1bado, das 18h \u00e0s 20h.<\/p>\n<p><strong><em>Voc\u00ea Improvisa, N\u00f3s Registramos<\/em><\/strong> Registro por meio de v\u00eddeo e \u00e1udio de performances de participantes declamando poesias, contando piadas, contando hist\u00f3rias e o que mais quiserem. Dias 18\/05 e 19\/05. Gr\u00e1tis. Livre. S\u00e1bado, das 20h \u00e0s 21h. Domingo, das 10h30 \u00e0s 11h30.<\/p>\n<p><strong><em>Jardim El\u00e9trico <\/em><\/strong>Exposi\u00e7\u00e3o do mural grafitado pelo coletivo Raga retrata a interpreta\u00e7\u00e3o art\u00edstica da rela\u00e7\u00e3o do homem com a energia el\u00e9trica e as tecnologias provenientes dela. Dias 18\/05 e 19\/05. Gr\u00e1tis. Livre. S\u00e1bado, das 18h30 \u00e0s 0h. Domingo, das 10h \u00e0s 18h.<\/p>\n<p><strong><em>L\u00e1 e C\u00e1 \u2014 Os Livros Viajantes<\/em><\/strong> O projeto prop\u00f5e uma releitura de uma exposi\u00e7\u00e3o exibida na Feira do Livro Infantil de Bolonha, em 2012, na qual Portugal foi o pa\u00eds homenageado, com obras de vinte e cinco ilustradores portugueses contempor\u00e2neos. Al\u00e9m dos ilustradores, a exposi\u00e7\u00e3o traz, tamb\u00e9m, um recorte sobre autores e obras dedicadas \u00e0s crian\u00e7as portuguesas. Dias 18\/05 e 19\/05. Gr\u00e1tis. Livre. S\u00e1bado, das 18h \u00e0s 23h30. Domingo das 10h \u00e0s 18h.<\/p>\n<p><strong><em>Desenhando S\u00e3o Paulo \u2014 Charges e Tirinhas HQ<\/em><\/strong> Interven\u00e7\u00e3o art\u00edstica onde o p\u00fablico ir\u00e1 propor os temas e o artista criar\u00e1 junto com eles charges e tirinhas. Ao final, as charges criadas ser\u00e3o expostas. Com Toni D\u2019Agostinho. Dias 18\/05 e 19\/05. 20 vagas. Gr\u00e1tis. 12 anos. S\u00e1bado, das 20h \u00e0s 22h. Domingo, das 14h \u00e0s 16h.<\/p>\n<p><strong>\u25ba <\/strong><strong>LITERATURA<\/strong><\/p>\n<p><em><strong>Cidades Invis\u00edveis &#8211; A Viagem do Rei Velhinho <\/strong><\/em>Interven\u00e7\u00e3o art\u00edstica de literatura inspirada no cl\u00e1ssico de \u00cdtalo Calvino, <em>As Cidades Invis\u00edveis<\/em>. O p\u00fablico \u00e9 convidado a criar sua po\u00e9tica sobre a cidade e o urbano. Com Cia Ilustrada. Dias 18\/05 e 19\/05. Gr\u00e1tis. Livre. S\u00e1bado, das 20h30 \u00e0s 21h30. Domingo, das 15h \u00e0s 16h.<\/p>\n<p><strong><em>Itiner\u00e1rio<\/em><\/strong> Espet\u00e1culo que re\u00fane artistas de variadas vertentes, apresentando performances po\u00e9ticas, interven\u00e7\u00f5es e polifonias, lan\u00e7ando olhar ao cotidiano das grandes cidades. Concep\u00e7\u00e3o e dire\u00e7\u00e3o de Caco Pontes. Dia 18\/05. Gr\u00e1tis. Livre;. S\u00e1bado, das 18h30 \u00e0s 19h30.<\/p>\n<p><strong><em>Improviso nas estantes<\/em><\/strong> O p\u00fablico poder\u00e1 construir poesias improvisadas com as lombadas dos livros dispon\u00edveis nas estantes da biblioteca. O poeta Cesar Obeid, escritor, educador e contador de hist\u00f3ria apresentar\u00e1 diversas modalidades de improvisos e mediar\u00e1 a atividade. Dia 19\/05. Gr\u00e1tis. 10 anos. Domingo, \u00e0s 10h30, 12h e 13h.<\/p>\n<p><strong>\u25ba <\/strong><strong>CINEMA E V\u00cdDEO<\/strong><\/p>\n<p><strong>Cinema na Virada<\/strong> Exibi\u00e7\u00e3o de filmes e document\u00e1rios nacionais relacionados \u00e0s diversas linguagens art\u00edsticas. 15 vagas. Dias 18\/05 e 19\/05. 14 anos. Gr\u00e1tis. S\u00e1bado, das 18h30 \u00e0s 23h30. Domingo, das 11h \u00e0s 18h.<\/p>\n<p><strong>Mostra de Cinema Mudo<\/strong> O cinema mudo e todo o improviso que se observa nas produ\u00e7\u00f5es dos filmes e nas encena\u00e7\u00f5es dos atores. Dias 18\/05 e 19\/05.Gr\u00e1tis. Livre. S\u00e1bado, das 18h \u00e0s 23h. Domingo, das 11h30 \u00e0s 17h30.<\/p>\n<p><strong>\u25ba <\/strong><strong>INFANTIL<\/strong><\/p>\n<p><em><strong>As Aventuras de Urashima Taro <\/strong><\/em>O pequeno Urashima salva a vida de uma tartaruguinha, e seu destino \u00e9 mudado para sempre. Com Cia P\u00e9 no Canto. Dia 19\/05. Gr\u00e1tis. Os ingresss devem ser retirados no dia 18\/05, a partir das 17h. Domingo, \u00e0s 12h.<\/p>\n<p><em><strong>Orquestra Natural <\/strong><\/em>Neste conto da Oceania um homem caminha no deserto em busca de \u00e1gua e ali cria uma orquestra. Dia 19\/05. Gr\u00e1tis. Livre. Domingo, \u00e0s 15h.<\/p>\n<p><strong>Hist\u00f3rias Para Ler Junto <\/strong>Edi\u00e7\u00e3o especial de media\u00e7\u00e3o de leitura com livros do acervo da biblioteca do Sesc Bom Retiro. Viv\u00eancia com leituras compartilhadas pelos mediadores com pais e filhos. Dias 18\/05 e 19\/05. Gr\u00e1tis. Livre. S\u00e1bado, das 18h30 \u00e0s 20h30; Domingo, das 10h30 \u00e0s 12h30.<\/p>\n<p><strong>Brincadeiras Tradicionais da Oceania <\/strong>Exerc\u00edcios de confian\u00e7a como <em>Que horas s\u00e3o, Seu Lobo?<\/em>. Dia 19\/05. Gr\u00e1tis. Livre. Domingo, \u00e0s 16h.<\/p>\n<p><strong>Brincando de Improviso <\/strong>Viv\u00eancia l\u00fadica interativa com jogos cantados e cria\u00e7\u00e3o de versos.Dia 19\/05. Gr\u00e1tis. Livre. Domingo, das 10h \u00e0s 11h.<\/p>\n<p><strong>Imaginaa\u00e7\u00e3o <\/strong>Viv\u00eancia l\u00fadica com jogos teatrais. Dia 19\/05. O evento que acontece no bairro do Bom Retiro \u00e9 Gr\u00e1tis. Livre. Domingo, das 13h \u00e0s 15h.<\/p>\n<p><em>Fonte: Portal Veja<\/em><\/p>\n\n<div style=\"font-size: 0px; height: 0px; line-height: 0px; margin: 0; padding: 0; clear: both;\"><\/div>","protected":false},"excerpt":{"rendered":"<p>Durante a Virada Cultural, o Sesc Bom Retiro preparou uma programa\u00e7\u00e3o baseada no improviso, convidando o visitante a ser protagonista. Entre os destaques da programa\u00e7\u00e3o est\u00e3o shows de Filipe Catto, Agnaldo Rayol e Ala\u00edde Costa, entre outros, que apresentar\u00e3o can\u00e7\u00f5es que v\u00e3o integrar um disco comemorativo aos 100 anos de nascimento de Herivelto Martins. Boa not\u00edcia tamb\u00e9m para os pais: a unidade, durante os dois dias de evento, tamb\u00e9m v\u00e3o oferecer atividades l\u00fadicas para os pequenos. Confira abaixo a programa\u00e7\u00e3o do evento no bairro do Bom Retiro: \u25ba TEATRO Jogando No Quintal Pocket Um espet\u00e1culo de improvisa\u00e7\u00e3o teatral feito por <\/p>\n","protected":false},"author":1,"featured_media":0,"comment_status":"open","ping_status":"closed","sticky":false,"template":"","format":"standard","meta":{"footnotes":""},"categories":[6],"tags":[],"class_list":["post-835","post","type-post","status-publish","format-standard","hentry","category-noticias-no-bom-retiro"],"aioseo_notices":[],"_links":{"self":[{"href":"https:\/\/www.encontrabomretiro.com.br\/sobre\/wp-json\/wp\/v2\/posts\/835","targetHints":{"allow":["GET"]}}],"collection":[{"href":"https:\/\/www.encontrabomretiro.com.br\/sobre\/wp-json\/wp\/v2\/posts"}],"about":[{"href":"https:\/\/www.encontrabomretiro.com.br\/sobre\/wp-json\/wp\/v2\/types\/post"}],"author":[{"embeddable":true,"href":"https:\/\/www.encontrabomretiro.com.br\/sobre\/wp-json\/wp\/v2\/users\/1"}],"replies":[{"embeddable":true,"href":"https:\/\/www.encontrabomretiro.com.br\/sobre\/wp-json\/wp\/v2\/comments?post=835"}],"version-history":[{"count":0,"href":"https:\/\/www.encontrabomretiro.com.br\/sobre\/wp-json\/wp\/v2\/posts\/835\/revisions"}],"wp:attachment":[{"href":"https:\/\/www.encontrabomretiro.com.br\/sobre\/wp-json\/wp\/v2\/media?parent=835"}],"wp:term":[{"taxonomy":"category","embeddable":true,"href":"https:\/\/www.encontrabomretiro.com.br\/sobre\/wp-json\/wp\/v2\/categories?post=835"},{"taxonomy":"post_tag","embeddable":true,"href":"https:\/\/www.encontrabomretiro.com.br\/sobre\/wp-json\/wp\/v2\/tags?post=835"}],"curies":[{"name":"wp","href":"https:\/\/api.w.org\/{rel}","templated":true}]}}