{"id":726,"date":"2013-03-01T12:56:29","date_gmt":"2013-03-01T14:56:29","guid":{"rendered":"http:\/\/www.encontrabomretiro.com.br\/noticias\/?p=726"},"modified":"2019-04-29T18:04:22","modified_gmt":"2019-04-29T20:04:22","slug":"bom-retiro-ganhara-moradias-atraves-de-parceria-publico-privada","status":"publish","type":"post","link":"https:\/\/www.encontrabomretiro.com.br\/sobre\/bom-retiro-ganhara-moradias-atraves-de-parceria-publico-privada\/","title":{"rendered":"Bom Retiro ganhar\u00e1 moradias atrav\u00e9s de Parceria P\u00fablico-Privada"},"content":{"rendered":"<div class=\"228b65ae207de3c5c501cfe75875708b\" data-index=\"1\" style=\"float: none; margin:0px;\">\n<!-- Anuncio display - global -->\r\n<ins class=\"adsbygoogle\"\r\n     style=\"display:block\"\r\n     data-ad-client=\"ca-pub-8585364105181520\"\r\n     data-ad-slot=\"8789329856\"\r\n     data-ad-format=\"auto\"\r\n     data-full-width-responsive=\"true\"><\/ins>\r\n<script>\r\n     (adsbygoogle = window.adsbygoogle || []).push({});\r\n<\/script>\n<\/div>\n<p>O Governo de S\u00e3o Paulo lan\u00e7ou hoje o maior programa de requalifica\u00e7\u00e3o urbana e inclus\u00e3o social do pa\u00eds com o an\u00fancio de 20 mil moradias no centro expandido de S\u00e3o Paulo. As unidades ser\u00e3o viabilizadas por meio de PPP (Parceria P\u00fablico-Privada). Fam\u00edlias com renda at\u00e9 cinco sal\u00e1rios m\u00ednimos ter\u00e3o prioridade no atendimento.<\/p>\n<p>A proposta \u00e9 a de garantir a casa pr\u00f3pria e aproximar os moradores, especialmente os de menor renda, do seu local de trabalho. &#8220;Trazer de volta as pessoas para morarem na regi\u00e3o central onde est\u00e1 1\/5 praticamente dos empregos da cidade de S\u00e3o Paulo, diminuindo deslocamento e recuperando o centro da cidade&#8221;, afirmou o governador Geraldo Alckmin.<\/p>\n<p>Segundo o secret\u00e1rio da Habita\u00e7\u00e3o, Silvio Torres, o empreendimento segue um modelo ousado e in\u00e9dito. &#8220;Hoje \u00e9 a consolida\u00e7\u00e3o desse novo modelo em que o Estado de S\u00e3o Paulo entra com recursos e consegue viabilizar por meio da iniciativa privada uma quantidade consider\u00e1vel de moradias&#8221;, detalhou.<\/p>\n<p><strong>Investimento<\/strong><\/p>\n<p>O investimento total nos conjuntos habitacionais ser\u00e1 de R$ 4,6 bilh\u00f5es, sendo R$ 2,6 bilh\u00f5es da iniciativa privada. A contrapartida do Governo do Estado, a fundo perdido, ser\u00e1 de R$ 1,6 bilh\u00e3o. Num conv\u00eanio a ser firmado com o Estado, a Prefeitura de S\u00e3o Paulo deve apoiar o projeto com R$ 404 milh\u00f5es, m\u00e9dia de R$ 20 mil por unidade habitacional.<\/p>\n<p>A estrat\u00e9gia de a\u00e7\u00e3o da nova PPP ser\u00e1 a utiliza\u00e7\u00e3o de im\u00f3veis no bairro do Bom Retiro subutilizados nos bairros e nas \u00e1reas cont\u00edguas \u00e0s linhas f\u00e9rreas, corredores de transporte e grandes avenidas centrais. As moradias ser\u00e3o constru\u00eddas nos distritos da S\u00e9 e Rep\u00fablica e em bairros como Br\u00e1s, Bela Vista, Barra Funda, Bel\u00e9m, Bom Retiro, Cambuci, Liberdade, Mooca, Pari, Santa Cec\u00edlia, Glic\u00e9rio, Celso Garcia e adjac\u00eancias. O maior n\u00famero de unidades habitacionais &#8211; 7.076 &#8211; deve estar concentrado nos bairros da Barra Funda, Santa Cec\u00edlia, bairro do Pari e Bom Retiro.<\/p>\n<p>A Parceria P\u00fablico-Privada da \u00e1rea central nasceu da identifica\u00e7\u00e3o da enorme subutiliza\u00e7\u00e3o de im\u00f3veis e da ociosidade da infraestrutura urbana na regi\u00e3o central da capital, diagnosticada pela ag\u00eancia de fomento habitacional Casa Paulista, da Secretaria da Habita\u00e7\u00e3o.<\/p>\n<p>Ap\u00f3s prazos de apresenta\u00e7\u00e3o e an\u00e1lise das propostas, o edital de licita\u00e7\u00e3o dever\u00e1 ser publicado em maio. A previs\u00e3o \u00e9 de contrata\u00e7\u00e3o das empresas em outubro deste ano. Os empreendimentos devem ser finalizados em prazos entre dois e seis anos.<\/p>\n<p><em>Fonte: Portal do Governo do Estado<\/em><\/p>\n\n<div style=\"font-size: 0px; height: 0px; line-height: 0px; margin: 0; padding: 0; clear: both;\"><\/div>","protected":false},"excerpt":{"rendered":"<p>O Governo de S\u00e3o Paulo lan\u00e7ou hoje o maior programa de requalifica\u00e7\u00e3o urbana e inclus\u00e3o social do pa\u00eds com o an\u00fancio de 20 mil moradias no centro expandido de S\u00e3o Paulo. As unidades ser\u00e3o viabilizadas por meio de PPP (Parceria P\u00fablico-Privada). Fam\u00edlias com renda at\u00e9 cinco sal\u00e1rios m\u00ednimos ter\u00e3o prioridade no atendimento. A proposta \u00e9 a de garantir a casa pr\u00f3pria e aproximar os moradores, especialmente os de menor renda, do seu local de trabalho. &#8220;Trazer de volta as pessoas para morarem na regi\u00e3o central onde est\u00e1 1\/5 praticamente dos empregos da cidade de S\u00e3o Paulo, diminuindo deslocamento e recuperando <\/p>\n","protected":false},"author":1,"featured_media":0,"comment_status":"open","ping_status":"closed","sticky":false,"template":"","format":"standard","meta":{"footnotes":""},"categories":[6],"tags":[],"class_list":["post-726","post","type-post","status-publish","format-standard","hentry","category-noticias-no-bom-retiro"],"aioseo_notices":[],"_links":{"self":[{"href":"https:\/\/www.encontrabomretiro.com.br\/sobre\/wp-json\/wp\/v2\/posts\/726","targetHints":{"allow":["GET"]}}],"collection":[{"href":"https:\/\/www.encontrabomretiro.com.br\/sobre\/wp-json\/wp\/v2\/posts"}],"about":[{"href":"https:\/\/www.encontrabomretiro.com.br\/sobre\/wp-json\/wp\/v2\/types\/post"}],"author":[{"embeddable":true,"href":"https:\/\/www.encontrabomretiro.com.br\/sobre\/wp-json\/wp\/v2\/users\/1"}],"replies":[{"embeddable":true,"href":"https:\/\/www.encontrabomretiro.com.br\/sobre\/wp-json\/wp\/v2\/comments?post=726"}],"version-history":[{"count":0,"href":"https:\/\/www.encontrabomretiro.com.br\/sobre\/wp-json\/wp\/v2\/posts\/726\/revisions"}],"wp:attachment":[{"href":"https:\/\/www.encontrabomretiro.com.br\/sobre\/wp-json\/wp\/v2\/media?parent=726"}],"wp:term":[{"taxonomy":"category","embeddable":true,"href":"https:\/\/www.encontrabomretiro.com.br\/sobre\/wp-json\/wp\/v2\/categories?post=726"},{"taxonomy":"post_tag","embeddable":true,"href":"https:\/\/www.encontrabomretiro.com.br\/sobre\/wp-json\/wp\/v2\/tags?post=726"}],"curies":[{"name":"wp","href":"https:\/\/api.w.org\/{rel}","templated":true}]}}