{"id":691,"date":"2013-02-08T00:10:55","date_gmt":"2013-02-08T02:10:55","guid":{"rendered":"http:\/\/www.encontrabomretiro.com.br\/noticias\/?p=691"},"modified":"2019-04-29T18:04:38","modified_gmt":"2019-04-29T20:04:38","slug":"confira-o-que-abre-e-o-que-fecha-no-bom-retiro-e-em-toda-capital-no-feriado-de-carnaval","status":"publish","type":"post","link":"https:\/\/www.encontrabomretiro.com.br\/sobre\/confira-o-que-abre-e-o-que-fecha-no-bom-retiro-e-em-toda-capital-no-feriado-de-carnaval\/","title":{"rendered":"Confira o que abre e o que fecha no Bom Retiro e em toda capital no feriado de carnaval"},"content":{"rendered":"<div class=\"228b65ae207de3c5c501cfe75875708b\" data-index=\"1\" style=\"float: none; margin:0px;\">\n<!-- Anuncio display - global -->\r\n<ins class=\"adsbygoogle\"\r\n     style=\"display:block\"\r\n     data-ad-client=\"ca-pub-8585364105181520\"\r\n     data-ad-slot=\"8789329856\"\r\n     data-ad-format=\"auto\"\r\n     data-full-width-responsive=\"true\"><\/ins>\r\n<script>\r\n     (adsbygoogle = window.adsbygoogle || []).push({});\r\n<\/script>\n<\/div>\n<p>Os paulistanos devem ficar atentos ao funcionamento dos servi\u00e7os e \u00f3rg\u00e3os municipais na cidade de S\u00e3o Paulo neste feriado prolongado de carnaval. Muitos hor\u00e1rios de funcionamento ser\u00e3o alterados e alguns estabelecimentos n\u00e3o abrir\u00e3o as portas.<\/p>\n<p>As ag\u00eancias banc\u00e1rias ter\u00e3o expediente apenas na quarta-feira (13), a partir das 12h. Ag\u00eancias dos Correios tamb\u00e9m n\u00e3o funcionam na segunda-feira (11) e na ter\u00e7a (12), com exce\u00e7\u00e3o da localizada no aeroporto de Cumbica, em Guarulhos, na Grande S\u00e3o Paulo, que abrir\u00e1 das 9h \u00e0s 17h. Na quarta-feira, o atendimento volta ao normal. Os transportes p\u00fablicos e servi\u00e7os de abastecimento, como mercados e sacol\u00f5es municipais, ter\u00e3o hor\u00e1rios alterados.<\/p>\n<p><strong>Confira abaixo o que abre e o que fecha em S\u00e3o Paulo neste feriado prolongado:<\/strong><\/p>\n<p><strong>Metr\u00f4<\/strong><br \/>\nNesta sexta-feira (8), o Metr\u00f4 implantar\u00e1 um esquema especial para refor\u00e7ar o n\u00famero de viagens na Linha 1-Azul, que leva ao Terminal Rodovi\u00e1rio do Jabaquara e ao Terminal Rodovi\u00e1rio do Tiet\u00ea. Nas demais linhas, a frota de trens segue igual.<\/p>\n<p>Durante o s\u00e1bado (9) e o domingo (10), o n\u00famero de trens em opera\u00e7\u00e3o ser\u00e1 o mesmo de um final de semana normal. Na segunda-feira (11), a frota ser\u00e1 semelhante \u00e0 de um s\u00e1bado. J\u00e1 na ter\u00e7a-feira (12), a quantidade de trens em atividade ser\u00e1 equivalente a de um domingo.<\/p>\n<p>Na quarta-feira (13), para atender aqueles que retornam do feriado prolongado, a circula\u00e7\u00e3o dos trens ser\u00e1 antecipada para as 4h nas linhas 1-Azul, 2-Verde e 3-Vermelha, onde desembarcam os usu\u00e1rios que chegam pelos terminal rodovi\u00e1rio Tiet\u00ea, Jabaquara e Terminal Rodovi\u00e1rio da Barra Funda. Na Linha 5-Lil\u00e1s, a opera\u00e7\u00e3o ter\u00e1 in\u00edcio no hor\u00e1rio habitual, a partir das 4h40.<\/p>\n<p>Durante o per\u00edodo de carnaval, de sexta a ter\u00e7a, as seis esta\u00e7\u00f5es da Linha 4-Amarela de metr\u00f4 operam em hor\u00e1rio normal. Nesses dias, a oferta de trens em circula\u00e7\u00e3o ser\u00e1 dimensionada conforme a demanda de passageiros no per\u00edodo. Para atender aos clientes que estiverem retornando de viagem, na quarta, o hor\u00e1rio de abertura das esta\u00e7\u00f5es ser\u00e1 antecipado de 4h40 para 4h, seguindo a opera\u00e7\u00e3o praticada nas Linhas 1-Azul, 2-Verde e 3-Vermelha do Metr\u00f4.<\/p>\n<p><strong>Bancos no bairro do Bom Retiro e em toda capital<\/strong><br \/>\nAs ag\u00eancias banc\u00e1rias n\u00e3o funcionam na segunda e na ter\u00e7a-feira. As contas com vencimento n\u00e3o ajustado ao calend\u00e1rio de feriados podem ser pagas j\u00e1 na quarta-feira, quando o atendimento retorna a partir das 12h.<\/p>\n<p><strong>Poupatempo<\/strong><br \/>\nOs postos Poupatempo e o Disque-Poupatempo tamb\u00e9m n\u00e3o funcionam na segunda e ter\u00e7a-feira. Os postos voltam a atender a popula\u00e7\u00e3o na quarta-feira, a partir das 12h. J\u00e1 o teleatendimento retorna ao funcionamento no mesmo dia, mais cedo: a partir das 7h.<\/p>\n<p><strong>Correios<\/strong><br \/>\nAs ag\u00eancias dos Correios da cidade de S\u00e3o Paulo n\u00e3o funcionam na segunda e ter\u00e7a-feira, com exce\u00e7\u00e3o da localizada no Aeroporto Internacional de Cumbica, na cidade de Guarulhos, na Grande S\u00e3o Paulo, que abrir\u00e1 das 9h \u00e0s 17h. Na quarta-feira, o atendimento volta ao normal.<\/p>\n<p><strong>Shoppings<\/strong><br \/>\nGrande parte dos shoppings paulistanos ter\u00e1 funcionamento normal na segunda e quarta-feira. Na ter\u00e7a-feira, o hor\u00e1rio de funcionamento das lojas ser\u00e1 semelhante ao de um domingo: das 14h \u00e0s 20h. J\u00e1 as pra\u00e7as de alimenta\u00e7\u00e3o e \u00e1reas de lazer estar\u00e3o abertas das 11h at\u00e9 as 23h.<\/p>\n<p><strong>Procon-SP<\/strong><br \/>\nOs postos de atendimento da Funda\u00e7\u00e3o Procon-SP na S\u00e9, em Santo Amaro e em Itaquera n\u00e3o abrem na segunda e ter\u00e7a-feira. No s\u00e1bado, h\u00e1 atendimento das 7h \u00e0s 13h. J\u00e1 na quarta-feira, o atendimento ser\u00e1 feito a partir das 12h. Os servi\u00e7os de Ouvidoria, atendimento eletr\u00f4nico e por telefone s\u00f3 retornam na quarta-feira, tamb\u00e9m a partir das 12h.<\/p>\n<p><strong>Assist\u00eancia Social<\/strong><br \/>\nNeste feriado, segundo a Prefeitura de S\u00e3o Paulo, os servi\u00e7os de emerg\u00eancia e acolhida atender\u00e3o sem interrup\u00e7\u00f5es. Entre eles est\u00e3o os abrigos, as Casas de Acolhida, a Central de Atendimento Permanente e de Emerg\u00eancia e os Centros de Acolhida (antigos albergues).<\/p>\n<p>A Loja Social, o Centro de Refer\u00eancia de Assist\u00eancia Social, a Coordenadoria de Assist\u00eancia Social e o Centro de Refer\u00eancia Especializado de Assist\u00eancia Social n\u00e3o funcionar\u00e3o.<\/p>\n<p><strong>Abastecimento<\/strong><br \/>\nOs mercados municipais atender\u00e3o nos seguintes hor\u00e1rios na ter\u00e7a-feira de Carnaval: Central Leste e Vila Formosa, das 7h \u00e0s 13h; Pirituba, das 7h \u00e0s 14h; Penha e Sapopemba, das 8h \u00e0s 13h. Os de Guaianases, Ipiranga, Kinjo Yamato, S\u00e3o Miguel, Pinheiros, Santo Amaro, Tucuruvi, Teot\u00f4nio Vilela, Lapa e o Paulistano (Central) n\u00e3o abrem as portas. Nos demais dias, todos funcionam nos hor\u00e1rios habituais.<\/p>\n<p>J\u00e1 o atendimento nos sacol\u00f5es ser\u00e1 feito nos seguintes hor\u00e1rios na ter\u00e7a-feira: Jaguar\u00e9, das 6h30 \u00e0s 13h; Brigadeiro, das 7h \u00e0s 13h; Butant\u00e3, das 7h \u00e0s 13h30; Bela Vista, Jaragu\u00e1, City Jaragu\u00e1 e Rio Pequeno, das 7h \u00e0s 14h; Avanhandava e Piraporinha, das 7h \u00e0s 14h30; Estrada do Sab\u00e3o e Freguesia do \u00d3, das 7h \u00e0s 15h; COHAB Adventista, das 7h \u00e0s 17h; Lapa, das 8h \u00e0s 13h; Cidade Tiradentes, das 8h \u00e0s 15h. Os de Santo Amaro, S\u00e3o Miguel e Lapa n\u00e3o funcionar\u00e3o. Nos demais dias, hor\u00e1rio de atendimento normal.<\/p>\n<p><strong>Sa\u00fade<\/strong><br \/>\nOs hospitais, pronto-socorros e AMAs 24 horas funcionam todos os dias. A AMA tradicional funciona normalmente, de segunda a s\u00e1bado, das 7h \u00e0s 19h. J\u00e1 as UBS e AMAs Especialidades funcionam normalmente no s\u00e1bado, mas n\u00e3o atendem a popula\u00e7\u00e3o na segunda e ter\u00e7a-feira, reabrindo apenas na quarta-feira, a partir das 12h.<\/p>\n<p><strong>Cultura<\/strong><br \/>\nAs bibliotecas de bairro fecham no s\u00e1bado e retornam apenas na quarta-feira. Assim como: Biblioteca Monteiro Lobato (na Consola\u00e7\u00e3o), Biblioteca \u00c1lvares de Azevedo (na Vila Maria), Biblioteca Cora Coralina, Biblioteca Jos\u00e9 de Anchieta, Biblioteca Raul Bopp (Aclima\u00e7\u00e3o), Biblioteca Paulo Setubal e Biblioteca Viriato Correa (Vila Mariana). A Biblioteca M\u00e1rio de Andrade, a maior da cidade, abre as portas apenas no s\u00e1bado, das 10h \u00e0s 17h, somente na cole\u00e7\u00e3o circulante e atualidades.<\/p>\n<p>O Theatro Municipal de S\u00e3o Paulo (Regi\u00e3o Central de SP) n\u00e3o ter\u00e1 funcionamento em nenhum dia do feriado prolongado e s\u00f3 retorna \u00e0s atividades na quarta-feira. O mesmo acontece no Teatro Artur Azevedo (Mooca) e nas escolas municipais de bailado, m\u00fasica e inicia\u00e7\u00e3o art\u00edstica. J\u00e1 o Teatro Jo\u00e3o Caetano (Vila Mariana), Teatro Martins Penna (Penha), Teatro Zanoni Ferrite (Vila Formosa), Teatro D\u00e9cio de Almeida Prado (Itaim) e Teatro Cacilda Becker (Encontra Lapa) abrem tamb\u00e9m no s\u00e1bado e no domingo. O Teatro Artur Azevedo, Teatro Fl\u00e1vio Imp\u00e9rio (Canga\u00edba) e Teatro Paulo Eir\u00f3 (Santo Amaro) permanecem fechados por conta de reformas.<\/p>\n<p>O Centro Cultural da Juventude Ruth Cardoso (Casa Verde) e o Arquivo Hist\u00f3rico Municipal (Bom Retiro) estar\u00e3o fechados at\u00e9 a quarta-feira. O Centro Cultural da Penha abrir\u00e1 apenas no s\u00e1bado e domingo. Assim como o Centro Cultural S\u00e3o Paulo (Liberdade), que funcionar\u00e1, mas com a biblioteca fechada.<\/p>\n<p><strong>Educa\u00e7\u00e3o<\/strong><br \/>\nOs Centros Educacionais Unificados (Ceus) abrir\u00e3o para atividades de esporte e lazer durante todo o feriado. No s\u00e1bado e domingo, das 8h \u00e0s 20h. Na segunda e ter\u00e7a-feira, das 8h \u00e0s 18h. As op\u00e7\u00f5es de atividades s\u00e3o diversas e a programa\u00e7\u00e3o de todas as unidades dos CEUs pode ser conferida no site\u00a0 da Secretaria Municipal de Educa\u00e7\u00e3o.<\/p>\n<p><strong>Subprefeituras<\/strong><br \/>\nAs Pra\u00e7as de Atendimento n\u00e3o funcionar\u00e3o durante o carnaval. Os trabalhos voltam ao normal na quarta-feira, a partir das 12h.<\/p>\n<p><strong>Esporte<\/strong><br \/>\nOs Clubes da Cidade abrem as portas normalmente na segunda e na ter\u00e7a-feira. J\u00e1 na quarta-feira, estar\u00e3o fechados para manuten\u00e7\u00e3o.<\/p>\n<p><strong>Trabalho<\/strong><br \/>\nAs unidades m\u00f3veis e fixas do Centro de Apoio ao Trabalho (CATs) e do banco de microcr\u00e9dito Banco Confia n\u00e3o atender\u00e3o a popula\u00e7\u00e3o durante este feriado. Na quarta-feira (13) o expediente em ambos ter\u00e1 in\u00edcio \u00e0s 12h.<\/p>\n<p><strong>Verde e Meio Ambiente<\/strong><br \/>\nOs parques municipais abrir\u00e3o todos os dias nos hor\u00e1rios habituais, com exce\u00e7\u00e3o do <a title=\"Parque da Luz\" href=\"http:\/\/www.encontrabomretiro.com.br\/bom-retiro\/parque-da-luz-no-bom-retiro.shtml\" target=\"_blank\">Parque Jardim da Luz<\/a>, que n\u00e3o funciona \u00e0s segundas-feiras.<\/p>\n<p><em>Fonte: G1<\/em><\/p>\n\n<div style=\"font-size: 0px; height: 0px; line-height: 0px; margin: 0; padding: 0; clear: both;\"><\/div>","protected":false},"excerpt":{"rendered":"<p>Os paulistanos devem ficar atentos ao funcionamento dos servi\u00e7os e \u00f3rg\u00e3os municipais na cidade de S\u00e3o Paulo neste feriado prolongado de carnaval. Muitos hor\u00e1rios de funcionamento ser\u00e3o alterados e alguns estabelecimentos n\u00e3o abrir\u00e3o as portas. As ag\u00eancias banc\u00e1rias ter\u00e3o expediente apenas na quarta-feira (13), a partir das 12h. Ag\u00eancias dos Correios tamb\u00e9m n\u00e3o funcionam na segunda-feira (11) e na ter\u00e7a (12), com exce\u00e7\u00e3o da localizada no aeroporto de Cumbica, em Guarulhos, na Grande S\u00e3o Paulo, que abrir\u00e1 das 9h \u00e0s 17h. Na quarta-feira, o atendimento volta ao normal. Os transportes p\u00fablicos e servi\u00e7os de abastecimento, como mercados e sacol\u00f5es municipais, <\/p>\n","protected":false},"author":1,"featured_media":0,"comment_status":"open","ping_status":"closed","sticky":false,"template":"","format":"standard","meta":{"footnotes":""},"categories":[6],"tags":[],"class_list":["post-691","post","type-post","status-publish","format-standard","hentry","category-noticias-no-bom-retiro"],"aioseo_notices":[],"_links":{"self":[{"href":"https:\/\/www.encontrabomretiro.com.br\/sobre\/wp-json\/wp\/v2\/posts\/691","targetHints":{"allow":["GET"]}}],"collection":[{"href":"https:\/\/www.encontrabomretiro.com.br\/sobre\/wp-json\/wp\/v2\/posts"}],"about":[{"href":"https:\/\/www.encontrabomretiro.com.br\/sobre\/wp-json\/wp\/v2\/types\/post"}],"author":[{"embeddable":true,"href":"https:\/\/www.encontrabomretiro.com.br\/sobre\/wp-json\/wp\/v2\/users\/1"}],"replies":[{"embeddable":true,"href":"https:\/\/www.encontrabomretiro.com.br\/sobre\/wp-json\/wp\/v2\/comments?post=691"}],"version-history":[{"count":0,"href":"https:\/\/www.encontrabomretiro.com.br\/sobre\/wp-json\/wp\/v2\/posts\/691\/revisions"}],"wp:attachment":[{"href":"https:\/\/www.encontrabomretiro.com.br\/sobre\/wp-json\/wp\/v2\/media?parent=691"}],"wp:term":[{"taxonomy":"category","embeddable":true,"href":"https:\/\/www.encontrabomretiro.com.br\/sobre\/wp-json\/wp\/v2\/categories?post=691"},{"taxonomy":"post_tag","embeddable":true,"href":"https:\/\/www.encontrabomretiro.com.br\/sobre\/wp-json\/wp\/v2\/tags?post=691"}],"curies":[{"name":"wp","href":"https:\/\/api.w.org\/{rel}","templated":true}]}}