{"id":585,"date":"2013-02-13T01:50:10","date_gmt":"2013-02-13T03:50:10","guid":{"rendered":"http:\/\/www.encontrabomretiro.com.br\/noticias\/?p=585"},"modified":"2019-04-29T18:04:23","modified_gmt":"2019-04-29T20:04:23","slug":"sesc-bom-retiro-apresenta-angela-maria","status":"publish","type":"post","link":"https:\/\/www.encontrabomretiro.com.br\/sobre\/sesc-bom-retiro-apresenta-angela-maria\/","title":{"rendered":"Sesc Bom Retiro apresenta \u00c2ngela Maria"},"content":{"rendered":"<div class=\"228b65ae207de3c5c501cfe75875708b\" data-index=\"1\" style=\"float: none; margin:0px;\">\n<!-- Anuncio display - global -->\r\n<ins class=\"adsbygoogle\"\r\n     style=\"display:block\"\r\n     data-ad-client=\"ca-pub-8585364105181520\"\r\n     data-ad-slot=\"8789329856\"\r\n     data-ad-format=\"auto\"\r\n     data-full-width-responsive=\"true\"><\/ins>\r\n<script>\r\n     (adsbygoogle = window.adsbygoogle || []).push({});\r\n<\/script>\n<\/div>\n<p>Angela Maria apresenta repert\u00f3rio do CD &#8220;Angela Maria &#8211; Eu Voltei&#8221;, que traz um panorama dos 60 anos de carreira da cantora. No repert\u00f3rio can\u00e7\u00f5es como: O Port\u00e3o\u201d (Roberto Carlos), \u201cEspelho do meu camarim\u201d (Ivan Lins e Vitor Martins), \u201cOlhos nos Olhos\u201d (Chico Buarque), \u201cEsse Cara\u201d (Caetano Veloso) e \u201cPra Voc\u00ea\u201d (Chico C\u00e9sar). Teatro.Venda limitada a 4 ingressos por pessoa nas bilheterias do Sesc desde 1\/02.<\/p>\n<p>Show de lan\u00e7amento do novo CD intitulado \u201cAin\u2019t no Strangers Here\u201d que mostra todo entrosamento entre o viol\u00e3o ac\u00fastico e a gaita. No palco a presen\u00e7a de Marcos Klis no baixo ac\u00fastico.<\/p>\n<p><strong>Servi\u00e7o no bairro do Bom Retiro:<\/strong><\/p>\n<p><strong>Local:<\/strong> <a>Sesc Bom Retiro<\/a><br \/>\n<strong>Endere\u00e7o:<\/strong> Alameda Nothmann, 185 \u2013 Bom Retiro<br \/>\n<strong>Data:<\/strong> 15\/02, 16\/02, 17\/02, 22\/02, 23\/02, 24\/02 &#8211; Sextas, \u00e1s 20h, S\u00e1bados \u00e0s 19h e Domingos \u00e0s 18h.<br \/>\n<strong>Faixa Et\u00e1ria: <\/strong>N\u00e3o recomendado para menores de 12 anos<\/p>\n<p><strong>Pre\u00e7os:<\/strong><\/p>\n<p>R$ R$ 24,00\u00a0\u00a0 \u00a0[inteira]<br \/>\nR$ R$ 12,00\u00a0\u00a0 \u00a0[usu\u00e1rio matriculado no Sesc e dependentes, aposentado, pessoa com mais de 60 anos, pessoa com defici\u00eancia, estudante e professor da rede p\u00fablica com comprovante]<br \/>\nR$ R$ 6,00\u00a0\u00a0 \u00a0[trabalhador do com\u00e9rcio de bens, servi\u00e7os e turismo matriculado no Sesc e dependentes]<\/p>\n<p><em>Fonte: Sesc<\/em><strong><br \/>\n<\/strong><\/p>\n\n<div style=\"font-size: 0px; height: 0px; line-height: 0px; margin: 0; padding: 0; clear: both;\"><\/div>","protected":false},"excerpt":{"rendered":"<p>Angela Maria apresenta repert\u00f3rio do CD &#8220;Angela Maria &#8211; Eu Voltei&#8221;, que traz um panorama dos 60 anos de carreira da cantora. No repert\u00f3rio can\u00e7\u00f5es como: O Port\u00e3o\u201d (Roberto Carlos), \u201cEspelho do meu camarim\u201d (Ivan Lins e Vitor Martins), \u201cOlhos nos Olhos\u201d (Chico Buarque), \u201cEsse Cara\u201d (Caetano Veloso) e \u201cPra Voc\u00ea\u201d (Chico C\u00e9sar). Teatro.Venda limitada a 4 ingressos por pessoa nas bilheterias do Sesc desde 1\/02. Show de lan\u00e7amento do novo CD intitulado \u201cAin\u2019t no Strangers Here\u201d que mostra todo entrosamento entre o viol\u00e3o ac\u00fastico e a gaita. No palco a presen\u00e7a de Marcos Klis no baixo ac\u00fastico. Servi\u00e7o no <\/p>\n","protected":false},"author":1,"featured_media":0,"comment_status":"open","ping_status":"closed","sticky":false,"template":"","format":"standard","meta":{"footnotes":""},"categories":[9],"tags":[],"class_list":["post-585","post","type-post","status-publish","format-standard","hentry","category-shows-no-bom-retiro"],"aioseo_notices":[],"_links":{"self":[{"href":"https:\/\/www.encontrabomretiro.com.br\/sobre\/wp-json\/wp\/v2\/posts\/585","targetHints":{"allow":["GET"]}}],"collection":[{"href":"https:\/\/www.encontrabomretiro.com.br\/sobre\/wp-json\/wp\/v2\/posts"}],"about":[{"href":"https:\/\/www.encontrabomretiro.com.br\/sobre\/wp-json\/wp\/v2\/types\/post"}],"author":[{"embeddable":true,"href":"https:\/\/www.encontrabomretiro.com.br\/sobre\/wp-json\/wp\/v2\/users\/1"}],"replies":[{"embeddable":true,"href":"https:\/\/www.encontrabomretiro.com.br\/sobre\/wp-json\/wp\/v2\/comments?post=585"}],"version-history":[{"count":0,"href":"https:\/\/www.encontrabomretiro.com.br\/sobre\/wp-json\/wp\/v2\/posts\/585\/revisions"}],"wp:attachment":[{"href":"https:\/\/www.encontrabomretiro.com.br\/sobre\/wp-json\/wp\/v2\/media?parent=585"}],"wp:term":[{"taxonomy":"category","embeddable":true,"href":"https:\/\/www.encontrabomretiro.com.br\/sobre\/wp-json\/wp\/v2\/categories?post=585"},{"taxonomy":"post_tag","embeddable":true,"href":"https:\/\/www.encontrabomretiro.com.br\/sobre\/wp-json\/wp\/v2\/tags?post=585"}],"curies":[{"name":"wp","href":"https:\/\/api.w.org\/{rel}","templated":true}]}}