{"id":581,"date":"2013-02-05T01:44:18","date_gmt":"2013-02-05T03:44:18","guid":{"rendered":"http:\/\/www.encontrabomretiro.com.br\/noticias\/?p=581"},"modified":"2019-04-29T18:04:38","modified_gmt":"2019-04-29T20:04:38","slug":"sesc-bom-retiro-apresenta-flavio-guimaraes-e-alamo-leal","status":"publish","type":"post","link":"https:\/\/www.encontrabomretiro.com.br\/sobre\/sesc-bom-retiro-apresenta-flavio-guimaraes-e-alamo-leal\/","title":{"rendered":"Sesc Bom Retiro apresenta Fl\u00e1vio Guimar\u00e3es e Alamo Leal"},"content":{"rendered":"<div class=\"228b65ae207de3c5c501cfe75875708b\" data-index=\"1\" style=\"float: none; margin:0px;\">\n<!-- Anuncio display - global -->\r\n<ins class=\"adsbygoogle\"\r\n     style=\"display:block\"\r\n     data-ad-client=\"ca-pub-8585364105181520\"\r\n     data-ad-slot=\"8789329856\"\r\n     data-ad-format=\"auto\"\r\n     data-full-width-responsive=\"true\"><\/ins>\r\n<script>\r\n     (adsbygoogle = window.adsbygoogle || []).push({});\r\n<\/script>\n<\/div>\n<p>Na pr\u00f3xima quinta feira (7), o Sesc Bom Retiro apresenta Fl\u00e1vio Guimar\u00e3es e Alamo Leal. O Show de lan\u00e7amento do novo CD intitulado &#8220;Ain&#8217;t no Strangers Here&#8221; que mostra todo entrosamento entre o viol\u00e3o ac\u00fastico e a gaita. No palco a presen\u00e7a de Marcos Klis no baixo ac\u00fastico.<\/p>\n<p>&nbsp;<\/p>\n<p>&nbsp;<\/p>\n<p>&nbsp;<\/p>\n<p>&nbsp;<\/p>\n<p>Servi\u00e7o no bairro do Bom Retiro:<\/p>\n<p><strong>Local:<\/strong> <a>Sesc Bom Retiro<\/a> &#8211; Teatro<br \/>\n<strong>Endere\u00e7o:<\/strong> Alameda Nothmann, 185 \u2013 Bom Retiro<br \/>\n<strong>Data:<\/strong> 07\/02 &#8211; Quinta, \u00e0s 20h<br \/>\n<strong>Faixa Et\u00e1ria: <\/strong>N\u00e3o recomendado para menores de 12 anos<\/p>\n<p><strong>Pre\u00e7os:<\/strong><\/p>\n<p>R$ 12,00\u00a0\u00a0 \u00a0[inteira]<br \/>\nR$ 6,00\u00a0\u00a0 \u00a0[usu\u00e1rio matriculado no Sesc e dependentes, aposentado, pessoa com mais de 60 anos, pessoa com defici\u00eancia, estudante e professor da rede p\u00fablica com comprovante]<br \/>\nR$ 3,00\u00a0\u00a0 \u00a0[trabalhador do com\u00e9rcio de bens, servi\u00e7os e turismo matriculado no Sesc e dependentes]<\/p>\n<p><em>Fonte: Sesc SP<\/em><\/p>\n\n<div style=\"font-size: 0px; height: 0px; line-height: 0px; margin: 0; padding: 0; clear: both;\"><\/div>","protected":false},"excerpt":{"rendered":"<p>Na pr\u00f3xima quinta feira (7), o Sesc Bom Retiro apresenta Fl\u00e1vio Guimar\u00e3es e Alamo Leal. O Show de lan\u00e7amento do novo CD intitulado &#8220;Ain&#8217;t no Strangers Here&#8221; que mostra todo entrosamento entre o viol\u00e3o ac\u00fastico e a gaita. No palco a presen\u00e7a de Marcos Klis no baixo ac\u00fastico. &nbsp; &nbsp; &nbsp; &nbsp; Servi\u00e7o no bairro do Bom Retiro: Local: Sesc Bom Retiro &#8211; Teatro Endere\u00e7o: Alameda Nothmann, 185 \u2013 Bom Retiro Data: 07\/02 &#8211; Quinta, \u00e0s 20h Faixa Et\u00e1ria: N\u00e3o recomendado para menores de 12 anos Pre\u00e7os: R$ 12,00\u00a0\u00a0 \u00a0 R$ 6,00\u00a0\u00a0 \u00a0<\/p>\n","protected":false},"author":1,"featured_media":0,"comment_status":"open","ping_status":"closed","sticky":false,"template":"","format":"standard","meta":{"footnotes":""},"categories":[9],"tags":[],"class_list":["post-581","post","type-post","status-publish","format-standard","hentry","category-shows-no-bom-retiro"],"aioseo_notices":[],"_links":{"self":[{"href":"https:\/\/www.encontrabomretiro.com.br\/sobre\/wp-json\/wp\/v2\/posts\/581","targetHints":{"allow":["GET"]}}],"collection":[{"href":"https:\/\/www.encontrabomretiro.com.br\/sobre\/wp-json\/wp\/v2\/posts"}],"about":[{"href":"https:\/\/www.encontrabomretiro.com.br\/sobre\/wp-json\/wp\/v2\/types\/post"}],"author":[{"embeddable":true,"href":"https:\/\/www.encontrabomretiro.com.br\/sobre\/wp-json\/wp\/v2\/users\/1"}],"replies":[{"embeddable":true,"href":"https:\/\/www.encontrabomretiro.com.br\/sobre\/wp-json\/wp\/v2\/comments?post=581"}],"version-history":[{"count":0,"href":"https:\/\/www.encontrabomretiro.com.br\/sobre\/wp-json\/wp\/v2\/posts\/581\/revisions"}],"wp:attachment":[{"href":"https:\/\/www.encontrabomretiro.com.br\/sobre\/wp-json\/wp\/v2\/media?parent=581"}],"wp:term":[{"taxonomy":"category","embeddable":true,"href":"https:\/\/www.encontrabomretiro.com.br\/sobre\/wp-json\/wp\/v2\/categories?post=581"},{"taxonomy":"post_tag","embeddable":true,"href":"https:\/\/www.encontrabomretiro.com.br\/sobre\/wp-json\/wp\/v2\/tags?post=581"}],"curies":[{"name":"wp","href":"https:\/\/api.w.org\/{rel}","templated":true}]}}