{"id":563,"date":"2013-01-18T08:28:14","date_gmt":"2013-01-18T10:28:14","guid":{"rendered":"http:\/\/www.encontrabomretiro.com.br\/noticias\/?p=563"},"modified":"2019-04-29T18:04:38","modified_gmt":"2019-04-29T20:04:38","slug":"teatro-da-vertigem-faz-nova-temporada-do-espetaculo-bom-retiro-958-metros","status":"publish","type":"post","link":"https:\/\/www.encontrabomretiro.com.br\/sobre\/teatro-da-vertigem-faz-nova-temporada-do-espetaculo-bom-retiro-958-metros\/","title":{"rendered":"Teatro da Vertigem faz nova temporada do espet\u00e1culo Bom Retiro 958 Metros"},"content":{"rendered":"<div class=\"228b65ae207de3c5c501cfe75875708b\" data-index=\"1\" style=\"float: none; margin:0px;\">\n<!-- Anuncio display - global -->\r\n<ins class=\"adsbygoogle\"\r\n     style=\"display:block\"\r\n     data-ad-client=\"ca-pub-8585364105181520\"\r\n     data-ad-slot=\"8789329856\"\r\n     data-ad-format=\"auto\"\r\n     data-full-width-responsive=\"true\"><\/ins>\r\n<script>\r\n     (adsbygoogle = window.adsbygoogle || []).push({});\r\n<\/script>\n<\/div>\n<p>Ao inv\u00e9s do tablado, ruas, cal\u00e7adas e cruzamentos. No palco, um dos mais tradicionais bairros da cidade de S\u00e3o Paulo. Em cena, o espet\u00e1culo \u201cBom Retiro 958 metros\u201d. Interpretada pelo grupo Teatro de Vertigem, a montagem ganha nova temporada, que vai at\u00e9 24 de fervereiro.<\/p>\n<p>Com dire\u00e7\u00e3o de Ant\u00f4nio Ara\u00fajo, a pe\u00e7a se apropria do espa\u00e7o urbano como campo de experimenta\u00e7\u00e3o art\u00edstica, propondo ao p\u00fablico uma caminhada c\u00eanica pelo bairro.<\/p>\n<p>Na busca por um di\u00e1logo concreto com a cidade de S\u00e3o Paulo, \u201cBom Retiro 958 metros\u201d contrap\u00f5e os conceitos de lucidez e a loucura.<\/p>\n<p>Entre os personagens, um usu\u00e1rio de crack \u00e0 procura de sua pedra, uma consumidora que perambula em busca do vestido perfeito, um manequim imperfeito que procura emprego nas vitrines das lojas onde tudo \u00e9 perfeito e uma costureira boliviana reflete sobre sua pr\u00f3pria condi\u00e7\u00e3o de vida e trabalho.<\/p>\n<p>Os personagens refletem o cen\u00e1rio do bairro, considerado um polo significativo da multiculturalidade desde in\u00edcio do s\u00e9culo XX. Sob as diferentes perspectivas, o Teatro da Vertigem materializa, cenicamente, o di\u00e1logo e o confronto entre os diferentes grupos \u00e9tnicos ali presentes.<\/p>\n<p><strong>Servi\u00e7o:<\/strong><\/p>\n<p><strong>Quando:<\/strong> Temporada at\u00e9 24 de fevereiro de 2013<br \/>\n<strong>Ponto de encontro:<\/strong> Oficina Cultural Oswald de Andrade<br \/>\n<strong>Endere\u00e7o:<\/strong> Rua Tr\u00eas Rios, 363 \u2013 Bom Retiro \u2013 Guia de S\u00e3o Paulo<br \/>\n<strong>Informa\u00e7\u00f5es:<\/strong> 011 3255 2713<br \/>\n<strong>Temporada:<\/strong> Quinta a s\u00e1bado \u00e0s 21h domingo \u00e0s 20h (a produ\u00e7\u00e3o recomenda ao p\u00fablico que chegue 15 minutos antes do in\u00edcio para a locomo\u00e7\u00e3o at\u00e9 o local do espet\u00e1culo)<br \/>\nIngressos R$ 30,00 inteira \u2013 vendidos somente pelo telefone 11 40035588, site www.ticketsforfun.com.br (os ingressos N\u00c3O SER\u00c3O vendidos no local)<br \/>\n<strong>Promo\u00e7\u00e3o de ingressos:<\/strong> Meia para estudantes, aposentados, e 50% de desconto para clientes do cart\u00e3o Petrobras (na compra de at\u00e9 2 ingressos)<br \/>\n<strong>Lota\u00e7\u00e3o:<\/strong> 60 lugares<br \/>\n<strong>Dura\u00e7\u00e3o:<\/strong> 110 min sem intervalo<br \/>\n<strong>Informa\u00e7\u00f5es IMPORTANTES ao p\u00fablico:<\/strong> O p\u00fablico ser\u00e1 recepcionado na Oficina Oswald de Andrade, para, na sequ\u00eancia, ser encaminhado ao local do espet\u00e1culo. Recomenda-se aos espectadores ir com sapatos confort\u00e1veis e sem bolsa ou sacola, e, em dias de frio, ir agasalhado. O espet\u00e1culo ser\u00e1 cancelado em dias de chuva.<\/p>\n<p><em>Fonte: Catraca Livre<\/em><\/p>\n<p>&nbsp;<\/p>\n\n<div style=\"font-size: 0px; height: 0px; line-height: 0px; margin: 0; padding: 0; clear: both;\"><\/div>","protected":false},"excerpt":{"rendered":"<p>Ao inv\u00e9s do tablado, ruas, cal\u00e7adas e cruzamentos. No palco, um dos mais tradicionais bairros da cidade de S\u00e3o Paulo. Em cena, o espet\u00e1culo \u201cBom Retiro 958 metros\u201d. Interpretada pelo grupo Teatro de Vertigem, a montagem ganha nova temporada, que vai at\u00e9 24 de fervereiro. Com dire\u00e7\u00e3o de Ant\u00f4nio Ara\u00fajo, a pe\u00e7a se apropria do espa\u00e7o urbano como campo de experimenta\u00e7\u00e3o art\u00edstica, propondo ao p\u00fablico uma caminhada c\u00eanica pelo bairro. Na busca por um di\u00e1logo concreto com a cidade de S\u00e3o Paulo, \u201cBom Retiro 958 metros\u201d contrap\u00f5e os conceitos de lucidez e a loucura. Entre os personagens, um usu\u00e1rio de <\/p>\n","protected":false},"author":1,"featured_media":0,"comment_status":"open","ping_status":"closed","sticky":false,"template":"","format":"standard","meta":{"footnotes":""},"categories":[6],"tags":[],"class_list":["post-563","post","type-post","status-publish","format-standard","hentry","category-noticias-no-bom-retiro"],"aioseo_notices":[],"_links":{"self":[{"href":"https:\/\/www.encontrabomretiro.com.br\/sobre\/wp-json\/wp\/v2\/posts\/563","targetHints":{"allow":["GET"]}}],"collection":[{"href":"https:\/\/www.encontrabomretiro.com.br\/sobre\/wp-json\/wp\/v2\/posts"}],"about":[{"href":"https:\/\/www.encontrabomretiro.com.br\/sobre\/wp-json\/wp\/v2\/types\/post"}],"author":[{"embeddable":true,"href":"https:\/\/www.encontrabomretiro.com.br\/sobre\/wp-json\/wp\/v2\/users\/1"}],"replies":[{"embeddable":true,"href":"https:\/\/www.encontrabomretiro.com.br\/sobre\/wp-json\/wp\/v2\/comments?post=563"}],"version-history":[{"count":0,"href":"https:\/\/www.encontrabomretiro.com.br\/sobre\/wp-json\/wp\/v2\/posts\/563\/revisions"}],"wp:attachment":[{"href":"https:\/\/www.encontrabomretiro.com.br\/sobre\/wp-json\/wp\/v2\/media?parent=563"}],"wp:term":[{"taxonomy":"category","embeddable":true,"href":"https:\/\/www.encontrabomretiro.com.br\/sobre\/wp-json\/wp\/v2\/categories?post=563"},{"taxonomy":"post_tag","embeddable":true,"href":"https:\/\/www.encontrabomretiro.com.br\/sobre\/wp-json\/wp\/v2\/tags?post=563"}],"curies":[{"name":"wp","href":"https:\/\/api.w.org\/{rel}","templated":true}]}}