{"id":52,"date":"2010-12-08T16:02:34","date_gmt":"2010-12-08T18:02:34","guid":{"rendered":"http:\/\/www.encontrabomretiro.com.br\/noticias\/?p=52"},"modified":"2019-04-29T18:05:12","modified_gmt":"2019-04-29T20:05:12","slug":"bom-retiro-motoristas-podem-recorrer-a-multas-no-detran","status":"publish","type":"post","link":"https:\/\/www.encontrabomretiro.com.br\/sobre\/bom-retiro-motoristas-podem-recorrer-a-multas-no-detran\/","title":{"rendered":"Bom Retiro: Motoristas podem recorrer \u00e0 multas no Detran"},"content":{"rendered":"<div class=\"228b65ae207de3c5c501cfe75875708b\" data-index=\"1\" style=\"float: none; margin:0px;\">\n<!-- Anuncio display - global -->\r\n<ins class=\"adsbygoogle\"\r\n     style=\"display:block\"\r\n     data-ad-client=\"ca-pub-8585364105181520\"\r\n     data-ad-slot=\"8789329856\"\r\n     data-ad-format=\"auto\"\r\n     data-full-width-responsive=\"true\"><\/ins>\r\n<script>\r\n     (adsbygoogle = window.adsbygoogle || []).push({});\r\n<\/script>\n<\/div>\n<p>A taxa da inspe\u00e7\u00e3o veicular ambiental vai aumentar em 1\u00ba de janeiro. A  tarifa, que hoje \u00e9 de R$ 56,44, deve chegar a R$ 62,10. Ela \u00e9 reajustada  pelo \u00cdndice Geral de Pre\u00e7os do Mercado (IGP-M), segundo contrato  firmado pela Prefeitura com a empresa Controlar, que realiza as  vistorias. O \u00edndice acumulado nos \u00faltimos 12 meses foi de 10,2%.<\/p>\n<p>Segundo a Controlar, a data do reajuste est\u00e1 confirmada, mas a  Secretaria Municipal do Verde e do Meio Ambiente ainda precisa aprovar a  nova tarifa.<\/p>\n<p>Ontem, a Companhia de Engenharia de Tr\u00e1fego (CET) come\u00e7ou a usar  radares para multar quem ainda n\u00e3o fez a inspe\u00e7\u00e3o. Todos os ve\u00edculos com  placa de S\u00e3o Paulo deveriam ter comparecido \u00e0 vistoria, exceto os que  t\u00eam placa com final zero (cujo prazo acaba em 31 de dezembro).<\/p>\n<p>A evas\u00e3o, por enquanto, \u00e9 grande. A frota da cidade \u00e9 de 6,9 milh\u00f5es  de ve\u00edculos. A Controlar espera realizar at\u00e9 4 milh\u00f5es de inspe\u00e7\u00f5es  neste ano, mas at\u00e9 o dia 1\u00b0 de novembro apenas 2,2 milh\u00f5es de carros  haviam sido aprovados.<\/p>\n<p>A imin\u00eancia da multa salgada, de R$ 550, n\u00e3o retirou os carros da  rua. Ontem, nos hor\u00e1rios de pico, a CET registrou tr\u00e2nsito acima da  m\u00e9dia (118 km \u00e0s 9h30, contra m\u00e9dia de 109 km no hor\u00e1rio, por exemplo).  Por outro lado, a Controlar diz ter registrado aumento de 53% no volume  de inspe\u00e7\u00f5es agendadas desde o an\u00fancio da nova fiscaliza\u00e7\u00e3o &#8211; saltou de  m\u00e9dia de 13 mil por dia para 20 mil vistorias di\u00e1rias.<\/p>\n<p>Prevendo aumento de demanda, a empresa colocou ontem todos os postos  para funcionar at\u00e9 as 22 horas &#8211; exceto o do Tatuap\u00e9, na zona leste. A  empresa espera inspecionar at\u00e9 25 mil ve\u00edculos por dia at\u00e9 o final deste  m\u00eas.<\/p>\n<p>Multa. Gra\u00e7as ao uso dos radares, mesmo quem decidir deixar o carro  em casa at\u00e9 dia da inspe\u00e7\u00e3o corre risco de ser multado. A infra\u00e7\u00e3o pode  ser emitida no dia da vistoria, no caminho de casa para o posto de  inspe\u00e7\u00e3o.<\/p>\n<p>&#8220;O risco existe&#8221;, afirma o diretor-presidente da Controlar, Harold  Peter Zwetkoff. &#8220;Os ve\u00edculos tiveram prazo de 90 dias antes do m\u00eas de  licenciamento do ve\u00edculo para agendar a inspe\u00e7\u00e3o&#8221;, justifica.<\/p>\n<p>Em 26 de novembro, a Secretaria Municipal dos Transportes  regulamentou como os motoristas podem recorrer da multa, atrav\u00e9s da  Portaria 002\/10. O recurso deve ser solicitado no posto do Departamento  de Opera\u00e7\u00e3o do Sistema Vi\u00e1rio (DSV), no pr\u00e9dio do Detran da Avenida do  Estado, no Bom Retiro, regi\u00e3o central, ou enviados para a caixa postal  11.439 &#8211; S\u00e3o Paulo, num prazo de at\u00e9 30 dias.<\/p>\n<p>Prazos. Zwetkoff diz que, a exemplo do que ocorreu no ano passado, os  motoristas poder\u00e3o fazer a inspe\u00e7\u00e3o referente ao ano de 2010 at\u00e9 o dia  31 de janeiro de 2011 &#8211; embora fiquem sujeitos a multa e apreens\u00e3o do  ve\u00edculo se forem flagrados pela Pol\u00edcia Militar nesse per\u00edodo. A  diferen\u00e7a \u00e9 que fazer a inspe\u00e7\u00e3o at\u00e9 esse prazo evita que o  licenciamento de 2011 seja bloqueado pela Prefeitura.<\/p>\n<p>&#8220;\u00c9 importante que o motorista se programe. No caso de reprova\u00e7\u00e3o na  primeira inspe\u00e7\u00e3o, \u00e9 preciso entrar no site novamente e agendar uma nova  data&#8221;, afirma, ao explicar que quem deixar para a \u00faltima hora pode n\u00e3o  conseguir a aprova\u00e7\u00e3o a tempo. &#8220;Ser\u00e1 como se n\u00e3o tivesse feito a  inspe\u00e7\u00e3o&#8221;, conta Zwetkoff.<\/p>\n<p>De acordo com as regras da inspe\u00e7\u00e3o, se o licenciamento do carro for  bloqueado, o motorista deve solicitar o desbloqueio na Prefeitura e  pagar uma taxa pelo servi\u00e7o, que \u00e9 de R$ 44,18.<\/p>\n<p>Em nota, a Secretaria Municipal do Verde e do Meio Ambiente disse que &#8220;valor da tarifa 2011 ainda n\u00e3o foi definido&#8221;.<\/p>\n<p><em>Fonte: O Estado de S. Paulo<\/em><\/p>\n\n<div style=\"font-size: 0px; height: 0px; line-height: 0px; margin: 0; padding: 0; clear: both;\"><\/div>","protected":false},"excerpt":{"rendered":"<p>A taxa da inspe\u00e7\u00e3o veicular ambiental vai aumentar em 1\u00ba de janeiro. A tarifa, que hoje \u00e9 de R$ 56,44, deve chegar a R$ 62,10. Ela \u00e9 reajustada pelo \u00cdndice Geral de Pre\u00e7os do Mercado (IGP-M), segundo contrato firmado pela Prefeitura com a empresa Controlar, que realiza as vistorias. O \u00edndice acumulado nos \u00faltimos 12 meses foi de 10,2%. Segundo a Controlar, a data do reajuste est\u00e1 confirmada, mas a Secretaria Municipal do Verde e do Meio Ambiente ainda precisa aprovar a nova tarifa. Ontem, a Companhia de Engenharia de Tr\u00e1fego (CET) come\u00e7ou a usar radares para multar quem ainda <\/p>\n","protected":false},"author":1,"featured_media":0,"comment_status":"open","ping_status":"closed","sticky":false,"template":"","format":"standard","meta":{"footnotes":""},"categories":[6],"tags":[],"class_list":["post-52","post","type-post","status-publish","format-standard","hentry","category-noticias-no-bom-retiro"],"aioseo_notices":[],"_links":{"self":[{"href":"https:\/\/www.encontrabomretiro.com.br\/sobre\/wp-json\/wp\/v2\/posts\/52","targetHints":{"allow":["GET"]}}],"collection":[{"href":"https:\/\/www.encontrabomretiro.com.br\/sobre\/wp-json\/wp\/v2\/posts"}],"about":[{"href":"https:\/\/www.encontrabomretiro.com.br\/sobre\/wp-json\/wp\/v2\/types\/post"}],"author":[{"embeddable":true,"href":"https:\/\/www.encontrabomretiro.com.br\/sobre\/wp-json\/wp\/v2\/users\/1"}],"replies":[{"embeddable":true,"href":"https:\/\/www.encontrabomretiro.com.br\/sobre\/wp-json\/wp\/v2\/comments?post=52"}],"version-history":[{"count":0,"href":"https:\/\/www.encontrabomretiro.com.br\/sobre\/wp-json\/wp\/v2\/posts\/52\/revisions"}],"wp:attachment":[{"href":"https:\/\/www.encontrabomretiro.com.br\/sobre\/wp-json\/wp\/v2\/media?parent=52"}],"wp:term":[{"taxonomy":"category","embeddable":true,"href":"https:\/\/www.encontrabomretiro.com.br\/sobre\/wp-json\/wp\/v2\/categories?post=52"},{"taxonomy":"post_tag","embeddable":true,"href":"https:\/\/www.encontrabomretiro.com.br\/sobre\/wp-json\/wp\/v2\/tags?post=52"}],"curies":[{"name":"wp","href":"https:\/\/api.w.org\/{rel}","templated":true}]}}