{"id":510,"date":"2012-12-20T00:15:03","date_gmt":"2012-12-20T02:15:03","guid":{"rendered":"http:\/\/www.encontrabomretiro.com.br\/noticias\/?p=510"},"modified":"2019-04-29T18:04:39","modified_gmt":"2019-04-29T20:04:39","slug":"programacao-especial-de-janeiro-no-sesc-bom-retiro","status":"publish","type":"post","link":"https:\/\/www.encontrabomretiro.com.br\/sobre\/programacao-especial-de-janeiro-no-sesc-bom-retiro\/","title":{"rendered":"Programa\u00e7\u00e3o especial de Janeiro no Sesc Bom Retiro"},"content":{"rendered":"<div class=\"228b65ae207de3c5c501cfe75875708b\" data-index=\"1\" style=\"float: none; margin:0px;\">\n<!-- Anuncio display - global -->\r\n<ins class=\"adsbygoogle\"\r\n     style=\"display:block\"\r\n     data-ad-client=\"ca-pub-8585364105181520\"\r\n     data-ad-slot=\"8789329856\"\r\n     data-ad-format=\"auto\"\r\n     data-full-width-responsive=\"true\"><\/ins>\r\n<script>\r\n     (adsbygoogle = window.adsbygoogle || []).push({});\r\n<\/script>\n<\/div>\n<div>Confira a programa\u00e7\u00e3o especial de Janeiro no <a title=\"Sesc Bom Retiro \" href=\"http:\/\/www.encontrabomretiro.com.br\/bom-retiro\/sesc-bom-retiro.shtml\" target=\"_blank\">Sesc Bom Retiro<\/a>:<strong><\/p>\n<p>M\u00daSICA<\/strong><\/div>\n<div><strong>PAULA LIMA\u00a0<\/strong><\/div>\n<div>Neste show, protagonizado e conceituado pela artista, com sua banda vibrante, evidencia-se sua caracter\u00edstica principal, que \u00e9 a jun\u00e7\u00e3o de v\u00e1rios ritmos e levadas dentro de um delicioso caldeir\u00e3o musical: balan\u00e7o, funk, bossa, soul, jazz, rock, e claro, o samba, que estrutura toda sua m\u00fasica, com direito tamb\u00e9m \u00e0 guitarras, percuss\u00f5es, scratchs e sons de piano hammond. No repert\u00f3rio composi\u00e7\u00f5es de Jorge Benjor, Seu Jorge, Ana Carolina, Mart\u00b4nalia, Z\u00e9lia Duncan, Arlindo Cruz, entre outros. Teatro. Venda pelo sistema INGRESSOSESC a partir de 21\/12, \u00e0s 14h.<\/p>\n<\/div>\n<div><strong>Faixa Et\u00e1ria:<\/strong> N\u00e3o recomendado para menores de 12 anos<br \/>\n<strong>Valor:<\/strong> R$ 24,00 (inteira); R$ 12,00 (usu\u00e1rio matriculado no SESC e dependentes, +60 anos, estudantes e professores da rede p\u00fablica de ensino). R$ 6,00 (trabalhador no com\u00e9rcio e servi\u00e7os matriculado no SESC e dependentes).<\/div>\n<div><strong>Datas:<\/strong> 04\/01, 05\/01, 06\/01, 11\/01, 12\/01, 13\/01. Sexta, \u00e0s 20h, S\u00e1bado \u00e0s 19h e Domingo \u00e0s 18h.<\/p>\n<\/div>\n<div><strong>SIMONINHA\u00a0<\/strong><\/div>\n<div>Nesse show Simoninha canta alguns sucessos de sua carreira, como Homem de Gelo, \u00c9 Bom Andar a P\u00e9, A Saideira e Ela \u00e9 Brasileira. Como n\u00e3o poderia deixar de ser ele tamb\u00e9m relembra as can\u00e7\u00f5es imortalizadas por seu pai, Simonal como S\u00e1 Marina e Tributo, Martin Luther King, Pa\u00eds Tropical e muitas outras. E neste show Simoninha ainda surpreende os f\u00e3s com can\u00e7\u00f5es in\u00e9ditas de seu pr\u00f3ximo CD, ainda n\u00e3o lan\u00e7ado. Teatro. Venda pelo sistema INGRESSOSESC a partir de 28\/12, \u00e0s 14h.<\/p>\n<\/div>\n<div><strong>Faixa Et\u00e1ria:<\/strong> N\u00e3o recomendado para menores de 12 anos<\/div>\n<div><strong>Valor:<\/strong>R$ 24,00 (inteira); R$ 12,00 (usu\u00e1rio matriculado no SESC e dependentes, +60 anos, estudantes e professores da rede p\u00fablica de ensino). R$ 6,00 (trabalhador no com\u00e9rcio e servi\u00e7os matriculado no SESC e dependentes).<\/div>\n<div><strong>Data:<\/strong> 18\/01, 19\/01, 20\/01. Sexta,\u00e0s 20h; S\u00e1bado \u00e0s 19h e Domingo \u00e0s 18h.<\/p>\n<\/div>\n<div><strong>MONICA SALMASO \u2013 ALMA L\u00cdRICA BRASILEIRA\u00a0<\/strong><\/div>\n<div>Neste show, M\u00f4nica Salmaso, com o pianista e maestro Nelson Ayres e o flautista e saxofonista Teco Cardoso, realiza um passeio pelo cancioneiro popular, num garimpo de can\u00e7\u00f5es de sonoridade quase camer\u00edstica.<\/p>\n<\/div>\n<div><strong>Faixa Et\u00e1ria:<\/strong> N\u00e3o recomendado para menores de 12 anos<br \/>\n<strong>Valor:<\/strong> R$ 24,00 (inteira); R$ 12,00 (usu\u00e1rio matriculado no SESC e dependentes, +60 anos, estudantes e professores da rede p\u00fablica de ensino). R$ 6,00 (trabalhador no com\u00e9rcio e servi\u00e7os matriculado no SESC e dependentes).<\/div>\n<div><strong>Datas:<\/strong> 25\/01, 26\/01, 27\/01. Sexta, \u00e0s 18h; S\u00e1bado, \u00e0s 19h e Domingo \u00e0s 18h.<\/p>\n<\/div>\n<div><strong>LITERATURA<\/p>\n<p><\/strong><\/div>\n<div><strong>LITERATURA DA CIDADE<\/strong><\/div>\n<div>Multid\u00e3o. Solid\u00e3o. Encantamento. Estranhamento. A cidade e seus flashs humanos. A poesia da vida urbana. O que vemos. O que n\u00e3o vemos. A Literatura da Cidade convida autores destacados no cen\u00e1rio urbano da cidade de S\u00e3o Paulo para apresentarem obras e temas mediados por uma singular produ\u00e7\u00e3o liter\u00e1ria que, de alguma forma, remeta \u00e0 cidade.<\/p>\n<\/div>\n<div>Poesia e Rebeli\u00e3o: Roberto Piva e Outros Poetas<\/p>\n<\/div>\n<div>Com Claudio Willer, ensa\u00edsta, poeta, tradutor de Allen Ginsberg, autor de Gera\u00e7\u00e3o Beat e tradutor de hai kais de Jack Kerouac em fase de publica\u00e7\u00e3o. O encontro apresentar\u00e1 Roberto Piva como um poeta rebelde: \u201cO rebelde, anjo ca\u00eddo ou tit\u00e3 em desgra\u00e7a, \u00e9 o eterno inconformado.\u201d (Octavio Paz). Piva pode ser situado como uma esp\u00e9cie de ponto de chegada ou converg\u00eancia de poetas rebeldes: Rimbaud, Artaud, Breton, os beats, entre outros. Com a leitura de seus textos, ser\u00e1 discutida sua ambivalente rela\u00e7\u00e3o com a cidade de S\u00e3o Paulo \u2013 e de outros poetas radicalmente inconformados com a ordem estabelecida. Biblioteca.<\/p>\n<\/div>\n<div><strong>Faixa Et\u00e1ria:<\/strong> N\u00e3o recomendado para menores de 12 anos<\/div>\n<div><strong>Valor:<\/strong> Gr\u00e1tis.<\/div>\n<div><strong>Data:<\/strong>16\/01. Quarta. \u00e0s 18h30.<\/p>\n<\/div>\n<div><strong>SA\u00daDE E ALIMENTA\u00c7\u00c3O<\/p>\n<p><\/strong><\/div>\n<div><strong>CULTURA NO PRATO<\/strong><\/div>\n<div>Saborear uma sequ\u00eancia gastron\u00f4mica tornando o momento da refei\u00e7\u00e3o em um momento de prazer, valorizando tamb\u00e9m as culturas regionais e podendo interagir com o Chef.<\/p>\n<\/div>\n<div><strong>Chile no Prato<\/p>\n<p><\/strong><\/div>\n<div>Card\u00e1pio que resgata as tradi\u00e7\u00f5es e culturas regionais, com a presen\u00e7a de um chefe de cozinha especializado. Venda pelo sistema INGRESSOSESC a partir de 08\/01, \u00e0s 14h. R$ 48,00 (inteira); R$ 24,00 (usu\u00e1rio matriculado no SESC e dependentes, +60 anos, estudantes e professores da rede p\u00fablica de ensino). R$ 12,00 (trabalhador no com\u00e9rcio e servi\u00e7os matriculado no SESC e dependentes).<\/p>\n<\/div>\n<div><strong>Data:<\/strong> 31\/01. Quinta, das 12h \u00e0s 13h e das 13h15 \u00e0s 14h15.<\/p>\n<\/div>\n<div><strong>INFANTIL<\/p>\n<p><\/strong><\/div>\n<div><strong>TRUKS EM CENA<\/strong><\/div>\n<div>A Cia Truks Teatro de Bonecos traz em janeiro e fevereiro dois espet\u00e1culos de seu repert\u00f3rio:&#8221; Por Uma Estrela e Sonhat\u00f3rio&#8221;, com os elementos c\u00eanicos que fazem da Cia um destaque nacional por dar vida aos objetos sem vida, animar o que n\u00e3o \u00e9 animado, olhar diferente do que todo mundo v\u00ea.<\/p>\n<\/div>\n<div><strong>Por Uma Estrela\u00a0<\/strong><\/div>\n<div>O espet\u00e1culo conta a trajet\u00f3ria de duas crian\u00e7as que nascem em um mesmo dia e crescem juntas em um vilarejo de pescadores. Durante o dia, elas brincam na praia, mergulham para ver os peixes coloridos, constroem castelos na areia. Quando a noite chega, passam a esperar, em sil\u00eancio, e de olhar bem atento, a chegada de alguma estrela cadente. Com Henrique Sitchin. Baseado em ideia original de Luciana Semensatto. Elenco Kely de Castro, Aguinaldo Rodrigues, Jorge Myiashiro, Rog\u00e9rio Uchoa, Sandra Lessa e Luciana Semensatto. Cia Truk\u2019s.<\/p>\n<\/div>\n<div><strong>Faixa Et\u00e1ria: <\/strong>LIVRE &#8211; esta atividade ser\u00e1 melhor aproveitada por todas as crian\u00e7as<\/div>\n<div><strong>Valor:<\/strong> R$ 8,00 (inteira); R$ 4,00 (usu\u00e1rio matriculado no SESC e dependentes, +60 anos, estudantes e professores da rede p\u00fablica de ensino). R$ 2,00 (trabalhador no com\u00e9rcio e servi\u00e7os matriculado no SESC e dependentes).<strong><br \/>\nDatas:<\/strong> 06\/01, 13\/01, 20\/01, 25\/01, 27\/01. Domingos e feriado, \u00e0s 12h.<\/p>\n<\/div>\n<div><strong>F\u00c9RIAS E TURISMO SOCIAL<\/strong><\/div>\n<div>HIST\u00d3RIAS E MEM\u00d3RIAS DA VILA MARIA Z\u00c9LIA &#8211; S\u00c3O PAULO (SP) &#8211; 27\/01<\/div>\n<div>A Vila Maria Z\u00e9lia \u00e9 emblem\u00e1tica na hist\u00f3ria da industrializa\u00e7\u00e3o de S\u00e3o Paulo. Concebida pelo industrial Jorge Street, a vila oferecia ao operariado da f\u00e1brica Maria Z\u00e9lia moradia para solteiros e casados, igreja, escola, armaz\u00e9m, restaurante, farm\u00e1cia, dentre outros servi\u00e7os que proporcionavam melhor qualidade de vida para o trabalhador. O passeio ser\u00e1 acompanhado pelo pesquisador e historiador Cadu de Castro, que situar\u00e1 aspectos sobre a hist\u00f3ria, a arquitetura e, principalmente, sobre a vida e o dinamismo do local. O grupo ser\u00e1 recebido por um antigo morador, Seu Ded\u00e9, que possui as chaves da vila que dar\u00e3o acesso a v\u00e1rios espa\u00e7os, como o armaz\u00e9m do grupo de Teatro XIX. Inclui transporte e guia tur\u00edstico. Sa\u00edda: 10h30 do Sesc Bom Retiro. Inscri\u00e7\u00f5es at\u00e9 26 de janeiro, na Central de atendimento. Hor\u00e1rio de atendimento: de ter\u00e7a a sexta, das 9h \u00e0s 20h30, s\u00e1bados, das 10h \u00e0s 18h30 e domingos e feriados, das 10h \u00e0s 17h30. 20 vagas.<\/p>\n<\/div>\n<div><em>Fonte: Segs<\/em><\/div>\n\n<div style=\"font-size: 0px; height: 0px; line-height: 0px; margin: 0; padding: 0; clear: both;\"><\/div>","protected":false},"excerpt":{"rendered":"<p>Confira a programa\u00e7\u00e3o especial de Janeiro no Sesc Bom Retiro: M\u00daSICA PAULA LIMA\u00a0 Neste show, protagonizado e conceituado pela artista, com sua banda vibrante, evidencia-se sua caracter\u00edstica principal, que \u00e9 a jun\u00e7\u00e3o de v\u00e1rios ritmos e levadas dentro de um delicioso caldeir\u00e3o musical: balan\u00e7o, funk, bossa, soul, jazz, rock, e claro, o samba, que estrutura toda sua m\u00fasica, com direito tamb\u00e9m \u00e0 guitarras, percuss\u00f5es, scratchs e sons de piano hammond. No repert\u00f3rio composi\u00e7\u00f5es de Jorge Benjor, Seu Jorge, Ana Carolina, Mart\u00b4nalia, Z\u00e9lia Duncan, Arlindo Cruz, entre outros. Teatro. Venda pelo sistema INGRESSOSESC a partir de 21\/12, \u00e0s 14h. Faixa Et\u00e1ria: <\/p>\n","protected":false},"author":1,"featured_media":0,"comment_status":"open","ping_status":"closed","sticky":false,"template":"","format":"standard","meta":{"footnotes":""},"categories":[9],"tags":[],"class_list":["post-510","post","type-post","status-publish","format-standard","hentry","category-shows-no-bom-retiro"],"aioseo_notices":[],"aioseo_head":"\n\t\t<!-- All in One SEO 5.0.0.1 - aioseo.com -->\n\t<meta name=\"description\" content=\"Confira a programa\u00e7\u00e3o especial de Janeiro no Sesc Bom Retiro: M\u00daSICA PAULA LIMA Neste show, protagonizado e conceituado pela artista, com sua banda vibrante, evidencia-se sua caracter\u00edstica principal, que \u00e9 a jun\u00e7\u00e3o de v\u00e1rios ritmos e levadas dentro de um delicioso caldeir\u00e3o musical: balan\u00e7o, funk, bossa, soul, jazz, rock, e claro, o samba, que estrutura\" \/>\n\t<meta name=\"robots\" content=\"max-image-preview:large\" \/>\n\t<meta name=\"author\" content=\"Encontra Bom Retiro\"\/>\n\t<link rel=\"canonical\" href=\"https:\/\/www.encontrabomretiro.com.br\/sobre\/programacao-especial-de-janeiro-no-sesc-bom-retiro\/\" \/>\n\t<meta name=\"generator\" content=\"All in One SEO (AIOSEO) 5.0.0.1\" \/>\n\t\t<meta property=\"og:locale\" content=\"pt_BR\" \/>\n\t\t<meta property=\"og:site_name\" content=\"Encontra Bom Retiro | Not\u00edcias, eventos, informa\u00e7\u00f5es e dicas no bairro do Bom Retiro e regi\u00e3o.\" \/>\n\t\t<meta property=\"og:type\" content=\"article\" \/>\n\t\t<meta property=\"og:title\" content=\"Programa\u00e7\u00e3o especial de Janeiro no Sesc Bom Retiro | Encontra Bom Retiro\" \/>\n\t\t<meta property=\"og:description\" content=\"Confira a programa\u00e7\u00e3o especial de Janeiro no Sesc Bom Retiro: M\u00daSICA PAULA LIMA Neste show, protagonizado e conceituado pela artista, com sua banda vibrante, evidencia-se sua caracter\u00edstica principal, que \u00e9 a jun\u00e7\u00e3o de v\u00e1rios ritmos e levadas dentro de um delicioso caldeir\u00e3o musical: balan\u00e7o, funk, bossa, soul, jazz, rock, e claro, o samba, que estrutura\" \/>\n\t\t<meta property=\"og:url\" content=\"https:\/\/www.encontrabomretiro.com.br\/sobre\/programacao-especial-de-janeiro-no-sesc-bom-retiro\/\" \/>\n\t\t<meta property=\"article:published_time\" content=\"2012-12-20T02:15:03+00:00\" \/>\n\t\t<meta property=\"article:modified_time\" content=\"2019-04-29T20:04:39+00:00\" \/>\n\t\t<meta name=\"twitter:card\" content=\"summary_large_image\" \/>\n\t\t<meta name=\"twitter:title\" content=\"Programa\u00e7\u00e3o especial de Janeiro no Sesc Bom Retiro | Encontra Bom Retiro\" \/>\n\t\t<meta name=\"twitter:description\" content=\"Confira a programa\u00e7\u00e3o especial de Janeiro no Sesc Bom Retiro: M\u00daSICA PAULA LIMA Neste show, protagonizado e conceituado pela artista, com sua banda vibrante, evidencia-se sua caracter\u00edstica principal, que \u00e9 a jun\u00e7\u00e3o de v\u00e1rios ritmos e levadas dentro de um delicioso caldeir\u00e3o musical: balan\u00e7o, funk, bossa, soul, jazz, rock, e claro, o samba, que estrutura\" \/>\n\t\t<script type=\"application\/ld+json\" class=\"aioseo-schema\">\n\t\t\t{\"@context\":\"https:\\\/\\\/schema.org\",\"@graph\":[{\"@type\":\"Article\",\"@id\":\"https:\\\/\\\/www.encontrabomretiro.com.br\\\/sobre\\\/programacao-especial-de-janeiro-no-sesc-bom-retiro\\\/#article\",\"name\":\"Programa\\u00e7\\u00e3o especial de Janeiro no Sesc Bom Retiro | Encontra Bom Retiro\",\"headline\":\"Programa\\u00e7\\u00e3o especial de Janeiro no Sesc Bom Retiro\",\"author\":{\"@id\":\"https:\\\/\\\/www.encontrabomretiro.com.br\\\/sobre\\\/author\\\/ebomretiro\\\/#author\"},\"publisher\":{\"@id\":\"https:\\\/\\\/www.encontrabomretiro.com.br\\\/sobre\\\/#organization\"},\"datePublished\":\"2012-12-20T00:15:03-02:00\",\"dateModified\":\"2019-04-29T18:04:39-02:00\",\"inLanguage\":\"pt-BR\",\"mainEntityOfPage\":{\"@id\":\"https:\\\/\\\/www.encontrabomretiro.com.br\\\/sobre\\\/programacao-especial-de-janeiro-no-sesc-bom-retiro\\\/#webpage\"},\"isPartOf\":{\"@id\":\"https:\\\/\\\/www.encontrabomretiro.com.br\\\/sobre\\\/programacao-especial-de-janeiro-no-sesc-bom-retiro\\\/#webpage\"},\"articleSection\":\"Shows Bom Retiro\"},{\"@type\":\"BreadcrumbList\",\"@id\":\"https:\\\/\\\/www.encontrabomretiro.com.br\\\/sobre\\\/programacao-especial-de-janeiro-no-sesc-bom-retiro\\\/#breadcrumblist\",\"itemListElement\":[{\"@type\":\"ListItem\",\"@id\":\"https:\\\/\\\/www.encontrabomretiro.com.br\\\/sobre#listItem\",\"position\":1,\"name\":\"Dom\\u00e9stica\",\"item\":\"https:\\\/\\\/www.encontrabomretiro.com.br\\\/sobre\",\"nextItem\":{\"@type\":\"ListItem\",\"@id\":\"https:\\\/\\\/www.encontrabomretiro.com.br\\\/sobre\\\/shows-no-bom-retiro\\\/#listItem\",\"name\":\"Shows Bom Retiro\"}},{\"@type\":\"ListItem\",\"@id\":\"https:\\\/\\\/www.encontrabomretiro.com.br\\\/sobre\\\/shows-no-bom-retiro\\\/#listItem\",\"position\":2,\"name\":\"Shows Bom Retiro\",\"item\":\"https:\\\/\\\/www.encontrabomretiro.com.br\\\/sobre\\\/shows-no-bom-retiro\\\/\",\"nextItem\":{\"@type\":\"ListItem\",\"@id\":\"https:\\\/\\\/www.encontrabomretiro.com.br\\\/sobre\\\/programacao-especial-de-janeiro-no-sesc-bom-retiro\\\/#listItem\",\"name\":\"Programa\\u00e7\\u00e3o especial de Janeiro no Sesc Bom Retiro\"},\"previousItem\":{\"@type\":\"ListItem\",\"@id\":\"https:\\\/\\\/www.encontrabomretiro.com.br\\\/sobre#listItem\",\"name\":\"Dom\\u00e9stica\"}},{\"@type\":\"ListItem\",\"@id\":\"https:\\\/\\\/www.encontrabomretiro.com.br\\\/sobre\\\/programacao-especial-de-janeiro-no-sesc-bom-retiro\\\/#listItem\",\"position\":3,\"name\":\"Programa\\u00e7\\u00e3o especial de Janeiro no Sesc Bom Retiro\",\"previousItem\":{\"@type\":\"ListItem\",\"@id\":\"https:\\\/\\\/www.encontrabomretiro.com.br\\\/sobre\\\/shows-no-bom-retiro\\\/#listItem\",\"name\":\"Shows Bom Retiro\"}}]},{\"@type\":\"Organization\",\"@id\":\"https:\\\/\\\/www.encontrabomretiro.com.br\\\/sobre\\\/#organization\",\"name\":\"Encontra Bom Retiro\",\"description\":\"Not\\u00edcias, eventos, informa\\u00e7\\u00f5es e dicas no bairro do Bom Retiro e regi\\u00e3o.\",\"url\":\"https:\\\/\\\/www.encontrabomretiro.com.br\\\/sobre\\\/\"},{\"@type\":\"Person\",\"@id\":\"https:\\\/\\\/www.encontrabomretiro.com.br\\\/sobre\\\/author\\\/ebomretiro\\\/#author\",\"url\":\"https:\\\/\\\/www.encontrabomretiro.com.br\\\/sobre\\\/author\\\/ebomretiro\\\/\",\"name\":\"Encontra Bom Retiro\",\"image\":{\"@type\":\"ImageObject\",\"@id\":\"https:\\\/\\\/www.encontrabomretiro.com.br\\\/sobre\\\/programacao-especial-de-janeiro-no-sesc-bom-retiro\\\/#authorImage\",\"url\":\"https:\\\/\\\/secure.gravatar.com\\\/avatar\\\/507340682b8270222e1f208e23198b6ae7e2c6a1033ae84e99bc6bce4f82a387?s=96&d=mm&r=g\",\"width\":96,\"height\":96,\"caption\":\"Encontra Bom Retiro\"}},{\"@type\":\"WebPage\",\"@id\":\"https:\\\/\\\/www.encontrabomretiro.com.br\\\/sobre\\\/programacao-especial-de-janeiro-no-sesc-bom-retiro\\\/#webpage\",\"url\":\"https:\\\/\\\/www.encontrabomretiro.com.br\\\/sobre\\\/programacao-especial-de-janeiro-no-sesc-bom-retiro\\\/\",\"name\":\"Programa\\u00e7\\u00e3o especial de Janeiro no Sesc Bom Retiro | Encontra Bom Retiro\",\"description\":\"Confira a programa\\u00e7\\u00e3o especial de Janeiro no Sesc Bom Retiro: M\\u00daSICA PAULA LIMA Neste show, protagonizado e conceituado pela artista, com sua banda vibrante, evidencia-se sua caracter\\u00edstica principal, que \\u00e9 a jun\\u00e7\\u00e3o de v\\u00e1rios ritmos e levadas dentro de um delicioso caldeir\\u00e3o musical: balan\\u00e7o, funk, bossa, soul, jazz, rock, e claro, o samba, que estrutura\",\"inLanguage\":\"pt-BR\",\"isPartOf\":{\"@id\":\"https:\\\/\\\/www.encontrabomretiro.com.br\\\/sobre\\\/#website\"},\"breadcrumb\":{\"@id\":\"https:\\\/\\\/www.encontrabomretiro.com.br\\\/sobre\\\/programacao-especial-de-janeiro-no-sesc-bom-retiro\\\/#breadcrumblist\"},\"author\":{\"@id\":\"https:\\\/\\\/www.encontrabomretiro.com.br\\\/sobre\\\/author\\\/ebomretiro\\\/#author\"},\"creator\":{\"@id\":\"https:\\\/\\\/www.encontrabomretiro.com.br\\\/sobre\\\/author\\\/ebomretiro\\\/#author\"},\"datePublished\":\"2012-12-20T00:15:03-02:00\",\"dateModified\":\"2019-04-29T18:04:39-02:00\"},{\"@type\":\"WebSite\",\"@id\":\"https:\\\/\\\/www.encontrabomretiro.com.br\\\/sobre\\\/#website\",\"url\":\"https:\\\/\\\/www.encontrabomretiro.com.br\\\/sobre\\\/\",\"name\":\"Encontra Bom Retiro\",\"description\":\"Not\\u00edcias, eventos, informa\\u00e7\\u00f5es e dicas no bairro do Bom Retiro e regi\\u00e3o.\",\"inLanguage\":\"pt-BR\",\"publisher\":{\"@id\":\"https:\\\/\\\/www.encontrabomretiro.com.br\\\/sobre\\\/#organization\"}}]}\n\t\t<\/script>\n\t\t<!-- All in One SEO -->\n\n","aioseo_head_json":{"title":"Programa\u00e7\u00e3o especial de Janeiro no Sesc Bom Retiro | Encontra Bom Retiro","description":"Confira a programa\u00e7\u00e3o especial de Janeiro no Sesc Bom Retiro: M\u00daSICA PAULA LIMA Neste show, protagonizado e conceituado pela artista, com sua banda vibrante, evidencia-se sua caracter\u00edstica principal, que \u00e9 a jun\u00e7\u00e3o de v\u00e1rios ritmos e levadas dentro de um delicioso caldeir\u00e3o musical: balan\u00e7o, funk, bossa, soul, jazz, rock, e claro, o samba, que estrutura","canonical_url":"https:\/\/www.encontrabomretiro.com.br\/sobre\/programacao-especial-de-janeiro-no-sesc-bom-retiro\/","robots":"max-image-preview:large","keywords":"","webmasterTools":{"miscellaneous":""},"schema":{"@context":"https:\/\/schema.org","@graph":[{"@type":"Article","@id":"https:\/\/www.encontrabomretiro.com.br\/sobre\/programacao-especial-de-janeiro-no-sesc-bom-retiro\/#article","name":"Programa\u00e7\u00e3o especial de Janeiro no Sesc Bom Retiro | Encontra Bom Retiro","headline":"Programa\u00e7\u00e3o especial de Janeiro no Sesc Bom Retiro","author":{"@id":"https:\/\/www.encontrabomretiro.com.br\/sobre\/author\/ebomretiro\/#author"},"publisher":{"@id":"https:\/\/www.encontrabomretiro.com.br\/sobre\/#organization"},"datePublished":"2012-12-20T00:15:03-02:00","dateModified":"2019-04-29T18:04:39-02:00","inLanguage":"pt-BR","mainEntityOfPage":{"@id":"https:\/\/www.encontrabomretiro.com.br\/sobre\/programacao-especial-de-janeiro-no-sesc-bom-retiro\/#webpage"},"isPartOf":{"@id":"https:\/\/www.encontrabomretiro.com.br\/sobre\/programacao-especial-de-janeiro-no-sesc-bom-retiro\/#webpage"},"articleSection":"Shows Bom Retiro"},{"@type":"BreadcrumbList","@id":"https:\/\/www.encontrabomretiro.com.br\/sobre\/programacao-especial-de-janeiro-no-sesc-bom-retiro\/#breadcrumblist","itemListElement":[{"@type":"ListItem","@id":"https:\/\/www.encontrabomretiro.com.br\/sobre#listItem","position":1,"name":"Dom\u00e9stica","item":"https:\/\/www.encontrabomretiro.com.br\/sobre","nextItem":{"@type":"ListItem","@id":"https:\/\/www.encontrabomretiro.com.br\/sobre\/shows-no-bom-retiro\/#listItem","name":"Shows Bom Retiro"}},{"@type":"ListItem","@id":"https:\/\/www.encontrabomretiro.com.br\/sobre\/shows-no-bom-retiro\/#listItem","position":2,"name":"Shows Bom Retiro","item":"https:\/\/www.encontrabomretiro.com.br\/sobre\/shows-no-bom-retiro\/","nextItem":{"@type":"ListItem","@id":"https:\/\/www.encontrabomretiro.com.br\/sobre\/programacao-especial-de-janeiro-no-sesc-bom-retiro\/#listItem","name":"Programa\u00e7\u00e3o especial de Janeiro no Sesc Bom Retiro"},"previousItem":{"@type":"ListItem","@id":"https:\/\/www.encontrabomretiro.com.br\/sobre#listItem","name":"Dom\u00e9stica"}},{"@type":"ListItem","@id":"https:\/\/www.encontrabomretiro.com.br\/sobre\/programacao-especial-de-janeiro-no-sesc-bom-retiro\/#listItem","position":3,"name":"Programa\u00e7\u00e3o especial de Janeiro no Sesc Bom Retiro","previousItem":{"@type":"ListItem","@id":"https:\/\/www.encontrabomretiro.com.br\/sobre\/shows-no-bom-retiro\/#listItem","name":"Shows Bom Retiro"}}]},{"@type":"Organization","@id":"https:\/\/www.encontrabomretiro.com.br\/sobre\/#organization","name":"Encontra Bom Retiro","description":"Not\u00edcias, eventos, informa\u00e7\u00f5es e dicas no bairro do Bom Retiro e regi\u00e3o.","url":"https:\/\/www.encontrabomretiro.com.br\/sobre\/"},{"@type":"Person","@id":"https:\/\/www.encontrabomretiro.com.br\/sobre\/author\/ebomretiro\/#author","url":"https:\/\/www.encontrabomretiro.com.br\/sobre\/author\/ebomretiro\/","name":"Encontra Bom Retiro","image":{"@type":"ImageObject","@id":"https:\/\/www.encontrabomretiro.com.br\/sobre\/programacao-especial-de-janeiro-no-sesc-bom-retiro\/#authorImage","url":"https:\/\/secure.gravatar.com\/avatar\/507340682b8270222e1f208e23198b6ae7e2c6a1033ae84e99bc6bce4f82a387?s=96&d=mm&r=g","width":96,"height":96,"caption":"Encontra Bom Retiro"}},{"@type":"WebPage","@id":"https:\/\/www.encontrabomretiro.com.br\/sobre\/programacao-especial-de-janeiro-no-sesc-bom-retiro\/#webpage","url":"https:\/\/www.encontrabomretiro.com.br\/sobre\/programacao-especial-de-janeiro-no-sesc-bom-retiro\/","name":"Programa\u00e7\u00e3o especial de Janeiro no Sesc Bom Retiro | Encontra Bom Retiro","description":"Confira a programa\u00e7\u00e3o especial de Janeiro no Sesc Bom Retiro: M\u00daSICA PAULA LIMA Neste show, protagonizado e conceituado pela artista, com sua banda vibrante, evidencia-se sua caracter\u00edstica principal, que \u00e9 a jun\u00e7\u00e3o de v\u00e1rios ritmos e levadas dentro de um delicioso caldeir\u00e3o musical: balan\u00e7o, funk, bossa, soul, jazz, rock, e claro, o samba, que estrutura","inLanguage":"pt-BR","isPartOf":{"@id":"https:\/\/www.encontrabomretiro.com.br\/sobre\/#website"},"breadcrumb":{"@id":"https:\/\/www.encontrabomretiro.com.br\/sobre\/programacao-especial-de-janeiro-no-sesc-bom-retiro\/#breadcrumblist"},"author":{"@id":"https:\/\/www.encontrabomretiro.com.br\/sobre\/author\/ebomretiro\/#author"},"creator":{"@id":"https:\/\/www.encontrabomretiro.com.br\/sobre\/author\/ebomretiro\/#author"},"datePublished":"2012-12-20T00:15:03-02:00","dateModified":"2019-04-29T18:04:39-02:00"},{"@type":"WebSite","@id":"https:\/\/www.encontrabomretiro.com.br\/sobre\/#website","url":"https:\/\/www.encontrabomretiro.com.br\/sobre\/","name":"Encontra Bom Retiro","description":"Not\u00edcias, eventos, informa\u00e7\u00f5es e dicas no bairro do Bom Retiro e regi\u00e3o.","inLanguage":"pt-BR","publisher":{"@id":"https:\/\/www.encontrabomretiro.com.br\/sobre\/#organization"}}]},"og:locale":"pt_BR","og:site_name":"Encontra Bom Retiro | Not\u00edcias, eventos, informa\u00e7\u00f5es e dicas no bairro do Bom Retiro e regi\u00e3o.","og:type":"article","og:title":"Programa\u00e7\u00e3o especial de Janeiro no Sesc Bom Retiro | Encontra Bom Retiro","og:description":"Confira a programa\u00e7\u00e3o especial de Janeiro no Sesc Bom Retiro: M\u00daSICA PAULA LIMA Neste show, protagonizado e conceituado pela artista, com sua banda vibrante, evidencia-se sua caracter\u00edstica principal, que \u00e9 a jun\u00e7\u00e3o de v\u00e1rios ritmos e levadas dentro de um delicioso caldeir\u00e3o musical: balan\u00e7o, funk, bossa, soul, jazz, rock, e claro, o samba, que estrutura","og:url":"https:\/\/www.encontrabomretiro.com.br\/sobre\/programacao-especial-de-janeiro-no-sesc-bom-retiro\/","article:published_time":"2012-12-20T02:15:03+00:00","article:modified_time":"2019-04-29T20:04:39+00:00","twitter:card":"summary_large_image","twitter:title":"Programa\u00e7\u00e3o especial de Janeiro no Sesc Bom Retiro | Encontra Bom Retiro","twitter:description":"Confira a programa\u00e7\u00e3o especial de Janeiro no Sesc Bom Retiro: M\u00daSICA PAULA LIMA Neste show, protagonizado e conceituado pela artista, com sua banda vibrante, evidencia-se sua caracter\u00edstica principal, que \u00e9 a jun\u00e7\u00e3o de v\u00e1rios ritmos e levadas dentro de um delicioso caldeir\u00e3o musical: balan\u00e7o, funk, bossa, soul, jazz, rock, e claro, o samba, que estrutura"},"aioseo_meta_data":{"post_id":"510","title":null,"description":null,"keywords":null,"keyphrases":null,"primary_term":null,"canonical_url":null,"og_title":null,"og_description":null,"og_object_type":"default","og_image_type":"default","og_image_url":null,"og_image_width":null,"og_image_height":null,"og_image_custom_url":null,"og_image_custom_fields":null,"og_video":null,"og_custom_url":null,"og_article_section":null,"og_article_tags":null,"twitter_use_og":false,"twitter_card":"default","twitter_image_type":"default","twitter_image_url":null,"twitter_image_custom_url":null,"twitter_image_custom_fields":null,"twitter_title":null,"twitter_description":null,"schema":{"blockGraphs":[],"customGraphs":[],"default":{"data":{"Article":[],"Course":[],"Dataset":[],"FAQPage":[],"Movie":[],"Person":[],"Product":[],"ProductReview":[],"Car":[],"Recipe":[],"Service":[],"SoftwareApplication":[],"WebPage":[]},"graphName":"","isEnabled":true},"graphs":[]},"schema_type":"default","schema_type_options":null,"pillar_content":false,"robots_default":true,"robots_noindex":false,"robots_noarchive":false,"robots_nosnippet":false,"robots_nofollow":false,"robots_noimageindex":false,"robots_noodp":false,"robots_notranslate":false,"robots_max_snippet":null,"robots_max_videopreview":null,"robots_max_imagepreview":"large","priority":null,"frequency":null,"local_seo":null,"breadcrumb_settings":null,"limit_modified_date":false,"ai":null,"created":"2023-10-16 13:02:02","updated":"2025-10-03 14:05:02","focus_keyword":null,"additional_keywords":null,"truseo_locale":null,"seo_analyzer_scan_date":null},"aioseo_breadcrumb":"<div class=\"aioseo-breadcrumbs\"><span class=\"aioseo-breadcrumb\">\n\t\t\t<a href=\"https:\/\/www.encontrabomretiro.com.br\/sobre\" title=\"Dom\u00e9stica\">Dom\u00e9stica<\/a>\n\t\t<\/span><span class=\"aioseo-breadcrumb-separator\">&raquo;<\/span><span class=\"aioseo-breadcrumb\">\n\t\t\t<a href=\"https:\/\/www.encontrabomretiro.com.br\/sobre\/shows-no-bom-retiro\/\" title=\"Shows Bom Retiro\">Shows Bom Retiro<\/a>\n\t\t<\/span><span class=\"aioseo-breadcrumb-separator\">&raquo;<\/span><span class=\"aioseo-breadcrumb\">\n\t\t\tPrograma\u00e7\u00e3o especial de Janeiro no Sesc Bom Retiro\n\t\t<\/span><\/div>","aioseo_breadcrumb_json":[{"label":"Dom\u00e9stica","link":"https:\/\/www.encontrabomretiro.com.br\/sobre"},{"label":"Shows Bom Retiro","link":"https:\/\/www.encontrabomretiro.com.br\/sobre\/shows-no-bom-retiro\/"},{"label":"Programa\u00e7\u00e3o especial de Janeiro no Sesc Bom Retiro","link":"https:\/\/www.encontrabomretiro.com.br\/sobre\/programacao-especial-de-janeiro-no-sesc-bom-retiro\/"}],"_links":{"self":[{"href":"https:\/\/www.encontrabomretiro.com.br\/sobre\/wp-json\/wp\/v2\/posts\/510","targetHints":{"allow":["GET"]}}],"collection":[{"href":"https:\/\/www.encontrabomretiro.com.br\/sobre\/wp-json\/wp\/v2\/posts"}],"about":[{"href":"https:\/\/www.encontrabomretiro.com.br\/sobre\/wp-json\/wp\/v2\/types\/post"}],"author":[{"embeddable":true,"href":"https:\/\/www.encontrabomretiro.com.br\/sobre\/wp-json\/wp\/v2\/users\/1"}],"replies":[{"embeddable":true,"href":"https:\/\/www.encontrabomretiro.com.br\/sobre\/wp-json\/wp\/v2\/comments?post=510"}],"version-history":[{"count":0,"href":"https:\/\/www.encontrabomretiro.com.br\/sobre\/wp-json\/wp\/v2\/posts\/510\/revisions"}],"wp:attachment":[{"href":"https:\/\/www.encontrabomretiro.com.br\/sobre\/wp-json\/wp\/v2\/media?parent=510"}],"wp:term":[{"taxonomy":"category","embeddable":true,"href":"https:\/\/www.encontrabomretiro.com.br\/sobre\/wp-json\/wp\/v2\/categories?post=510"},{"taxonomy":"post_tag","embeddable":true,"href":"https:\/\/www.encontrabomretiro.com.br\/sobre\/wp-json\/wp\/v2\/tags?post=510"}],"curies":[{"name":"wp","href":"https:\/\/api.w.org\/{rel}","templated":true}]}}