{"id":50,"date":"2010-12-03T13:35:19","date_gmt":"2010-12-03T15:35:19","guid":{"rendered":"http:\/\/www.encontrabomretiro.com.br\/noticias\/?p=50"},"modified":"2019-04-29T18:05:12","modified_gmt":"2019-04-29T20:05:12","slug":"bom-retiro-ganhara-unidade-do-sesc","status":"publish","type":"post","link":"https:\/\/www.encontrabomretiro.com.br\/sobre\/bom-retiro-ganhara-unidade-do-sesc\/","title":{"rendered":"Bom Retiro ganhar\u00e1 unidade do SESC"},"content":{"rendered":"<div class=\"228b65ae207de3c5c501cfe75875708b\" data-index=\"1\" style=\"float: none; margin:0px;\">\n<!-- Anuncio display - global -->\r\n<ins class=\"adsbygoogle\"\r\n     style=\"display:block\"\r\n     data-ad-client=\"ca-pub-8585364105181520\"\r\n     data-ad-slot=\"8789329856\"\r\n     data-ad-format=\"auto\"\r\n     data-full-width-responsive=\"true\"><\/ins>\r\n<script>\r\n     (adsbygoogle = window.adsbygoogle || []).push({});\r\n<\/script>\n<\/div>\n<p>A zona leste de S\u00e3o Paulo ganha, a partir de amanh\u00e3, o maior Sesc de todo o Estado.<\/p>\n<p>Reformulada, a unidade Belenzinho ter\u00e1 50 mil m\u00b2 de \u00e1rea constru\u00edda,  seis piscinas, cl\u00ednica odontol\u00f3gica com cinco consult\u00f3rios, tr\u00eas salas  de teatro, entre diversos outros equipamentos.<\/p>\n<p>A obra custou R$ 150 milh\u00f5es. Diretor regional do Sesc SP, Danilo Santos  de Miranda diz que ela vai revitalizar a \u00e1rea entre as esta\u00e7\u00f5es Bel\u00e9m e  Tatuap\u00e9 do metr\u00f4.<\/p>\n<p>Quando a obra come\u00e7ou, em 2006, os moradores pensaram que a unidade  tinha fechado. No entanto, o diretor regional conta que, desde que a  \u00e1rea foi adquirida na d\u00e9cada de 1990, havia inten\u00e7\u00e3o de se construir um  Sesc completo na regi\u00e3o.<\/p>\n<p>O local abrigava uma f\u00e1brica de tecidos e n\u00e3o tinha a infraestrutura  adequada para servir a popula\u00e7\u00e3o de acordo com as diretrizes da  institui\u00e7\u00e3o. &#8220;Aproveitamos o que tinha para acostumar o p\u00fablico. Quando  foi poss\u00edvel, viabilizamos o novo projeto.&#8221;<\/p>\n<p>Al\u00e9m do Belenzinho, a cidade vai ganhar outras duas unidades do Sesc em  regi\u00f5es importantes: Santo Amaro e Bom Retiro &#8211; esta \u00faltima pr\u00f3xima \u00e0  cracol\u00e2ndia. A obra deve ser entregue em mar\u00e7o.<\/p>\n<p>&#8220;Essas regi\u00f5es degradadas s\u00e3o assim por causa do esvaziamento social,  econ\u00f4mico e cultural. Antigamente o circuito cultural de S\u00e3o Paulo era  restrito ao centro, Jardins e Pinheiros. N\u00f3s ajudamos a mudar isso&#8221;,  afirma o diretor.<\/p>\n<p>O Sesc ir\u00e1 se expandir ainda para outras \u00e1reas. H\u00e1 projetos para as unidades 24 de Maio, Avenida Paulista, Guarulhos e Osasco.<\/p>\n<p>Tamb\u00e9m est\u00e1 em fase adiantada a compra de um terreno para a instala\u00e7\u00e3o do Sesc Sapopemba.<\/p>\n<p>No interior do Estado, o Sesc estar\u00e1 em Sorocaba, Jundia\u00ed, Franca e Birigui.<\/p>\n<p><em>Fonte: Folha de S. Paulo<\/em><\/p>\n\n<div style=\"font-size: 0px; height: 0px; line-height: 0px; margin: 0; padding: 0; clear: both;\"><\/div>","protected":false},"excerpt":{"rendered":"<p>A zona leste de S\u00e3o Paulo ganha, a partir de amanh\u00e3, o maior Sesc de todo o Estado. Reformulada, a unidade Belenzinho ter\u00e1 50 mil m\u00b2 de \u00e1rea constru\u00edda, seis piscinas, cl\u00ednica odontol\u00f3gica com cinco consult\u00f3rios, tr\u00eas salas de teatro, entre diversos outros equipamentos. A obra custou R$ 150 milh\u00f5es. Diretor regional do Sesc SP, Danilo Santos de Miranda diz que ela vai revitalizar a \u00e1rea entre as esta\u00e7\u00f5es Bel\u00e9m e Tatuap\u00e9 do metr\u00f4. Quando a obra come\u00e7ou, em 2006, os moradores pensaram que a unidade tinha fechado. No entanto, o diretor regional conta que, desde que a \u00e1rea foi <\/p>\n","protected":false},"author":1,"featured_media":0,"comment_status":"open","ping_status":"closed","sticky":false,"template":"","format":"standard","meta":{"footnotes":""},"categories":[6],"tags":[],"class_list":["post-50","post","type-post","status-publish","format-standard","hentry","category-noticias-no-bom-retiro"],"aioseo_notices":[],"aioseo_head":"\n\t\t<!-- All in One SEO 5.0.0.1 - aioseo.com -->\n\t<meta name=\"description\" content=\"A zona leste de S\u00e3o Paulo ganha, a partir de amanh\u00e3, o maior Sesc de todo o Estado. Reformulada, a unidade Belenzinho ter\u00e1 50 mil m\u00b2 de \u00e1rea constru\u00edda, seis piscinas, cl\u00ednica odontol\u00f3gica com cinco consult\u00f3rios, tr\u00eas salas de teatro, entre diversos outros equipamentos. A obra custou R$ 150 milh\u00f5es. Diretor regional do Sesc SP,\" \/>\n\t<meta name=\"robots\" content=\"max-image-preview:large\" \/>\n\t<meta name=\"author\" content=\"Encontra Bom Retiro\"\/>\n\t<link rel=\"canonical\" href=\"https:\/\/www.encontrabomretiro.com.br\/sobre\/bom-retiro-ganhara-unidade-do-sesc\/\" \/>\n\t<meta name=\"generator\" content=\"All in One SEO (AIOSEO) 5.0.0.1\" \/>\n\t\t<meta property=\"og:locale\" content=\"pt_BR\" \/>\n\t\t<meta property=\"og:site_name\" content=\"Encontra Bom Retiro | Not\u00edcias, eventos, informa\u00e7\u00f5es e dicas no bairro do Bom Retiro e regi\u00e3o.\" \/>\n\t\t<meta property=\"og:type\" content=\"article\" \/>\n\t\t<meta property=\"og:title\" content=\"Bom Retiro ganhar\u00e1 unidade do SESC | Encontra Bom Retiro\" \/>\n\t\t<meta property=\"og:description\" content=\"A zona leste de S\u00e3o Paulo ganha, a partir de amanh\u00e3, o maior Sesc de todo o Estado. Reformulada, a unidade Belenzinho ter\u00e1 50 mil m\u00b2 de \u00e1rea constru\u00edda, seis piscinas, cl\u00ednica odontol\u00f3gica com cinco consult\u00f3rios, tr\u00eas salas de teatro, entre diversos outros equipamentos. A obra custou R$ 150 milh\u00f5es. Diretor regional do Sesc SP,\" \/>\n\t\t<meta property=\"og:url\" content=\"https:\/\/www.encontrabomretiro.com.br\/sobre\/bom-retiro-ganhara-unidade-do-sesc\/\" \/>\n\t\t<meta property=\"article:published_time\" content=\"2010-12-03T15:35:19+00:00\" \/>\n\t\t<meta property=\"article:modified_time\" content=\"2019-04-29T20:05:12+00:00\" \/>\n\t\t<meta name=\"twitter:card\" content=\"summary_large_image\" \/>\n\t\t<meta name=\"twitter:title\" content=\"Bom Retiro ganhar\u00e1 unidade do SESC | Encontra Bom Retiro\" \/>\n\t\t<meta name=\"twitter:description\" content=\"A zona leste de S\u00e3o Paulo ganha, a partir de amanh\u00e3, o maior Sesc de todo o Estado. Reformulada, a unidade Belenzinho ter\u00e1 50 mil m\u00b2 de \u00e1rea constru\u00edda, seis piscinas, cl\u00ednica odontol\u00f3gica com cinco consult\u00f3rios, tr\u00eas salas de teatro, entre diversos outros equipamentos. A obra custou R$ 150 milh\u00f5es. Diretor regional do Sesc SP,\" \/>\n\t\t<script type=\"application\/ld+json\" class=\"aioseo-schema\">\n\t\t\t{\"@context\":\"https:\\\/\\\/schema.org\",\"@graph\":[{\"@type\":\"Article\",\"@id\":\"https:\\\/\\\/www.encontrabomretiro.com.br\\\/sobre\\\/bom-retiro-ganhara-unidade-do-sesc\\\/#article\",\"name\":\"Bom Retiro ganhar\\u00e1 unidade do SESC | Encontra Bom Retiro\",\"headline\":\"Bom Retiro ganhar\\u00e1 unidade do SESC\",\"author\":{\"@id\":\"https:\\\/\\\/www.encontrabomretiro.com.br\\\/sobre\\\/author\\\/ebomretiro\\\/#author\"},\"publisher\":{\"@id\":\"https:\\\/\\\/www.encontrabomretiro.com.br\\\/sobre\\\/#organization\"},\"datePublished\":\"2010-12-03T13:35:19-02:00\",\"dateModified\":\"2019-04-29T18:05:12-02:00\",\"inLanguage\":\"pt-BR\",\"mainEntityOfPage\":{\"@id\":\"https:\\\/\\\/www.encontrabomretiro.com.br\\\/sobre\\\/bom-retiro-ganhara-unidade-do-sesc\\\/#webpage\"},\"isPartOf\":{\"@id\":\"https:\\\/\\\/www.encontrabomretiro.com.br\\\/sobre\\\/bom-retiro-ganhara-unidade-do-sesc\\\/#webpage\"},\"articleSection\":\"Not\\u00edcias Bom Retiro\"},{\"@type\":\"BreadcrumbList\",\"@id\":\"https:\\\/\\\/www.encontrabomretiro.com.br\\\/sobre\\\/bom-retiro-ganhara-unidade-do-sesc\\\/#breadcrumblist\",\"itemListElement\":[{\"@type\":\"ListItem\",\"@id\":\"https:\\\/\\\/www.encontrabomretiro.com.br\\\/sobre#listItem\",\"position\":1,\"name\":\"Dom\\u00e9stica\",\"item\":\"https:\\\/\\\/www.encontrabomretiro.com.br\\\/sobre\",\"nextItem\":{\"@type\":\"ListItem\",\"@id\":\"https:\\\/\\\/www.encontrabomretiro.com.br\\\/sobre\\\/noticias-no-bom-retiro\\\/#listItem\",\"name\":\"Not\\u00edcias Bom Retiro\"}},{\"@type\":\"ListItem\",\"@id\":\"https:\\\/\\\/www.encontrabomretiro.com.br\\\/sobre\\\/noticias-no-bom-retiro\\\/#listItem\",\"position\":2,\"name\":\"Not\\u00edcias Bom Retiro\",\"item\":\"https:\\\/\\\/www.encontrabomretiro.com.br\\\/sobre\\\/noticias-no-bom-retiro\\\/\",\"nextItem\":{\"@type\":\"ListItem\",\"@id\":\"https:\\\/\\\/www.encontrabomretiro.com.br\\\/sobre\\\/bom-retiro-ganhara-unidade-do-sesc\\\/#listItem\",\"name\":\"Bom Retiro ganhar\\u00e1 unidade do SESC\"},\"previousItem\":{\"@type\":\"ListItem\",\"@id\":\"https:\\\/\\\/www.encontrabomretiro.com.br\\\/sobre#listItem\",\"name\":\"Dom\\u00e9stica\"}},{\"@type\":\"ListItem\",\"@id\":\"https:\\\/\\\/www.encontrabomretiro.com.br\\\/sobre\\\/bom-retiro-ganhara-unidade-do-sesc\\\/#listItem\",\"position\":3,\"name\":\"Bom Retiro ganhar\\u00e1 unidade do SESC\",\"previousItem\":{\"@type\":\"ListItem\",\"@id\":\"https:\\\/\\\/www.encontrabomretiro.com.br\\\/sobre\\\/noticias-no-bom-retiro\\\/#listItem\",\"name\":\"Not\\u00edcias Bom Retiro\"}}]},{\"@type\":\"Organization\",\"@id\":\"https:\\\/\\\/www.encontrabomretiro.com.br\\\/sobre\\\/#organization\",\"name\":\"Encontra Bom Retiro\",\"description\":\"Not\\u00edcias, eventos, informa\\u00e7\\u00f5es e dicas no bairro do Bom Retiro e regi\\u00e3o.\",\"url\":\"https:\\\/\\\/www.encontrabomretiro.com.br\\\/sobre\\\/\"},{\"@type\":\"Person\",\"@id\":\"https:\\\/\\\/www.encontrabomretiro.com.br\\\/sobre\\\/author\\\/ebomretiro\\\/#author\",\"url\":\"https:\\\/\\\/www.encontrabomretiro.com.br\\\/sobre\\\/author\\\/ebomretiro\\\/\",\"name\":\"Encontra Bom Retiro\",\"image\":{\"@type\":\"ImageObject\",\"@id\":\"https:\\\/\\\/www.encontrabomretiro.com.br\\\/sobre\\\/bom-retiro-ganhara-unidade-do-sesc\\\/#authorImage\",\"url\":\"https:\\\/\\\/secure.gravatar.com\\\/avatar\\\/507340682b8270222e1f208e23198b6ae7e2c6a1033ae84e99bc6bce4f82a387?s=96&d=mm&r=g\",\"width\":96,\"height\":96,\"caption\":\"Encontra Bom Retiro\"}},{\"@type\":\"WebPage\",\"@id\":\"https:\\\/\\\/www.encontrabomretiro.com.br\\\/sobre\\\/bom-retiro-ganhara-unidade-do-sesc\\\/#webpage\",\"url\":\"https:\\\/\\\/www.encontrabomretiro.com.br\\\/sobre\\\/bom-retiro-ganhara-unidade-do-sesc\\\/\",\"name\":\"Bom Retiro ganhar\\u00e1 unidade do SESC | Encontra Bom Retiro\",\"description\":\"A zona leste de S\\u00e3o Paulo ganha, a partir de amanh\\u00e3, o maior Sesc de todo o Estado. Reformulada, a unidade Belenzinho ter\\u00e1 50 mil m\\u00b2 de \\u00e1rea constru\\u00edda, seis piscinas, cl\\u00ednica odontol\\u00f3gica com cinco consult\\u00f3rios, tr\\u00eas salas de teatro, entre diversos outros equipamentos. A obra custou R$ 150 milh\\u00f5es. Diretor regional do Sesc SP,\",\"inLanguage\":\"pt-BR\",\"isPartOf\":{\"@id\":\"https:\\\/\\\/www.encontrabomretiro.com.br\\\/sobre\\\/#website\"},\"breadcrumb\":{\"@id\":\"https:\\\/\\\/www.encontrabomretiro.com.br\\\/sobre\\\/bom-retiro-ganhara-unidade-do-sesc\\\/#breadcrumblist\"},\"author\":{\"@id\":\"https:\\\/\\\/www.encontrabomretiro.com.br\\\/sobre\\\/author\\\/ebomretiro\\\/#author\"},\"creator\":{\"@id\":\"https:\\\/\\\/www.encontrabomretiro.com.br\\\/sobre\\\/author\\\/ebomretiro\\\/#author\"},\"datePublished\":\"2010-12-03T13:35:19-02:00\",\"dateModified\":\"2019-04-29T18:05:12-02:00\"},{\"@type\":\"WebSite\",\"@id\":\"https:\\\/\\\/www.encontrabomretiro.com.br\\\/sobre\\\/#website\",\"url\":\"https:\\\/\\\/www.encontrabomretiro.com.br\\\/sobre\\\/\",\"name\":\"Encontra Bom Retiro\",\"description\":\"Not\\u00edcias, eventos, informa\\u00e7\\u00f5es e dicas no bairro do Bom Retiro e regi\\u00e3o.\",\"inLanguage\":\"pt-BR\",\"publisher\":{\"@id\":\"https:\\\/\\\/www.encontrabomretiro.com.br\\\/sobre\\\/#organization\"}}]}\n\t\t<\/script>\n\t\t<!-- All in One SEO -->\n\n","aioseo_head_json":{"title":"Bom Retiro ganhar\u00e1 unidade do SESC | Encontra Bom Retiro","description":"A zona leste de S\u00e3o Paulo ganha, a partir de amanh\u00e3, o maior Sesc de todo o Estado. Reformulada, a unidade Belenzinho ter\u00e1 50 mil m\u00b2 de \u00e1rea constru\u00edda, seis piscinas, cl\u00ednica odontol\u00f3gica com cinco consult\u00f3rios, tr\u00eas salas de teatro, entre diversos outros equipamentos. A obra custou R$ 150 milh\u00f5es. Diretor regional do Sesc SP,","canonical_url":"https:\/\/www.encontrabomretiro.com.br\/sobre\/bom-retiro-ganhara-unidade-do-sesc\/","robots":"max-image-preview:large","keywords":"","webmasterTools":{"miscellaneous":""},"schema":{"@context":"https:\/\/schema.org","@graph":[{"@type":"Article","@id":"https:\/\/www.encontrabomretiro.com.br\/sobre\/bom-retiro-ganhara-unidade-do-sesc\/#article","name":"Bom Retiro ganhar\u00e1 unidade do SESC | Encontra Bom Retiro","headline":"Bom Retiro ganhar\u00e1 unidade do SESC","author":{"@id":"https:\/\/www.encontrabomretiro.com.br\/sobre\/author\/ebomretiro\/#author"},"publisher":{"@id":"https:\/\/www.encontrabomretiro.com.br\/sobre\/#organization"},"datePublished":"2010-12-03T13:35:19-02:00","dateModified":"2019-04-29T18:05:12-02:00","inLanguage":"pt-BR","mainEntityOfPage":{"@id":"https:\/\/www.encontrabomretiro.com.br\/sobre\/bom-retiro-ganhara-unidade-do-sesc\/#webpage"},"isPartOf":{"@id":"https:\/\/www.encontrabomretiro.com.br\/sobre\/bom-retiro-ganhara-unidade-do-sesc\/#webpage"},"articleSection":"Not\u00edcias Bom Retiro"},{"@type":"BreadcrumbList","@id":"https:\/\/www.encontrabomretiro.com.br\/sobre\/bom-retiro-ganhara-unidade-do-sesc\/#breadcrumblist","itemListElement":[{"@type":"ListItem","@id":"https:\/\/www.encontrabomretiro.com.br\/sobre#listItem","position":1,"name":"Dom\u00e9stica","item":"https:\/\/www.encontrabomretiro.com.br\/sobre","nextItem":{"@type":"ListItem","@id":"https:\/\/www.encontrabomretiro.com.br\/sobre\/noticias-no-bom-retiro\/#listItem","name":"Not\u00edcias Bom Retiro"}},{"@type":"ListItem","@id":"https:\/\/www.encontrabomretiro.com.br\/sobre\/noticias-no-bom-retiro\/#listItem","position":2,"name":"Not\u00edcias Bom Retiro","item":"https:\/\/www.encontrabomretiro.com.br\/sobre\/noticias-no-bom-retiro\/","nextItem":{"@type":"ListItem","@id":"https:\/\/www.encontrabomretiro.com.br\/sobre\/bom-retiro-ganhara-unidade-do-sesc\/#listItem","name":"Bom Retiro ganhar\u00e1 unidade do SESC"},"previousItem":{"@type":"ListItem","@id":"https:\/\/www.encontrabomretiro.com.br\/sobre#listItem","name":"Dom\u00e9stica"}},{"@type":"ListItem","@id":"https:\/\/www.encontrabomretiro.com.br\/sobre\/bom-retiro-ganhara-unidade-do-sesc\/#listItem","position":3,"name":"Bom Retiro ganhar\u00e1 unidade do SESC","previousItem":{"@type":"ListItem","@id":"https:\/\/www.encontrabomretiro.com.br\/sobre\/noticias-no-bom-retiro\/#listItem","name":"Not\u00edcias Bom Retiro"}}]},{"@type":"Organization","@id":"https:\/\/www.encontrabomretiro.com.br\/sobre\/#organization","name":"Encontra Bom Retiro","description":"Not\u00edcias, eventos, informa\u00e7\u00f5es e dicas no bairro do Bom Retiro e regi\u00e3o.","url":"https:\/\/www.encontrabomretiro.com.br\/sobre\/"},{"@type":"Person","@id":"https:\/\/www.encontrabomretiro.com.br\/sobre\/author\/ebomretiro\/#author","url":"https:\/\/www.encontrabomretiro.com.br\/sobre\/author\/ebomretiro\/","name":"Encontra Bom Retiro","image":{"@type":"ImageObject","@id":"https:\/\/www.encontrabomretiro.com.br\/sobre\/bom-retiro-ganhara-unidade-do-sesc\/#authorImage","url":"https:\/\/secure.gravatar.com\/avatar\/507340682b8270222e1f208e23198b6ae7e2c6a1033ae84e99bc6bce4f82a387?s=96&d=mm&r=g","width":96,"height":96,"caption":"Encontra Bom Retiro"}},{"@type":"WebPage","@id":"https:\/\/www.encontrabomretiro.com.br\/sobre\/bom-retiro-ganhara-unidade-do-sesc\/#webpage","url":"https:\/\/www.encontrabomretiro.com.br\/sobre\/bom-retiro-ganhara-unidade-do-sesc\/","name":"Bom Retiro ganhar\u00e1 unidade do SESC | Encontra Bom Retiro","description":"A zona leste de S\u00e3o Paulo ganha, a partir de amanh\u00e3, o maior Sesc de todo o Estado. Reformulada, a unidade Belenzinho ter\u00e1 50 mil m\u00b2 de \u00e1rea constru\u00edda, seis piscinas, cl\u00ednica odontol\u00f3gica com cinco consult\u00f3rios, tr\u00eas salas de teatro, entre diversos outros equipamentos. A obra custou R$ 150 milh\u00f5es. Diretor regional do Sesc SP,","inLanguage":"pt-BR","isPartOf":{"@id":"https:\/\/www.encontrabomretiro.com.br\/sobre\/#website"},"breadcrumb":{"@id":"https:\/\/www.encontrabomretiro.com.br\/sobre\/bom-retiro-ganhara-unidade-do-sesc\/#breadcrumblist"},"author":{"@id":"https:\/\/www.encontrabomretiro.com.br\/sobre\/author\/ebomretiro\/#author"},"creator":{"@id":"https:\/\/www.encontrabomretiro.com.br\/sobre\/author\/ebomretiro\/#author"},"datePublished":"2010-12-03T13:35:19-02:00","dateModified":"2019-04-29T18:05:12-02:00"},{"@type":"WebSite","@id":"https:\/\/www.encontrabomretiro.com.br\/sobre\/#website","url":"https:\/\/www.encontrabomretiro.com.br\/sobre\/","name":"Encontra Bom Retiro","description":"Not\u00edcias, eventos, informa\u00e7\u00f5es e dicas no bairro do Bom Retiro e regi\u00e3o.","inLanguage":"pt-BR","publisher":{"@id":"https:\/\/www.encontrabomretiro.com.br\/sobre\/#organization"}}]},"og:locale":"pt_BR","og:site_name":"Encontra Bom Retiro | Not\u00edcias, eventos, informa\u00e7\u00f5es e dicas no bairro do Bom Retiro e regi\u00e3o.","og:type":"article","og:title":"Bom Retiro ganhar\u00e1 unidade do SESC | Encontra Bom Retiro","og:description":"A zona leste de S\u00e3o Paulo ganha, a partir de amanh\u00e3, o maior Sesc de todo o Estado. Reformulada, a unidade Belenzinho ter\u00e1 50 mil m\u00b2 de \u00e1rea constru\u00edda, seis piscinas, cl\u00ednica odontol\u00f3gica com cinco consult\u00f3rios, tr\u00eas salas de teatro, entre diversos outros equipamentos. A obra custou R$ 150 milh\u00f5es. Diretor regional do Sesc SP,","og:url":"https:\/\/www.encontrabomretiro.com.br\/sobre\/bom-retiro-ganhara-unidade-do-sesc\/","article:published_time":"2010-12-03T15:35:19+00:00","article:modified_time":"2019-04-29T20:05:12+00:00","twitter:card":"summary_large_image","twitter:title":"Bom Retiro ganhar\u00e1 unidade do SESC | Encontra Bom Retiro","twitter:description":"A zona leste de S\u00e3o Paulo ganha, a partir de amanh\u00e3, o maior Sesc de todo o Estado. Reformulada, a unidade Belenzinho ter\u00e1 50 mil m\u00b2 de \u00e1rea constru\u00edda, seis piscinas, cl\u00ednica odontol\u00f3gica com cinco consult\u00f3rios, tr\u00eas salas de teatro, entre diversos outros equipamentos. A obra custou R$ 150 milh\u00f5es. Diretor regional do Sesc SP,"},"aioseo_meta_data":{"post_id":"50","title":null,"description":null,"keywords":null,"keyphrases":null,"primary_term":null,"canonical_url":null,"og_title":null,"og_description":null,"og_object_type":"default","og_image_type":"default","og_image_url":null,"og_image_width":null,"og_image_height":null,"og_image_custom_url":null,"og_image_custom_fields":null,"og_video":null,"og_custom_url":null,"og_article_section":null,"og_article_tags":null,"twitter_use_og":false,"twitter_card":"default","twitter_image_type":"default","twitter_image_url":null,"twitter_image_custom_url":null,"twitter_image_custom_fields":null,"twitter_title":null,"twitter_description":null,"schema":{"blockGraphs":[],"customGraphs":[],"default":{"data":{"Article":[],"Course":[],"Dataset":[],"FAQPage":[],"Movie":[],"Person":[],"Product":[],"ProductReview":[],"Car":[],"Recipe":[],"Service":[],"SoftwareApplication":[],"WebPage":[]},"graphName":"","isEnabled":true},"graphs":[]},"schema_type":"default","schema_type_options":null,"pillar_content":false,"robots_default":true,"robots_noindex":false,"robots_noarchive":false,"robots_nosnippet":false,"robots_nofollow":false,"robots_noimageindex":false,"robots_noodp":false,"robots_notranslate":false,"robots_max_snippet":null,"robots_max_videopreview":null,"robots_max_imagepreview":"large","priority":null,"frequency":null,"local_seo":null,"breadcrumb_settings":null,"limit_modified_date":false,"ai":null,"created":"2023-10-16 13:06:39","updated":"2025-10-03 13:01:03","focus_keyword":null,"additional_keywords":null,"truseo_locale":null,"seo_analyzer_scan_date":null},"aioseo_breadcrumb":"<div class=\"aioseo-breadcrumbs\"><span class=\"aioseo-breadcrumb\">\n\t\t\t<a href=\"https:\/\/www.encontrabomretiro.com.br\/sobre\" title=\"Dom\u00e9stica\">Dom\u00e9stica<\/a>\n\t\t<\/span><span class=\"aioseo-breadcrumb-separator\">&raquo;<\/span><span class=\"aioseo-breadcrumb\">\n\t\t\t<a href=\"https:\/\/www.encontrabomretiro.com.br\/sobre\/noticias-no-bom-retiro\/\" title=\"Not\u00edcias Bom Retiro\">Not\u00edcias Bom Retiro<\/a>\n\t\t<\/span><span class=\"aioseo-breadcrumb-separator\">&raquo;<\/span><span class=\"aioseo-breadcrumb\">\n\t\t\tBom Retiro ganhar\u00e1 unidade do SESC\n\t\t<\/span><\/div>","aioseo_breadcrumb_json":[{"label":"Dom\u00e9stica","link":"https:\/\/www.encontrabomretiro.com.br\/sobre"},{"label":"Not\u00edcias Bom Retiro","link":"https:\/\/www.encontrabomretiro.com.br\/sobre\/noticias-no-bom-retiro\/"},{"label":"Bom Retiro ganhar\u00e1 unidade do SESC","link":"https:\/\/www.encontrabomretiro.com.br\/sobre\/bom-retiro-ganhara-unidade-do-sesc\/"}],"_links":{"self":[{"href":"https:\/\/www.encontrabomretiro.com.br\/sobre\/wp-json\/wp\/v2\/posts\/50","targetHints":{"allow":["GET"]}}],"collection":[{"href":"https:\/\/www.encontrabomretiro.com.br\/sobre\/wp-json\/wp\/v2\/posts"}],"about":[{"href":"https:\/\/www.encontrabomretiro.com.br\/sobre\/wp-json\/wp\/v2\/types\/post"}],"author":[{"embeddable":true,"href":"https:\/\/www.encontrabomretiro.com.br\/sobre\/wp-json\/wp\/v2\/users\/1"}],"replies":[{"embeddable":true,"href":"https:\/\/www.encontrabomretiro.com.br\/sobre\/wp-json\/wp\/v2\/comments?post=50"}],"version-history":[{"count":0,"href":"https:\/\/www.encontrabomretiro.com.br\/sobre\/wp-json\/wp\/v2\/posts\/50\/revisions"}],"wp:attachment":[{"href":"https:\/\/www.encontrabomretiro.com.br\/sobre\/wp-json\/wp\/v2\/media?parent=50"}],"wp:term":[{"taxonomy":"category","embeddable":true,"href":"https:\/\/www.encontrabomretiro.com.br\/sobre\/wp-json\/wp\/v2\/categories?post=50"},{"taxonomy":"post_tag","embeddable":true,"href":"https:\/\/www.encontrabomretiro.com.br\/sobre\/wp-json\/wp\/v2\/tags?post=50"}],"curies":[{"name":"wp","href":"https:\/\/api.w.org\/{rel}","templated":true}]}}