{"id":499,"date":"2012-12-13T00:12:15","date_gmt":"2012-12-13T02:12:15","guid":{"rendered":"http:\/\/www.encontrabomretiro.com.br\/noticias\/?p=499"},"modified":"2019-04-29T18:04:40","modified_gmt":"2019-04-29T20:04:40","slug":"compras-de-natal-movimentam-comercio-no-bom-retiro","status":"publish","type":"post","link":"https:\/\/www.encontrabomretiro.com.br\/sobre\/compras-de-natal-movimentam-comercio-no-bom-retiro\/","title":{"rendered":"Compras de Natal movimentam com\u00e9rcio no Bom Retiro"},"content":{"rendered":"<div class=\"228b65ae207de3c5c501cfe75875708b\" data-index=\"1\" style=\"float: none; margin:0px;\">\n<!-- Anuncio display - global -->\r\n<ins class=\"adsbygoogle\"\r\n     style=\"display:block\"\r\n     data-ad-client=\"ca-pub-8585364105181520\"\r\n     data-ad-slot=\"8789329856\"\r\n     data-ad-format=\"auto\"\r\n     data-full-width-responsive=\"true\"><\/ins>\r\n<script>\r\n     (adsbygoogle = window.adsbygoogle || []).push({});\r\n<\/script>\n<\/div>\n<p>Nesta \u00e9poca, as pessoas come\u00e7am a fazer compras de fim de ano e percebemos a maior movimenta\u00e7\u00e3o nas ruas. H\u00e1 especificamente de importantes polos de compras da regi\u00e3o central de S\u00e3o Paulo, como a rua 25 de Mar\u00e7o, rua Santa Ifig\u00eania, o bairro do Bom Retiro e do bairro do Br\u00e1s, cada qual com sua voca\u00e7\u00e3o, atendendo aos mais diversos interesses. Por seu f\u00e1cil acesso &#8211; com \u00f4nibus, trem e metr\u00f4 -, a vasta oferta e os pre\u00e7os bastante atraentes, este locais podem ser boas op\u00e7\u00f5es para quem est\u00e1 planejando suas compras de Natal.<\/p>\n<p>A Vinte e Cinco de Mar\u00e7o \u00e9 a rua comercial mais importante do Brasil, chegando a receber, nesta \u00e9poca, cerca de um milh\u00e3o de pessoas por dia. Na \u201c25\u201d, como \u00e9 popularmente chamada, e em suas ruas adjacentes, podem-se encontrar artigos variados, como bijouteria, papelaria, fantasias, brinquedos, itens de armarinho etc. De l\u00e1, subindo a ladeira Porto Geral e passando pelo Largo S\u00e3o Bento est\u00e1 a rua Santa Ifig\u00eania, o maior polo nacional de eletroeletr\u00f4nicos, com todo tipo de produto referente a telefonia, computadores, software, ilumina\u00e7\u00e3o, monitores de TV de alta defini\u00e7\u00e3o, de som e v\u00eddeo etc.<\/p>\n<p>Vizinho, o distrito do Bom Retiro \u00e9 especializado em confec\u00e7\u00f5es, vendendo a atacado e varejo. Em dire\u00e7\u00e3o \u00e0 Avenida do Estado, depois que se atravessa o rio Tamanduate\u00ed, chega-se ao Br\u00e1s, com suas confec\u00e7\u00f5es de roupas, muita oferta de jeans, enxovais de beb\u00ea e roupa de cama. Estes bairros, todos antigos, fazem parte da hist\u00f3ria de S\u00e3o Paulo, foram evoluindo ao longo dos anos e hoje s\u00e3o grandes centros de compras. Vale a pena visit\u00e1-los.<\/p>\n<p>Estas \u00e1reas representam importante parte da economia paulistana. Pelo fluxo de pessoas e a enorme arrecada\u00e7\u00e3o que propiciam, deveriam receber aten\u00e7\u00e3o especial do poder p\u00fablico: servi\u00e7os de limpeza e zeladoria compat\u00edveis com os hor\u00e1rios de funcionamento, melhor ilumina\u00e7\u00e3o, cal\u00e7adas bem cuidadas para o grande volume de pedestres e estacionamentos de \u00f4nibus, que hoje complicam o tr\u00e2nsito da regi\u00e3o. Da mesma forma, \u00e9 necess\u00e1rio que os comerciantes tenham tratamento menos burocr\u00e1tico por parte da Prefeitura de S\u00e3o Paulo.<\/p>\n<p>Quando fui secret\u00e1rio das Subprefeituras, avan\u00e7amos bastante neste sentido, mas ainda \u00e9 preciso mais. Os entes municipais, como em todos os lugares do mundo, devem apoiar e incentivar tais polos comerciais. Afinal, grande parte das pessoas que os frequentam v\u00eam de fora, acabam pernoitando aqui, indo a cinemas, museus, restaurantes, e movimentando toda a atividade econ\u00f4mica de S\u00e3o Paulo.<\/p>\n<p><em>Fonte: Rede Bom Dia<\/em><\/p>\n\n<div style=\"font-size: 0px; height: 0px; line-height: 0px; margin: 0; padding: 0; clear: both;\"><\/div>","protected":false},"excerpt":{"rendered":"<p>Nesta \u00e9poca, as pessoas come\u00e7am a fazer compras de fim de ano e percebemos a maior movimenta\u00e7\u00e3o nas ruas. H\u00e1 especificamente de importantes polos de compras da regi\u00e3o central de S\u00e3o Paulo, como a rua 25 de Mar\u00e7o, rua Santa Ifig\u00eania, o bairro do Bom Retiro e do bairro do Br\u00e1s, cada qual com sua voca\u00e7\u00e3o, atendendo aos mais diversos interesses. Por seu f\u00e1cil acesso &#8211; com \u00f4nibus, trem e metr\u00f4 -, a vasta oferta e os pre\u00e7os bastante atraentes, este locais podem ser boas op\u00e7\u00f5es para quem est\u00e1 planejando suas compras de Natal. A Vinte e Cinco de Mar\u00e7o <\/p>\n","protected":false},"author":1,"featured_media":0,"comment_status":"open","ping_status":"closed","sticky":false,"template":"","format":"standard","meta":{"footnotes":""},"categories":[6],"tags":[],"class_list":["post-499","post","type-post","status-publish","format-standard","hentry","category-noticias-no-bom-retiro"],"aioseo_notices":[],"aioseo_head":"\n\t\t<!-- All in One SEO 5.0.0.1 - aioseo.com -->\n\t<meta name=\"description\" content=\"Nesta \u00e9poca, as pessoas come\u00e7am a fazer compras de fim de ano e percebemos a maior movimenta\u00e7\u00e3o nas ruas. H\u00e1 especificamente de importantes polos de compras da regi\u00e3o central de S\u00e3o Paulo, como a rua 25 de Mar\u00e7o, rua Santa Ifig\u00eania, o bairro do Bom Retiro e do bairro do Br\u00e1s, cada qual com sua\" \/>\n\t<meta name=\"robots\" content=\"max-image-preview:large\" \/>\n\t<meta name=\"author\" content=\"Encontra Bom Retiro\"\/>\n\t<link rel=\"canonical\" href=\"https:\/\/www.encontrabomretiro.com.br\/sobre\/compras-de-natal-movimentam-comercio-no-bom-retiro\/\" \/>\n\t<meta name=\"generator\" content=\"All in One SEO (AIOSEO) 5.0.0.1\" \/>\n\t\t<meta property=\"og:locale\" content=\"pt_BR\" \/>\n\t\t<meta property=\"og:site_name\" content=\"Encontra Bom Retiro | Not\u00edcias, eventos, informa\u00e7\u00f5es e dicas no bairro do Bom Retiro e regi\u00e3o.\" \/>\n\t\t<meta property=\"og:type\" content=\"article\" \/>\n\t\t<meta property=\"og:title\" content=\"Compras de Natal movimentam com\u00e9rcio no Bom Retiro | Encontra Bom Retiro\" \/>\n\t\t<meta property=\"og:description\" content=\"Nesta \u00e9poca, as pessoas come\u00e7am a fazer compras de fim de ano e percebemos a maior movimenta\u00e7\u00e3o nas ruas. H\u00e1 especificamente de importantes polos de compras da regi\u00e3o central de S\u00e3o Paulo, como a rua 25 de Mar\u00e7o, rua Santa Ifig\u00eania, o bairro do Bom Retiro e do bairro do Br\u00e1s, cada qual com sua\" \/>\n\t\t<meta property=\"og:url\" content=\"https:\/\/www.encontrabomretiro.com.br\/sobre\/compras-de-natal-movimentam-comercio-no-bom-retiro\/\" \/>\n\t\t<meta property=\"article:published_time\" content=\"2012-12-13T02:12:15+00:00\" \/>\n\t\t<meta property=\"article:modified_time\" content=\"2019-04-29T20:04:40+00:00\" \/>\n\t\t<meta name=\"twitter:card\" content=\"summary_large_image\" \/>\n\t\t<meta name=\"twitter:title\" content=\"Compras de Natal movimentam com\u00e9rcio no Bom Retiro | Encontra Bom Retiro\" \/>\n\t\t<meta name=\"twitter:description\" content=\"Nesta \u00e9poca, as pessoas come\u00e7am a fazer compras de fim de ano e percebemos a maior movimenta\u00e7\u00e3o nas ruas. H\u00e1 especificamente de importantes polos de compras da regi\u00e3o central de S\u00e3o Paulo, como a rua 25 de Mar\u00e7o, rua Santa Ifig\u00eania, o bairro do Bom Retiro e do bairro do Br\u00e1s, cada qual com sua\" \/>\n\t\t<script type=\"application\/ld+json\" class=\"aioseo-schema\">\n\t\t\t{\"@context\":\"https:\\\/\\\/schema.org\",\"@graph\":[{\"@type\":\"Article\",\"@id\":\"https:\\\/\\\/www.encontrabomretiro.com.br\\\/sobre\\\/compras-de-natal-movimentam-comercio-no-bom-retiro\\\/#article\",\"name\":\"Compras de Natal movimentam com\\u00e9rcio no Bom Retiro | Encontra Bom Retiro\",\"headline\":\"Compras de Natal movimentam com\\u00e9rcio no Bom Retiro\",\"author\":{\"@id\":\"https:\\\/\\\/www.encontrabomretiro.com.br\\\/sobre\\\/author\\\/ebomretiro\\\/#author\"},\"publisher\":{\"@id\":\"https:\\\/\\\/www.encontrabomretiro.com.br\\\/sobre\\\/#organization\"},\"datePublished\":\"2012-12-13T00:12:15-02:00\",\"dateModified\":\"2019-04-29T18:04:40-02:00\",\"inLanguage\":\"pt-BR\",\"mainEntityOfPage\":{\"@id\":\"https:\\\/\\\/www.encontrabomretiro.com.br\\\/sobre\\\/compras-de-natal-movimentam-comercio-no-bom-retiro\\\/#webpage\"},\"isPartOf\":{\"@id\":\"https:\\\/\\\/www.encontrabomretiro.com.br\\\/sobre\\\/compras-de-natal-movimentam-comercio-no-bom-retiro\\\/#webpage\"},\"articleSection\":\"Not\\u00edcias Bom Retiro\"},{\"@type\":\"BreadcrumbList\",\"@id\":\"https:\\\/\\\/www.encontrabomretiro.com.br\\\/sobre\\\/compras-de-natal-movimentam-comercio-no-bom-retiro\\\/#breadcrumblist\",\"itemListElement\":[{\"@type\":\"ListItem\",\"@id\":\"https:\\\/\\\/www.encontrabomretiro.com.br\\\/sobre#listItem\",\"position\":1,\"name\":\"Dom\\u00e9stica\",\"item\":\"https:\\\/\\\/www.encontrabomretiro.com.br\\\/sobre\",\"nextItem\":{\"@type\":\"ListItem\",\"@id\":\"https:\\\/\\\/www.encontrabomretiro.com.br\\\/sobre\\\/noticias-no-bom-retiro\\\/#listItem\",\"name\":\"Not\\u00edcias Bom Retiro\"}},{\"@type\":\"ListItem\",\"@id\":\"https:\\\/\\\/www.encontrabomretiro.com.br\\\/sobre\\\/noticias-no-bom-retiro\\\/#listItem\",\"position\":2,\"name\":\"Not\\u00edcias Bom Retiro\",\"item\":\"https:\\\/\\\/www.encontrabomretiro.com.br\\\/sobre\\\/noticias-no-bom-retiro\\\/\",\"nextItem\":{\"@type\":\"ListItem\",\"@id\":\"https:\\\/\\\/www.encontrabomretiro.com.br\\\/sobre\\\/compras-de-natal-movimentam-comercio-no-bom-retiro\\\/#listItem\",\"name\":\"Compras de Natal movimentam com\\u00e9rcio no Bom Retiro\"},\"previousItem\":{\"@type\":\"ListItem\",\"@id\":\"https:\\\/\\\/www.encontrabomretiro.com.br\\\/sobre#listItem\",\"name\":\"Dom\\u00e9stica\"}},{\"@type\":\"ListItem\",\"@id\":\"https:\\\/\\\/www.encontrabomretiro.com.br\\\/sobre\\\/compras-de-natal-movimentam-comercio-no-bom-retiro\\\/#listItem\",\"position\":3,\"name\":\"Compras de Natal movimentam com\\u00e9rcio no Bom Retiro\",\"previousItem\":{\"@type\":\"ListItem\",\"@id\":\"https:\\\/\\\/www.encontrabomretiro.com.br\\\/sobre\\\/noticias-no-bom-retiro\\\/#listItem\",\"name\":\"Not\\u00edcias Bom Retiro\"}}]},{\"@type\":\"Organization\",\"@id\":\"https:\\\/\\\/www.encontrabomretiro.com.br\\\/sobre\\\/#organization\",\"name\":\"Encontra Bom Retiro\",\"description\":\"Not\\u00edcias, eventos, informa\\u00e7\\u00f5es e dicas no bairro do Bom Retiro e regi\\u00e3o.\",\"url\":\"https:\\\/\\\/www.encontrabomretiro.com.br\\\/sobre\\\/\"},{\"@type\":\"Person\",\"@id\":\"https:\\\/\\\/www.encontrabomretiro.com.br\\\/sobre\\\/author\\\/ebomretiro\\\/#author\",\"url\":\"https:\\\/\\\/www.encontrabomretiro.com.br\\\/sobre\\\/author\\\/ebomretiro\\\/\",\"name\":\"Encontra Bom Retiro\",\"image\":{\"@type\":\"ImageObject\",\"@id\":\"https:\\\/\\\/www.encontrabomretiro.com.br\\\/sobre\\\/compras-de-natal-movimentam-comercio-no-bom-retiro\\\/#authorImage\",\"url\":\"https:\\\/\\\/secure.gravatar.com\\\/avatar\\\/507340682b8270222e1f208e23198b6ae7e2c6a1033ae84e99bc6bce4f82a387?s=96&d=mm&r=g\",\"width\":96,\"height\":96,\"caption\":\"Encontra Bom Retiro\"}},{\"@type\":\"WebPage\",\"@id\":\"https:\\\/\\\/www.encontrabomretiro.com.br\\\/sobre\\\/compras-de-natal-movimentam-comercio-no-bom-retiro\\\/#webpage\",\"url\":\"https:\\\/\\\/www.encontrabomretiro.com.br\\\/sobre\\\/compras-de-natal-movimentam-comercio-no-bom-retiro\\\/\",\"name\":\"Compras de Natal movimentam com\\u00e9rcio no Bom Retiro | Encontra Bom Retiro\",\"description\":\"Nesta \\u00e9poca, as pessoas come\\u00e7am a fazer compras de fim de ano e percebemos a maior movimenta\\u00e7\\u00e3o nas ruas. H\\u00e1 especificamente de importantes polos de compras da regi\\u00e3o central de S\\u00e3o Paulo, como a rua 25 de Mar\\u00e7o, rua Santa Ifig\\u00eania, o bairro do Bom Retiro e do bairro do Br\\u00e1s, cada qual com sua\",\"inLanguage\":\"pt-BR\",\"isPartOf\":{\"@id\":\"https:\\\/\\\/www.encontrabomretiro.com.br\\\/sobre\\\/#website\"},\"breadcrumb\":{\"@id\":\"https:\\\/\\\/www.encontrabomretiro.com.br\\\/sobre\\\/compras-de-natal-movimentam-comercio-no-bom-retiro\\\/#breadcrumblist\"},\"author\":{\"@id\":\"https:\\\/\\\/www.encontrabomretiro.com.br\\\/sobre\\\/author\\\/ebomretiro\\\/#author\"},\"creator\":{\"@id\":\"https:\\\/\\\/www.encontrabomretiro.com.br\\\/sobre\\\/author\\\/ebomretiro\\\/#author\"},\"datePublished\":\"2012-12-13T00:12:15-02:00\",\"dateModified\":\"2019-04-29T18:04:40-02:00\"},{\"@type\":\"WebSite\",\"@id\":\"https:\\\/\\\/www.encontrabomretiro.com.br\\\/sobre\\\/#website\",\"url\":\"https:\\\/\\\/www.encontrabomretiro.com.br\\\/sobre\\\/\",\"name\":\"Encontra Bom Retiro\",\"description\":\"Not\\u00edcias, eventos, informa\\u00e7\\u00f5es e dicas no bairro do Bom Retiro e regi\\u00e3o.\",\"inLanguage\":\"pt-BR\",\"publisher\":{\"@id\":\"https:\\\/\\\/www.encontrabomretiro.com.br\\\/sobre\\\/#organization\"}}]}\n\t\t<\/script>\n\t\t<!-- All in One SEO -->\n\n","aioseo_head_json":{"title":"Compras de Natal movimentam com\u00e9rcio no Bom Retiro | Encontra Bom Retiro","description":"Nesta \u00e9poca, as pessoas come\u00e7am a fazer compras de fim de ano e percebemos a maior movimenta\u00e7\u00e3o nas ruas. H\u00e1 especificamente de importantes polos de compras da regi\u00e3o central de S\u00e3o Paulo, como a rua 25 de Mar\u00e7o, rua Santa Ifig\u00eania, o bairro do Bom Retiro e do bairro do Br\u00e1s, cada qual com sua","canonical_url":"https:\/\/www.encontrabomretiro.com.br\/sobre\/compras-de-natal-movimentam-comercio-no-bom-retiro\/","robots":"max-image-preview:large","keywords":"","webmasterTools":{"miscellaneous":""},"schema":{"@context":"https:\/\/schema.org","@graph":[{"@type":"Article","@id":"https:\/\/www.encontrabomretiro.com.br\/sobre\/compras-de-natal-movimentam-comercio-no-bom-retiro\/#article","name":"Compras de Natal movimentam com\u00e9rcio no Bom Retiro | Encontra Bom Retiro","headline":"Compras de Natal movimentam com\u00e9rcio no Bom Retiro","author":{"@id":"https:\/\/www.encontrabomretiro.com.br\/sobre\/author\/ebomretiro\/#author"},"publisher":{"@id":"https:\/\/www.encontrabomretiro.com.br\/sobre\/#organization"},"datePublished":"2012-12-13T00:12:15-02:00","dateModified":"2019-04-29T18:04:40-02:00","inLanguage":"pt-BR","mainEntityOfPage":{"@id":"https:\/\/www.encontrabomretiro.com.br\/sobre\/compras-de-natal-movimentam-comercio-no-bom-retiro\/#webpage"},"isPartOf":{"@id":"https:\/\/www.encontrabomretiro.com.br\/sobre\/compras-de-natal-movimentam-comercio-no-bom-retiro\/#webpage"},"articleSection":"Not\u00edcias Bom Retiro"},{"@type":"BreadcrumbList","@id":"https:\/\/www.encontrabomretiro.com.br\/sobre\/compras-de-natal-movimentam-comercio-no-bom-retiro\/#breadcrumblist","itemListElement":[{"@type":"ListItem","@id":"https:\/\/www.encontrabomretiro.com.br\/sobre#listItem","position":1,"name":"Dom\u00e9stica","item":"https:\/\/www.encontrabomretiro.com.br\/sobre","nextItem":{"@type":"ListItem","@id":"https:\/\/www.encontrabomretiro.com.br\/sobre\/noticias-no-bom-retiro\/#listItem","name":"Not\u00edcias Bom Retiro"}},{"@type":"ListItem","@id":"https:\/\/www.encontrabomretiro.com.br\/sobre\/noticias-no-bom-retiro\/#listItem","position":2,"name":"Not\u00edcias Bom Retiro","item":"https:\/\/www.encontrabomretiro.com.br\/sobre\/noticias-no-bom-retiro\/","nextItem":{"@type":"ListItem","@id":"https:\/\/www.encontrabomretiro.com.br\/sobre\/compras-de-natal-movimentam-comercio-no-bom-retiro\/#listItem","name":"Compras de Natal movimentam com\u00e9rcio no Bom Retiro"},"previousItem":{"@type":"ListItem","@id":"https:\/\/www.encontrabomretiro.com.br\/sobre#listItem","name":"Dom\u00e9stica"}},{"@type":"ListItem","@id":"https:\/\/www.encontrabomretiro.com.br\/sobre\/compras-de-natal-movimentam-comercio-no-bom-retiro\/#listItem","position":3,"name":"Compras de Natal movimentam com\u00e9rcio no Bom Retiro","previousItem":{"@type":"ListItem","@id":"https:\/\/www.encontrabomretiro.com.br\/sobre\/noticias-no-bom-retiro\/#listItem","name":"Not\u00edcias Bom Retiro"}}]},{"@type":"Organization","@id":"https:\/\/www.encontrabomretiro.com.br\/sobre\/#organization","name":"Encontra Bom Retiro","description":"Not\u00edcias, eventos, informa\u00e7\u00f5es e dicas no bairro do Bom Retiro e regi\u00e3o.","url":"https:\/\/www.encontrabomretiro.com.br\/sobre\/"},{"@type":"Person","@id":"https:\/\/www.encontrabomretiro.com.br\/sobre\/author\/ebomretiro\/#author","url":"https:\/\/www.encontrabomretiro.com.br\/sobre\/author\/ebomretiro\/","name":"Encontra Bom Retiro","image":{"@type":"ImageObject","@id":"https:\/\/www.encontrabomretiro.com.br\/sobre\/compras-de-natal-movimentam-comercio-no-bom-retiro\/#authorImage","url":"https:\/\/secure.gravatar.com\/avatar\/507340682b8270222e1f208e23198b6ae7e2c6a1033ae84e99bc6bce4f82a387?s=96&d=mm&r=g","width":96,"height":96,"caption":"Encontra Bom Retiro"}},{"@type":"WebPage","@id":"https:\/\/www.encontrabomretiro.com.br\/sobre\/compras-de-natal-movimentam-comercio-no-bom-retiro\/#webpage","url":"https:\/\/www.encontrabomretiro.com.br\/sobre\/compras-de-natal-movimentam-comercio-no-bom-retiro\/","name":"Compras de Natal movimentam com\u00e9rcio no Bom Retiro | Encontra Bom Retiro","description":"Nesta \u00e9poca, as pessoas come\u00e7am a fazer compras de fim de ano e percebemos a maior movimenta\u00e7\u00e3o nas ruas. H\u00e1 especificamente de importantes polos de compras da regi\u00e3o central de S\u00e3o Paulo, como a rua 25 de Mar\u00e7o, rua Santa Ifig\u00eania, o bairro do Bom Retiro e do bairro do Br\u00e1s, cada qual com sua","inLanguage":"pt-BR","isPartOf":{"@id":"https:\/\/www.encontrabomretiro.com.br\/sobre\/#website"},"breadcrumb":{"@id":"https:\/\/www.encontrabomretiro.com.br\/sobre\/compras-de-natal-movimentam-comercio-no-bom-retiro\/#breadcrumblist"},"author":{"@id":"https:\/\/www.encontrabomretiro.com.br\/sobre\/author\/ebomretiro\/#author"},"creator":{"@id":"https:\/\/www.encontrabomretiro.com.br\/sobre\/author\/ebomretiro\/#author"},"datePublished":"2012-12-13T00:12:15-02:00","dateModified":"2019-04-29T18:04:40-02:00"},{"@type":"WebSite","@id":"https:\/\/www.encontrabomretiro.com.br\/sobre\/#website","url":"https:\/\/www.encontrabomretiro.com.br\/sobre\/","name":"Encontra Bom Retiro","description":"Not\u00edcias, eventos, informa\u00e7\u00f5es e dicas no bairro do Bom Retiro e regi\u00e3o.","inLanguage":"pt-BR","publisher":{"@id":"https:\/\/www.encontrabomretiro.com.br\/sobre\/#organization"}}]},"og:locale":"pt_BR","og:site_name":"Encontra Bom Retiro | Not\u00edcias, eventos, informa\u00e7\u00f5es e dicas no bairro do Bom Retiro e regi\u00e3o.","og:type":"article","og:title":"Compras de Natal movimentam com\u00e9rcio no Bom Retiro | Encontra Bom Retiro","og:description":"Nesta \u00e9poca, as pessoas come\u00e7am a fazer compras de fim de ano e percebemos a maior movimenta\u00e7\u00e3o nas ruas. H\u00e1 especificamente de importantes polos de compras da regi\u00e3o central de S\u00e3o Paulo, como a rua 25 de Mar\u00e7o, rua Santa Ifig\u00eania, o bairro do Bom Retiro e do bairro do Br\u00e1s, cada qual com sua","og:url":"https:\/\/www.encontrabomretiro.com.br\/sobre\/compras-de-natal-movimentam-comercio-no-bom-retiro\/","article:published_time":"2012-12-13T02:12:15+00:00","article:modified_time":"2019-04-29T20:04:40+00:00","twitter:card":"summary_large_image","twitter:title":"Compras de Natal movimentam com\u00e9rcio no Bom Retiro | Encontra Bom Retiro","twitter:description":"Nesta \u00e9poca, as pessoas come\u00e7am a fazer compras de fim de ano e percebemos a maior movimenta\u00e7\u00e3o nas ruas. H\u00e1 especificamente de importantes polos de compras da regi\u00e3o central de S\u00e3o Paulo, como a rua 25 de Mar\u00e7o, rua Santa Ifig\u00eania, o bairro do Bom Retiro e do bairro do Br\u00e1s, cada qual com sua"},"aioseo_meta_data":{"post_id":"499","title":null,"description":null,"keywords":null,"keyphrases":null,"primary_term":null,"canonical_url":null,"og_title":null,"og_description":null,"og_object_type":"default","og_image_type":"default","og_image_url":null,"og_image_width":null,"og_image_height":null,"og_image_custom_url":null,"og_image_custom_fields":null,"og_video":null,"og_custom_url":null,"og_article_section":null,"og_article_tags":null,"twitter_use_og":false,"twitter_card":"default","twitter_image_type":"default","twitter_image_url":null,"twitter_image_custom_url":null,"twitter_image_custom_fields":null,"twitter_title":null,"twitter_description":null,"schema":{"blockGraphs":[],"customGraphs":[],"default":{"data":{"Article":[],"Course":[],"Dataset":[],"FAQPage":[],"Movie":[],"Person":[],"Product":[],"ProductReview":[],"Car":[],"Recipe":[],"Service":[],"SoftwareApplication":[],"WebPage":[]},"graphName":"","isEnabled":true},"graphs":[]},"schema_type":"default","schema_type_options":null,"pillar_content":false,"robots_default":true,"robots_noindex":false,"robots_noarchive":false,"robots_nosnippet":false,"robots_nofollow":false,"robots_noimageindex":false,"robots_noodp":false,"robots_notranslate":false,"robots_max_snippet":null,"robots_max_videopreview":null,"robots_max_imagepreview":"large","priority":null,"frequency":null,"local_seo":null,"breadcrumb_settings":null,"limit_modified_date":false,"ai":null,"created":"2023-10-16 13:02:02","updated":"2025-10-03 14:05:02","focus_keyword":null,"additional_keywords":null,"truseo_locale":null,"seo_analyzer_scan_date":null},"aioseo_breadcrumb":"<div class=\"aioseo-breadcrumbs\"><span class=\"aioseo-breadcrumb\">\n\t\t\t<a href=\"https:\/\/www.encontrabomretiro.com.br\/sobre\" title=\"Dom\u00e9stica\">Dom\u00e9stica<\/a>\n\t\t<\/span><span class=\"aioseo-breadcrumb-separator\">&raquo;<\/span><span class=\"aioseo-breadcrumb\">\n\t\t\t<a href=\"https:\/\/www.encontrabomretiro.com.br\/sobre\/noticias-no-bom-retiro\/\" title=\"Not\u00edcias Bom Retiro\">Not\u00edcias Bom Retiro<\/a>\n\t\t<\/span><span class=\"aioseo-breadcrumb-separator\">&raquo;<\/span><span class=\"aioseo-breadcrumb\">\n\t\t\tCompras de Natal movimentam com\u00e9rcio no Bom Retiro\n\t\t<\/span><\/div>","aioseo_breadcrumb_json":[{"label":"Dom\u00e9stica","link":"https:\/\/www.encontrabomretiro.com.br\/sobre"},{"label":"Not\u00edcias Bom Retiro","link":"https:\/\/www.encontrabomretiro.com.br\/sobre\/noticias-no-bom-retiro\/"},{"label":"Compras de Natal movimentam com\u00e9rcio no Bom Retiro","link":"https:\/\/www.encontrabomretiro.com.br\/sobre\/compras-de-natal-movimentam-comercio-no-bom-retiro\/"}],"_links":{"self":[{"href":"https:\/\/www.encontrabomretiro.com.br\/sobre\/wp-json\/wp\/v2\/posts\/499","targetHints":{"allow":["GET"]}}],"collection":[{"href":"https:\/\/www.encontrabomretiro.com.br\/sobre\/wp-json\/wp\/v2\/posts"}],"about":[{"href":"https:\/\/www.encontrabomretiro.com.br\/sobre\/wp-json\/wp\/v2\/types\/post"}],"author":[{"embeddable":true,"href":"https:\/\/www.encontrabomretiro.com.br\/sobre\/wp-json\/wp\/v2\/users\/1"}],"replies":[{"embeddable":true,"href":"https:\/\/www.encontrabomretiro.com.br\/sobre\/wp-json\/wp\/v2\/comments?post=499"}],"version-history":[{"count":0,"href":"https:\/\/www.encontrabomretiro.com.br\/sobre\/wp-json\/wp\/v2\/posts\/499\/revisions"}],"wp:attachment":[{"href":"https:\/\/www.encontrabomretiro.com.br\/sobre\/wp-json\/wp\/v2\/media?parent=499"}],"wp:term":[{"taxonomy":"category","embeddable":true,"href":"https:\/\/www.encontrabomretiro.com.br\/sobre\/wp-json\/wp\/v2\/categories?post=499"},{"taxonomy":"post_tag","embeddable":true,"href":"https:\/\/www.encontrabomretiro.com.br\/sobre\/wp-json\/wp\/v2\/tags?post=499"}],"curies":[{"name":"wp","href":"https:\/\/api.w.org\/{rel}","templated":true}]}}