{"id":47,"date":"2010-12-01T09:14:50","date_gmt":"2010-12-01T11:14:50","guid":{"rendered":"http:\/\/www.encontrabomretiro.com.br\/noticias\/?p=47"},"modified":"2019-04-29T18:05:12","modified_gmt":"2019-04-29T20:05:12","slug":"israelense-preso-no-bom-retiro-e-condenado-em-jerusalem-por-torturar-oito-criancas","status":"publish","type":"post","link":"https:\/\/www.encontrabomretiro.com.br\/sobre\/israelense-preso-no-bom-retiro-e-condenado-em-jerusalem-por-torturar-oito-criancas\/","title":{"rendered":"Israelense preso no Bom Retiro \u00e9 condenado em Jerusal\u00e9m por torturar oito crian\u00e7as"},"content":{"rendered":"<div class=\"228b65ae207de3c5c501cfe75875708b\" data-index=\"1\" style=\"float: none; margin:0px;\">\n<!-- Anuncio display - global -->\r\n<ins class=\"adsbygoogle\"\r\n     style=\"display:block\"\r\n     data-ad-client=\"ca-pub-8585364105181520\"\r\n     data-ad-slot=\"8789329856\"\r\n     data-ad-format=\"auto\"\r\n     data-full-width-responsive=\"true\"><\/ins>\r\n<script>\r\n     (adsbygoogle = window.adsbygoogle || []).push({});\r\n<\/script>\n<\/div>\n<p>Um homem que dizia ser rabino foi considerado culpado nesta ter\u00e7a-feira de abusar de oito crian\u00e7as, incluindo uma crian\u00e7a de tr\u00eas anos que apanhou at\u00e9 entrar em coma.<\/p>\n<p>Elior Noam Hen fugiu para o Brasil em 2008, ap\u00f3s ser considerado suspeito. Ele foi preso em S\u00e3o Paulo em junho de 2008, e extraditado para Israel em 27 de outubro do ano passado.<\/p>\n<p>Segundo a corte de Jerusal\u00e9m que o considerou culpado, Hen acreditava  que &#8220;pequenas crian\u00e7as s\u00e3o cheias do dem\u00f4nio e apenas a purifica\u00e7\u00e3o&#8221;  pode livr\u00e1-las desses elementos nocivos &#8211;significando que elas deveriam  apanhar, ser amarradas e queimadas e comer fezes.<\/p>\n<p>Hen foi descrito como o l\u00edder espiritual de um grupo de quatro  seguidores, que obedeciam suas ordens de agredir crian\u00e7as. Na decis\u00e3o, a  corte afirmou que &#8220;ele assumiu um papel dominante e ativo nos abusos&#8221;.<\/p>\n<p>As oito crian\u00e7as s\u00e3o todas irm\u00e3s, e filhos de uma mulher com quem Hen  viveu. O abuso aconteceu h\u00e1 dois anos, e uma das crian\u00e7as ainda continua  em coma.<\/p>\n<p>A m\u00e3e das crian\u00e7as foi sentenciada a cinco anos de pris\u00e3o em maio, ap\u00f3s se declarar culpada de abuso.<\/p>\n<p>Os quatro seguidores de Hen foram condenados, na \u00faltima semana, a penas de at\u00e9 20 anos de pris\u00e3o.<\/p>\n<p>Hen era considerado o mais importante fugitivo de Israel e era procurado  desde 2006 pelas autoridades locais. Antes de chegar ao Brasil com sua  mulher e seus quatro filhos, em 27 de mar\u00e7o passado, ele j\u00e1 havia  passado pelo Canad\u00e1 e pela Espanha. Em S\u00e3o Paulo, foi dif\u00edcil  encontr\u00e1-lo porque ele se escondeu no bairro do Bom Retiro (centro de  S\u00e3o Paulo).<\/p>\n<p><em>Fonte: Folha de S. Paulo<\/em><\/p>\n\n<div style=\"font-size: 0px; height: 0px; line-height: 0px; margin: 0; padding: 0; clear: both;\"><\/div>","protected":false},"excerpt":{"rendered":"<p>Um homem que dizia ser rabino foi considerado culpado nesta ter\u00e7a-feira de abusar de oito crian\u00e7as, incluindo uma crian\u00e7a de tr\u00eas anos que apanhou at\u00e9 entrar em coma. Elior Noam Hen fugiu para o Brasil em 2008, ap\u00f3s ser considerado suspeito. Ele foi preso em S\u00e3o Paulo em junho de 2008, e extraditado para Israel em 27 de outubro do ano passado. Segundo a corte de Jerusal\u00e9m que o considerou culpado, Hen acreditava que &#8220;pequenas crian\u00e7as s\u00e3o cheias do dem\u00f4nio e apenas a purifica\u00e7\u00e3o&#8221; pode livr\u00e1-las desses elementos nocivos &#8211;significando que elas deveriam apanhar, ser amarradas e queimadas e comer <\/p>\n","protected":false},"author":1,"featured_media":0,"comment_status":"open","ping_status":"closed","sticky":false,"template":"","format":"standard","meta":{"footnotes":""},"categories":[6],"tags":[],"class_list":["post-47","post","type-post","status-publish","format-standard","hentry","category-noticias-no-bom-retiro"],"aioseo_notices":[],"aioseo_head":"\n\t\t<!-- All in One SEO 5.0.0.1 - aioseo.com -->\n\t<meta name=\"description\" content=\"Um homem que dizia ser rabino foi considerado culpado nesta ter\u00e7a-feira de abusar de oito crian\u00e7as, incluindo uma crian\u00e7a de tr\u00eas anos que apanhou at\u00e9 entrar em coma. Elior Noam Hen fugiu para o Brasil em 2008, ap\u00f3s ser considerado suspeito. Ele foi preso em S\u00e3o Paulo em junho de 2008, e extraditado para Israel\" \/>\n\t<meta name=\"robots\" content=\"max-image-preview:large\" \/>\n\t<meta name=\"author\" content=\"Encontra Bom Retiro\"\/>\n\t<link rel=\"canonical\" href=\"https:\/\/www.encontrabomretiro.com.br\/sobre\/israelense-preso-no-bom-retiro-e-condenado-em-jerusalem-por-torturar-oito-criancas\/\" \/>\n\t<meta name=\"generator\" content=\"All in One SEO (AIOSEO) 5.0.0.1\" \/>\n\t\t<meta property=\"og:locale\" content=\"pt_BR\" \/>\n\t\t<meta property=\"og:site_name\" content=\"Encontra Bom Retiro | Not\u00edcias, eventos, informa\u00e7\u00f5es e dicas no bairro do Bom Retiro e regi\u00e3o.\" \/>\n\t\t<meta property=\"og:type\" content=\"article\" \/>\n\t\t<meta property=\"og:title\" content=\"Israelense preso no Bom Retiro \u00e9 condenado em Jerusal\u00e9m por torturar oito crian\u00e7as | Encontra Bom Retiro\" \/>\n\t\t<meta property=\"og:description\" content=\"Um homem que dizia ser rabino foi considerado culpado nesta ter\u00e7a-feira de abusar de oito crian\u00e7as, incluindo uma crian\u00e7a de tr\u00eas anos que apanhou at\u00e9 entrar em coma. Elior Noam Hen fugiu para o Brasil em 2008, ap\u00f3s ser considerado suspeito. Ele foi preso em S\u00e3o Paulo em junho de 2008, e extraditado para Israel\" \/>\n\t\t<meta property=\"og:url\" content=\"https:\/\/www.encontrabomretiro.com.br\/sobre\/israelense-preso-no-bom-retiro-e-condenado-em-jerusalem-por-torturar-oito-criancas\/\" \/>\n\t\t<meta property=\"article:published_time\" content=\"2010-12-01T11:14:50+00:00\" \/>\n\t\t<meta property=\"article:modified_time\" content=\"2019-04-29T20:05:12+00:00\" \/>\n\t\t<meta name=\"twitter:card\" content=\"summary_large_image\" \/>\n\t\t<meta name=\"twitter:title\" content=\"Israelense preso no Bom Retiro \u00e9 condenado em Jerusal\u00e9m por torturar oito crian\u00e7as | Encontra Bom Retiro\" \/>\n\t\t<meta name=\"twitter:description\" content=\"Um homem que dizia ser rabino foi considerado culpado nesta ter\u00e7a-feira de abusar de oito crian\u00e7as, incluindo uma crian\u00e7a de tr\u00eas anos que apanhou at\u00e9 entrar em coma. Elior Noam Hen fugiu para o Brasil em 2008, ap\u00f3s ser considerado suspeito. Ele foi preso em S\u00e3o Paulo em junho de 2008, e extraditado para Israel\" \/>\n\t\t<script type=\"application\/ld+json\" class=\"aioseo-schema\">\n\t\t\t{\"@context\":\"https:\\\/\\\/schema.org\",\"@graph\":[{\"@type\":\"Article\",\"@id\":\"https:\\\/\\\/www.encontrabomretiro.com.br\\\/sobre\\\/israelense-preso-no-bom-retiro-e-condenado-em-jerusalem-por-torturar-oito-criancas\\\/#article\",\"name\":\"Israelense preso no Bom Retiro \\u00e9 condenado em Jerusal\\u00e9m por torturar oito crian\\u00e7as | Encontra Bom Retiro\",\"headline\":\"Israelense preso no Bom Retiro \\u00e9 condenado em Jerusal\\u00e9m por torturar oito crian\\u00e7as\",\"author\":{\"@id\":\"https:\\\/\\\/www.encontrabomretiro.com.br\\\/sobre\\\/author\\\/ebomretiro\\\/#author\"},\"publisher\":{\"@id\":\"https:\\\/\\\/www.encontrabomretiro.com.br\\\/sobre\\\/#organization\"},\"datePublished\":\"2010-12-01T09:14:50-02:00\",\"dateModified\":\"2019-04-29T18:05:12-02:00\",\"inLanguage\":\"pt-BR\",\"mainEntityOfPage\":{\"@id\":\"https:\\\/\\\/www.encontrabomretiro.com.br\\\/sobre\\\/israelense-preso-no-bom-retiro-e-condenado-em-jerusalem-por-torturar-oito-criancas\\\/#webpage\"},\"isPartOf\":{\"@id\":\"https:\\\/\\\/www.encontrabomretiro.com.br\\\/sobre\\\/israelense-preso-no-bom-retiro-e-condenado-em-jerusalem-por-torturar-oito-criancas\\\/#webpage\"},\"articleSection\":\"Not\\u00edcias Bom Retiro\"},{\"@type\":\"BreadcrumbList\",\"@id\":\"https:\\\/\\\/www.encontrabomretiro.com.br\\\/sobre\\\/israelense-preso-no-bom-retiro-e-condenado-em-jerusalem-por-torturar-oito-criancas\\\/#breadcrumblist\",\"itemListElement\":[{\"@type\":\"ListItem\",\"@id\":\"https:\\\/\\\/www.encontrabomretiro.com.br\\\/sobre#listItem\",\"position\":1,\"name\":\"Dom\\u00e9stica\",\"item\":\"https:\\\/\\\/www.encontrabomretiro.com.br\\\/sobre\",\"nextItem\":{\"@type\":\"ListItem\",\"@id\":\"https:\\\/\\\/www.encontrabomretiro.com.br\\\/sobre\\\/noticias-no-bom-retiro\\\/#listItem\",\"name\":\"Not\\u00edcias Bom Retiro\"}},{\"@type\":\"ListItem\",\"@id\":\"https:\\\/\\\/www.encontrabomretiro.com.br\\\/sobre\\\/noticias-no-bom-retiro\\\/#listItem\",\"position\":2,\"name\":\"Not\\u00edcias Bom Retiro\",\"item\":\"https:\\\/\\\/www.encontrabomretiro.com.br\\\/sobre\\\/noticias-no-bom-retiro\\\/\",\"nextItem\":{\"@type\":\"ListItem\",\"@id\":\"https:\\\/\\\/www.encontrabomretiro.com.br\\\/sobre\\\/israelense-preso-no-bom-retiro-e-condenado-em-jerusalem-por-torturar-oito-criancas\\\/#listItem\",\"name\":\"Israelense preso no Bom Retiro \\u00e9 condenado em Jerusal\\u00e9m por torturar oito crian\\u00e7as\"},\"previousItem\":{\"@type\":\"ListItem\",\"@id\":\"https:\\\/\\\/www.encontrabomretiro.com.br\\\/sobre#listItem\",\"name\":\"Dom\\u00e9stica\"}},{\"@type\":\"ListItem\",\"@id\":\"https:\\\/\\\/www.encontrabomretiro.com.br\\\/sobre\\\/israelense-preso-no-bom-retiro-e-condenado-em-jerusalem-por-torturar-oito-criancas\\\/#listItem\",\"position\":3,\"name\":\"Israelense preso no Bom Retiro \\u00e9 condenado em Jerusal\\u00e9m por torturar oito crian\\u00e7as\",\"previousItem\":{\"@type\":\"ListItem\",\"@id\":\"https:\\\/\\\/www.encontrabomretiro.com.br\\\/sobre\\\/noticias-no-bom-retiro\\\/#listItem\",\"name\":\"Not\\u00edcias Bom Retiro\"}}]},{\"@type\":\"Organization\",\"@id\":\"https:\\\/\\\/www.encontrabomretiro.com.br\\\/sobre\\\/#organization\",\"name\":\"Encontra Bom Retiro\",\"description\":\"Not\\u00edcias, eventos, informa\\u00e7\\u00f5es e dicas no bairro do Bom Retiro e regi\\u00e3o.\",\"url\":\"https:\\\/\\\/www.encontrabomretiro.com.br\\\/sobre\\\/\"},{\"@type\":\"Person\",\"@id\":\"https:\\\/\\\/www.encontrabomretiro.com.br\\\/sobre\\\/author\\\/ebomretiro\\\/#author\",\"url\":\"https:\\\/\\\/www.encontrabomretiro.com.br\\\/sobre\\\/author\\\/ebomretiro\\\/\",\"name\":\"Encontra Bom Retiro\",\"image\":{\"@type\":\"ImageObject\",\"@id\":\"https:\\\/\\\/www.encontrabomretiro.com.br\\\/sobre\\\/israelense-preso-no-bom-retiro-e-condenado-em-jerusalem-por-torturar-oito-criancas\\\/#authorImage\",\"url\":\"https:\\\/\\\/secure.gravatar.com\\\/avatar\\\/507340682b8270222e1f208e23198b6ae7e2c6a1033ae84e99bc6bce4f82a387?s=96&d=mm&r=g\",\"width\":96,\"height\":96,\"caption\":\"Encontra Bom Retiro\"}},{\"@type\":\"WebPage\",\"@id\":\"https:\\\/\\\/www.encontrabomretiro.com.br\\\/sobre\\\/israelense-preso-no-bom-retiro-e-condenado-em-jerusalem-por-torturar-oito-criancas\\\/#webpage\",\"url\":\"https:\\\/\\\/www.encontrabomretiro.com.br\\\/sobre\\\/israelense-preso-no-bom-retiro-e-condenado-em-jerusalem-por-torturar-oito-criancas\\\/\",\"name\":\"Israelense preso no Bom Retiro \\u00e9 condenado em Jerusal\\u00e9m por torturar oito crian\\u00e7as | Encontra Bom Retiro\",\"description\":\"Um homem que dizia ser rabino foi considerado culpado nesta ter\\u00e7a-feira de abusar de oito crian\\u00e7as, incluindo uma crian\\u00e7a de tr\\u00eas anos que apanhou at\\u00e9 entrar em coma. Elior Noam Hen fugiu para o Brasil em 2008, ap\\u00f3s ser considerado suspeito. Ele foi preso em S\\u00e3o Paulo em junho de 2008, e extraditado para Israel\",\"inLanguage\":\"pt-BR\",\"isPartOf\":{\"@id\":\"https:\\\/\\\/www.encontrabomretiro.com.br\\\/sobre\\\/#website\"},\"breadcrumb\":{\"@id\":\"https:\\\/\\\/www.encontrabomretiro.com.br\\\/sobre\\\/israelense-preso-no-bom-retiro-e-condenado-em-jerusalem-por-torturar-oito-criancas\\\/#breadcrumblist\"},\"author\":{\"@id\":\"https:\\\/\\\/www.encontrabomretiro.com.br\\\/sobre\\\/author\\\/ebomretiro\\\/#author\"},\"creator\":{\"@id\":\"https:\\\/\\\/www.encontrabomretiro.com.br\\\/sobre\\\/author\\\/ebomretiro\\\/#author\"},\"datePublished\":\"2010-12-01T09:14:50-02:00\",\"dateModified\":\"2019-04-29T18:05:12-02:00\"},{\"@type\":\"WebSite\",\"@id\":\"https:\\\/\\\/www.encontrabomretiro.com.br\\\/sobre\\\/#website\",\"url\":\"https:\\\/\\\/www.encontrabomretiro.com.br\\\/sobre\\\/\",\"name\":\"Encontra Bom Retiro\",\"description\":\"Not\\u00edcias, eventos, informa\\u00e7\\u00f5es e dicas no bairro do Bom Retiro e regi\\u00e3o.\",\"inLanguage\":\"pt-BR\",\"publisher\":{\"@id\":\"https:\\\/\\\/www.encontrabomretiro.com.br\\\/sobre\\\/#organization\"}}]}\n\t\t<\/script>\n\t\t<!-- All in One SEO -->\n\n","aioseo_head_json":{"title":"Israelense preso no Bom Retiro \u00e9 condenado em Jerusal\u00e9m por torturar oito crian\u00e7as | Encontra Bom Retiro","description":"Um homem que dizia ser rabino foi considerado culpado nesta ter\u00e7a-feira de abusar de oito crian\u00e7as, incluindo uma crian\u00e7a de tr\u00eas anos que apanhou at\u00e9 entrar em coma. Elior Noam Hen fugiu para o Brasil em 2008, ap\u00f3s ser considerado suspeito. Ele foi preso em S\u00e3o Paulo em junho de 2008, e extraditado para Israel","canonical_url":"https:\/\/www.encontrabomretiro.com.br\/sobre\/israelense-preso-no-bom-retiro-e-condenado-em-jerusalem-por-torturar-oito-criancas\/","robots":"max-image-preview:large","keywords":"","webmasterTools":{"miscellaneous":""},"schema":{"@context":"https:\/\/schema.org","@graph":[{"@type":"Article","@id":"https:\/\/www.encontrabomretiro.com.br\/sobre\/israelense-preso-no-bom-retiro-e-condenado-em-jerusalem-por-torturar-oito-criancas\/#article","name":"Israelense preso no Bom Retiro \u00e9 condenado em Jerusal\u00e9m por torturar oito crian\u00e7as | Encontra Bom Retiro","headline":"Israelense preso no Bom Retiro \u00e9 condenado em Jerusal\u00e9m por torturar oito crian\u00e7as","author":{"@id":"https:\/\/www.encontrabomretiro.com.br\/sobre\/author\/ebomretiro\/#author"},"publisher":{"@id":"https:\/\/www.encontrabomretiro.com.br\/sobre\/#organization"},"datePublished":"2010-12-01T09:14:50-02:00","dateModified":"2019-04-29T18:05:12-02:00","inLanguage":"pt-BR","mainEntityOfPage":{"@id":"https:\/\/www.encontrabomretiro.com.br\/sobre\/israelense-preso-no-bom-retiro-e-condenado-em-jerusalem-por-torturar-oito-criancas\/#webpage"},"isPartOf":{"@id":"https:\/\/www.encontrabomretiro.com.br\/sobre\/israelense-preso-no-bom-retiro-e-condenado-em-jerusalem-por-torturar-oito-criancas\/#webpage"},"articleSection":"Not\u00edcias Bom Retiro"},{"@type":"BreadcrumbList","@id":"https:\/\/www.encontrabomretiro.com.br\/sobre\/israelense-preso-no-bom-retiro-e-condenado-em-jerusalem-por-torturar-oito-criancas\/#breadcrumblist","itemListElement":[{"@type":"ListItem","@id":"https:\/\/www.encontrabomretiro.com.br\/sobre#listItem","position":1,"name":"Dom\u00e9stica","item":"https:\/\/www.encontrabomretiro.com.br\/sobre","nextItem":{"@type":"ListItem","@id":"https:\/\/www.encontrabomretiro.com.br\/sobre\/noticias-no-bom-retiro\/#listItem","name":"Not\u00edcias Bom Retiro"}},{"@type":"ListItem","@id":"https:\/\/www.encontrabomretiro.com.br\/sobre\/noticias-no-bom-retiro\/#listItem","position":2,"name":"Not\u00edcias Bom Retiro","item":"https:\/\/www.encontrabomretiro.com.br\/sobre\/noticias-no-bom-retiro\/","nextItem":{"@type":"ListItem","@id":"https:\/\/www.encontrabomretiro.com.br\/sobre\/israelense-preso-no-bom-retiro-e-condenado-em-jerusalem-por-torturar-oito-criancas\/#listItem","name":"Israelense preso no Bom Retiro \u00e9 condenado em Jerusal\u00e9m por torturar oito crian\u00e7as"},"previousItem":{"@type":"ListItem","@id":"https:\/\/www.encontrabomretiro.com.br\/sobre#listItem","name":"Dom\u00e9stica"}},{"@type":"ListItem","@id":"https:\/\/www.encontrabomretiro.com.br\/sobre\/israelense-preso-no-bom-retiro-e-condenado-em-jerusalem-por-torturar-oito-criancas\/#listItem","position":3,"name":"Israelense preso no Bom Retiro \u00e9 condenado em Jerusal\u00e9m por torturar oito crian\u00e7as","previousItem":{"@type":"ListItem","@id":"https:\/\/www.encontrabomretiro.com.br\/sobre\/noticias-no-bom-retiro\/#listItem","name":"Not\u00edcias Bom Retiro"}}]},{"@type":"Organization","@id":"https:\/\/www.encontrabomretiro.com.br\/sobre\/#organization","name":"Encontra Bom Retiro","description":"Not\u00edcias, eventos, informa\u00e7\u00f5es e dicas no bairro do Bom Retiro e regi\u00e3o.","url":"https:\/\/www.encontrabomretiro.com.br\/sobre\/"},{"@type":"Person","@id":"https:\/\/www.encontrabomretiro.com.br\/sobre\/author\/ebomretiro\/#author","url":"https:\/\/www.encontrabomretiro.com.br\/sobre\/author\/ebomretiro\/","name":"Encontra Bom Retiro","image":{"@type":"ImageObject","@id":"https:\/\/www.encontrabomretiro.com.br\/sobre\/israelense-preso-no-bom-retiro-e-condenado-em-jerusalem-por-torturar-oito-criancas\/#authorImage","url":"https:\/\/secure.gravatar.com\/avatar\/507340682b8270222e1f208e23198b6ae7e2c6a1033ae84e99bc6bce4f82a387?s=96&d=mm&r=g","width":96,"height":96,"caption":"Encontra Bom Retiro"}},{"@type":"WebPage","@id":"https:\/\/www.encontrabomretiro.com.br\/sobre\/israelense-preso-no-bom-retiro-e-condenado-em-jerusalem-por-torturar-oito-criancas\/#webpage","url":"https:\/\/www.encontrabomretiro.com.br\/sobre\/israelense-preso-no-bom-retiro-e-condenado-em-jerusalem-por-torturar-oito-criancas\/","name":"Israelense preso no Bom Retiro \u00e9 condenado em Jerusal\u00e9m por torturar oito crian\u00e7as | Encontra Bom Retiro","description":"Um homem que dizia ser rabino foi considerado culpado nesta ter\u00e7a-feira de abusar de oito crian\u00e7as, incluindo uma crian\u00e7a de tr\u00eas anos que apanhou at\u00e9 entrar em coma. Elior Noam Hen fugiu para o Brasil em 2008, ap\u00f3s ser considerado suspeito. Ele foi preso em S\u00e3o Paulo em junho de 2008, e extraditado para Israel","inLanguage":"pt-BR","isPartOf":{"@id":"https:\/\/www.encontrabomretiro.com.br\/sobre\/#website"},"breadcrumb":{"@id":"https:\/\/www.encontrabomretiro.com.br\/sobre\/israelense-preso-no-bom-retiro-e-condenado-em-jerusalem-por-torturar-oito-criancas\/#breadcrumblist"},"author":{"@id":"https:\/\/www.encontrabomretiro.com.br\/sobre\/author\/ebomretiro\/#author"},"creator":{"@id":"https:\/\/www.encontrabomretiro.com.br\/sobre\/author\/ebomretiro\/#author"},"datePublished":"2010-12-01T09:14:50-02:00","dateModified":"2019-04-29T18:05:12-02:00"},{"@type":"WebSite","@id":"https:\/\/www.encontrabomretiro.com.br\/sobre\/#website","url":"https:\/\/www.encontrabomretiro.com.br\/sobre\/","name":"Encontra Bom Retiro","description":"Not\u00edcias, eventos, informa\u00e7\u00f5es e dicas no bairro do Bom Retiro e regi\u00e3o.","inLanguage":"pt-BR","publisher":{"@id":"https:\/\/www.encontrabomretiro.com.br\/sobre\/#organization"}}]},"og:locale":"pt_BR","og:site_name":"Encontra Bom Retiro | Not\u00edcias, eventos, informa\u00e7\u00f5es e dicas no bairro do Bom Retiro e regi\u00e3o.","og:type":"article","og:title":"Israelense preso no Bom Retiro \u00e9 condenado em Jerusal\u00e9m por torturar oito crian\u00e7as | Encontra Bom Retiro","og:description":"Um homem que dizia ser rabino foi considerado culpado nesta ter\u00e7a-feira de abusar de oito crian\u00e7as, incluindo uma crian\u00e7a de tr\u00eas anos que apanhou at\u00e9 entrar em coma. Elior Noam Hen fugiu para o Brasil em 2008, ap\u00f3s ser considerado suspeito. Ele foi preso em S\u00e3o Paulo em junho de 2008, e extraditado para Israel","og:url":"https:\/\/www.encontrabomretiro.com.br\/sobre\/israelense-preso-no-bom-retiro-e-condenado-em-jerusalem-por-torturar-oito-criancas\/","article:published_time":"2010-12-01T11:14:50+00:00","article:modified_time":"2019-04-29T20:05:12+00:00","twitter:card":"summary_large_image","twitter:title":"Israelense preso no Bom Retiro \u00e9 condenado em Jerusal\u00e9m por torturar oito crian\u00e7as | Encontra Bom Retiro","twitter:description":"Um homem que dizia ser rabino foi considerado culpado nesta ter\u00e7a-feira de abusar de oito crian\u00e7as, incluindo uma crian\u00e7a de tr\u00eas anos que apanhou at\u00e9 entrar em coma. Elior Noam Hen fugiu para o Brasil em 2008, ap\u00f3s ser considerado suspeito. Ele foi preso em S\u00e3o Paulo em junho de 2008, e extraditado para Israel"},"aioseo_meta_data":{"post_id":"47","title":null,"description":null,"keywords":null,"keyphrases":null,"primary_term":null,"canonical_url":null,"og_title":null,"og_description":null,"og_object_type":"default","og_image_type":"default","og_image_url":null,"og_image_width":null,"og_image_height":null,"og_image_custom_url":null,"og_image_custom_fields":null,"og_video":null,"og_custom_url":null,"og_article_section":null,"og_article_tags":null,"twitter_use_og":false,"twitter_card":"default","twitter_image_type":"default","twitter_image_url":null,"twitter_image_custom_url":null,"twitter_image_custom_fields":null,"twitter_title":null,"twitter_description":null,"schema":{"blockGraphs":[],"customGraphs":[],"default":{"data":{"Article":[],"Course":[],"Dataset":[],"FAQPage":[],"Movie":[],"Person":[],"Product":[],"ProductReview":[],"Car":[],"Recipe":[],"Service":[],"SoftwareApplication":[],"WebPage":[]},"graphName":"","isEnabled":true},"graphs":[]},"schema_type":"default","schema_type_options":null,"pillar_content":false,"robots_default":true,"robots_noindex":false,"robots_noarchive":false,"robots_nosnippet":false,"robots_nofollow":false,"robots_noimageindex":false,"robots_noodp":false,"robots_notranslate":false,"robots_max_snippet":null,"robots_max_videopreview":null,"robots_max_imagepreview":"large","priority":null,"frequency":null,"local_seo":null,"breadcrumb_settings":null,"limit_modified_date":false,"ai":null,"created":"2023-10-16 13:06:39","updated":"2025-10-03 13:01:03","focus_keyword":null,"additional_keywords":null,"truseo_locale":null,"seo_analyzer_scan_date":null},"aioseo_breadcrumb":"<div class=\"aioseo-breadcrumbs\"><span class=\"aioseo-breadcrumb\">\n\t\t\t<a href=\"https:\/\/www.encontrabomretiro.com.br\/sobre\" title=\"Dom\u00e9stica\">Dom\u00e9stica<\/a>\n\t\t<\/span><span class=\"aioseo-breadcrumb-separator\">&raquo;<\/span><span class=\"aioseo-breadcrumb\">\n\t\t\t<a href=\"https:\/\/www.encontrabomretiro.com.br\/sobre\/noticias-no-bom-retiro\/\" title=\"Not\u00edcias Bom Retiro\">Not\u00edcias Bom Retiro<\/a>\n\t\t<\/span><span class=\"aioseo-breadcrumb-separator\">&raquo;<\/span><span class=\"aioseo-breadcrumb\">\n\t\t\tIsraelense preso no Bom Retiro \u00e9 condenado em Jerusal\u00e9m por torturar oito crian\u00e7as\n\t\t<\/span><\/div>","aioseo_breadcrumb_json":[{"label":"Dom\u00e9stica","link":"https:\/\/www.encontrabomretiro.com.br\/sobre"},{"label":"Not\u00edcias Bom Retiro","link":"https:\/\/www.encontrabomretiro.com.br\/sobre\/noticias-no-bom-retiro\/"},{"label":"Israelense preso no Bom Retiro \u00e9 condenado em Jerusal\u00e9m por torturar oito crian\u00e7as","link":"https:\/\/www.encontrabomretiro.com.br\/sobre\/israelense-preso-no-bom-retiro-e-condenado-em-jerusalem-por-torturar-oito-criancas\/"}],"_links":{"self":[{"href":"https:\/\/www.encontrabomretiro.com.br\/sobre\/wp-json\/wp\/v2\/posts\/47","targetHints":{"allow":["GET"]}}],"collection":[{"href":"https:\/\/www.encontrabomretiro.com.br\/sobre\/wp-json\/wp\/v2\/posts"}],"about":[{"href":"https:\/\/www.encontrabomretiro.com.br\/sobre\/wp-json\/wp\/v2\/types\/post"}],"author":[{"embeddable":true,"href":"https:\/\/www.encontrabomretiro.com.br\/sobre\/wp-json\/wp\/v2\/users\/1"}],"replies":[{"embeddable":true,"href":"https:\/\/www.encontrabomretiro.com.br\/sobre\/wp-json\/wp\/v2\/comments?post=47"}],"version-history":[{"count":0,"href":"https:\/\/www.encontrabomretiro.com.br\/sobre\/wp-json\/wp\/v2\/posts\/47\/revisions"}],"wp:attachment":[{"href":"https:\/\/www.encontrabomretiro.com.br\/sobre\/wp-json\/wp\/v2\/media?parent=47"}],"wp:term":[{"taxonomy":"category","embeddable":true,"href":"https:\/\/www.encontrabomretiro.com.br\/sobre\/wp-json\/wp\/v2\/categories?post=47"},{"taxonomy":"post_tag","embeddable":true,"href":"https:\/\/www.encontrabomretiro.com.br\/sobre\/wp-json\/wp\/v2\/tags?post=47"}],"curies":[{"name":"wp","href":"https:\/\/api.w.org\/{rel}","templated":true}]}}