{"id":43,"date":"2010-11-23T20:19:23","date_gmt":"2010-11-23T22:19:23","guid":{"rendered":"http:\/\/www.encontrabomretiro.com.br\/noticias\/?p=43"},"modified":"2019-04-29T18:05:12","modified_gmt":"2019-04-29T20:05:12","slug":"bom-retiro-fica-sem-energia-em-tarde-chuvosa","status":"publish","type":"post","link":"https:\/\/www.encontrabomretiro.com.br\/sobre\/bom-retiro-fica-sem-energia-em-tarde-chuvosa\/","title":{"rendered":"Bom Retiro fica sem energia em tarde chuvosa"},"content":{"rendered":"<div class=\"228b65ae207de3c5c501cfe75875708b\" data-index=\"1\" style=\"float: none; margin:0px;\">\n<!-- Anuncio display - global -->\r\n<ins class=\"adsbygoogle\"\r\n     style=\"display:block\"\r\n     data-ad-client=\"ca-pub-8585364105181520\"\r\n     data-ad-slot=\"8789329856\"\r\n     data-ad-format=\"auto\"\r\n     data-full-width-responsive=\"true\"><\/ins>\r\n<script>\r\n     (adsbygoogle = window.adsbygoogle || []).push({});\r\n<\/script>\n<\/div>\n<p>Al\u00e9m da chuva que atingiu algumas regi\u00f5es da cidade de S\u00e3o Paulo na tarde desta segunda-feira(22), provocando lentid\u00e3o no tr\u00e2nsito e o fechamento do aeroporto de Congonhas &#8211; uma queda de energia atingiu moradores de diversos bairros e paralisou trens do metr\u00f4.<\/p>\n<p>Ficaram sem energia \u00e1reas de Pirituba, Perdizes, Pompeia, Barra Funda, Casa Verde, Santana e Bom Retiro. De acordo com o Metr\u00f4, os trens pararam na linha 2-Verde, entre as esta\u00e7\u00f5es Vila Madalena e Ana Rosa, e na linha 3-Vermelha, entre as esta\u00e7\u00f5es Barra Funda e Marechal Deodoro.<\/p>\n<p>A companhia afirma que a parada foi provocada pela interrup\u00e7\u00e3o do fornecimento de energia por parte da AES Eletropaulo, e que, minutos depois, a energia foi restabelecida e a opera\u00e7\u00e3o voltou ao normal.<\/p>\n<p>De acordo com a AES Eletropaulo, a queda de energia foi provocada por um problema de transmiss\u00e3o, de responsabilidade da Cteep (Companhia de Transmiss\u00e3o de Energia El\u00e9trica Paulista). A empresa confirmou o problema e informou que, \u00e0s 17h47, houve o desligamento de um transformador na subesta\u00e7\u00e3o Pirituba, que resultou em um corte da carga, interrompendo o fornecimento de energia \u00e0 AES Eletropaulo.<\/p>\n<p>De acordo com a Cteep, equipes de manuten\u00e7\u00e3o isolaram o equipamento e reiniciaram o processo de recomposi\u00e7\u00e3o da carga, finalizado \u00e0s 18h20. Ap\u00f3s esse hor\u00e1rio, o fornecimento de energia foi normalizado &#8211;as causas do desligamento est\u00e3o sendo apuradas.<\/p>\n<p><em>Fonte: Folha de S. Paulo<\/em><\/p>\n\n<div style=\"font-size: 0px; height: 0px; line-height: 0px; margin: 0; padding: 0; clear: both;\"><\/div>","protected":false},"excerpt":{"rendered":"<p>Al\u00e9m da chuva que atingiu algumas regi\u00f5es da cidade de S\u00e3o Paulo na tarde desta segunda-feira(22), provocando lentid\u00e3o no tr\u00e2nsito e o fechamento do aeroporto de Congonhas &#8211; uma queda de energia atingiu moradores de diversos bairros e paralisou trens do metr\u00f4. Ficaram sem energia \u00e1reas de Pirituba, Perdizes, Pompeia, Barra Funda, Casa Verde, Santana e Bom Retiro. De acordo com o Metr\u00f4, os trens pararam na linha 2-Verde, entre as esta\u00e7\u00f5es Vila Madalena e Ana Rosa, e na linha 3-Vermelha, entre as esta\u00e7\u00f5es Barra Funda e Marechal Deodoro. A companhia afirma que a parada foi provocada pela interrup\u00e7\u00e3o do <\/p>\n","protected":false},"author":1,"featured_media":0,"comment_status":"open","ping_status":"closed","sticky":false,"template":"","format":"standard","meta":{"footnotes":""},"categories":[6],"tags":[],"class_list":["post-43","post","type-post","status-publish","format-standard","hentry","category-noticias-no-bom-retiro"],"aioseo_notices":[],"aioseo_head":"\n\t\t<!-- All in One SEO 5.0.0.1 - aioseo.com -->\n\t<meta name=\"description\" content=\"Al\u00e9m da chuva que atingiu algumas regi\u00f5es da cidade de S\u00e3o Paulo na tarde desta segunda-feira(22), provocando lentid\u00e3o no tr\u00e2nsito e o fechamento do aeroporto de Congonhas - uma queda de energia atingiu moradores de diversos bairros e paralisou trens do metr\u00f4. Ficaram sem energia \u00e1reas de Pirituba, Perdizes, Pompeia, Barra Funda, Casa Verde, Santana\" \/>\n\t<meta name=\"robots\" content=\"max-image-preview:large\" \/>\n\t<meta name=\"author\" content=\"Encontra Bom Retiro\"\/>\n\t<link rel=\"canonical\" href=\"https:\/\/www.encontrabomretiro.com.br\/sobre\/bom-retiro-fica-sem-energia-em-tarde-chuvosa\/\" \/>\n\t<meta name=\"generator\" content=\"All in One SEO (AIOSEO) 5.0.0.1\" \/>\n\t\t<meta property=\"og:locale\" content=\"pt_BR\" \/>\n\t\t<meta property=\"og:site_name\" content=\"Encontra Bom Retiro | Not\u00edcias, eventos, informa\u00e7\u00f5es e dicas no bairro do Bom Retiro e regi\u00e3o.\" \/>\n\t\t<meta property=\"og:type\" content=\"article\" \/>\n\t\t<meta property=\"og:title\" content=\"Bom Retiro fica sem energia em tarde chuvosa | Encontra Bom Retiro\" \/>\n\t\t<meta property=\"og:description\" content=\"Al\u00e9m da chuva que atingiu algumas regi\u00f5es da cidade de S\u00e3o Paulo na tarde desta segunda-feira(22), provocando lentid\u00e3o no tr\u00e2nsito e o fechamento do aeroporto de Congonhas - uma queda de energia atingiu moradores de diversos bairros e paralisou trens do metr\u00f4. Ficaram sem energia \u00e1reas de Pirituba, Perdizes, Pompeia, Barra Funda, Casa Verde, Santana\" \/>\n\t\t<meta property=\"og:url\" content=\"https:\/\/www.encontrabomretiro.com.br\/sobre\/bom-retiro-fica-sem-energia-em-tarde-chuvosa\/\" \/>\n\t\t<meta property=\"article:published_time\" content=\"2010-11-23T22:19:23+00:00\" \/>\n\t\t<meta property=\"article:modified_time\" content=\"2019-04-29T20:05:12+00:00\" \/>\n\t\t<meta name=\"twitter:card\" content=\"summary_large_image\" \/>\n\t\t<meta name=\"twitter:title\" content=\"Bom Retiro fica sem energia em tarde chuvosa | Encontra Bom Retiro\" \/>\n\t\t<meta name=\"twitter:description\" content=\"Al\u00e9m da chuva que atingiu algumas regi\u00f5es da cidade de S\u00e3o Paulo na tarde desta segunda-feira(22), provocando lentid\u00e3o no tr\u00e2nsito e o fechamento do aeroporto de Congonhas - uma queda de energia atingiu moradores de diversos bairros e paralisou trens do metr\u00f4. Ficaram sem energia \u00e1reas de Pirituba, Perdizes, Pompeia, Barra Funda, Casa Verde, Santana\" \/>\n\t\t<script type=\"application\/ld+json\" class=\"aioseo-schema\">\n\t\t\t{\"@context\":\"https:\\\/\\\/schema.org\",\"@graph\":[{\"@type\":\"Article\",\"@id\":\"https:\\\/\\\/www.encontrabomretiro.com.br\\\/sobre\\\/bom-retiro-fica-sem-energia-em-tarde-chuvosa\\\/#article\",\"name\":\"Bom Retiro fica sem energia em tarde chuvosa | Encontra Bom Retiro\",\"headline\":\"Bom Retiro fica sem energia em tarde chuvosa\",\"author\":{\"@id\":\"https:\\\/\\\/www.encontrabomretiro.com.br\\\/sobre\\\/author\\\/ebomretiro\\\/#author\"},\"publisher\":{\"@id\":\"https:\\\/\\\/www.encontrabomretiro.com.br\\\/sobre\\\/#organization\"},\"datePublished\":\"2010-11-23T20:19:23-02:00\",\"dateModified\":\"2019-04-29T18:05:12-02:00\",\"inLanguage\":\"pt-BR\",\"mainEntityOfPage\":{\"@id\":\"https:\\\/\\\/www.encontrabomretiro.com.br\\\/sobre\\\/bom-retiro-fica-sem-energia-em-tarde-chuvosa\\\/#webpage\"},\"isPartOf\":{\"@id\":\"https:\\\/\\\/www.encontrabomretiro.com.br\\\/sobre\\\/bom-retiro-fica-sem-energia-em-tarde-chuvosa\\\/#webpage\"},\"articleSection\":\"Not\\u00edcias Bom Retiro\"},{\"@type\":\"BreadcrumbList\",\"@id\":\"https:\\\/\\\/www.encontrabomretiro.com.br\\\/sobre\\\/bom-retiro-fica-sem-energia-em-tarde-chuvosa\\\/#breadcrumblist\",\"itemListElement\":[{\"@type\":\"ListItem\",\"@id\":\"https:\\\/\\\/www.encontrabomretiro.com.br\\\/sobre#listItem\",\"position\":1,\"name\":\"Dom\\u00e9stica\",\"item\":\"https:\\\/\\\/www.encontrabomretiro.com.br\\\/sobre\",\"nextItem\":{\"@type\":\"ListItem\",\"@id\":\"https:\\\/\\\/www.encontrabomretiro.com.br\\\/sobre\\\/noticias-no-bom-retiro\\\/#listItem\",\"name\":\"Not\\u00edcias Bom Retiro\"}},{\"@type\":\"ListItem\",\"@id\":\"https:\\\/\\\/www.encontrabomretiro.com.br\\\/sobre\\\/noticias-no-bom-retiro\\\/#listItem\",\"position\":2,\"name\":\"Not\\u00edcias Bom Retiro\",\"item\":\"https:\\\/\\\/www.encontrabomretiro.com.br\\\/sobre\\\/noticias-no-bom-retiro\\\/\",\"nextItem\":{\"@type\":\"ListItem\",\"@id\":\"https:\\\/\\\/www.encontrabomretiro.com.br\\\/sobre\\\/bom-retiro-fica-sem-energia-em-tarde-chuvosa\\\/#listItem\",\"name\":\"Bom Retiro fica sem energia em tarde chuvosa\"},\"previousItem\":{\"@type\":\"ListItem\",\"@id\":\"https:\\\/\\\/www.encontrabomretiro.com.br\\\/sobre#listItem\",\"name\":\"Dom\\u00e9stica\"}},{\"@type\":\"ListItem\",\"@id\":\"https:\\\/\\\/www.encontrabomretiro.com.br\\\/sobre\\\/bom-retiro-fica-sem-energia-em-tarde-chuvosa\\\/#listItem\",\"position\":3,\"name\":\"Bom Retiro fica sem energia em tarde chuvosa\",\"previousItem\":{\"@type\":\"ListItem\",\"@id\":\"https:\\\/\\\/www.encontrabomretiro.com.br\\\/sobre\\\/noticias-no-bom-retiro\\\/#listItem\",\"name\":\"Not\\u00edcias Bom Retiro\"}}]},{\"@type\":\"Organization\",\"@id\":\"https:\\\/\\\/www.encontrabomretiro.com.br\\\/sobre\\\/#organization\",\"name\":\"Encontra Bom Retiro\",\"description\":\"Not\\u00edcias, eventos, informa\\u00e7\\u00f5es e dicas no bairro do Bom Retiro e regi\\u00e3o.\",\"url\":\"https:\\\/\\\/www.encontrabomretiro.com.br\\\/sobre\\\/\"},{\"@type\":\"Person\",\"@id\":\"https:\\\/\\\/www.encontrabomretiro.com.br\\\/sobre\\\/author\\\/ebomretiro\\\/#author\",\"url\":\"https:\\\/\\\/www.encontrabomretiro.com.br\\\/sobre\\\/author\\\/ebomretiro\\\/\",\"name\":\"Encontra Bom Retiro\",\"image\":{\"@type\":\"ImageObject\",\"@id\":\"https:\\\/\\\/www.encontrabomretiro.com.br\\\/sobre\\\/bom-retiro-fica-sem-energia-em-tarde-chuvosa\\\/#authorImage\",\"url\":\"https:\\\/\\\/secure.gravatar.com\\\/avatar\\\/507340682b8270222e1f208e23198b6ae7e2c6a1033ae84e99bc6bce4f82a387?s=96&d=mm&r=g\",\"width\":96,\"height\":96,\"caption\":\"Encontra Bom Retiro\"}},{\"@type\":\"WebPage\",\"@id\":\"https:\\\/\\\/www.encontrabomretiro.com.br\\\/sobre\\\/bom-retiro-fica-sem-energia-em-tarde-chuvosa\\\/#webpage\",\"url\":\"https:\\\/\\\/www.encontrabomretiro.com.br\\\/sobre\\\/bom-retiro-fica-sem-energia-em-tarde-chuvosa\\\/\",\"name\":\"Bom Retiro fica sem energia em tarde chuvosa | Encontra Bom Retiro\",\"description\":\"Al\\u00e9m da chuva que atingiu algumas regi\\u00f5es da cidade de S\\u00e3o Paulo na tarde desta segunda-feira(22), provocando lentid\\u00e3o no tr\\u00e2nsito e o fechamento do aeroporto de Congonhas - uma queda de energia atingiu moradores de diversos bairros e paralisou trens do metr\\u00f4. Ficaram sem energia \\u00e1reas de Pirituba, Perdizes, Pompeia, Barra Funda, Casa Verde, Santana\",\"inLanguage\":\"pt-BR\",\"isPartOf\":{\"@id\":\"https:\\\/\\\/www.encontrabomretiro.com.br\\\/sobre\\\/#website\"},\"breadcrumb\":{\"@id\":\"https:\\\/\\\/www.encontrabomretiro.com.br\\\/sobre\\\/bom-retiro-fica-sem-energia-em-tarde-chuvosa\\\/#breadcrumblist\"},\"author\":{\"@id\":\"https:\\\/\\\/www.encontrabomretiro.com.br\\\/sobre\\\/author\\\/ebomretiro\\\/#author\"},\"creator\":{\"@id\":\"https:\\\/\\\/www.encontrabomretiro.com.br\\\/sobre\\\/author\\\/ebomretiro\\\/#author\"},\"datePublished\":\"2010-11-23T20:19:23-02:00\",\"dateModified\":\"2019-04-29T18:05:12-02:00\"},{\"@type\":\"WebSite\",\"@id\":\"https:\\\/\\\/www.encontrabomretiro.com.br\\\/sobre\\\/#website\",\"url\":\"https:\\\/\\\/www.encontrabomretiro.com.br\\\/sobre\\\/\",\"name\":\"Encontra Bom Retiro\",\"description\":\"Not\\u00edcias, eventos, informa\\u00e7\\u00f5es e dicas no bairro do Bom Retiro e regi\\u00e3o.\",\"inLanguage\":\"pt-BR\",\"publisher\":{\"@id\":\"https:\\\/\\\/www.encontrabomretiro.com.br\\\/sobre\\\/#organization\"}}]}\n\t\t<\/script>\n\t\t<!-- All in One SEO -->\n\n","aioseo_head_json":{"title":"Bom Retiro fica sem energia em tarde chuvosa | Encontra Bom Retiro","description":"Al\u00e9m da chuva que atingiu algumas regi\u00f5es da cidade de S\u00e3o Paulo na tarde desta segunda-feira(22), provocando lentid\u00e3o no tr\u00e2nsito e o fechamento do aeroporto de Congonhas - uma queda de energia atingiu moradores de diversos bairros e paralisou trens do metr\u00f4. Ficaram sem energia \u00e1reas de Pirituba, Perdizes, Pompeia, Barra Funda, Casa Verde, Santana","canonical_url":"https:\/\/www.encontrabomretiro.com.br\/sobre\/bom-retiro-fica-sem-energia-em-tarde-chuvosa\/","robots":"max-image-preview:large","keywords":"","webmasterTools":{"miscellaneous":""},"schema":{"@context":"https:\/\/schema.org","@graph":[{"@type":"Article","@id":"https:\/\/www.encontrabomretiro.com.br\/sobre\/bom-retiro-fica-sem-energia-em-tarde-chuvosa\/#article","name":"Bom Retiro fica sem energia em tarde chuvosa | Encontra Bom Retiro","headline":"Bom Retiro fica sem energia em tarde chuvosa","author":{"@id":"https:\/\/www.encontrabomretiro.com.br\/sobre\/author\/ebomretiro\/#author"},"publisher":{"@id":"https:\/\/www.encontrabomretiro.com.br\/sobre\/#organization"},"datePublished":"2010-11-23T20:19:23-02:00","dateModified":"2019-04-29T18:05:12-02:00","inLanguage":"pt-BR","mainEntityOfPage":{"@id":"https:\/\/www.encontrabomretiro.com.br\/sobre\/bom-retiro-fica-sem-energia-em-tarde-chuvosa\/#webpage"},"isPartOf":{"@id":"https:\/\/www.encontrabomretiro.com.br\/sobre\/bom-retiro-fica-sem-energia-em-tarde-chuvosa\/#webpage"},"articleSection":"Not\u00edcias Bom Retiro"},{"@type":"BreadcrumbList","@id":"https:\/\/www.encontrabomretiro.com.br\/sobre\/bom-retiro-fica-sem-energia-em-tarde-chuvosa\/#breadcrumblist","itemListElement":[{"@type":"ListItem","@id":"https:\/\/www.encontrabomretiro.com.br\/sobre#listItem","position":1,"name":"Dom\u00e9stica","item":"https:\/\/www.encontrabomretiro.com.br\/sobre","nextItem":{"@type":"ListItem","@id":"https:\/\/www.encontrabomretiro.com.br\/sobre\/noticias-no-bom-retiro\/#listItem","name":"Not\u00edcias Bom Retiro"}},{"@type":"ListItem","@id":"https:\/\/www.encontrabomretiro.com.br\/sobre\/noticias-no-bom-retiro\/#listItem","position":2,"name":"Not\u00edcias Bom Retiro","item":"https:\/\/www.encontrabomretiro.com.br\/sobre\/noticias-no-bom-retiro\/","nextItem":{"@type":"ListItem","@id":"https:\/\/www.encontrabomretiro.com.br\/sobre\/bom-retiro-fica-sem-energia-em-tarde-chuvosa\/#listItem","name":"Bom Retiro fica sem energia em tarde chuvosa"},"previousItem":{"@type":"ListItem","@id":"https:\/\/www.encontrabomretiro.com.br\/sobre#listItem","name":"Dom\u00e9stica"}},{"@type":"ListItem","@id":"https:\/\/www.encontrabomretiro.com.br\/sobre\/bom-retiro-fica-sem-energia-em-tarde-chuvosa\/#listItem","position":3,"name":"Bom Retiro fica sem energia em tarde chuvosa","previousItem":{"@type":"ListItem","@id":"https:\/\/www.encontrabomretiro.com.br\/sobre\/noticias-no-bom-retiro\/#listItem","name":"Not\u00edcias Bom Retiro"}}]},{"@type":"Organization","@id":"https:\/\/www.encontrabomretiro.com.br\/sobre\/#organization","name":"Encontra Bom Retiro","description":"Not\u00edcias, eventos, informa\u00e7\u00f5es e dicas no bairro do Bom Retiro e regi\u00e3o.","url":"https:\/\/www.encontrabomretiro.com.br\/sobre\/"},{"@type":"Person","@id":"https:\/\/www.encontrabomretiro.com.br\/sobre\/author\/ebomretiro\/#author","url":"https:\/\/www.encontrabomretiro.com.br\/sobre\/author\/ebomretiro\/","name":"Encontra Bom Retiro","image":{"@type":"ImageObject","@id":"https:\/\/www.encontrabomretiro.com.br\/sobre\/bom-retiro-fica-sem-energia-em-tarde-chuvosa\/#authorImage","url":"https:\/\/secure.gravatar.com\/avatar\/507340682b8270222e1f208e23198b6ae7e2c6a1033ae84e99bc6bce4f82a387?s=96&d=mm&r=g","width":96,"height":96,"caption":"Encontra Bom Retiro"}},{"@type":"WebPage","@id":"https:\/\/www.encontrabomretiro.com.br\/sobre\/bom-retiro-fica-sem-energia-em-tarde-chuvosa\/#webpage","url":"https:\/\/www.encontrabomretiro.com.br\/sobre\/bom-retiro-fica-sem-energia-em-tarde-chuvosa\/","name":"Bom Retiro fica sem energia em tarde chuvosa | Encontra Bom Retiro","description":"Al\u00e9m da chuva que atingiu algumas regi\u00f5es da cidade de S\u00e3o Paulo na tarde desta segunda-feira(22), provocando lentid\u00e3o no tr\u00e2nsito e o fechamento do aeroporto de Congonhas - uma queda de energia atingiu moradores de diversos bairros e paralisou trens do metr\u00f4. Ficaram sem energia \u00e1reas de Pirituba, Perdizes, Pompeia, Barra Funda, Casa Verde, Santana","inLanguage":"pt-BR","isPartOf":{"@id":"https:\/\/www.encontrabomretiro.com.br\/sobre\/#website"},"breadcrumb":{"@id":"https:\/\/www.encontrabomretiro.com.br\/sobre\/bom-retiro-fica-sem-energia-em-tarde-chuvosa\/#breadcrumblist"},"author":{"@id":"https:\/\/www.encontrabomretiro.com.br\/sobre\/author\/ebomretiro\/#author"},"creator":{"@id":"https:\/\/www.encontrabomretiro.com.br\/sobre\/author\/ebomretiro\/#author"},"datePublished":"2010-11-23T20:19:23-02:00","dateModified":"2019-04-29T18:05:12-02:00"},{"@type":"WebSite","@id":"https:\/\/www.encontrabomretiro.com.br\/sobre\/#website","url":"https:\/\/www.encontrabomretiro.com.br\/sobre\/","name":"Encontra Bom Retiro","description":"Not\u00edcias, eventos, informa\u00e7\u00f5es e dicas no bairro do Bom Retiro e regi\u00e3o.","inLanguage":"pt-BR","publisher":{"@id":"https:\/\/www.encontrabomretiro.com.br\/sobre\/#organization"}}]},"og:locale":"pt_BR","og:site_name":"Encontra Bom Retiro | Not\u00edcias, eventos, informa\u00e7\u00f5es e dicas no bairro do Bom Retiro e regi\u00e3o.","og:type":"article","og:title":"Bom Retiro fica sem energia em tarde chuvosa | Encontra Bom Retiro","og:description":"Al\u00e9m da chuva que atingiu algumas regi\u00f5es da cidade de S\u00e3o Paulo na tarde desta segunda-feira(22), provocando lentid\u00e3o no tr\u00e2nsito e o fechamento do aeroporto de Congonhas - uma queda de energia atingiu moradores de diversos bairros e paralisou trens do metr\u00f4. Ficaram sem energia \u00e1reas de Pirituba, Perdizes, Pompeia, Barra Funda, Casa Verde, Santana","og:url":"https:\/\/www.encontrabomretiro.com.br\/sobre\/bom-retiro-fica-sem-energia-em-tarde-chuvosa\/","article:published_time":"2010-11-23T22:19:23+00:00","article:modified_time":"2019-04-29T20:05:12+00:00","twitter:card":"summary_large_image","twitter:title":"Bom Retiro fica sem energia em tarde chuvosa | Encontra Bom Retiro","twitter:description":"Al\u00e9m da chuva que atingiu algumas regi\u00f5es da cidade de S\u00e3o Paulo na tarde desta segunda-feira(22), provocando lentid\u00e3o no tr\u00e2nsito e o fechamento do aeroporto de Congonhas - uma queda de energia atingiu moradores de diversos bairros e paralisou trens do metr\u00f4. Ficaram sem energia \u00e1reas de Pirituba, Perdizes, Pompeia, Barra Funda, Casa Verde, Santana"},"aioseo_meta_data":{"post_id":"43","title":null,"description":null,"keywords":null,"keyphrases":null,"primary_term":null,"canonical_url":null,"og_title":null,"og_description":null,"og_object_type":"default","og_image_type":"default","og_image_url":null,"og_image_width":null,"og_image_height":null,"og_image_custom_url":null,"og_image_custom_fields":null,"og_video":null,"og_custom_url":null,"og_article_section":null,"og_article_tags":null,"twitter_use_og":false,"twitter_card":"default","twitter_image_type":"default","twitter_image_url":null,"twitter_image_custom_url":null,"twitter_image_custom_fields":null,"twitter_title":null,"twitter_description":null,"schema":{"blockGraphs":[],"customGraphs":[],"default":{"data":{"Article":[],"Course":[],"Dataset":[],"FAQPage":[],"Movie":[],"Person":[],"Product":[],"ProductReview":[],"Car":[],"Recipe":[],"Service":[],"SoftwareApplication":[],"WebPage":[]},"graphName":"","isEnabled":true},"graphs":[]},"schema_type":"default","schema_type_options":null,"pillar_content":false,"robots_default":true,"robots_noindex":false,"robots_noarchive":false,"robots_nosnippet":false,"robots_nofollow":false,"robots_noimageindex":false,"robots_noodp":false,"robots_notranslate":false,"robots_max_snippet":null,"robots_max_videopreview":null,"robots_max_imagepreview":"large","priority":null,"frequency":null,"local_seo":null,"breadcrumb_settings":null,"limit_modified_date":false,"ai":null,"created":"2023-10-16 13:06:39","updated":"2025-10-03 13:01:03","focus_keyword":null,"additional_keywords":null,"truseo_locale":null,"seo_analyzer_scan_date":null},"aioseo_breadcrumb":"<div class=\"aioseo-breadcrumbs\"><span class=\"aioseo-breadcrumb\">\n\t\t\t<a href=\"https:\/\/www.encontrabomretiro.com.br\/sobre\" title=\"Dom\u00e9stica\">Dom\u00e9stica<\/a>\n\t\t<\/span><span class=\"aioseo-breadcrumb-separator\">&raquo;<\/span><span class=\"aioseo-breadcrumb\">\n\t\t\t<a href=\"https:\/\/www.encontrabomretiro.com.br\/sobre\/noticias-no-bom-retiro\/\" title=\"Not\u00edcias Bom Retiro\">Not\u00edcias Bom Retiro<\/a>\n\t\t<\/span><span class=\"aioseo-breadcrumb-separator\">&raquo;<\/span><span class=\"aioseo-breadcrumb\">\n\t\t\tBom Retiro fica sem energia em tarde chuvosa\n\t\t<\/span><\/div>","aioseo_breadcrumb_json":[{"label":"Dom\u00e9stica","link":"https:\/\/www.encontrabomretiro.com.br\/sobre"},{"label":"Not\u00edcias Bom Retiro","link":"https:\/\/www.encontrabomretiro.com.br\/sobre\/noticias-no-bom-retiro\/"},{"label":"Bom Retiro fica sem energia em tarde chuvosa","link":"https:\/\/www.encontrabomretiro.com.br\/sobre\/bom-retiro-fica-sem-energia-em-tarde-chuvosa\/"}],"_links":{"self":[{"href":"https:\/\/www.encontrabomretiro.com.br\/sobre\/wp-json\/wp\/v2\/posts\/43","targetHints":{"allow":["GET"]}}],"collection":[{"href":"https:\/\/www.encontrabomretiro.com.br\/sobre\/wp-json\/wp\/v2\/posts"}],"about":[{"href":"https:\/\/www.encontrabomretiro.com.br\/sobre\/wp-json\/wp\/v2\/types\/post"}],"author":[{"embeddable":true,"href":"https:\/\/www.encontrabomretiro.com.br\/sobre\/wp-json\/wp\/v2\/users\/1"}],"replies":[{"embeddable":true,"href":"https:\/\/www.encontrabomretiro.com.br\/sobre\/wp-json\/wp\/v2\/comments?post=43"}],"version-history":[{"count":0,"href":"https:\/\/www.encontrabomretiro.com.br\/sobre\/wp-json\/wp\/v2\/posts\/43\/revisions"}],"wp:attachment":[{"href":"https:\/\/www.encontrabomretiro.com.br\/sobre\/wp-json\/wp\/v2\/media?parent=43"}],"wp:term":[{"taxonomy":"category","embeddable":true,"href":"https:\/\/www.encontrabomretiro.com.br\/sobre\/wp-json\/wp\/v2\/categories?post=43"},{"taxonomy":"post_tag","embeddable":true,"href":"https:\/\/www.encontrabomretiro.com.br\/sobre\/wp-json\/wp\/v2\/tags?post=43"}],"curies":[{"name":"wp","href":"https:\/\/api.w.org\/{rel}","templated":true}]}}