{"id":423,"date":"2012-08-17T13:00:05","date_gmt":"2012-08-17T15:00:05","guid":{"rendered":"http:\/\/www.encontrabomretiro.com.br\/noticias\/?p=423"},"modified":"2019-04-29T18:04:41","modified_gmt":"2019-04-29T20:04:41","slug":"bom-retiro-958-metros-em-cartaz","status":"publish","type":"post","link":"https:\/\/www.encontrabomretiro.com.br\/sobre\/bom-retiro-958-metros-em-cartaz\/","title":{"rendered":"Bom Retiro 958 Metros em cartaz"},"content":{"rendered":"<div class=\"228b65ae207de3c5c501cfe75875708b\" data-index=\"1\" style=\"float: none; margin:0px;\">\n<!-- Anuncio display - global -->\r\n<ins class=\"adsbygoogle\"\r\n     style=\"display:block\"\r\n     data-ad-client=\"ca-pub-8585364105181520\"\r\n     data-ad-slot=\"8789329856\"\r\n     data-ad-format=\"auto\"\r\n     data-full-width-responsive=\"true\"><\/ins>\r\n<script>\r\n     (adsbygoogle = window.adsbygoogle || []).push({});\r\n<\/script>\n<\/div>\n<p>O Teatro da Vertigem percorre quase um quil\u00f4metro do Bom Retiro, mostrando personagens e caracter\u00edsticas do bairro, com suas rela\u00e7\u00f5es de trabalho e consumo e seu fluxo migrat\u00f3rio.<\/p>\n<p><strong>G\u00eanero:<\/strong>\u00a0Outros<br \/>\n<strong>Dire\u00e7\u00e3o<\/strong>: Ant\u00f4nio Ara\u00fajo<br \/>\n<strong>Com<\/strong>: Luciana Schwinden, Mawusi Tulani, Roberto Audio e outros<br \/>\n<strong>Dura\u00e7\u00e3o<\/strong>: 110 minutos<br \/>\n<strong>Classifica\u00e7\u00e3o<\/strong>: N\u00e3o recomendado para menores de 16 anos.<br \/>\n<strong>Texto<\/strong>: Joca Reiners Terron<\/p>\n<p><a name=\"oficinaculturaloswalddeandradeareaexterna\" target=\"_blank\"><\/a><\/p>\n<div>\n<h4>Oficina Cultural Oswald de Andrade &#8211; \u00e1rea externa<\/h4>\n<table border=\"0\" cellspacing=\"0\" cellpadding=\"0\">\n<tbody>\n<tr>\n<td colspan=\"2\">Rua Tr\u00eas Rios, 363 &#8211; Bom Retiro &#8211; Centro de S\u00e3o Paulo. Telefone: 3255-2713.<br \/>\nIngresso: R$ 30.<\/td>\n<\/tr>\n<\/tbody>\n<\/table>\n<\/div>\n<table cellspacing=\"0\" cellpadding=\"0\">\n<tbody>\n<tr>\n<th><strong>Quando<\/strong><\/th>\n<\/tr>\n<tr valign=\"top\">\n<td>quinta a s\u00e1bado: 21h.<br \/>\ndomingo: 19h.<br \/>\nAt\u00e9 30\/9.<\/td>\n<\/tr>\n<\/tbody>\n<\/table>\n<p><em>Fonte: Guia da Folha<\/em><\/p>\n\n<div style=\"font-size: 0px; height: 0px; line-height: 0px; margin: 0; padding: 0; clear: both;\"><\/div>","protected":false},"excerpt":{"rendered":"<p>O Teatro da Vertigem percorre quase um quil\u00f4metro do Bom Retiro, mostrando personagens e caracter\u00edsticas do bairro, com suas rela\u00e7\u00f5es de trabalho e consumo e seu fluxo migrat\u00f3rio. G\u00eanero:\u00a0Outros Dire\u00e7\u00e3o: Ant\u00f4nio Ara\u00fajo Com: Luciana Schwinden, Mawusi Tulani, Roberto Audio e outros Dura\u00e7\u00e3o: 110 minutos Classifica\u00e7\u00e3o: N\u00e3o recomendado para menores de 16 anos. Texto: Joca Reiners Terron Oficina Cultural Oswald de Andrade &#8211; \u00e1rea externa Rua Tr\u00eas Rios, 363 &#8211; Bom Retiro &#8211; Centro de S\u00e3o Paulo. Telefone: 3255-2713. Ingresso: R$ 30. Quando quinta a s\u00e1bado: 21h. domingo: 19h. At\u00e9 30\/9. Fonte: Guia da Folha<\/p>\n","protected":false},"author":1,"featured_media":0,"comment_status":"open","ping_status":"closed","sticky":false,"template":"","format":"standard","meta":{"footnotes":""},"categories":[17,6],"tags":[14],"class_list":["post-423","post","type-post","status-publish","format-standard","hentry","category-cultura-no-bom-retiro","category-noticias-no-bom-retiro","tag-bom-retiro"],"aioseo_notices":[],"aioseo_head":"\n\t\t<!-- All in One SEO 5.0.0.1 - aioseo.com -->\n\t<meta name=\"description\" content=\"O Teatro da Vertigem percorre quase um quil\u00f4metro do Bom Retiro, mostrando personagens e caracter\u00edsticas do bairro, com suas rela\u00e7\u00f5es de trabalho e consumo e seu fluxo migrat\u00f3rio. G\u00eanero: Outros Dire\u00e7\u00e3o: Ant\u00f4nio Ara\u00fajo Com: Luciana Schwinden, Mawusi Tulani, Roberto Audio e outros Dura\u00e7\u00e3o: 110 minutos Classifica\u00e7\u00e3o: N\u00e3o recomendado para menores de 16 anos. Texto: Joca Reiners\" \/>\n\t<meta name=\"robots\" content=\"max-image-preview:large\" \/>\n\t<meta name=\"author\" content=\"Encontra Bom Retiro\"\/>\n\t<link rel=\"canonical\" href=\"https:\/\/www.encontrabomretiro.com.br\/sobre\/bom-retiro-958-metros-em-cartaz\/\" \/>\n\t<meta name=\"generator\" content=\"All in One SEO (AIOSEO) 5.0.0.1\" \/>\n\t\t<meta property=\"og:locale\" content=\"pt_BR\" \/>\n\t\t<meta property=\"og:site_name\" content=\"Encontra Bom Retiro | Not\u00edcias, eventos, informa\u00e7\u00f5es e dicas no bairro do Bom Retiro e regi\u00e3o.\" \/>\n\t\t<meta property=\"og:type\" content=\"article\" \/>\n\t\t<meta property=\"og:title\" content=\"Bom Retiro 958 Metros em cartaz | Encontra Bom Retiro\" \/>\n\t\t<meta property=\"og:description\" content=\"O Teatro da Vertigem percorre quase um quil\u00f4metro do Bom Retiro, mostrando personagens e caracter\u00edsticas do bairro, com suas rela\u00e7\u00f5es de trabalho e consumo e seu fluxo migrat\u00f3rio. G\u00eanero: Outros Dire\u00e7\u00e3o: Ant\u00f4nio Ara\u00fajo Com: Luciana Schwinden, Mawusi Tulani, Roberto Audio e outros Dura\u00e7\u00e3o: 110 minutos Classifica\u00e7\u00e3o: N\u00e3o recomendado para menores de 16 anos. Texto: Joca Reiners\" \/>\n\t\t<meta property=\"og:url\" content=\"https:\/\/www.encontrabomretiro.com.br\/sobre\/bom-retiro-958-metros-em-cartaz\/\" \/>\n\t\t<meta property=\"article:published_time\" content=\"2012-08-17T15:00:05+00:00\" \/>\n\t\t<meta property=\"article:modified_time\" content=\"2019-04-29T20:04:41+00:00\" \/>\n\t\t<meta name=\"twitter:card\" content=\"summary_large_image\" \/>\n\t\t<meta name=\"twitter:title\" content=\"Bom Retiro 958 Metros em cartaz | Encontra Bom Retiro\" \/>\n\t\t<meta name=\"twitter:description\" content=\"O Teatro da Vertigem percorre quase um quil\u00f4metro do Bom Retiro, mostrando personagens e caracter\u00edsticas do bairro, com suas rela\u00e7\u00f5es de trabalho e consumo e seu fluxo migrat\u00f3rio. G\u00eanero: Outros Dire\u00e7\u00e3o: Ant\u00f4nio Ara\u00fajo Com: Luciana Schwinden, Mawusi Tulani, Roberto Audio e outros Dura\u00e7\u00e3o: 110 minutos Classifica\u00e7\u00e3o: N\u00e3o recomendado para menores de 16 anos. Texto: Joca Reiners\" \/>\n\t\t<script type=\"application\/ld+json\" class=\"aioseo-schema\">\n\t\t\t{\"@context\":\"https:\\\/\\\/schema.org\",\"@graph\":[{\"@type\":\"Article\",\"@id\":\"https:\\\/\\\/www.encontrabomretiro.com.br\\\/sobre\\\/bom-retiro-958-metros-em-cartaz\\\/#article\",\"name\":\"Bom Retiro 958 Metros em cartaz | Encontra Bom Retiro\",\"headline\":\"Bom Retiro 958 Metros em cartaz\",\"author\":{\"@id\":\"https:\\\/\\\/www.encontrabomretiro.com.br\\\/sobre\\\/author\\\/ebomretiro\\\/#author\"},\"publisher\":{\"@id\":\"https:\\\/\\\/www.encontrabomretiro.com.br\\\/sobre\\\/#organization\"},\"datePublished\":\"2012-08-17T13:00:05-02:00\",\"dateModified\":\"2019-04-29T18:04:41-02:00\",\"inLanguage\":\"pt-BR\",\"mainEntityOfPage\":{\"@id\":\"https:\\\/\\\/www.encontrabomretiro.com.br\\\/sobre\\\/bom-retiro-958-metros-em-cartaz\\\/#webpage\"},\"isPartOf\":{\"@id\":\"https:\\\/\\\/www.encontrabomretiro.com.br\\\/sobre\\\/bom-retiro-958-metros-em-cartaz\\\/#webpage\"},\"articleSection\":\"Cultura Bom Retiro, Not\\u00edcias Bom Retiro, Bom Retiro\"},{\"@type\":\"BreadcrumbList\",\"@id\":\"https:\\\/\\\/www.encontrabomretiro.com.br\\\/sobre\\\/bom-retiro-958-metros-em-cartaz\\\/#breadcrumblist\",\"itemListElement\":[{\"@type\":\"ListItem\",\"@id\":\"https:\\\/\\\/www.encontrabomretiro.com.br\\\/sobre#listItem\",\"position\":1,\"name\":\"Dom\\u00e9stica\",\"item\":\"https:\\\/\\\/www.encontrabomretiro.com.br\\\/sobre\",\"nextItem\":{\"@type\":\"ListItem\",\"@id\":\"https:\\\/\\\/www.encontrabomretiro.com.br\\\/sobre\\\/noticias-no-bom-retiro\\\/#listItem\",\"name\":\"Not\\u00edcias Bom Retiro\"}},{\"@type\":\"ListItem\",\"@id\":\"https:\\\/\\\/www.encontrabomretiro.com.br\\\/sobre\\\/noticias-no-bom-retiro\\\/#listItem\",\"position\":2,\"name\":\"Not\\u00edcias Bom Retiro\",\"item\":\"https:\\\/\\\/www.encontrabomretiro.com.br\\\/sobre\\\/noticias-no-bom-retiro\\\/\",\"nextItem\":{\"@type\":\"ListItem\",\"@id\":\"https:\\\/\\\/www.encontrabomretiro.com.br\\\/sobre\\\/bom-retiro-958-metros-em-cartaz\\\/#listItem\",\"name\":\"Bom Retiro 958 Metros em cartaz\"},\"previousItem\":{\"@type\":\"ListItem\",\"@id\":\"https:\\\/\\\/www.encontrabomretiro.com.br\\\/sobre#listItem\",\"name\":\"Dom\\u00e9stica\"}},{\"@type\":\"ListItem\",\"@id\":\"https:\\\/\\\/www.encontrabomretiro.com.br\\\/sobre\\\/bom-retiro-958-metros-em-cartaz\\\/#listItem\",\"position\":3,\"name\":\"Bom Retiro 958 Metros em cartaz\",\"previousItem\":{\"@type\":\"ListItem\",\"@id\":\"https:\\\/\\\/www.encontrabomretiro.com.br\\\/sobre\\\/noticias-no-bom-retiro\\\/#listItem\",\"name\":\"Not\\u00edcias Bom Retiro\"}}]},{\"@type\":\"Organization\",\"@id\":\"https:\\\/\\\/www.encontrabomretiro.com.br\\\/sobre\\\/#organization\",\"name\":\"Encontra Bom Retiro\",\"description\":\"Not\\u00edcias, eventos, informa\\u00e7\\u00f5es e dicas no bairro do Bom Retiro e regi\\u00e3o.\",\"url\":\"https:\\\/\\\/www.encontrabomretiro.com.br\\\/sobre\\\/\"},{\"@type\":\"Person\",\"@id\":\"https:\\\/\\\/www.encontrabomretiro.com.br\\\/sobre\\\/author\\\/ebomretiro\\\/#author\",\"url\":\"https:\\\/\\\/www.encontrabomretiro.com.br\\\/sobre\\\/author\\\/ebomretiro\\\/\",\"name\":\"Encontra Bom Retiro\",\"image\":{\"@type\":\"ImageObject\",\"@id\":\"https:\\\/\\\/www.encontrabomretiro.com.br\\\/sobre\\\/bom-retiro-958-metros-em-cartaz\\\/#authorImage\",\"url\":\"https:\\\/\\\/secure.gravatar.com\\\/avatar\\\/507340682b8270222e1f208e23198b6ae7e2c6a1033ae84e99bc6bce4f82a387?s=96&d=mm&r=g\",\"width\":96,\"height\":96,\"caption\":\"Encontra Bom Retiro\"}},{\"@type\":\"WebPage\",\"@id\":\"https:\\\/\\\/www.encontrabomretiro.com.br\\\/sobre\\\/bom-retiro-958-metros-em-cartaz\\\/#webpage\",\"url\":\"https:\\\/\\\/www.encontrabomretiro.com.br\\\/sobre\\\/bom-retiro-958-metros-em-cartaz\\\/\",\"name\":\"Bom Retiro 958 Metros em cartaz | Encontra Bom Retiro\",\"description\":\"O Teatro da Vertigem percorre quase um quil\\u00f4metro do Bom Retiro, mostrando personagens e caracter\\u00edsticas do bairro, com suas rela\\u00e7\\u00f5es de trabalho e consumo e seu fluxo migrat\\u00f3rio. G\\u00eanero: Outros Dire\\u00e7\\u00e3o: Ant\\u00f4nio Ara\\u00fajo Com: Luciana Schwinden, Mawusi Tulani, Roberto Audio e outros Dura\\u00e7\\u00e3o: 110 minutos Classifica\\u00e7\\u00e3o: N\\u00e3o recomendado para menores de 16 anos. Texto: Joca Reiners\",\"inLanguage\":\"pt-BR\",\"isPartOf\":{\"@id\":\"https:\\\/\\\/www.encontrabomretiro.com.br\\\/sobre\\\/#website\"},\"breadcrumb\":{\"@id\":\"https:\\\/\\\/www.encontrabomretiro.com.br\\\/sobre\\\/bom-retiro-958-metros-em-cartaz\\\/#breadcrumblist\"},\"author\":{\"@id\":\"https:\\\/\\\/www.encontrabomretiro.com.br\\\/sobre\\\/author\\\/ebomretiro\\\/#author\"},\"creator\":{\"@id\":\"https:\\\/\\\/www.encontrabomretiro.com.br\\\/sobre\\\/author\\\/ebomretiro\\\/#author\"},\"datePublished\":\"2012-08-17T13:00:05-02:00\",\"dateModified\":\"2019-04-29T18:04:41-02:00\"},{\"@type\":\"WebSite\",\"@id\":\"https:\\\/\\\/www.encontrabomretiro.com.br\\\/sobre\\\/#website\",\"url\":\"https:\\\/\\\/www.encontrabomretiro.com.br\\\/sobre\\\/\",\"name\":\"Encontra Bom Retiro\",\"description\":\"Not\\u00edcias, eventos, informa\\u00e7\\u00f5es e dicas no bairro do Bom Retiro e regi\\u00e3o.\",\"inLanguage\":\"pt-BR\",\"publisher\":{\"@id\":\"https:\\\/\\\/www.encontrabomretiro.com.br\\\/sobre\\\/#organization\"}}]}\n\t\t<\/script>\n\t\t<!-- All in One SEO -->\n\n","aioseo_head_json":{"title":"Bom Retiro 958 Metros em cartaz | Encontra Bom Retiro","description":"O Teatro da Vertigem percorre quase um quil\u00f4metro do Bom Retiro, mostrando personagens e caracter\u00edsticas do bairro, com suas rela\u00e7\u00f5es de trabalho e consumo e seu fluxo migrat\u00f3rio. G\u00eanero: Outros Dire\u00e7\u00e3o: Ant\u00f4nio Ara\u00fajo Com: Luciana Schwinden, Mawusi Tulani, Roberto Audio e outros Dura\u00e7\u00e3o: 110 minutos Classifica\u00e7\u00e3o: N\u00e3o recomendado para menores de 16 anos. Texto: Joca Reiners","canonical_url":"https:\/\/www.encontrabomretiro.com.br\/sobre\/bom-retiro-958-metros-em-cartaz\/","robots":"max-image-preview:large","keywords":"","webmasterTools":{"miscellaneous":""},"schema":{"@context":"https:\/\/schema.org","@graph":[{"@type":"Article","@id":"https:\/\/www.encontrabomretiro.com.br\/sobre\/bom-retiro-958-metros-em-cartaz\/#article","name":"Bom Retiro 958 Metros em cartaz | Encontra Bom Retiro","headline":"Bom Retiro 958 Metros em cartaz","author":{"@id":"https:\/\/www.encontrabomretiro.com.br\/sobre\/author\/ebomretiro\/#author"},"publisher":{"@id":"https:\/\/www.encontrabomretiro.com.br\/sobre\/#organization"},"datePublished":"2012-08-17T13:00:05-02:00","dateModified":"2019-04-29T18:04:41-02:00","inLanguage":"pt-BR","mainEntityOfPage":{"@id":"https:\/\/www.encontrabomretiro.com.br\/sobre\/bom-retiro-958-metros-em-cartaz\/#webpage"},"isPartOf":{"@id":"https:\/\/www.encontrabomretiro.com.br\/sobre\/bom-retiro-958-metros-em-cartaz\/#webpage"},"articleSection":"Cultura Bom Retiro, Not\u00edcias Bom Retiro, Bom Retiro"},{"@type":"BreadcrumbList","@id":"https:\/\/www.encontrabomretiro.com.br\/sobre\/bom-retiro-958-metros-em-cartaz\/#breadcrumblist","itemListElement":[{"@type":"ListItem","@id":"https:\/\/www.encontrabomretiro.com.br\/sobre#listItem","position":1,"name":"Dom\u00e9stica","item":"https:\/\/www.encontrabomretiro.com.br\/sobre","nextItem":{"@type":"ListItem","@id":"https:\/\/www.encontrabomretiro.com.br\/sobre\/noticias-no-bom-retiro\/#listItem","name":"Not\u00edcias Bom Retiro"}},{"@type":"ListItem","@id":"https:\/\/www.encontrabomretiro.com.br\/sobre\/noticias-no-bom-retiro\/#listItem","position":2,"name":"Not\u00edcias Bom Retiro","item":"https:\/\/www.encontrabomretiro.com.br\/sobre\/noticias-no-bom-retiro\/","nextItem":{"@type":"ListItem","@id":"https:\/\/www.encontrabomretiro.com.br\/sobre\/bom-retiro-958-metros-em-cartaz\/#listItem","name":"Bom Retiro 958 Metros em cartaz"},"previousItem":{"@type":"ListItem","@id":"https:\/\/www.encontrabomretiro.com.br\/sobre#listItem","name":"Dom\u00e9stica"}},{"@type":"ListItem","@id":"https:\/\/www.encontrabomretiro.com.br\/sobre\/bom-retiro-958-metros-em-cartaz\/#listItem","position":3,"name":"Bom Retiro 958 Metros em cartaz","previousItem":{"@type":"ListItem","@id":"https:\/\/www.encontrabomretiro.com.br\/sobre\/noticias-no-bom-retiro\/#listItem","name":"Not\u00edcias Bom Retiro"}}]},{"@type":"Organization","@id":"https:\/\/www.encontrabomretiro.com.br\/sobre\/#organization","name":"Encontra Bom Retiro","description":"Not\u00edcias, eventos, informa\u00e7\u00f5es e dicas no bairro do Bom Retiro e regi\u00e3o.","url":"https:\/\/www.encontrabomretiro.com.br\/sobre\/"},{"@type":"Person","@id":"https:\/\/www.encontrabomretiro.com.br\/sobre\/author\/ebomretiro\/#author","url":"https:\/\/www.encontrabomretiro.com.br\/sobre\/author\/ebomretiro\/","name":"Encontra Bom Retiro","image":{"@type":"ImageObject","@id":"https:\/\/www.encontrabomretiro.com.br\/sobre\/bom-retiro-958-metros-em-cartaz\/#authorImage","url":"https:\/\/secure.gravatar.com\/avatar\/507340682b8270222e1f208e23198b6ae7e2c6a1033ae84e99bc6bce4f82a387?s=96&d=mm&r=g","width":96,"height":96,"caption":"Encontra Bom Retiro"}},{"@type":"WebPage","@id":"https:\/\/www.encontrabomretiro.com.br\/sobre\/bom-retiro-958-metros-em-cartaz\/#webpage","url":"https:\/\/www.encontrabomretiro.com.br\/sobre\/bom-retiro-958-metros-em-cartaz\/","name":"Bom Retiro 958 Metros em cartaz | Encontra Bom Retiro","description":"O Teatro da Vertigem percorre quase um quil\u00f4metro do Bom Retiro, mostrando personagens e caracter\u00edsticas do bairro, com suas rela\u00e7\u00f5es de trabalho e consumo e seu fluxo migrat\u00f3rio. G\u00eanero: Outros Dire\u00e7\u00e3o: Ant\u00f4nio Ara\u00fajo Com: Luciana Schwinden, Mawusi Tulani, Roberto Audio e outros Dura\u00e7\u00e3o: 110 minutos Classifica\u00e7\u00e3o: N\u00e3o recomendado para menores de 16 anos. Texto: Joca Reiners","inLanguage":"pt-BR","isPartOf":{"@id":"https:\/\/www.encontrabomretiro.com.br\/sobre\/#website"},"breadcrumb":{"@id":"https:\/\/www.encontrabomretiro.com.br\/sobre\/bom-retiro-958-metros-em-cartaz\/#breadcrumblist"},"author":{"@id":"https:\/\/www.encontrabomretiro.com.br\/sobre\/author\/ebomretiro\/#author"},"creator":{"@id":"https:\/\/www.encontrabomretiro.com.br\/sobre\/author\/ebomretiro\/#author"},"datePublished":"2012-08-17T13:00:05-02:00","dateModified":"2019-04-29T18:04:41-02:00"},{"@type":"WebSite","@id":"https:\/\/www.encontrabomretiro.com.br\/sobre\/#website","url":"https:\/\/www.encontrabomretiro.com.br\/sobre\/","name":"Encontra Bom Retiro","description":"Not\u00edcias, eventos, informa\u00e7\u00f5es e dicas no bairro do Bom Retiro e regi\u00e3o.","inLanguage":"pt-BR","publisher":{"@id":"https:\/\/www.encontrabomretiro.com.br\/sobre\/#organization"}}]},"og:locale":"pt_BR","og:site_name":"Encontra Bom Retiro | Not\u00edcias, eventos, informa\u00e7\u00f5es e dicas no bairro do Bom Retiro e regi\u00e3o.","og:type":"article","og:title":"Bom Retiro 958 Metros em cartaz | Encontra Bom Retiro","og:description":"O Teatro da Vertigem percorre quase um quil\u00f4metro do Bom Retiro, mostrando personagens e caracter\u00edsticas do bairro, com suas rela\u00e7\u00f5es de trabalho e consumo e seu fluxo migrat\u00f3rio. G\u00eanero: Outros Dire\u00e7\u00e3o: Ant\u00f4nio Ara\u00fajo Com: Luciana Schwinden, Mawusi Tulani, Roberto Audio e outros Dura\u00e7\u00e3o: 110 minutos Classifica\u00e7\u00e3o: N\u00e3o recomendado para menores de 16 anos. Texto: Joca Reiners","og:url":"https:\/\/www.encontrabomretiro.com.br\/sobre\/bom-retiro-958-metros-em-cartaz\/","article:published_time":"2012-08-17T15:00:05+00:00","article:modified_time":"2019-04-29T20:04:41+00:00","twitter:card":"summary_large_image","twitter:title":"Bom Retiro 958 Metros em cartaz | Encontra Bom Retiro","twitter:description":"O Teatro da Vertigem percorre quase um quil\u00f4metro do Bom Retiro, mostrando personagens e caracter\u00edsticas do bairro, com suas rela\u00e7\u00f5es de trabalho e consumo e seu fluxo migrat\u00f3rio. G\u00eanero: Outros Dire\u00e7\u00e3o: Ant\u00f4nio Ara\u00fajo Com: Luciana Schwinden, Mawusi Tulani, Roberto Audio e outros Dura\u00e7\u00e3o: 110 minutos Classifica\u00e7\u00e3o: N\u00e3o recomendado para menores de 16 anos. Texto: Joca Reiners"},"aioseo_meta_data":{"post_id":"423","title":null,"description":null,"keywords":null,"keyphrases":null,"primary_term":null,"canonical_url":null,"og_title":null,"og_description":null,"og_object_type":"default","og_image_type":"default","og_image_url":null,"og_image_width":null,"og_image_height":null,"og_image_custom_url":null,"og_image_custom_fields":null,"og_video":null,"og_custom_url":null,"og_article_section":null,"og_article_tags":null,"twitter_use_og":false,"twitter_card":"default","twitter_image_type":"default","twitter_image_url":null,"twitter_image_custom_url":null,"twitter_image_custom_fields":null,"twitter_title":null,"twitter_description":null,"schema":{"blockGraphs":[],"customGraphs":[],"default":{"data":{"Article":[],"Course":[],"Dataset":[],"FAQPage":[],"Movie":[],"Person":[],"Product":[],"ProductReview":[],"Car":[],"Recipe":[],"Service":[],"SoftwareApplication":[],"WebPage":[]},"graphName":"","isEnabled":true},"graphs":[]},"schema_type":"default","schema_type_options":null,"pillar_content":false,"robots_default":true,"robots_noindex":false,"robots_noarchive":false,"robots_nosnippet":false,"robots_nofollow":false,"robots_noimageindex":false,"robots_noodp":false,"robots_notranslate":false,"robots_max_snippet":null,"robots_max_videopreview":null,"robots_max_imagepreview":"large","priority":null,"frequency":null,"local_seo":null,"breadcrumb_settings":null,"limit_modified_date":false,"ai":null,"created":"2023-10-16 13:04:03","updated":"2025-10-03 14:02:15","focus_keyword":null,"additional_keywords":null,"truseo_locale":null,"seo_analyzer_scan_date":null},"aioseo_breadcrumb":"<div class=\"aioseo-breadcrumbs\"><span class=\"aioseo-breadcrumb\">\n\t\t\t<a href=\"https:\/\/www.encontrabomretiro.com.br\/sobre\" title=\"Dom\u00e9stica\">Dom\u00e9stica<\/a>\n\t\t<\/span><span class=\"aioseo-breadcrumb-separator\">&raquo;<\/span><span class=\"aioseo-breadcrumb\">\n\t\t\t<a href=\"https:\/\/www.encontrabomretiro.com.br\/sobre\/noticias-no-bom-retiro\/\" title=\"Not\u00edcias Bom Retiro\">Not\u00edcias Bom Retiro<\/a>\n\t\t<\/span><span class=\"aioseo-breadcrumb-separator\">&raquo;<\/span><span class=\"aioseo-breadcrumb\">\n\t\t\tBom Retiro 958 Metros em cartaz\n\t\t<\/span><\/div>","aioseo_breadcrumb_json":[{"label":"Dom\u00e9stica","link":"https:\/\/www.encontrabomretiro.com.br\/sobre"},{"label":"Not\u00edcias Bom Retiro","link":"https:\/\/www.encontrabomretiro.com.br\/sobre\/noticias-no-bom-retiro\/"},{"label":"Bom Retiro 958 Metros em cartaz","link":"https:\/\/www.encontrabomretiro.com.br\/sobre\/bom-retiro-958-metros-em-cartaz\/"}],"_links":{"self":[{"href":"https:\/\/www.encontrabomretiro.com.br\/sobre\/wp-json\/wp\/v2\/posts\/423","targetHints":{"allow":["GET"]}}],"collection":[{"href":"https:\/\/www.encontrabomretiro.com.br\/sobre\/wp-json\/wp\/v2\/posts"}],"about":[{"href":"https:\/\/www.encontrabomretiro.com.br\/sobre\/wp-json\/wp\/v2\/types\/post"}],"author":[{"embeddable":true,"href":"https:\/\/www.encontrabomretiro.com.br\/sobre\/wp-json\/wp\/v2\/users\/1"}],"replies":[{"embeddable":true,"href":"https:\/\/www.encontrabomretiro.com.br\/sobre\/wp-json\/wp\/v2\/comments?post=423"}],"version-history":[{"count":0,"href":"https:\/\/www.encontrabomretiro.com.br\/sobre\/wp-json\/wp\/v2\/posts\/423\/revisions"}],"wp:attachment":[{"href":"https:\/\/www.encontrabomretiro.com.br\/sobre\/wp-json\/wp\/v2\/media?parent=423"}],"wp:term":[{"taxonomy":"category","embeddable":true,"href":"https:\/\/www.encontrabomretiro.com.br\/sobre\/wp-json\/wp\/v2\/categories?post=423"},{"taxonomy":"post_tag","embeddable":true,"href":"https:\/\/www.encontrabomretiro.com.br\/sobre\/wp-json\/wp\/v2\/tags?post=423"}],"curies":[{"name":"wp","href":"https:\/\/api.w.org\/{rel}","templated":true}]}}