{"id":39,"date":"2010-11-19T18:12:14","date_gmt":"2010-11-19T20:12:14","guid":{"rendered":"http:\/\/www.encontrabomretiro.com.br\/noticias\/?p=39"},"modified":"2019-04-29T18:05:12","modified_gmt":"2019-04-29T20:05:12","slug":"bom-retiro-tera-ruas-interditadas-na-virada-esportiva","status":"publish","type":"post","link":"https:\/\/www.encontrabomretiro.com.br\/sobre\/bom-retiro-tera-ruas-interditadas-na-virada-esportiva\/","title":{"rendered":"Bom Retiro ter\u00e1 ruas interditadas na Virada Esportiva"},"content":{"rendered":"<div class=\"228b65ae207de3c5c501cfe75875708b\" data-index=\"1\" style=\"float: none; margin:0px;\">\n<!-- Anuncio display - global -->\r\n<ins class=\"adsbygoogle\"\r\n     style=\"display:block\"\r\n     data-ad-client=\"ca-pub-8585364105181520\"\r\n     data-ad-slot=\"8789329856\"\r\n     data-ad-format=\"auto\"\r\n     data-full-width-responsive=\"true\"><\/ins>\r\n<script>\r\n     (adsbygoogle = window.adsbygoogle || []).push({});\r\n<\/script>\n<\/div>\n<p>Diversas vias de S\u00e3o Paulo ser\u00e3o interditadas neste fim de semana para a  realiza\u00e7\u00e3o de eventos que fazem parte da Virada Esportiva 2010,  promovida pela Secretaria Municipal de Esporte, Lazer e Recrea\u00e7\u00e3o.<\/p>\n<p>Neste s\u00e1bado, 20, a Pra\u00e7a da Luz, entre o Viaduto General Couto de  Magalh\u00e3es e a Avenida Tiradentes, ser\u00e1 interditada \u00e0s 6 horas, apenas no  sentido bairro, e nos dois sentidos a partir das 11 horas, para a  realiza\u00e7\u00e3o do Kart no Centro, que acontecer\u00e1 das 22 horas de amanh\u00e3 \u00e0s 5  horas do domingo. A via seguir\u00e1 interditada at\u00e9 as 11 horas de domingo  para o desmonte da pista.<\/p>\n<p>A\u00a0Companhia de Engenharia de Tr\u00e1fego (CET) aconselha aos motoristas  que v\u00eam da Avenida Tiradentes com destino ao Bom Retiro a seguir pela  Rua Brigadeiro Tobias, retornando \u00e0 direita na Avenida Senador Queiroz e  Rua General Couto de Magalh\u00e3es at\u00e9 a Rua Prates. J\u00e1 os ve\u00edculos  provenientes da Rua General Couto de Magalh\u00e3es com destino \u00e0 Avenida  Tiradentes dever\u00e3o seguir pela Rua Prates at\u00e9 a Rua dos Bandeirantes,  depois retornar \u00e0 direita na Avenida Tiradentes.<\/p>\n<p>A Avenida Paulo VI, entre a Rua Capote Valente e a Pra\u00e7a M\u00e1rcia  Alibert Mammana, e a Avenida Sumar\u00e9, entre a Pra\u00e7a M\u00e1rcia Alibert  Mammana e a Rua Bartira, em Perdizes, ser\u00e3o interditadas das 6 horas \u00e0s  18 horas de domingo para a instala\u00e7\u00e3o de quadras e a realiza\u00e7\u00e3o de  diversos eventos da Virada Esportiva.<\/p>\n<p>Os ve\u00edculos que seguem em regi\u00e3o \u00e0 Barra Funda podem utilizar a  Avenida Sumar\u00e9, pegando \u00e0 direita na Rua Apinag\u00e9s, Avenida Professor  Alfonso Bovero, Rua Bruxelas, Avenida Doutor Arnaldo, Rua Cardeal Arco  Verde, seguindo at\u00e9 a Avenida Henrique Schaumann.<\/p>\n<p><em>Fonte:\u00a0 O Estado de S. Paulo<\/em><\/p>\n\n<div style=\"font-size: 0px; height: 0px; line-height: 0px; margin: 0; padding: 0; clear: both;\"><\/div>","protected":false},"excerpt":{"rendered":"<p>Diversas vias de S\u00e3o Paulo ser\u00e3o interditadas neste fim de semana para a realiza\u00e7\u00e3o de eventos que fazem parte da Virada Esportiva 2010, promovida pela Secretaria Municipal de Esporte, Lazer e Recrea\u00e7\u00e3o. Neste s\u00e1bado, 20, a Pra\u00e7a da Luz, entre o Viaduto General Couto de Magalh\u00e3es e a Avenida Tiradentes, ser\u00e1 interditada \u00e0s 6 horas, apenas no sentido bairro, e nos dois sentidos a partir das 11 horas, para a realiza\u00e7\u00e3o do Kart no Centro, que acontecer\u00e1 das 22 horas de amanh\u00e3 \u00e0s 5 horas do domingo. A via seguir\u00e1 interditada at\u00e9 as 11 horas de domingo para o desmonte <\/p>\n","protected":false},"author":1,"featured_media":0,"comment_status":"open","ping_status":"closed","sticky":false,"template":"","format":"standard","meta":{"footnotes":""},"categories":[6],"tags":[],"class_list":["post-39","post","type-post","status-publish","format-standard","hentry","category-noticias-no-bom-retiro"],"aioseo_notices":[],"_links":{"self":[{"href":"https:\/\/www.encontrabomretiro.com.br\/sobre\/wp-json\/wp\/v2\/posts\/39","targetHints":{"allow":["GET"]}}],"collection":[{"href":"https:\/\/www.encontrabomretiro.com.br\/sobre\/wp-json\/wp\/v2\/posts"}],"about":[{"href":"https:\/\/www.encontrabomretiro.com.br\/sobre\/wp-json\/wp\/v2\/types\/post"}],"author":[{"embeddable":true,"href":"https:\/\/www.encontrabomretiro.com.br\/sobre\/wp-json\/wp\/v2\/users\/1"}],"replies":[{"embeddable":true,"href":"https:\/\/www.encontrabomretiro.com.br\/sobre\/wp-json\/wp\/v2\/comments?post=39"}],"version-history":[{"count":0,"href":"https:\/\/www.encontrabomretiro.com.br\/sobre\/wp-json\/wp\/v2\/posts\/39\/revisions"}],"wp:attachment":[{"href":"https:\/\/www.encontrabomretiro.com.br\/sobre\/wp-json\/wp\/v2\/media?parent=39"}],"wp:term":[{"taxonomy":"category","embeddable":true,"href":"https:\/\/www.encontrabomretiro.com.br\/sobre\/wp-json\/wp\/v2\/categories?post=39"},{"taxonomy":"post_tag","embeddable":true,"href":"https:\/\/www.encontrabomretiro.com.br\/sobre\/wp-json\/wp\/v2\/tags?post=39"}],"curies":[{"name":"wp","href":"https:\/\/api.w.org\/{rel}","templated":true}]}}