{"id":355,"date":"2012-04-12T22:09:12","date_gmt":"2012-04-13T00:09:12","guid":{"rendered":"http:\/\/www.encontrabomretiro.com.br\/noticias\/?p=355"},"modified":"2019-04-29T18:04:42","modified_gmt":"2019-04-29T20:04:42","slug":"sesc-bom-retiro-recebe-tres-apresentacoes-de-mariana-aydar-neste-fim-de-semana","status":"publish","type":"post","link":"https:\/\/www.encontrabomretiro.com.br\/sobre\/sesc-bom-retiro-recebe-tres-apresentacoes-de-mariana-aydar-neste-fim-de-semana\/","title":{"rendered":"SESC Bom Retiro recebe tr\u00eas apresenta\u00e7\u00f5es de Mariana Aydar neste fim de semana"},"content":{"rendered":"<div class=\"228b65ae207de3c5c501cfe75875708b\" data-index=\"1\" style=\"float: none; margin:0px;\">\n<!-- Anuncio display - global -->\r\n<ins class=\"adsbygoogle\"\r\n     style=\"display:block\"\r\n     data-ad-client=\"ca-pub-8585364105181520\"\r\n     data-ad-slot=\"8789329856\"\r\n     data-ad-format=\"auto\"\r\n     data-full-width-responsive=\"true\"><\/ins>\r\n<script>\r\n     (adsbygoogle = window.adsbygoogle || []).push({});\r\n<\/script>\n<\/div>\n<p>Depois do\u00a0sucesso\u00a0da estreia no Audit\u00f3rio Ibirapuera,\u00a0Mariana Aydar\u00a0est\u00e1 de volta a S\u00e3o Paulo para tr\u00eas apresenta\u00e7\u00f5es do show \u201cCavaleiro Selvagem Aqui Te Sigo\u201d, no\u00a0SESC Bom Retiro\u00a0,\u00a0dias 13, 14 e 15 de abril.<\/p>\n<p>O repert\u00f3rio passeia pelas m\u00fasicas do novo CD como \u201c\u00a0<em>Cavaleiro Selvagem\u00a0<\/em>\u201d (Kavita\/Emicida), \u201c\u00a0<em>Galope Rasante\u00a0<\/em>\u201d (Z\u00e9 Ramalho) e \u201c\u00a0<em>N\u00e3o Foi em V\u00e3o\u00a0<\/em>\u201d (Thalma de Freitas) e as\u00a0autorais\u00a0\u201c\u00a0<em>Vinheta da Alegria\u00a0<\/em>\u201d e \u201c\u00a0<em>Solitude\u00a0<\/em>\u201d. Mas tamb\u00e9m presenteia o\u00a0p\u00fablico\u00a0com can\u00e7\u00f5es dos dois primeiros discos, que remetem ao universo Cavaleiro como o xote \u201c\u00a0<em>T\u00e1\u00a0<\/em>?\u201d (Roberta S\u00e1, Pedro Luis e Carlos Renn\u00f3), a\u00a0autoral\u00a0\u201c\u00a0<em>Palavras n\u00e3o Falam\u00a0<\/em>\u201d e a reflexiva \u201c\u00a0<em>Peixes\u00a0<\/em>\u201d (Nenung).<\/p>\n<p>Os m\u00fasicos que acompanham Mariana no palco s\u00e3o: Guilherme Held, na guitarra, Robinho, no baixo, Ricardo Prado, no teclado, Bruninho Marques, na bateria e Dalua, na percuss\u00e3o. O show conta tamb\u00e9m com uma naipe de metais para tocar os arranjos do Maestro Letieres Leite.<\/p>\n<p>O cen\u00e1rio \u00e9 feito por dois grandes artistas pl\u00e1sticos: Leandro Lima e Gisela Mota que tamb\u00e9m fizeram seus dois \u00faltimos clipes. A id\u00e9ia \u00e9 trazer, de uma forma abstrata, o clima de mist\u00e9rio e mata do cavaleiro selvagem para o palco em todos os aspectos \u2013 luz, figurino, cenario, ordem do show, etc.<\/p>\n<p>\u201cEsse disco foi meu \u00fanico CD gravado ao vivo, ent\u00e3o, ele agora estar\u00e1 no lugar dele\u201d, conta Mariana. \u201c\u00c9 onde eu gosto de estar: no palco. E ele foi concebido assim\u201d, completa.<\/p>\n<p><strong>SERVI\u00c7O<br \/>\n<\/strong><\/p>\n<p><strong>Show Mariana Aydar<br \/>\nLocal:\u00a0<\/strong><a href=\"http:\/\/www.encontrabomretiro.com.br\/bom-retiro\/sesc-bom-retiro.shtml\" target=\"_blank\">SESC Bom Retiro<\/a> (Alameda Nothman, 185 \u2013 Bom Retiro)<br \/>\n<strong>Data\u00a0<\/strong>: dias 13, 14 e 15 de abril \u2013 sexta, s\u00e1bado e domingo<br \/>\n<strong>Hor\u00e1rio:\u00a0<\/strong>Sexta, \u00e0s 20h \u2013 s\u00e1bado, \u00e0s 21h \u2013 domingo, \u00e0s 18h<\/p>\n<p><strong>Pre\u00e7o:\u00a0<\/strong><\/p>\n<p>&#8211; R$24(inteira),<br \/>\n&#8211; R$12 (usu\u00e1rios inscritos no SESC e dependentes, maiores de 60 anos, professores da rede p\u00fablica de ensino e estudantes)<br \/>\n&#8211; R$6 (trabalhador no com\u00e9rcio de benx, servi\u00e7oes e turismo matriculado no SESC e dependentes)<\/p>\n<p><strong>Dura\u00e7\u00e3o:\u00a0<\/strong>90 minutos (aproximadamente)<br \/>\n<strong>Classifica\u00e7\u00e3o Indicativa:\u00a0<\/strong>N\u00e3o recomendado para menores de 12 anos<\/p>\n\n<div style=\"font-size: 0px; height: 0px; line-height: 0px; margin: 0; padding: 0; clear: both;\"><\/div>","protected":false},"excerpt":{"rendered":"<p>Depois do\u00a0sucesso\u00a0da estreia no Audit\u00f3rio Ibirapuera,\u00a0Mariana Aydar\u00a0est\u00e1 de volta a S\u00e3o Paulo para tr\u00eas apresenta\u00e7\u00f5es do show \u201cCavaleiro Selvagem Aqui Te Sigo\u201d, no\u00a0SESC Bom Retiro\u00a0,\u00a0dias 13, 14 e 15 de abril. O repert\u00f3rio passeia pelas m\u00fasicas do novo CD como \u201c\u00a0Cavaleiro Selvagem\u00a0\u201d (Kavita\/Emicida), \u201c\u00a0Galope Rasante\u00a0\u201d (Z\u00e9 Ramalho) e \u201c\u00a0N\u00e3o Foi em V\u00e3o\u00a0\u201d (Thalma de Freitas) e as\u00a0autorais\u00a0\u201c\u00a0Vinheta da Alegria\u00a0\u201d e \u201c\u00a0Solitude\u00a0\u201d. Mas tamb\u00e9m presenteia o\u00a0p\u00fablico\u00a0com can\u00e7\u00f5es dos dois primeiros discos, que remetem ao universo Cavaleiro como o xote \u201c\u00a0T\u00e1\u00a0?\u201d (Roberta S\u00e1, Pedro Luis e Carlos Renn\u00f3), a\u00a0autoral\u00a0\u201c\u00a0Palavras n\u00e3o Falam\u00a0\u201d e a reflexiva \u201c\u00a0Peixes\u00a0\u201d (Nenung). Os m\u00fasicos que acompanham Mariana no <\/p>\n","protected":false},"author":1,"featured_media":0,"comment_status":"open","ping_status":"closed","sticky":false,"template":"","format":"standard","meta":{"footnotes":""},"categories":[9],"tags":[14],"class_list":["post-355","post","type-post","status-publish","format-standard","hentry","category-shows-no-bom-retiro","tag-bom-retiro"],"aioseo_notices":[],"_links":{"self":[{"href":"https:\/\/www.encontrabomretiro.com.br\/sobre\/wp-json\/wp\/v2\/posts\/355","targetHints":{"allow":["GET"]}}],"collection":[{"href":"https:\/\/www.encontrabomretiro.com.br\/sobre\/wp-json\/wp\/v2\/posts"}],"about":[{"href":"https:\/\/www.encontrabomretiro.com.br\/sobre\/wp-json\/wp\/v2\/types\/post"}],"author":[{"embeddable":true,"href":"https:\/\/www.encontrabomretiro.com.br\/sobre\/wp-json\/wp\/v2\/users\/1"}],"replies":[{"embeddable":true,"href":"https:\/\/www.encontrabomretiro.com.br\/sobre\/wp-json\/wp\/v2\/comments?post=355"}],"version-history":[{"count":0,"href":"https:\/\/www.encontrabomretiro.com.br\/sobre\/wp-json\/wp\/v2\/posts\/355\/revisions"}],"wp:attachment":[{"href":"https:\/\/www.encontrabomretiro.com.br\/sobre\/wp-json\/wp\/v2\/media?parent=355"}],"wp:term":[{"taxonomy":"category","embeddable":true,"href":"https:\/\/www.encontrabomretiro.com.br\/sobre\/wp-json\/wp\/v2\/categories?post=355"},{"taxonomy":"post_tag","embeddable":true,"href":"https:\/\/www.encontrabomretiro.com.br\/sobre\/wp-json\/wp\/v2\/tags?post=355"}],"curies":[{"name":"wp","href":"https:\/\/api.w.org\/{rel}","templated":true}]}}