{"id":3455,"date":"2026-09-03T04:22:47","date_gmt":"2026-09-03T06:22:47","guid":{"rendered":"https:\/\/www.encontrabomretiro.com.br\/sobre\/caua-sperling-e-eleito-o-barista-do-ano-no-especial-o-melhor-de-sao-paulo\/"},"modified":"2026-09-03T04:22:47","modified_gmt":"2026-09-03T06:22:47","slug":"caua-sperling-e-eleito-o-barista-do-ano-no-especial-o-melhor-de-sao-paulo","status":"publish","type":"post","link":"https:\/\/www.encontrabomretiro.com.br\/sobre\/caua-sperling-e-eleito-o-barista-do-ano-no-especial-o-melhor-de-sao-paulo\/","title":{"rendered":"Cau\u00e3 Sperling \u00e9 eleito o barista do ano no especial O Melhor de S\u00e3o Paulo"},"content":{"rendered":"<div class=\"228b65ae207de3c5c501cfe75875708b\" data-index=\"1\" style=\"float: none; margin:0px;\">\n<!-- Anuncio display - global -->\r\n<ins class=\"adsbygoogle\"\r\n     style=\"display:block\"\r\n     data-ad-client=\"ca-pub-8585364105181520\"\r\n     data-ad-slot=\"8789329856\"\r\n     data-ad-format=\"auto\"\r\n     data-full-width-responsive=\"true\"><\/ins>\r\n<script>\r\n     (adsbygoogle = window.adsbygoogle || []).push({});\r\n<\/script>\n<\/div>\n<h2>A Trajet\u00f3ria de Cau\u00e3 Sperling na Caf\u00e9 Cultura<\/h2>\n<p>Cau\u00e3 Sperling, um nome que se destaca no cen\u00e1rio do caf\u00e9 em S\u00e3o Paulo, possui uma trajet\u00f3ria singular no universo da cafeteria. Antes de entrar nesse emocionante campo, ele passou pela advocacia, carreira que deixou para atender sua verdadeira paix\u00e3o: o caf\u00e9. Sua habilidade em preparar bebidas e sua profunda compreens\u00e3o sobre o processo de torra s\u00e3o apenas algumas das caracter\u00edsticas que o definem como um barista excepcional.<\/p>\n<h2>Fora da Lei: A Cafeteria que Mudou Tudo<\/h2>\n<p>No cora\u00e7\u00e3o de S\u00e3o Paulo, Cau\u00e3 fundou a cafeteria <strong>Fora da Lei<\/strong>, que rapidamente se tornou um ponto de encontro para amantes do caf\u00e9. O nome reflete sua ruptura com a advocacia e a cria\u00e7\u00e3o de um espa\u00e7o onde a qualidade do caf\u00e9 \u00e9 a prioridade. A cafeteria oferece um ambiente acolhedor e \u00fanico, marcando sua presen\u00e7a no competitivo mercado gastron\u00f4mico da cidade.<\/p>\n<h2>Como um Barista se Torna uma Refer\u00eancia<\/h2>\n<p>Ser um barista de destaque envolve mais do que apenas habilidades t\u00e9cnicas. Para Cau\u00e3, a educa\u00e7\u00e3o e a forma\u00e7\u00e3o de uma equipe capacitada foram essenciais. Ele n\u00e3o apenas aperfei\u00e7oou seu of\u00edcio, mas tamb\u00e9m se dedicou a ensinar outras pessoas, espalhando seu conhecimento e paix\u00e3o pelo caf\u00e9. Essa abordagem coletiva \u00e9 fundamental para elevar os padr\u00f5es da cultura do caf\u00e9.<\/p>\n<p><img decoding=\"async\" src=\"https:\/\/www.encontrabomretiro.com.br\/sobre\/wp-content\/uploads\/2026\/09\/caua-sperling-e-eleito-o-barista-do-ano-no-especial-o-melhor-de-sao-paulo.webp\" alt=\"barista do ano\" loading=\"lazy\" \/><\/p>\n<h2>O Processo de Torra dos Gr\u00e3os<\/h2>\n<p>Um dos aspectos mais fascinantes do trabalho de Cau\u00e3 \u00e9 seu envolvimento na torra dos gr\u00e3os. N\u00e3o se trata apenas de um passo no processo de prepara\u00e7\u00e3o do caf\u00e9, mas de uma arte em si. O barista trabalha de perto com os gr\u00e3os, transformando-os em produto final que atende ao paladar exigente de seus clientes. Essa aten\u00e7\u00e3o aos detalhes, desde a sele\u00e7\u00e3o at\u00e9 a torra, resulta em uma experi\u00eancia \u00fanica para aqueles que visitam o Fora da Lei.<\/p>\n<h2>A Arte do Caf\u00e9: Mais que uma Bebida<\/h2>\n<p>Cau\u00e3 acredita que o caf\u00e9 \u00e9 uma forma de arte e express\u00e3o. Cada x\u00edcara que sai do balc\u00e3o representa esfor\u00e7o, dedica\u00e7\u00e3o e amor pelo que faz. O barista n\u00e3o apenas prepara o caf\u00e9; ele cria uma experi\u00eancia que envolve todos os sentidos. Ao interagir com os clientes, ele tamb\u00e9m compartilha hist\u00f3rias sobre a origem dos gr\u00e3os e m\u00e9todos de preparo, tornando cada visita uma experi\u00eancia enriquecedora.<\/p>\n<h2>Cau\u00e3 e Sua Equipe: Um Compromisso com a Qualidade<\/h2>\n<p>O sucesso do Fora da Lei \u00e9 resultado do trabalho em equipe. Cau\u00e3 dedicou tempo e recursos para treinar sua equipe e garantir que todos compartilhassem a mesma vis\u00e3o de excel\u00eancia. A cultura de colabora\u00e7\u00e3o e aprendizado cont\u00ednuo \u00e9 evidente no atendimento ao cliente e na qualidade das bebidas servidas, tornando o lugar um destino imperd\u00edvel para apreciadores de caf\u00e9.<\/p>\n<h2>Tend\u00eancias do Caf\u00e9 em S\u00e3o Paulo<\/h2>\n<p>A cada ano, novas tend\u00eancias emergem no mundo do caf\u00e9, e Cau\u00e3 est\u00e1 atento a essas mudan\u00e7as. Atualmente, o interesse por m\u00e9todos de preparo alternativos, como o m\u00e9todo de imers\u00e3o e frio, est\u00e1 crescendo. Al\u00e9m disso, op\u00e7\u00f5es sustent\u00e1veis e foco em gr\u00e3os de origem \u00fanica s\u00e3o cada vez mais valorizados. O barista se adapta a essas tend\u00eancias, sempre buscando oferecer novas experi\u00eancias aos seus clientes.<\/p>\n<h2>Desafios e Supera\u00e7\u00f5es Durante a Pandemia<\/h2>\n<p>A pandemia trouxe desafios imprevis\u00edveis para o setor de alimentos e bebidas, e o Fora da Lei n\u00e3o foi exce\u00e7\u00e3o. Com o fechamento tempor\u00e1rio das portas, Cau\u00e3 utilizou este tempo para explorar ainda mais o mundo do caf\u00e9 e investir em sua forma\u00e7\u00e3o profissional. Ele tamb\u00e9m implementou um sistema de vendas online durante a quarentena, permitindo que as pessoas continuassem a desfrutar de caf\u00e9 de qualidade no conforto de suas casas.<\/p>\n<h2>Preparando o Caf\u00e9 Perfeito: Dicas do Barista<\/h2>\n<p>Cau\u00e3 compartilha algumas dicas essenciais para aqueles que desejam recriar a magia do caf\u00e9 em casa. Escolha gr\u00e3os frescos, utilize \u00e1gua filtrada e ajuste a moagem de acordo com o m\u00e9todo de preparo. A temperatura da \u00e1gua e o tempo de extra\u00e7\u00e3o tamb\u00e9m s\u00e3o fatores cruciais para garantir uma x\u00edcara perfeita. Cada detalhe conta para criar uma experi\u00eancia de caf\u00e9 de qualidade.<\/p>\n<h2>O Futuro do Caf\u00e9 em S\u00e3o Paulo<\/h2>\n<p>\u00c0 medida que a cultura do caf\u00e9 evolui, Cau\u00e3 Sperling continua a ser uma for\u00e7a inovadora no cen\u00e1rio. Sua dedica\u00e7\u00e3o \u00e0 arte da prepara\u00e7\u00e3o do caf\u00e9 e seu enfoque na educa\u00e7\u00e3o e na qualidade o posicionaram como uma refer\u00eancia no setor. O futuro do caf\u00e9 em S\u00e3o Paulo parece promissor, com baristas como Cau\u00e3 liderando a charge por um caf\u00e9 de excel\u00eancia que encanta a todos.<\/p>\n\n<div style=\"font-size: 0px; height: 0px; line-height: 0px; margin: 0; padding: 0; clear: both;\"><\/div>","protected":false},"excerpt":{"rendered":"<p>Cau\u00e3 Sperling \u00e9 o barista do ano e transforma o cen\u00e1rio do caf\u00e9 em S\u00e3o Paulo.<\/p>\n","protected":false},"author":1,"featured_media":3454,"comment_status":"open","ping_status":"closed","sticky":false,"template":"","format":"standard","meta":{"footnotes":""},"categories":[25],"tags":[],"class_list":["post-3455","post","type-post","status-publish","format-standard","has-post-thumbnail","hentry","category-lugares-para-beber-bom-retiro","has_thumb"],"aioseo_notices":[],"aioseo_head":"\n\t\t<!-- All in One SEO 5.0.0.1 - aioseo.com -->\n\t<meta name=\"description\" content=\"Cau\u00e3 Sperling \u00e9 o barista do ano e transforma o cen\u00e1rio do caf\u00e9 em S\u00e3o Paulo.\" \/>\n\t<meta name=\"robots\" content=\"max-image-preview:large\" \/>\n\t<meta name=\"author\" content=\"Encontra Bom Retiro\"\/>\n\t<link rel=\"canonical\" href=\"https:\/\/www.encontrabomretiro.com.br\/sobre\/caua-sperling-e-eleito-o-barista-do-ano-no-especial-o-melhor-de-sao-paulo\/\" \/>\n\t<meta name=\"generator\" content=\"All in One SEO (AIOSEO) 5.0.0.1\" \/>\n\t\t<meta property=\"og:locale\" content=\"pt_BR\" \/>\n\t\t<meta property=\"og:site_name\" content=\"Encontra Bom Retiro | Not\u00edcias, eventos, informa\u00e7\u00f5es e dicas no bairro do Bom Retiro e regi\u00e3o.\" \/>\n\t\t<meta property=\"og:type\" content=\"article\" \/>\n\t\t<meta property=\"og:title\" content=\"Cau\u00e3 Sperling \u00e9 eleito o barista do ano no especial O Melhor de S\u00e3o Paulo | Encontra Bom Retiro\" \/>\n\t\t<meta property=\"og:description\" content=\"Cau\u00e3 Sperling \u00e9 o barista do ano e transforma o cen\u00e1rio do caf\u00e9 em S\u00e3o Paulo.\" \/>\n\t\t<meta property=\"og:url\" content=\"https:\/\/www.encontrabomretiro.com.br\/sobre\/caua-sperling-e-eleito-o-barista-do-ano-no-especial-o-melhor-de-sao-paulo\/\" \/>\n\t\t<meta property=\"article:published_time\" content=\"2026-09-03T06:22:47+00:00\" \/>\n\t\t<meta property=\"article:modified_time\" content=\"2026-09-03T06:22:47+00:00\" \/>\n\t\t<meta name=\"twitter:card\" content=\"summary_large_image\" \/>\n\t\t<meta name=\"twitter:title\" content=\"Cau\u00e3 Sperling \u00e9 eleito o barista do ano no especial O Melhor de S\u00e3o Paulo | Encontra Bom Retiro\" \/>\n\t\t<meta name=\"twitter:description\" content=\"Cau\u00e3 Sperling \u00e9 o barista do ano e transforma o cen\u00e1rio do caf\u00e9 em S\u00e3o Paulo.\" \/>\n\t\t<script type=\"application\/ld+json\" class=\"aioseo-schema\">\n\t\t\t{\"@context\":\"https:\\\/\\\/schema.org\",\"@graph\":[{\"@type\":\"Article\",\"@id\":\"https:\\\/\\\/www.encontrabomretiro.com.br\\\/sobre\\\/caua-sperling-e-eleito-o-barista-do-ano-no-especial-o-melhor-de-sao-paulo\\\/#article\",\"name\":\"Cau\\u00e3 Sperling \\u00e9 eleito o barista do ano no especial O Melhor de S\\u00e3o Paulo | Encontra Bom Retiro\",\"headline\":\"Cau\\u00e3 Sperling \\u00e9 eleito o barista do ano no especial O Melhor de S\\u00e3o Paulo\",\"author\":{\"@id\":\"https:\\\/\\\/www.encontrabomretiro.com.br\\\/sobre\\\/author\\\/ebomretiro\\\/#author\"},\"publisher\":{\"@id\":\"https:\\\/\\\/www.encontrabomretiro.com.br\\\/sobre\\\/#organization\"},\"image\":{\"@type\":\"ImageObject\",\"url\":\"https:\\\/\\\/www.encontrabomretiro.com.br\\\/sobre\\\/wp-content\\\/uploads\\\/2026\\\/09\\\/caua-sperling-e-eleito-o-barista-do-ano-no-especial-o-melhor-de-sao-paulo.webp\",\"width\":280,\"height\":280,\"caption\":\"barista do ano\"},\"datePublished\":\"2026-09-03T04:22:47-02:00\",\"dateModified\":\"2026-09-03T04:22:47-02:00\",\"inLanguage\":\"pt-BR\",\"mainEntityOfPage\":{\"@id\":\"https:\\\/\\\/www.encontrabomretiro.com.br\\\/sobre\\\/caua-sperling-e-eleito-o-barista-do-ano-no-especial-o-melhor-de-sao-paulo\\\/#webpage\"},\"isPartOf\":{\"@id\":\"https:\\\/\\\/www.encontrabomretiro.com.br\\\/sobre\\\/caua-sperling-e-eleito-o-barista-do-ano-no-especial-o-melhor-de-sao-paulo\\\/#webpage\"},\"articleSection\":\"Lugares para Beber Bom Retiro\"},{\"@type\":\"BreadcrumbList\",\"@id\":\"https:\\\/\\\/www.encontrabomretiro.com.br\\\/sobre\\\/caua-sperling-e-eleito-o-barista-do-ano-no-especial-o-melhor-de-sao-paulo\\\/#breadcrumblist\",\"itemListElement\":[{\"@type\":\"ListItem\",\"@id\":\"https:\\\/\\\/www.encontrabomretiro.com.br\\\/sobre#listItem\",\"position\":1,\"name\":\"Dom\\u00e9stica\",\"item\":\"https:\\\/\\\/www.encontrabomretiro.com.br\\\/sobre\",\"nextItem\":{\"@type\":\"ListItem\",\"@id\":\"https:\\\/\\\/www.encontrabomretiro.com.br\\\/sobre\\\/lugares-para-beber-bom-retiro\\\/#listItem\",\"name\":\"Lugares para Beber Bom Retiro\"}},{\"@type\":\"ListItem\",\"@id\":\"https:\\\/\\\/www.encontrabomretiro.com.br\\\/sobre\\\/lugares-para-beber-bom-retiro\\\/#listItem\",\"position\":2,\"name\":\"Lugares para Beber Bom Retiro\",\"item\":\"https:\\\/\\\/www.encontrabomretiro.com.br\\\/sobre\\\/lugares-para-beber-bom-retiro\\\/\",\"nextItem\":{\"@type\":\"ListItem\",\"@id\":\"https:\\\/\\\/www.encontrabomretiro.com.br\\\/sobre\\\/caua-sperling-e-eleito-o-barista-do-ano-no-especial-o-melhor-de-sao-paulo\\\/#listItem\",\"name\":\"Cau\\u00e3 Sperling \\u00e9 eleito o barista do ano no especial O Melhor de S\\u00e3o Paulo\"},\"previousItem\":{\"@type\":\"ListItem\",\"@id\":\"https:\\\/\\\/www.encontrabomretiro.com.br\\\/sobre#listItem\",\"name\":\"Dom\\u00e9stica\"}},{\"@type\":\"ListItem\",\"@id\":\"https:\\\/\\\/www.encontrabomretiro.com.br\\\/sobre\\\/caua-sperling-e-eleito-o-barista-do-ano-no-especial-o-melhor-de-sao-paulo\\\/#listItem\",\"position\":3,\"name\":\"Cau\\u00e3 Sperling \\u00e9 eleito o barista do ano no especial O Melhor de S\\u00e3o Paulo\",\"previousItem\":{\"@type\":\"ListItem\",\"@id\":\"https:\\\/\\\/www.encontrabomretiro.com.br\\\/sobre\\\/lugares-para-beber-bom-retiro\\\/#listItem\",\"name\":\"Lugares para Beber Bom Retiro\"}}]},{\"@type\":\"Organization\",\"@id\":\"https:\\\/\\\/www.encontrabomretiro.com.br\\\/sobre\\\/#organization\",\"name\":\"Encontra Bom Retiro\",\"description\":\"Not\\u00edcias, eventos, informa\\u00e7\\u00f5es e dicas no bairro do Bom Retiro e regi\\u00e3o.\",\"url\":\"https:\\\/\\\/www.encontrabomretiro.com.br\\\/sobre\\\/\"},{\"@type\":\"Person\",\"@id\":\"https:\\\/\\\/www.encontrabomretiro.com.br\\\/sobre\\\/author\\\/ebomretiro\\\/#author\",\"url\":\"https:\\\/\\\/www.encontrabomretiro.com.br\\\/sobre\\\/author\\\/ebomretiro\\\/\",\"name\":\"Encontra Bom Retiro\",\"image\":{\"@type\":\"ImageObject\",\"@id\":\"https:\\\/\\\/www.encontrabomretiro.com.br\\\/sobre\\\/caua-sperling-e-eleito-o-barista-do-ano-no-especial-o-melhor-de-sao-paulo\\\/#authorImage\",\"url\":\"https:\\\/\\\/secure.gravatar.com\\\/avatar\\\/507340682b8270222e1f208e23198b6ae7e2c6a1033ae84e99bc6bce4f82a387?s=96&d=mm&r=g\",\"width\":96,\"height\":96,\"caption\":\"Encontra Bom Retiro\"}},{\"@type\":\"WebPage\",\"@id\":\"https:\\\/\\\/www.encontrabomretiro.com.br\\\/sobre\\\/caua-sperling-e-eleito-o-barista-do-ano-no-especial-o-melhor-de-sao-paulo\\\/#webpage\",\"url\":\"https:\\\/\\\/www.encontrabomretiro.com.br\\\/sobre\\\/caua-sperling-e-eleito-o-barista-do-ano-no-especial-o-melhor-de-sao-paulo\\\/\",\"name\":\"Cau\\u00e3 Sperling \\u00e9 eleito o barista do ano no especial O Melhor de S\\u00e3o Paulo | Encontra Bom Retiro\",\"description\":\"Cau\\u00e3 Sperling \\u00e9 o barista do ano e transforma o cen\\u00e1rio do caf\\u00e9 em S\\u00e3o Paulo.\",\"inLanguage\":\"pt-BR\",\"isPartOf\":{\"@id\":\"https:\\\/\\\/www.encontrabomretiro.com.br\\\/sobre\\\/#website\"},\"breadcrumb\":{\"@id\":\"https:\\\/\\\/www.encontrabomretiro.com.br\\\/sobre\\\/caua-sperling-e-eleito-o-barista-do-ano-no-especial-o-melhor-de-sao-paulo\\\/#breadcrumblist\"},\"author\":{\"@id\":\"https:\\\/\\\/www.encontrabomretiro.com.br\\\/sobre\\\/author\\\/ebomretiro\\\/#author\"},\"creator\":{\"@id\":\"https:\\\/\\\/www.encontrabomretiro.com.br\\\/sobre\\\/author\\\/ebomretiro\\\/#author\"},\"image\":{\"@type\":\"ImageObject\",\"url\":\"https:\\\/\\\/www.encontrabomretiro.com.br\\\/sobre\\\/wp-content\\\/uploads\\\/2026\\\/09\\\/caua-sperling-e-eleito-o-barista-do-ano-no-especial-o-melhor-de-sao-paulo.webp\",\"@id\":\"https:\\\/\\\/www.encontrabomretiro.com.br\\\/sobre\\\/caua-sperling-e-eleito-o-barista-do-ano-no-especial-o-melhor-de-sao-paulo\\\/#mainImage\",\"width\":280,\"height\":280,\"caption\":\"barista do ano\"},\"primaryImageOfPage\":{\"@id\":\"https:\\\/\\\/www.encontrabomretiro.com.br\\\/sobre\\\/caua-sperling-e-eleito-o-barista-do-ano-no-especial-o-melhor-de-sao-paulo\\\/#mainImage\"},\"datePublished\":\"2026-09-03T04:22:47-02:00\",\"dateModified\":\"2026-09-03T04:22:47-02:00\"},{\"@type\":\"WebSite\",\"@id\":\"https:\\\/\\\/www.encontrabomretiro.com.br\\\/sobre\\\/#website\",\"url\":\"https:\\\/\\\/www.encontrabomretiro.com.br\\\/sobre\\\/\",\"name\":\"Encontra Bom Retiro\",\"description\":\"Not\\u00edcias, eventos, informa\\u00e7\\u00f5es e dicas no bairro do Bom Retiro e regi\\u00e3o.\",\"inLanguage\":\"pt-BR\",\"publisher\":{\"@id\":\"https:\\\/\\\/www.encontrabomretiro.com.br\\\/sobre\\\/#organization\"}}]}\n\t\t<\/script>\n\t\t<!-- All in One SEO -->\n\n","aioseo_head_json":{"title":"Cau\u00e3 Sperling \u00e9 eleito o barista do ano no especial O Melhor de S\u00e3o Paulo | Encontra Bom Retiro","description":"Cau\u00e3 Sperling \u00e9 o barista do ano e transforma o cen\u00e1rio do caf\u00e9 em S\u00e3o Paulo.","canonical_url":"https:\/\/www.encontrabomretiro.com.br\/sobre\/caua-sperling-e-eleito-o-barista-do-ano-no-especial-o-melhor-de-sao-paulo\/","robots":"max-image-preview:large","keywords":"","webmasterTools":{"miscellaneous":""},"schema":{"@context":"https:\/\/schema.org","@graph":[{"@type":"Article","@id":"https:\/\/www.encontrabomretiro.com.br\/sobre\/caua-sperling-e-eleito-o-barista-do-ano-no-especial-o-melhor-de-sao-paulo\/#article","name":"Cau\u00e3 Sperling \u00e9 eleito o barista do ano no especial O Melhor de S\u00e3o Paulo | Encontra Bom Retiro","headline":"Cau\u00e3 Sperling \u00e9 eleito o barista do ano no especial O Melhor de S\u00e3o Paulo","author":{"@id":"https:\/\/www.encontrabomretiro.com.br\/sobre\/author\/ebomretiro\/#author"},"publisher":{"@id":"https:\/\/www.encontrabomretiro.com.br\/sobre\/#organization"},"image":{"@type":"ImageObject","url":"https:\/\/www.encontrabomretiro.com.br\/sobre\/wp-content\/uploads\/2026\/09\/caua-sperling-e-eleito-o-barista-do-ano-no-especial-o-melhor-de-sao-paulo.webp","width":280,"height":280,"caption":"barista do ano"},"datePublished":"2026-09-03T04:22:47-02:00","dateModified":"2026-09-03T04:22:47-02:00","inLanguage":"pt-BR","mainEntityOfPage":{"@id":"https:\/\/www.encontrabomretiro.com.br\/sobre\/caua-sperling-e-eleito-o-barista-do-ano-no-especial-o-melhor-de-sao-paulo\/#webpage"},"isPartOf":{"@id":"https:\/\/www.encontrabomretiro.com.br\/sobre\/caua-sperling-e-eleito-o-barista-do-ano-no-especial-o-melhor-de-sao-paulo\/#webpage"},"articleSection":"Lugares para Beber Bom Retiro"},{"@type":"BreadcrumbList","@id":"https:\/\/www.encontrabomretiro.com.br\/sobre\/caua-sperling-e-eleito-o-barista-do-ano-no-especial-o-melhor-de-sao-paulo\/#breadcrumblist","itemListElement":[{"@type":"ListItem","@id":"https:\/\/www.encontrabomretiro.com.br\/sobre#listItem","position":1,"name":"Dom\u00e9stica","item":"https:\/\/www.encontrabomretiro.com.br\/sobre","nextItem":{"@type":"ListItem","@id":"https:\/\/www.encontrabomretiro.com.br\/sobre\/lugares-para-beber-bom-retiro\/#listItem","name":"Lugares para Beber Bom Retiro"}},{"@type":"ListItem","@id":"https:\/\/www.encontrabomretiro.com.br\/sobre\/lugares-para-beber-bom-retiro\/#listItem","position":2,"name":"Lugares para Beber Bom Retiro","item":"https:\/\/www.encontrabomretiro.com.br\/sobre\/lugares-para-beber-bom-retiro\/","nextItem":{"@type":"ListItem","@id":"https:\/\/www.encontrabomretiro.com.br\/sobre\/caua-sperling-e-eleito-o-barista-do-ano-no-especial-o-melhor-de-sao-paulo\/#listItem","name":"Cau\u00e3 Sperling \u00e9 eleito o barista do ano no especial O Melhor de S\u00e3o Paulo"},"previousItem":{"@type":"ListItem","@id":"https:\/\/www.encontrabomretiro.com.br\/sobre#listItem","name":"Dom\u00e9stica"}},{"@type":"ListItem","@id":"https:\/\/www.encontrabomretiro.com.br\/sobre\/caua-sperling-e-eleito-o-barista-do-ano-no-especial-o-melhor-de-sao-paulo\/#listItem","position":3,"name":"Cau\u00e3 Sperling \u00e9 eleito o barista do ano no especial O Melhor de S\u00e3o Paulo","previousItem":{"@type":"ListItem","@id":"https:\/\/www.encontrabomretiro.com.br\/sobre\/lugares-para-beber-bom-retiro\/#listItem","name":"Lugares para Beber Bom Retiro"}}]},{"@type":"Organization","@id":"https:\/\/www.encontrabomretiro.com.br\/sobre\/#organization","name":"Encontra Bom Retiro","description":"Not\u00edcias, eventos, informa\u00e7\u00f5es e dicas no bairro do Bom Retiro e regi\u00e3o.","url":"https:\/\/www.encontrabomretiro.com.br\/sobre\/"},{"@type":"Person","@id":"https:\/\/www.encontrabomretiro.com.br\/sobre\/author\/ebomretiro\/#author","url":"https:\/\/www.encontrabomretiro.com.br\/sobre\/author\/ebomretiro\/","name":"Encontra Bom Retiro","image":{"@type":"ImageObject","@id":"https:\/\/www.encontrabomretiro.com.br\/sobre\/caua-sperling-e-eleito-o-barista-do-ano-no-especial-o-melhor-de-sao-paulo\/#authorImage","url":"https:\/\/secure.gravatar.com\/avatar\/507340682b8270222e1f208e23198b6ae7e2c6a1033ae84e99bc6bce4f82a387?s=96&d=mm&r=g","width":96,"height":96,"caption":"Encontra Bom Retiro"}},{"@type":"WebPage","@id":"https:\/\/www.encontrabomretiro.com.br\/sobre\/caua-sperling-e-eleito-o-barista-do-ano-no-especial-o-melhor-de-sao-paulo\/#webpage","url":"https:\/\/www.encontrabomretiro.com.br\/sobre\/caua-sperling-e-eleito-o-barista-do-ano-no-especial-o-melhor-de-sao-paulo\/","name":"Cau\u00e3 Sperling \u00e9 eleito o barista do ano no especial O Melhor de S\u00e3o Paulo | Encontra Bom Retiro","description":"Cau\u00e3 Sperling \u00e9 o barista do ano e transforma o cen\u00e1rio do caf\u00e9 em S\u00e3o Paulo.","inLanguage":"pt-BR","isPartOf":{"@id":"https:\/\/www.encontrabomretiro.com.br\/sobre\/#website"},"breadcrumb":{"@id":"https:\/\/www.encontrabomretiro.com.br\/sobre\/caua-sperling-e-eleito-o-barista-do-ano-no-especial-o-melhor-de-sao-paulo\/#breadcrumblist"},"author":{"@id":"https:\/\/www.encontrabomretiro.com.br\/sobre\/author\/ebomretiro\/#author"},"creator":{"@id":"https:\/\/www.encontrabomretiro.com.br\/sobre\/author\/ebomretiro\/#author"},"image":{"@type":"ImageObject","url":"https:\/\/www.encontrabomretiro.com.br\/sobre\/wp-content\/uploads\/2026\/09\/caua-sperling-e-eleito-o-barista-do-ano-no-especial-o-melhor-de-sao-paulo.webp","@id":"https:\/\/www.encontrabomretiro.com.br\/sobre\/caua-sperling-e-eleito-o-barista-do-ano-no-especial-o-melhor-de-sao-paulo\/#mainImage","width":280,"height":280,"caption":"barista do ano"},"primaryImageOfPage":{"@id":"https:\/\/www.encontrabomretiro.com.br\/sobre\/caua-sperling-e-eleito-o-barista-do-ano-no-especial-o-melhor-de-sao-paulo\/#mainImage"},"datePublished":"2026-09-03T04:22:47-02:00","dateModified":"2026-09-03T04:22:47-02:00"},{"@type":"WebSite","@id":"https:\/\/www.encontrabomretiro.com.br\/sobre\/#website","url":"https:\/\/www.encontrabomretiro.com.br\/sobre\/","name":"Encontra Bom Retiro","description":"Not\u00edcias, eventos, informa\u00e7\u00f5es e dicas no bairro do Bom Retiro e regi\u00e3o.","inLanguage":"pt-BR","publisher":{"@id":"https:\/\/www.encontrabomretiro.com.br\/sobre\/#organization"}}]},"og:locale":"pt_BR","og:site_name":"Encontra Bom Retiro | Not\u00edcias, eventos, informa\u00e7\u00f5es e dicas no bairro do Bom Retiro e regi\u00e3o.","og:type":"article","og:title":"Cau\u00e3 Sperling \u00e9 eleito o barista do ano no especial O Melhor de S\u00e3o Paulo | Encontra Bom Retiro","og:description":"Cau\u00e3 Sperling \u00e9 o barista do ano e transforma o cen\u00e1rio do caf\u00e9 em S\u00e3o Paulo.","og:url":"https:\/\/www.encontrabomretiro.com.br\/sobre\/caua-sperling-e-eleito-o-barista-do-ano-no-especial-o-melhor-de-sao-paulo\/","article:published_time":"2026-09-03T06:22:47+00:00","article:modified_time":"2026-09-03T06:22:47+00:00","twitter:card":"summary_large_image","twitter:title":"Cau\u00e3 Sperling \u00e9 eleito o barista do ano no especial O Melhor de S\u00e3o Paulo | Encontra Bom Retiro","twitter:description":"Cau\u00e3 Sperling \u00e9 o barista do ano e transforma o cen\u00e1rio do caf\u00e9 em S\u00e3o Paulo."},"aioseo_meta_data":{"post_id":"3455","title":null,"description":null,"keywords":null,"keyphrases":null,"primary_term":null,"canonical_url":null,"og_title":null,"og_description":null,"og_object_type":"default","og_image_type":"default","og_image_url":null,"og_image_width":null,"og_image_height":null,"og_image_custom_url":null,"og_image_custom_fields":null,"og_video":null,"og_custom_url":null,"og_article_section":null,"og_article_tags":null,"twitter_use_og":false,"twitter_card":"default","twitter_image_type":"default","twitter_image_url":null,"twitter_image_custom_url":null,"twitter_image_custom_fields":null,"twitter_title":null,"twitter_description":null,"schema":{"blockGraphs":[],"customGraphs":[],"default":{"data":{"Article":[],"Course":[],"Dataset":[],"FAQPage":[],"Movie":[],"Person":[],"Product":[],"ProductReview":[],"Car":[],"Recipe":[],"Service":[],"SoftwareApplication":[],"WebPage":[]},"graphName":"Article","isEnabled":true},"graphs":[]},"schema_type":"default","schema_type_options":null,"pillar_content":false,"robots_default":true,"robots_noindex":false,"robots_noarchive":false,"robots_nosnippet":false,"robots_nofollow":false,"robots_noimageindex":false,"robots_noodp":false,"robots_notranslate":false,"robots_max_snippet":null,"robots_max_videopreview":null,"robots_max_imagepreview":"large","priority":null,"frequency":null,"local_seo":null,"breadcrumb_settings":null,"limit_modified_date":false,"ai":null,"created":"2026-09-03 06:22:47","updated":"2026-09-03 07:16:52","focus_keyword":null,"additional_keywords":null,"truseo_locale":null,"seo_analyzer_scan_date":null},"aioseo_breadcrumb":"<div class=\"aioseo-breadcrumbs\"><span class=\"aioseo-breadcrumb\">\n\t\t\t<a href=\"https:\/\/www.encontrabomretiro.com.br\/sobre\" title=\"Dom\u00e9stica\">Dom\u00e9stica<\/a>\n\t\t<\/span><span class=\"aioseo-breadcrumb-separator\">&raquo;<\/span><span class=\"aioseo-breadcrumb\">\n\t\t\t<a href=\"https:\/\/www.encontrabomretiro.com.br\/sobre\/lugares-para-beber-bom-retiro\/\" title=\"Lugares para Beber Bom Retiro\">Lugares para Beber Bom Retiro<\/a>\n\t\t<\/span><span class=\"aioseo-breadcrumb-separator\">&raquo;<\/span><span class=\"aioseo-breadcrumb\">\n\t\t\tCau\u00e3 Sperling \u00e9 eleito o barista do ano no especial O Melhor de S\u00e3o Paulo\n\t\t<\/span><\/div>","aioseo_breadcrumb_json":[{"label":"Dom\u00e9stica","link":"https:\/\/www.encontrabomretiro.com.br\/sobre"},{"label":"Lugares para Beber Bom Retiro","link":"https:\/\/www.encontrabomretiro.com.br\/sobre\/lugares-para-beber-bom-retiro\/"},{"label":"Cau\u00e3 Sperling \u00e9 eleito o barista do ano no especial O Melhor de S\u00e3o Paulo","link":"https:\/\/www.encontrabomretiro.com.br\/sobre\/caua-sperling-e-eleito-o-barista-do-ano-no-especial-o-melhor-de-sao-paulo\/"}],"_links":{"self":[{"href":"https:\/\/www.encontrabomretiro.com.br\/sobre\/wp-json\/wp\/v2\/posts\/3455","targetHints":{"allow":["GET"]}}],"collection":[{"href":"https:\/\/www.encontrabomretiro.com.br\/sobre\/wp-json\/wp\/v2\/posts"}],"about":[{"href":"https:\/\/www.encontrabomretiro.com.br\/sobre\/wp-json\/wp\/v2\/types\/post"}],"author":[{"embeddable":true,"href":"https:\/\/www.encontrabomretiro.com.br\/sobre\/wp-json\/wp\/v2\/users\/1"}],"replies":[{"embeddable":true,"href":"https:\/\/www.encontrabomretiro.com.br\/sobre\/wp-json\/wp\/v2\/comments?post=3455"}],"version-history":[{"count":0,"href":"https:\/\/www.encontrabomretiro.com.br\/sobre\/wp-json\/wp\/v2\/posts\/3455\/revisions"}],"wp:featuredmedia":[{"embeddable":true,"href":"https:\/\/www.encontrabomretiro.com.br\/sobre\/wp-json\/wp\/v2\/media\/3454"}],"wp:attachment":[{"href":"https:\/\/www.encontrabomretiro.com.br\/sobre\/wp-json\/wp\/v2\/media?parent=3455"}],"wp:term":[{"taxonomy":"category","embeddable":true,"href":"https:\/\/www.encontrabomretiro.com.br\/sobre\/wp-json\/wp\/v2\/categories?post=3455"},{"taxonomy":"post_tag","embeddable":true,"href":"https:\/\/www.encontrabomretiro.com.br\/sobre\/wp-json\/wp\/v2\/tags?post=3455"}],"curies":[{"name":"wp","href":"https:\/\/api.w.org\/{rel}","templated":true}]}}