{"id":3451,"date":"2026-09-02T04:21:33","date_gmt":"2026-09-02T06:21:33","guid":{"rendered":"https:\/\/www.encontrabomretiro.com.br\/sobre\/diogo-granato-estreia-sui-generis-espetaculo-solo-no-sesc-bom-retiro-em-apenas-duas-apresentacoes\/"},"modified":"2026-09-02T04:21:33","modified_gmt":"2026-09-02T06:21:33","slug":"diogo-granato-estreia-sui-generis-espetaculo-solo-no-sesc-bom-retiro-em-apenas-duas-apresentacoes","status":"publish","type":"post","link":"https:\/\/www.encontrabomretiro.com.br\/sobre\/diogo-granato-estreia-sui-generis-espetaculo-solo-no-sesc-bom-retiro-em-apenas-duas-apresentacoes\/","title":{"rendered":"Diogo Granato estreia \u201cSui Generis\u201d, espet\u00e1culo solo no Sesc Bom Retiro, em apenas duas apresenta\u00e7\u00f5es"},"content":{"rendered":"<div class=\"228b65ae207de3c5c501cfe75875708b\" data-index=\"1\" style=\"float: none; margin:0px;\">\n<!-- Anuncio display - global -->\r\n<ins class=\"adsbygoogle\"\r\n     style=\"display:block\"\r\n     data-ad-client=\"ca-pub-8585364105181520\"\r\n     data-ad-slot=\"8789329856\"\r\n     data-ad-format=\"auto\"\r\n     data-full-width-responsive=\"true\"><\/ins>\r\n<script>\r\n     (adsbygoogle = window.adsbygoogle || []).push({});\r\n<\/script>\n<\/div>\n<h2>A Estreia de &#8216;Sui Generis&#8217;<\/h2>\n<p>No dia 11 e 12 de setembro, o renomado dan\u00e7arino <strong>Diogo Granato<\/strong> far\u00e1 a estreia de seu espet\u00e1culo solo intitulado <strong>\u201cSui Generis\u201d<\/strong> no teatro do <strong>Sesc Bom Retiro<\/strong>. As apresenta\u00e7\u00f5es ocorrer\u00e3o \u00e0s 20h e s\u00e3o gratuitas, permitindo que um vasto p\u00fablico tenha acesso a essa obra. Os ingressos estar\u00e3o dispon\u00edveis para retirada no app <strong>Credencial Sesc SP<\/strong> a partir das 17h do dia 9\/9, limitados \u00e0 disponibilidade.<\/p>\n<p>Este espet\u00e1culo surge em comemora\u00e7\u00e3o aos 80 anos do <strong>Servi\u00e7o Social do Com\u00e9rcio (Sesc)<\/strong> e se prop\u00f5e a ser uma jornada de autoconhecimento e liberta\u00e7\u00e3o. Diogo Granato, renomado por sua dedica\u00e7\u00e3o e paix\u00e3o pela dan\u00e7a, refletir\u00e1 sobre individualidade e a aceita\u00e7\u00e3o das particularidades como elementos fundamentais na forma\u00e7\u00e3o da identidade art\u00edstica.<\/p>\n<h2>O Que Esperar do Espet\u00e1culo<\/h2>\n<p><strong>\u201cSui Generis\u201d<\/strong> \u00e9 uma cria\u00e7\u00e3o que busca explorar as nuances da singularidade humana por meio da dan\u00e7a. Cada movimento ser\u00e1 um convite \u00e0 reflex\u00e3o sobre o que nos torna \u00fanicos. O artista, atrav\u00e9s de sua performance, celebrar\u00e1 a ess\u00eancia da experi\u00eancia de vida, do corpo e da arte que reside em cada pessoa. O espet\u00e1culo n\u00e3o apenas entreter\u00e1, mas tamb\u00e9m inspirar\u00e1 os espectadores a valorizarem suas pr\u00f3prias hist\u00f3rias e identidades.<\/p>\n<p><img decoding=\"async\" src=\"https:\/\/www.encontrabomretiro.com.br\/sobre\/wp-content\/uploads\/2026\/09\/diogo-granato-estreia-sui-generis-espetaculo-solo-no-sesc-bom-retiro-em-apenas-duas-apresentacoes.webp\" alt=\"Diogo Granato Sui Generis\" loading=\"lazy\" \/><\/p>\n<h2>Como Diogo Granato Inova na Dan\u00e7a<\/h2>\n<p>Granato \u00e9 conhecido por sua abordagem inovadora no universo da dan\u00e7a, combinando diferentes estilos e influ\u00eancias que dialogam com a contemporaneidade. Em <strong>\u201cSui Generis\u201d<\/strong>, ele pretende transcender os limites tradicionais, incorporando elementos de improvisa\u00e7\u00e3o e interatividade. A obra ser\u00e1 marcada por sua autenticidade, permitindo que o artista se conecte com o p\u00fablico de forma \u00edntima e respeitosa, criando um ambiente prop\u00edcio \u00e0 reflex\u00e3o e \u00e0 troca de experi\u00eancias.<\/p>\n<h2>Detalhes sobre a Programa\u00e7\u00e3o do Sesc<\/h2>\n<p>Al\u00e9m da estreia de <strong>\u201cSui Generis\u201d<\/strong>, o <strong>Sesc Bom Retiro<\/strong> receber\u00e1 outros espet\u00e1culos e oficinas ministradas por Diogo Granato ao longo do m\u00eas de setembro.<\/p>\n<ul>\n<li><strong>Nosso Primeiras Hist\u00f3rias:<\/strong> Dia 6\/9, \u00e0s 16h. Uma apresenta\u00e7\u00e3o gratuita que mistura teatro, literatura, dan\u00e7a e m\u00fasica, inspirada no livro <em>\u201cPrimeiras Est\u00f3rias\u201d<\/em> de Guimar\u00e3es Rosa. Int\u00e9rpretes incluem artistas como Carol Bahiense e Fl\u00e1vio Falcone.<\/li>\n<li><strong>Graxa:<\/strong> Dia 7\/9, \u00e0s 18h. Este espet\u00e1culo examina a fragilidade do corpo frente \u00e0 implac\u00e1vel for\u00e7a das m\u00e1quinas, uma cr\u00edtica \u00e0 repeti\u00e7\u00e3o e ao desgaste inevit\u00e1veis que a modernidade imp\u00f5e ao ser humano.<\/li>\n<li><strong>Dan\u00e7a Acrob\u00e1tica:<\/strong> Uma oficina programada para o dia 15\/9, das 18h, onde os participantes poder\u00e3o aprender com a experi\u00eancia de Diogo Granato. As inscri\u00e7\u00f5es s\u00e3o gratuitas e abertas a partir do dia 2\/9.<\/li>\n<\/ul>\n<h2>A Import\u00e2ncia da Arte na Constru\u00e7\u00e3o da Identidade<\/h2>\n<p>A arte possui um papel fundamental na forma\u00e7\u00e3o e no reconhecimento da identidade. Por meio dela, os indiv\u00edduos s\u00e3o capazes de expressar suas viv\u00eancias, emo\u00e7\u00f5es e valores. <strong>\u201cSui Generis\u201d<\/strong> ir\u00e1 homenagear essa express\u00e3o, enfatizando que cada particularidade deve ser celebrada. A dan\u00e7a, como linguagem universal, permite aos indiv\u00edduos conectar-se com a pr\u00f3pria ess\u00eancia e com o pr\u00f3ximo, promovendo a aceita\u00e7\u00e3o da diversidade.<\/p>\n<h2>O Impacto da Dan\u00e7a na Autodescoberta<\/h2>\n<p>Realizar dan\u00e7a n\u00e3o \u00e9 apenas uma atividade f\u00edsica; \u00e9 tamb\u00e9m um caminho para a autodescoberta. Diogo Granato, ao se empenhar em explorar a singularidade de cada ser humano, proporciona ao p\u00fablico a oportunidade de se tornar mais consciente de suas pr\u00f3prias hist\u00f3rias e potencialidades. A dan\u00e7a libera emo\u00e7\u00f5es e permite a experimenta\u00e7\u00e3o de novas identidades, levando a um processo transformador.<\/p>\n<h2>Outros Espet\u00e1culos de Diogo Granato<\/h2>\n<p>Granato, al\u00e9m de <strong>\u201cSui Generis\u201d<\/strong>, apresenta ainda outras propostas art\u00edsticas. Seu repert\u00f3rio variado re\u00fane dan\u00e7as que interagem com teatro e novas m\u00eddias, refletindo seu compromisso com a pesquisa e inova\u00e7\u00e3o na arte. Este m\u00eas \u00e9 uma excelente oportunidade para jovens bailarinos e estudantes se engajarem em suas atividades e aprenderem com um dos profissionais mais respeitados do campo.<\/p>\n<h2>Informa\u00e7\u00f5es Pr\u00e1ticas para o P\u00fablico<\/h2>\n<p>Para aqueles que desejam assistir \u00e0s apresenta\u00e7\u00f5es e participar das oficinas de Diogo Granato, \u00e9 importante ficar atento \u00e0s informa\u00e7\u00f5es pr\u00e1ticas:<\/p>\n<ul>\n<li><strong>Ingressos:<\/strong> Dispon\u00edveis para retirada no app Credencial Sesc SP; consulte hor\u00e1rios e disponibilidade.<\/li>\n<li><strong>Local:<\/strong> Todas as atividades ocorrer\u00e3o no Teatro do Sesc Bom Retiro, conhecido por sua programa\u00e7\u00e3o diversificada.<\/li>\n<li><strong>Classifica\u00e7\u00e3o:<\/strong> As apresenta\u00e7\u00f5es ser\u00e3o indicadas para maiores de 10 anos.<\/li>\n<\/ul>\n<h2>Retirada de Ingressos Facilita o Acesso<\/h2>\n<p>A retirada de ingressos pelo aplicativo <strong>Credencial Sesc SP<\/strong> representa uma solu\u00e7\u00e3o pr\u00e1tica para agilizar o acesso aos eventos. Eliminando longas filas e garantindo que todos possam participar dos espet\u00e1culos de forma organizada, esse sistema reflete a preocupa\u00e7\u00e3o do Sesc em promover a inclus\u00e3o e a democratiza\u00e7\u00e3o do acesso \u00e0 cultura.<\/p>\n<h2>Por Que Voc\u00ea N\u00e3o Pode Perder Esse Evento<\/h2>\n<p>Participar do espet\u00e1culo <strong>\u201cSui Generis\u201d<\/strong> de Diogo Granato \u00e9 uma oportunidade \u00fanica. Al\u00e9m de testemunhar uma obra que promete ser memor\u00e1vel, voc\u00ea estar\u00e1 contribuindo para a valoriza\u00e7\u00e3o da arte local e da dan\u00e7a como uma forma de express\u00e3o important\u00edssima. Esta \u00e9 uma chance de reverenciar a singularidade e a diversidade que cada um de n\u00f3s carrega, em um ambiente repleto de reflex\u00e3o e emo\u00e7\u00e3o. N\u00e3o perca a oportunidade de fazer parte dessa experi\u00eancia inesquec\u00edvel.<\/p>\n\n<div style=\"font-size: 0px; height: 0px; line-height: 0px; margin: 0; padding: 0; clear: both;\"><\/div>","protected":false},"excerpt":{"rendered":"<p>Diogo Granato surpreende com &#8216;Sui Generis&#8217;, espet\u00e1culo solo imperd\u00edvel!<\/p>\n","protected":false},"author":1,"featured_media":3450,"comment_status":"open","ping_status":"closed","sticky":false,"template":"","format":"standard","meta":{"footnotes":""},"categories":[9],"tags":[],"class_list":["post-3451","post","type-post","status-publish","format-standard","has-post-thumbnail","hentry","category-shows-no-bom-retiro","has_thumb"],"aioseo_notices":[],"aioseo_head":"\n\t\t<!-- All in One SEO 5.0.0.1 - aioseo.com -->\n\t<meta name=\"description\" content=\"Diogo Granato surpreende com &#039;Sui Generis&#039;, espet\u00e1culo solo imperd\u00edvel!\" \/>\n\t<meta name=\"robots\" content=\"max-image-preview:large\" \/>\n\t<meta name=\"author\" content=\"Encontra Bom Retiro\"\/>\n\t<link rel=\"canonical\" href=\"https:\/\/www.encontrabomretiro.com.br\/sobre\/diogo-granato-estreia-sui-generis-espetaculo-solo-no-sesc-bom-retiro-em-apenas-duas-apresentacoes\/\" \/>\n\t<meta name=\"generator\" content=\"All in One SEO (AIOSEO) 5.0.0.1\" \/>\n\t\t<meta property=\"og:locale\" content=\"pt_BR\" \/>\n\t\t<meta property=\"og:site_name\" content=\"Encontra Bom Retiro | Not\u00edcias, eventos, informa\u00e7\u00f5es e dicas no bairro do Bom Retiro e regi\u00e3o.\" \/>\n\t\t<meta property=\"og:type\" content=\"article\" \/>\n\t\t<meta property=\"og:title\" content=\"Diogo Granato estreia \u201cSui Generis\u201d, espet\u00e1culo solo no Sesc Bom Retiro, em apenas duas apresenta\u00e7\u00f5es | Encontra Bom Retiro\" \/>\n\t\t<meta property=\"og:description\" content=\"Diogo Granato surpreende com &#039;Sui Generis&#039;, espet\u00e1culo solo imperd\u00edvel!\" \/>\n\t\t<meta property=\"og:url\" content=\"https:\/\/www.encontrabomretiro.com.br\/sobre\/diogo-granato-estreia-sui-generis-espetaculo-solo-no-sesc-bom-retiro-em-apenas-duas-apresentacoes\/\" \/>\n\t\t<meta property=\"article:published_time\" content=\"2026-09-02T06:21:33+00:00\" \/>\n\t\t<meta property=\"article:modified_time\" content=\"2026-09-02T06:21:33+00:00\" \/>\n\t\t<meta name=\"twitter:card\" content=\"summary_large_image\" \/>\n\t\t<meta name=\"twitter:title\" content=\"Diogo Granato estreia \u201cSui Generis\u201d, espet\u00e1culo solo no Sesc Bom Retiro, em apenas duas apresenta\u00e7\u00f5es | Encontra Bom Retiro\" \/>\n\t\t<meta name=\"twitter:description\" content=\"Diogo Granato surpreende com &#039;Sui Generis&#039;, espet\u00e1culo solo imperd\u00edvel!\" \/>\n\t\t<script type=\"application\/ld+json\" class=\"aioseo-schema\">\n\t\t\t{\"@context\":\"https:\\\/\\\/schema.org\",\"@graph\":[{\"@type\":\"Article\",\"@id\":\"https:\\\/\\\/www.encontrabomretiro.com.br\\\/sobre\\\/diogo-granato-estreia-sui-generis-espetaculo-solo-no-sesc-bom-retiro-em-apenas-duas-apresentacoes\\\/#article\",\"name\":\"Diogo Granato estreia \\u201cSui Generis\\u201d, espet\\u00e1culo solo no Sesc Bom Retiro, em apenas duas apresenta\\u00e7\\u00f5es | Encontra Bom Retiro\",\"headline\":\"Diogo Granato estreia \\u201cSui Generis\\u201d, espet\\u00e1culo solo no Sesc Bom Retiro, em apenas duas apresenta\\u00e7\\u00f5es\",\"author\":{\"@id\":\"https:\\\/\\\/www.encontrabomretiro.com.br\\\/sobre\\\/author\\\/ebomretiro\\\/#author\"},\"publisher\":{\"@id\":\"https:\\\/\\\/www.encontrabomretiro.com.br\\\/sobre\\\/#organization\"},\"image\":{\"@type\":\"ImageObject\",\"url\":\"https:\\\/\\\/www.encontrabomretiro.com.br\\\/sobre\\\/wp-content\\\/uploads\\\/2026\\\/09\\\/diogo-granato-estreia-sui-generis-espetaculo-solo-no-sesc-bom-retiro-em-apenas-duas-apresentacoes.webp\",\"width\":280,\"height\":280,\"caption\":\"Diogo Granato Sui Generis\"},\"datePublished\":\"2026-09-02T04:21:33-02:00\",\"dateModified\":\"2026-09-02T04:21:33-02:00\",\"inLanguage\":\"pt-BR\",\"mainEntityOfPage\":{\"@id\":\"https:\\\/\\\/www.encontrabomretiro.com.br\\\/sobre\\\/diogo-granato-estreia-sui-generis-espetaculo-solo-no-sesc-bom-retiro-em-apenas-duas-apresentacoes\\\/#webpage\"},\"isPartOf\":{\"@id\":\"https:\\\/\\\/www.encontrabomretiro.com.br\\\/sobre\\\/diogo-granato-estreia-sui-generis-espetaculo-solo-no-sesc-bom-retiro-em-apenas-duas-apresentacoes\\\/#webpage\"},\"articleSection\":\"Shows Bom Retiro\"},{\"@type\":\"BreadcrumbList\",\"@id\":\"https:\\\/\\\/www.encontrabomretiro.com.br\\\/sobre\\\/diogo-granato-estreia-sui-generis-espetaculo-solo-no-sesc-bom-retiro-em-apenas-duas-apresentacoes\\\/#breadcrumblist\",\"itemListElement\":[{\"@type\":\"ListItem\",\"@id\":\"https:\\\/\\\/www.encontrabomretiro.com.br\\\/sobre#listItem\",\"position\":1,\"name\":\"Dom\\u00e9stica\",\"item\":\"https:\\\/\\\/www.encontrabomretiro.com.br\\\/sobre\",\"nextItem\":{\"@type\":\"ListItem\",\"@id\":\"https:\\\/\\\/www.encontrabomretiro.com.br\\\/sobre\\\/shows-no-bom-retiro\\\/#listItem\",\"name\":\"Shows Bom Retiro\"}},{\"@type\":\"ListItem\",\"@id\":\"https:\\\/\\\/www.encontrabomretiro.com.br\\\/sobre\\\/shows-no-bom-retiro\\\/#listItem\",\"position\":2,\"name\":\"Shows Bom Retiro\",\"item\":\"https:\\\/\\\/www.encontrabomretiro.com.br\\\/sobre\\\/shows-no-bom-retiro\\\/\",\"nextItem\":{\"@type\":\"ListItem\",\"@id\":\"https:\\\/\\\/www.encontrabomretiro.com.br\\\/sobre\\\/diogo-granato-estreia-sui-generis-espetaculo-solo-no-sesc-bom-retiro-em-apenas-duas-apresentacoes\\\/#listItem\",\"name\":\"Diogo Granato estreia \\u201cSui Generis\\u201d, espet\\u00e1culo solo no Sesc Bom Retiro, em apenas duas apresenta\\u00e7\\u00f5es\"},\"previousItem\":{\"@type\":\"ListItem\",\"@id\":\"https:\\\/\\\/www.encontrabomretiro.com.br\\\/sobre#listItem\",\"name\":\"Dom\\u00e9stica\"}},{\"@type\":\"ListItem\",\"@id\":\"https:\\\/\\\/www.encontrabomretiro.com.br\\\/sobre\\\/diogo-granato-estreia-sui-generis-espetaculo-solo-no-sesc-bom-retiro-em-apenas-duas-apresentacoes\\\/#listItem\",\"position\":3,\"name\":\"Diogo Granato estreia \\u201cSui Generis\\u201d, espet\\u00e1culo solo no Sesc Bom Retiro, em apenas duas apresenta\\u00e7\\u00f5es\",\"previousItem\":{\"@type\":\"ListItem\",\"@id\":\"https:\\\/\\\/www.encontrabomretiro.com.br\\\/sobre\\\/shows-no-bom-retiro\\\/#listItem\",\"name\":\"Shows Bom Retiro\"}}]},{\"@type\":\"Organization\",\"@id\":\"https:\\\/\\\/www.encontrabomretiro.com.br\\\/sobre\\\/#organization\",\"name\":\"Encontra Bom Retiro\",\"description\":\"Not\\u00edcias, eventos, informa\\u00e7\\u00f5es e dicas no bairro do Bom Retiro e regi\\u00e3o.\",\"url\":\"https:\\\/\\\/www.encontrabomretiro.com.br\\\/sobre\\\/\"},{\"@type\":\"Person\",\"@id\":\"https:\\\/\\\/www.encontrabomretiro.com.br\\\/sobre\\\/author\\\/ebomretiro\\\/#author\",\"url\":\"https:\\\/\\\/www.encontrabomretiro.com.br\\\/sobre\\\/author\\\/ebomretiro\\\/\",\"name\":\"Encontra Bom Retiro\",\"image\":{\"@type\":\"ImageObject\",\"@id\":\"https:\\\/\\\/www.encontrabomretiro.com.br\\\/sobre\\\/diogo-granato-estreia-sui-generis-espetaculo-solo-no-sesc-bom-retiro-em-apenas-duas-apresentacoes\\\/#authorImage\",\"url\":\"https:\\\/\\\/secure.gravatar.com\\\/avatar\\\/507340682b8270222e1f208e23198b6ae7e2c6a1033ae84e99bc6bce4f82a387?s=96&d=mm&r=g\",\"width\":96,\"height\":96,\"caption\":\"Encontra Bom Retiro\"}},{\"@type\":\"WebPage\",\"@id\":\"https:\\\/\\\/www.encontrabomretiro.com.br\\\/sobre\\\/diogo-granato-estreia-sui-generis-espetaculo-solo-no-sesc-bom-retiro-em-apenas-duas-apresentacoes\\\/#webpage\",\"url\":\"https:\\\/\\\/www.encontrabomretiro.com.br\\\/sobre\\\/diogo-granato-estreia-sui-generis-espetaculo-solo-no-sesc-bom-retiro-em-apenas-duas-apresentacoes\\\/\",\"name\":\"Diogo Granato estreia \\u201cSui Generis\\u201d, espet\\u00e1culo solo no Sesc Bom Retiro, em apenas duas apresenta\\u00e7\\u00f5es | Encontra Bom Retiro\",\"description\":\"Diogo Granato surpreende com 'Sui Generis', espet\\u00e1culo solo imperd\\u00edvel!\",\"inLanguage\":\"pt-BR\",\"isPartOf\":{\"@id\":\"https:\\\/\\\/www.encontrabomretiro.com.br\\\/sobre\\\/#website\"},\"breadcrumb\":{\"@id\":\"https:\\\/\\\/www.encontrabomretiro.com.br\\\/sobre\\\/diogo-granato-estreia-sui-generis-espetaculo-solo-no-sesc-bom-retiro-em-apenas-duas-apresentacoes\\\/#breadcrumblist\"},\"author\":{\"@id\":\"https:\\\/\\\/www.encontrabomretiro.com.br\\\/sobre\\\/author\\\/ebomretiro\\\/#author\"},\"creator\":{\"@id\":\"https:\\\/\\\/www.encontrabomretiro.com.br\\\/sobre\\\/author\\\/ebomretiro\\\/#author\"},\"image\":{\"@type\":\"ImageObject\",\"url\":\"https:\\\/\\\/www.encontrabomretiro.com.br\\\/sobre\\\/wp-content\\\/uploads\\\/2026\\\/09\\\/diogo-granato-estreia-sui-generis-espetaculo-solo-no-sesc-bom-retiro-em-apenas-duas-apresentacoes.webp\",\"@id\":\"https:\\\/\\\/www.encontrabomretiro.com.br\\\/sobre\\\/diogo-granato-estreia-sui-generis-espetaculo-solo-no-sesc-bom-retiro-em-apenas-duas-apresentacoes\\\/#mainImage\",\"width\":280,\"height\":280,\"caption\":\"Diogo Granato Sui Generis\"},\"primaryImageOfPage\":{\"@id\":\"https:\\\/\\\/www.encontrabomretiro.com.br\\\/sobre\\\/diogo-granato-estreia-sui-generis-espetaculo-solo-no-sesc-bom-retiro-em-apenas-duas-apresentacoes\\\/#mainImage\"},\"datePublished\":\"2026-09-02T04:21:33-02:00\",\"dateModified\":\"2026-09-02T04:21:33-02:00\"},{\"@type\":\"WebSite\",\"@id\":\"https:\\\/\\\/www.encontrabomretiro.com.br\\\/sobre\\\/#website\",\"url\":\"https:\\\/\\\/www.encontrabomretiro.com.br\\\/sobre\\\/\",\"name\":\"Encontra Bom Retiro\",\"description\":\"Not\\u00edcias, eventos, informa\\u00e7\\u00f5es e dicas no bairro do Bom Retiro e regi\\u00e3o.\",\"inLanguage\":\"pt-BR\",\"publisher\":{\"@id\":\"https:\\\/\\\/www.encontrabomretiro.com.br\\\/sobre\\\/#organization\"}}]}\n\t\t<\/script>\n\t\t<!-- All in One SEO -->\n\n","aioseo_head_json":{"title":"Diogo Granato estreia \u201cSui Generis\u201d, espet\u00e1culo solo no Sesc Bom Retiro, em apenas duas apresenta\u00e7\u00f5es | Encontra Bom Retiro","description":"Diogo Granato surpreende com 'Sui Generis', espet\u00e1culo solo imperd\u00edvel!","canonical_url":"https:\/\/www.encontrabomretiro.com.br\/sobre\/diogo-granato-estreia-sui-generis-espetaculo-solo-no-sesc-bom-retiro-em-apenas-duas-apresentacoes\/","robots":"max-image-preview:large","keywords":"","webmasterTools":{"miscellaneous":""},"schema":{"@context":"https:\/\/schema.org","@graph":[{"@type":"Article","@id":"https:\/\/www.encontrabomretiro.com.br\/sobre\/diogo-granato-estreia-sui-generis-espetaculo-solo-no-sesc-bom-retiro-em-apenas-duas-apresentacoes\/#article","name":"Diogo Granato estreia \u201cSui Generis\u201d, espet\u00e1culo solo no Sesc Bom Retiro, em apenas duas apresenta\u00e7\u00f5es | Encontra Bom Retiro","headline":"Diogo Granato estreia \u201cSui Generis\u201d, espet\u00e1culo solo no Sesc Bom Retiro, em apenas duas apresenta\u00e7\u00f5es","author":{"@id":"https:\/\/www.encontrabomretiro.com.br\/sobre\/author\/ebomretiro\/#author"},"publisher":{"@id":"https:\/\/www.encontrabomretiro.com.br\/sobre\/#organization"},"image":{"@type":"ImageObject","url":"https:\/\/www.encontrabomretiro.com.br\/sobre\/wp-content\/uploads\/2026\/09\/diogo-granato-estreia-sui-generis-espetaculo-solo-no-sesc-bom-retiro-em-apenas-duas-apresentacoes.webp","width":280,"height":280,"caption":"Diogo Granato Sui Generis"},"datePublished":"2026-09-02T04:21:33-02:00","dateModified":"2026-09-02T04:21:33-02:00","inLanguage":"pt-BR","mainEntityOfPage":{"@id":"https:\/\/www.encontrabomretiro.com.br\/sobre\/diogo-granato-estreia-sui-generis-espetaculo-solo-no-sesc-bom-retiro-em-apenas-duas-apresentacoes\/#webpage"},"isPartOf":{"@id":"https:\/\/www.encontrabomretiro.com.br\/sobre\/diogo-granato-estreia-sui-generis-espetaculo-solo-no-sesc-bom-retiro-em-apenas-duas-apresentacoes\/#webpage"},"articleSection":"Shows Bom Retiro"},{"@type":"BreadcrumbList","@id":"https:\/\/www.encontrabomretiro.com.br\/sobre\/diogo-granato-estreia-sui-generis-espetaculo-solo-no-sesc-bom-retiro-em-apenas-duas-apresentacoes\/#breadcrumblist","itemListElement":[{"@type":"ListItem","@id":"https:\/\/www.encontrabomretiro.com.br\/sobre#listItem","position":1,"name":"Dom\u00e9stica","item":"https:\/\/www.encontrabomretiro.com.br\/sobre","nextItem":{"@type":"ListItem","@id":"https:\/\/www.encontrabomretiro.com.br\/sobre\/shows-no-bom-retiro\/#listItem","name":"Shows Bom Retiro"}},{"@type":"ListItem","@id":"https:\/\/www.encontrabomretiro.com.br\/sobre\/shows-no-bom-retiro\/#listItem","position":2,"name":"Shows Bom Retiro","item":"https:\/\/www.encontrabomretiro.com.br\/sobre\/shows-no-bom-retiro\/","nextItem":{"@type":"ListItem","@id":"https:\/\/www.encontrabomretiro.com.br\/sobre\/diogo-granato-estreia-sui-generis-espetaculo-solo-no-sesc-bom-retiro-em-apenas-duas-apresentacoes\/#listItem","name":"Diogo Granato estreia \u201cSui Generis\u201d, espet\u00e1culo solo no Sesc Bom Retiro, em apenas duas apresenta\u00e7\u00f5es"},"previousItem":{"@type":"ListItem","@id":"https:\/\/www.encontrabomretiro.com.br\/sobre#listItem","name":"Dom\u00e9stica"}},{"@type":"ListItem","@id":"https:\/\/www.encontrabomretiro.com.br\/sobre\/diogo-granato-estreia-sui-generis-espetaculo-solo-no-sesc-bom-retiro-em-apenas-duas-apresentacoes\/#listItem","position":3,"name":"Diogo Granato estreia \u201cSui Generis\u201d, espet\u00e1culo solo no Sesc Bom Retiro, em apenas duas apresenta\u00e7\u00f5es","previousItem":{"@type":"ListItem","@id":"https:\/\/www.encontrabomretiro.com.br\/sobre\/shows-no-bom-retiro\/#listItem","name":"Shows Bom Retiro"}}]},{"@type":"Organization","@id":"https:\/\/www.encontrabomretiro.com.br\/sobre\/#organization","name":"Encontra Bom Retiro","description":"Not\u00edcias, eventos, informa\u00e7\u00f5es e dicas no bairro do Bom Retiro e regi\u00e3o.","url":"https:\/\/www.encontrabomretiro.com.br\/sobre\/"},{"@type":"Person","@id":"https:\/\/www.encontrabomretiro.com.br\/sobre\/author\/ebomretiro\/#author","url":"https:\/\/www.encontrabomretiro.com.br\/sobre\/author\/ebomretiro\/","name":"Encontra Bom Retiro","image":{"@type":"ImageObject","@id":"https:\/\/www.encontrabomretiro.com.br\/sobre\/diogo-granato-estreia-sui-generis-espetaculo-solo-no-sesc-bom-retiro-em-apenas-duas-apresentacoes\/#authorImage","url":"https:\/\/secure.gravatar.com\/avatar\/507340682b8270222e1f208e23198b6ae7e2c6a1033ae84e99bc6bce4f82a387?s=96&d=mm&r=g","width":96,"height":96,"caption":"Encontra Bom Retiro"}},{"@type":"WebPage","@id":"https:\/\/www.encontrabomretiro.com.br\/sobre\/diogo-granato-estreia-sui-generis-espetaculo-solo-no-sesc-bom-retiro-em-apenas-duas-apresentacoes\/#webpage","url":"https:\/\/www.encontrabomretiro.com.br\/sobre\/diogo-granato-estreia-sui-generis-espetaculo-solo-no-sesc-bom-retiro-em-apenas-duas-apresentacoes\/","name":"Diogo Granato estreia \u201cSui Generis\u201d, espet\u00e1culo solo no Sesc Bom Retiro, em apenas duas apresenta\u00e7\u00f5es | Encontra Bom Retiro","description":"Diogo Granato surpreende com 'Sui Generis', espet\u00e1culo solo imperd\u00edvel!","inLanguage":"pt-BR","isPartOf":{"@id":"https:\/\/www.encontrabomretiro.com.br\/sobre\/#website"},"breadcrumb":{"@id":"https:\/\/www.encontrabomretiro.com.br\/sobre\/diogo-granato-estreia-sui-generis-espetaculo-solo-no-sesc-bom-retiro-em-apenas-duas-apresentacoes\/#breadcrumblist"},"author":{"@id":"https:\/\/www.encontrabomretiro.com.br\/sobre\/author\/ebomretiro\/#author"},"creator":{"@id":"https:\/\/www.encontrabomretiro.com.br\/sobre\/author\/ebomretiro\/#author"},"image":{"@type":"ImageObject","url":"https:\/\/www.encontrabomretiro.com.br\/sobre\/wp-content\/uploads\/2026\/09\/diogo-granato-estreia-sui-generis-espetaculo-solo-no-sesc-bom-retiro-em-apenas-duas-apresentacoes.webp","@id":"https:\/\/www.encontrabomretiro.com.br\/sobre\/diogo-granato-estreia-sui-generis-espetaculo-solo-no-sesc-bom-retiro-em-apenas-duas-apresentacoes\/#mainImage","width":280,"height":280,"caption":"Diogo Granato Sui Generis"},"primaryImageOfPage":{"@id":"https:\/\/www.encontrabomretiro.com.br\/sobre\/diogo-granato-estreia-sui-generis-espetaculo-solo-no-sesc-bom-retiro-em-apenas-duas-apresentacoes\/#mainImage"},"datePublished":"2026-09-02T04:21:33-02:00","dateModified":"2026-09-02T04:21:33-02:00"},{"@type":"WebSite","@id":"https:\/\/www.encontrabomretiro.com.br\/sobre\/#website","url":"https:\/\/www.encontrabomretiro.com.br\/sobre\/","name":"Encontra Bom Retiro","description":"Not\u00edcias, eventos, informa\u00e7\u00f5es e dicas no bairro do Bom Retiro e regi\u00e3o.","inLanguage":"pt-BR","publisher":{"@id":"https:\/\/www.encontrabomretiro.com.br\/sobre\/#organization"}}]},"og:locale":"pt_BR","og:site_name":"Encontra Bom Retiro | Not\u00edcias, eventos, informa\u00e7\u00f5es e dicas no bairro do Bom Retiro e regi\u00e3o.","og:type":"article","og:title":"Diogo Granato estreia \u201cSui Generis\u201d, espet\u00e1culo solo no Sesc Bom Retiro, em apenas duas apresenta\u00e7\u00f5es | Encontra Bom Retiro","og:description":"Diogo Granato surpreende com 'Sui Generis', espet\u00e1culo solo imperd\u00edvel!","og:url":"https:\/\/www.encontrabomretiro.com.br\/sobre\/diogo-granato-estreia-sui-generis-espetaculo-solo-no-sesc-bom-retiro-em-apenas-duas-apresentacoes\/","article:published_time":"2026-09-02T06:21:33+00:00","article:modified_time":"2026-09-02T06:21:33+00:00","twitter:card":"summary_large_image","twitter:title":"Diogo Granato estreia \u201cSui Generis\u201d, espet\u00e1culo solo no Sesc Bom Retiro, em apenas duas apresenta\u00e7\u00f5es | Encontra Bom Retiro","twitter:description":"Diogo Granato surpreende com 'Sui Generis', espet\u00e1culo solo imperd\u00edvel!"},"aioseo_meta_data":{"post_id":"3451","title":null,"description":null,"keywords":null,"keyphrases":null,"primary_term":null,"canonical_url":null,"og_title":null,"og_description":null,"og_object_type":"default","og_image_type":"default","og_image_url":null,"og_image_width":null,"og_image_height":null,"og_image_custom_url":null,"og_image_custom_fields":null,"og_video":null,"og_custom_url":null,"og_article_section":null,"og_article_tags":null,"twitter_use_og":false,"twitter_card":"default","twitter_image_type":"default","twitter_image_url":null,"twitter_image_custom_url":null,"twitter_image_custom_fields":null,"twitter_title":null,"twitter_description":null,"schema":{"blockGraphs":[],"customGraphs":[],"default":{"data":{"Article":[],"Course":[],"Dataset":[],"FAQPage":[],"Movie":[],"Person":[],"Product":[],"ProductReview":[],"Car":[],"Recipe":[],"Service":[],"SoftwareApplication":[],"WebPage":[]},"graphName":"Article","isEnabled":true},"graphs":[]},"schema_type":"default","schema_type_options":null,"pillar_content":false,"robots_default":true,"robots_noindex":false,"robots_noarchive":false,"robots_nosnippet":false,"robots_nofollow":false,"robots_noimageindex":false,"robots_noodp":false,"robots_notranslate":false,"robots_max_snippet":null,"robots_max_videopreview":null,"robots_max_imagepreview":"large","priority":null,"frequency":null,"local_seo":null,"breadcrumb_settings":null,"limit_modified_date":false,"ai":null,"created":"2026-09-02 06:21:33","updated":"2026-09-02 06:23:13","focus_keyword":null,"additional_keywords":null,"truseo_locale":null,"seo_analyzer_scan_date":null},"aioseo_breadcrumb":"<div class=\"aioseo-breadcrumbs\"><span class=\"aioseo-breadcrumb\">\n\t\t\t<a href=\"https:\/\/www.encontrabomretiro.com.br\/sobre\" title=\"Dom\u00e9stica\">Dom\u00e9stica<\/a>\n\t\t<\/span><span class=\"aioseo-breadcrumb-separator\">&raquo;<\/span><span class=\"aioseo-breadcrumb\">\n\t\t\t<a href=\"https:\/\/www.encontrabomretiro.com.br\/sobre\/shows-no-bom-retiro\/\" title=\"Shows Bom Retiro\">Shows Bom Retiro<\/a>\n\t\t<\/span><span class=\"aioseo-breadcrumb-separator\">&raquo;<\/span><span class=\"aioseo-breadcrumb\">\n\t\t\tDiogo Granato estreia \u201cSui Generis\u201d, espet\u00e1culo solo no Sesc Bom Retiro, em apenas duas apresenta\u00e7\u00f5es\n\t\t<\/span><\/div>","aioseo_breadcrumb_json":[{"label":"Dom\u00e9stica","link":"https:\/\/www.encontrabomretiro.com.br\/sobre"},{"label":"Shows Bom Retiro","link":"https:\/\/www.encontrabomretiro.com.br\/sobre\/shows-no-bom-retiro\/"},{"label":"Diogo Granato estreia \u201cSui Generis\u201d, espet\u00e1culo solo no Sesc Bom Retiro, em apenas duas apresenta\u00e7\u00f5es","link":"https:\/\/www.encontrabomretiro.com.br\/sobre\/diogo-granato-estreia-sui-generis-espetaculo-solo-no-sesc-bom-retiro-em-apenas-duas-apresentacoes\/"}],"_links":{"self":[{"href":"https:\/\/www.encontrabomretiro.com.br\/sobre\/wp-json\/wp\/v2\/posts\/3451","targetHints":{"allow":["GET"]}}],"collection":[{"href":"https:\/\/www.encontrabomretiro.com.br\/sobre\/wp-json\/wp\/v2\/posts"}],"about":[{"href":"https:\/\/www.encontrabomretiro.com.br\/sobre\/wp-json\/wp\/v2\/types\/post"}],"author":[{"embeddable":true,"href":"https:\/\/www.encontrabomretiro.com.br\/sobre\/wp-json\/wp\/v2\/users\/1"}],"replies":[{"embeddable":true,"href":"https:\/\/www.encontrabomretiro.com.br\/sobre\/wp-json\/wp\/v2\/comments?post=3451"}],"version-history":[{"count":0,"href":"https:\/\/www.encontrabomretiro.com.br\/sobre\/wp-json\/wp\/v2\/posts\/3451\/revisions"}],"wp:featuredmedia":[{"embeddable":true,"href":"https:\/\/www.encontrabomretiro.com.br\/sobre\/wp-json\/wp\/v2\/media\/3450"}],"wp:attachment":[{"href":"https:\/\/www.encontrabomretiro.com.br\/sobre\/wp-json\/wp\/v2\/media?parent=3451"}],"wp:term":[{"taxonomy":"category","embeddable":true,"href":"https:\/\/www.encontrabomretiro.com.br\/sobre\/wp-json\/wp\/v2\/categories?post=3451"},{"taxonomy":"post_tag","embeddable":true,"href":"https:\/\/www.encontrabomretiro.com.br\/sobre\/wp-json\/wp\/v2\/tags?post=3451"}],"curies":[{"name":"wp","href":"https:\/\/api.w.org\/{rel}","templated":true}]}}