{"id":345,"date":"2012-03-30T18:01:47","date_gmt":"2012-03-30T20:01:47","guid":{"rendered":"http:\/\/www.encontrabomretiro.com.br\/noticias\/?p=345"},"modified":"2019-04-29T18:04:42","modified_gmt":"2019-04-29T20:04:42","slug":"com-entrada-gratuita-espetaculo-o-idiota-volta-ao-bom-retiro-em-abril","status":"publish","type":"post","link":"https:\/\/www.encontrabomretiro.com.br\/sobre\/com-entrada-gratuita-espetaculo-o-idiota-volta-ao-bom-retiro-em-abril\/","title":{"rendered":"Com entrada gratuita, espet\u00e1culo &#8216;O Idiota&#8217; volta ao Bom Retiro em abril"},"content":{"rendered":"<div class=\"228b65ae207de3c5c501cfe75875708b\" data-index=\"1\" style=\"float: none; margin:0px;\">\n<!-- Anuncio display - global -->\r\n<ins class=\"adsbygoogle\"\r\n     style=\"display:block\"\r\n     data-ad-client=\"ca-pub-8585364105181520\"\r\n     data-ad-slot=\"8789329856\"\r\n     data-ad-format=\"auto\"\r\n     data-full-width-responsive=\"true\"><\/ins>\r\n<script>\r\n     (adsbygoogle = window.adsbygoogle || []).push({});\r\n<\/script>\n<\/div>\n<p>A pe\u00e7a O Idiota \u2013 Uma Novel Teatral, da mundana companhia, feita a partir da obra de Fi\u00f3dor Dostoi\u00e9vski, viaja para o\u00a0Festival de Teatro de Curitiba\u00a0para se apresentar de\u00a028 de mar\u00e7o a \u00a02 de abril de 2012\u00a0e volta para S\u00e3o Paulo, na\u00a0Oficina Cultural Oswald de Andrade, para fazer as oito apresenta\u00e7\u00f5es finais,\u00a0no per\u00edodo de 10 a 20 de abril de 2012.<\/p>\n<p>Desde que estreou em 2010, a pe\u00e7a acumulou v\u00e1rios pr\u00eamios, o mais recente foi o Quest\u00e3o de Cr\u00edtica (RJ) nas categorias dire\u00e7\u00e3o, ilumina\u00e7\u00e3o e espet\u00e1culo, al\u00e9m de ser indicada a v\u00e1rias outras mais. Antes angariou o APCA (pr\u00eamio especial pela realiza\u00e7\u00e3o do projeto), al\u00e9m da indica\u00e7\u00e3o a outros: pr\u00eamio BRAVO, Cooperativa Paulista de Teatro (melhor elenco e espa\u00e7o n\u00e3o convencional), Shell (cen\u00e1rio, figurino, ilumina\u00e7\u00e3o e dire\u00e7\u00e3o).<\/p>\n<p>A dire\u00e7\u00e3o do espet\u00e1culo \u00e9 de\u00a0Cibele Forjaz\u00a0e a adapta\u00e7\u00e3o do romance para o teatro \u00e9 de\u00a0Aury Porto\u00a0com a colabora\u00e7\u00e3o de\u00a0Vadim Nikitin, Luah Guimar\u00e3ez\u00a0e de\u00a0Cibele Forjaz. A montagem est\u00e1 dividida em tr\u00eas partes, apresentadas em conjunto; cada sess\u00e3o do espet\u00e1culo tem a dura\u00e7\u00e3o de seis horas e meia, com dois intervalos.<\/p>\n<p>Esta \u00e9 a terceira e derradeira temporada de\u00a0<em>O Idiota \u2013 Uma Novela Teatral\u00a0<\/em>na cidade de S\u00e3o Paulo<em>.<\/em>\u00a0A primeira aconteceu entre mar\u00e7o e maio de 2010 e a segunda entre janeiro e abril de 2011.<\/p>\n<p>Em junho, a companhia viaja para o Festival Internacional de Teatro de Belo Horizonte\u00a0e na sequ\u00eancia aporta no Rio de Janeiro para sua segunda temporada, agora no Centro Municipal De Arte H\u00e9lio Oiticica &#8211; a primeira foi no Espa\u00e7o Tom Jobim, no Jardim Bot\u00e2nico.<\/p>\n<p>Vale lembrar que\u00a0O Idiota\u00a0foi apresentado num galp\u00e3o do Porto de Santos; nas depend\u00eancias todas do Teatro Jos\u00e9 de Alencar em Fortaleza e em dezembro \u00faltimo no Festival Europalia, em Bruxelas.<\/p>\n<p><strong>SERVI\u00c7O<\/strong><\/p>\n<p>De 10 a 20 de abril de 2012<\/p>\n<p>Ter\u00e7a (10\/04), quarta (11\/04), sexta (13\/04), s\u00e1bado (14\/04), domingo (15\/04), quarta (18\/04), quinta (19\/04) e sexta (20\/04), \u00e0s 18h<\/p>\n<p align=\"left\"><strong>Local:<\/strong>\u00a0Oficina Cultural Oswald de Andrade<\/p>\n<p align=\"left\"><strong>Endere\u00e7o:<\/strong>\u00a0Rua Tres Rios, 363 \u2013\u00a0Guia do Bom Retiro\u00a0\u2013 S\u00e3o Paulo\/SP<\/p>\n<p align=\"left\"><strong>Telefone:<\/strong>\u00a011 3221-5558<\/p>\n<p><strong>Lota\u00e7\u00e3o<\/strong>\u00a080 espectadores por apresenta\u00e7\u00e3o<\/p>\n<p><strong>Dura\u00e7\u00e3o<\/strong>\u00a0410 minutos, com 2 intervalos (o 1\u00ba de 30 minutos e o 2\u00ba de 20 minutos)<\/p>\n<p><strong>Recomenda\u00e7\u00e3o<\/strong>\u00a0A partir de 14 anos<\/p>\n<p align=\"left\"><strong>Acesso a deficientes<\/strong><\/p>\n<p><strong>Entrada franca<\/strong>\u00a0\u2013\u00a0Os ingressos da semana ser\u00e3o distribu\u00eddos na Oficina Cultural Oswald de Andrade \u00e0s sextas-feiras\u00a0a partir das 18h30.<\/p>\n<p><strong>Distribui\u00e7\u00e3o dos ingressos gratuitos:\u00a0<\/strong><\/p>\n<p>Dia 09\/04 \u00e0s 18h30: para as apresenta\u00e7\u00f5es no per\u00edodo de 10 a 15 de abril<\/p>\n<p>Dia 16\/04 \u00e0s 18h30: para as apresenta\u00e7\u00f5es no per\u00edodo de 18 a 20 de abril<\/p>\n\n<div style=\"font-size: 0px; height: 0px; line-height: 0px; margin: 0; padding: 0; clear: both;\"><\/div>","protected":false},"excerpt":{"rendered":"<p>A pe\u00e7a O Idiota \u2013 Uma Novel Teatral, da mundana companhia, feita a partir da obra de Fi\u00f3dor Dostoi\u00e9vski, viaja para o\u00a0Festival de Teatro de Curitiba\u00a0para se apresentar de\u00a028 de mar\u00e7o a \u00a02 de abril de 2012\u00a0e volta para S\u00e3o Paulo, na\u00a0Oficina Cultural Oswald de Andrade, para fazer as oito apresenta\u00e7\u00f5es finais,\u00a0no per\u00edodo de 10 a 20 de abril de 2012. Desde que estreou em 2010, a pe\u00e7a acumulou v\u00e1rios pr\u00eamios, o mais recente foi o Quest\u00e3o de Cr\u00edtica (RJ) nas categorias dire\u00e7\u00e3o, ilumina\u00e7\u00e3o e espet\u00e1culo, al\u00e9m de ser indicada a v\u00e1rias outras mais. Antes angariou o APCA (pr\u00eamio especial <\/p>\n","protected":false},"author":1,"featured_media":0,"comment_status":"open","ping_status":"closed","sticky":false,"template":"","format":"standard","meta":{"footnotes":""},"categories":[17],"tags":[14],"class_list":["post-345","post","type-post","status-publish","format-standard","hentry","category-cultura-no-bom-retiro","tag-bom-retiro"],"aioseo_notices":[],"aioseo_head":"\n\t\t<!-- All in One SEO 5.0.0.1 - aioseo.com -->\n\t<meta name=\"description\" content=\"A pe\u00e7a O Idiota \u2013 Uma Novel Teatral, da mundana companhia, feita a partir da obra de Fi\u00f3dor Dostoi\u00e9vski, viaja para o Festival de Teatro de Curitiba para se apresentar de 28 de mar\u00e7o a 2 de abril de 2012 e volta para S\u00e3o Paulo, na Oficina Cultural Oswald de Andrade, para fazer as oito apresenta\u00e7\u00f5es finais, no per\u00edodo de 10\" \/>\n\t<meta name=\"robots\" content=\"max-image-preview:large\" \/>\n\t<meta name=\"author\" content=\"Encontra Bom Retiro\"\/>\n\t<link rel=\"canonical\" href=\"https:\/\/www.encontrabomretiro.com.br\/sobre\/com-entrada-gratuita-espetaculo-o-idiota-volta-ao-bom-retiro-em-abril\/\" \/>\n\t<meta name=\"generator\" content=\"All in One SEO (AIOSEO) 5.0.0.1\" \/>\n\t\t<meta property=\"og:locale\" content=\"pt_BR\" \/>\n\t\t<meta property=\"og:site_name\" content=\"Encontra Bom Retiro | Not\u00edcias, eventos, informa\u00e7\u00f5es e dicas no bairro do Bom Retiro e regi\u00e3o.\" \/>\n\t\t<meta property=\"og:type\" content=\"article\" \/>\n\t\t<meta property=\"og:title\" content=\"Com entrada gratuita, espet\u00e1culo \u2018O Idiota\u2019 volta ao Bom Retiro em abril | Encontra Bom Retiro\" \/>\n\t\t<meta property=\"og:description\" content=\"A pe\u00e7a O Idiota \u2013 Uma Novel Teatral, da mundana companhia, feita a partir da obra de Fi\u00f3dor Dostoi\u00e9vski, viaja para o Festival de Teatro de Curitiba para se apresentar de 28 de mar\u00e7o a 2 de abril de 2012 e volta para S\u00e3o Paulo, na Oficina Cultural Oswald de Andrade, para fazer as oito apresenta\u00e7\u00f5es finais, no per\u00edodo de 10\" \/>\n\t\t<meta property=\"og:url\" content=\"https:\/\/www.encontrabomretiro.com.br\/sobre\/com-entrada-gratuita-espetaculo-o-idiota-volta-ao-bom-retiro-em-abril\/\" \/>\n\t\t<meta property=\"article:published_time\" content=\"2012-03-30T20:01:47+00:00\" \/>\n\t\t<meta property=\"article:modified_time\" content=\"2019-04-29T20:04:42+00:00\" \/>\n\t\t<meta name=\"twitter:card\" content=\"summary_large_image\" \/>\n\t\t<meta name=\"twitter:title\" content=\"Com entrada gratuita, espet\u00e1culo \u2018O Idiota\u2019 volta ao Bom Retiro em abril | Encontra Bom Retiro\" \/>\n\t\t<meta name=\"twitter:description\" content=\"A pe\u00e7a O Idiota \u2013 Uma Novel Teatral, da mundana companhia, feita a partir da obra de Fi\u00f3dor Dostoi\u00e9vski, viaja para o Festival de Teatro de Curitiba para se apresentar de 28 de mar\u00e7o a 2 de abril de 2012 e volta para S\u00e3o Paulo, na Oficina Cultural Oswald de Andrade, para fazer as oito apresenta\u00e7\u00f5es finais, no per\u00edodo de 10\" \/>\n\t\t<script type=\"application\/ld+json\" class=\"aioseo-schema\">\n\t\t\t{\"@context\":\"https:\\\/\\\/schema.org\",\"@graph\":[{\"@type\":\"Article\",\"@id\":\"https:\\\/\\\/www.encontrabomretiro.com.br\\\/sobre\\\/com-entrada-gratuita-espetaculo-o-idiota-volta-ao-bom-retiro-em-abril\\\/#article\",\"name\":\"Com entrada gratuita, espet\\u00e1culo \\u2018O Idiota\\u2019 volta ao Bom Retiro em abril | Encontra Bom Retiro\",\"headline\":\"Com entrada gratuita, espet\\u00e1culo &#8216;O Idiota&#8217; volta ao Bom Retiro em abril\",\"author\":{\"@id\":\"https:\\\/\\\/www.encontrabomretiro.com.br\\\/sobre\\\/author\\\/ebomretiro\\\/#author\"},\"publisher\":{\"@id\":\"https:\\\/\\\/www.encontrabomretiro.com.br\\\/sobre\\\/#organization\"},\"datePublished\":\"2012-03-30T18:01:47-02:00\",\"dateModified\":\"2019-04-29T18:04:42-02:00\",\"inLanguage\":\"pt-BR\",\"mainEntityOfPage\":{\"@id\":\"https:\\\/\\\/www.encontrabomretiro.com.br\\\/sobre\\\/com-entrada-gratuita-espetaculo-o-idiota-volta-ao-bom-retiro-em-abril\\\/#webpage\"},\"isPartOf\":{\"@id\":\"https:\\\/\\\/www.encontrabomretiro.com.br\\\/sobre\\\/com-entrada-gratuita-espetaculo-o-idiota-volta-ao-bom-retiro-em-abril\\\/#webpage\"},\"articleSection\":\"Cultura Bom Retiro, Bom Retiro\"},{\"@type\":\"BreadcrumbList\",\"@id\":\"https:\\\/\\\/www.encontrabomretiro.com.br\\\/sobre\\\/com-entrada-gratuita-espetaculo-o-idiota-volta-ao-bom-retiro-em-abril\\\/#breadcrumblist\",\"itemListElement\":[{\"@type\":\"ListItem\",\"@id\":\"https:\\\/\\\/www.encontrabomretiro.com.br\\\/sobre#listItem\",\"position\":1,\"name\":\"Dom\\u00e9stica\",\"item\":\"https:\\\/\\\/www.encontrabomretiro.com.br\\\/sobre\",\"nextItem\":{\"@type\":\"ListItem\",\"@id\":\"https:\\\/\\\/www.encontrabomretiro.com.br\\\/sobre\\\/cultura-no-bom-retiro\\\/#listItem\",\"name\":\"Cultura Bom Retiro\"}},{\"@type\":\"ListItem\",\"@id\":\"https:\\\/\\\/www.encontrabomretiro.com.br\\\/sobre\\\/cultura-no-bom-retiro\\\/#listItem\",\"position\":2,\"name\":\"Cultura Bom Retiro\",\"item\":\"https:\\\/\\\/www.encontrabomretiro.com.br\\\/sobre\\\/cultura-no-bom-retiro\\\/\",\"nextItem\":{\"@type\":\"ListItem\",\"@id\":\"https:\\\/\\\/www.encontrabomretiro.com.br\\\/sobre\\\/com-entrada-gratuita-espetaculo-o-idiota-volta-ao-bom-retiro-em-abril\\\/#listItem\",\"name\":\"Com entrada gratuita, espet\\u00e1culo &#8216;O Idiota&#8217; volta ao Bom Retiro em abril\"},\"previousItem\":{\"@type\":\"ListItem\",\"@id\":\"https:\\\/\\\/www.encontrabomretiro.com.br\\\/sobre#listItem\",\"name\":\"Dom\\u00e9stica\"}},{\"@type\":\"ListItem\",\"@id\":\"https:\\\/\\\/www.encontrabomretiro.com.br\\\/sobre\\\/com-entrada-gratuita-espetaculo-o-idiota-volta-ao-bom-retiro-em-abril\\\/#listItem\",\"position\":3,\"name\":\"Com entrada gratuita, espet\\u00e1culo &#8216;O Idiota&#8217; volta ao Bom Retiro em abril\",\"previousItem\":{\"@type\":\"ListItem\",\"@id\":\"https:\\\/\\\/www.encontrabomretiro.com.br\\\/sobre\\\/cultura-no-bom-retiro\\\/#listItem\",\"name\":\"Cultura Bom Retiro\"}}]},{\"@type\":\"Organization\",\"@id\":\"https:\\\/\\\/www.encontrabomretiro.com.br\\\/sobre\\\/#organization\",\"name\":\"Encontra Bom Retiro\",\"description\":\"Not\\u00edcias, eventos, informa\\u00e7\\u00f5es e dicas no bairro do Bom Retiro e regi\\u00e3o.\",\"url\":\"https:\\\/\\\/www.encontrabomretiro.com.br\\\/sobre\\\/\"},{\"@type\":\"Person\",\"@id\":\"https:\\\/\\\/www.encontrabomretiro.com.br\\\/sobre\\\/author\\\/ebomretiro\\\/#author\",\"url\":\"https:\\\/\\\/www.encontrabomretiro.com.br\\\/sobre\\\/author\\\/ebomretiro\\\/\",\"name\":\"Encontra Bom Retiro\",\"image\":{\"@type\":\"ImageObject\",\"@id\":\"https:\\\/\\\/www.encontrabomretiro.com.br\\\/sobre\\\/com-entrada-gratuita-espetaculo-o-idiota-volta-ao-bom-retiro-em-abril\\\/#authorImage\",\"url\":\"https:\\\/\\\/secure.gravatar.com\\\/avatar\\\/507340682b8270222e1f208e23198b6ae7e2c6a1033ae84e99bc6bce4f82a387?s=96&d=mm&r=g\",\"width\":96,\"height\":96,\"caption\":\"Encontra Bom Retiro\"}},{\"@type\":\"WebPage\",\"@id\":\"https:\\\/\\\/www.encontrabomretiro.com.br\\\/sobre\\\/com-entrada-gratuita-espetaculo-o-idiota-volta-ao-bom-retiro-em-abril\\\/#webpage\",\"url\":\"https:\\\/\\\/www.encontrabomretiro.com.br\\\/sobre\\\/com-entrada-gratuita-espetaculo-o-idiota-volta-ao-bom-retiro-em-abril\\\/\",\"name\":\"Com entrada gratuita, espet\\u00e1culo \\u2018O Idiota\\u2019 volta ao Bom Retiro em abril | Encontra Bom Retiro\",\"description\":\"A pe\\u00e7a O Idiota \\u2013 Uma Novel Teatral, da mundana companhia, feita a partir da obra de Fi\\u00f3dor Dostoi\\u00e9vski, viaja para o Festival de Teatro de Curitiba para se apresentar de 28 de mar\\u00e7o a 2 de abril de 2012 e volta para S\\u00e3o Paulo, na Oficina Cultural Oswald de Andrade, para fazer as oito apresenta\\u00e7\\u00f5es finais, no per\\u00edodo de 10\",\"inLanguage\":\"pt-BR\",\"isPartOf\":{\"@id\":\"https:\\\/\\\/www.encontrabomretiro.com.br\\\/sobre\\\/#website\"},\"breadcrumb\":{\"@id\":\"https:\\\/\\\/www.encontrabomretiro.com.br\\\/sobre\\\/com-entrada-gratuita-espetaculo-o-idiota-volta-ao-bom-retiro-em-abril\\\/#breadcrumblist\"},\"author\":{\"@id\":\"https:\\\/\\\/www.encontrabomretiro.com.br\\\/sobre\\\/author\\\/ebomretiro\\\/#author\"},\"creator\":{\"@id\":\"https:\\\/\\\/www.encontrabomretiro.com.br\\\/sobre\\\/author\\\/ebomretiro\\\/#author\"},\"datePublished\":\"2012-03-30T18:01:47-02:00\",\"dateModified\":\"2019-04-29T18:04:42-02:00\"},{\"@type\":\"WebSite\",\"@id\":\"https:\\\/\\\/www.encontrabomretiro.com.br\\\/sobre\\\/#website\",\"url\":\"https:\\\/\\\/www.encontrabomretiro.com.br\\\/sobre\\\/\",\"name\":\"Encontra Bom Retiro\",\"description\":\"Not\\u00edcias, eventos, informa\\u00e7\\u00f5es e dicas no bairro do Bom Retiro e regi\\u00e3o.\",\"inLanguage\":\"pt-BR\",\"publisher\":{\"@id\":\"https:\\\/\\\/www.encontrabomretiro.com.br\\\/sobre\\\/#organization\"}}]}\n\t\t<\/script>\n\t\t<!-- All in One SEO -->\n\n","aioseo_head_json":{"title":"Com entrada gratuita, espet\u00e1culo \u2018O Idiota\u2019 volta ao Bom Retiro em abril | Encontra Bom Retiro","description":"A pe\u00e7a O Idiota \u2013 Uma Novel Teatral, da mundana companhia, feita a partir da obra de Fi\u00f3dor Dostoi\u00e9vski, viaja para o Festival de Teatro de Curitiba para se apresentar de 28 de mar\u00e7o a 2 de abril de 2012 e volta para S\u00e3o Paulo, na Oficina Cultural Oswald de Andrade, para fazer as oito apresenta\u00e7\u00f5es finais, no per\u00edodo de 10","canonical_url":"https:\/\/www.encontrabomretiro.com.br\/sobre\/com-entrada-gratuita-espetaculo-o-idiota-volta-ao-bom-retiro-em-abril\/","robots":"max-image-preview:large","keywords":"","webmasterTools":{"miscellaneous":""},"schema":{"@context":"https:\/\/schema.org","@graph":[{"@type":"Article","@id":"https:\/\/www.encontrabomretiro.com.br\/sobre\/com-entrada-gratuita-espetaculo-o-idiota-volta-ao-bom-retiro-em-abril\/#article","name":"Com entrada gratuita, espet\u00e1culo \u2018O Idiota\u2019 volta ao Bom Retiro em abril | Encontra Bom Retiro","headline":"Com entrada gratuita, espet\u00e1culo &#8216;O Idiota&#8217; volta ao Bom Retiro em abril","author":{"@id":"https:\/\/www.encontrabomretiro.com.br\/sobre\/author\/ebomretiro\/#author"},"publisher":{"@id":"https:\/\/www.encontrabomretiro.com.br\/sobre\/#organization"},"datePublished":"2012-03-30T18:01:47-02:00","dateModified":"2019-04-29T18:04:42-02:00","inLanguage":"pt-BR","mainEntityOfPage":{"@id":"https:\/\/www.encontrabomretiro.com.br\/sobre\/com-entrada-gratuita-espetaculo-o-idiota-volta-ao-bom-retiro-em-abril\/#webpage"},"isPartOf":{"@id":"https:\/\/www.encontrabomretiro.com.br\/sobre\/com-entrada-gratuita-espetaculo-o-idiota-volta-ao-bom-retiro-em-abril\/#webpage"},"articleSection":"Cultura Bom Retiro, Bom Retiro"},{"@type":"BreadcrumbList","@id":"https:\/\/www.encontrabomretiro.com.br\/sobre\/com-entrada-gratuita-espetaculo-o-idiota-volta-ao-bom-retiro-em-abril\/#breadcrumblist","itemListElement":[{"@type":"ListItem","@id":"https:\/\/www.encontrabomretiro.com.br\/sobre#listItem","position":1,"name":"Dom\u00e9stica","item":"https:\/\/www.encontrabomretiro.com.br\/sobre","nextItem":{"@type":"ListItem","@id":"https:\/\/www.encontrabomretiro.com.br\/sobre\/cultura-no-bom-retiro\/#listItem","name":"Cultura Bom Retiro"}},{"@type":"ListItem","@id":"https:\/\/www.encontrabomretiro.com.br\/sobre\/cultura-no-bom-retiro\/#listItem","position":2,"name":"Cultura Bom Retiro","item":"https:\/\/www.encontrabomretiro.com.br\/sobre\/cultura-no-bom-retiro\/","nextItem":{"@type":"ListItem","@id":"https:\/\/www.encontrabomretiro.com.br\/sobre\/com-entrada-gratuita-espetaculo-o-idiota-volta-ao-bom-retiro-em-abril\/#listItem","name":"Com entrada gratuita, espet\u00e1culo &#8216;O Idiota&#8217; volta ao Bom Retiro em abril"},"previousItem":{"@type":"ListItem","@id":"https:\/\/www.encontrabomretiro.com.br\/sobre#listItem","name":"Dom\u00e9stica"}},{"@type":"ListItem","@id":"https:\/\/www.encontrabomretiro.com.br\/sobre\/com-entrada-gratuita-espetaculo-o-idiota-volta-ao-bom-retiro-em-abril\/#listItem","position":3,"name":"Com entrada gratuita, espet\u00e1culo &#8216;O Idiota&#8217; volta ao Bom Retiro em abril","previousItem":{"@type":"ListItem","@id":"https:\/\/www.encontrabomretiro.com.br\/sobre\/cultura-no-bom-retiro\/#listItem","name":"Cultura Bom Retiro"}}]},{"@type":"Organization","@id":"https:\/\/www.encontrabomretiro.com.br\/sobre\/#organization","name":"Encontra Bom Retiro","description":"Not\u00edcias, eventos, informa\u00e7\u00f5es e dicas no bairro do Bom Retiro e regi\u00e3o.","url":"https:\/\/www.encontrabomretiro.com.br\/sobre\/"},{"@type":"Person","@id":"https:\/\/www.encontrabomretiro.com.br\/sobre\/author\/ebomretiro\/#author","url":"https:\/\/www.encontrabomretiro.com.br\/sobre\/author\/ebomretiro\/","name":"Encontra Bom Retiro","image":{"@type":"ImageObject","@id":"https:\/\/www.encontrabomretiro.com.br\/sobre\/com-entrada-gratuita-espetaculo-o-idiota-volta-ao-bom-retiro-em-abril\/#authorImage","url":"https:\/\/secure.gravatar.com\/avatar\/507340682b8270222e1f208e23198b6ae7e2c6a1033ae84e99bc6bce4f82a387?s=96&d=mm&r=g","width":96,"height":96,"caption":"Encontra Bom Retiro"}},{"@type":"WebPage","@id":"https:\/\/www.encontrabomretiro.com.br\/sobre\/com-entrada-gratuita-espetaculo-o-idiota-volta-ao-bom-retiro-em-abril\/#webpage","url":"https:\/\/www.encontrabomretiro.com.br\/sobre\/com-entrada-gratuita-espetaculo-o-idiota-volta-ao-bom-retiro-em-abril\/","name":"Com entrada gratuita, espet\u00e1culo \u2018O Idiota\u2019 volta ao Bom Retiro em abril | Encontra Bom Retiro","description":"A pe\u00e7a O Idiota \u2013 Uma Novel Teatral, da mundana companhia, feita a partir da obra de Fi\u00f3dor Dostoi\u00e9vski, viaja para o Festival de Teatro de Curitiba para se apresentar de 28 de mar\u00e7o a 2 de abril de 2012 e volta para S\u00e3o Paulo, na Oficina Cultural Oswald de Andrade, para fazer as oito apresenta\u00e7\u00f5es finais, no per\u00edodo de 10","inLanguage":"pt-BR","isPartOf":{"@id":"https:\/\/www.encontrabomretiro.com.br\/sobre\/#website"},"breadcrumb":{"@id":"https:\/\/www.encontrabomretiro.com.br\/sobre\/com-entrada-gratuita-espetaculo-o-idiota-volta-ao-bom-retiro-em-abril\/#breadcrumblist"},"author":{"@id":"https:\/\/www.encontrabomretiro.com.br\/sobre\/author\/ebomretiro\/#author"},"creator":{"@id":"https:\/\/www.encontrabomretiro.com.br\/sobre\/author\/ebomretiro\/#author"},"datePublished":"2012-03-30T18:01:47-02:00","dateModified":"2019-04-29T18:04:42-02:00"},{"@type":"WebSite","@id":"https:\/\/www.encontrabomretiro.com.br\/sobre\/#website","url":"https:\/\/www.encontrabomretiro.com.br\/sobre\/","name":"Encontra Bom Retiro","description":"Not\u00edcias, eventos, informa\u00e7\u00f5es e dicas no bairro do Bom Retiro e regi\u00e3o.","inLanguage":"pt-BR","publisher":{"@id":"https:\/\/www.encontrabomretiro.com.br\/sobre\/#organization"}}]},"og:locale":"pt_BR","og:site_name":"Encontra Bom Retiro | Not\u00edcias, eventos, informa\u00e7\u00f5es e dicas no bairro do Bom Retiro e regi\u00e3o.","og:type":"article","og:title":"Com entrada gratuita, espet\u00e1culo \u2018O Idiota\u2019 volta ao Bom Retiro em abril | Encontra Bom Retiro","og:description":"A pe\u00e7a O Idiota \u2013 Uma Novel Teatral, da mundana companhia, feita a partir da obra de Fi\u00f3dor Dostoi\u00e9vski, viaja para o Festival de Teatro de Curitiba para se apresentar de 28 de mar\u00e7o a 2 de abril de 2012 e volta para S\u00e3o Paulo, na Oficina Cultural Oswald de Andrade, para fazer as oito apresenta\u00e7\u00f5es finais, no per\u00edodo de 10","og:url":"https:\/\/www.encontrabomretiro.com.br\/sobre\/com-entrada-gratuita-espetaculo-o-idiota-volta-ao-bom-retiro-em-abril\/","article:published_time":"2012-03-30T20:01:47+00:00","article:modified_time":"2019-04-29T20:04:42+00:00","twitter:card":"summary_large_image","twitter:title":"Com entrada gratuita, espet\u00e1culo \u2018O Idiota\u2019 volta ao Bom Retiro em abril | Encontra Bom Retiro","twitter:description":"A pe\u00e7a O Idiota \u2013 Uma Novel Teatral, da mundana companhia, feita a partir da obra de Fi\u00f3dor Dostoi\u00e9vski, viaja para o Festival de Teatro de Curitiba para se apresentar de 28 de mar\u00e7o a 2 de abril de 2012 e volta para S\u00e3o Paulo, na Oficina Cultural Oswald de Andrade, para fazer as oito apresenta\u00e7\u00f5es finais, no per\u00edodo de 10"},"aioseo_meta_data":{"post_id":"345","title":null,"description":null,"keywords":null,"keyphrases":null,"primary_term":null,"canonical_url":null,"og_title":null,"og_description":null,"og_object_type":"default","og_image_type":"default","og_image_url":null,"og_image_width":null,"og_image_height":null,"og_image_custom_url":null,"og_image_custom_fields":null,"og_video":null,"og_custom_url":null,"og_article_section":null,"og_article_tags":null,"twitter_use_og":false,"twitter_card":"default","twitter_image_type":"default","twitter_image_url":null,"twitter_image_custom_url":null,"twitter_image_custom_fields":null,"twitter_title":null,"twitter_description":null,"schema":{"blockGraphs":[],"customGraphs":[],"default":{"data":{"Article":[],"Course":[],"Dataset":[],"FAQPage":[],"Movie":[],"Person":[],"Product":[],"ProductReview":[],"Car":[],"Recipe":[],"Service":[],"SoftwareApplication":[],"WebPage":[]},"graphName":"","isEnabled":true},"graphs":[]},"schema_type":"default","schema_type_options":null,"pillar_content":false,"robots_default":true,"robots_noindex":false,"robots_noarchive":false,"robots_nosnippet":false,"robots_nofollow":false,"robots_noimageindex":false,"robots_noodp":false,"robots_notranslate":false,"robots_max_snippet":null,"robots_max_videopreview":null,"robots_max_imagepreview":"large","priority":null,"frequency":null,"local_seo":null,"breadcrumb_settings":null,"limit_modified_date":false,"ai":null,"created":"2023-10-16 13:04:04","updated":"2025-10-03 13:55:00","focus_keyword":null,"additional_keywords":null,"truseo_locale":null,"seo_analyzer_scan_date":null},"aioseo_breadcrumb":"<div class=\"aioseo-breadcrumbs\"><span class=\"aioseo-breadcrumb\">\n\t\t\t<a href=\"https:\/\/www.encontrabomretiro.com.br\/sobre\" title=\"Dom\u00e9stica\">Dom\u00e9stica<\/a>\n\t\t<\/span><span class=\"aioseo-breadcrumb-separator\">&raquo;<\/span><span class=\"aioseo-breadcrumb\">\n\t\t\t<a href=\"https:\/\/www.encontrabomretiro.com.br\/sobre\/cultura-no-bom-retiro\/\" title=\"Cultura Bom Retiro\">Cultura Bom Retiro<\/a>\n\t\t<\/span><span class=\"aioseo-breadcrumb-separator\">&raquo;<\/span><span class=\"aioseo-breadcrumb\">\n\t\t\tCom entrada gratuita, espet\u00e1culo \u2018O Idiota\u2019 volta ao Bom Retiro em abril\n\t\t<\/span><\/div>","aioseo_breadcrumb_json":[{"label":"Dom\u00e9stica","link":"https:\/\/www.encontrabomretiro.com.br\/sobre"},{"label":"Cultura Bom Retiro","link":"https:\/\/www.encontrabomretiro.com.br\/sobre\/cultura-no-bom-retiro\/"},{"label":"Com entrada gratuita, espet\u00e1culo &#8216;O Idiota&#8217; volta ao Bom Retiro em abril","link":"https:\/\/www.encontrabomretiro.com.br\/sobre\/com-entrada-gratuita-espetaculo-o-idiota-volta-ao-bom-retiro-em-abril\/"}],"_links":{"self":[{"href":"https:\/\/www.encontrabomretiro.com.br\/sobre\/wp-json\/wp\/v2\/posts\/345","targetHints":{"allow":["GET"]}}],"collection":[{"href":"https:\/\/www.encontrabomretiro.com.br\/sobre\/wp-json\/wp\/v2\/posts"}],"about":[{"href":"https:\/\/www.encontrabomretiro.com.br\/sobre\/wp-json\/wp\/v2\/types\/post"}],"author":[{"embeddable":true,"href":"https:\/\/www.encontrabomretiro.com.br\/sobre\/wp-json\/wp\/v2\/users\/1"}],"replies":[{"embeddable":true,"href":"https:\/\/www.encontrabomretiro.com.br\/sobre\/wp-json\/wp\/v2\/comments?post=345"}],"version-history":[{"count":0,"href":"https:\/\/www.encontrabomretiro.com.br\/sobre\/wp-json\/wp\/v2\/posts\/345\/revisions"}],"wp:attachment":[{"href":"https:\/\/www.encontrabomretiro.com.br\/sobre\/wp-json\/wp\/v2\/media?parent=345"}],"wp:term":[{"taxonomy":"category","embeddable":true,"href":"https:\/\/www.encontrabomretiro.com.br\/sobre\/wp-json\/wp\/v2\/categories?post=345"},{"taxonomy":"post_tag","embeddable":true,"href":"https:\/\/www.encontrabomretiro.com.br\/sobre\/wp-json\/wp\/v2\/tags?post=345"}],"curies":[{"name":"wp","href":"https:\/\/api.w.org\/{rel}","templated":true}]}}