{"id":3445,"date":"2026-09-01T04:21:35","date_gmt":"2026-09-01T06:21:35","guid":{"rendered":"https:\/\/www.encontrabomretiro.com.br\/sobre\/comercio-servicos-e-turismo-lancam-campanha-contra-votacao-da-escala-6x1-antes-das-eleicoes\/"},"modified":"2026-09-01T04:21:35","modified_gmt":"2026-09-01T06:21:35","slug":"comercio-servicos-e-turismo-lancam-campanha-contra-votacao-da-escala-6x1-antes-das-eleicoes","status":"publish","type":"post","link":"https:\/\/www.encontrabomretiro.com.br\/sobre\/comercio-servicos-e-turismo-lancam-campanha-contra-votacao-da-escala-6x1-antes-das-eleicoes\/","title":{"rendered":"Com\u00e9rcio, servi\u00e7os e turismo lan\u00e7am campanha contra vota\u00e7\u00e3o da escala 6&#215;1 antes das elei\u00e7\u00f5es"},"content":{"rendered":"<div class=\"228b65ae207de3c5c501cfe75875708b\" data-index=\"1\" style=\"float: none; margin:0px;\">\n<!-- Anuncio display - global -->\r\n<ins class=\"adsbygoogle\"\r\n     style=\"display:block\"\r\n     data-ad-client=\"ca-pub-8585364105181520\"\r\n     data-ad-slot=\"8789329856\"\r\n     data-ad-format=\"auto\"\r\n     data-full-width-responsive=\"true\"><\/ins>\r\n<script>\r\n     (adsbygoogle = window.adsbygoogle || []).push({});\r\n<\/script>\n<\/div>\n<h2>Entenda o que \u00e9 a Escala 6&#215;1<\/h2>\n<p>A <strong>escala 6&#215;1<\/strong> \u00e9 um regime de trabalho muito comum em diversos setores, especialmente no com\u00e9rcio e servi\u00e7os. Nesse modelo, o trabalhador realiza suas atividades durante seis dias consecutivos, seguido de um dia de folga. Esse esquema \u00e9 amplamente utilizado devido \u00e0 sua flexibilidade, permitindo que as empresas mantenham opera\u00e7\u00f5es cont\u00ednuas e ofere\u00e7am servi\u00e7os durante o maior n\u00famero poss\u00edvel de dias.<\/p>\n<h2>Motivos para a Oposi\u00e7\u00e3o da Proposta<\/h2>\n<p>A proposta de altera\u00e7\u00e3o do regime de trabalho, que contempla a redu\u00e7\u00e3o da carga hor\u00e1ria e a transi\u00e7\u00e3o para um esquema que n\u00e3o contemple a escala 6&#215;1, tem gerado diversas controv\u00e9rsias. Representantes da <strong>Confedera\u00e7\u00e3o Nacional do Com\u00e9rcio (CNC)<\/strong> e outros segmentos da sociedade est\u00e3o preocupados com o impacto que essa mudan\u00e7a pode ter sobre as opera\u00e7\u00f5es dos neg\u00f3cios, principalmente em um momento eleitoral, quando a economia se torna ainda mais delicada.<\/p>\n<h2>Impactos Econ\u00f4micos da Redu\u00e7\u00e3o da Jornada<\/h2>\n<p>Altera\u00e7\u00f5es nas regras de trabalho n\u00e3o afetam apenas a rotina dos empregadores e empregados, mas tamb\u00e9m t\u00eam repercuss\u00f5es diretas na economia. A CNC argumenta que a extin\u00e7\u00e3o do modelo 6&#215;1 pode resultar em um aumento consider\u00e1vel dos custos operacionais para muitas empresas, especialmente as menores, que muitas vezes j\u00e1 lutam para se manter competitivas no mercado. Se os custos subirem, existe o risco de que as empresas tenham que repassar essas despesas aos consumidores finales.<\/p>\n<p><img decoding=\"async\" src=\"https:\/\/www.encontrabomretiro.com.br\/sobre\/wp-content\/uploads\/2026\/09\/comercio-servicos-e-turismo-lancam-campanha-contra-votacao-da-escala-6x1-antes-das-eleicoes.webp\" alt=\"escala 6x1\" loading=\"lazy\" \/><\/p>\n<h2>A Vis\u00e3o do Setor Comercial sobre a Mudan\u00e7a<\/h2>\n<p>As vozes do setor comercial s\u00e3o un\u00e2nimes em expressar preocupa\u00e7\u00f5es. Muitos empres\u00e1rios acreditam que mudan\u00e7as na escala de trabalho poderiam desestabilizar a j\u00e1 fr\u00e1gil economia atual. Al\u00e9m disso, eles apontam que a press\u00e3o por essas altera\u00e7\u00f5es parece ser mais uma jogada pol\u00edtica do que uma verdadeira busca pelo bem-estar do trabalhador. A ideia \u00e9 que as condi\u00e7\u00f5es de trabalho j\u00e1 seriam favor\u00e1veis e que a introdu\u00e7\u00e3o de uma nova legisla\u00e7\u00e3o neste momento poderia ser mais prejudicial do que ben\u00e9fica.<\/p>\n<h2>Propostas em An\u00e1lise na Comiss\u00e3o do Senado<\/h2>\n<p>A Proposta de Emenda \u00e0 Constitui\u00e7\u00e3o (PEC) que est\u00e1 sendo discutida no Senado traz \u00e0 tona a perspectiva de reduzir a jornada semanal de trabalho de 44 horas para 40 horas, ao passo que tamb\u00e9m adiciona um dia de descanso. Atrav\u00e9s de sua aprova\u00e7\u00e3o, o governo visa n\u00e3o apenas atender demandas sociais, mas tamb\u00e9m propiciar um ambiente de trabalho mais saud\u00e1vel. No entanto, a CNC e outros grupos argumentam que essa mudan\u00e7a deve ser debatida com mais profundidade e em um momento adequado, longe das press\u00f5es eleitorais.<\/p>\n<h2>A Import\u00e2ncia do Debate Pr\u00e9-Eleitoral<\/h2>\n<p>Em um contexto onde se aproxima mais um per\u00edodo eleitoral, a import\u00e2ncia do debate em torno da legisla\u00e7\u00e3o trabalhista se intensifica. Muitos acreditam que altera\u00e7\u00f5es devem ocorrer de forma mais cuidadosa e que uma mudan\u00e7a t\u00e3o significativa no regime de trabalho n\u00e3o deve ser imposta sem um discuss\u00e3o ampla e transparente com todos os setores envolvidos. As consequ\u00eancias dessa legisla\u00e7\u00e3o podem perdurar por anos, afetando futuros governos e a rela\u00e7\u00e3o entre empregadores e empregados.<\/p>\n<h2>Rea\u00e7\u00f5es de Entidades de Com\u00e9rcio e Turismo<\/h2>\n<p>Al\u00e9m da CNC, outras entidades do setor de servi\u00e7os e turismo tamb\u00e9m expressaram suas preocupa\u00e7\u00f5es. Elas destacam que a imposi\u00e7\u00e3o de novas regras trabalhistas pode desencadear um cen\u00e1rio de incertezas, o que pode impactar negativamente as opera\u00e7\u00f5es comerciais e, por consequ\u00eancia, a gera\u00e7\u00e3o de empregos. As entidades refor\u00e7am a import\u00e2ncia de uma abordagem equitativa onde o bem-estar do trabalhador e a sa\u00fade econ\u00f4mica das empresas sejam levados em considera\u00e7\u00e3o.<\/p>\n<h2>Lula e a Press\u00e3o por Vota\u00e7\u00e3o Antes das Elei\u00e7\u00f5es<\/h2>\n<p>O presidente <strong>Lula<\/strong> est\u00e1 sob press\u00e3o para assegurar a aprova\u00e7\u00e3o da proposta antes das elei\u00e7\u00f5es. Seu governo acredita que a introdu\u00e7\u00e3o de uma legisla\u00e7\u00e3o que reduz a jornada e altera o modelo de escala de trabalho pode atender aos anseios da classe trabalhadora e potencializ\u00e1-lo nas elei\u00e7\u00f5es. Essa situa\u00e7\u00e3o gerou uma polariza\u00e7\u00e3o ainda maior em torno do assunto e levantou quest\u00f5es sobre as verdadeiras motiva\u00e7\u00f5es por tr\u00e1s da mudan\u00e7a.<\/p>\n<h2>Perspectivas para o Mercado de Trabalho<\/h2>\n<p>As mudan\u00e7as atuais no modelo de trabalho poder\u00e3o redefinir a din\u00e2mica do mercado de trabalho no Brasil. Declara\u00e7\u00f5es de apoio \u00e0 nova legisla\u00e7\u00e3o se misturam a preocupa\u00e7\u00f5es leg\u00edtimas sobre como a implementa\u00e7\u00e3o pode afetar a disponibilidade de postos de trabalho. No entanto, \u00e9 consenso que qualquer decis\u00e3o deve priorizar o di\u00e1logo e a elabora\u00e7\u00e3o conjunta para garantir que as solu\u00e7\u00f5es atendam tanto aos direitos trabalhistas quanto ao crescimento econ\u00f4mico.<\/p>\n<h2>O Futuro da Legisla\u00e7\u00e3o Trabalhista no Brasil<\/h2>\n<p>Com a evolu\u00e7\u00e3o das discuss\u00f5es sobre a legisla\u00e7\u00e3o trabalhista, as mudan\u00e7as que ocorrem hoje podem moldar as diretrizes de trabalho nos pr\u00f3ximos anos. Seja na implementa\u00e7\u00e3o de modelos mais flex\u00edveis ou na manuten\u00e7\u00e3o de tradi\u00e7\u00f5es que j\u00e1 demonstraram efici\u00eancia, o Brasil est\u00e1 em um momento crucial que exige cautela e reflex\u00e3o adequada aos desafios que se avizinham.<\/p>\n\n<div style=\"font-size: 0px; height: 0px; line-height: 0px; margin: 0; padding: 0; clear: both;\"><\/div>","protected":false},"excerpt":{"rendered":"<p>Campanha do com\u00e9rcio busca barrar a vota\u00e7\u00e3o da escala 6&#215;1 antes das elei\u00e7\u00f5es.<\/p>\n","protected":false},"author":1,"featured_media":3444,"comment_status":"open","ping_status":"closed","sticky":false,"template":"","format":"standard","meta":{"footnotes":""},"categories":[6],"tags":[],"class_list":["post-3445","post","type-post","status-publish","format-standard","has-post-thumbnail","hentry","category-noticias-no-bom-retiro","has_thumb"],"aioseo_notices":[],"aioseo_head":"\n\t\t<!-- All in One SEO 5.0.0.1 - aioseo.com -->\n\t<meta name=\"description\" content=\"Campanha do com\u00e9rcio busca barrar a vota\u00e7\u00e3o da escala 6x1 antes das elei\u00e7\u00f5es.\" \/>\n\t<meta name=\"robots\" content=\"max-image-preview:large\" \/>\n\t<meta name=\"author\" content=\"Encontra Bom Retiro\"\/>\n\t<link rel=\"canonical\" href=\"https:\/\/www.encontrabomretiro.com.br\/sobre\/comercio-servicos-e-turismo-lancam-campanha-contra-votacao-da-escala-6x1-antes-das-eleicoes\/\" \/>\n\t<meta name=\"generator\" content=\"All in One SEO (AIOSEO) 5.0.0.1\" \/>\n\t\t<meta property=\"og:locale\" content=\"pt_BR\" \/>\n\t\t<meta property=\"og:site_name\" content=\"Encontra Bom Retiro | Not\u00edcias, eventos, informa\u00e7\u00f5es e dicas no bairro do Bom Retiro e regi\u00e3o.\" \/>\n\t\t<meta property=\"og:type\" content=\"article\" \/>\n\t\t<meta property=\"og:title\" content=\"Com\u00e9rcio, servi\u00e7os e turismo lan\u00e7am campanha contra vota\u00e7\u00e3o da escala 6\u00d71 antes das elei\u00e7\u00f5es | Encontra Bom Retiro\" \/>\n\t\t<meta property=\"og:description\" content=\"Campanha do com\u00e9rcio busca barrar a vota\u00e7\u00e3o da escala 6x1 antes das elei\u00e7\u00f5es.\" \/>\n\t\t<meta property=\"og:url\" content=\"https:\/\/www.encontrabomretiro.com.br\/sobre\/comercio-servicos-e-turismo-lancam-campanha-contra-votacao-da-escala-6x1-antes-das-eleicoes\/\" \/>\n\t\t<meta property=\"article:published_time\" content=\"2026-09-01T06:21:35+00:00\" \/>\n\t\t<meta property=\"article:modified_time\" content=\"2026-09-01T06:21:35+00:00\" \/>\n\t\t<meta name=\"twitter:card\" content=\"summary_large_image\" \/>\n\t\t<meta name=\"twitter:title\" content=\"Com\u00e9rcio, servi\u00e7os e turismo lan\u00e7am campanha contra vota\u00e7\u00e3o da escala 6\u00d71 antes das elei\u00e7\u00f5es | Encontra Bom Retiro\" \/>\n\t\t<meta name=\"twitter:description\" content=\"Campanha do com\u00e9rcio busca barrar a vota\u00e7\u00e3o da escala 6x1 antes das elei\u00e7\u00f5es.\" \/>\n\t\t<script type=\"application\/ld+json\" class=\"aioseo-schema\">\n\t\t\t{\"@context\":\"https:\\\/\\\/schema.org\",\"@graph\":[{\"@type\":\"Article\",\"@id\":\"https:\\\/\\\/www.encontrabomretiro.com.br\\\/sobre\\\/comercio-servicos-e-turismo-lancam-campanha-contra-votacao-da-escala-6x1-antes-das-eleicoes\\\/#article\",\"name\":\"Com\\u00e9rcio, servi\\u00e7os e turismo lan\\u00e7am campanha contra vota\\u00e7\\u00e3o da escala 6\\u00d71 antes das elei\\u00e7\\u00f5es | Encontra Bom Retiro\",\"headline\":\"Com\\u00e9rcio, servi\\u00e7os e turismo lan\\u00e7am campanha contra vota\\u00e7\\u00e3o da escala 6&#215;1 antes das elei\\u00e7\\u00f5es\",\"author\":{\"@id\":\"https:\\\/\\\/www.encontrabomretiro.com.br\\\/sobre\\\/author\\\/ebomretiro\\\/#author\"},\"publisher\":{\"@id\":\"https:\\\/\\\/www.encontrabomretiro.com.br\\\/sobre\\\/#organization\"},\"image\":{\"@type\":\"ImageObject\",\"url\":\"https:\\\/\\\/www.encontrabomretiro.com.br\\\/sobre\\\/wp-content\\\/uploads\\\/2026\\\/09\\\/comercio-servicos-e-turismo-lancam-campanha-contra-votacao-da-escala-6x1-antes-das-eleicoes.webp\",\"width\":280,\"height\":280,\"caption\":\"escala 6x1\"},\"datePublished\":\"2026-09-01T04:21:35-02:00\",\"dateModified\":\"2026-09-01T04:21:35-02:00\",\"inLanguage\":\"pt-BR\",\"mainEntityOfPage\":{\"@id\":\"https:\\\/\\\/www.encontrabomretiro.com.br\\\/sobre\\\/comercio-servicos-e-turismo-lancam-campanha-contra-votacao-da-escala-6x1-antes-das-eleicoes\\\/#webpage\"},\"isPartOf\":{\"@id\":\"https:\\\/\\\/www.encontrabomretiro.com.br\\\/sobre\\\/comercio-servicos-e-turismo-lancam-campanha-contra-votacao-da-escala-6x1-antes-das-eleicoes\\\/#webpage\"},\"articleSection\":\"Not\\u00edcias Bom Retiro\"},{\"@type\":\"BreadcrumbList\",\"@id\":\"https:\\\/\\\/www.encontrabomretiro.com.br\\\/sobre\\\/comercio-servicos-e-turismo-lancam-campanha-contra-votacao-da-escala-6x1-antes-das-eleicoes\\\/#breadcrumblist\",\"itemListElement\":[{\"@type\":\"ListItem\",\"@id\":\"https:\\\/\\\/www.encontrabomretiro.com.br\\\/sobre#listItem\",\"position\":1,\"name\":\"Dom\\u00e9stica\",\"item\":\"https:\\\/\\\/www.encontrabomretiro.com.br\\\/sobre\",\"nextItem\":{\"@type\":\"ListItem\",\"@id\":\"https:\\\/\\\/www.encontrabomretiro.com.br\\\/sobre\\\/noticias-no-bom-retiro\\\/#listItem\",\"name\":\"Not\\u00edcias Bom Retiro\"}},{\"@type\":\"ListItem\",\"@id\":\"https:\\\/\\\/www.encontrabomretiro.com.br\\\/sobre\\\/noticias-no-bom-retiro\\\/#listItem\",\"position\":2,\"name\":\"Not\\u00edcias Bom Retiro\",\"item\":\"https:\\\/\\\/www.encontrabomretiro.com.br\\\/sobre\\\/noticias-no-bom-retiro\\\/\",\"nextItem\":{\"@type\":\"ListItem\",\"@id\":\"https:\\\/\\\/www.encontrabomretiro.com.br\\\/sobre\\\/comercio-servicos-e-turismo-lancam-campanha-contra-votacao-da-escala-6x1-antes-das-eleicoes\\\/#listItem\",\"name\":\"Com\\u00e9rcio, servi\\u00e7os e turismo lan\\u00e7am campanha contra vota\\u00e7\\u00e3o da escala 6&#215;1 antes das elei\\u00e7\\u00f5es\"},\"previousItem\":{\"@type\":\"ListItem\",\"@id\":\"https:\\\/\\\/www.encontrabomretiro.com.br\\\/sobre#listItem\",\"name\":\"Dom\\u00e9stica\"}},{\"@type\":\"ListItem\",\"@id\":\"https:\\\/\\\/www.encontrabomretiro.com.br\\\/sobre\\\/comercio-servicos-e-turismo-lancam-campanha-contra-votacao-da-escala-6x1-antes-das-eleicoes\\\/#listItem\",\"position\":3,\"name\":\"Com\\u00e9rcio, servi\\u00e7os e turismo lan\\u00e7am campanha contra vota\\u00e7\\u00e3o da escala 6&#215;1 antes das elei\\u00e7\\u00f5es\",\"previousItem\":{\"@type\":\"ListItem\",\"@id\":\"https:\\\/\\\/www.encontrabomretiro.com.br\\\/sobre\\\/noticias-no-bom-retiro\\\/#listItem\",\"name\":\"Not\\u00edcias Bom Retiro\"}}]},{\"@type\":\"Organization\",\"@id\":\"https:\\\/\\\/www.encontrabomretiro.com.br\\\/sobre\\\/#organization\",\"name\":\"Encontra Bom Retiro\",\"description\":\"Not\\u00edcias, eventos, informa\\u00e7\\u00f5es e dicas no bairro do Bom Retiro e regi\\u00e3o.\",\"url\":\"https:\\\/\\\/www.encontrabomretiro.com.br\\\/sobre\\\/\"},{\"@type\":\"Person\",\"@id\":\"https:\\\/\\\/www.encontrabomretiro.com.br\\\/sobre\\\/author\\\/ebomretiro\\\/#author\",\"url\":\"https:\\\/\\\/www.encontrabomretiro.com.br\\\/sobre\\\/author\\\/ebomretiro\\\/\",\"name\":\"Encontra Bom Retiro\",\"image\":{\"@type\":\"ImageObject\",\"@id\":\"https:\\\/\\\/www.encontrabomretiro.com.br\\\/sobre\\\/comercio-servicos-e-turismo-lancam-campanha-contra-votacao-da-escala-6x1-antes-das-eleicoes\\\/#authorImage\",\"url\":\"https:\\\/\\\/secure.gravatar.com\\\/avatar\\\/507340682b8270222e1f208e23198b6ae7e2c6a1033ae84e99bc6bce4f82a387?s=96&d=mm&r=g\",\"width\":96,\"height\":96,\"caption\":\"Encontra Bom Retiro\"}},{\"@type\":\"WebPage\",\"@id\":\"https:\\\/\\\/www.encontrabomretiro.com.br\\\/sobre\\\/comercio-servicos-e-turismo-lancam-campanha-contra-votacao-da-escala-6x1-antes-das-eleicoes\\\/#webpage\",\"url\":\"https:\\\/\\\/www.encontrabomretiro.com.br\\\/sobre\\\/comercio-servicos-e-turismo-lancam-campanha-contra-votacao-da-escala-6x1-antes-das-eleicoes\\\/\",\"name\":\"Com\\u00e9rcio, servi\\u00e7os e turismo lan\\u00e7am campanha contra vota\\u00e7\\u00e3o da escala 6\\u00d71 antes das elei\\u00e7\\u00f5es | Encontra Bom Retiro\",\"description\":\"Campanha do com\\u00e9rcio busca barrar a vota\\u00e7\\u00e3o da escala 6x1 antes das elei\\u00e7\\u00f5es.\",\"inLanguage\":\"pt-BR\",\"isPartOf\":{\"@id\":\"https:\\\/\\\/www.encontrabomretiro.com.br\\\/sobre\\\/#website\"},\"breadcrumb\":{\"@id\":\"https:\\\/\\\/www.encontrabomretiro.com.br\\\/sobre\\\/comercio-servicos-e-turismo-lancam-campanha-contra-votacao-da-escala-6x1-antes-das-eleicoes\\\/#breadcrumblist\"},\"author\":{\"@id\":\"https:\\\/\\\/www.encontrabomretiro.com.br\\\/sobre\\\/author\\\/ebomretiro\\\/#author\"},\"creator\":{\"@id\":\"https:\\\/\\\/www.encontrabomretiro.com.br\\\/sobre\\\/author\\\/ebomretiro\\\/#author\"},\"image\":{\"@type\":\"ImageObject\",\"url\":\"https:\\\/\\\/www.encontrabomretiro.com.br\\\/sobre\\\/wp-content\\\/uploads\\\/2026\\\/09\\\/comercio-servicos-e-turismo-lancam-campanha-contra-votacao-da-escala-6x1-antes-das-eleicoes.webp\",\"@id\":\"https:\\\/\\\/www.encontrabomretiro.com.br\\\/sobre\\\/comercio-servicos-e-turismo-lancam-campanha-contra-votacao-da-escala-6x1-antes-das-eleicoes\\\/#mainImage\",\"width\":280,\"height\":280,\"caption\":\"escala 6x1\"},\"primaryImageOfPage\":{\"@id\":\"https:\\\/\\\/www.encontrabomretiro.com.br\\\/sobre\\\/comercio-servicos-e-turismo-lancam-campanha-contra-votacao-da-escala-6x1-antes-das-eleicoes\\\/#mainImage\"},\"datePublished\":\"2026-09-01T04:21:35-02:00\",\"dateModified\":\"2026-09-01T04:21:35-02:00\"},{\"@type\":\"WebSite\",\"@id\":\"https:\\\/\\\/www.encontrabomretiro.com.br\\\/sobre\\\/#website\",\"url\":\"https:\\\/\\\/www.encontrabomretiro.com.br\\\/sobre\\\/\",\"name\":\"Encontra Bom Retiro\",\"description\":\"Not\\u00edcias, eventos, informa\\u00e7\\u00f5es e dicas no bairro do Bom Retiro e regi\\u00e3o.\",\"inLanguage\":\"pt-BR\",\"publisher\":{\"@id\":\"https:\\\/\\\/www.encontrabomretiro.com.br\\\/sobre\\\/#organization\"}}]}\n\t\t<\/script>\n\t\t<!-- All in One SEO -->\n\n","aioseo_head_json":{"title":"Com\u00e9rcio, servi\u00e7os e turismo lan\u00e7am campanha contra vota\u00e7\u00e3o da escala 6\u00d71 antes das elei\u00e7\u00f5es | Encontra Bom Retiro","description":"Campanha do com\u00e9rcio busca barrar a vota\u00e7\u00e3o da escala 6x1 antes das elei\u00e7\u00f5es.","canonical_url":"https:\/\/www.encontrabomretiro.com.br\/sobre\/comercio-servicos-e-turismo-lancam-campanha-contra-votacao-da-escala-6x1-antes-das-eleicoes\/","robots":"max-image-preview:large","keywords":"","webmasterTools":{"miscellaneous":""},"schema":{"@context":"https:\/\/schema.org","@graph":[{"@type":"Article","@id":"https:\/\/www.encontrabomretiro.com.br\/sobre\/comercio-servicos-e-turismo-lancam-campanha-contra-votacao-da-escala-6x1-antes-das-eleicoes\/#article","name":"Com\u00e9rcio, servi\u00e7os e turismo lan\u00e7am campanha contra vota\u00e7\u00e3o da escala 6\u00d71 antes das elei\u00e7\u00f5es | Encontra Bom Retiro","headline":"Com\u00e9rcio, servi\u00e7os e turismo lan\u00e7am campanha contra vota\u00e7\u00e3o da escala 6&#215;1 antes das elei\u00e7\u00f5es","author":{"@id":"https:\/\/www.encontrabomretiro.com.br\/sobre\/author\/ebomretiro\/#author"},"publisher":{"@id":"https:\/\/www.encontrabomretiro.com.br\/sobre\/#organization"},"image":{"@type":"ImageObject","url":"https:\/\/www.encontrabomretiro.com.br\/sobre\/wp-content\/uploads\/2026\/09\/comercio-servicos-e-turismo-lancam-campanha-contra-votacao-da-escala-6x1-antes-das-eleicoes.webp","width":280,"height":280,"caption":"escala 6x1"},"datePublished":"2026-09-01T04:21:35-02:00","dateModified":"2026-09-01T04:21:35-02:00","inLanguage":"pt-BR","mainEntityOfPage":{"@id":"https:\/\/www.encontrabomretiro.com.br\/sobre\/comercio-servicos-e-turismo-lancam-campanha-contra-votacao-da-escala-6x1-antes-das-eleicoes\/#webpage"},"isPartOf":{"@id":"https:\/\/www.encontrabomretiro.com.br\/sobre\/comercio-servicos-e-turismo-lancam-campanha-contra-votacao-da-escala-6x1-antes-das-eleicoes\/#webpage"},"articleSection":"Not\u00edcias Bom Retiro"},{"@type":"BreadcrumbList","@id":"https:\/\/www.encontrabomretiro.com.br\/sobre\/comercio-servicos-e-turismo-lancam-campanha-contra-votacao-da-escala-6x1-antes-das-eleicoes\/#breadcrumblist","itemListElement":[{"@type":"ListItem","@id":"https:\/\/www.encontrabomretiro.com.br\/sobre#listItem","position":1,"name":"Dom\u00e9stica","item":"https:\/\/www.encontrabomretiro.com.br\/sobre","nextItem":{"@type":"ListItem","@id":"https:\/\/www.encontrabomretiro.com.br\/sobre\/noticias-no-bom-retiro\/#listItem","name":"Not\u00edcias Bom Retiro"}},{"@type":"ListItem","@id":"https:\/\/www.encontrabomretiro.com.br\/sobre\/noticias-no-bom-retiro\/#listItem","position":2,"name":"Not\u00edcias Bom Retiro","item":"https:\/\/www.encontrabomretiro.com.br\/sobre\/noticias-no-bom-retiro\/","nextItem":{"@type":"ListItem","@id":"https:\/\/www.encontrabomretiro.com.br\/sobre\/comercio-servicos-e-turismo-lancam-campanha-contra-votacao-da-escala-6x1-antes-das-eleicoes\/#listItem","name":"Com\u00e9rcio, servi\u00e7os e turismo lan\u00e7am campanha contra vota\u00e7\u00e3o da escala 6&#215;1 antes das elei\u00e7\u00f5es"},"previousItem":{"@type":"ListItem","@id":"https:\/\/www.encontrabomretiro.com.br\/sobre#listItem","name":"Dom\u00e9stica"}},{"@type":"ListItem","@id":"https:\/\/www.encontrabomretiro.com.br\/sobre\/comercio-servicos-e-turismo-lancam-campanha-contra-votacao-da-escala-6x1-antes-das-eleicoes\/#listItem","position":3,"name":"Com\u00e9rcio, servi\u00e7os e turismo lan\u00e7am campanha contra vota\u00e7\u00e3o da escala 6&#215;1 antes das elei\u00e7\u00f5es","previousItem":{"@type":"ListItem","@id":"https:\/\/www.encontrabomretiro.com.br\/sobre\/noticias-no-bom-retiro\/#listItem","name":"Not\u00edcias Bom Retiro"}}]},{"@type":"Organization","@id":"https:\/\/www.encontrabomretiro.com.br\/sobre\/#organization","name":"Encontra Bom Retiro","description":"Not\u00edcias, eventos, informa\u00e7\u00f5es e dicas no bairro do Bom Retiro e regi\u00e3o.","url":"https:\/\/www.encontrabomretiro.com.br\/sobre\/"},{"@type":"Person","@id":"https:\/\/www.encontrabomretiro.com.br\/sobre\/author\/ebomretiro\/#author","url":"https:\/\/www.encontrabomretiro.com.br\/sobre\/author\/ebomretiro\/","name":"Encontra Bom Retiro","image":{"@type":"ImageObject","@id":"https:\/\/www.encontrabomretiro.com.br\/sobre\/comercio-servicos-e-turismo-lancam-campanha-contra-votacao-da-escala-6x1-antes-das-eleicoes\/#authorImage","url":"https:\/\/secure.gravatar.com\/avatar\/507340682b8270222e1f208e23198b6ae7e2c6a1033ae84e99bc6bce4f82a387?s=96&d=mm&r=g","width":96,"height":96,"caption":"Encontra Bom Retiro"}},{"@type":"WebPage","@id":"https:\/\/www.encontrabomretiro.com.br\/sobre\/comercio-servicos-e-turismo-lancam-campanha-contra-votacao-da-escala-6x1-antes-das-eleicoes\/#webpage","url":"https:\/\/www.encontrabomretiro.com.br\/sobre\/comercio-servicos-e-turismo-lancam-campanha-contra-votacao-da-escala-6x1-antes-das-eleicoes\/","name":"Com\u00e9rcio, servi\u00e7os e turismo lan\u00e7am campanha contra vota\u00e7\u00e3o da escala 6\u00d71 antes das elei\u00e7\u00f5es | Encontra Bom Retiro","description":"Campanha do com\u00e9rcio busca barrar a vota\u00e7\u00e3o da escala 6x1 antes das elei\u00e7\u00f5es.","inLanguage":"pt-BR","isPartOf":{"@id":"https:\/\/www.encontrabomretiro.com.br\/sobre\/#website"},"breadcrumb":{"@id":"https:\/\/www.encontrabomretiro.com.br\/sobre\/comercio-servicos-e-turismo-lancam-campanha-contra-votacao-da-escala-6x1-antes-das-eleicoes\/#breadcrumblist"},"author":{"@id":"https:\/\/www.encontrabomretiro.com.br\/sobre\/author\/ebomretiro\/#author"},"creator":{"@id":"https:\/\/www.encontrabomretiro.com.br\/sobre\/author\/ebomretiro\/#author"},"image":{"@type":"ImageObject","url":"https:\/\/www.encontrabomretiro.com.br\/sobre\/wp-content\/uploads\/2026\/09\/comercio-servicos-e-turismo-lancam-campanha-contra-votacao-da-escala-6x1-antes-das-eleicoes.webp","@id":"https:\/\/www.encontrabomretiro.com.br\/sobre\/comercio-servicos-e-turismo-lancam-campanha-contra-votacao-da-escala-6x1-antes-das-eleicoes\/#mainImage","width":280,"height":280,"caption":"escala 6x1"},"primaryImageOfPage":{"@id":"https:\/\/www.encontrabomretiro.com.br\/sobre\/comercio-servicos-e-turismo-lancam-campanha-contra-votacao-da-escala-6x1-antes-das-eleicoes\/#mainImage"},"datePublished":"2026-09-01T04:21:35-02:00","dateModified":"2026-09-01T04:21:35-02:00"},{"@type":"WebSite","@id":"https:\/\/www.encontrabomretiro.com.br\/sobre\/#website","url":"https:\/\/www.encontrabomretiro.com.br\/sobre\/","name":"Encontra Bom Retiro","description":"Not\u00edcias, eventos, informa\u00e7\u00f5es e dicas no bairro do Bom Retiro e regi\u00e3o.","inLanguage":"pt-BR","publisher":{"@id":"https:\/\/www.encontrabomretiro.com.br\/sobre\/#organization"}}]},"og:locale":"pt_BR","og:site_name":"Encontra Bom Retiro | Not\u00edcias, eventos, informa\u00e7\u00f5es e dicas no bairro do Bom Retiro e regi\u00e3o.","og:type":"article","og:title":"Com\u00e9rcio, servi\u00e7os e turismo lan\u00e7am campanha contra vota\u00e7\u00e3o da escala 6\u00d71 antes das elei\u00e7\u00f5es | Encontra Bom Retiro","og:description":"Campanha do com\u00e9rcio busca barrar a vota\u00e7\u00e3o da escala 6x1 antes das elei\u00e7\u00f5es.","og:url":"https:\/\/www.encontrabomretiro.com.br\/sobre\/comercio-servicos-e-turismo-lancam-campanha-contra-votacao-da-escala-6x1-antes-das-eleicoes\/","article:published_time":"2026-09-01T06:21:35+00:00","article:modified_time":"2026-09-01T06:21:35+00:00","twitter:card":"summary_large_image","twitter:title":"Com\u00e9rcio, servi\u00e7os e turismo lan\u00e7am campanha contra vota\u00e7\u00e3o da escala 6\u00d71 antes das elei\u00e7\u00f5es | Encontra Bom Retiro","twitter:description":"Campanha do com\u00e9rcio busca barrar a vota\u00e7\u00e3o da escala 6x1 antes das elei\u00e7\u00f5es."},"aioseo_meta_data":{"post_id":"3445","title":null,"description":null,"keywords":null,"keyphrases":null,"primary_term":null,"canonical_url":null,"og_title":null,"og_description":null,"og_object_type":"default","og_image_type":"default","og_image_url":null,"og_image_width":null,"og_image_height":null,"og_image_custom_url":null,"og_image_custom_fields":null,"og_video":null,"og_custom_url":null,"og_article_section":null,"og_article_tags":null,"twitter_use_og":false,"twitter_card":"default","twitter_image_type":"default","twitter_image_url":null,"twitter_image_custom_url":null,"twitter_image_custom_fields":null,"twitter_title":null,"twitter_description":null,"schema":{"blockGraphs":[],"customGraphs":[],"default":{"data":{"Article":[],"Course":[],"Dataset":[],"FAQPage":[],"Movie":[],"Person":[],"Product":[],"ProductReview":[],"Car":[],"Recipe":[],"Service":[],"SoftwareApplication":[],"WebPage":[]},"graphName":"Article","isEnabled":true},"graphs":[]},"schema_type":"default","schema_type_options":null,"pillar_content":false,"robots_default":true,"robots_noindex":false,"robots_noarchive":false,"robots_nosnippet":false,"robots_nofollow":false,"robots_noimageindex":false,"robots_noodp":false,"robots_notranslate":false,"robots_max_snippet":null,"robots_max_videopreview":null,"robots_max_imagepreview":"large","priority":null,"frequency":null,"local_seo":null,"breadcrumb_settings":null,"limit_modified_date":false,"ai":null,"created":"2026-09-01 06:21:35","updated":"2026-09-01 07:27:28","focus_keyword":null,"additional_keywords":null,"truseo_locale":null,"seo_analyzer_scan_date":null},"aioseo_breadcrumb":"<div class=\"aioseo-breadcrumbs\"><span class=\"aioseo-breadcrumb\">\n\t\t\t<a href=\"https:\/\/www.encontrabomretiro.com.br\/sobre\" title=\"Dom\u00e9stica\">Dom\u00e9stica<\/a>\n\t\t<\/span><span class=\"aioseo-breadcrumb-separator\">&raquo;<\/span><span class=\"aioseo-breadcrumb\">\n\t\t\t<a href=\"https:\/\/www.encontrabomretiro.com.br\/sobre\/noticias-no-bom-retiro\/\" title=\"Not\u00edcias Bom Retiro\">Not\u00edcias Bom Retiro<\/a>\n\t\t<\/span><span class=\"aioseo-breadcrumb-separator\">&raquo;<\/span><span class=\"aioseo-breadcrumb\">\n\t\t\tCom\u00e9rcio, servi\u00e7os e turismo lan\u00e7am campanha contra vota\u00e7\u00e3o da escala 6\u00d71 antes das elei\u00e7\u00f5es\n\t\t<\/span><\/div>","aioseo_breadcrumb_json":[{"label":"Dom\u00e9stica","link":"https:\/\/www.encontrabomretiro.com.br\/sobre"},{"label":"Not\u00edcias Bom Retiro","link":"https:\/\/www.encontrabomretiro.com.br\/sobre\/noticias-no-bom-retiro\/"},{"label":"Com\u00e9rcio, servi\u00e7os e turismo lan\u00e7am campanha contra vota\u00e7\u00e3o da escala 6&#215;1 antes das elei\u00e7\u00f5es","link":"https:\/\/www.encontrabomretiro.com.br\/sobre\/comercio-servicos-e-turismo-lancam-campanha-contra-votacao-da-escala-6x1-antes-das-eleicoes\/"}],"_links":{"self":[{"href":"https:\/\/www.encontrabomretiro.com.br\/sobre\/wp-json\/wp\/v2\/posts\/3445","targetHints":{"allow":["GET"]}}],"collection":[{"href":"https:\/\/www.encontrabomretiro.com.br\/sobre\/wp-json\/wp\/v2\/posts"}],"about":[{"href":"https:\/\/www.encontrabomretiro.com.br\/sobre\/wp-json\/wp\/v2\/types\/post"}],"author":[{"embeddable":true,"href":"https:\/\/www.encontrabomretiro.com.br\/sobre\/wp-json\/wp\/v2\/users\/1"}],"replies":[{"embeddable":true,"href":"https:\/\/www.encontrabomretiro.com.br\/sobre\/wp-json\/wp\/v2\/comments?post=3445"}],"version-history":[{"count":0,"href":"https:\/\/www.encontrabomretiro.com.br\/sobre\/wp-json\/wp\/v2\/posts\/3445\/revisions"}],"wp:featuredmedia":[{"embeddable":true,"href":"https:\/\/www.encontrabomretiro.com.br\/sobre\/wp-json\/wp\/v2\/media\/3444"}],"wp:attachment":[{"href":"https:\/\/www.encontrabomretiro.com.br\/sobre\/wp-json\/wp\/v2\/media?parent=3445"}],"wp:term":[{"taxonomy":"category","embeddable":true,"href":"https:\/\/www.encontrabomretiro.com.br\/sobre\/wp-json\/wp\/v2\/categories?post=3445"},{"taxonomy":"post_tag","embeddable":true,"href":"https:\/\/www.encontrabomretiro.com.br\/sobre\/wp-json\/wp\/v2\/tags?post=3445"}],"curies":[{"name":"wp","href":"https:\/\/api.w.org\/{rel}","templated":true}]}}