{"id":3443,"date":"2026-09-01T04:20:28","date_gmt":"2026-09-01T06:20:28","guid":{"rendered":"https:\/\/www.encontrabomretiro.com.br\/sobre\/do-bras-aos-doces-esculturais-veronica-kim-e-eleita-melhor-confeiteira-pelo-premio-paladar-2026\/"},"modified":"2026-09-01T04:20:28","modified_gmt":"2026-09-01T06:20:28","slug":"do-bras-aos-doces-esculturais-veronica-kim-e-eleita-melhor-confeiteira-pelo-premio-paladar-2026","status":"publish","type":"post","link":"https:\/\/www.encontrabomretiro.com.br\/sobre\/do-bras-aos-doces-esculturais-veronica-kim-e-eleita-melhor-confeiteira-pelo-premio-paladar-2026\/","title":{"rendered":"Do Br\u00e1s aos doces esculturais: Ver\u00f4nica Kim \u00e9 eleita Melhor Confeiteira pelo Pr\u00eamio Paladar 2026"},"content":{"rendered":"<div class=\"228b65ae207de3c5c501cfe75875708b\" data-index=\"1\" style=\"float: none; margin:0px;\">\n<!-- Anuncio display - global -->\r\n<ins class=\"adsbygoogle\"\r\n     style=\"display:block\"\r\n     data-ad-client=\"ca-pub-8585364105181520\"\r\n     data-ad-slot=\"8789329856\"\r\n     data-ad-format=\"auto\"\r\n     data-full-width-responsive=\"true\"><\/ins>\r\n<script>\r\n     (adsbygoogle = window.adsbygoogle || []).push({});\r\n<\/script>\n<\/div>\n<h2>A Transforma\u00e7\u00e3o de Ver\u00f4nica Kim na Confeitaria<\/h2>\n<p>Ver\u00f4nica Kim tem se destacado de maneira excepcional no universo da confeitaria, e sua trajet\u00f3ria \u00e9 marcada por uma combina\u00e7\u00e3o interessante de habilidade, dedica\u00e7\u00e3o e uma busca constante pela perfei\u00e7\u00e3o. Recentemente, ela foi premiada como a Melhor Confeiteira no Pr\u00eamio Paladar 2026, um reflexo de seu talento e da qualidade de seus produtos. A transi\u00e7\u00e3o de Ver\u00f4nica do mundo da moda para a confeitaria n\u00e3o foi simples, mas sua paix\u00e3o por criar doces esculturais e visualmente impactantes lhe garantiu um lugar de destaque na cena culin\u00e1ria brasileira.<\/p>\n<h2>Do Br\u00e1s ao Sucesso: A Hist\u00f3ria de Ver\u00f4nica<\/h2>\n<p>Natural de S\u00e3o Paulo, Ver\u00f4nica cresceu em um ambiente familiar dedicado ao com\u00e9rcio de roupas no Bom Retiro. Desde cedo, ela aprendeu com seus pais a import\u00e2ncia do trabalho duro e da qualidade. Ap\u00f3s inicialmente seguir a carreira de moda, ela decidiu mudar de dire\u00e7\u00e3o, embarcando na aventura de se tornar confeiteira. Ao longo dos \u00faltimos nove anos, Ver\u00f4nica se dedicou exclusivamente \u00e0 produ\u00e7\u00e3o de doces, enfrentando desafios e superando as expectativas, o que a levou a abrir sua loja, a By Kim.<\/p>\n<h2>A Import\u00e2ncia da Mem\u00f3ria Afetiva na Confeitaria<\/h2>\n<p>Um aspecto central na abordagem de Ver\u00f4nica em rela\u00e7\u00e3o \u00e0 confeitaria \u00e9 a busca por criar conex\u00f5es emocionais atrav\u00e9s de seus doces. Sem muitas recorda\u00e7\u00f5es de momentos familiares na cozinha, ela busca construir suas pr\u00f3prias mem\u00f3rias afetivas. Essa influ\u00eancia \u00e9 not\u00e1vel na sua arte, onde ela se esfor\u00e7a para que cada doce estabele\u00e7a uma conex\u00e3o com o passado, trazendo \u00e0 tona a nostalgia e o conforto encontrados na culin\u00e1ria.<\/p>\n<p><img decoding=\"async\" src=\"https:\/\/www.encontrabomretiro.com.br\/sobre\/wp-content\/uploads\/2026\/09\/do-bras-aos-doces-esculturais-veronica-kim-e-eleita-melhor-confeiteira-pelo-premio-paladar-2026.webp\" alt=\"Ver\u00f4nica Kim\" loading=\"lazy\" \/><\/p>\n<h2>Inova\u00e7\u00f5es na Linha &#8216;Matar a Larica&#8217;<\/h2>\n<p>Ver\u00f4nica Kim lan\u00e7ou recentemente uma linha de doces voltada para aqueles momentos em que se deseja um conforto culin\u00e1rio, carinhosamente chamada de &#8216;Matar a Larica&#8217;. Esta linha, estreada no final de agosto de 2026, tem como objetivo oferecer produtos que s\u00e3o tanto acess\u00edveis quanto deliciosos. Um dos lan\u00e7amentos desta cole\u00e7\u00e3o \u00e9 um bolinho de cacau muito \u00famido, que vem recheado com brigadeiro de chocolate e doce de leite, tudo isso complementado com crocantes sucrilhos, oferecendo um sabor que \u00e9 tanto familiar quanto inovador.<\/p>\n<h2>Do Ensino \u00e0 Pr\u00e1tica: A Trajet\u00f3ria Educacional<\/h2>\n<p>A metamorfose de Ver\u00f4nica na confeitaria incluiu uma decis\u00e3o crucial: estudar na renomada escola de culin\u00e1ria, Le Cordon Bleu. Esta experi\u00eancia, segundo ela, foi um presente inestim\u00e1vel que recebeu de seu pai e a preparou adequadamente para a a carreira que escolheu. Durante dois anos, Ver\u00f4nica se dedicou a aprender tudo o que p\u00f4de sobre a arte de confeitar, desde as t\u00e9cnicas cl\u00e1ssicas at\u00e9 as mais modernas, que hoje caracterizam seu estilo \u00fanico.<\/p>\n<h2>Os Desafios e Supera\u00e7\u00f5es de uma Chef<\/h2>\n<p>A jornada de Ver\u00f4nica n\u00e3o foi isenta de obst\u00e1culos. Um momento significativo na sua trajet\u00f3ria foi sua participa\u00e7\u00e3o no MasterChef Confeitaria, onde, apesar das dificuldades iniciais e at\u00e9 mesmo de uma elimina\u00e7\u00e3o precoce, ela n\u00e3o se deixou abater. Essa experi\u00eancia foi, na verdade, um impulso para continuar lutando por seus sonhos e aprimorar ainda mais o seu talento. Com determina\u00e7\u00e3o, Ver\u00f4nica foi capaz de impulsionar sua carreira e consolidar seu nome na confeitaria.<\/p>\n<h2>A Est\u00e9tica e Precis\u00e3o dos Doces de Ver\u00f4nica<\/h2>\n<p>Os doces de Ver\u00f4nica Kim s\u00e3o conhecidos n\u00e3o apenas pelo sabor, mas tamb\u00e9m pela est\u00e9tica impec\u00e1vel. Um de seus produtos mais ic\u00f4nicos, o mil-folhas, \u00e9 um exemplo claro de sua dedica\u00e7\u00e3o \u00e0 perfei\u00e7\u00e3o. Ap\u00f3s meses de estudo e tentativas, Ver\u00f4nica conseguiu chegar \u00e0 receita ideal que combina a leveza e a croc\u00e2ncia em uma deliciosa experi\u00eancia gastron\u00f4mica. A beleza e a apresenta\u00e7\u00e3o de seus produtos s\u00e3o cuidadosamente planejadas, tornando cada cria\u00e7\u00e3o n\u00e3o apenas apetitosa, mas tamb\u00e9m uma verdadeira obra de arte.<\/p>\n<h2>Abertura da Loja By Kim: Um Marco na Carreira<\/h2>\n<p>A inaugura\u00e7\u00e3o da By Kim representou um marco importante na trajet\u00f3ria de Ver\u00f4nica. Localizada em Santa Cec\u00edlia, a loja n\u00e3o \u00e9 apenas um estabelecimento onde os doces s\u00e3o vendidos, mas um local onde os clientes podem experimentar uma variedade de quitutes em um ambiente acolhedor. A vitrine de vidro permite que os visitantes vejam o processo de produ\u00e7\u00e3o em tempo real, oferecendo uma experi\u00eancia interativa e envolvente. A loja rapidamente se tornou um ponto de encontro para os amantes da confeitaria.<\/p>\n<h2>O Papel da Equipe na Manuten\u00e7\u00e3o da Qualidade<\/h2>\n<p>Ver\u00f4nica reconhece que a qualidade de seus doces n\u00e3o depende apenas de seu talento individual, mas tamb\u00e9m do empenho de sua equipe. Em sua jornada, ela aprendeu a valorizar a colabora\u00e7\u00e3o e o trabalho em grupo, criando um ambiente onde todos se sentem motivados e apreciados. Essa abordagem tem sido fundamental para garantir que todos os produtos que saem da By Kim mantenham um alto padr\u00e3o de qualidade, refor\u00e7ando a reputa\u00e7\u00e3o da confeitaria.<\/p>\n<h2>Futuro da Confeitaria: Tend\u00eancias e Inova\u00e7\u00f5es<\/h2>\n<p>O futuro da confeitaria, segundo Ver\u00f4nica, est\u00e1 na capacidade de cada um exibir seu estilo \u00fanico. Com a introdu\u00e7\u00e3o de suas novas linhas e a constante busca por inova\u00e7\u00e3o, ela demonstra que o setor est\u00e1 em evolu\u00e7\u00e3o. A import\u00e2ncia de trazer elementos brasileiros \u00e0 sua obra \u00e9 um aspecto que Ver\u00f4nica considera vital. Essa abordagem n\u00e3o apenas eleva o perfil de sua confeitaria, mas tamb\u00e9m atrai um p\u00fablico ansioso por sabores aut\u00eanticos e novos.<\/p>\n<p>Ver\u00f4nica Kim \u00e9 uma prova de que a paix\u00e3o e a dedica\u00e7\u00e3o podem lev\u00e1-la longe. A capacidade de mesclar tradi\u00e7\u00e3o e modernidade, humor e seriedade, em cada um de seus doces \u00e9 o que faz suas cria\u00e7\u00f5es t\u00e3o especiais. \u00c0 medida que ela continua a inovar e a expandir sua marca, fica evidente que h\u00e1 muito mais por vir na doce trajet\u00f3ria de Ver\u00f4nica.<\/p>\n\n<div style=\"font-size: 0px; height: 0px; line-height: 0px; margin: 0; padding: 0; clear: both;\"><\/div>","protected":false},"excerpt":{"rendered":"<p>Melhor confeiteira do Brasil, Ver\u00f4nica Kim transforma doces em obras-primas.<\/p>\n","protected":false},"author":1,"featured_media":3442,"comment_status":"open","ping_status":"closed","sticky":false,"template":"","format":"standard","meta":{"footnotes":""},"categories":[17],"tags":[],"class_list":["post-3443","post","type-post","status-publish","format-standard","has-post-thumbnail","hentry","category-cultura-no-bom-retiro","has_thumb"],"aioseo_notices":[],"aioseo_head":"\n\t\t<!-- All in One SEO 5.0.0.1 - aioseo.com -->\n\t<meta name=\"description\" content=\"Melhor confeiteira do Brasil, Ver\u00f4nica Kim transforma doces em obras-primas.\" \/>\n\t<meta name=\"robots\" content=\"max-image-preview:large\" \/>\n\t<meta name=\"author\" content=\"Encontra Bom Retiro\"\/>\n\t<link rel=\"canonical\" href=\"https:\/\/www.encontrabomretiro.com.br\/sobre\/do-bras-aos-doces-esculturais-veronica-kim-e-eleita-melhor-confeiteira-pelo-premio-paladar-2026\/\" \/>\n\t<meta name=\"generator\" content=\"All in One SEO (AIOSEO) 5.0.0.1\" \/>\n\t\t<meta property=\"og:locale\" content=\"pt_BR\" \/>\n\t\t<meta property=\"og:site_name\" content=\"Encontra Bom Retiro | Not\u00edcias, eventos, informa\u00e7\u00f5es e dicas no bairro do Bom Retiro e regi\u00e3o.\" \/>\n\t\t<meta property=\"og:type\" content=\"article\" \/>\n\t\t<meta property=\"og:title\" content=\"Do Br\u00e1s aos doces esculturais: Ver\u00f4nica Kim \u00e9 eleita Melhor Confeiteira pelo Pr\u00eamio Paladar 2026 | Encontra Bom Retiro\" \/>\n\t\t<meta property=\"og:description\" content=\"Melhor confeiteira do Brasil, Ver\u00f4nica Kim transforma doces em obras-primas.\" \/>\n\t\t<meta property=\"og:url\" content=\"https:\/\/www.encontrabomretiro.com.br\/sobre\/do-bras-aos-doces-esculturais-veronica-kim-e-eleita-melhor-confeiteira-pelo-premio-paladar-2026\/\" \/>\n\t\t<meta property=\"article:published_time\" content=\"2026-09-01T06:20:28+00:00\" \/>\n\t\t<meta property=\"article:modified_time\" content=\"2026-09-01T06:20:28+00:00\" \/>\n\t\t<meta name=\"twitter:card\" content=\"summary_large_image\" \/>\n\t\t<meta name=\"twitter:title\" content=\"Do Br\u00e1s aos doces esculturais: Ver\u00f4nica Kim \u00e9 eleita Melhor Confeiteira pelo Pr\u00eamio Paladar 2026 | Encontra Bom Retiro\" \/>\n\t\t<meta name=\"twitter:description\" content=\"Melhor confeiteira do Brasil, Ver\u00f4nica Kim transforma doces em obras-primas.\" \/>\n\t\t<script type=\"application\/ld+json\" class=\"aioseo-schema\">\n\t\t\t{\"@context\":\"https:\\\/\\\/schema.org\",\"@graph\":[{\"@type\":\"Article\",\"@id\":\"https:\\\/\\\/www.encontrabomretiro.com.br\\\/sobre\\\/do-bras-aos-doces-esculturais-veronica-kim-e-eleita-melhor-confeiteira-pelo-premio-paladar-2026\\\/#article\",\"name\":\"Do Br\\u00e1s aos doces esculturais: Ver\\u00f4nica Kim \\u00e9 eleita Melhor Confeiteira pelo Pr\\u00eamio Paladar 2026 | Encontra Bom Retiro\",\"headline\":\"Do Br\\u00e1s aos doces esculturais: Ver\\u00f4nica Kim \\u00e9 eleita Melhor Confeiteira pelo Pr\\u00eamio Paladar 2026\",\"author\":{\"@id\":\"https:\\\/\\\/www.encontrabomretiro.com.br\\\/sobre\\\/author\\\/ebomretiro\\\/#author\"},\"publisher\":{\"@id\":\"https:\\\/\\\/www.encontrabomretiro.com.br\\\/sobre\\\/#organization\"},\"image\":{\"@type\":\"ImageObject\",\"url\":\"https:\\\/\\\/www.encontrabomretiro.com.br\\\/sobre\\\/wp-content\\\/uploads\\\/2026\\\/09\\\/do-bras-aos-doces-esculturais-veronica-kim-e-eleita-melhor-confeiteira-pelo-premio-paladar-2026.webp\",\"width\":280,\"height\":280,\"caption\":\"Ver\\u00f4nica Kim\"},\"datePublished\":\"2026-09-01T04:20:28-02:00\",\"dateModified\":\"2026-09-01T04:20:28-02:00\",\"inLanguage\":\"pt-BR\",\"mainEntityOfPage\":{\"@id\":\"https:\\\/\\\/www.encontrabomretiro.com.br\\\/sobre\\\/do-bras-aos-doces-esculturais-veronica-kim-e-eleita-melhor-confeiteira-pelo-premio-paladar-2026\\\/#webpage\"},\"isPartOf\":{\"@id\":\"https:\\\/\\\/www.encontrabomretiro.com.br\\\/sobre\\\/do-bras-aos-doces-esculturais-veronica-kim-e-eleita-melhor-confeiteira-pelo-premio-paladar-2026\\\/#webpage\"},\"articleSection\":\"Cultura Bom Retiro\"},{\"@type\":\"BreadcrumbList\",\"@id\":\"https:\\\/\\\/www.encontrabomretiro.com.br\\\/sobre\\\/do-bras-aos-doces-esculturais-veronica-kim-e-eleita-melhor-confeiteira-pelo-premio-paladar-2026\\\/#breadcrumblist\",\"itemListElement\":[{\"@type\":\"ListItem\",\"@id\":\"https:\\\/\\\/www.encontrabomretiro.com.br\\\/sobre#listItem\",\"position\":1,\"name\":\"Dom\\u00e9stica\",\"item\":\"https:\\\/\\\/www.encontrabomretiro.com.br\\\/sobre\",\"nextItem\":{\"@type\":\"ListItem\",\"@id\":\"https:\\\/\\\/www.encontrabomretiro.com.br\\\/sobre\\\/cultura-no-bom-retiro\\\/#listItem\",\"name\":\"Cultura Bom Retiro\"}},{\"@type\":\"ListItem\",\"@id\":\"https:\\\/\\\/www.encontrabomretiro.com.br\\\/sobre\\\/cultura-no-bom-retiro\\\/#listItem\",\"position\":2,\"name\":\"Cultura Bom Retiro\",\"item\":\"https:\\\/\\\/www.encontrabomretiro.com.br\\\/sobre\\\/cultura-no-bom-retiro\\\/\",\"nextItem\":{\"@type\":\"ListItem\",\"@id\":\"https:\\\/\\\/www.encontrabomretiro.com.br\\\/sobre\\\/do-bras-aos-doces-esculturais-veronica-kim-e-eleita-melhor-confeiteira-pelo-premio-paladar-2026\\\/#listItem\",\"name\":\"Do Br\\u00e1s aos doces esculturais: Ver\\u00f4nica Kim \\u00e9 eleita Melhor Confeiteira pelo Pr\\u00eamio Paladar 2026\"},\"previousItem\":{\"@type\":\"ListItem\",\"@id\":\"https:\\\/\\\/www.encontrabomretiro.com.br\\\/sobre#listItem\",\"name\":\"Dom\\u00e9stica\"}},{\"@type\":\"ListItem\",\"@id\":\"https:\\\/\\\/www.encontrabomretiro.com.br\\\/sobre\\\/do-bras-aos-doces-esculturais-veronica-kim-e-eleita-melhor-confeiteira-pelo-premio-paladar-2026\\\/#listItem\",\"position\":3,\"name\":\"Do Br\\u00e1s aos doces esculturais: Ver\\u00f4nica Kim \\u00e9 eleita Melhor Confeiteira pelo Pr\\u00eamio Paladar 2026\",\"previousItem\":{\"@type\":\"ListItem\",\"@id\":\"https:\\\/\\\/www.encontrabomretiro.com.br\\\/sobre\\\/cultura-no-bom-retiro\\\/#listItem\",\"name\":\"Cultura Bom Retiro\"}}]},{\"@type\":\"Organization\",\"@id\":\"https:\\\/\\\/www.encontrabomretiro.com.br\\\/sobre\\\/#organization\",\"name\":\"Encontra Bom Retiro\",\"description\":\"Not\\u00edcias, eventos, informa\\u00e7\\u00f5es e dicas no bairro do Bom Retiro e regi\\u00e3o.\",\"url\":\"https:\\\/\\\/www.encontrabomretiro.com.br\\\/sobre\\\/\"},{\"@type\":\"Person\",\"@id\":\"https:\\\/\\\/www.encontrabomretiro.com.br\\\/sobre\\\/author\\\/ebomretiro\\\/#author\",\"url\":\"https:\\\/\\\/www.encontrabomretiro.com.br\\\/sobre\\\/author\\\/ebomretiro\\\/\",\"name\":\"Encontra Bom Retiro\",\"image\":{\"@type\":\"ImageObject\",\"@id\":\"https:\\\/\\\/www.encontrabomretiro.com.br\\\/sobre\\\/do-bras-aos-doces-esculturais-veronica-kim-e-eleita-melhor-confeiteira-pelo-premio-paladar-2026\\\/#authorImage\",\"url\":\"https:\\\/\\\/secure.gravatar.com\\\/avatar\\\/507340682b8270222e1f208e23198b6ae7e2c6a1033ae84e99bc6bce4f82a387?s=96&d=mm&r=g\",\"width\":96,\"height\":96,\"caption\":\"Encontra Bom Retiro\"}},{\"@type\":\"WebPage\",\"@id\":\"https:\\\/\\\/www.encontrabomretiro.com.br\\\/sobre\\\/do-bras-aos-doces-esculturais-veronica-kim-e-eleita-melhor-confeiteira-pelo-premio-paladar-2026\\\/#webpage\",\"url\":\"https:\\\/\\\/www.encontrabomretiro.com.br\\\/sobre\\\/do-bras-aos-doces-esculturais-veronica-kim-e-eleita-melhor-confeiteira-pelo-premio-paladar-2026\\\/\",\"name\":\"Do Br\\u00e1s aos doces esculturais: Ver\\u00f4nica Kim \\u00e9 eleita Melhor Confeiteira pelo Pr\\u00eamio Paladar 2026 | Encontra Bom Retiro\",\"description\":\"Melhor confeiteira do Brasil, Ver\\u00f4nica Kim transforma doces em obras-primas.\",\"inLanguage\":\"pt-BR\",\"isPartOf\":{\"@id\":\"https:\\\/\\\/www.encontrabomretiro.com.br\\\/sobre\\\/#website\"},\"breadcrumb\":{\"@id\":\"https:\\\/\\\/www.encontrabomretiro.com.br\\\/sobre\\\/do-bras-aos-doces-esculturais-veronica-kim-e-eleita-melhor-confeiteira-pelo-premio-paladar-2026\\\/#breadcrumblist\"},\"author\":{\"@id\":\"https:\\\/\\\/www.encontrabomretiro.com.br\\\/sobre\\\/author\\\/ebomretiro\\\/#author\"},\"creator\":{\"@id\":\"https:\\\/\\\/www.encontrabomretiro.com.br\\\/sobre\\\/author\\\/ebomretiro\\\/#author\"},\"image\":{\"@type\":\"ImageObject\",\"url\":\"https:\\\/\\\/www.encontrabomretiro.com.br\\\/sobre\\\/wp-content\\\/uploads\\\/2026\\\/09\\\/do-bras-aos-doces-esculturais-veronica-kim-e-eleita-melhor-confeiteira-pelo-premio-paladar-2026.webp\",\"@id\":\"https:\\\/\\\/www.encontrabomretiro.com.br\\\/sobre\\\/do-bras-aos-doces-esculturais-veronica-kim-e-eleita-melhor-confeiteira-pelo-premio-paladar-2026\\\/#mainImage\",\"width\":280,\"height\":280,\"caption\":\"Ver\\u00f4nica Kim\"},\"primaryImageOfPage\":{\"@id\":\"https:\\\/\\\/www.encontrabomretiro.com.br\\\/sobre\\\/do-bras-aos-doces-esculturais-veronica-kim-e-eleita-melhor-confeiteira-pelo-premio-paladar-2026\\\/#mainImage\"},\"datePublished\":\"2026-09-01T04:20:28-02:00\",\"dateModified\":\"2026-09-01T04:20:28-02:00\"},{\"@type\":\"WebSite\",\"@id\":\"https:\\\/\\\/www.encontrabomretiro.com.br\\\/sobre\\\/#website\",\"url\":\"https:\\\/\\\/www.encontrabomretiro.com.br\\\/sobre\\\/\",\"name\":\"Encontra Bom Retiro\",\"description\":\"Not\\u00edcias, eventos, informa\\u00e7\\u00f5es e dicas no bairro do Bom Retiro e regi\\u00e3o.\",\"inLanguage\":\"pt-BR\",\"publisher\":{\"@id\":\"https:\\\/\\\/www.encontrabomretiro.com.br\\\/sobre\\\/#organization\"}}]}\n\t\t<\/script>\n\t\t<!-- All in One SEO -->\n\n","aioseo_head_json":{"title":"Do Br\u00e1s aos doces esculturais: Ver\u00f4nica Kim \u00e9 eleita Melhor Confeiteira pelo Pr\u00eamio Paladar 2026 | Encontra Bom Retiro","description":"Melhor confeiteira do Brasil, Ver\u00f4nica Kim transforma doces em obras-primas.","canonical_url":"https:\/\/www.encontrabomretiro.com.br\/sobre\/do-bras-aos-doces-esculturais-veronica-kim-e-eleita-melhor-confeiteira-pelo-premio-paladar-2026\/","robots":"max-image-preview:large","keywords":"","webmasterTools":{"miscellaneous":""},"schema":{"@context":"https:\/\/schema.org","@graph":[{"@type":"Article","@id":"https:\/\/www.encontrabomretiro.com.br\/sobre\/do-bras-aos-doces-esculturais-veronica-kim-e-eleita-melhor-confeiteira-pelo-premio-paladar-2026\/#article","name":"Do Br\u00e1s aos doces esculturais: Ver\u00f4nica Kim \u00e9 eleita Melhor Confeiteira pelo Pr\u00eamio Paladar 2026 | Encontra Bom Retiro","headline":"Do Br\u00e1s aos doces esculturais: Ver\u00f4nica Kim \u00e9 eleita Melhor Confeiteira pelo Pr\u00eamio Paladar 2026","author":{"@id":"https:\/\/www.encontrabomretiro.com.br\/sobre\/author\/ebomretiro\/#author"},"publisher":{"@id":"https:\/\/www.encontrabomretiro.com.br\/sobre\/#organization"},"image":{"@type":"ImageObject","url":"https:\/\/www.encontrabomretiro.com.br\/sobre\/wp-content\/uploads\/2026\/09\/do-bras-aos-doces-esculturais-veronica-kim-e-eleita-melhor-confeiteira-pelo-premio-paladar-2026.webp","width":280,"height":280,"caption":"Ver\u00f4nica Kim"},"datePublished":"2026-09-01T04:20:28-02:00","dateModified":"2026-09-01T04:20:28-02:00","inLanguage":"pt-BR","mainEntityOfPage":{"@id":"https:\/\/www.encontrabomretiro.com.br\/sobre\/do-bras-aos-doces-esculturais-veronica-kim-e-eleita-melhor-confeiteira-pelo-premio-paladar-2026\/#webpage"},"isPartOf":{"@id":"https:\/\/www.encontrabomretiro.com.br\/sobre\/do-bras-aos-doces-esculturais-veronica-kim-e-eleita-melhor-confeiteira-pelo-premio-paladar-2026\/#webpage"},"articleSection":"Cultura Bom Retiro"},{"@type":"BreadcrumbList","@id":"https:\/\/www.encontrabomretiro.com.br\/sobre\/do-bras-aos-doces-esculturais-veronica-kim-e-eleita-melhor-confeiteira-pelo-premio-paladar-2026\/#breadcrumblist","itemListElement":[{"@type":"ListItem","@id":"https:\/\/www.encontrabomretiro.com.br\/sobre#listItem","position":1,"name":"Dom\u00e9stica","item":"https:\/\/www.encontrabomretiro.com.br\/sobre","nextItem":{"@type":"ListItem","@id":"https:\/\/www.encontrabomretiro.com.br\/sobre\/cultura-no-bom-retiro\/#listItem","name":"Cultura Bom Retiro"}},{"@type":"ListItem","@id":"https:\/\/www.encontrabomretiro.com.br\/sobre\/cultura-no-bom-retiro\/#listItem","position":2,"name":"Cultura Bom Retiro","item":"https:\/\/www.encontrabomretiro.com.br\/sobre\/cultura-no-bom-retiro\/","nextItem":{"@type":"ListItem","@id":"https:\/\/www.encontrabomretiro.com.br\/sobre\/do-bras-aos-doces-esculturais-veronica-kim-e-eleita-melhor-confeiteira-pelo-premio-paladar-2026\/#listItem","name":"Do Br\u00e1s aos doces esculturais: Ver\u00f4nica Kim \u00e9 eleita Melhor Confeiteira pelo Pr\u00eamio Paladar 2026"},"previousItem":{"@type":"ListItem","@id":"https:\/\/www.encontrabomretiro.com.br\/sobre#listItem","name":"Dom\u00e9stica"}},{"@type":"ListItem","@id":"https:\/\/www.encontrabomretiro.com.br\/sobre\/do-bras-aos-doces-esculturais-veronica-kim-e-eleita-melhor-confeiteira-pelo-premio-paladar-2026\/#listItem","position":3,"name":"Do Br\u00e1s aos doces esculturais: Ver\u00f4nica Kim \u00e9 eleita Melhor Confeiteira pelo Pr\u00eamio Paladar 2026","previousItem":{"@type":"ListItem","@id":"https:\/\/www.encontrabomretiro.com.br\/sobre\/cultura-no-bom-retiro\/#listItem","name":"Cultura Bom Retiro"}}]},{"@type":"Organization","@id":"https:\/\/www.encontrabomretiro.com.br\/sobre\/#organization","name":"Encontra Bom Retiro","description":"Not\u00edcias, eventos, informa\u00e7\u00f5es e dicas no bairro do Bom Retiro e regi\u00e3o.","url":"https:\/\/www.encontrabomretiro.com.br\/sobre\/"},{"@type":"Person","@id":"https:\/\/www.encontrabomretiro.com.br\/sobre\/author\/ebomretiro\/#author","url":"https:\/\/www.encontrabomretiro.com.br\/sobre\/author\/ebomretiro\/","name":"Encontra Bom Retiro","image":{"@type":"ImageObject","@id":"https:\/\/www.encontrabomretiro.com.br\/sobre\/do-bras-aos-doces-esculturais-veronica-kim-e-eleita-melhor-confeiteira-pelo-premio-paladar-2026\/#authorImage","url":"https:\/\/secure.gravatar.com\/avatar\/507340682b8270222e1f208e23198b6ae7e2c6a1033ae84e99bc6bce4f82a387?s=96&d=mm&r=g","width":96,"height":96,"caption":"Encontra Bom Retiro"}},{"@type":"WebPage","@id":"https:\/\/www.encontrabomretiro.com.br\/sobre\/do-bras-aos-doces-esculturais-veronica-kim-e-eleita-melhor-confeiteira-pelo-premio-paladar-2026\/#webpage","url":"https:\/\/www.encontrabomretiro.com.br\/sobre\/do-bras-aos-doces-esculturais-veronica-kim-e-eleita-melhor-confeiteira-pelo-premio-paladar-2026\/","name":"Do Br\u00e1s aos doces esculturais: Ver\u00f4nica Kim \u00e9 eleita Melhor Confeiteira pelo Pr\u00eamio Paladar 2026 | Encontra Bom Retiro","description":"Melhor confeiteira do Brasil, Ver\u00f4nica Kim transforma doces em obras-primas.","inLanguage":"pt-BR","isPartOf":{"@id":"https:\/\/www.encontrabomretiro.com.br\/sobre\/#website"},"breadcrumb":{"@id":"https:\/\/www.encontrabomretiro.com.br\/sobre\/do-bras-aos-doces-esculturais-veronica-kim-e-eleita-melhor-confeiteira-pelo-premio-paladar-2026\/#breadcrumblist"},"author":{"@id":"https:\/\/www.encontrabomretiro.com.br\/sobre\/author\/ebomretiro\/#author"},"creator":{"@id":"https:\/\/www.encontrabomretiro.com.br\/sobre\/author\/ebomretiro\/#author"},"image":{"@type":"ImageObject","url":"https:\/\/www.encontrabomretiro.com.br\/sobre\/wp-content\/uploads\/2026\/09\/do-bras-aos-doces-esculturais-veronica-kim-e-eleita-melhor-confeiteira-pelo-premio-paladar-2026.webp","@id":"https:\/\/www.encontrabomretiro.com.br\/sobre\/do-bras-aos-doces-esculturais-veronica-kim-e-eleita-melhor-confeiteira-pelo-premio-paladar-2026\/#mainImage","width":280,"height":280,"caption":"Ver\u00f4nica Kim"},"primaryImageOfPage":{"@id":"https:\/\/www.encontrabomretiro.com.br\/sobre\/do-bras-aos-doces-esculturais-veronica-kim-e-eleita-melhor-confeiteira-pelo-premio-paladar-2026\/#mainImage"},"datePublished":"2026-09-01T04:20:28-02:00","dateModified":"2026-09-01T04:20:28-02:00"},{"@type":"WebSite","@id":"https:\/\/www.encontrabomretiro.com.br\/sobre\/#website","url":"https:\/\/www.encontrabomretiro.com.br\/sobre\/","name":"Encontra Bom Retiro","description":"Not\u00edcias, eventos, informa\u00e7\u00f5es e dicas no bairro do Bom Retiro e regi\u00e3o.","inLanguage":"pt-BR","publisher":{"@id":"https:\/\/www.encontrabomretiro.com.br\/sobre\/#organization"}}]},"og:locale":"pt_BR","og:site_name":"Encontra Bom Retiro | Not\u00edcias, eventos, informa\u00e7\u00f5es e dicas no bairro do Bom Retiro e regi\u00e3o.","og:type":"article","og:title":"Do Br\u00e1s aos doces esculturais: Ver\u00f4nica Kim \u00e9 eleita Melhor Confeiteira pelo Pr\u00eamio Paladar 2026 | Encontra Bom Retiro","og:description":"Melhor confeiteira do Brasil, Ver\u00f4nica Kim transforma doces em obras-primas.","og:url":"https:\/\/www.encontrabomretiro.com.br\/sobre\/do-bras-aos-doces-esculturais-veronica-kim-e-eleita-melhor-confeiteira-pelo-premio-paladar-2026\/","article:published_time":"2026-09-01T06:20:28+00:00","article:modified_time":"2026-09-01T06:20:28+00:00","twitter:card":"summary_large_image","twitter:title":"Do Br\u00e1s aos doces esculturais: Ver\u00f4nica Kim \u00e9 eleita Melhor Confeiteira pelo Pr\u00eamio Paladar 2026 | Encontra Bom Retiro","twitter:description":"Melhor confeiteira do Brasil, Ver\u00f4nica Kim transforma doces em obras-primas."},"aioseo_meta_data":{"post_id":"3443","title":null,"description":null,"keywords":null,"keyphrases":null,"primary_term":null,"canonical_url":null,"og_title":null,"og_description":null,"og_object_type":"default","og_image_type":"default","og_image_url":null,"og_image_width":null,"og_image_height":null,"og_image_custom_url":null,"og_image_custom_fields":null,"og_video":null,"og_custom_url":null,"og_article_section":null,"og_article_tags":null,"twitter_use_og":false,"twitter_card":"default","twitter_image_type":"default","twitter_image_url":null,"twitter_image_custom_url":null,"twitter_image_custom_fields":null,"twitter_title":null,"twitter_description":null,"schema":{"blockGraphs":[],"customGraphs":[],"default":{"data":{"Article":[],"Course":[],"Dataset":[],"FAQPage":[],"Movie":[],"Person":[],"Product":[],"ProductReview":[],"Car":[],"Recipe":[],"Service":[],"SoftwareApplication":[],"WebPage":[]},"graphName":"Article","isEnabled":true},"graphs":[]},"schema_type":"default","schema_type_options":null,"pillar_content":false,"robots_default":true,"robots_noindex":false,"robots_noarchive":false,"robots_nosnippet":false,"robots_nofollow":false,"robots_noimageindex":false,"robots_noodp":false,"robots_notranslate":false,"robots_max_snippet":null,"robots_max_videopreview":null,"robots_max_imagepreview":"large","priority":null,"frequency":null,"local_seo":null,"breadcrumb_settings":null,"limit_modified_date":false,"ai":null,"created":"2026-09-01 06:20:28","updated":"2026-09-01 07:27:28","focus_keyword":null,"additional_keywords":null,"truseo_locale":null,"seo_analyzer_scan_date":null},"aioseo_breadcrumb":"<div class=\"aioseo-breadcrumbs\"><span class=\"aioseo-breadcrumb\">\n\t\t\t<a href=\"https:\/\/www.encontrabomretiro.com.br\/sobre\" title=\"Dom\u00e9stica\">Dom\u00e9stica<\/a>\n\t\t<\/span><span class=\"aioseo-breadcrumb-separator\">&raquo;<\/span><span class=\"aioseo-breadcrumb\">\n\t\t\t<a href=\"https:\/\/www.encontrabomretiro.com.br\/sobre\/cultura-no-bom-retiro\/\" title=\"Cultura Bom Retiro\">Cultura Bom Retiro<\/a>\n\t\t<\/span><span class=\"aioseo-breadcrumb-separator\">&raquo;<\/span><span class=\"aioseo-breadcrumb\">\n\t\t\tDo Br\u00e1s aos doces esculturais: Ver\u00f4nica Kim \u00e9 eleita Melhor Confeiteira pelo Pr\u00eamio Paladar 2026\n\t\t<\/span><\/div>","aioseo_breadcrumb_json":[{"label":"Dom\u00e9stica","link":"https:\/\/www.encontrabomretiro.com.br\/sobre"},{"label":"Cultura Bom Retiro","link":"https:\/\/www.encontrabomretiro.com.br\/sobre\/cultura-no-bom-retiro\/"},{"label":"Do Br\u00e1s aos doces esculturais: Ver\u00f4nica Kim \u00e9 eleita Melhor Confeiteira pelo Pr\u00eamio Paladar 2026","link":"https:\/\/www.encontrabomretiro.com.br\/sobre\/do-bras-aos-doces-esculturais-veronica-kim-e-eleita-melhor-confeiteira-pelo-premio-paladar-2026\/"}],"_links":{"self":[{"href":"https:\/\/www.encontrabomretiro.com.br\/sobre\/wp-json\/wp\/v2\/posts\/3443","targetHints":{"allow":["GET"]}}],"collection":[{"href":"https:\/\/www.encontrabomretiro.com.br\/sobre\/wp-json\/wp\/v2\/posts"}],"about":[{"href":"https:\/\/www.encontrabomretiro.com.br\/sobre\/wp-json\/wp\/v2\/types\/post"}],"author":[{"embeddable":true,"href":"https:\/\/www.encontrabomretiro.com.br\/sobre\/wp-json\/wp\/v2\/users\/1"}],"replies":[{"embeddable":true,"href":"https:\/\/www.encontrabomretiro.com.br\/sobre\/wp-json\/wp\/v2\/comments?post=3443"}],"version-history":[{"count":0,"href":"https:\/\/www.encontrabomretiro.com.br\/sobre\/wp-json\/wp\/v2\/posts\/3443\/revisions"}],"wp:featuredmedia":[{"embeddable":true,"href":"https:\/\/www.encontrabomretiro.com.br\/sobre\/wp-json\/wp\/v2\/media\/3442"}],"wp:attachment":[{"href":"https:\/\/www.encontrabomretiro.com.br\/sobre\/wp-json\/wp\/v2\/media?parent=3443"}],"wp:term":[{"taxonomy":"category","embeddable":true,"href":"https:\/\/www.encontrabomretiro.com.br\/sobre\/wp-json\/wp\/v2\/categories?post=3443"},{"taxonomy":"post_tag","embeddable":true,"href":"https:\/\/www.encontrabomretiro.com.br\/sobre\/wp-json\/wp\/v2\/tags?post=3443"}],"curies":[{"name":"wp","href":"https:\/\/api.w.org\/{rel}","templated":true}]}}