{"id":3437,"date":"2026-08-31T04:20:19","date_gmt":"2026-08-31T06:20:19","guid":{"rendered":"https:\/\/www.encontrabomretiro.com.br\/sobre\/cantos-negros-do-brasil\/"},"modified":"2026-08-31T04:20:19","modified_gmt":"2026-08-31T06:20:19","slug":"cantos-negros-do-brasil","status":"publish","type":"post","link":"https:\/\/www.encontrabomretiro.com.br\/sobre\/cantos-negros-do-brasil\/","title":{"rendered":"Cantos Negros do Brasil"},"content":{"rendered":"<div class=\"228b65ae207de3c5c501cfe75875708b\" data-index=\"1\" style=\"float: none; margin:0px;\">\n<!-- Anuncio display - global -->\r\n<ins class=\"adsbygoogle\"\r\n     style=\"display:block\"\r\n     data-ad-client=\"ca-pub-8585364105181520\"\r\n     data-ad-slot=\"8789329856\"\r\n     data-ad-format=\"auto\"\r\n     data-full-width-responsive=\"true\"><\/ins>\r\n<script>\r\n     (adsbygoogle = window.adsbygoogle || []).push({});\r\n<\/script>\n<\/div>\n<h2>A Experi\u00eancia dos Cantos Negros<\/h2>\n<p>A viv\u00eancia dos &#8220;Cantos Negros do Brasil&#8221; prop\u00f5e uma imers\u00e3o que combina teoria e pr\u00e1tica, permitindo que os participantes experimentem o canto como um meio de lembrar e criar. Atrav\u00e9s de uma abordagem que une mem\u00f3ria, m\u00fasica e movimentos, cada sess\u00e3o torna-se uma oportunidade \u00fanica de conex\u00e3o com a heran\u00e7a cultural afro-brasileira.<\/p>\n<h2>Voz e Corpo em Conex\u00e3o<\/h2>\n<p>No decorrer dos encontros, a voz \u00e9 percepcionada n\u00e3o apenas como um som, mas como uma extens\u00e3o do corpo e da ancestralidade. A pr\u00e1tica de cantar se transforma em uma experi\u00eancia sin\u00e9rgica, onde a express\u00e3o vocal se liga a gestos e a linguagem corporal, estabelecendo um di\u00e1logo entre o interior e o exterior, entre o individual e o coletivo.<\/p>\n<h2>Exerc\u00edcios de Respira\u00e7\u00e3o e Movimento<\/h2>\n<p>Um elemento fundamental das atividades \u00e9 o aprendizado de exerc\u00edcios que ajudam a otimizar a respira\u00e7\u00e3o. A respira\u00e7\u00e3o \u00e9 a base de qualquer pr\u00e1tica vocal, e ao aprender a controlar e direcionar a respira\u00e7\u00e3o, os participantes conseguem explorar suas vozes de maneiras novas e emocionantes. Os exerc\u00edcios de movimento tamb\u00e9m s\u00e3o enfatizados, encorajando os participantes a se moverem de forma livre, conectando-se n\u00e3o apenas com a m\u00fasica, mas tamb\u00e9m com seus pr\u00f3prios corpos.<\/p>\n<p><img decoding=\"async\" src=\"https:\/\/www.encontrabomretiro.com.br\/sobre\/wp-content\/uploads\/2026\/08\/cantos-negros-do-brasil.webp\" alt=\"Cantos Negros do Brasil\" loading=\"lazy\" \/><\/p>\n<h2>Improvisa\u00e7\u00e3o como Ferramenta Criativa<\/h2>\n<p>A improvisa\u00e7\u00e3o \u00e9 uma parte essencial do processo criativo. Durante os encontros, haver\u00e1 espa\u00e7o para que os participantes experimentem com a cria\u00e7\u00e3o espont\u00e2nea de m\u00fasica, utilizando as t\u00e9cnicas aprendidas. A improvisa\u00e7\u00e3o promove a liberdade de express\u00e3o e encoraja a inven\u00e7\u00e3o, permitindo que cada um desenvolva seu estilo pessoal e suas contribui\u00e7\u00f5es para o grupo.<\/p>\n<h2>Rela\u00e7\u00f5es entre Ancestralidade e M\u00fasica<\/h2>\n<p>Os cantos afro-brasileiros carregam significados profundos, encarnando as hist\u00f3rias e as lutas dos antepassados. A rela\u00e7\u00e3o entre a ancestralidade e a m\u00fasica ser\u00e1 aprofundada, explorando como as can\u00e7\u00f5es funcionam como um elo entre as gera\u00e7\u00f5es. Este entendimento contribuir\u00e1 para que os participantes n\u00e3o apenas cantem, mas tamb\u00e9m coloquem essa pr\u00e1tica no contexto de uma rica tradi\u00e7\u00e3o cultural.<\/p>\n<h2>O Papel do Repert\u00f3rio Afro-Brasileiro<\/h2>\n<p>No repert\u00f3rio desenvolvido, estar\u00e3o inclusas diferentes express\u00f5es musicais, como os cantos de trabalho, sambas de roda, congadas, maracatus, batuques e c\u00f4cos. Ao abordar essas tradi\u00e7\u00f5es, ser\u00e1 poss\u00edvel perceber \u00e0 influ\u00eancia que elas exercem n\u00e3o apenas na cultura popular, mas tamb\u00e9m na cria\u00e7\u00e3o de novas m\u00fasicas contempor\u00e2neas. Esse repert\u00f3rio ser\u00e1 a ponte que liga o passado ao presente, oferecendo um espa\u00e7o para que novos criadores se inspirem.<\/p>\n<h2>Cantos de Trabalho e Sua Import\u00e2ncia<\/h2>\n<p>Os cantos de trabalho desempenham um papel vital na cultura afro-brasileira, refletindo a rotina e os desafios das comunidades. Ser\u00e3o discutidas as fun\u00e7\u00f5es sociais desses cantos, que serviam como formas de resist\u00eancia e de express\u00e3o coletiva. Os participantes ter\u00e3o a oportunidade de aprender os diferentes estilos e contextos desses cantos, apreciando sua relev\u00e2ncia hist\u00f3rica e cultural.<\/p>\n<h2>A Influ\u00eancia das Compositoras Negras<\/h2>\n<p>A m\u00fasica afro-brasileira \u00e9 fortemente marcada pela contribui\u00e7\u00e3o de compositores e compositoras negras. O papel dessas artistas ser\u00e1 destacado, permitindo que os participantes conhe\u00e7am as trajet\u00f3rias e as obras que moldaram esse cen\u00e1rio musical. Essa \u00eanfase no legado das compositoras visa inspirar as novas gera\u00e7\u00f5es a se conectarem e se interessarem por suas hist\u00f3rias e suas m\u00fasicas.<\/p>\n<h2>Cria\u00e7\u00e3o Coletiva e Partilha<\/h2>\n<p>Durante os encontros, a ideia de cria\u00e7\u00e3o coletiva ser\u00e1 central. A partilha de experi\u00eancias, saberes e emo\u00e7\u00f5es \u00e9 fundamental para a constru\u00e7\u00e3o de um ambiente colaborativo. Os participantes ser\u00e3o incentivados a contribuir com suas vis\u00f5es e interpreta\u00e7\u00f5es, fazendo com que o resultado final seja uma produ\u00e7\u00e3o compartilhada que reflita a diversidade e a riqueza do grupo.<\/p>\n<h2>O Caminho do Canto como Pr\u00e1tica Transformadora<\/h2>\n<p>Cantar n\u00e3o \u00e9 apenas uma forma de arte, mas uma pr\u00e1tica que pode levar \u00e0 transforma\u00e7\u00e3o pessoal e comunit\u00e1ria. O canto, nesse contexto, se torna uma ferramenta poderosa de autoconhecimento e de empoderamento. \u00c0 medida que os participantes se envolvem mais com as atividades, eles perceber\u00e3o o efeito positivo do canto em suas vidas e em suas rela\u00e7\u00f5es com os outros.<\/p>\n<h2>Calend\u00e1rio e Inscri\u00e7\u00f5es<\/h2>\n<p>As atividades presenciais ocorrer\u00e3o nas quintas-feiras, entre 10 e 24 de setembro, sempre \u00e0s 11h00, na Sala de Oficinas 1. O evento \u00e9 voltado para pessoas a partir de 60 anos e as inscri\u00e7\u00f5es dever\u00e3o ser feitas at\u00e9 o dia 9 de setembro. N\u00e3o perca a oportunidade de fazer parte dessa rica experi\u00eancia!<\/p>\n\n<div style=\"font-size: 0px; height: 0px; line-height: 0px; margin: 0; padding: 0; clear: both;\"><\/div>","protected":false},"excerpt":{"rendered":"<p>Cantos Negros do Brasil explora a conex\u00e3o entre canto e ancestralidade.<\/p>\n","protected":false},"author":1,"featured_media":3436,"comment_status":"open","ping_status":"closed","sticky":false,"template":"","format":"standard","meta":{"footnotes":""},"categories":[17],"tags":[],"class_list":["post-3437","post","type-post","status-publish","format-standard","has-post-thumbnail","hentry","category-cultura-no-bom-retiro","has_thumb"],"aioseo_notices":[],"aioseo_head":"\n\t\t<!-- All in One SEO 5.0.0.1 - aioseo.com -->\n\t<meta name=\"description\" content=\"Cantos Negros do Brasil explora a conex\u00e3o entre canto e ancestralidade.\" \/>\n\t<meta name=\"robots\" content=\"max-image-preview:large\" \/>\n\t<meta name=\"author\" content=\"Encontra Bom Retiro\"\/>\n\t<link rel=\"canonical\" href=\"https:\/\/www.encontrabomretiro.com.br\/sobre\/cantos-negros-do-brasil\/\" \/>\n\t<meta name=\"generator\" content=\"All in One SEO (AIOSEO) 5.0.0.1\" \/>\n\t\t<meta property=\"og:locale\" content=\"pt_BR\" \/>\n\t\t<meta property=\"og:site_name\" content=\"Encontra Bom Retiro | Not\u00edcias, eventos, informa\u00e7\u00f5es e dicas no bairro do Bom Retiro e regi\u00e3o.\" \/>\n\t\t<meta property=\"og:type\" content=\"article\" \/>\n\t\t<meta property=\"og:title\" content=\"Cantos Negros do Brasil | Encontra Bom Retiro\" \/>\n\t\t<meta property=\"og:description\" content=\"Cantos Negros do Brasil explora a conex\u00e3o entre canto e ancestralidade.\" \/>\n\t\t<meta property=\"og:url\" content=\"https:\/\/www.encontrabomretiro.com.br\/sobre\/cantos-negros-do-brasil\/\" \/>\n\t\t<meta property=\"article:published_time\" content=\"2026-08-31T06:20:19+00:00\" \/>\n\t\t<meta property=\"article:modified_time\" content=\"2026-08-31T06:20:19+00:00\" \/>\n\t\t<meta name=\"twitter:card\" content=\"summary_large_image\" \/>\n\t\t<meta name=\"twitter:title\" content=\"Cantos Negros do Brasil | Encontra Bom Retiro\" \/>\n\t\t<meta name=\"twitter:description\" content=\"Cantos Negros do Brasil explora a conex\u00e3o entre canto e ancestralidade.\" \/>\n\t\t<script type=\"application\/ld+json\" class=\"aioseo-schema\">\n\t\t\t{\"@context\":\"https:\\\/\\\/schema.org\",\"@graph\":[{\"@type\":\"Article\",\"@id\":\"https:\\\/\\\/www.encontrabomretiro.com.br\\\/sobre\\\/cantos-negros-do-brasil\\\/#article\",\"name\":\"Cantos Negros do Brasil | Encontra Bom Retiro\",\"headline\":\"Cantos Negros do Brasil\",\"author\":{\"@id\":\"https:\\\/\\\/www.encontrabomretiro.com.br\\\/sobre\\\/author\\\/ebomretiro\\\/#author\"},\"publisher\":{\"@id\":\"https:\\\/\\\/www.encontrabomretiro.com.br\\\/sobre\\\/#organization\"},\"image\":{\"@type\":\"ImageObject\",\"url\":\"https:\\\/\\\/www.encontrabomretiro.com.br\\\/sobre\\\/wp-content\\\/uploads\\\/2026\\\/08\\\/cantos-negros-do-brasil.webp\",\"width\":280,\"height\":280,\"caption\":\"Cantos Negros do Brasil\"},\"datePublished\":\"2026-08-31T04:20:19-02:00\",\"dateModified\":\"2026-08-31T04:20:19-02:00\",\"inLanguage\":\"pt-BR\",\"mainEntityOfPage\":{\"@id\":\"https:\\\/\\\/www.encontrabomretiro.com.br\\\/sobre\\\/cantos-negros-do-brasil\\\/#webpage\"},\"isPartOf\":{\"@id\":\"https:\\\/\\\/www.encontrabomretiro.com.br\\\/sobre\\\/cantos-negros-do-brasil\\\/#webpage\"},\"articleSection\":\"Cultura Bom Retiro\"},{\"@type\":\"BreadcrumbList\",\"@id\":\"https:\\\/\\\/www.encontrabomretiro.com.br\\\/sobre\\\/cantos-negros-do-brasil\\\/#breadcrumblist\",\"itemListElement\":[{\"@type\":\"ListItem\",\"@id\":\"https:\\\/\\\/www.encontrabomretiro.com.br\\\/sobre#listItem\",\"position\":1,\"name\":\"Dom\\u00e9stica\",\"item\":\"https:\\\/\\\/www.encontrabomretiro.com.br\\\/sobre\",\"nextItem\":{\"@type\":\"ListItem\",\"@id\":\"https:\\\/\\\/www.encontrabomretiro.com.br\\\/sobre\\\/cultura-no-bom-retiro\\\/#listItem\",\"name\":\"Cultura Bom Retiro\"}},{\"@type\":\"ListItem\",\"@id\":\"https:\\\/\\\/www.encontrabomretiro.com.br\\\/sobre\\\/cultura-no-bom-retiro\\\/#listItem\",\"position\":2,\"name\":\"Cultura Bom Retiro\",\"item\":\"https:\\\/\\\/www.encontrabomretiro.com.br\\\/sobre\\\/cultura-no-bom-retiro\\\/\",\"nextItem\":{\"@type\":\"ListItem\",\"@id\":\"https:\\\/\\\/www.encontrabomretiro.com.br\\\/sobre\\\/cantos-negros-do-brasil\\\/#listItem\",\"name\":\"Cantos Negros do Brasil\"},\"previousItem\":{\"@type\":\"ListItem\",\"@id\":\"https:\\\/\\\/www.encontrabomretiro.com.br\\\/sobre#listItem\",\"name\":\"Dom\\u00e9stica\"}},{\"@type\":\"ListItem\",\"@id\":\"https:\\\/\\\/www.encontrabomretiro.com.br\\\/sobre\\\/cantos-negros-do-brasil\\\/#listItem\",\"position\":3,\"name\":\"Cantos Negros do Brasil\",\"previousItem\":{\"@type\":\"ListItem\",\"@id\":\"https:\\\/\\\/www.encontrabomretiro.com.br\\\/sobre\\\/cultura-no-bom-retiro\\\/#listItem\",\"name\":\"Cultura Bom Retiro\"}}]},{\"@type\":\"Organization\",\"@id\":\"https:\\\/\\\/www.encontrabomretiro.com.br\\\/sobre\\\/#organization\",\"name\":\"Encontra Bom Retiro\",\"description\":\"Not\\u00edcias, eventos, informa\\u00e7\\u00f5es e dicas no bairro do Bom Retiro e regi\\u00e3o.\",\"url\":\"https:\\\/\\\/www.encontrabomretiro.com.br\\\/sobre\\\/\"},{\"@type\":\"Person\",\"@id\":\"https:\\\/\\\/www.encontrabomretiro.com.br\\\/sobre\\\/author\\\/ebomretiro\\\/#author\",\"url\":\"https:\\\/\\\/www.encontrabomretiro.com.br\\\/sobre\\\/author\\\/ebomretiro\\\/\",\"name\":\"Encontra Bom Retiro\",\"image\":{\"@type\":\"ImageObject\",\"@id\":\"https:\\\/\\\/www.encontrabomretiro.com.br\\\/sobre\\\/cantos-negros-do-brasil\\\/#authorImage\",\"url\":\"https:\\\/\\\/secure.gravatar.com\\\/avatar\\\/507340682b8270222e1f208e23198b6ae7e2c6a1033ae84e99bc6bce4f82a387?s=96&d=mm&r=g\",\"width\":96,\"height\":96,\"caption\":\"Encontra Bom Retiro\"}},{\"@type\":\"WebPage\",\"@id\":\"https:\\\/\\\/www.encontrabomretiro.com.br\\\/sobre\\\/cantos-negros-do-brasil\\\/#webpage\",\"url\":\"https:\\\/\\\/www.encontrabomretiro.com.br\\\/sobre\\\/cantos-negros-do-brasil\\\/\",\"name\":\"Cantos Negros do Brasil | Encontra Bom Retiro\",\"description\":\"Cantos Negros do Brasil explora a conex\\u00e3o entre canto e ancestralidade.\",\"inLanguage\":\"pt-BR\",\"isPartOf\":{\"@id\":\"https:\\\/\\\/www.encontrabomretiro.com.br\\\/sobre\\\/#website\"},\"breadcrumb\":{\"@id\":\"https:\\\/\\\/www.encontrabomretiro.com.br\\\/sobre\\\/cantos-negros-do-brasil\\\/#breadcrumblist\"},\"author\":{\"@id\":\"https:\\\/\\\/www.encontrabomretiro.com.br\\\/sobre\\\/author\\\/ebomretiro\\\/#author\"},\"creator\":{\"@id\":\"https:\\\/\\\/www.encontrabomretiro.com.br\\\/sobre\\\/author\\\/ebomretiro\\\/#author\"},\"image\":{\"@type\":\"ImageObject\",\"url\":\"https:\\\/\\\/www.encontrabomretiro.com.br\\\/sobre\\\/wp-content\\\/uploads\\\/2026\\\/08\\\/cantos-negros-do-brasil.webp\",\"@id\":\"https:\\\/\\\/www.encontrabomretiro.com.br\\\/sobre\\\/cantos-negros-do-brasil\\\/#mainImage\",\"width\":280,\"height\":280,\"caption\":\"Cantos Negros do Brasil\"},\"primaryImageOfPage\":{\"@id\":\"https:\\\/\\\/www.encontrabomretiro.com.br\\\/sobre\\\/cantos-negros-do-brasil\\\/#mainImage\"},\"datePublished\":\"2026-08-31T04:20:19-02:00\",\"dateModified\":\"2026-08-31T04:20:19-02:00\"},{\"@type\":\"WebSite\",\"@id\":\"https:\\\/\\\/www.encontrabomretiro.com.br\\\/sobre\\\/#website\",\"url\":\"https:\\\/\\\/www.encontrabomretiro.com.br\\\/sobre\\\/\",\"name\":\"Encontra Bom Retiro\",\"description\":\"Not\\u00edcias, eventos, informa\\u00e7\\u00f5es e dicas no bairro do Bom Retiro e regi\\u00e3o.\",\"inLanguage\":\"pt-BR\",\"publisher\":{\"@id\":\"https:\\\/\\\/www.encontrabomretiro.com.br\\\/sobre\\\/#organization\"}}]}\n\t\t<\/script>\n\t\t<!-- All in One SEO -->\n\n","aioseo_head_json":{"title":"Cantos Negros do Brasil | Encontra Bom Retiro","description":"Cantos Negros do Brasil explora a conex\u00e3o entre canto e ancestralidade.","canonical_url":"https:\/\/www.encontrabomretiro.com.br\/sobre\/cantos-negros-do-brasil\/","robots":"max-image-preview:large","keywords":"","webmasterTools":{"miscellaneous":""},"schema":{"@context":"https:\/\/schema.org","@graph":[{"@type":"Article","@id":"https:\/\/www.encontrabomretiro.com.br\/sobre\/cantos-negros-do-brasil\/#article","name":"Cantos Negros do Brasil | Encontra Bom Retiro","headline":"Cantos Negros do Brasil","author":{"@id":"https:\/\/www.encontrabomretiro.com.br\/sobre\/author\/ebomretiro\/#author"},"publisher":{"@id":"https:\/\/www.encontrabomretiro.com.br\/sobre\/#organization"},"image":{"@type":"ImageObject","url":"https:\/\/www.encontrabomretiro.com.br\/sobre\/wp-content\/uploads\/2026\/08\/cantos-negros-do-brasil.webp","width":280,"height":280,"caption":"Cantos Negros do Brasil"},"datePublished":"2026-08-31T04:20:19-02:00","dateModified":"2026-08-31T04:20:19-02:00","inLanguage":"pt-BR","mainEntityOfPage":{"@id":"https:\/\/www.encontrabomretiro.com.br\/sobre\/cantos-negros-do-brasil\/#webpage"},"isPartOf":{"@id":"https:\/\/www.encontrabomretiro.com.br\/sobre\/cantos-negros-do-brasil\/#webpage"},"articleSection":"Cultura Bom Retiro"},{"@type":"BreadcrumbList","@id":"https:\/\/www.encontrabomretiro.com.br\/sobre\/cantos-negros-do-brasil\/#breadcrumblist","itemListElement":[{"@type":"ListItem","@id":"https:\/\/www.encontrabomretiro.com.br\/sobre#listItem","position":1,"name":"Dom\u00e9stica","item":"https:\/\/www.encontrabomretiro.com.br\/sobre","nextItem":{"@type":"ListItem","@id":"https:\/\/www.encontrabomretiro.com.br\/sobre\/cultura-no-bom-retiro\/#listItem","name":"Cultura Bom Retiro"}},{"@type":"ListItem","@id":"https:\/\/www.encontrabomretiro.com.br\/sobre\/cultura-no-bom-retiro\/#listItem","position":2,"name":"Cultura Bom Retiro","item":"https:\/\/www.encontrabomretiro.com.br\/sobre\/cultura-no-bom-retiro\/","nextItem":{"@type":"ListItem","@id":"https:\/\/www.encontrabomretiro.com.br\/sobre\/cantos-negros-do-brasil\/#listItem","name":"Cantos Negros do Brasil"},"previousItem":{"@type":"ListItem","@id":"https:\/\/www.encontrabomretiro.com.br\/sobre#listItem","name":"Dom\u00e9stica"}},{"@type":"ListItem","@id":"https:\/\/www.encontrabomretiro.com.br\/sobre\/cantos-negros-do-brasil\/#listItem","position":3,"name":"Cantos Negros do Brasil","previousItem":{"@type":"ListItem","@id":"https:\/\/www.encontrabomretiro.com.br\/sobre\/cultura-no-bom-retiro\/#listItem","name":"Cultura Bom Retiro"}}]},{"@type":"Organization","@id":"https:\/\/www.encontrabomretiro.com.br\/sobre\/#organization","name":"Encontra Bom Retiro","description":"Not\u00edcias, eventos, informa\u00e7\u00f5es e dicas no bairro do Bom Retiro e regi\u00e3o.","url":"https:\/\/www.encontrabomretiro.com.br\/sobre\/"},{"@type":"Person","@id":"https:\/\/www.encontrabomretiro.com.br\/sobre\/author\/ebomretiro\/#author","url":"https:\/\/www.encontrabomretiro.com.br\/sobre\/author\/ebomretiro\/","name":"Encontra Bom Retiro","image":{"@type":"ImageObject","@id":"https:\/\/www.encontrabomretiro.com.br\/sobre\/cantos-negros-do-brasil\/#authorImage","url":"https:\/\/secure.gravatar.com\/avatar\/507340682b8270222e1f208e23198b6ae7e2c6a1033ae84e99bc6bce4f82a387?s=96&d=mm&r=g","width":96,"height":96,"caption":"Encontra Bom Retiro"}},{"@type":"WebPage","@id":"https:\/\/www.encontrabomretiro.com.br\/sobre\/cantos-negros-do-brasil\/#webpage","url":"https:\/\/www.encontrabomretiro.com.br\/sobre\/cantos-negros-do-brasil\/","name":"Cantos Negros do Brasil | Encontra Bom Retiro","description":"Cantos Negros do Brasil explora a conex\u00e3o entre canto e ancestralidade.","inLanguage":"pt-BR","isPartOf":{"@id":"https:\/\/www.encontrabomretiro.com.br\/sobre\/#website"},"breadcrumb":{"@id":"https:\/\/www.encontrabomretiro.com.br\/sobre\/cantos-negros-do-brasil\/#breadcrumblist"},"author":{"@id":"https:\/\/www.encontrabomretiro.com.br\/sobre\/author\/ebomretiro\/#author"},"creator":{"@id":"https:\/\/www.encontrabomretiro.com.br\/sobre\/author\/ebomretiro\/#author"},"image":{"@type":"ImageObject","url":"https:\/\/www.encontrabomretiro.com.br\/sobre\/wp-content\/uploads\/2026\/08\/cantos-negros-do-brasil.webp","@id":"https:\/\/www.encontrabomretiro.com.br\/sobre\/cantos-negros-do-brasil\/#mainImage","width":280,"height":280,"caption":"Cantos Negros do Brasil"},"primaryImageOfPage":{"@id":"https:\/\/www.encontrabomretiro.com.br\/sobre\/cantos-negros-do-brasil\/#mainImage"},"datePublished":"2026-08-31T04:20:19-02:00","dateModified":"2026-08-31T04:20:19-02:00"},{"@type":"WebSite","@id":"https:\/\/www.encontrabomretiro.com.br\/sobre\/#website","url":"https:\/\/www.encontrabomretiro.com.br\/sobre\/","name":"Encontra Bom Retiro","description":"Not\u00edcias, eventos, informa\u00e7\u00f5es e dicas no bairro do Bom Retiro e regi\u00e3o.","inLanguage":"pt-BR","publisher":{"@id":"https:\/\/www.encontrabomretiro.com.br\/sobre\/#organization"}}]},"og:locale":"pt_BR","og:site_name":"Encontra Bom Retiro | Not\u00edcias, eventos, informa\u00e7\u00f5es e dicas no bairro do Bom Retiro e regi\u00e3o.","og:type":"article","og:title":"Cantos Negros do Brasil | Encontra Bom Retiro","og:description":"Cantos Negros do Brasil explora a conex\u00e3o entre canto e ancestralidade.","og:url":"https:\/\/www.encontrabomretiro.com.br\/sobre\/cantos-negros-do-brasil\/","article:published_time":"2026-08-31T06:20:19+00:00","article:modified_time":"2026-08-31T06:20:19+00:00","twitter:card":"summary_large_image","twitter:title":"Cantos Negros do Brasil | Encontra Bom Retiro","twitter:description":"Cantos Negros do Brasil explora a conex\u00e3o entre canto e ancestralidade."},"aioseo_meta_data":{"post_id":"3437","title":null,"description":null,"keywords":null,"keyphrases":null,"primary_term":null,"canonical_url":null,"og_title":null,"og_description":null,"og_object_type":"default","og_image_type":"default","og_image_url":null,"og_image_width":null,"og_image_height":null,"og_image_custom_url":null,"og_image_custom_fields":null,"og_video":null,"og_custom_url":null,"og_article_section":null,"og_article_tags":null,"twitter_use_og":false,"twitter_card":"default","twitter_image_type":"default","twitter_image_url":null,"twitter_image_custom_url":null,"twitter_image_custom_fields":null,"twitter_title":null,"twitter_description":null,"schema":{"blockGraphs":[],"customGraphs":[],"default":{"data":{"Article":[],"Course":[],"Dataset":[],"FAQPage":[],"Movie":[],"Person":[],"Product":[],"ProductReview":[],"Car":[],"Recipe":[],"Service":[],"SoftwareApplication":[],"WebPage":[]},"graphName":"Article","isEnabled":true},"graphs":[]},"schema_type":"default","schema_type_options":null,"pillar_content":false,"robots_default":true,"robots_noindex":false,"robots_noarchive":false,"robots_nosnippet":false,"robots_nofollow":false,"robots_noimageindex":false,"robots_noodp":false,"robots_notranslate":false,"robots_max_snippet":null,"robots_max_videopreview":null,"robots_max_imagepreview":"large","priority":null,"frequency":null,"local_seo":null,"breadcrumb_settings":null,"limit_modified_date":false,"ai":null,"created":"2026-08-31 06:20:19","updated":"2026-08-31 06:21:06","focus_keyword":null,"additional_keywords":null,"truseo_locale":null,"seo_analyzer_scan_date":null},"aioseo_breadcrumb":"<div class=\"aioseo-breadcrumbs\"><span class=\"aioseo-breadcrumb\">\n\t\t\t<a href=\"https:\/\/www.encontrabomretiro.com.br\/sobre\" title=\"Dom\u00e9stica\">Dom\u00e9stica<\/a>\n\t\t<\/span><span class=\"aioseo-breadcrumb-separator\">&raquo;<\/span><span class=\"aioseo-breadcrumb\">\n\t\t\t<a href=\"https:\/\/www.encontrabomretiro.com.br\/sobre\/cultura-no-bom-retiro\/\" title=\"Cultura Bom Retiro\">Cultura Bom Retiro<\/a>\n\t\t<\/span><span class=\"aioseo-breadcrumb-separator\">&raquo;<\/span><span class=\"aioseo-breadcrumb\">\n\t\t\tCantos Negros do Brasil\n\t\t<\/span><\/div>","aioseo_breadcrumb_json":[{"label":"Dom\u00e9stica","link":"https:\/\/www.encontrabomretiro.com.br\/sobre"},{"label":"Cultura Bom Retiro","link":"https:\/\/www.encontrabomretiro.com.br\/sobre\/cultura-no-bom-retiro\/"},{"label":"Cantos Negros do Brasil","link":"https:\/\/www.encontrabomretiro.com.br\/sobre\/cantos-negros-do-brasil\/"}],"_links":{"self":[{"href":"https:\/\/www.encontrabomretiro.com.br\/sobre\/wp-json\/wp\/v2\/posts\/3437","targetHints":{"allow":["GET"]}}],"collection":[{"href":"https:\/\/www.encontrabomretiro.com.br\/sobre\/wp-json\/wp\/v2\/posts"}],"about":[{"href":"https:\/\/www.encontrabomretiro.com.br\/sobre\/wp-json\/wp\/v2\/types\/post"}],"author":[{"embeddable":true,"href":"https:\/\/www.encontrabomretiro.com.br\/sobre\/wp-json\/wp\/v2\/users\/1"}],"replies":[{"embeddable":true,"href":"https:\/\/www.encontrabomretiro.com.br\/sobre\/wp-json\/wp\/v2\/comments?post=3437"}],"version-history":[{"count":0,"href":"https:\/\/www.encontrabomretiro.com.br\/sobre\/wp-json\/wp\/v2\/posts\/3437\/revisions"}],"wp:featuredmedia":[{"embeddable":true,"href":"https:\/\/www.encontrabomretiro.com.br\/sobre\/wp-json\/wp\/v2\/media\/3436"}],"wp:attachment":[{"href":"https:\/\/www.encontrabomretiro.com.br\/sobre\/wp-json\/wp\/v2\/media?parent=3437"}],"wp:term":[{"taxonomy":"category","embeddable":true,"href":"https:\/\/www.encontrabomretiro.com.br\/sobre\/wp-json\/wp\/v2\/categories?post=3437"},{"taxonomy":"post_tag","embeddable":true,"href":"https:\/\/www.encontrabomretiro.com.br\/sobre\/wp-json\/wp\/v2\/tags?post=3437"}],"curies":[{"name":"wp","href":"https:\/\/api.w.org\/{rel}","templated":true}]}}