{"id":3435,"date":"2026-08-31T04:19:23","date_gmt":"2026-08-31T06:19:23","guid":{"rendered":"https:\/\/www.encontrabomretiro.com.br\/sobre\/africa-em-miniatura-para-bebes\/"},"modified":"2026-08-31T04:19:23","modified_gmt":"2026-08-31T06:19:23","slug":"africa-em-miniatura-para-bebes","status":"publish","type":"post","link":"https:\/\/www.encontrabomretiro.com.br\/sobre\/africa-em-miniatura-para-bebes\/","title":{"rendered":"\u00c1frica em Miniatura para beb\u00eas"},"content":{"rendered":"<div class=\"228b65ae207de3c5c501cfe75875708b\" data-index=\"1\" style=\"float: none; margin:0px;\">\n<!-- Anuncio display - global -->\r\n<ins class=\"adsbygoogle\"\r\n     style=\"display:block\"\r\n     data-ad-client=\"ca-pub-8585364105181520\"\r\n     data-ad-slot=\"8789329856\"\r\n     data-ad-format=\"auto\"\r\n     data-full-width-responsive=\"true\"><\/ins>\r\n<script>\r\n     (adsbygoogle = window.adsbygoogle || []).push({});\r\n<\/script>\n<\/div>\n<h2>Experi\u00eancia Cultural para Beb\u00eas e Fam\u00edlias<\/h2>\n<p>O evento &#8220;\u00c1frica em Miniatura para Beb\u00eas&#8221; \u00e9 uma atividade pensada especialmente para os pequenos e suas fam\u00edlias, com um enfoque na introdu\u00e7\u00e3o \u00e0 rica cultura africana. Nesse encontro, as crian\u00e7as ter\u00e3o a oportunidade de vivenciar elementos da cultura africana, promovendo o contato com dan\u00e7as, m\u00fasicas e tradi\u00e7\u00f5es que encorajam o desenvolvimento sensorial e emocional dos participantes desde a primeira inf\u00e2ncia.<\/p>\n<h2>As Filhas do Daom\u00e9 e sua Hist\u00f3ria<\/h2>\n<p>O coletivo conhecido como Filhas do Daom\u00e9 \u00e9 formado por mulheres que nasceram e cresceram no Benin, um pa\u00eds na regi\u00e3o da \u00c1frica Ocidental. Essa iniciativa comunit\u00e1ria visa compartilhar a cultura africana no Brasil de maneira vibrante e acess\u00edvel. Essas mulheres se inspiram nas guerreiras hist\u00f3ricas de Daom\u00e9, um antigo reino africano, e t\u00eam como objetivo promover e celebrar a cultura ancestral por meio de suas tradi\u00e7\u00f5es, m\u00fasicas e dan\u00e7as. Elas representam n\u00e3o apenas sua heran\u00e7a cultural, mas tamb\u00e9m se empenham por um espa\u00e7o que valoriza as hist\u00f3rias e as viv\u00eancias de mulheres negras.<\/p>\n<h2>Import\u00e2ncia da Cultura Africana na Primeira Inf\u00e2ncia<\/h2>\n<p>Integrar a cultura africana na vida das crian\u00e7as desde cedo \u00e9 fundamental para criar um senso de identidade e pertencimento. A variedade de ritmos, cores e tradi\u00e7\u00f5es africanas oferece um ambiente rico para o aprendizado e a descoberta. O evento n\u00e3o apenas apresenta essas no\u00e7\u00f5es, mas tamb\u00e9m incentiva a valoriza\u00e7\u00e3o da diversidade cultural, permitindo que os pequenos conhe\u00e7am e respeitem as diferen\u00e7as desde a tenra idade. Essa abordagem \u00e9 crucial para formar cidad\u00e3os mais conscientes e respeitosos com as diversas culturas em nosso mundo.<\/p>\n<p><img decoding=\"async\" src=\"https:\/\/www.encontrabomretiro.com.br\/sobre\/wp-content\/uploads\/2026\/08\/africa-em-miniatura-para-bebes.webp\" alt=\"\u00c1frica em Miniatura para beb\u00eas\" loading=\"lazy\" \/><\/p>\n<h2>Viv\u00eancias de Dan\u00e7a Africana: Uma Introdu\u00e7\u00e3o<\/h2>\n<p>A dan\u00e7a \u00e9 uma das formas mais expressivas de arte e comunica\u00e7\u00e3o, especialmente nas culturas africanas. Durante o evento, as crian\u00e7as e suas fam\u00edlias participar\u00e3o de viv\u00eancias que incluem dan\u00e7as tradicionais. Essas atividades n\u00e3o apenas promovem a atividade f\u00edsica, mas tamb\u00e9m estimulam o desenvolvimento motor das crian\u00e7as, \u00e0 medida que elas se movem ao som das batidas contagiantes da m\u00fasica africana. As dan\u00e7as ensinam coordena\u00e7\u00e3o, ritmo e, mais importante, proporcionam um momento de alegria e uni\u00e3o familiar.<\/p>\n<h2>Carregamento de Beb\u00eas: Tradi\u00e7\u00f5es e T\u00e9cnicas<\/h2>\n<p>Outro aspecto fascinante do evento \u00e9 a pr\u00e1tica de carregar beb\u00eas nas costas usando panos africanos, uma tradi\u00e7\u00e3o que remonta a s\u00e9culos. Essa pr\u00e1tica, al\u00e9m de pr\u00e1tica, \u00e9 uma arte que simboliza a conex\u00e3o entre m\u00e3e e filho e \u00e9 uma demonstra\u00e7\u00e3o de como a cultura africana valoriza o cuidado e a proximidade familiar. Os participantes aprender\u00e3o as t\u00e9cnicas adequadas, que s\u00e3o n\u00e3o s\u00f3 seguras, mas tamb\u00e9m confort\u00e1veis, promovendo um v\u00ednculo afetivo significativo. Essa viv\u00eancia oferece n\u00e3o apenas a chance de aprender uma nova habilidade, mas tamb\u00e9m de experimentar a cultura de forma direta e envolvente.<\/p>\n<h2>Um Convite \u00e0 Diversidade Cultural<\/h2>\n<p>O evento &#8220;\u00c1frica em Miniatura para Beb\u00eas&#8221; \u00e9 um convite para que fam\u00edlias se unam e explorem a riqueza da diversidade cultural que est\u00e1 presente no Brasil e no mundo. Atrav\u00e9s de experi\u00eancias compartilhadas, as fam\u00edlias poder\u00e3o se engajar em conversas significativas sobre a import\u00e2ncia da cultura, do respeito \u00e0s diferen\u00e7as e do aprendizado cont\u00ednuo. \u00c9 uma oportunidade de fortalecer la\u00e7os familiares ao mesmo tempo em que se abrem as portas para novas perspectivas sobre o mundo.<\/p>\n<h2>Gratuidade e Acessibilidade no Sesc<\/h2>\n<p>Uma das grandes vantagens deste evento \u00e9 que ele \u00e9 gratuito, refletindo o compromisso do Sesc em tornar a cultura acess\u00edvel a todos. Essa iniciativa convida pessoas de diferentes origens sociais e econ\u00f4micas a participar, garantindo que as experi\u00eancias oferecidas estejam ao alcance de todos. O acesso \u00e0 cultura n\u00e3o deve ter barreiras, e o Sesc desempenha um papel fundamental em democratizar o acesso a eventos como este.<\/p>\n<h2>Data e Local do Evento<\/h2>\n<p>O encontro ocorrer\u00e1 no dia <strong>20\/09<\/strong>, domingo, com in\u00edcio \u00e0s <strong>10h00<\/strong> e t\u00e9rmino \u00e0s <strong>12h00<\/strong>. O local escolhido para esta viv\u00eancia \u00e9 a Biblioteca, um ambiente prop\u00edcio para a troca de experi\u00eancias e o aprendizado. A escolha do espa\u00e7o refor\u00e7a a ideia de que a leitura e a cultura est\u00e3o interligadas, criando um ambiente acolhedor e enriquecedor para todos os participantes.<\/p>\n<h2>Como Participar da Viv\u00eancia<\/h2>\n<p>Para participar dessa viv\u00eancia especial, basta comparecer ao local do evento \u00e0s 10h00. N\u00e3o h\u00e1 necessidade de inscri\u00e7\u00e3o pr\u00e9via, o que torna a experi\u00eancia ainda mais acess\u00edvel. \u00c9 uma \u00f3tima oportunidade para que os pais e respons\u00e1veis se conectem com suas crian\u00e7as e participem ativamente do processo de aprendizagem e descoberta cultural.<\/p>\n<h2>Fale Conosco para Mais Informa\u00e7\u00f5es<\/h2>\n<p>Se voc\u00ea tiver d\u00favidas ou precisar de mais informa\u00e7\u00f5es sobre o evento &#8220;\u00c1frica em Miniatura para Beb\u00eas&#8221;, o Sesc est\u00e1 \u00e0 disposi\u00e7\u00e3o para ajudar. O contato pode ser feito atrav\u00e9s do site oficial, por telefone ou redes sociais. Fique \u00e0 vontade para buscar esclarecimentos e se preparar para essa incr\u00edvel experi\u00eancia cultural que promete enriquecer a vida das crian\u00e7as e suas fam\u00edlias!<\/p>\n\n<div style=\"font-size: 0px; height: 0px; line-height: 0px; margin: 0; padding: 0; clear: both;\"><\/div>","protected":false},"excerpt":{"rendered":"<p>\u00c1frica em Miniatura para Beb\u00eas traz uma viv\u00eancia \u00fanica de dan\u00e7a e cultura africana.<\/p>\n","protected":false},"author":1,"featured_media":3434,"comment_status":"open","ping_status":"closed","sticky":false,"template":"","format":"standard","meta":{"footnotes":""},"categories":[17],"tags":[],"class_list":["post-3435","post","type-post","status-publish","format-standard","has-post-thumbnail","hentry","category-cultura-no-bom-retiro","has_thumb"],"aioseo_notices":[],"aioseo_head":"\n\t\t<!-- All in One SEO 5.0.0.1 - aioseo.com -->\n\t<meta name=\"description\" content=\"\u00c1frica em Miniatura para Beb\u00eas traz uma viv\u00eancia \u00fanica de dan\u00e7a e cultura africana.\" \/>\n\t<meta name=\"robots\" content=\"max-image-preview:large\" \/>\n\t<meta name=\"author\" content=\"Encontra Bom Retiro\"\/>\n\t<link rel=\"canonical\" href=\"https:\/\/www.encontrabomretiro.com.br\/sobre\/africa-em-miniatura-para-bebes\/\" \/>\n\t<meta name=\"generator\" content=\"All in One SEO (AIOSEO) 5.0.0.1\" \/>\n\t\t<meta property=\"og:locale\" content=\"pt_BR\" \/>\n\t\t<meta property=\"og:site_name\" content=\"Encontra Bom Retiro | Not\u00edcias, eventos, informa\u00e7\u00f5es e dicas no bairro do Bom Retiro e regi\u00e3o.\" \/>\n\t\t<meta property=\"og:type\" content=\"article\" \/>\n\t\t<meta property=\"og:title\" content=\"\u00c1frica em Miniatura para beb\u00eas | Encontra Bom Retiro\" \/>\n\t\t<meta property=\"og:description\" content=\"\u00c1frica em Miniatura para Beb\u00eas traz uma viv\u00eancia \u00fanica de dan\u00e7a e cultura africana.\" \/>\n\t\t<meta property=\"og:url\" content=\"https:\/\/www.encontrabomretiro.com.br\/sobre\/africa-em-miniatura-para-bebes\/\" \/>\n\t\t<meta property=\"article:published_time\" content=\"2026-08-31T06:19:23+00:00\" \/>\n\t\t<meta property=\"article:modified_time\" content=\"2026-08-31T06:19:23+00:00\" \/>\n\t\t<meta name=\"twitter:card\" content=\"summary_large_image\" \/>\n\t\t<meta name=\"twitter:title\" content=\"\u00c1frica em Miniatura para beb\u00eas | Encontra Bom Retiro\" \/>\n\t\t<meta name=\"twitter:description\" content=\"\u00c1frica em Miniatura para Beb\u00eas traz uma viv\u00eancia \u00fanica de dan\u00e7a e cultura africana.\" \/>\n\t\t<script type=\"application\/ld+json\" class=\"aioseo-schema\">\n\t\t\t{\"@context\":\"https:\\\/\\\/schema.org\",\"@graph\":[{\"@type\":\"Article\",\"@id\":\"https:\\\/\\\/www.encontrabomretiro.com.br\\\/sobre\\\/africa-em-miniatura-para-bebes\\\/#article\",\"name\":\"\\u00c1frica em Miniatura para beb\\u00eas | Encontra Bom Retiro\",\"headline\":\"\\u00c1frica em Miniatura para beb\\u00eas\",\"author\":{\"@id\":\"https:\\\/\\\/www.encontrabomretiro.com.br\\\/sobre\\\/author\\\/ebomretiro\\\/#author\"},\"publisher\":{\"@id\":\"https:\\\/\\\/www.encontrabomretiro.com.br\\\/sobre\\\/#organization\"},\"image\":{\"@type\":\"ImageObject\",\"url\":\"https:\\\/\\\/www.encontrabomretiro.com.br\\\/sobre\\\/wp-content\\\/uploads\\\/2026\\\/08\\\/africa-em-miniatura-para-bebes.webp\",\"width\":280,\"height\":280,\"caption\":\"\\u00c1frica em Miniatura para beb\\u00eas\"},\"datePublished\":\"2026-08-31T04:19:23-02:00\",\"dateModified\":\"2026-08-31T04:19:23-02:00\",\"inLanguage\":\"pt-BR\",\"mainEntityOfPage\":{\"@id\":\"https:\\\/\\\/www.encontrabomretiro.com.br\\\/sobre\\\/africa-em-miniatura-para-bebes\\\/#webpage\"},\"isPartOf\":{\"@id\":\"https:\\\/\\\/www.encontrabomretiro.com.br\\\/sobre\\\/africa-em-miniatura-para-bebes\\\/#webpage\"},\"articleSection\":\"Cultura Bom Retiro\"},{\"@type\":\"BreadcrumbList\",\"@id\":\"https:\\\/\\\/www.encontrabomretiro.com.br\\\/sobre\\\/africa-em-miniatura-para-bebes\\\/#breadcrumblist\",\"itemListElement\":[{\"@type\":\"ListItem\",\"@id\":\"https:\\\/\\\/www.encontrabomretiro.com.br\\\/sobre#listItem\",\"position\":1,\"name\":\"Dom\\u00e9stica\",\"item\":\"https:\\\/\\\/www.encontrabomretiro.com.br\\\/sobre\",\"nextItem\":{\"@type\":\"ListItem\",\"@id\":\"https:\\\/\\\/www.encontrabomretiro.com.br\\\/sobre\\\/cultura-no-bom-retiro\\\/#listItem\",\"name\":\"Cultura Bom Retiro\"}},{\"@type\":\"ListItem\",\"@id\":\"https:\\\/\\\/www.encontrabomretiro.com.br\\\/sobre\\\/cultura-no-bom-retiro\\\/#listItem\",\"position\":2,\"name\":\"Cultura Bom Retiro\",\"item\":\"https:\\\/\\\/www.encontrabomretiro.com.br\\\/sobre\\\/cultura-no-bom-retiro\\\/\",\"nextItem\":{\"@type\":\"ListItem\",\"@id\":\"https:\\\/\\\/www.encontrabomretiro.com.br\\\/sobre\\\/africa-em-miniatura-para-bebes\\\/#listItem\",\"name\":\"\\u00c1frica em Miniatura para beb\\u00eas\"},\"previousItem\":{\"@type\":\"ListItem\",\"@id\":\"https:\\\/\\\/www.encontrabomretiro.com.br\\\/sobre#listItem\",\"name\":\"Dom\\u00e9stica\"}},{\"@type\":\"ListItem\",\"@id\":\"https:\\\/\\\/www.encontrabomretiro.com.br\\\/sobre\\\/africa-em-miniatura-para-bebes\\\/#listItem\",\"position\":3,\"name\":\"\\u00c1frica em Miniatura para beb\\u00eas\",\"previousItem\":{\"@type\":\"ListItem\",\"@id\":\"https:\\\/\\\/www.encontrabomretiro.com.br\\\/sobre\\\/cultura-no-bom-retiro\\\/#listItem\",\"name\":\"Cultura Bom Retiro\"}}]},{\"@type\":\"Organization\",\"@id\":\"https:\\\/\\\/www.encontrabomretiro.com.br\\\/sobre\\\/#organization\",\"name\":\"Encontra Bom Retiro\",\"description\":\"Not\\u00edcias, eventos, informa\\u00e7\\u00f5es e dicas no bairro do Bom Retiro e regi\\u00e3o.\",\"url\":\"https:\\\/\\\/www.encontrabomretiro.com.br\\\/sobre\\\/\"},{\"@type\":\"Person\",\"@id\":\"https:\\\/\\\/www.encontrabomretiro.com.br\\\/sobre\\\/author\\\/ebomretiro\\\/#author\",\"url\":\"https:\\\/\\\/www.encontrabomretiro.com.br\\\/sobre\\\/author\\\/ebomretiro\\\/\",\"name\":\"Encontra Bom Retiro\",\"image\":{\"@type\":\"ImageObject\",\"@id\":\"https:\\\/\\\/www.encontrabomretiro.com.br\\\/sobre\\\/africa-em-miniatura-para-bebes\\\/#authorImage\",\"url\":\"https:\\\/\\\/secure.gravatar.com\\\/avatar\\\/507340682b8270222e1f208e23198b6ae7e2c6a1033ae84e99bc6bce4f82a387?s=96&d=mm&r=g\",\"width\":96,\"height\":96,\"caption\":\"Encontra Bom Retiro\"}},{\"@type\":\"WebPage\",\"@id\":\"https:\\\/\\\/www.encontrabomretiro.com.br\\\/sobre\\\/africa-em-miniatura-para-bebes\\\/#webpage\",\"url\":\"https:\\\/\\\/www.encontrabomretiro.com.br\\\/sobre\\\/africa-em-miniatura-para-bebes\\\/\",\"name\":\"\\u00c1frica em Miniatura para beb\\u00eas | Encontra Bom Retiro\",\"description\":\"\\u00c1frica em Miniatura para Beb\\u00eas traz uma viv\\u00eancia \\u00fanica de dan\\u00e7a e cultura africana.\",\"inLanguage\":\"pt-BR\",\"isPartOf\":{\"@id\":\"https:\\\/\\\/www.encontrabomretiro.com.br\\\/sobre\\\/#website\"},\"breadcrumb\":{\"@id\":\"https:\\\/\\\/www.encontrabomretiro.com.br\\\/sobre\\\/africa-em-miniatura-para-bebes\\\/#breadcrumblist\"},\"author\":{\"@id\":\"https:\\\/\\\/www.encontrabomretiro.com.br\\\/sobre\\\/author\\\/ebomretiro\\\/#author\"},\"creator\":{\"@id\":\"https:\\\/\\\/www.encontrabomretiro.com.br\\\/sobre\\\/author\\\/ebomretiro\\\/#author\"},\"image\":{\"@type\":\"ImageObject\",\"url\":\"https:\\\/\\\/www.encontrabomretiro.com.br\\\/sobre\\\/wp-content\\\/uploads\\\/2026\\\/08\\\/africa-em-miniatura-para-bebes.webp\",\"@id\":\"https:\\\/\\\/www.encontrabomretiro.com.br\\\/sobre\\\/africa-em-miniatura-para-bebes\\\/#mainImage\",\"width\":280,\"height\":280,\"caption\":\"\\u00c1frica em Miniatura para beb\\u00eas\"},\"primaryImageOfPage\":{\"@id\":\"https:\\\/\\\/www.encontrabomretiro.com.br\\\/sobre\\\/africa-em-miniatura-para-bebes\\\/#mainImage\"},\"datePublished\":\"2026-08-31T04:19:23-02:00\",\"dateModified\":\"2026-08-31T04:19:23-02:00\"},{\"@type\":\"WebSite\",\"@id\":\"https:\\\/\\\/www.encontrabomretiro.com.br\\\/sobre\\\/#website\",\"url\":\"https:\\\/\\\/www.encontrabomretiro.com.br\\\/sobre\\\/\",\"name\":\"Encontra Bom Retiro\",\"description\":\"Not\\u00edcias, eventos, informa\\u00e7\\u00f5es e dicas no bairro do Bom Retiro e regi\\u00e3o.\",\"inLanguage\":\"pt-BR\",\"publisher\":{\"@id\":\"https:\\\/\\\/www.encontrabomretiro.com.br\\\/sobre\\\/#organization\"}}]}\n\t\t<\/script>\n\t\t<!-- All in One SEO -->\n\n","aioseo_head_json":{"title":"\u00c1frica em Miniatura para beb\u00eas | Encontra Bom Retiro","description":"\u00c1frica em Miniatura para Beb\u00eas traz uma viv\u00eancia \u00fanica de dan\u00e7a e cultura africana.","canonical_url":"https:\/\/www.encontrabomretiro.com.br\/sobre\/africa-em-miniatura-para-bebes\/","robots":"max-image-preview:large","keywords":"","webmasterTools":{"miscellaneous":""},"schema":{"@context":"https:\/\/schema.org","@graph":[{"@type":"Article","@id":"https:\/\/www.encontrabomretiro.com.br\/sobre\/africa-em-miniatura-para-bebes\/#article","name":"\u00c1frica em Miniatura para beb\u00eas | Encontra Bom Retiro","headline":"\u00c1frica em Miniatura para beb\u00eas","author":{"@id":"https:\/\/www.encontrabomretiro.com.br\/sobre\/author\/ebomretiro\/#author"},"publisher":{"@id":"https:\/\/www.encontrabomretiro.com.br\/sobre\/#organization"},"image":{"@type":"ImageObject","url":"https:\/\/www.encontrabomretiro.com.br\/sobre\/wp-content\/uploads\/2026\/08\/africa-em-miniatura-para-bebes.webp","width":280,"height":280,"caption":"\u00c1frica em Miniatura para beb\u00eas"},"datePublished":"2026-08-31T04:19:23-02:00","dateModified":"2026-08-31T04:19:23-02:00","inLanguage":"pt-BR","mainEntityOfPage":{"@id":"https:\/\/www.encontrabomretiro.com.br\/sobre\/africa-em-miniatura-para-bebes\/#webpage"},"isPartOf":{"@id":"https:\/\/www.encontrabomretiro.com.br\/sobre\/africa-em-miniatura-para-bebes\/#webpage"},"articleSection":"Cultura Bom Retiro"},{"@type":"BreadcrumbList","@id":"https:\/\/www.encontrabomretiro.com.br\/sobre\/africa-em-miniatura-para-bebes\/#breadcrumblist","itemListElement":[{"@type":"ListItem","@id":"https:\/\/www.encontrabomretiro.com.br\/sobre#listItem","position":1,"name":"Dom\u00e9stica","item":"https:\/\/www.encontrabomretiro.com.br\/sobre","nextItem":{"@type":"ListItem","@id":"https:\/\/www.encontrabomretiro.com.br\/sobre\/cultura-no-bom-retiro\/#listItem","name":"Cultura Bom Retiro"}},{"@type":"ListItem","@id":"https:\/\/www.encontrabomretiro.com.br\/sobre\/cultura-no-bom-retiro\/#listItem","position":2,"name":"Cultura Bom Retiro","item":"https:\/\/www.encontrabomretiro.com.br\/sobre\/cultura-no-bom-retiro\/","nextItem":{"@type":"ListItem","@id":"https:\/\/www.encontrabomretiro.com.br\/sobre\/africa-em-miniatura-para-bebes\/#listItem","name":"\u00c1frica em Miniatura para beb\u00eas"},"previousItem":{"@type":"ListItem","@id":"https:\/\/www.encontrabomretiro.com.br\/sobre#listItem","name":"Dom\u00e9stica"}},{"@type":"ListItem","@id":"https:\/\/www.encontrabomretiro.com.br\/sobre\/africa-em-miniatura-para-bebes\/#listItem","position":3,"name":"\u00c1frica em Miniatura para beb\u00eas","previousItem":{"@type":"ListItem","@id":"https:\/\/www.encontrabomretiro.com.br\/sobre\/cultura-no-bom-retiro\/#listItem","name":"Cultura Bom Retiro"}}]},{"@type":"Organization","@id":"https:\/\/www.encontrabomretiro.com.br\/sobre\/#organization","name":"Encontra Bom Retiro","description":"Not\u00edcias, eventos, informa\u00e7\u00f5es e dicas no bairro do Bom Retiro e regi\u00e3o.","url":"https:\/\/www.encontrabomretiro.com.br\/sobre\/"},{"@type":"Person","@id":"https:\/\/www.encontrabomretiro.com.br\/sobre\/author\/ebomretiro\/#author","url":"https:\/\/www.encontrabomretiro.com.br\/sobre\/author\/ebomretiro\/","name":"Encontra Bom Retiro","image":{"@type":"ImageObject","@id":"https:\/\/www.encontrabomretiro.com.br\/sobre\/africa-em-miniatura-para-bebes\/#authorImage","url":"https:\/\/secure.gravatar.com\/avatar\/507340682b8270222e1f208e23198b6ae7e2c6a1033ae84e99bc6bce4f82a387?s=96&d=mm&r=g","width":96,"height":96,"caption":"Encontra Bom Retiro"}},{"@type":"WebPage","@id":"https:\/\/www.encontrabomretiro.com.br\/sobre\/africa-em-miniatura-para-bebes\/#webpage","url":"https:\/\/www.encontrabomretiro.com.br\/sobre\/africa-em-miniatura-para-bebes\/","name":"\u00c1frica em Miniatura para beb\u00eas | Encontra Bom Retiro","description":"\u00c1frica em Miniatura para Beb\u00eas traz uma viv\u00eancia \u00fanica de dan\u00e7a e cultura africana.","inLanguage":"pt-BR","isPartOf":{"@id":"https:\/\/www.encontrabomretiro.com.br\/sobre\/#website"},"breadcrumb":{"@id":"https:\/\/www.encontrabomretiro.com.br\/sobre\/africa-em-miniatura-para-bebes\/#breadcrumblist"},"author":{"@id":"https:\/\/www.encontrabomretiro.com.br\/sobre\/author\/ebomretiro\/#author"},"creator":{"@id":"https:\/\/www.encontrabomretiro.com.br\/sobre\/author\/ebomretiro\/#author"},"image":{"@type":"ImageObject","url":"https:\/\/www.encontrabomretiro.com.br\/sobre\/wp-content\/uploads\/2026\/08\/africa-em-miniatura-para-bebes.webp","@id":"https:\/\/www.encontrabomretiro.com.br\/sobre\/africa-em-miniatura-para-bebes\/#mainImage","width":280,"height":280,"caption":"\u00c1frica em Miniatura para beb\u00eas"},"primaryImageOfPage":{"@id":"https:\/\/www.encontrabomretiro.com.br\/sobre\/africa-em-miniatura-para-bebes\/#mainImage"},"datePublished":"2026-08-31T04:19:23-02:00","dateModified":"2026-08-31T04:19:23-02:00"},{"@type":"WebSite","@id":"https:\/\/www.encontrabomretiro.com.br\/sobre\/#website","url":"https:\/\/www.encontrabomretiro.com.br\/sobre\/","name":"Encontra Bom Retiro","description":"Not\u00edcias, eventos, informa\u00e7\u00f5es e dicas no bairro do Bom Retiro e regi\u00e3o.","inLanguage":"pt-BR","publisher":{"@id":"https:\/\/www.encontrabomretiro.com.br\/sobre\/#organization"}}]},"og:locale":"pt_BR","og:site_name":"Encontra Bom Retiro | Not\u00edcias, eventos, informa\u00e7\u00f5es e dicas no bairro do Bom Retiro e regi\u00e3o.","og:type":"article","og:title":"\u00c1frica em Miniatura para beb\u00eas | Encontra Bom Retiro","og:description":"\u00c1frica em Miniatura para Beb\u00eas traz uma viv\u00eancia \u00fanica de dan\u00e7a e cultura africana.","og:url":"https:\/\/www.encontrabomretiro.com.br\/sobre\/africa-em-miniatura-para-bebes\/","article:published_time":"2026-08-31T06:19:23+00:00","article:modified_time":"2026-08-31T06:19:23+00:00","twitter:card":"summary_large_image","twitter:title":"\u00c1frica em Miniatura para beb\u00eas | Encontra Bom Retiro","twitter:description":"\u00c1frica em Miniatura para Beb\u00eas traz uma viv\u00eancia \u00fanica de dan\u00e7a e cultura africana."},"aioseo_meta_data":{"post_id":"3435","title":null,"description":null,"keywords":null,"keyphrases":null,"primary_term":null,"canonical_url":null,"og_title":null,"og_description":null,"og_object_type":"default","og_image_type":"default","og_image_url":null,"og_image_width":null,"og_image_height":null,"og_image_custom_url":null,"og_image_custom_fields":null,"og_video":null,"og_custom_url":null,"og_article_section":null,"og_article_tags":null,"twitter_use_og":false,"twitter_card":"default","twitter_image_type":"default","twitter_image_url":null,"twitter_image_custom_url":null,"twitter_image_custom_fields":null,"twitter_title":null,"twitter_description":null,"schema":{"blockGraphs":[],"customGraphs":[],"default":{"data":{"Article":[],"Course":[],"Dataset":[],"FAQPage":[],"Movie":[],"Person":[],"Product":[],"ProductReview":[],"Car":[],"Recipe":[],"Service":[],"SoftwareApplication":[],"WebPage":[]},"graphName":"Article","isEnabled":true},"graphs":[]},"schema_type":"default","schema_type_options":null,"pillar_content":false,"robots_default":true,"robots_noindex":false,"robots_noarchive":false,"robots_nosnippet":false,"robots_nofollow":false,"robots_noimageindex":false,"robots_noodp":false,"robots_notranslate":false,"robots_max_snippet":null,"robots_max_videopreview":null,"robots_max_imagepreview":"large","priority":null,"frequency":null,"local_seo":null,"breadcrumb_settings":null,"limit_modified_date":false,"ai":null,"created":"2026-08-31 06:19:23","updated":"2026-08-31 06:19:46","focus_keyword":null,"additional_keywords":null,"truseo_locale":null,"seo_analyzer_scan_date":null},"aioseo_breadcrumb":"<div class=\"aioseo-breadcrumbs\"><span class=\"aioseo-breadcrumb\">\n\t\t\t<a href=\"https:\/\/www.encontrabomretiro.com.br\/sobre\" title=\"Dom\u00e9stica\">Dom\u00e9stica<\/a>\n\t\t<\/span><span class=\"aioseo-breadcrumb-separator\">&raquo;<\/span><span class=\"aioseo-breadcrumb\">\n\t\t\t<a href=\"https:\/\/www.encontrabomretiro.com.br\/sobre\/cultura-no-bom-retiro\/\" title=\"Cultura Bom Retiro\">Cultura Bom Retiro<\/a>\n\t\t<\/span><span class=\"aioseo-breadcrumb-separator\">&raquo;<\/span><span class=\"aioseo-breadcrumb\">\n\t\t\t\u00c1frica em Miniatura para beb\u00eas\n\t\t<\/span><\/div>","aioseo_breadcrumb_json":[{"label":"Dom\u00e9stica","link":"https:\/\/www.encontrabomretiro.com.br\/sobre"},{"label":"Cultura Bom Retiro","link":"https:\/\/www.encontrabomretiro.com.br\/sobre\/cultura-no-bom-retiro\/"},{"label":"\u00c1frica em Miniatura para beb\u00eas","link":"https:\/\/www.encontrabomretiro.com.br\/sobre\/africa-em-miniatura-para-bebes\/"}],"_links":{"self":[{"href":"https:\/\/www.encontrabomretiro.com.br\/sobre\/wp-json\/wp\/v2\/posts\/3435","targetHints":{"allow":["GET"]}}],"collection":[{"href":"https:\/\/www.encontrabomretiro.com.br\/sobre\/wp-json\/wp\/v2\/posts"}],"about":[{"href":"https:\/\/www.encontrabomretiro.com.br\/sobre\/wp-json\/wp\/v2\/types\/post"}],"author":[{"embeddable":true,"href":"https:\/\/www.encontrabomretiro.com.br\/sobre\/wp-json\/wp\/v2\/users\/1"}],"replies":[{"embeddable":true,"href":"https:\/\/www.encontrabomretiro.com.br\/sobre\/wp-json\/wp\/v2\/comments?post=3435"}],"version-history":[{"count":0,"href":"https:\/\/www.encontrabomretiro.com.br\/sobre\/wp-json\/wp\/v2\/posts\/3435\/revisions"}],"wp:featuredmedia":[{"embeddable":true,"href":"https:\/\/www.encontrabomretiro.com.br\/sobre\/wp-json\/wp\/v2\/media\/3434"}],"wp:attachment":[{"href":"https:\/\/www.encontrabomretiro.com.br\/sobre\/wp-json\/wp\/v2\/media?parent=3435"}],"wp:term":[{"taxonomy":"category","embeddable":true,"href":"https:\/\/www.encontrabomretiro.com.br\/sobre\/wp-json\/wp\/v2\/categories?post=3435"},{"taxonomy":"post_tag","embeddable":true,"href":"https:\/\/www.encontrabomretiro.com.br\/sobre\/wp-json\/wp\/v2\/tags?post=3435"}],"curies":[{"name":"wp","href":"https:\/\/api.w.org\/{rel}","templated":true}]}}