{"id":3433,"date":"2026-08-30T21:45:24","date_gmt":"2026-08-30T23:45:24","guid":{"rendered":"https:\/\/www.encontrabomretiro.com.br\/sobre\/vivencia-de-afrobeat-danca-com-p\/"},"modified":"2026-08-30T21:45:24","modified_gmt":"2026-08-30T23:45:24","slug":"vivencia-de-afrobeat-danca-com-p","status":"publish","type":"post","link":"https:\/\/www.encontrabomretiro.com.br\/sobre\/vivencia-de-afrobeat-danca-com-p\/","title":{"rendered":"Viv\u00eancia de Afrobeat: \u201cDan\u00e7a com P.\u201d"},"content":{"rendered":"<div class=\"228b65ae207de3c5c501cfe75875708b\" data-index=\"1\" style=\"float: none; margin:0px;\">\n<!-- Anuncio display - global -->\r\n<ins class=\"adsbygoogle\"\r\n     style=\"display:block\"\r\n     data-ad-client=\"ca-pub-8585364105181520\"\r\n     data-ad-slot=\"8789329856\"\r\n     data-ad-format=\"auto\"\r\n     data-full-width-responsive=\"true\"><\/ins>\r\n<script>\r\n     (adsbygoogle = window.adsbygoogle || []).push({});\r\n<\/script>\n<\/div>\n<h2>O que \u00e9 a Viv\u00eancia de Afrobeat?<\/h2>\n<p>A Viv\u00eancia de Afrobeat \u00e9 uma experi\u00eancia imersiva que busca apresentar aos participantes os elementos fundamentais do afrobeat, um ritmo que combina influ\u00eancias da m\u00fasica jazz e funk com ra\u00edzes africanas, especialmente da Nig\u00e9ria. \u00c9 uma oportunidade n\u00e3o apenas para dan\u00e7ar, mas tamb\u00e9m para entender a hist\u00f3ria e a cultura que est\u00e3o por tr\u00e1s deste estilo musical inovador. Criado nos anos 70 por Fela Anikulapo Kuti, o afrobeat \u00e9 caracterizado por seus grooves complexos e letras que abordam temas sociais e pol\u00edticos. Essa viv\u00eancia em particular \u00e9 conduzida por Vanessa Soares, uma artista que tem uma forte conex\u00e3o com a cultura africana e a dan\u00e7a.<\/p>\n<h2>Movimentos da Dan\u00e7a de Osun e Iemanj\u00e1<\/h2>\n<p>Os movimentos que ser\u00e3o explorados durante a viv\u00eancia incluem dan\u00e7as vinculadas \u00e0s orix\u00e1s Osun e Iemanj\u00e1. Osun \u00e9 associada \u00e0 fertilidade, rios e \u00e0 beleza, enquanto Iemanj\u00e1 \u00e9 a deusa dos mares e da maternidade. A dan\u00e7a n\u00e3o \u00e9 apenas uma forma de express\u00e3o f\u00edsica, mas tamb\u00e9m um ritual que conecta os participantes com a espiritualidade e a tradi\u00e7\u00e3o afro-brasileira. A viv\u00eancia ensina como esses movimentos podem ser incorporados ao afrobeat, proporcionando uma experi\u00eancia rica e culturalmente significativa.<\/p>\n<h2>A Import\u00e2ncia de Fela Kuti<\/h2>\n<p>Fela Anikulapo Kuti, o criador do afrobeat, \u00e9 um \u00edcone n\u00e3o apenas na m\u00fasica, mas tamb\u00e9m como ativista pelos direitos humanos. Seu trabalho abordava quest\u00f5es sociais, pol\u00edticas e culturais, fazendo cr\u00edticas ao governo nigeriano e \u00e0s injusti\u00e7as que seu povo enfrentava. A viv\u00eancia menciona sua biografia, &#8220;Fela \u2013 Esta Vida Puta\u201d, e discute como sua arte foi uma forma de resist\u00eancia e empoderamento. Compreender a mensagem de Fela \u00e9 crucial para quem deseja se aprofundar no afrobeat, n\u00e3o s\u00f3 como um estilo musical, mas tamb\u00e9m como um movimento cultural.<\/p>\n<p><img decoding=\"async\" src=\"https:\/\/www.encontrabomretiro.com.br\/sobre\/wp-content\/uploads\/2026\/08\/vivencia-de-afrobeat-danca-com-p.webp\" alt=\"viv\u00eancia afrobeat\" loading=\"lazy\" \/><\/p>\n<h2>Dura\u00e7\u00e3o e Local da Atividade<\/h2>\n<p>A viv\u00eancia est\u00e1 programada para ter dura\u00e7\u00e3o de **90 minutos** e ser\u00e1 realizada no **Gin\u00e1sio Poliesportivo**. \u00c9 uma atividade presencial e gratuita, promovendo a inclus\u00e3o e a acessibilidade a todos os interessados em aprender e vivenciar a cultura afrobeat. Esse espa\u00e7o \u00e9 ideal para a pr\u00e1tica da dan\u00e7a, oferecendo amplo espa\u00e7o e conforto para os participantes.<\/p>\n<h2>Quem Pode Participar da Viv\u00eancia?<\/h2>\n<p>A Viv\u00eancia de Afrobeat \u00e9 destinada a pessoas a partir de **60 anos**, focando em um p\u00fablico que pode se beneficiar das pr\u00e1ticas de dan\u00e7a para a melhora da autoestima e para o empoderamento. A atividade incentiva a diversidade, acolhendo participantes de todos os g\u00eaneros e corpos, enfatizando a beleza da pluralidade. O ambiente ser\u00e1 receptivo e inclusivo, permitindo que todos se sintam \u00e0 vontade para se expressar atrav\u00e9s do movimento.<\/p>\n<h2>Data e Hor\u00e1rio do Evento<\/h2>\n<p>O evento est\u00e1 agendado para o dia **16 de setembro**, uma quarta-feira, e as atividades ocorrer\u00e3o das **12h30 \u00e0s 14h00**. Essa janela de tempo foi escolhida para proporcionar uma experi\u00eancia agrad\u00e1vel e en\u00e9rgica, em que os participantes podem se dedicar ao aprendizado e \u00e0 pr\u00e1tica da dan\u00e7a.<\/p>\n<h2>Atividades Inclusivas e Acess\u00edveis<\/h2>\n<p>A viv\u00eancia aborda a inclus\u00e3o de maneira ampla, considerando as necessidades de todos os participantes. Durante a sess\u00e3o, n\u00e3o s\u00f3 a dan\u00e7a e a m\u00fasica s\u00e3o ensinadas, mas tamb\u00e9m haver\u00e1 espa\u00e7o para leitura de poesias e jogos de palavras, enriquecendo a experi\u00eancia cultural. Al\u00e9m disso, as pinturas no rosto e nas partes do corpo se tornam uma forma de arte que torna a viv\u00eancia ainda mais especial e interativa, promovendo a autoexpress\u00e3o.<\/p>\n<h2>O Que Esperar Ap\u00f3s a Oficina?<\/h2>\n<p>Ao final da viv\u00eancia, os participantes poder\u00e3o n\u00e3o apenas aprender os movimentos de afrobeat, mas tamb\u00e9m participar de um bate-papo, onde poder\u00e3o tirar d\u00favidas e compartilhar experi\u00eancias. Haver\u00e1 uma exibi\u00e7\u00e3o de um v\u00eddeo com legendas que documenta a experi\u00eancia de Vanessa na Nig\u00e9ria, incluindo sua participa\u00e7\u00e3o no Felabration, um festival que celebra a m\u00fasica e a vida de Fela Kuti. Esse momento de troca pode ser inspirador e oferece uma vis\u00e3o da relev\u00e2ncia do afrobeat nos dias atuais.<\/p>\n<h2>Benef\u00edcios do Afrobeat para a Autoestima<\/h2>\n<p>Engajar-se com a dan\u00e7a e a m\u00fasica afrobeat pode ter efeitos positivos significativos na autoestima dos participantes. Os movimentos da dan\u00e7a promovem n\u00e3o apenas a sa\u00fade f\u00edsica, mas tamb\u00e9m incentivam a autoaceita\u00e7\u00e3o e o amor pr\u00f3prio. O afrobeat celebra a diversidade dos corpos e das identidades, o que ajuda os participantes a se sentirem mais conectados e valorizados dentro de um grupo. A atividade desafia estere\u00f3tipos de beleza e promove a ideia de que cada corpo pode se mover de forma \u00fanica e bela.<\/p>\n<h2>Como Participar e Inscrever-se<\/h2>\n<p>Para participar da viv\u00eancia, os interessados devem se inscrever previamente. Detalhes sobre como se inscrever estar\u00e3o dispon\u00edveis no site do Sesc, onde tamb\u00e9m \u00e9 poss\u00edvel encontrar informa\u00e7\u00f5es sobre a programa\u00e7\u00e3o e eventos relacionados. A inscri\u00e7\u00e3o \u00e9 gratuita e \u00e9 sempre recomend\u00e1vel confirmar a participa\u00e7\u00e3o, visto que as vagas podem ser limitadas. Essa viv\u00eancia \u00e9 uma excelente oportunidade para quem deseja mergulhar na rica cultura do afrobeat e experimentar sua ess\u00eancia.<\/p>\n\n<div style=\"font-size: 0px; height: 0px; line-height: 0px; margin: 0; padding: 0; clear: both;\"><\/div>","protected":false},"excerpt":{"rendered":"<p>Viv\u00eancia de Afrobeat: Descubra a dan\u00e7a com P. no Sesc de S\u00e3o Paulo.<\/p>\n","protected":false},"author":1,"featured_media":3432,"comment_status":"open","ping_status":"closed","sticky":false,"template":"","format":"standard","meta":{"footnotes":""},"categories":[9],"tags":[],"class_list":["post-3433","post","type-post","status-publish","format-standard","has-post-thumbnail","hentry","category-shows-no-bom-retiro","has_thumb"],"aioseo_notices":[],"aioseo_head":"\n\t\t<!-- All in One SEO 5.0.0.1 - aioseo.com -->\n\t<meta name=\"description\" content=\"Viv\u00eancia de Afrobeat: Descubra a dan\u00e7a com P. no Sesc de S\u00e3o Paulo.\" \/>\n\t<meta name=\"robots\" content=\"max-image-preview:large\" \/>\n\t<meta name=\"author\" content=\"Encontra Bom Retiro\"\/>\n\t<link rel=\"canonical\" href=\"https:\/\/www.encontrabomretiro.com.br\/sobre\/vivencia-de-afrobeat-danca-com-p\/\" \/>\n\t<meta name=\"generator\" content=\"All in One SEO (AIOSEO) 5.0.0.1\" \/>\n\t\t<meta property=\"og:locale\" content=\"pt_BR\" \/>\n\t\t<meta property=\"og:site_name\" content=\"Encontra Bom Retiro | Not\u00edcias, eventos, informa\u00e7\u00f5es e dicas no bairro do Bom Retiro e regi\u00e3o.\" \/>\n\t\t<meta property=\"og:type\" content=\"article\" \/>\n\t\t<meta property=\"og:title\" content=\"Viv\u00eancia de Afrobeat: \u201cDan\u00e7a com P.\u201d | Encontra Bom Retiro\" \/>\n\t\t<meta property=\"og:description\" content=\"Viv\u00eancia de Afrobeat: Descubra a dan\u00e7a com P. no Sesc de S\u00e3o Paulo.\" \/>\n\t\t<meta property=\"og:url\" content=\"https:\/\/www.encontrabomretiro.com.br\/sobre\/vivencia-de-afrobeat-danca-com-p\/\" \/>\n\t\t<meta property=\"article:published_time\" content=\"2026-08-30T23:45:24+00:00\" \/>\n\t\t<meta property=\"article:modified_time\" content=\"2026-08-30T23:45:24+00:00\" \/>\n\t\t<meta name=\"twitter:card\" content=\"summary_large_image\" \/>\n\t\t<meta name=\"twitter:title\" content=\"Viv\u00eancia de Afrobeat: \u201cDan\u00e7a com P.\u201d | Encontra Bom Retiro\" \/>\n\t\t<meta name=\"twitter:description\" content=\"Viv\u00eancia de Afrobeat: Descubra a dan\u00e7a com P. no Sesc de S\u00e3o Paulo.\" \/>\n\t\t<script type=\"application\/ld+json\" class=\"aioseo-schema\">\n\t\t\t{\"@context\":\"https:\\\/\\\/schema.org\",\"@graph\":[{\"@type\":\"Article\",\"@id\":\"https:\\\/\\\/www.encontrabomretiro.com.br\\\/sobre\\\/vivencia-de-afrobeat-danca-com-p\\\/#article\",\"name\":\"Viv\\u00eancia de Afrobeat: \\u201cDan\\u00e7a com P.\\u201d | Encontra Bom Retiro\",\"headline\":\"Viv\\u00eancia de Afrobeat: \\u201cDan\\u00e7a com P.\\u201d\",\"author\":{\"@id\":\"https:\\\/\\\/www.encontrabomretiro.com.br\\\/sobre\\\/author\\\/ebomretiro\\\/#author\"},\"publisher\":{\"@id\":\"https:\\\/\\\/www.encontrabomretiro.com.br\\\/sobre\\\/#organization\"},\"image\":{\"@type\":\"ImageObject\",\"url\":\"https:\\\/\\\/www.encontrabomretiro.com.br\\\/sobre\\\/wp-content\\\/uploads\\\/2026\\\/08\\\/vivencia-de-afrobeat-danca-com-p.webp\",\"width\":280,\"height\":280,\"caption\":\"viv\\u00eancia afrobeat\"},\"datePublished\":\"2026-08-30T21:45:24-02:00\",\"dateModified\":\"2026-08-30T21:45:24-02:00\",\"inLanguage\":\"pt-BR\",\"mainEntityOfPage\":{\"@id\":\"https:\\\/\\\/www.encontrabomretiro.com.br\\\/sobre\\\/vivencia-de-afrobeat-danca-com-p\\\/#webpage\"},\"isPartOf\":{\"@id\":\"https:\\\/\\\/www.encontrabomretiro.com.br\\\/sobre\\\/vivencia-de-afrobeat-danca-com-p\\\/#webpage\"},\"articleSection\":\"Shows Bom Retiro\"},{\"@type\":\"BreadcrumbList\",\"@id\":\"https:\\\/\\\/www.encontrabomretiro.com.br\\\/sobre\\\/vivencia-de-afrobeat-danca-com-p\\\/#breadcrumblist\",\"itemListElement\":[{\"@type\":\"ListItem\",\"@id\":\"https:\\\/\\\/www.encontrabomretiro.com.br\\\/sobre#listItem\",\"position\":1,\"name\":\"Dom\\u00e9stica\",\"item\":\"https:\\\/\\\/www.encontrabomretiro.com.br\\\/sobre\",\"nextItem\":{\"@type\":\"ListItem\",\"@id\":\"https:\\\/\\\/www.encontrabomretiro.com.br\\\/sobre\\\/shows-no-bom-retiro\\\/#listItem\",\"name\":\"Shows Bom Retiro\"}},{\"@type\":\"ListItem\",\"@id\":\"https:\\\/\\\/www.encontrabomretiro.com.br\\\/sobre\\\/shows-no-bom-retiro\\\/#listItem\",\"position\":2,\"name\":\"Shows Bom Retiro\",\"item\":\"https:\\\/\\\/www.encontrabomretiro.com.br\\\/sobre\\\/shows-no-bom-retiro\\\/\",\"nextItem\":{\"@type\":\"ListItem\",\"@id\":\"https:\\\/\\\/www.encontrabomretiro.com.br\\\/sobre\\\/vivencia-de-afrobeat-danca-com-p\\\/#listItem\",\"name\":\"Viv\\u00eancia de Afrobeat: \\u201cDan\\u00e7a com P.\\u201d\"},\"previousItem\":{\"@type\":\"ListItem\",\"@id\":\"https:\\\/\\\/www.encontrabomretiro.com.br\\\/sobre#listItem\",\"name\":\"Dom\\u00e9stica\"}},{\"@type\":\"ListItem\",\"@id\":\"https:\\\/\\\/www.encontrabomretiro.com.br\\\/sobre\\\/vivencia-de-afrobeat-danca-com-p\\\/#listItem\",\"position\":3,\"name\":\"Viv\\u00eancia de Afrobeat: \\u201cDan\\u00e7a com P.\\u201d\",\"previousItem\":{\"@type\":\"ListItem\",\"@id\":\"https:\\\/\\\/www.encontrabomretiro.com.br\\\/sobre\\\/shows-no-bom-retiro\\\/#listItem\",\"name\":\"Shows Bom Retiro\"}}]},{\"@type\":\"Organization\",\"@id\":\"https:\\\/\\\/www.encontrabomretiro.com.br\\\/sobre\\\/#organization\",\"name\":\"Encontra Bom Retiro\",\"description\":\"Not\\u00edcias, eventos, informa\\u00e7\\u00f5es e dicas no bairro do Bom Retiro e regi\\u00e3o.\",\"url\":\"https:\\\/\\\/www.encontrabomretiro.com.br\\\/sobre\\\/\"},{\"@type\":\"Person\",\"@id\":\"https:\\\/\\\/www.encontrabomretiro.com.br\\\/sobre\\\/author\\\/ebomretiro\\\/#author\",\"url\":\"https:\\\/\\\/www.encontrabomretiro.com.br\\\/sobre\\\/author\\\/ebomretiro\\\/\",\"name\":\"Encontra Bom Retiro\",\"image\":{\"@type\":\"ImageObject\",\"@id\":\"https:\\\/\\\/www.encontrabomretiro.com.br\\\/sobre\\\/vivencia-de-afrobeat-danca-com-p\\\/#authorImage\",\"url\":\"https:\\\/\\\/secure.gravatar.com\\\/avatar\\\/507340682b8270222e1f208e23198b6ae7e2c6a1033ae84e99bc6bce4f82a387?s=96&d=mm&r=g\",\"width\":96,\"height\":96,\"caption\":\"Encontra Bom Retiro\"}},{\"@type\":\"WebPage\",\"@id\":\"https:\\\/\\\/www.encontrabomretiro.com.br\\\/sobre\\\/vivencia-de-afrobeat-danca-com-p\\\/#webpage\",\"url\":\"https:\\\/\\\/www.encontrabomretiro.com.br\\\/sobre\\\/vivencia-de-afrobeat-danca-com-p\\\/\",\"name\":\"Viv\\u00eancia de Afrobeat: \\u201cDan\\u00e7a com P.\\u201d | Encontra Bom Retiro\",\"description\":\"Viv\\u00eancia de Afrobeat: Descubra a dan\\u00e7a com P. no Sesc de S\\u00e3o Paulo.\",\"inLanguage\":\"pt-BR\",\"isPartOf\":{\"@id\":\"https:\\\/\\\/www.encontrabomretiro.com.br\\\/sobre\\\/#website\"},\"breadcrumb\":{\"@id\":\"https:\\\/\\\/www.encontrabomretiro.com.br\\\/sobre\\\/vivencia-de-afrobeat-danca-com-p\\\/#breadcrumblist\"},\"author\":{\"@id\":\"https:\\\/\\\/www.encontrabomretiro.com.br\\\/sobre\\\/author\\\/ebomretiro\\\/#author\"},\"creator\":{\"@id\":\"https:\\\/\\\/www.encontrabomretiro.com.br\\\/sobre\\\/author\\\/ebomretiro\\\/#author\"},\"image\":{\"@type\":\"ImageObject\",\"url\":\"https:\\\/\\\/www.encontrabomretiro.com.br\\\/sobre\\\/wp-content\\\/uploads\\\/2026\\\/08\\\/vivencia-de-afrobeat-danca-com-p.webp\",\"@id\":\"https:\\\/\\\/www.encontrabomretiro.com.br\\\/sobre\\\/vivencia-de-afrobeat-danca-com-p\\\/#mainImage\",\"width\":280,\"height\":280,\"caption\":\"viv\\u00eancia afrobeat\"},\"primaryImageOfPage\":{\"@id\":\"https:\\\/\\\/www.encontrabomretiro.com.br\\\/sobre\\\/vivencia-de-afrobeat-danca-com-p\\\/#mainImage\"},\"datePublished\":\"2026-08-30T21:45:24-02:00\",\"dateModified\":\"2026-08-30T21:45:24-02:00\"},{\"@type\":\"WebSite\",\"@id\":\"https:\\\/\\\/www.encontrabomretiro.com.br\\\/sobre\\\/#website\",\"url\":\"https:\\\/\\\/www.encontrabomretiro.com.br\\\/sobre\\\/\",\"name\":\"Encontra Bom Retiro\",\"description\":\"Not\\u00edcias, eventos, informa\\u00e7\\u00f5es e dicas no bairro do Bom Retiro e regi\\u00e3o.\",\"inLanguage\":\"pt-BR\",\"publisher\":{\"@id\":\"https:\\\/\\\/www.encontrabomretiro.com.br\\\/sobre\\\/#organization\"}}]}\n\t\t<\/script>\n\t\t<!-- All in One SEO -->\n\n","aioseo_head_json":{"title":"Viv\u00eancia de Afrobeat: \u201cDan\u00e7a com P.\u201d | Encontra Bom Retiro","description":"Viv\u00eancia de Afrobeat: Descubra a dan\u00e7a com P. no Sesc de S\u00e3o Paulo.","canonical_url":"https:\/\/www.encontrabomretiro.com.br\/sobre\/vivencia-de-afrobeat-danca-com-p\/","robots":"max-image-preview:large","keywords":"","webmasterTools":{"miscellaneous":""},"schema":{"@context":"https:\/\/schema.org","@graph":[{"@type":"Article","@id":"https:\/\/www.encontrabomretiro.com.br\/sobre\/vivencia-de-afrobeat-danca-com-p\/#article","name":"Viv\u00eancia de Afrobeat: \u201cDan\u00e7a com P.\u201d | Encontra Bom Retiro","headline":"Viv\u00eancia de Afrobeat: \u201cDan\u00e7a com P.\u201d","author":{"@id":"https:\/\/www.encontrabomretiro.com.br\/sobre\/author\/ebomretiro\/#author"},"publisher":{"@id":"https:\/\/www.encontrabomretiro.com.br\/sobre\/#organization"},"image":{"@type":"ImageObject","url":"https:\/\/www.encontrabomretiro.com.br\/sobre\/wp-content\/uploads\/2026\/08\/vivencia-de-afrobeat-danca-com-p.webp","width":280,"height":280,"caption":"viv\u00eancia afrobeat"},"datePublished":"2026-08-30T21:45:24-02:00","dateModified":"2026-08-30T21:45:24-02:00","inLanguage":"pt-BR","mainEntityOfPage":{"@id":"https:\/\/www.encontrabomretiro.com.br\/sobre\/vivencia-de-afrobeat-danca-com-p\/#webpage"},"isPartOf":{"@id":"https:\/\/www.encontrabomretiro.com.br\/sobre\/vivencia-de-afrobeat-danca-com-p\/#webpage"},"articleSection":"Shows Bom Retiro"},{"@type":"BreadcrumbList","@id":"https:\/\/www.encontrabomretiro.com.br\/sobre\/vivencia-de-afrobeat-danca-com-p\/#breadcrumblist","itemListElement":[{"@type":"ListItem","@id":"https:\/\/www.encontrabomretiro.com.br\/sobre#listItem","position":1,"name":"Dom\u00e9stica","item":"https:\/\/www.encontrabomretiro.com.br\/sobre","nextItem":{"@type":"ListItem","@id":"https:\/\/www.encontrabomretiro.com.br\/sobre\/shows-no-bom-retiro\/#listItem","name":"Shows Bom Retiro"}},{"@type":"ListItem","@id":"https:\/\/www.encontrabomretiro.com.br\/sobre\/shows-no-bom-retiro\/#listItem","position":2,"name":"Shows Bom Retiro","item":"https:\/\/www.encontrabomretiro.com.br\/sobre\/shows-no-bom-retiro\/","nextItem":{"@type":"ListItem","@id":"https:\/\/www.encontrabomretiro.com.br\/sobre\/vivencia-de-afrobeat-danca-com-p\/#listItem","name":"Viv\u00eancia de Afrobeat: \u201cDan\u00e7a com P.\u201d"},"previousItem":{"@type":"ListItem","@id":"https:\/\/www.encontrabomretiro.com.br\/sobre#listItem","name":"Dom\u00e9stica"}},{"@type":"ListItem","@id":"https:\/\/www.encontrabomretiro.com.br\/sobre\/vivencia-de-afrobeat-danca-com-p\/#listItem","position":3,"name":"Viv\u00eancia de Afrobeat: \u201cDan\u00e7a com P.\u201d","previousItem":{"@type":"ListItem","@id":"https:\/\/www.encontrabomretiro.com.br\/sobre\/shows-no-bom-retiro\/#listItem","name":"Shows Bom Retiro"}}]},{"@type":"Organization","@id":"https:\/\/www.encontrabomretiro.com.br\/sobre\/#organization","name":"Encontra Bom Retiro","description":"Not\u00edcias, eventos, informa\u00e7\u00f5es e dicas no bairro do Bom Retiro e regi\u00e3o.","url":"https:\/\/www.encontrabomretiro.com.br\/sobre\/"},{"@type":"Person","@id":"https:\/\/www.encontrabomretiro.com.br\/sobre\/author\/ebomretiro\/#author","url":"https:\/\/www.encontrabomretiro.com.br\/sobre\/author\/ebomretiro\/","name":"Encontra Bom Retiro","image":{"@type":"ImageObject","@id":"https:\/\/www.encontrabomretiro.com.br\/sobre\/vivencia-de-afrobeat-danca-com-p\/#authorImage","url":"https:\/\/secure.gravatar.com\/avatar\/507340682b8270222e1f208e23198b6ae7e2c6a1033ae84e99bc6bce4f82a387?s=96&d=mm&r=g","width":96,"height":96,"caption":"Encontra Bom Retiro"}},{"@type":"WebPage","@id":"https:\/\/www.encontrabomretiro.com.br\/sobre\/vivencia-de-afrobeat-danca-com-p\/#webpage","url":"https:\/\/www.encontrabomretiro.com.br\/sobre\/vivencia-de-afrobeat-danca-com-p\/","name":"Viv\u00eancia de Afrobeat: \u201cDan\u00e7a com P.\u201d | Encontra Bom Retiro","description":"Viv\u00eancia de Afrobeat: Descubra a dan\u00e7a com P. no Sesc de S\u00e3o Paulo.","inLanguage":"pt-BR","isPartOf":{"@id":"https:\/\/www.encontrabomretiro.com.br\/sobre\/#website"},"breadcrumb":{"@id":"https:\/\/www.encontrabomretiro.com.br\/sobre\/vivencia-de-afrobeat-danca-com-p\/#breadcrumblist"},"author":{"@id":"https:\/\/www.encontrabomretiro.com.br\/sobre\/author\/ebomretiro\/#author"},"creator":{"@id":"https:\/\/www.encontrabomretiro.com.br\/sobre\/author\/ebomretiro\/#author"},"image":{"@type":"ImageObject","url":"https:\/\/www.encontrabomretiro.com.br\/sobre\/wp-content\/uploads\/2026\/08\/vivencia-de-afrobeat-danca-com-p.webp","@id":"https:\/\/www.encontrabomretiro.com.br\/sobre\/vivencia-de-afrobeat-danca-com-p\/#mainImage","width":280,"height":280,"caption":"viv\u00eancia afrobeat"},"primaryImageOfPage":{"@id":"https:\/\/www.encontrabomretiro.com.br\/sobre\/vivencia-de-afrobeat-danca-com-p\/#mainImage"},"datePublished":"2026-08-30T21:45:24-02:00","dateModified":"2026-08-30T21:45:24-02:00"},{"@type":"WebSite","@id":"https:\/\/www.encontrabomretiro.com.br\/sobre\/#website","url":"https:\/\/www.encontrabomretiro.com.br\/sobre\/","name":"Encontra Bom Retiro","description":"Not\u00edcias, eventos, informa\u00e7\u00f5es e dicas no bairro do Bom Retiro e regi\u00e3o.","inLanguage":"pt-BR","publisher":{"@id":"https:\/\/www.encontrabomretiro.com.br\/sobre\/#organization"}}]},"og:locale":"pt_BR","og:site_name":"Encontra Bom Retiro | Not\u00edcias, eventos, informa\u00e7\u00f5es e dicas no bairro do Bom Retiro e regi\u00e3o.","og:type":"article","og:title":"Viv\u00eancia de Afrobeat: \u201cDan\u00e7a com P.\u201d | Encontra Bom Retiro","og:description":"Viv\u00eancia de Afrobeat: Descubra a dan\u00e7a com P. no Sesc de S\u00e3o Paulo.","og:url":"https:\/\/www.encontrabomretiro.com.br\/sobre\/vivencia-de-afrobeat-danca-com-p\/","article:published_time":"2026-08-30T23:45:24+00:00","article:modified_time":"2026-08-30T23:45:24+00:00","twitter:card":"summary_large_image","twitter:title":"Viv\u00eancia de Afrobeat: \u201cDan\u00e7a com P.\u201d | Encontra Bom Retiro","twitter:description":"Viv\u00eancia de Afrobeat: Descubra a dan\u00e7a com P. no Sesc de S\u00e3o Paulo."},"aioseo_meta_data":{"post_id":"3433","title":null,"description":null,"keywords":null,"keyphrases":null,"primary_term":null,"canonical_url":null,"og_title":null,"og_description":null,"og_object_type":"default","og_image_type":"default","og_image_url":null,"og_image_width":null,"og_image_height":null,"og_image_custom_url":null,"og_image_custom_fields":null,"og_video":null,"og_custom_url":null,"og_article_section":null,"og_article_tags":null,"twitter_use_og":false,"twitter_card":"default","twitter_image_type":"default","twitter_image_url":null,"twitter_image_custom_url":null,"twitter_image_custom_fields":null,"twitter_title":null,"twitter_description":null,"schema":{"blockGraphs":[],"customGraphs":[],"default":{"data":{"Article":[],"Course":[],"Dataset":[],"FAQPage":[],"Movie":[],"Person":[],"Product":[],"ProductReview":[],"Car":[],"Recipe":[],"Service":[],"SoftwareApplication":[],"WebPage":[]},"graphName":"Article","isEnabled":true},"graphs":[]},"schema_type":"default","schema_type_options":null,"pillar_content":false,"robots_default":true,"robots_noindex":false,"robots_noarchive":false,"robots_nosnippet":false,"robots_nofollow":false,"robots_noimageindex":false,"robots_noodp":false,"robots_notranslate":false,"robots_max_snippet":null,"robots_max_videopreview":null,"robots_max_imagepreview":"large","priority":null,"frequency":null,"local_seo":null,"breadcrumb_settings":null,"limit_modified_date":false,"ai":null,"created":"2026-08-30 23:45:24","updated":"2026-08-31 00:31:45","focus_keyword":null,"additional_keywords":null,"truseo_locale":null,"seo_analyzer_scan_date":null},"aioseo_breadcrumb":"<div class=\"aioseo-breadcrumbs\"><span class=\"aioseo-breadcrumb\">\n\t\t\t<a href=\"https:\/\/www.encontrabomretiro.com.br\/sobre\" title=\"Dom\u00e9stica\">Dom\u00e9stica<\/a>\n\t\t<\/span><span class=\"aioseo-breadcrumb-separator\">&raquo;<\/span><span class=\"aioseo-breadcrumb\">\n\t\t\t<a href=\"https:\/\/www.encontrabomretiro.com.br\/sobre\/shows-no-bom-retiro\/\" title=\"Shows Bom Retiro\">Shows Bom Retiro<\/a>\n\t\t<\/span><span class=\"aioseo-breadcrumb-separator\">&raquo;<\/span><span class=\"aioseo-breadcrumb\">\n\t\t\tViv\u00eancia de Afrobeat: \u201cDan\u00e7a com P.\u201d\n\t\t<\/span><\/div>","aioseo_breadcrumb_json":[{"label":"Dom\u00e9stica","link":"https:\/\/www.encontrabomretiro.com.br\/sobre"},{"label":"Shows Bom Retiro","link":"https:\/\/www.encontrabomretiro.com.br\/sobre\/shows-no-bom-retiro\/"},{"label":"Viv\u00eancia de Afrobeat: \u201cDan\u00e7a com P.\u201d","link":"https:\/\/www.encontrabomretiro.com.br\/sobre\/vivencia-de-afrobeat-danca-com-p\/"}],"_links":{"self":[{"href":"https:\/\/www.encontrabomretiro.com.br\/sobre\/wp-json\/wp\/v2\/posts\/3433","targetHints":{"allow":["GET"]}}],"collection":[{"href":"https:\/\/www.encontrabomretiro.com.br\/sobre\/wp-json\/wp\/v2\/posts"}],"about":[{"href":"https:\/\/www.encontrabomretiro.com.br\/sobre\/wp-json\/wp\/v2\/types\/post"}],"author":[{"embeddable":true,"href":"https:\/\/www.encontrabomretiro.com.br\/sobre\/wp-json\/wp\/v2\/users\/1"}],"replies":[{"embeddable":true,"href":"https:\/\/www.encontrabomretiro.com.br\/sobre\/wp-json\/wp\/v2\/comments?post=3433"}],"version-history":[{"count":0,"href":"https:\/\/www.encontrabomretiro.com.br\/sobre\/wp-json\/wp\/v2\/posts\/3433\/revisions"}],"wp:featuredmedia":[{"embeddable":true,"href":"https:\/\/www.encontrabomretiro.com.br\/sobre\/wp-json\/wp\/v2\/media\/3432"}],"wp:attachment":[{"href":"https:\/\/www.encontrabomretiro.com.br\/sobre\/wp-json\/wp\/v2\/media?parent=3433"}],"wp:term":[{"taxonomy":"category","embeddable":true,"href":"https:\/\/www.encontrabomretiro.com.br\/sobre\/wp-json\/wp\/v2\/categories?post=3433"},{"taxonomy":"post_tag","embeddable":true,"href":"https:\/\/www.encontrabomretiro.com.br\/sobre\/wp-json\/wp\/v2\/tags?post=3433"}],"curies":[{"name":"wp","href":"https:\/\/api.w.org\/{rel}","templated":true}]}}