{"id":3429,"date":"2026-08-30T21:43:27","date_gmt":"2026-08-30T23:43:27","guid":{"rendered":"https:\/\/www.encontrabomretiro.com.br\/sobre\/carrego-comigo-simbolos-de-ancestralidade\/"},"modified":"2026-08-30T21:43:27","modified_gmt":"2026-08-30T23:43:27","slug":"carrego-comigo-simbolos-de-ancestralidade","status":"publish","type":"post","link":"https:\/\/www.encontrabomretiro.com.br\/sobre\/carrego-comigo-simbolos-de-ancestralidade\/","title":{"rendered":"Carrego comigo s\u00edmbolos de ancestralidade"},"content":{"rendered":"<div class=\"228b65ae207de3c5c501cfe75875708b\" data-index=\"1\" style=\"float: none; margin:0px;\">\n<!-- Anuncio display - global -->\r\n<ins class=\"adsbygoogle\"\r\n     style=\"display:block\"\r\n     data-ad-client=\"ca-pub-8585364105181520\"\r\n     data-ad-slot=\"8789329856\"\r\n     data-ad-format=\"auto\"\r\n     data-full-width-responsive=\"true\"><\/ins>\r\n<script>\r\n     (adsbygoogle = window.adsbygoogle || []).push({});\r\n<\/script>\n<\/div>\n<h2>O que s\u00e3o Adinkras?<\/h2>\n<p>Os Adinkras s\u00e3o elementos simb\u00f3licos que possuem origem nos povos Akan, que habitam \u00e1reas que abrangem o que hoje conhecemos como Gana e Costa do Marfim. Estes s\u00edmbolos t\u00eam um papel importante na cultura africana, representando uma forma original de comunica\u00e7\u00e3o visual que transcende gera\u00e7\u00f5es. Os Adinkras v\u00e3o al\u00e9m de simples imagens; eles constituem uma forma de escrita que comunica valores, cren\u00e7as e conhecimentos de forma incisiva e impactante.<\/p>\n<h2>Hist\u00f3ria e Significado dos Adinkras<\/h2>\n<p>A origem dos Adinkras remonta a per\u00edodos antigos, onde eram utilizados por povos africanos como uma forma de transmiss\u00e3o de sabedoria e conhecimento. Cada s\u00edmbolo tem um significado espec\u00edfico, refletindo aspectos da vida, filosofia e valores da sociedade Akan. Por exemplo, o s\u00edmbolo &#8220;Fawohodie&#8221; representa independ\u00eancia e liberdade, enquanto o &#8220;Nkyinkyim&#8221; simboliza a iniciativa e o dinamismo. Eles s\u00e3o frequentemente utilizados em tecidos, cer\u00e2micas e artes, refor\u00e7ando a identidade cultural e as tradi\u00e7\u00f5es do povo.<\/p>\n<h2>Como os Adinkras Transmitem Sabedoria<\/h2>\n<p>Os Adinkras funcionam como mediadores de conhecimento e ensinamentos entre as gera\u00e7\u00f5es. Cada s\u00edmbolo \u00e9 uma representa\u00e7\u00e3o gr\u00e1fica que encapsula uma filosofia ou uma li\u00e7\u00e3o de vida. A transmiss\u00e3o desse conhecimento visual n\u00e3o \u00e9 apenas um aspecto est\u00e9tico; \u00e9 tamb\u00e9m uma forma de educar e formar o car\u00e1ter. O uso dos Adinkras em diversas formas de arte \u00e9 uma pr\u00e1tica que integra a cultura \u00e0 aprendizagem, contribuindo para a preserva\u00e7\u00e3o da hist\u00f3ria e identidade de um povo.<\/p>\n<p><img decoding=\"async\" src=\"https:\/\/www.encontrabomretiro.com.br\/sobre\/wp-content\/uploads\/2026\/08\/carrego-comigo-simbolos-de-ancestralidade.webp\" alt=\"\" loading=\"lazy\" \/><\/p>\n<h2>A Import\u00e2ncia da Estamparia na Educa\u00e7\u00e3o<\/h2>\n<p>A estamparia \u00e9 uma pr\u00e1tica que vai al\u00e9m do aspecto visual; ela se conecta profundamente com a educa\u00e7\u00e3o e a transmiss\u00e3o cultural. Ao ensinar crian\u00e7as a criar estampas usando os Adinkras, n\u00f3s promovemos n\u00e3o apenas habilidades de artesanato, mas tamb\u00e9m a valoriza\u00e7\u00e3o da heran\u00e7a cultural. Por meio da estamparia, as crian\u00e7as aprendem a import\u00e2ncia da ancestralidade, o respeito pela identidade cultural e a criatividade. Este processo educativo contribui para o desenvolvimento integral do indiv\u00edduo, estimulando habilidades cognitivas e emocionais.<\/p>\n<h2>Oficina de Estamparia: O que esperar<\/h2>\n<p>A oficina de estamparia que explora os Adinkras convida crian\u00e7as de 7 a 12 anos a participar de uma experi\u00eancia \u00fanica. Durante 120 minutos, os participantes ter\u00e3o a oportunidade de aprender sobre os diversos s\u00edmbolos, suas hist\u00f3rias e significados. Al\u00e9m da parte te\u00f3rica, as crian\u00e7as tamb\u00e9m praticar\u00e3o a estamparia, criando suas pr\u00f3prias pe\u00e7as. Essa atividade n\u00e3o s\u00f3 reitera o saber ancestral, mas tamb\u00e9m proporciona um ambiente l\u00fadico e educativo, permitindo que as crian\u00e7as expressem sua individualidade por meio da arte.<\/p>\n<h2>Os Benef\u00edcios da Arte para Crian\u00e7as<\/h2>\n<p>A pr\u00e1tica art\u00edstica \u00e9 vital para o desenvolvimento das crian\u00e7as. A arte estimula a criatividade, a autoexpress\u00e3o e a capacidade de resolu\u00e7\u00e3o de problemas. Quando as crian\u00e7as t\u00eam a oportunidade de se envolver em atividades art\u00edsticas, como a estamparia, elas tamb\u00e9m melhoram suas habilidades motoras e de coordena\u00e7\u00e3o. Al\u00e9m disso, a arte proporciona uma forma de canalizar emo\u00e7\u00f5es e sentimentos, contribuindo para o bem-estar emocional. Por meio da express\u00e3o criativa, os jovens podem explorar e entender o mundo \u00e0 sua volta de maneira empoderadora.<\/p>\n<h2>Guinho Nascimento: O Criador do Galo Preto Ateli\u00ea<\/h2>\n<p>Guinho Nascimento \u00e9 o vision\u00e1rio por tr\u00e1s do Galo Preto Ateli\u00ea, uma iniciativa que foca na pesquisa e na cria\u00e7\u00e3o art\u00edstica com \u00eanfase nas visualidades negras. Formado em Artes Visuais e Dan\u00e7a Contempor\u00e2nea, Guinho explora a intersec\u00e7\u00e3o entre arte, espiritualidade e territ\u00f3rio, utilizando a Mironga como forma de express\u00e3o ancestral. Seu ateli\u00ea \u00e9 mais do que um espa\u00e7o de cria\u00e7\u00e3o; \u00e9 um ponto de encontro para a discuss\u00e3o e o fortalecimento da cultura afro-diasp\u00f3rica.<\/p>\n<h2>Ancestralidade e Educa\u00e7\u00e3o: Uma Conex\u00e3o Necess\u00e1ria<\/h2>\n<p>A conex\u00e3o entre ancestralidade e educa\u00e7\u00e3o \u00e9 fundamental para o fortalecimento da identidade cultural. Ao incorporar elementos da cultura africana nos curr\u00edculos, especialmente por meio das artes, estamos promovendo um espa\u00e7o educacional que valoriza a diversidade e o respeito. Essa abordagem n\u00e3o s\u00f3 aumenta a auto-estima das crian\u00e7as, mas tamb\u00e9m enriquece a experi\u00eancia educacional, tornando-a mais inclusiva e representativa. A aprendizagem se torna um processo em que as crian\u00e7as reconhecem suas ra\u00edzes e a import\u00e2ncia de sua hist\u00f3ria dentro da sociedade.<\/p>\n<h2>Experi\u00eancias Visuais na Cultura Brasileira<\/h2>\n<p>A cultura brasileira \u00e9 plural e diversa, com forte influ\u00eancia de diversas tradi\u00e7\u00f5es, incluindo a africana. As experi\u00eancias visuais que surgem a partir dessa sinergia s\u00e3o evidentes em diferentes formas de arte, como a dan\u00e7a, a m\u00fasica e as artes pl\u00e1sticas. Os Adinkras, por exemplo, podem ser vistos sendo integrados em exposi\u00e7\u00f5es contempor\u00e2neas, ressoando com as novas gera\u00e7\u00f5es de artistas. Essa troca cultural fomenta a criatividade e a inova\u00e7\u00e3o, ao mesmo tempo que nutre uma aprecia\u00e7\u00e3o pelas contribui\u00e7\u00f5es hist\u00f3ricas que moldaram o Brasil.<\/p>\n<h2>Como Participar da Oficina de Adinkras<\/h2>\n<p>Para participar da oficina de estamparia que utiliza os Adinkras, os interessados devem se inscrever, geralmente feita diretamente no local ou pelo meio indicado anteriormente. O evento \u00e9 gratuito, e as crian\u00e7as devem ter entre 7 e 12 anos. \u00c9 importante ressaltar que a entrega de senhas ocorre 30 minutos antes do in\u00edcio da oficina, ent\u00e3o os interessados devem chegar cedo para garantir sua participa\u00e7\u00e3o. Essa \u00e9 uma excelente oportunidade para que os jovens aprendam de forma divertida e criativa enquanto exploram suas pr\u00f3prias habilidades art\u00edsticas e o significado dos s\u00edmbolos Adinkra.<\/p>\n\n<div style=\"font-size: 0px; height: 0px; line-height: 0px; margin: 0; padding: 0; clear: both;\"><\/div>","protected":false},"excerpt":{"rendered":"<p>Explore a ancestralidade com Adinkras em uma oficina criativa para crian\u00e7as.<\/p>\n","protected":false},"author":1,"featured_media":3428,"comment_status":"open","ping_status":"closed","sticky":false,"template":"","format":"standard","meta":{"footnotes":""},"categories":[17],"tags":[],"class_list":["post-3429","post","type-post","status-publish","format-standard","has-post-thumbnail","hentry","category-cultura-no-bom-retiro","has_thumb"],"aioseo_notices":[],"aioseo_head":"\n\t\t<!-- All in One SEO 5.0.0.1 - aioseo.com -->\n\t<meta name=\"description\" content=\"Explore a ancestralidade com Adinkras em uma oficina criativa para crian\u00e7as.\" \/>\n\t<meta name=\"robots\" content=\"max-image-preview:large\" \/>\n\t<meta name=\"author\" content=\"Encontra Bom Retiro\"\/>\n\t<link rel=\"canonical\" href=\"https:\/\/www.encontrabomretiro.com.br\/sobre\/carrego-comigo-simbolos-de-ancestralidade\/\" \/>\n\t<meta name=\"generator\" content=\"All in One SEO (AIOSEO) 5.0.0.1\" \/>\n\t\t<meta property=\"og:locale\" content=\"pt_BR\" \/>\n\t\t<meta property=\"og:site_name\" content=\"Encontra Bom Retiro | Not\u00edcias, eventos, informa\u00e7\u00f5es e dicas no bairro do Bom Retiro e regi\u00e3o.\" \/>\n\t\t<meta property=\"og:type\" content=\"article\" \/>\n\t\t<meta property=\"og:title\" content=\"Carrego comigo s\u00edmbolos de ancestralidade | Encontra Bom Retiro\" \/>\n\t\t<meta property=\"og:description\" content=\"Explore a ancestralidade com Adinkras em uma oficina criativa para crian\u00e7as.\" \/>\n\t\t<meta property=\"og:url\" content=\"https:\/\/www.encontrabomretiro.com.br\/sobre\/carrego-comigo-simbolos-de-ancestralidade\/\" \/>\n\t\t<meta property=\"article:published_time\" content=\"2026-08-30T23:43:27+00:00\" \/>\n\t\t<meta property=\"article:modified_time\" content=\"2026-08-30T23:43:27+00:00\" \/>\n\t\t<meta name=\"twitter:card\" content=\"summary_large_image\" \/>\n\t\t<meta name=\"twitter:title\" content=\"Carrego comigo s\u00edmbolos de ancestralidade | Encontra Bom Retiro\" \/>\n\t\t<meta name=\"twitter:description\" content=\"Explore a ancestralidade com Adinkras em uma oficina criativa para crian\u00e7as.\" \/>\n\t\t<script type=\"application\/ld+json\" class=\"aioseo-schema\">\n\t\t\t{\"@context\":\"https:\\\/\\\/schema.org\",\"@graph\":[{\"@type\":\"Article\",\"@id\":\"https:\\\/\\\/www.encontrabomretiro.com.br\\\/sobre\\\/carrego-comigo-simbolos-de-ancestralidade\\\/#article\",\"name\":\"Carrego comigo s\\u00edmbolos de ancestralidade | Encontra Bom Retiro\",\"headline\":\"Carrego comigo s\\u00edmbolos de ancestralidade\",\"author\":{\"@id\":\"https:\\\/\\\/www.encontrabomretiro.com.br\\\/sobre\\\/author\\\/ebomretiro\\\/#author\"},\"publisher\":{\"@id\":\"https:\\\/\\\/www.encontrabomretiro.com.br\\\/sobre\\\/#organization\"},\"image\":{\"@type\":\"ImageObject\",\"url\":\"https:\\\/\\\/www.encontrabomretiro.com.br\\\/sobre\\\/wp-content\\\/uploads\\\/2026\\\/08\\\/carrego-comigo-simbolos-de-ancestralidade.webp\",\"width\":280,\"height\":280},\"datePublished\":\"2026-08-30T21:43:27-02:00\",\"dateModified\":\"2026-08-30T21:43:27-02:00\",\"inLanguage\":\"pt-BR\",\"mainEntityOfPage\":{\"@id\":\"https:\\\/\\\/www.encontrabomretiro.com.br\\\/sobre\\\/carrego-comigo-simbolos-de-ancestralidade\\\/#webpage\"},\"isPartOf\":{\"@id\":\"https:\\\/\\\/www.encontrabomretiro.com.br\\\/sobre\\\/carrego-comigo-simbolos-de-ancestralidade\\\/#webpage\"},\"articleSection\":\"Cultura Bom Retiro\"},{\"@type\":\"BreadcrumbList\",\"@id\":\"https:\\\/\\\/www.encontrabomretiro.com.br\\\/sobre\\\/carrego-comigo-simbolos-de-ancestralidade\\\/#breadcrumblist\",\"itemListElement\":[{\"@type\":\"ListItem\",\"@id\":\"https:\\\/\\\/www.encontrabomretiro.com.br\\\/sobre#listItem\",\"position\":1,\"name\":\"Dom\\u00e9stica\",\"item\":\"https:\\\/\\\/www.encontrabomretiro.com.br\\\/sobre\",\"nextItem\":{\"@type\":\"ListItem\",\"@id\":\"https:\\\/\\\/www.encontrabomretiro.com.br\\\/sobre\\\/cultura-no-bom-retiro\\\/#listItem\",\"name\":\"Cultura Bom Retiro\"}},{\"@type\":\"ListItem\",\"@id\":\"https:\\\/\\\/www.encontrabomretiro.com.br\\\/sobre\\\/cultura-no-bom-retiro\\\/#listItem\",\"position\":2,\"name\":\"Cultura Bom Retiro\",\"item\":\"https:\\\/\\\/www.encontrabomretiro.com.br\\\/sobre\\\/cultura-no-bom-retiro\\\/\",\"nextItem\":{\"@type\":\"ListItem\",\"@id\":\"https:\\\/\\\/www.encontrabomretiro.com.br\\\/sobre\\\/carrego-comigo-simbolos-de-ancestralidade\\\/#listItem\",\"name\":\"Carrego comigo s\\u00edmbolos de ancestralidade\"},\"previousItem\":{\"@type\":\"ListItem\",\"@id\":\"https:\\\/\\\/www.encontrabomretiro.com.br\\\/sobre#listItem\",\"name\":\"Dom\\u00e9stica\"}},{\"@type\":\"ListItem\",\"@id\":\"https:\\\/\\\/www.encontrabomretiro.com.br\\\/sobre\\\/carrego-comigo-simbolos-de-ancestralidade\\\/#listItem\",\"position\":3,\"name\":\"Carrego comigo s\\u00edmbolos de ancestralidade\",\"previousItem\":{\"@type\":\"ListItem\",\"@id\":\"https:\\\/\\\/www.encontrabomretiro.com.br\\\/sobre\\\/cultura-no-bom-retiro\\\/#listItem\",\"name\":\"Cultura Bom Retiro\"}}]},{\"@type\":\"Organization\",\"@id\":\"https:\\\/\\\/www.encontrabomretiro.com.br\\\/sobre\\\/#organization\",\"name\":\"Encontra Bom Retiro\",\"description\":\"Not\\u00edcias, eventos, informa\\u00e7\\u00f5es e dicas no bairro do Bom Retiro e regi\\u00e3o.\",\"url\":\"https:\\\/\\\/www.encontrabomretiro.com.br\\\/sobre\\\/\"},{\"@type\":\"Person\",\"@id\":\"https:\\\/\\\/www.encontrabomretiro.com.br\\\/sobre\\\/author\\\/ebomretiro\\\/#author\",\"url\":\"https:\\\/\\\/www.encontrabomretiro.com.br\\\/sobre\\\/author\\\/ebomretiro\\\/\",\"name\":\"Encontra Bom Retiro\",\"image\":{\"@type\":\"ImageObject\",\"@id\":\"https:\\\/\\\/www.encontrabomretiro.com.br\\\/sobre\\\/carrego-comigo-simbolos-de-ancestralidade\\\/#authorImage\",\"url\":\"https:\\\/\\\/secure.gravatar.com\\\/avatar\\\/507340682b8270222e1f208e23198b6ae7e2c6a1033ae84e99bc6bce4f82a387?s=96&d=mm&r=g\",\"width\":96,\"height\":96,\"caption\":\"Encontra Bom Retiro\"}},{\"@type\":\"WebPage\",\"@id\":\"https:\\\/\\\/www.encontrabomretiro.com.br\\\/sobre\\\/carrego-comigo-simbolos-de-ancestralidade\\\/#webpage\",\"url\":\"https:\\\/\\\/www.encontrabomretiro.com.br\\\/sobre\\\/carrego-comigo-simbolos-de-ancestralidade\\\/\",\"name\":\"Carrego comigo s\\u00edmbolos de ancestralidade | Encontra Bom Retiro\",\"description\":\"Explore a ancestralidade com Adinkras em uma oficina criativa para crian\\u00e7as.\",\"inLanguage\":\"pt-BR\",\"isPartOf\":{\"@id\":\"https:\\\/\\\/www.encontrabomretiro.com.br\\\/sobre\\\/#website\"},\"breadcrumb\":{\"@id\":\"https:\\\/\\\/www.encontrabomretiro.com.br\\\/sobre\\\/carrego-comigo-simbolos-de-ancestralidade\\\/#breadcrumblist\"},\"author\":{\"@id\":\"https:\\\/\\\/www.encontrabomretiro.com.br\\\/sobre\\\/author\\\/ebomretiro\\\/#author\"},\"creator\":{\"@id\":\"https:\\\/\\\/www.encontrabomretiro.com.br\\\/sobre\\\/author\\\/ebomretiro\\\/#author\"},\"image\":{\"@type\":\"ImageObject\",\"url\":\"https:\\\/\\\/www.encontrabomretiro.com.br\\\/sobre\\\/wp-content\\\/uploads\\\/2026\\\/08\\\/carrego-comigo-simbolos-de-ancestralidade.webp\",\"@id\":\"https:\\\/\\\/www.encontrabomretiro.com.br\\\/sobre\\\/carrego-comigo-simbolos-de-ancestralidade\\\/#mainImage\",\"width\":280,\"height\":280},\"primaryImageOfPage\":{\"@id\":\"https:\\\/\\\/www.encontrabomretiro.com.br\\\/sobre\\\/carrego-comigo-simbolos-de-ancestralidade\\\/#mainImage\"},\"datePublished\":\"2026-08-30T21:43:27-02:00\",\"dateModified\":\"2026-08-30T21:43:27-02:00\"},{\"@type\":\"WebSite\",\"@id\":\"https:\\\/\\\/www.encontrabomretiro.com.br\\\/sobre\\\/#website\",\"url\":\"https:\\\/\\\/www.encontrabomretiro.com.br\\\/sobre\\\/\",\"name\":\"Encontra Bom Retiro\",\"description\":\"Not\\u00edcias, eventos, informa\\u00e7\\u00f5es e dicas no bairro do Bom Retiro e regi\\u00e3o.\",\"inLanguage\":\"pt-BR\",\"publisher\":{\"@id\":\"https:\\\/\\\/www.encontrabomretiro.com.br\\\/sobre\\\/#organization\"}}]}\n\t\t<\/script>\n\t\t<!-- All in One SEO -->\n\n","aioseo_head_json":{"title":"Carrego comigo s\u00edmbolos de ancestralidade | Encontra Bom Retiro","description":"Explore a ancestralidade com Adinkras em uma oficina criativa para crian\u00e7as.","canonical_url":"https:\/\/www.encontrabomretiro.com.br\/sobre\/carrego-comigo-simbolos-de-ancestralidade\/","robots":"max-image-preview:large","keywords":"","webmasterTools":{"miscellaneous":""},"schema":{"@context":"https:\/\/schema.org","@graph":[{"@type":"Article","@id":"https:\/\/www.encontrabomretiro.com.br\/sobre\/carrego-comigo-simbolos-de-ancestralidade\/#article","name":"Carrego comigo s\u00edmbolos de ancestralidade | Encontra Bom Retiro","headline":"Carrego comigo s\u00edmbolos de ancestralidade","author":{"@id":"https:\/\/www.encontrabomretiro.com.br\/sobre\/author\/ebomretiro\/#author"},"publisher":{"@id":"https:\/\/www.encontrabomretiro.com.br\/sobre\/#organization"},"image":{"@type":"ImageObject","url":"https:\/\/www.encontrabomretiro.com.br\/sobre\/wp-content\/uploads\/2026\/08\/carrego-comigo-simbolos-de-ancestralidade.webp","width":280,"height":280},"datePublished":"2026-08-30T21:43:27-02:00","dateModified":"2026-08-30T21:43:27-02:00","inLanguage":"pt-BR","mainEntityOfPage":{"@id":"https:\/\/www.encontrabomretiro.com.br\/sobre\/carrego-comigo-simbolos-de-ancestralidade\/#webpage"},"isPartOf":{"@id":"https:\/\/www.encontrabomretiro.com.br\/sobre\/carrego-comigo-simbolos-de-ancestralidade\/#webpage"},"articleSection":"Cultura Bom Retiro"},{"@type":"BreadcrumbList","@id":"https:\/\/www.encontrabomretiro.com.br\/sobre\/carrego-comigo-simbolos-de-ancestralidade\/#breadcrumblist","itemListElement":[{"@type":"ListItem","@id":"https:\/\/www.encontrabomretiro.com.br\/sobre#listItem","position":1,"name":"Dom\u00e9stica","item":"https:\/\/www.encontrabomretiro.com.br\/sobre","nextItem":{"@type":"ListItem","@id":"https:\/\/www.encontrabomretiro.com.br\/sobre\/cultura-no-bom-retiro\/#listItem","name":"Cultura Bom Retiro"}},{"@type":"ListItem","@id":"https:\/\/www.encontrabomretiro.com.br\/sobre\/cultura-no-bom-retiro\/#listItem","position":2,"name":"Cultura Bom Retiro","item":"https:\/\/www.encontrabomretiro.com.br\/sobre\/cultura-no-bom-retiro\/","nextItem":{"@type":"ListItem","@id":"https:\/\/www.encontrabomretiro.com.br\/sobre\/carrego-comigo-simbolos-de-ancestralidade\/#listItem","name":"Carrego comigo s\u00edmbolos de ancestralidade"},"previousItem":{"@type":"ListItem","@id":"https:\/\/www.encontrabomretiro.com.br\/sobre#listItem","name":"Dom\u00e9stica"}},{"@type":"ListItem","@id":"https:\/\/www.encontrabomretiro.com.br\/sobre\/carrego-comigo-simbolos-de-ancestralidade\/#listItem","position":3,"name":"Carrego comigo s\u00edmbolos de ancestralidade","previousItem":{"@type":"ListItem","@id":"https:\/\/www.encontrabomretiro.com.br\/sobre\/cultura-no-bom-retiro\/#listItem","name":"Cultura Bom Retiro"}}]},{"@type":"Organization","@id":"https:\/\/www.encontrabomretiro.com.br\/sobre\/#organization","name":"Encontra Bom Retiro","description":"Not\u00edcias, eventos, informa\u00e7\u00f5es e dicas no bairro do Bom Retiro e regi\u00e3o.","url":"https:\/\/www.encontrabomretiro.com.br\/sobre\/"},{"@type":"Person","@id":"https:\/\/www.encontrabomretiro.com.br\/sobre\/author\/ebomretiro\/#author","url":"https:\/\/www.encontrabomretiro.com.br\/sobre\/author\/ebomretiro\/","name":"Encontra Bom Retiro","image":{"@type":"ImageObject","@id":"https:\/\/www.encontrabomretiro.com.br\/sobre\/carrego-comigo-simbolos-de-ancestralidade\/#authorImage","url":"https:\/\/secure.gravatar.com\/avatar\/507340682b8270222e1f208e23198b6ae7e2c6a1033ae84e99bc6bce4f82a387?s=96&d=mm&r=g","width":96,"height":96,"caption":"Encontra Bom Retiro"}},{"@type":"WebPage","@id":"https:\/\/www.encontrabomretiro.com.br\/sobre\/carrego-comigo-simbolos-de-ancestralidade\/#webpage","url":"https:\/\/www.encontrabomretiro.com.br\/sobre\/carrego-comigo-simbolos-de-ancestralidade\/","name":"Carrego comigo s\u00edmbolos de ancestralidade | Encontra Bom Retiro","description":"Explore a ancestralidade com Adinkras em uma oficina criativa para crian\u00e7as.","inLanguage":"pt-BR","isPartOf":{"@id":"https:\/\/www.encontrabomretiro.com.br\/sobre\/#website"},"breadcrumb":{"@id":"https:\/\/www.encontrabomretiro.com.br\/sobre\/carrego-comigo-simbolos-de-ancestralidade\/#breadcrumblist"},"author":{"@id":"https:\/\/www.encontrabomretiro.com.br\/sobre\/author\/ebomretiro\/#author"},"creator":{"@id":"https:\/\/www.encontrabomretiro.com.br\/sobre\/author\/ebomretiro\/#author"},"image":{"@type":"ImageObject","url":"https:\/\/www.encontrabomretiro.com.br\/sobre\/wp-content\/uploads\/2026\/08\/carrego-comigo-simbolos-de-ancestralidade.webp","@id":"https:\/\/www.encontrabomretiro.com.br\/sobre\/carrego-comigo-simbolos-de-ancestralidade\/#mainImage","width":280,"height":280},"primaryImageOfPage":{"@id":"https:\/\/www.encontrabomretiro.com.br\/sobre\/carrego-comigo-simbolos-de-ancestralidade\/#mainImage"},"datePublished":"2026-08-30T21:43:27-02:00","dateModified":"2026-08-30T21:43:27-02:00"},{"@type":"WebSite","@id":"https:\/\/www.encontrabomretiro.com.br\/sobre\/#website","url":"https:\/\/www.encontrabomretiro.com.br\/sobre\/","name":"Encontra Bom Retiro","description":"Not\u00edcias, eventos, informa\u00e7\u00f5es e dicas no bairro do Bom Retiro e regi\u00e3o.","inLanguage":"pt-BR","publisher":{"@id":"https:\/\/www.encontrabomretiro.com.br\/sobre\/#organization"}}]},"og:locale":"pt_BR","og:site_name":"Encontra Bom Retiro | Not\u00edcias, eventos, informa\u00e7\u00f5es e dicas no bairro do Bom Retiro e regi\u00e3o.","og:type":"article","og:title":"Carrego comigo s\u00edmbolos de ancestralidade | Encontra Bom Retiro","og:description":"Explore a ancestralidade com Adinkras em uma oficina criativa para crian\u00e7as.","og:url":"https:\/\/www.encontrabomretiro.com.br\/sobre\/carrego-comigo-simbolos-de-ancestralidade\/","article:published_time":"2026-08-30T23:43:27+00:00","article:modified_time":"2026-08-30T23:43:27+00:00","twitter:card":"summary_large_image","twitter:title":"Carrego comigo s\u00edmbolos de ancestralidade | Encontra Bom Retiro","twitter:description":"Explore a ancestralidade com Adinkras em uma oficina criativa para crian\u00e7as."},"aioseo_meta_data":{"post_id":"3429","title":null,"description":null,"keywords":null,"keyphrases":null,"primary_term":null,"canonical_url":null,"og_title":null,"og_description":null,"og_object_type":"default","og_image_type":"default","og_image_url":null,"og_image_width":null,"og_image_height":null,"og_image_custom_url":null,"og_image_custom_fields":null,"og_video":null,"og_custom_url":null,"og_article_section":null,"og_article_tags":null,"twitter_use_og":false,"twitter_card":"default","twitter_image_type":"default","twitter_image_url":null,"twitter_image_custom_url":null,"twitter_image_custom_fields":null,"twitter_title":null,"twitter_description":null,"schema":{"blockGraphs":[],"customGraphs":[],"default":{"data":{"Article":[],"Course":[],"Dataset":[],"FAQPage":[],"Movie":[],"Person":[],"Product":[],"ProductReview":[],"Car":[],"Recipe":[],"Service":[],"SoftwareApplication":[],"WebPage":[]},"graphName":"Article","isEnabled":true},"graphs":[]},"schema_type":"default","schema_type_options":null,"pillar_content":false,"robots_default":true,"robots_noindex":false,"robots_noarchive":false,"robots_nosnippet":false,"robots_nofollow":false,"robots_noimageindex":false,"robots_noodp":false,"robots_notranslate":false,"robots_max_snippet":null,"robots_max_videopreview":null,"robots_max_imagepreview":"large","priority":null,"frequency":null,"local_seo":null,"breadcrumb_settings":null,"limit_modified_date":false,"ai":null,"created":"2026-08-30 23:43:27","updated":"2026-08-31 00:31:45","focus_keyword":null,"additional_keywords":null,"truseo_locale":null,"seo_analyzer_scan_date":null},"aioseo_breadcrumb":"<div class=\"aioseo-breadcrumbs\"><span class=\"aioseo-breadcrumb\">\n\t\t\t<a href=\"https:\/\/www.encontrabomretiro.com.br\/sobre\" title=\"Dom\u00e9stica\">Dom\u00e9stica<\/a>\n\t\t<\/span><span class=\"aioseo-breadcrumb-separator\">&raquo;<\/span><span class=\"aioseo-breadcrumb\">\n\t\t\t<a href=\"https:\/\/www.encontrabomretiro.com.br\/sobre\/cultura-no-bom-retiro\/\" title=\"Cultura Bom Retiro\">Cultura Bom Retiro<\/a>\n\t\t<\/span><span class=\"aioseo-breadcrumb-separator\">&raquo;<\/span><span class=\"aioseo-breadcrumb\">\n\t\t\tCarrego comigo s\u00edmbolos de ancestralidade\n\t\t<\/span><\/div>","aioseo_breadcrumb_json":[{"label":"Dom\u00e9stica","link":"https:\/\/www.encontrabomretiro.com.br\/sobre"},{"label":"Cultura Bom Retiro","link":"https:\/\/www.encontrabomretiro.com.br\/sobre\/cultura-no-bom-retiro\/"},{"label":"Carrego comigo s\u00edmbolos de ancestralidade","link":"https:\/\/www.encontrabomretiro.com.br\/sobre\/carrego-comigo-simbolos-de-ancestralidade\/"}],"_links":{"self":[{"href":"https:\/\/www.encontrabomretiro.com.br\/sobre\/wp-json\/wp\/v2\/posts\/3429","targetHints":{"allow":["GET"]}}],"collection":[{"href":"https:\/\/www.encontrabomretiro.com.br\/sobre\/wp-json\/wp\/v2\/posts"}],"about":[{"href":"https:\/\/www.encontrabomretiro.com.br\/sobre\/wp-json\/wp\/v2\/types\/post"}],"author":[{"embeddable":true,"href":"https:\/\/www.encontrabomretiro.com.br\/sobre\/wp-json\/wp\/v2\/users\/1"}],"replies":[{"embeddable":true,"href":"https:\/\/www.encontrabomretiro.com.br\/sobre\/wp-json\/wp\/v2\/comments?post=3429"}],"version-history":[{"count":0,"href":"https:\/\/www.encontrabomretiro.com.br\/sobre\/wp-json\/wp\/v2\/posts\/3429\/revisions"}],"wp:featuredmedia":[{"embeddable":true,"href":"https:\/\/www.encontrabomretiro.com.br\/sobre\/wp-json\/wp\/v2\/media\/3428"}],"wp:attachment":[{"href":"https:\/\/www.encontrabomretiro.com.br\/sobre\/wp-json\/wp\/v2\/media?parent=3429"}],"wp:term":[{"taxonomy":"category","embeddable":true,"href":"https:\/\/www.encontrabomretiro.com.br\/sobre\/wp-json\/wp\/v2\/categories?post=3429"},{"taxonomy":"post_tag","embeddable":true,"href":"https:\/\/www.encontrabomretiro.com.br\/sobre\/wp-json\/wp\/v2\/tags?post=3429"}],"curies":[{"name":"wp","href":"https:\/\/api.w.org\/{rel}","templated":true}]}}