{"id":3423,"date":"2026-08-30T21:40:24","date_gmt":"2026-08-30T23:40:24","guid":{"rendered":"https:\/\/www.encontrabomretiro.com.br\/sobre\/mira-e-veja-acessibilidade-artistica\/"},"modified":"2026-08-30T21:40:24","modified_gmt":"2026-08-30T23:40:24","slug":"mira-e-veja-acessibilidade-artistica","status":"publish","type":"post","link":"https:\/\/www.encontrabomretiro.com.br\/sobre\/mira-e-veja-acessibilidade-artistica\/","title":{"rendered":"Mira e Veja: Acessibilidade art\u00edstica"},"content":{"rendered":"<div class=\"228b65ae207de3c5c501cfe75875708b\" data-index=\"1\" style=\"float: none; margin:0px;\">\n<!-- Anuncio display - global -->\r\n<ins class=\"adsbygoogle\"\r\n     style=\"display:block\"\r\n     data-ad-client=\"ca-pub-8585364105181520\"\r\n     data-ad-slot=\"8789329856\"\r\n     data-ad-format=\"auto\"\r\n     data-full-width-responsive=\"true\"><\/ins>\r\n<script>\r\n     (adsbygoogle = window.adsbygoogle || []).push({});\r\n<\/script>\n<\/div>\n<h2>O que \u00e9 Mira e Veja?<\/h2>\n<p>O evento conhecido como <strong>Mira e Veja<\/strong> \u00e9 uma oportunidade \u00fanica projetada para explorar a acessibilidade art\u00edstica em ambientes culturais. Atrav\u00e9s de uma abordagem interativa, o encontro capacita os participantes a conhecer e experimentar recursos acess\u00edveis e materiais t\u00e1teis germinados da exposi\u00e7\u00e3o hom\u00f4nima. Ao integrar conte\u00fados sensoriais, a atividade promove a sensibiliza\u00e7\u00e3o sobre a inclus\u00e3o no contexto art\u00edstico e cultural.<\/p>\n<h2>Import\u00e2ncia da Acessibilidade Cultural<\/h2>\n<p>A acessibilidade cultural \u00e9 um aspecto essencial para garantir que todos tenham a oportunidade de apreciar e participar das artes. Ela se estabelece como um fator determinante para o fortalecimento do acesso \u00e0s diferentes formas de express\u00e3o art\u00edstica e cultural, promovendo a inclus\u00e3o de indiv\u00edduos com necessidades especiais. Ao ampliar a acessibilidade, as institui\u00e7\u00f5es culturais n\u00e3o s\u00f3 enriquece o espectro de atividades que podem oferecer ao p\u00fablico, mas tamb\u00e9m se tornam mais relevantes e representativas da diversidade da sociedade.<\/p>\n<h2>Experi\u00eancias Multissensoriais na Arte<\/h2>\n<p>O conceito de experi\u00eancias multissensoriais \u00e9 fundamental na proposta do evento. Ele visa estimular os participantes a interagir e explorar as obras de arte n\u00e3o apenas visualmente, mas tamb\u00e9m atrav\u00e9s de outros sentidos, como o tato e a audi\u00e7\u00e3o. Essa abordagem permite que pessoas com defici\u00eancias visuais, por exemplo, se conectem a obras de arte a partir de texturas e narrativas sonoras. Al\u00e9m disso, essa estrat\u00e9gia favorece a cria\u00e7\u00e3o de um ambiente mais inclusivo, onde a troca de experi\u00eancias entre diferentes p\u00fablicos pode ocorrer de forma rica e diversificada.<\/p>\n<p><img decoding=\"async\" src=\"https:\/\/www.encontrabomretiro.com.br\/sobre\/wp-content\/uploads\/2026\/08\/mira-e-veja-acessibilidade-artistica.webp\" alt=\"acessibilidade art\u00edstica\" loading=\"lazy\" \/><\/p>\n<h2>Perspectivas Inclusivas em Exposi\u00e7\u00f5es<\/h2>\n<p>As perspectivas inclusivas em exposi\u00e7\u00f5es art\u00edsticas tratam da reflex\u00e3o sobre como as obras podem ser apresentadas para todos. Isso envolve a considera\u00e7\u00e3o de adapta\u00e7\u00f5es como legendas em linguagem simples, audioguia para deficientes visuais, ou ainda a cria\u00e7\u00e3o de espa\u00e7os que propiciem a intera\u00e7\u00e3o de forma intuitiva. Com isso, busca-se quebrar as barreiras que historicamente t\u00eam limitado o acesso de muitos ao mundo da arte, garantindo que as exposi\u00e7\u00f5es se tornem espa\u00e7os de viv\u00eancia coletiva.<\/p>\n<h2>Quem S\u00e3o os Facilitadores do Encontro?<\/h2>\n<p>No evento <strong>Mira e Veja<\/strong>, fica a cargo de um time de especialistas gui\u00e1-lo na explora\u00e7\u00e3o dessas novas dimens\u00f5es da arte:<\/p>\n<ul>\n<li><strong>Marina Baffini:<\/strong> Artista pl\u00e1stica e arte educadora com vasta experi\u00eancia em acessibilidade cultural. Possui um hist\u00f3rico de projetos voltados para a inclus\u00e3o em museus e institui\u00e7\u00f5es culturais.<\/li>\n<li><strong>Rog\u00e9rio Rat\u00e3o:<\/strong> Escultor que realiza trabalhos de modelagem em argila sem o uso da vis\u00e3o, trazendo uma perspectiva \u00fanica para o campo da arte acess\u00edvel.<\/li>\n<li><strong>Roseli Behaker Garcia:<\/strong> EduSadora e especialista em inclus\u00e3o, que contribui para a discuss\u00e3o sobre o papel da educa\u00e7\u00e3o e da arte na forma\u00e7\u00e3o de um ambiente acess\u00edvel.<\/li>\n<\/ul>\n<h2>Como Participar do Evento?<\/h2>\n<p>A participa\u00e7\u00e3o na atividade \u00e9 simples. \u00c9 necess\u00e1rio chegar ao local do evento com pelo menos 30 minutos de anteced\u00eancia para garantir um lugar. Vale ressaltar que a entrada \u00e9 gratuita e destinada a professores, educadores, estudantes e artistas, o que possibilita uma ampla troca de experi\u00eancias e aprendizagens. Para aqueles que necessitam de int\u00e9rprete de Libras ou audiodescri\u00e7\u00e3o, \u00e9 recomendado entrar em contato pelo e-mail educativo@mam.org.br com anteced\u00eancia de 48 horas.<\/p>\n<h2>Recursos Acess\u00edveis Dispon\u00edveis<\/h2>\n<p>Dentre os recursos que ser\u00e3o disponibilizados durante o evento, destacam-se:<\/p>\n<ul>\n<li>Materiais t\u00e1teis que permitem a intera\u00e7\u00e3o n\u00e3o visual com as obras.<\/li>\n<li>Assist\u00eancia especializada para orienta\u00e7\u00e3o de p\u00fablico com defici\u00eancias.<\/li>\n<li>Audioguia e materiais explicativos em diferentes formatos.<\/li>\n<\/ul>\n<h2>Impacto da Acessibilidade em Comunidades<\/h2>\n<p>O impacto da acessibilidade cultural vai al\u00e9m das institui\u00e7\u00f5es, alcan\u00e7ando comunidades inteiras. Quando espa\u00e7os culturais se tornam acess\u00edveis, eles promovem n\u00e3o apenas o desfrute das artes, mas fomentam um senso de pertencimento e valoriza\u00e7\u00e3o das identidades culturais. Essa intera\u00e7\u00e3o social \u00e9 crucial para a constru\u00e7\u00e3o de um futuro onde a diversidade \u00e9 celebrada e todos t\u00eam voz.<\/p>\n<h2>A Arte Como Ferramenta de Inclus\u00e3o<\/h2>\n<p>A arte \u00e9 uma poderosa ferramenta de inclus\u00e3o. Ela oferece oportunidades para que indiv\u00edduos com diferentes habilidades possam se expressar e conectar-se com o mundo. Formas de arte que priorizam a acessibilidade promovem o di\u00e1logo e a empatia, possibilitando que as experi\u00eancias se tornem mais ricas e significativas. Eventos como <strong>Mira e Veja<\/strong> representam passos importantes na abertura de espa\u00e7os para essa troca.<\/p>\n<h2>Reflex\u00f5es sobre o Futuro da Acessibilidade<\/h2>\n<p>O futuro da acessibilidade na arte e na cultura parece promissor, com a crescente conscientiza\u00e7\u00e3o sobre a import\u00e2ncia de ambientes inclusivos. Iniciativas como o evento <strong>Mira e Veja<\/strong> s\u00e3o essenciais para estimular o debate e a a\u00e7\u00e3o em prol da inclus\u00e3o. Atrav\u00e9s de uma educa\u00e7\u00e3o cont\u00ednua e da colabora\u00e7\u00e3o entre artistas, educadores e institui\u00e7\u00f5es, \u00e9 poss\u00edvel garantir que a arte e a cultura sejam acess\u00edveis a todos, contribuindo para o fortalecimento da sociedade como um todo.<\/p>\n\n<div style=\"font-size: 0px; height: 0px; line-height: 0px; margin: 0; padding: 0; clear: both;\"><\/div>","protected":false},"excerpt":{"rendered":"<p>Mira e Veja \u00e9 uma experi\u00eancia \u00fanica de acessibilidade art\u00edstica no Sesc SP.<\/p>\n","protected":false},"author":1,"featured_media":3422,"comment_status":"open","ping_status":"closed","sticky":false,"template":"","format":"standard","meta":{"footnotes":""},"categories":[17],"tags":[],"class_list":["post-3423","post","type-post","status-publish","format-standard","has-post-thumbnail","hentry","category-cultura-no-bom-retiro","has_thumb"],"aioseo_notices":[],"aioseo_head":"\n\t\t<!-- All in One SEO 5.0.0.1 - aioseo.com -->\n\t<meta name=\"description\" content=\"Mira e Veja \u00e9 uma experi\u00eancia \u00fanica de acessibilidade art\u00edstica no Sesc SP.\" \/>\n\t<meta name=\"robots\" content=\"max-image-preview:large\" \/>\n\t<meta name=\"author\" content=\"Encontra Bom Retiro\"\/>\n\t<link rel=\"canonical\" href=\"https:\/\/www.encontrabomretiro.com.br\/sobre\/mira-e-veja-acessibilidade-artistica\/\" \/>\n\t<meta name=\"generator\" content=\"All in One SEO (AIOSEO) 5.0.0.1\" \/>\n\t\t<meta property=\"og:locale\" content=\"pt_BR\" \/>\n\t\t<meta property=\"og:site_name\" content=\"Encontra Bom Retiro | Not\u00edcias, eventos, informa\u00e7\u00f5es e dicas no bairro do Bom Retiro e regi\u00e3o.\" \/>\n\t\t<meta property=\"og:type\" content=\"article\" \/>\n\t\t<meta property=\"og:title\" content=\"Mira e Veja: Acessibilidade art\u00edstica | Encontra Bom Retiro\" \/>\n\t\t<meta property=\"og:description\" content=\"Mira e Veja \u00e9 uma experi\u00eancia \u00fanica de acessibilidade art\u00edstica no Sesc SP.\" \/>\n\t\t<meta property=\"og:url\" content=\"https:\/\/www.encontrabomretiro.com.br\/sobre\/mira-e-veja-acessibilidade-artistica\/\" \/>\n\t\t<meta property=\"article:published_time\" content=\"2026-08-30T23:40:24+00:00\" \/>\n\t\t<meta property=\"article:modified_time\" content=\"2026-08-30T23:40:24+00:00\" \/>\n\t\t<meta name=\"twitter:card\" content=\"summary_large_image\" \/>\n\t\t<meta name=\"twitter:title\" content=\"Mira e Veja: Acessibilidade art\u00edstica | Encontra Bom Retiro\" \/>\n\t\t<meta name=\"twitter:description\" content=\"Mira e Veja \u00e9 uma experi\u00eancia \u00fanica de acessibilidade art\u00edstica no Sesc SP.\" \/>\n\t\t<script type=\"application\/ld+json\" class=\"aioseo-schema\">\n\t\t\t{\"@context\":\"https:\\\/\\\/schema.org\",\"@graph\":[{\"@type\":\"Article\",\"@id\":\"https:\\\/\\\/www.encontrabomretiro.com.br\\\/sobre\\\/mira-e-veja-acessibilidade-artistica\\\/#article\",\"name\":\"Mira e Veja: Acessibilidade art\\u00edstica | Encontra Bom Retiro\",\"headline\":\"Mira e Veja: Acessibilidade art\\u00edstica\",\"author\":{\"@id\":\"https:\\\/\\\/www.encontrabomretiro.com.br\\\/sobre\\\/author\\\/ebomretiro\\\/#author\"},\"publisher\":{\"@id\":\"https:\\\/\\\/www.encontrabomretiro.com.br\\\/sobre\\\/#organization\"},\"image\":{\"@type\":\"ImageObject\",\"url\":\"https:\\\/\\\/www.encontrabomretiro.com.br\\\/sobre\\\/wp-content\\\/uploads\\\/2026\\\/08\\\/mira-e-veja-acessibilidade-artistica.webp\",\"width\":280,\"height\":280,\"caption\":\"acessibilidade art\\u00edstica\"},\"datePublished\":\"2026-08-30T21:40:24-02:00\",\"dateModified\":\"2026-08-30T21:40:24-02:00\",\"inLanguage\":\"pt-BR\",\"mainEntityOfPage\":{\"@id\":\"https:\\\/\\\/www.encontrabomretiro.com.br\\\/sobre\\\/mira-e-veja-acessibilidade-artistica\\\/#webpage\"},\"isPartOf\":{\"@id\":\"https:\\\/\\\/www.encontrabomretiro.com.br\\\/sobre\\\/mira-e-veja-acessibilidade-artistica\\\/#webpage\"},\"articleSection\":\"Cultura Bom Retiro\"},{\"@type\":\"BreadcrumbList\",\"@id\":\"https:\\\/\\\/www.encontrabomretiro.com.br\\\/sobre\\\/mira-e-veja-acessibilidade-artistica\\\/#breadcrumblist\",\"itemListElement\":[{\"@type\":\"ListItem\",\"@id\":\"https:\\\/\\\/www.encontrabomretiro.com.br\\\/sobre#listItem\",\"position\":1,\"name\":\"Dom\\u00e9stica\",\"item\":\"https:\\\/\\\/www.encontrabomretiro.com.br\\\/sobre\",\"nextItem\":{\"@type\":\"ListItem\",\"@id\":\"https:\\\/\\\/www.encontrabomretiro.com.br\\\/sobre\\\/cultura-no-bom-retiro\\\/#listItem\",\"name\":\"Cultura Bom Retiro\"}},{\"@type\":\"ListItem\",\"@id\":\"https:\\\/\\\/www.encontrabomretiro.com.br\\\/sobre\\\/cultura-no-bom-retiro\\\/#listItem\",\"position\":2,\"name\":\"Cultura Bom Retiro\",\"item\":\"https:\\\/\\\/www.encontrabomretiro.com.br\\\/sobre\\\/cultura-no-bom-retiro\\\/\",\"nextItem\":{\"@type\":\"ListItem\",\"@id\":\"https:\\\/\\\/www.encontrabomretiro.com.br\\\/sobre\\\/mira-e-veja-acessibilidade-artistica\\\/#listItem\",\"name\":\"Mira e Veja: Acessibilidade art\\u00edstica\"},\"previousItem\":{\"@type\":\"ListItem\",\"@id\":\"https:\\\/\\\/www.encontrabomretiro.com.br\\\/sobre#listItem\",\"name\":\"Dom\\u00e9stica\"}},{\"@type\":\"ListItem\",\"@id\":\"https:\\\/\\\/www.encontrabomretiro.com.br\\\/sobre\\\/mira-e-veja-acessibilidade-artistica\\\/#listItem\",\"position\":3,\"name\":\"Mira e Veja: Acessibilidade art\\u00edstica\",\"previousItem\":{\"@type\":\"ListItem\",\"@id\":\"https:\\\/\\\/www.encontrabomretiro.com.br\\\/sobre\\\/cultura-no-bom-retiro\\\/#listItem\",\"name\":\"Cultura Bom Retiro\"}}]},{\"@type\":\"Organization\",\"@id\":\"https:\\\/\\\/www.encontrabomretiro.com.br\\\/sobre\\\/#organization\",\"name\":\"Encontra Bom Retiro\",\"description\":\"Not\\u00edcias, eventos, informa\\u00e7\\u00f5es e dicas no bairro do Bom Retiro e regi\\u00e3o.\",\"url\":\"https:\\\/\\\/www.encontrabomretiro.com.br\\\/sobre\\\/\"},{\"@type\":\"Person\",\"@id\":\"https:\\\/\\\/www.encontrabomretiro.com.br\\\/sobre\\\/author\\\/ebomretiro\\\/#author\",\"url\":\"https:\\\/\\\/www.encontrabomretiro.com.br\\\/sobre\\\/author\\\/ebomretiro\\\/\",\"name\":\"Encontra Bom Retiro\",\"image\":{\"@type\":\"ImageObject\",\"@id\":\"https:\\\/\\\/www.encontrabomretiro.com.br\\\/sobre\\\/mira-e-veja-acessibilidade-artistica\\\/#authorImage\",\"url\":\"https:\\\/\\\/secure.gravatar.com\\\/avatar\\\/507340682b8270222e1f208e23198b6ae7e2c6a1033ae84e99bc6bce4f82a387?s=96&d=mm&r=g\",\"width\":96,\"height\":96,\"caption\":\"Encontra Bom Retiro\"}},{\"@type\":\"WebPage\",\"@id\":\"https:\\\/\\\/www.encontrabomretiro.com.br\\\/sobre\\\/mira-e-veja-acessibilidade-artistica\\\/#webpage\",\"url\":\"https:\\\/\\\/www.encontrabomretiro.com.br\\\/sobre\\\/mira-e-veja-acessibilidade-artistica\\\/\",\"name\":\"Mira e Veja: Acessibilidade art\\u00edstica | Encontra Bom Retiro\",\"description\":\"Mira e Veja \\u00e9 uma experi\\u00eancia \\u00fanica de acessibilidade art\\u00edstica no Sesc SP.\",\"inLanguage\":\"pt-BR\",\"isPartOf\":{\"@id\":\"https:\\\/\\\/www.encontrabomretiro.com.br\\\/sobre\\\/#website\"},\"breadcrumb\":{\"@id\":\"https:\\\/\\\/www.encontrabomretiro.com.br\\\/sobre\\\/mira-e-veja-acessibilidade-artistica\\\/#breadcrumblist\"},\"author\":{\"@id\":\"https:\\\/\\\/www.encontrabomretiro.com.br\\\/sobre\\\/author\\\/ebomretiro\\\/#author\"},\"creator\":{\"@id\":\"https:\\\/\\\/www.encontrabomretiro.com.br\\\/sobre\\\/author\\\/ebomretiro\\\/#author\"},\"image\":{\"@type\":\"ImageObject\",\"url\":\"https:\\\/\\\/www.encontrabomretiro.com.br\\\/sobre\\\/wp-content\\\/uploads\\\/2026\\\/08\\\/mira-e-veja-acessibilidade-artistica.webp\",\"@id\":\"https:\\\/\\\/www.encontrabomretiro.com.br\\\/sobre\\\/mira-e-veja-acessibilidade-artistica\\\/#mainImage\",\"width\":280,\"height\":280,\"caption\":\"acessibilidade art\\u00edstica\"},\"primaryImageOfPage\":{\"@id\":\"https:\\\/\\\/www.encontrabomretiro.com.br\\\/sobre\\\/mira-e-veja-acessibilidade-artistica\\\/#mainImage\"},\"datePublished\":\"2026-08-30T21:40:24-02:00\",\"dateModified\":\"2026-08-30T21:40:24-02:00\"},{\"@type\":\"WebSite\",\"@id\":\"https:\\\/\\\/www.encontrabomretiro.com.br\\\/sobre\\\/#website\",\"url\":\"https:\\\/\\\/www.encontrabomretiro.com.br\\\/sobre\\\/\",\"name\":\"Encontra Bom Retiro\",\"description\":\"Not\\u00edcias, eventos, informa\\u00e7\\u00f5es e dicas no bairro do Bom Retiro e regi\\u00e3o.\",\"inLanguage\":\"pt-BR\",\"publisher\":{\"@id\":\"https:\\\/\\\/www.encontrabomretiro.com.br\\\/sobre\\\/#organization\"}}]}\n\t\t<\/script>\n\t\t<!-- All in One SEO -->\n\n","aioseo_head_json":{"title":"Mira e Veja: Acessibilidade art\u00edstica | Encontra Bom Retiro","description":"Mira e Veja \u00e9 uma experi\u00eancia \u00fanica de acessibilidade art\u00edstica no Sesc SP.","canonical_url":"https:\/\/www.encontrabomretiro.com.br\/sobre\/mira-e-veja-acessibilidade-artistica\/","robots":"max-image-preview:large","keywords":"","webmasterTools":{"miscellaneous":""},"schema":{"@context":"https:\/\/schema.org","@graph":[{"@type":"Article","@id":"https:\/\/www.encontrabomretiro.com.br\/sobre\/mira-e-veja-acessibilidade-artistica\/#article","name":"Mira e Veja: Acessibilidade art\u00edstica | Encontra Bom Retiro","headline":"Mira e Veja: Acessibilidade art\u00edstica","author":{"@id":"https:\/\/www.encontrabomretiro.com.br\/sobre\/author\/ebomretiro\/#author"},"publisher":{"@id":"https:\/\/www.encontrabomretiro.com.br\/sobre\/#organization"},"image":{"@type":"ImageObject","url":"https:\/\/www.encontrabomretiro.com.br\/sobre\/wp-content\/uploads\/2026\/08\/mira-e-veja-acessibilidade-artistica.webp","width":280,"height":280,"caption":"acessibilidade art\u00edstica"},"datePublished":"2026-08-30T21:40:24-02:00","dateModified":"2026-08-30T21:40:24-02:00","inLanguage":"pt-BR","mainEntityOfPage":{"@id":"https:\/\/www.encontrabomretiro.com.br\/sobre\/mira-e-veja-acessibilidade-artistica\/#webpage"},"isPartOf":{"@id":"https:\/\/www.encontrabomretiro.com.br\/sobre\/mira-e-veja-acessibilidade-artistica\/#webpage"},"articleSection":"Cultura Bom Retiro"},{"@type":"BreadcrumbList","@id":"https:\/\/www.encontrabomretiro.com.br\/sobre\/mira-e-veja-acessibilidade-artistica\/#breadcrumblist","itemListElement":[{"@type":"ListItem","@id":"https:\/\/www.encontrabomretiro.com.br\/sobre#listItem","position":1,"name":"Dom\u00e9stica","item":"https:\/\/www.encontrabomretiro.com.br\/sobre","nextItem":{"@type":"ListItem","@id":"https:\/\/www.encontrabomretiro.com.br\/sobre\/cultura-no-bom-retiro\/#listItem","name":"Cultura Bom Retiro"}},{"@type":"ListItem","@id":"https:\/\/www.encontrabomretiro.com.br\/sobre\/cultura-no-bom-retiro\/#listItem","position":2,"name":"Cultura Bom Retiro","item":"https:\/\/www.encontrabomretiro.com.br\/sobre\/cultura-no-bom-retiro\/","nextItem":{"@type":"ListItem","@id":"https:\/\/www.encontrabomretiro.com.br\/sobre\/mira-e-veja-acessibilidade-artistica\/#listItem","name":"Mira e Veja: Acessibilidade art\u00edstica"},"previousItem":{"@type":"ListItem","@id":"https:\/\/www.encontrabomretiro.com.br\/sobre#listItem","name":"Dom\u00e9stica"}},{"@type":"ListItem","@id":"https:\/\/www.encontrabomretiro.com.br\/sobre\/mira-e-veja-acessibilidade-artistica\/#listItem","position":3,"name":"Mira e Veja: Acessibilidade art\u00edstica","previousItem":{"@type":"ListItem","@id":"https:\/\/www.encontrabomretiro.com.br\/sobre\/cultura-no-bom-retiro\/#listItem","name":"Cultura Bom Retiro"}}]},{"@type":"Organization","@id":"https:\/\/www.encontrabomretiro.com.br\/sobre\/#organization","name":"Encontra Bom Retiro","description":"Not\u00edcias, eventos, informa\u00e7\u00f5es e dicas no bairro do Bom Retiro e regi\u00e3o.","url":"https:\/\/www.encontrabomretiro.com.br\/sobre\/"},{"@type":"Person","@id":"https:\/\/www.encontrabomretiro.com.br\/sobre\/author\/ebomretiro\/#author","url":"https:\/\/www.encontrabomretiro.com.br\/sobre\/author\/ebomretiro\/","name":"Encontra Bom Retiro","image":{"@type":"ImageObject","@id":"https:\/\/www.encontrabomretiro.com.br\/sobre\/mira-e-veja-acessibilidade-artistica\/#authorImage","url":"https:\/\/secure.gravatar.com\/avatar\/507340682b8270222e1f208e23198b6ae7e2c6a1033ae84e99bc6bce4f82a387?s=96&d=mm&r=g","width":96,"height":96,"caption":"Encontra Bom Retiro"}},{"@type":"WebPage","@id":"https:\/\/www.encontrabomretiro.com.br\/sobre\/mira-e-veja-acessibilidade-artistica\/#webpage","url":"https:\/\/www.encontrabomretiro.com.br\/sobre\/mira-e-veja-acessibilidade-artistica\/","name":"Mira e Veja: Acessibilidade art\u00edstica | Encontra Bom Retiro","description":"Mira e Veja \u00e9 uma experi\u00eancia \u00fanica de acessibilidade art\u00edstica no Sesc SP.","inLanguage":"pt-BR","isPartOf":{"@id":"https:\/\/www.encontrabomretiro.com.br\/sobre\/#website"},"breadcrumb":{"@id":"https:\/\/www.encontrabomretiro.com.br\/sobre\/mira-e-veja-acessibilidade-artistica\/#breadcrumblist"},"author":{"@id":"https:\/\/www.encontrabomretiro.com.br\/sobre\/author\/ebomretiro\/#author"},"creator":{"@id":"https:\/\/www.encontrabomretiro.com.br\/sobre\/author\/ebomretiro\/#author"},"image":{"@type":"ImageObject","url":"https:\/\/www.encontrabomretiro.com.br\/sobre\/wp-content\/uploads\/2026\/08\/mira-e-veja-acessibilidade-artistica.webp","@id":"https:\/\/www.encontrabomretiro.com.br\/sobre\/mira-e-veja-acessibilidade-artistica\/#mainImage","width":280,"height":280,"caption":"acessibilidade art\u00edstica"},"primaryImageOfPage":{"@id":"https:\/\/www.encontrabomretiro.com.br\/sobre\/mira-e-veja-acessibilidade-artistica\/#mainImage"},"datePublished":"2026-08-30T21:40:24-02:00","dateModified":"2026-08-30T21:40:24-02:00"},{"@type":"WebSite","@id":"https:\/\/www.encontrabomretiro.com.br\/sobre\/#website","url":"https:\/\/www.encontrabomretiro.com.br\/sobre\/","name":"Encontra Bom Retiro","description":"Not\u00edcias, eventos, informa\u00e7\u00f5es e dicas no bairro do Bom Retiro e regi\u00e3o.","inLanguage":"pt-BR","publisher":{"@id":"https:\/\/www.encontrabomretiro.com.br\/sobre\/#organization"}}]},"og:locale":"pt_BR","og:site_name":"Encontra Bom Retiro | Not\u00edcias, eventos, informa\u00e7\u00f5es e dicas no bairro do Bom Retiro e regi\u00e3o.","og:type":"article","og:title":"Mira e Veja: Acessibilidade art\u00edstica | Encontra Bom Retiro","og:description":"Mira e Veja \u00e9 uma experi\u00eancia \u00fanica de acessibilidade art\u00edstica no Sesc SP.","og:url":"https:\/\/www.encontrabomretiro.com.br\/sobre\/mira-e-veja-acessibilidade-artistica\/","article:published_time":"2026-08-30T23:40:24+00:00","article:modified_time":"2026-08-30T23:40:24+00:00","twitter:card":"summary_large_image","twitter:title":"Mira e Veja: Acessibilidade art\u00edstica | Encontra Bom Retiro","twitter:description":"Mira e Veja \u00e9 uma experi\u00eancia \u00fanica de acessibilidade art\u00edstica no Sesc SP."},"aioseo_meta_data":{"post_id":"3423","title":null,"description":null,"keywords":null,"keyphrases":null,"primary_term":null,"canonical_url":null,"og_title":null,"og_description":null,"og_object_type":"default","og_image_type":"default","og_image_url":null,"og_image_width":null,"og_image_height":null,"og_image_custom_url":null,"og_image_custom_fields":null,"og_video":null,"og_custom_url":null,"og_article_section":null,"og_article_tags":null,"twitter_use_og":false,"twitter_card":"default","twitter_image_type":"default","twitter_image_url":null,"twitter_image_custom_url":null,"twitter_image_custom_fields":null,"twitter_title":null,"twitter_description":null,"schema":{"blockGraphs":[],"customGraphs":[],"default":{"data":{"Article":[],"Course":[],"Dataset":[],"FAQPage":[],"Movie":[],"Person":[],"Product":[],"ProductReview":[],"Car":[],"Recipe":[],"Service":[],"SoftwareApplication":[],"WebPage":[]},"graphName":"Article","isEnabled":true},"graphs":[]},"schema_type":"default","schema_type_options":null,"pillar_content":false,"robots_default":true,"robots_noindex":false,"robots_noarchive":false,"robots_nosnippet":false,"robots_nofollow":false,"robots_noimageindex":false,"robots_noodp":false,"robots_notranslate":false,"robots_max_snippet":null,"robots_max_videopreview":null,"robots_max_imagepreview":"large","priority":null,"frequency":null,"local_seo":null,"breadcrumb_settings":null,"limit_modified_date":false,"ai":null,"created":"2026-08-30 23:40:24","updated":"2026-08-31 00:31:45","focus_keyword":null,"additional_keywords":null,"truseo_locale":null,"seo_analyzer_scan_date":null},"aioseo_breadcrumb":"<div class=\"aioseo-breadcrumbs\"><span class=\"aioseo-breadcrumb\">\n\t\t\t<a href=\"https:\/\/www.encontrabomretiro.com.br\/sobre\" title=\"Dom\u00e9stica\">Dom\u00e9stica<\/a>\n\t\t<\/span><span class=\"aioseo-breadcrumb-separator\">&raquo;<\/span><span class=\"aioseo-breadcrumb\">\n\t\t\t<a href=\"https:\/\/www.encontrabomretiro.com.br\/sobre\/cultura-no-bom-retiro\/\" title=\"Cultura Bom Retiro\">Cultura Bom Retiro<\/a>\n\t\t<\/span><span class=\"aioseo-breadcrumb-separator\">&raquo;<\/span><span class=\"aioseo-breadcrumb\">\n\t\t\tMira e Veja: Acessibilidade art\u00edstica\n\t\t<\/span><\/div>","aioseo_breadcrumb_json":[{"label":"Dom\u00e9stica","link":"https:\/\/www.encontrabomretiro.com.br\/sobre"},{"label":"Cultura Bom Retiro","link":"https:\/\/www.encontrabomretiro.com.br\/sobre\/cultura-no-bom-retiro\/"},{"label":"Mira e Veja: Acessibilidade art\u00edstica","link":"https:\/\/www.encontrabomretiro.com.br\/sobre\/mira-e-veja-acessibilidade-artistica\/"}],"_links":{"self":[{"href":"https:\/\/www.encontrabomretiro.com.br\/sobre\/wp-json\/wp\/v2\/posts\/3423","targetHints":{"allow":["GET"]}}],"collection":[{"href":"https:\/\/www.encontrabomretiro.com.br\/sobre\/wp-json\/wp\/v2\/posts"}],"about":[{"href":"https:\/\/www.encontrabomretiro.com.br\/sobre\/wp-json\/wp\/v2\/types\/post"}],"author":[{"embeddable":true,"href":"https:\/\/www.encontrabomretiro.com.br\/sobre\/wp-json\/wp\/v2\/users\/1"}],"replies":[{"embeddable":true,"href":"https:\/\/www.encontrabomretiro.com.br\/sobre\/wp-json\/wp\/v2\/comments?post=3423"}],"version-history":[{"count":0,"href":"https:\/\/www.encontrabomretiro.com.br\/sobre\/wp-json\/wp\/v2\/posts\/3423\/revisions"}],"wp:featuredmedia":[{"embeddable":true,"href":"https:\/\/www.encontrabomretiro.com.br\/sobre\/wp-json\/wp\/v2\/media\/3422"}],"wp:attachment":[{"href":"https:\/\/www.encontrabomretiro.com.br\/sobre\/wp-json\/wp\/v2\/media?parent=3423"}],"wp:term":[{"taxonomy":"category","embeddable":true,"href":"https:\/\/www.encontrabomretiro.com.br\/sobre\/wp-json\/wp\/v2\/categories?post=3423"},{"taxonomy":"post_tag","embeddable":true,"href":"https:\/\/www.encontrabomretiro.com.br\/sobre\/wp-json\/wp\/v2\/tags?post=3423"}],"curies":[{"name":"wp","href":"https:\/\/api.w.org\/{rel}","templated":true}]}}