{"id":3417,"date":"2026-08-30T21:37:31","date_gmt":"2026-08-30T23:37:31","guid":{"rendered":"https:\/\/www.encontrabomretiro.com.br\/sobre\/percursos-da-memoria-memorial-da-resistencia-no-olho-da-rua\/"},"modified":"2026-08-30T21:37:31","modified_gmt":"2026-08-30T23:37:31","slug":"percursos-da-memoria-memorial-da-resistencia-no-olho-da-rua","status":"publish","type":"post","link":"https:\/\/www.encontrabomretiro.com.br\/sobre\/percursos-da-memoria-memorial-da-resistencia-no-olho-da-rua\/","title":{"rendered":"Percursos da Mem\u00f3ria: Memorial da Resist\u00eancia No Olho da Rua"},"content":{"rendered":"<div class=\"228b65ae207de3c5c501cfe75875708b\" data-index=\"1\" style=\"float: none; margin:0px;\">\n<!-- Anuncio display - global -->\r\n<ins class=\"adsbygoogle\"\r\n     style=\"display:block\"\r\n     data-ad-client=\"ca-pub-8585364105181520\"\r\n     data-ad-slot=\"8789329856\"\r\n     data-ad-format=\"auto\"\r\n     data-full-width-responsive=\"true\"><\/ins>\r\n<script>\r\n     (adsbygoogle = window.adsbygoogle || []).push({});\r\n<\/script>\n<\/div>\n<h2>O que s\u00e3o os Percursos da Mem\u00f3ria?<\/h2>\n<p>Os <strong>Percursos da Mem\u00f3ria<\/strong> s\u00e3o uma s\u00e9rie de eventos e atividades que visam explorar e refletir sobre a hist\u00f3ria e as experi\u00eancias coletivas por meio de exposi\u00e7\u00f5es art\u00edsticas e culturais. Focados na reflex\u00e3o sobre o passado, essas iniciativas ajudam a resgatar mem\u00f3rias, promovendo um di\u00e1logo entre a hist\u00f3ria e os dias atuais. A mexida entre a arte e a an\u00e1lise cr\u00edtica \u00e9 um dos principais objetivos, proporcionando uma imers\u00e3o em contextos relevantes da sociedade.<\/p>\n<h2>A Exposi\u00e7\u00e3o &#8216;No Olho da Rua&#8217;<\/h2>\n<p>A exposi\u00e7\u00e3o <strong>&#8216;No Olho da Rua&#8217;<\/strong> traz uma cole\u00e7\u00e3o de fotografias capturadas por Sato do Brasil, um artista pl\u00e1stico que registrou a vida urbana em S\u00e3o Paulo entre os anos de 2015 e 2025. Os trabalhos apresentados s\u00e3o reflex\u00f5es visuais sobre a organiza\u00e7\u00e3o e o ativismo social, expondo como a cidade \u00e9 palco de lutas e conquistas coletivas. A mostra tem como objetivo incentivar o debate sobre a ocupa\u00e7\u00e3o e o uso dos espa\u00e7os urbanos pelos movimentos sociais, dando voz \u00e0s narrativas comuns e individuais que permeiam esses territ\u00f3rios.<\/p>\n<h2>Fotografias de Sato do Brasil<\/h2>\n<p>A obra fotogr\u00e1fica de Sato do Brasil se destaca pela capacidade de capturar momentos significativos da vida social e cultural. \u00c0 medida que o visitante se depara com suas imagens, ele \u00e9 convidado a refletir sobre a din\u00e2mica da ocupa\u00e7\u00e3o urbana e a resist\u00eancia presente nas diversas manifesta\u00e7\u00f5es sociais. As fotos n\u00e3o apenas documentam a realidade, mas tamb\u00e9m evocam emo\u00e7\u00f5es e questionamentos sobre a luta di\u00e1ria dos cidad\u00e3os por reconhecimento e direitos.<\/p>\n<p><img decoding=\"async\" src=\"https:\/\/www.encontrabomretiro.com.br\/sobre\/wp-content\/uploads\/2026\/08\/percursos-da-memoria-memorial-da-resistencia-no-olho-da-rua.webp\" alt=\"Percursos da Mem\u00f3ria\" loading=\"lazy\" \/><\/p>\n<h2>Como a Fotografia Constr\u00f3i Mem\u00f3rias<\/h2>\n<p>A fotografia \u00e9 uma ferramenta poderosa para a constru\u00e7\u00e3o de mem\u00f3rias. Por meio de uma imagem, podemos acessar experi\u00eancias e hist\u00f3rias que muitas vezes ficam \u00e0 margem das narrativas dominantes. Este tipo de documenta\u00e7\u00e3o visual ajuda a preservar e divulgar as mem\u00f3rias de comunidades e movimentos que talvez n\u00e3o tenham ampla visibilidade. Atrav\u00e9s das lentes dos fot\u00f3grafos, momentos de resist\u00eancia e coletividade tornam-se eternos, oferecendo aos espectadores uma perspectiva valiosa sobre a luta pela dignidade e direitos sociais.<\/p>\n<h2>Movimentos Sociais e Ocupa\u00e7\u00e3o Urbana<\/h2>\n<p>A explora\u00e7\u00e3o dos <strong>movimentos sociais<\/strong> e da <strong>ocupa\u00e7\u00e3o urbana<\/strong> na exposi\u00e7\u00e3o provoca reflex\u00f5es sobre as diferentes formas de organiza\u00e7\u00e3o coletiva. Estes movimentos frequentemente surgem em resposta a injusti\u00e7as sociais, buscando n\u00e3o apenas melhorar as condi\u00e7\u00f5es de vida, mas tamb\u00e9m desafiar estruturas de poder estabelecidas. A ocupa\u00e7\u00e3o de espa\u00e7os, sejam eles f\u00edsicos ou simb\u00f3licos, \u00e9 uma forma de resist\u00eancia que resulta em um di\u00e1logo entre os habitantes da cidade e seus direitos. As imagens capturadas por Sato, portanto, n\u00e3o s\u00e3o meras representa\u00e7\u00f5es; elas simbolizam a for\u00e7a e a resili\u00eancia dos grupos que lutam por uma autonomia e um espa\u00e7o a ser compartilhado.<\/p>\n<h2>Reflex\u00f5es sobre Participa\u00e7\u00e3o Pol\u00edtica<\/h2>\n<p>A participa\u00e7\u00e3o pol\u00edtica \u00e9 um tema central nas discuss\u00f5es que emergem a partir da exposi\u00e7\u00e3o <strong>&#8216;No Olho da Rua&#8217;<\/strong>. As fotografias servem como um chamado \u00e0 a\u00e7\u00e3o, incentivando n\u00e3o apenas a conscientiza\u00e7\u00e3o, mas tamb\u00e9m a participa\u00e7\u00e3o ativa na vida pol\u00edtica e social. Quando as pessoas se envolvem em seus contextos, elas podem moldar sua realidade e influenciar mudan\u00e7as. A exposi\u00e7\u00e3o convida os visitantes a refletirem sobre seu papel na sociedade e como suas a\u00e7\u00f5es individuais e coletivas podem impactar a realidade ao seu redor.<\/p>\n<h2>O Papel da M\u00eddia Independente<\/h2>\n<p>Al\u00e9m do foco na arte, a exposi\u00e7\u00e3o tamb\u00e9m evidencia a import\u00e2ncia da <strong>m\u00eddia independente<\/strong> na constru\u00e7\u00e3o de narrativas alternativas. Em tempos onde a informa\u00e7\u00e3o tradicional pode ser limitada ou distorcida, vozes independentes muitas vezes desempenham um papel crucial na divulga\u00e7\u00e3o de lutas comunit\u00e1rias e quest\u00f5es sociais. Esses ve\u00edculos proporcionam uma plataforma para as vozes que muitas vezes ficam invis\u00edveis, dando espa\u00e7o para o debate e a reflex\u00e3o cr\u00edtica sobre eventos sociais.<\/p>\n<h2>Visita ao Memorial da Resist\u00eancia<\/h2>\n<p>Os participantes dos Percursos da Mem\u00f3ria ter\u00e3o a oportunidade de visitar o <strong>Memorial da Resist\u00eancia<\/strong>, um espa\u00e7o que honra as pessoas que lutaram contra a opress\u00e3o e a injusti\u00e7a. A visita \u00e9 uma imers\u00e3o na hist\u00f3ria, onde fen\u00f4menos sociais e pol\u00edticos s\u00e3o discutidos em um ambiente reflexivo. Com media\u00e7\u00e3o de educadores, o p\u00fablico poder\u00e1 aprofundar a compreens\u00e3o sobre as lutas sociais, ampliando seu entendimento sobre o impacto hist\u00f3rico e atual dessas quest\u00f5es, tanto em n\u00edvel local quanto global.<\/p>\n<h2>Atividades e Eixos da Exposi\u00e7\u00e3o<\/h2>\n<p>A visita \u00e0 exposi\u00e7\u00e3o abrange diversos eixos tem\u00e1ticos, cada um focando em um aspecto particular do que foi discutido:<\/p>\n<ul>\n<li><strong>Encontrar:<\/strong> Este eixo aborda como as narrativas e as mem\u00f3rias s\u00e3o recuperadas atrav\u00e9s da arte e da documenta\u00e7\u00e3o.<\/li>\n<li><strong>Ocupar:<\/strong> Refere-se ao poder da ocupa\u00e7\u00e3o urbana como uma forma de reivindica\u00e7\u00e3o de direitos e visibilidade.<\/li>\n<li><strong>Intervir:<\/strong> Explora as maneiras pelas quais as pessoas podem tomar a\u00e7\u00f5es diretas em suas comunidades para promover mudan\u00e7as.<\/li>\n<li><strong>Conviver:<\/strong> Este eixo discute a import\u00e2ncia da conviv\u00eancia e do respeito m\u00fatuo nas diferentes formas de organiza\u00e7\u00e3o social.<\/li>\n<\/ul>\n<h2>Inscri\u00e7\u00f5es e Informa\u00e7\u00f5es Pr\u00e1ticas<\/h2>\n<p>As inscri\u00e7\u00f5es para a atividade s\u00e3o gratuitas e ser\u00e3o abertas em uma data definida, com o evento ocorrendo em:<\/p>\n<ul>\n<li><strong>Data:<\/strong> 12\/09<\/li>\n<li><strong>Hor\u00e1rio:<\/strong> 14h00<\/li>\n<\/ul>\n<p>Os participantes devem se reunir no Sesc Bom Retiro, de onde ser\u00e1 realizado o translado at\u00e9 o Memorial da Resist\u00eancia. Essa \u00e9 uma excelente oportunidade para se conectar com outros interessados por temas sociais e culturais, aproveitando um momento de aprendizado e reflex\u00e3o significativa sobre a hist\u00f3ria e as experi\u00eancias coletivas.<\/p>\n\n<div style=\"font-size: 0px; height: 0px; line-height: 0px; margin: 0; padding: 0; clear: both;\"><\/div>","protected":false},"excerpt":{"rendered":"<p>Percursos da Mem\u00f3ria \u00e9 uma exposi\u00e7\u00e3o que revela hist\u00f3ria e resist\u00eancia em SP.<\/p>\n","protected":false},"author":1,"featured_media":3416,"comment_status":"open","ping_status":"closed","sticky":false,"template":"","format":"standard","meta":{"footnotes":""},"categories":[17],"tags":[],"class_list":["post-3417","post","type-post","status-publish","format-standard","has-post-thumbnail","hentry","category-cultura-no-bom-retiro","has_thumb"],"aioseo_notices":[],"aioseo_head":"\n\t\t<!-- All in One SEO 5.0.0.1 - aioseo.com -->\n\t<meta name=\"description\" content=\"Percursos da Mem\u00f3ria \u00e9 uma exposi\u00e7\u00e3o que revela hist\u00f3ria e resist\u00eancia em SP.\" \/>\n\t<meta name=\"robots\" content=\"max-image-preview:large\" \/>\n\t<meta name=\"author\" content=\"Encontra Bom Retiro\"\/>\n\t<link rel=\"canonical\" href=\"https:\/\/www.encontrabomretiro.com.br\/sobre\/percursos-da-memoria-memorial-da-resistencia-no-olho-da-rua\/\" \/>\n\t<meta name=\"generator\" content=\"All in One SEO (AIOSEO) 5.0.0.1\" \/>\n\t\t<meta property=\"og:locale\" content=\"pt_BR\" \/>\n\t\t<meta property=\"og:site_name\" content=\"Encontra Bom Retiro | Not\u00edcias, eventos, informa\u00e7\u00f5es e dicas no bairro do Bom Retiro e regi\u00e3o.\" \/>\n\t\t<meta property=\"og:type\" content=\"article\" \/>\n\t\t<meta property=\"og:title\" content=\"Percursos da Mem\u00f3ria: Memorial da Resist\u00eancia No Olho da Rua | Encontra Bom Retiro\" \/>\n\t\t<meta property=\"og:description\" content=\"Percursos da Mem\u00f3ria \u00e9 uma exposi\u00e7\u00e3o que revela hist\u00f3ria e resist\u00eancia em SP.\" \/>\n\t\t<meta property=\"og:url\" content=\"https:\/\/www.encontrabomretiro.com.br\/sobre\/percursos-da-memoria-memorial-da-resistencia-no-olho-da-rua\/\" \/>\n\t\t<meta property=\"article:published_time\" content=\"2026-08-30T23:37:31+00:00\" \/>\n\t\t<meta property=\"article:modified_time\" content=\"2026-08-30T23:37:31+00:00\" \/>\n\t\t<meta name=\"twitter:card\" content=\"summary_large_image\" \/>\n\t\t<meta name=\"twitter:title\" content=\"Percursos da Mem\u00f3ria: Memorial da Resist\u00eancia No Olho da Rua | Encontra Bom Retiro\" \/>\n\t\t<meta name=\"twitter:description\" content=\"Percursos da Mem\u00f3ria \u00e9 uma exposi\u00e7\u00e3o que revela hist\u00f3ria e resist\u00eancia em SP.\" \/>\n\t\t<script type=\"application\/ld+json\" class=\"aioseo-schema\">\n\t\t\t{\"@context\":\"https:\\\/\\\/schema.org\",\"@graph\":[{\"@type\":\"Article\",\"@id\":\"https:\\\/\\\/www.encontrabomretiro.com.br\\\/sobre\\\/percursos-da-memoria-memorial-da-resistencia-no-olho-da-rua\\\/#article\",\"name\":\"Percursos da Mem\\u00f3ria: Memorial da Resist\\u00eancia No Olho da Rua | Encontra Bom Retiro\",\"headline\":\"Percursos da Mem\\u00f3ria: Memorial da Resist\\u00eancia No Olho da Rua\",\"author\":{\"@id\":\"https:\\\/\\\/www.encontrabomretiro.com.br\\\/sobre\\\/author\\\/ebomretiro\\\/#author\"},\"publisher\":{\"@id\":\"https:\\\/\\\/www.encontrabomretiro.com.br\\\/sobre\\\/#organization\"},\"image\":{\"@type\":\"ImageObject\",\"url\":\"https:\\\/\\\/www.encontrabomretiro.com.br\\\/sobre\\\/wp-content\\\/uploads\\\/2026\\\/08\\\/percursos-da-memoria-memorial-da-resistencia-no-olho-da-rua.webp\",\"width\":280,\"height\":280,\"caption\":\"Percursos da Mem\\u00f3ria\"},\"datePublished\":\"2026-08-30T21:37:31-02:00\",\"dateModified\":\"2026-08-30T21:37:31-02:00\",\"inLanguage\":\"pt-BR\",\"mainEntityOfPage\":{\"@id\":\"https:\\\/\\\/www.encontrabomretiro.com.br\\\/sobre\\\/percursos-da-memoria-memorial-da-resistencia-no-olho-da-rua\\\/#webpage\"},\"isPartOf\":{\"@id\":\"https:\\\/\\\/www.encontrabomretiro.com.br\\\/sobre\\\/percursos-da-memoria-memorial-da-resistencia-no-olho-da-rua\\\/#webpage\"},\"articleSection\":\"Cultura Bom Retiro\"},{\"@type\":\"BreadcrumbList\",\"@id\":\"https:\\\/\\\/www.encontrabomretiro.com.br\\\/sobre\\\/percursos-da-memoria-memorial-da-resistencia-no-olho-da-rua\\\/#breadcrumblist\",\"itemListElement\":[{\"@type\":\"ListItem\",\"@id\":\"https:\\\/\\\/www.encontrabomretiro.com.br\\\/sobre#listItem\",\"position\":1,\"name\":\"Dom\\u00e9stica\",\"item\":\"https:\\\/\\\/www.encontrabomretiro.com.br\\\/sobre\",\"nextItem\":{\"@type\":\"ListItem\",\"@id\":\"https:\\\/\\\/www.encontrabomretiro.com.br\\\/sobre\\\/cultura-no-bom-retiro\\\/#listItem\",\"name\":\"Cultura Bom Retiro\"}},{\"@type\":\"ListItem\",\"@id\":\"https:\\\/\\\/www.encontrabomretiro.com.br\\\/sobre\\\/cultura-no-bom-retiro\\\/#listItem\",\"position\":2,\"name\":\"Cultura Bom Retiro\",\"item\":\"https:\\\/\\\/www.encontrabomretiro.com.br\\\/sobre\\\/cultura-no-bom-retiro\\\/\",\"nextItem\":{\"@type\":\"ListItem\",\"@id\":\"https:\\\/\\\/www.encontrabomretiro.com.br\\\/sobre\\\/percursos-da-memoria-memorial-da-resistencia-no-olho-da-rua\\\/#listItem\",\"name\":\"Percursos da Mem\\u00f3ria: Memorial da Resist\\u00eancia No Olho da Rua\"},\"previousItem\":{\"@type\":\"ListItem\",\"@id\":\"https:\\\/\\\/www.encontrabomretiro.com.br\\\/sobre#listItem\",\"name\":\"Dom\\u00e9stica\"}},{\"@type\":\"ListItem\",\"@id\":\"https:\\\/\\\/www.encontrabomretiro.com.br\\\/sobre\\\/percursos-da-memoria-memorial-da-resistencia-no-olho-da-rua\\\/#listItem\",\"position\":3,\"name\":\"Percursos da Mem\\u00f3ria: Memorial da Resist\\u00eancia No Olho da Rua\",\"previousItem\":{\"@type\":\"ListItem\",\"@id\":\"https:\\\/\\\/www.encontrabomretiro.com.br\\\/sobre\\\/cultura-no-bom-retiro\\\/#listItem\",\"name\":\"Cultura Bom Retiro\"}}]},{\"@type\":\"Organization\",\"@id\":\"https:\\\/\\\/www.encontrabomretiro.com.br\\\/sobre\\\/#organization\",\"name\":\"Encontra Bom Retiro\",\"description\":\"Not\\u00edcias, eventos, informa\\u00e7\\u00f5es e dicas no bairro do Bom Retiro e regi\\u00e3o.\",\"url\":\"https:\\\/\\\/www.encontrabomretiro.com.br\\\/sobre\\\/\"},{\"@type\":\"Person\",\"@id\":\"https:\\\/\\\/www.encontrabomretiro.com.br\\\/sobre\\\/author\\\/ebomretiro\\\/#author\",\"url\":\"https:\\\/\\\/www.encontrabomretiro.com.br\\\/sobre\\\/author\\\/ebomretiro\\\/\",\"name\":\"Encontra Bom Retiro\",\"image\":{\"@type\":\"ImageObject\",\"@id\":\"https:\\\/\\\/www.encontrabomretiro.com.br\\\/sobre\\\/percursos-da-memoria-memorial-da-resistencia-no-olho-da-rua\\\/#authorImage\",\"url\":\"https:\\\/\\\/secure.gravatar.com\\\/avatar\\\/507340682b8270222e1f208e23198b6ae7e2c6a1033ae84e99bc6bce4f82a387?s=96&d=mm&r=g\",\"width\":96,\"height\":96,\"caption\":\"Encontra Bom Retiro\"}},{\"@type\":\"WebPage\",\"@id\":\"https:\\\/\\\/www.encontrabomretiro.com.br\\\/sobre\\\/percursos-da-memoria-memorial-da-resistencia-no-olho-da-rua\\\/#webpage\",\"url\":\"https:\\\/\\\/www.encontrabomretiro.com.br\\\/sobre\\\/percursos-da-memoria-memorial-da-resistencia-no-olho-da-rua\\\/\",\"name\":\"Percursos da Mem\\u00f3ria: Memorial da Resist\\u00eancia No Olho da Rua | Encontra Bom Retiro\",\"description\":\"Percursos da Mem\\u00f3ria \\u00e9 uma exposi\\u00e7\\u00e3o que revela hist\\u00f3ria e resist\\u00eancia em SP.\",\"inLanguage\":\"pt-BR\",\"isPartOf\":{\"@id\":\"https:\\\/\\\/www.encontrabomretiro.com.br\\\/sobre\\\/#website\"},\"breadcrumb\":{\"@id\":\"https:\\\/\\\/www.encontrabomretiro.com.br\\\/sobre\\\/percursos-da-memoria-memorial-da-resistencia-no-olho-da-rua\\\/#breadcrumblist\"},\"author\":{\"@id\":\"https:\\\/\\\/www.encontrabomretiro.com.br\\\/sobre\\\/author\\\/ebomretiro\\\/#author\"},\"creator\":{\"@id\":\"https:\\\/\\\/www.encontrabomretiro.com.br\\\/sobre\\\/author\\\/ebomretiro\\\/#author\"},\"image\":{\"@type\":\"ImageObject\",\"url\":\"https:\\\/\\\/www.encontrabomretiro.com.br\\\/sobre\\\/wp-content\\\/uploads\\\/2026\\\/08\\\/percursos-da-memoria-memorial-da-resistencia-no-olho-da-rua.webp\",\"@id\":\"https:\\\/\\\/www.encontrabomretiro.com.br\\\/sobre\\\/percursos-da-memoria-memorial-da-resistencia-no-olho-da-rua\\\/#mainImage\",\"width\":280,\"height\":280,\"caption\":\"Percursos da Mem\\u00f3ria\"},\"primaryImageOfPage\":{\"@id\":\"https:\\\/\\\/www.encontrabomretiro.com.br\\\/sobre\\\/percursos-da-memoria-memorial-da-resistencia-no-olho-da-rua\\\/#mainImage\"},\"datePublished\":\"2026-08-30T21:37:31-02:00\",\"dateModified\":\"2026-08-30T21:37:31-02:00\"},{\"@type\":\"WebSite\",\"@id\":\"https:\\\/\\\/www.encontrabomretiro.com.br\\\/sobre\\\/#website\",\"url\":\"https:\\\/\\\/www.encontrabomretiro.com.br\\\/sobre\\\/\",\"name\":\"Encontra Bom Retiro\",\"description\":\"Not\\u00edcias, eventos, informa\\u00e7\\u00f5es e dicas no bairro do Bom Retiro e regi\\u00e3o.\",\"inLanguage\":\"pt-BR\",\"publisher\":{\"@id\":\"https:\\\/\\\/www.encontrabomretiro.com.br\\\/sobre\\\/#organization\"}}]}\n\t\t<\/script>\n\t\t<!-- All in One SEO -->\n\n","aioseo_head_json":{"title":"Percursos da Mem\u00f3ria: Memorial da Resist\u00eancia No Olho da Rua | Encontra Bom Retiro","description":"Percursos da Mem\u00f3ria \u00e9 uma exposi\u00e7\u00e3o que revela hist\u00f3ria e resist\u00eancia em SP.","canonical_url":"https:\/\/www.encontrabomretiro.com.br\/sobre\/percursos-da-memoria-memorial-da-resistencia-no-olho-da-rua\/","robots":"max-image-preview:large","keywords":"","webmasterTools":{"miscellaneous":""},"schema":{"@context":"https:\/\/schema.org","@graph":[{"@type":"Article","@id":"https:\/\/www.encontrabomretiro.com.br\/sobre\/percursos-da-memoria-memorial-da-resistencia-no-olho-da-rua\/#article","name":"Percursos da Mem\u00f3ria: Memorial da Resist\u00eancia No Olho da Rua | Encontra Bom Retiro","headline":"Percursos da Mem\u00f3ria: Memorial da Resist\u00eancia No Olho da Rua","author":{"@id":"https:\/\/www.encontrabomretiro.com.br\/sobre\/author\/ebomretiro\/#author"},"publisher":{"@id":"https:\/\/www.encontrabomretiro.com.br\/sobre\/#organization"},"image":{"@type":"ImageObject","url":"https:\/\/www.encontrabomretiro.com.br\/sobre\/wp-content\/uploads\/2026\/08\/percursos-da-memoria-memorial-da-resistencia-no-olho-da-rua.webp","width":280,"height":280,"caption":"Percursos da Mem\u00f3ria"},"datePublished":"2026-08-30T21:37:31-02:00","dateModified":"2026-08-30T21:37:31-02:00","inLanguage":"pt-BR","mainEntityOfPage":{"@id":"https:\/\/www.encontrabomretiro.com.br\/sobre\/percursos-da-memoria-memorial-da-resistencia-no-olho-da-rua\/#webpage"},"isPartOf":{"@id":"https:\/\/www.encontrabomretiro.com.br\/sobre\/percursos-da-memoria-memorial-da-resistencia-no-olho-da-rua\/#webpage"},"articleSection":"Cultura Bom Retiro"},{"@type":"BreadcrumbList","@id":"https:\/\/www.encontrabomretiro.com.br\/sobre\/percursos-da-memoria-memorial-da-resistencia-no-olho-da-rua\/#breadcrumblist","itemListElement":[{"@type":"ListItem","@id":"https:\/\/www.encontrabomretiro.com.br\/sobre#listItem","position":1,"name":"Dom\u00e9stica","item":"https:\/\/www.encontrabomretiro.com.br\/sobre","nextItem":{"@type":"ListItem","@id":"https:\/\/www.encontrabomretiro.com.br\/sobre\/cultura-no-bom-retiro\/#listItem","name":"Cultura Bom Retiro"}},{"@type":"ListItem","@id":"https:\/\/www.encontrabomretiro.com.br\/sobre\/cultura-no-bom-retiro\/#listItem","position":2,"name":"Cultura Bom Retiro","item":"https:\/\/www.encontrabomretiro.com.br\/sobre\/cultura-no-bom-retiro\/","nextItem":{"@type":"ListItem","@id":"https:\/\/www.encontrabomretiro.com.br\/sobre\/percursos-da-memoria-memorial-da-resistencia-no-olho-da-rua\/#listItem","name":"Percursos da Mem\u00f3ria: Memorial da Resist\u00eancia No Olho da Rua"},"previousItem":{"@type":"ListItem","@id":"https:\/\/www.encontrabomretiro.com.br\/sobre#listItem","name":"Dom\u00e9stica"}},{"@type":"ListItem","@id":"https:\/\/www.encontrabomretiro.com.br\/sobre\/percursos-da-memoria-memorial-da-resistencia-no-olho-da-rua\/#listItem","position":3,"name":"Percursos da Mem\u00f3ria: Memorial da Resist\u00eancia No Olho da Rua","previousItem":{"@type":"ListItem","@id":"https:\/\/www.encontrabomretiro.com.br\/sobre\/cultura-no-bom-retiro\/#listItem","name":"Cultura Bom Retiro"}}]},{"@type":"Organization","@id":"https:\/\/www.encontrabomretiro.com.br\/sobre\/#organization","name":"Encontra Bom Retiro","description":"Not\u00edcias, eventos, informa\u00e7\u00f5es e dicas no bairro do Bom Retiro e regi\u00e3o.","url":"https:\/\/www.encontrabomretiro.com.br\/sobre\/"},{"@type":"Person","@id":"https:\/\/www.encontrabomretiro.com.br\/sobre\/author\/ebomretiro\/#author","url":"https:\/\/www.encontrabomretiro.com.br\/sobre\/author\/ebomretiro\/","name":"Encontra Bom Retiro","image":{"@type":"ImageObject","@id":"https:\/\/www.encontrabomretiro.com.br\/sobre\/percursos-da-memoria-memorial-da-resistencia-no-olho-da-rua\/#authorImage","url":"https:\/\/secure.gravatar.com\/avatar\/507340682b8270222e1f208e23198b6ae7e2c6a1033ae84e99bc6bce4f82a387?s=96&d=mm&r=g","width":96,"height":96,"caption":"Encontra Bom Retiro"}},{"@type":"WebPage","@id":"https:\/\/www.encontrabomretiro.com.br\/sobre\/percursos-da-memoria-memorial-da-resistencia-no-olho-da-rua\/#webpage","url":"https:\/\/www.encontrabomretiro.com.br\/sobre\/percursos-da-memoria-memorial-da-resistencia-no-olho-da-rua\/","name":"Percursos da Mem\u00f3ria: Memorial da Resist\u00eancia No Olho da Rua | Encontra Bom Retiro","description":"Percursos da Mem\u00f3ria \u00e9 uma exposi\u00e7\u00e3o que revela hist\u00f3ria e resist\u00eancia em SP.","inLanguage":"pt-BR","isPartOf":{"@id":"https:\/\/www.encontrabomretiro.com.br\/sobre\/#website"},"breadcrumb":{"@id":"https:\/\/www.encontrabomretiro.com.br\/sobre\/percursos-da-memoria-memorial-da-resistencia-no-olho-da-rua\/#breadcrumblist"},"author":{"@id":"https:\/\/www.encontrabomretiro.com.br\/sobre\/author\/ebomretiro\/#author"},"creator":{"@id":"https:\/\/www.encontrabomretiro.com.br\/sobre\/author\/ebomretiro\/#author"},"image":{"@type":"ImageObject","url":"https:\/\/www.encontrabomretiro.com.br\/sobre\/wp-content\/uploads\/2026\/08\/percursos-da-memoria-memorial-da-resistencia-no-olho-da-rua.webp","@id":"https:\/\/www.encontrabomretiro.com.br\/sobre\/percursos-da-memoria-memorial-da-resistencia-no-olho-da-rua\/#mainImage","width":280,"height":280,"caption":"Percursos da Mem\u00f3ria"},"primaryImageOfPage":{"@id":"https:\/\/www.encontrabomretiro.com.br\/sobre\/percursos-da-memoria-memorial-da-resistencia-no-olho-da-rua\/#mainImage"},"datePublished":"2026-08-30T21:37:31-02:00","dateModified":"2026-08-30T21:37:31-02:00"},{"@type":"WebSite","@id":"https:\/\/www.encontrabomretiro.com.br\/sobre\/#website","url":"https:\/\/www.encontrabomretiro.com.br\/sobre\/","name":"Encontra Bom Retiro","description":"Not\u00edcias, eventos, informa\u00e7\u00f5es e dicas no bairro do Bom Retiro e regi\u00e3o.","inLanguage":"pt-BR","publisher":{"@id":"https:\/\/www.encontrabomretiro.com.br\/sobre\/#organization"}}]},"og:locale":"pt_BR","og:site_name":"Encontra Bom Retiro | Not\u00edcias, eventos, informa\u00e7\u00f5es e dicas no bairro do Bom Retiro e regi\u00e3o.","og:type":"article","og:title":"Percursos da Mem\u00f3ria: Memorial da Resist\u00eancia No Olho da Rua | Encontra Bom Retiro","og:description":"Percursos da Mem\u00f3ria \u00e9 uma exposi\u00e7\u00e3o que revela hist\u00f3ria e resist\u00eancia em SP.","og:url":"https:\/\/www.encontrabomretiro.com.br\/sobre\/percursos-da-memoria-memorial-da-resistencia-no-olho-da-rua\/","article:published_time":"2026-08-30T23:37:31+00:00","article:modified_time":"2026-08-30T23:37:31+00:00","twitter:card":"summary_large_image","twitter:title":"Percursos da Mem\u00f3ria: Memorial da Resist\u00eancia No Olho da Rua | Encontra Bom Retiro","twitter:description":"Percursos da Mem\u00f3ria \u00e9 uma exposi\u00e7\u00e3o que revela hist\u00f3ria e resist\u00eancia em SP."},"aioseo_meta_data":{"post_id":"3417","title":null,"description":null,"keywords":null,"keyphrases":null,"primary_term":null,"canonical_url":null,"og_title":null,"og_description":null,"og_object_type":"default","og_image_type":"default","og_image_url":null,"og_image_width":null,"og_image_height":null,"og_image_custom_url":null,"og_image_custom_fields":null,"og_video":null,"og_custom_url":null,"og_article_section":null,"og_article_tags":null,"twitter_use_og":false,"twitter_card":"default","twitter_image_type":"default","twitter_image_url":null,"twitter_image_custom_url":null,"twitter_image_custom_fields":null,"twitter_title":null,"twitter_description":null,"schema":{"blockGraphs":[],"customGraphs":[],"default":{"data":{"Article":[],"Course":[],"Dataset":[],"FAQPage":[],"Movie":[],"Person":[],"Product":[],"ProductReview":[],"Car":[],"Recipe":[],"Service":[],"SoftwareApplication":[],"WebPage":[]},"graphName":"Article","isEnabled":true},"graphs":[]},"schema_type":"default","schema_type_options":null,"pillar_content":false,"robots_default":true,"robots_noindex":false,"robots_noarchive":false,"robots_nosnippet":false,"robots_nofollow":false,"robots_noimageindex":false,"robots_noodp":false,"robots_notranslate":false,"robots_max_snippet":null,"robots_max_videopreview":null,"robots_max_imagepreview":"large","priority":null,"frequency":null,"local_seo":null,"breadcrumb_settings":null,"limit_modified_date":false,"ai":null,"created":"2026-08-30 23:37:31","updated":"2026-08-31 00:29:53","focus_keyword":null,"additional_keywords":null,"truseo_locale":null,"seo_analyzer_scan_date":null},"aioseo_breadcrumb":"<div class=\"aioseo-breadcrumbs\"><span class=\"aioseo-breadcrumb\">\n\t\t\t<a href=\"https:\/\/www.encontrabomretiro.com.br\/sobre\" title=\"Dom\u00e9stica\">Dom\u00e9stica<\/a>\n\t\t<\/span><span class=\"aioseo-breadcrumb-separator\">&raquo;<\/span><span class=\"aioseo-breadcrumb\">\n\t\t\t<a href=\"https:\/\/www.encontrabomretiro.com.br\/sobre\/cultura-no-bom-retiro\/\" title=\"Cultura Bom Retiro\">Cultura Bom Retiro<\/a>\n\t\t<\/span><span class=\"aioseo-breadcrumb-separator\">&raquo;<\/span><span class=\"aioseo-breadcrumb\">\n\t\t\tPercursos da Mem\u00f3ria: Memorial da Resist\u00eancia No Olho da Rua\n\t\t<\/span><\/div>","aioseo_breadcrumb_json":[{"label":"Dom\u00e9stica","link":"https:\/\/www.encontrabomretiro.com.br\/sobre"},{"label":"Cultura Bom Retiro","link":"https:\/\/www.encontrabomretiro.com.br\/sobre\/cultura-no-bom-retiro\/"},{"label":"Percursos da Mem\u00f3ria: Memorial da Resist\u00eancia No Olho da Rua","link":"https:\/\/www.encontrabomretiro.com.br\/sobre\/percursos-da-memoria-memorial-da-resistencia-no-olho-da-rua\/"}],"_links":{"self":[{"href":"https:\/\/www.encontrabomretiro.com.br\/sobre\/wp-json\/wp\/v2\/posts\/3417","targetHints":{"allow":["GET"]}}],"collection":[{"href":"https:\/\/www.encontrabomretiro.com.br\/sobre\/wp-json\/wp\/v2\/posts"}],"about":[{"href":"https:\/\/www.encontrabomretiro.com.br\/sobre\/wp-json\/wp\/v2\/types\/post"}],"author":[{"embeddable":true,"href":"https:\/\/www.encontrabomretiro.com.br\/sobre\/wp-json\/wp\/v2\/users\/1"}],"replies":[{"embeddable":true,"href":"https:\/\/www.encontrabomretiro.com.br\/sobre\/wp-json\/wp\/v2\/comments?post=3417"}],"version-history":[{"count":0,"href":"https:\/\/www.encontrabomretiro.com.br\/sobre\/wp-json\/wp\/v2\/posts\/3417\/revisions"}],"wp:featuredmedia":[{"embeddable":true,"href":"https:\/\/www.encontrabomretiro.com.br\/sobre\/wp-json\/wp\/v2\/media\/3416"}],"wp:attachment":[{"href":"https:\/\/www.encontrabomretiro.com.br\/sobre\/wp-json\/wp\/v2\/media?parent=3417"}],"wp:term":[{"taxonomy":"category","embeddable":true,"href":"https:\/\/www.encontrabomretiro.com.br\/sobre\/wp-json\/wp\/v2\/categories?post=3417"},{"taxonomy":"post_tag","embeddable":true,"href":"https:\/\/www.encontrabomretiro.com.br\/sobre\/wp-json\/wp\/v2\/tags?post=3417"}],"curies":[{"name":"wp","href":"https:\/\/api.w.org\/{rel}","templated":true}]}}