{"id":3415,"date":"2026-08-30T05:03:29","date_gmt":"2026-08-30T07:03:29","guid":{"rendered":"https:\/\/www.encontrabomretiro.com.br\/sobre\/reuniao-com-a-vereadora-renata-falzoni-sobre-areas-verdes-e-calcadas\/"},"modified":"2026-08-30T05:03:29","modified_gmt":"2026-08-30T07:03:29","slug":"reuniao-com-a-vereadora-renata-falzoni-sobre-areas-verdes-e-calcadas","status":"publish","type":"post","link":"https:\/\/www.encontrabomretiro.com.br\/sobre\/reuniao-com-a-vereadora-renata-falzoni-sobre-areas-verdes-e-calcadas\/","title":{"rendered":"Reuni\u00e3o com a Vereadora Renata Falzoni sobre \u00c1reas Verdes e Cal\u00e7adas"},"content":{"rendered":"<div class=\"228b65ae207de3c5c501cfe75875708b\" data-index=\"1\" style=\"float: none; margin:0px;\">\n<!-- Anuncio display - global -->\r\n<ins class=\"adsbygoogle\"\r\n     style=\"display:block\"\r\n     data-ad-client=\"ca-pub-8585364105181520\"\r\n     data-ad-slot=\"8789329856\"\r\n     data-ad-format=\"auto\"\r\n     data-full-width-responsive=\"true\"><\/ins>\r\n<script>\r\n     (adsbygoogle = window.adsbygoogle || []).push({});\r\n<\/script>\n<\/div>\n<h2>O que s\u00e3o Vagas Verdes?<\/h2>\n<p>Vagas Verdes s\u00e3o espa\u00e7os que buscam criar \u00e1reas verdes em meio ao ambiente urbano, especialmente em regi\u00f5es densamente povoadas como o centro de S\u00e3o Paulo, mais precisamente nos bairros da S\u00e9 e Bom Retiro. Essas iniciativas s\u00e3o fundamentais para revitalizar a paisagem urbana, proporcionando maior qualidade de vida aos habitantes e visitantes, al\u00e9m de contribuir para a sustentabilidade da cidade. O objetivo das Vagas Verdes \u00e9 transformar locais que antes serviam para o estacionamento de ve\u00edculos em pra\u00e7as e \u00e1reas de lazer, promovendo o conv\u00edvio social e a intera\u00e7\u00e3o com a natureza.<\/p>\n<h2>Import\u00e2ncia das \u00c1reas Verdes em S\u00e3o Paulo<\/h2>\n<p>As \u00e1reas verdes desempenham um papel essencial nas cidades. Elas oferecem in\u00fameros benef\u00edcios, como:<\/p>\n<ul>\n<li><strong>Melhora da Qualidade do Ar:<\/strong> As plantas filtram poluentes do ar, tornando-o mais saud\u00e1vel.<\/li>\n<li><strong>Redu\u00e7\u00e3o do Calor Urbano:<\/strong> \u00c1reas cobertas de vegeta\u00e7\u00e3o ajudam a amenizar as altas temperaturas nas cidades.<\/li>\n<li><strong>Bem-estar Mental:<\/strong> Estar em contato com a natureza comprovadamente reduz o estresse e melhora a sa\u00fade mental.<\/li>\n<li><strong>Espa\u00e7o para Recrea\u00e7\u00e3o:<\/strong> Oferecem locais para lazer, pr\u00e1tica de esportes e eventos culturais.<\/li>\n<\/ul>\n<p>Dessa forma, as Vagas Verdes s\u00e3o uma resposta \u00e0 urg\u00eancia de reverter o quadro de urbaniza\u00e7\u00e3o excessiva, favorecendo a cria\u00e7\u00e3o de um ambiente mais humano e saud\u00e1vel.<\/p>\n<p><img decoding=\"async\" src=\"https:\/\/www.encontrabomretiro.com.br\/sobre\/wp-content\/uploads\/2026\/08\/reuniao-com-a-vereadora-renata-falzoni-sobre-areas-verdes-e-calcadas.webp\" alt=\"Reuni\u00e3o com a Vereadora Renata Falzoni\" loading=\"lazy\" \/><\/p>\n<h2>Desafios das Cal\u00e7adas na S\u00e9 e Bom Retiro<\/h2>\n<p>A situa\u00e7\u00e3o das cal\u00e7adas na regi\u00e3o da S\u00e9 e Bom Retiro \u00e9 preocupante, apresentando desafios que precisam ser enfrentados. Entre os principais problemas, destacam-se:<\/p>\n<ul>\n<li><strong>Desn\u00edveis e Buracos:<\/strong> As cal\u00e7adas muitas vezes t\u00eam irregularidades que dificultam a locomo\u00e7\u00e3o e podem causar acidentes.<\/li>\n<li><strong>Obstru\u00e7\u00f5es:<\/strong> Muitas cal\u00e7adas s\u00e3o ocupadas por objetos, como toldos ou mercadorias, reduzindo o espa\u00e7o dispon\u00edvel para pedestres.<\/li>\n<li><strong>Inacessibilidade:<\/strong> Pessoas com defici\u00eancia enfrentam grandes obst\u00e1culos devido \u00e0 falta de infraestrutura adequada.<\/li>\n<\/ul>\n<p>Esses desafios destacam a import\u00e2ncia de uma auditoria das cal\u00e7adas, visando identificar problemas e planejar melhorias que tornem esses espa\u00e7os mais seguros e acess\u00edveis para todos os cidad\u00e3os.<\/p>\n<h2>Parceria com o Google: O Que Esperar?<\/h2>\n<p>A parceria com o Google representa uma oportunidade valiosa para o aprimoramento das iniciativas nas regi\u00f5es da S\u00e9 e Bom Retiro. Com o apoio da tecnologia, espera-se:<\/p>\n<ul>\n<li><strong>Mapeamento de \u00c1reas:<\/strong> Utilizar ferramentas de geolocaliza\u00e7\u00e3o para identificar pontos cr\u00edticos e priorizar interven\u00e7\u00f5es.<\/li>\n<li><strong>Coleta de Dados:<\/strong> Analisar informa\u00e7\u00f5es sobre o uso do espa\u00e7o p\u00fablico e a mobilidade de pedestres, permitindo um planejamento mais eficiente.<\/li>\n<li><strong>Imers\u00e3o em Solu\u00e7\u00f5es Inovadoras:<\/strong> Implementar tecnologias que facilitem a comunica\u00e7\u00e3o entre a popula\u00e7\u00e3o e os \u00f3rg\u00e3os p\u00fablicos, promovendo a participa\u00e7\u00e3o cidad\u00e3.<\/li>\n<\/ul>\n<p>Tais medidas podem impulsionar a recupera\u00e7\u00e3o e revitaliza\u00e7\u00e3o das \u00e1reas urbanas, gerando um impacto positivo na qualidade de vida dos residentes.<\/p>\n<h2>Participantes da Reuni\u00e3o e Seus Pap\u00e9is<\/h2>\n<p>A reuni\u00e3o realizada no gabinete do Subprefeito contou com a presen\u00e7a de diversos atores importantes:<\/p>\n<ul>\n<li><strong>Renata Falzoni:<\/strong> Vereadora respons\u00e1vel pela promo\u00e7\u00e3o das Vagas Verdes;<\/li>\n<li><strong>Daniel Guth:<\/strong> Chefe de Gabinete, facilitando a comunica\u00e7\u00e3o entre os participantes;<\/li>\n<li><strong>Fl\u00e1vio Soares:<\/strong> Coordenador do N\u00facleo de Dados, trazendo insights sobre evid\u00eancias coletadas;<\/li>\n<li><strong>Pollyanna Silva:<\/strong> Coordenadora do N\u00facleo de Articula\u00e7\u00e3o Social, buscando integrar a comunidade nas a\u00e7\u00f5es;<\/li>\n<li><strong>Juliana Barrote Zapparolli:<\/strong> Supervis\u00e3o T\u00e9cnica de Projetos e Obras, atuando na implementa\u00e7\u00e3o pr\u00e1tica das solu\u00e7\u00f5es;<\/li>\n<li><strong>Marcus Vin\u00edcius Val\u00e9rio:<\/strong> Subprefeito da S\u00e9, garantindo que as iniciativas sejam apoiadas institucionalmente.<\/li>\n<\/ul>\n<p>Essa diversidade de participantes enriquece o debate e potencializa a elabora\u00e7\u00e3o de solu\u00e7\u00f5es efetivas para os desafios enfrentados.<\/p>\n<h2>Resultados da Auditoria de Cal\u00e7adas<\/h2>\n<p>A auditoria das cal\u00e7adas \u00e9 uma etapa essencial para entender a realidade local. Os resultados esperados incluem:<\/p>\n<ul>\n<li><strong>Identifica\u00e7\u00e3o de Problemas Estruturais:<\/strong> Mapeamento das \u00e1reas mais cr\u00edticas e que necessitam de interven\u00e7\u00e3o imediata;<\/li>\n<li><strong>Propostas de Melhora:<\/strong> Desenvolvimento de projetos que priorizem a acessibilidade e seguran\u00e7a;<\/li>\n<li><strong>Relato \u00e0 Comunidade:<\/strong> Compartilhar os achados e planos com os cidad\u00e3os, promovendo transpar\u00eancia e engajamento.<\/li>\n<\/ul>\n<p>Com dados concretos, ser\u00e1 poss\u00edvel justificar solicita\u00e7\u00f5es de recursos e direcionar esfor\u00e7os para \u00e1reas que mais necessitam de aten\u00e7\u00e3o.<\/p>\n<h2>Como a Comunidade Pode Contribuir?<\/h2>\n<p>A participa\u00e7\u00e3o da comunidade \u00e9 fundamental para o sucesso das iniciativas nas regi\u00f5es da S\u00e9 e Bom Retiro. Algumas formas de contribui\u00e7\u00e3o incluem:<\/p>\n<ul>\n<li><strong>Den\u00fancias e Sugest\u00f5es:<\/strong> Informar sobre problemas nas cal\u00e7adas e \u00e1reas verdes, contribuindo para o mapeamento de situa\u00e7\u00f5es que precisam de cuidado.<\/li>\n<li><strong>Participa\u00e7\u00e3o em Reuni\u00f5es:<\/strong> Envolver-se nas discuss\u00f5es promovidas pela subprefeitura e outras organiza\u00e7\u00f5es.<\/li>\n<li><strong>Voluntariado:<\/strong> Engajar-se em jornadas de plantio e manuten\u00e7\u00e3o de \u00e1reas verdes.<\/li>\n<\/ul>\n<p>O fortalecimento da rela\u00e7\u00e3o entre a popula\u00e7\u00e3o e as autoridades p\u00fablicas pode gerar um ambiente mais colaborativo e propenso a transforma\u00e7\u00f5es positivas.<\/p>\n<h2>Pr\u00f3ximos Passos para Implanta\u00e7\u00e3o das Mudan\u00e7as<\/h2>\n<p>Com base nas discuss\u00f5es e apontamentos feitos na reuni\u00e3o, os pr\u00f3ximos passos devem incluir:<\/p>\n<ul>\n<li><strong>Desenvolvimento do Plano de A\u00e7\u00e3o:<\/strong> Cria\u00e7\u00e3o de cronogramas e defini\u00e7\u00e3o de responsabilidades para a\u00e7\u00f5es a serem realizadas;<\/li>\n<li><strong>Capacita\u00e7\u00e3o de Equipes:<\/strong> Treinamento para os profissionais envolvidos na implementa\u00e7\u00e3o das melhorias nas cal\u00e7adas e Vagas Verdes;<\/li>\n<li><strong>Monitoramento e Avalia\u00e7\u00e3o:<\/strong> Estabelecer m\u00e9tricas para acompanhar o progresso das a\u00e7\u00f5es executadas.<\/li>\n<\/ul>\n<p>Essas etapas s\u00e3o fundamentais para assegurar que as transforma\u00e7\u00f5es se concretizem de forma eficaz e sustentada.<\/p>\n<h2>Impacto das Mudan\u00e7as nas Regi\u00f5es Abordadas<\/h2>\n<p>A implementa\u00e7\u00e3o das melhorias nas cal\u00e7adas e a cria\u00e7\u00e3o de Vagas Verdes t\u00eam o potencial de gerar impactos significativos, como:<\/p>\n<ul>\n<li><strong>Melhoria da Mobilidade:<\/strong> Cal\u00e7adas seguras e bem cuidadas promovem maior fluidez na circula\u00e7\u00e3o de pedestres;<\/li>\n<li><strong>Aumento do Conv\u00edvio Social:<\/strong> \u00c1reas verdes atraem atividades comunit\u00e1rias e promovem a socializa\u00e7\u00e3o;<\/li>\n<li><strong>Valoriza\u00e7\u00e3o Imobili\u00e1ria:<\/strong> A presen\u00e7a de espa\u00e7os p\u00fablicos adequados pode aumentar o valor das propriedades na regi\u00e3o.<\/li>\n<\/ul>\n<p>Assim, o esfor\u00e7o pela revitaliza\u00e7\u00e3o dessas \u00e1reas \u00e9 essencial para a constru\u00e7\u00e3o de uma cidade mais habitable e sustent\u00e1vel.<\/p>\n<h2>Links \u00dateis e Informa\u00e7\u00f5es Adicionais<\/h2>\n<p>Para aqueles que desejam aprofundar-se nos assuntos abordados, s\u00e3o recomendados:<\/p>\n<ul>\n<li><strong><a href=\"http:\/\/transparencia.prefeitura.sp.gov.br\/\">Transpar\u00eancia S\u00e3o Paulo<\/a><\/strong><\/li>\n<li><strong><a href=\"https:\/\/prefeitura.sp.gov.br\/web\/se\/l\/59874100\">Subprefeitura S\u00e9<\/a><\/strong><\/li>\n<li><strong><a href=\"https:\/\/www.capital.sp.gov.br\/secretarias\">Secretarias de S\u00e3o Paulo<\/a><\/strong><\/li>\n<\/ul>\n<p>A consulta a essas informa\u00e7\u00f5es pode auxiliar na forma\u00e7\u00e3o de uma vis\u00e3o cr\u00edtica e participativa em rela\u00e7\u00e3o ao meio urbano.<\/p>\n\n<div style=\"font-size: 0px; height: 0px; line-height: 0px; margin: 0; padding: 0; clear: both;\"><\/div>","protected":false},"excerpt":{"rendered":"<p>\u00c1reas verdes e cal\u00e7adas foram temas centrais da reuni\u00e3o com a vereadora Renata Falzoni.<\/p>\n","protected":false},"author":1,"featured_media":3414,"comment_status":"open","ping_status":"closed","sticky":false,"template":"","format":"standard","meta":{"footnotes":""},"categories":[17],"tags":[],"class_list":["post-3415","post","type-post","status-publish","format-standard","has-post-thumbnail","hentry","category-cultura-no-bom-retiro","has_thumb"],"aioseo_notices":[],"aioseo_head":"\n\t\t<!-- All in One SEO 5.0.0.1 - aioseo.com -->\n\t<meta name=\"description\" content=\"\u00c1reas verdes e cal\u00e7adas foram temas centrais da reuni\u00e3o com a vereadora Renata Falzoni.\" \/>\n\t<meta name=\"robots\" content=\"max-image-preview:large\" \/>\n\t<meta name=\"author\" content=\"Encontra Bom Retiro\"\/>\n\t<link rel=\"canonical\" href=\"https:\/\/www.encontrabomretiro.com.br\/sobre\/reuniao-com-a-vereadora-renata-falzoni-sobre-areas-verdes-e-calcadas\/\" \/>\n\t<meta name=\"generator\" content=\"All in One SEO (AIOSEO) 5.0.0.1\" \/>\n\t\t<meta property=\"og:locale\" content=\"pt_BR\" \/>\n\t\t<meta property=\"og:site_name\" content=\"Encontra Bom Retiro | Not\u00edcias, eventos, informa\u00e7\u00f5es e dicas no bairro do Bom Retiro e regi\u00e3o.\" \/>\n\t\t<meta property=\"og:type\" content=\"article\" \/>\n\t\t<meta property=\"og:title\" content=\"Reuni\u00e3o com a Vereadora Renata Falzoni sobre \u00c1reas Verdes e Cal\u00e7adas | Encontra Bom Retiro\" \/>\n\t\t<meta property=\"og:description\" content=\"\u00c1reas verdes e cal\u00e7adas foram temas centrais da reuni\u00e3o com a vereadora Renata Falzoni.\" \/>\n\t\t<meta property=\"og:url\" content=\"https:\/\/www.encontrabomretiro.com.br\/sobre\/reuniao-com-a-vereadora-renata-falzoni-sobre-areas-verdes-e-calcadas\/\" \/>\n\t\t<meta property=\"article:published_time\" content=\"2026-08-30T07:03:29+00:00\" \/>\n\t\t<meta property=\"article:modified_time\" content=\"2026-08-30T07:03:29+00:00\" \/>\n\t\t<meta name=\"twitter:card\" content=\"summary_large_image\" \/>\n\t\t<meta name=\"twitter:title\" content=\"Reuni\u00e3o com a Vereadora Renata Falzoni sobre \u00c1reas Verdes e Cal\u00e7adas | Encontra Bom Retiro\" \/>\n\t\t<meta name=\"twitter:description\" content=\"\u00c1reas verdes e cal\u00e7adas foram temas centrais da reuni\u00e3o com a vereadora Renata Falzoni.\" \/>\n\t\t<script type=\"application\/ld+json\" class=\"aioseo-schema\">\n\t\t\t{\"@context\":\"https:\\\/\\\/schema.org\",\"@graph\":[{\"@type\":\"Article\",\"@id\":\"https:\\\/\\\/www.encontrabomretiro.com.br\\\/sobre\\\/reuniao-com-a-vereadora-renata-falzoni-sobre-areas-verdes-e-calcadas\\\/#article\",\"name\":\"Reuni\\u00e3o com a Vereadora Renata Falzoni sobre \\u00c1reas Verdes e Cal\\u00e7adas | Encontra Bom Retiro\",\"headline\":\"Reuni\\u00e3o com a Vereadora Renata Falzoni sobre \\u00c1reas Verdes e Cal\\u00e7adas\",\"author\":{\"@id\":\"https:\\\/\\\/www.encontrabomretiro.com.br\\\/sobre\\\/author\\\/ebomretiro\\\/#author\"},\"publisher\":{\"@id\":\"https:\\\/\\\/www.encontrabomretiro.com.br\\\/sobre\\\/#organization\"},\"image\":{\"@type\":\"ImageObject\",\"url\":\"https:\\\/\\\/www.encontrabomretiro.com.br\\\/sobre\\\/wp-content\\\/uploads\\\/2026\\\/08\\\/reuniao-com-a-vereadora-renata-falzoni-sobre-areas-verdes-e-calcadas.webp\",\"width\":280,\"height\":280,\"caption\":\"Reuni\\u00e3o com a Vereadora Renata Falzoni\"},\"datePublished\":\"2026-08-30T05:03:29-02:00\",\"dateModified\":\"2026-08-30T05:03:29-02:00\",\"inLanguage\":\"pt-BR\",\"mainEntityOfPage\":{\"@id\":\"https:\\\/\\\/www.encontrabomretiro.com.br\\\/sobre\\\/reuniao-com-a-vereadora-renata-falzoni-sobre-areas-verdes-e-calcadas\\\/#webpage\"},\"isPartOf\":{\"@id\":\"https:\\\/\\\/www.encontrabomretiro.com.br\\\/sobre\\\/reuniao-com-a-vereadora-renata-falzoni-sobre-areas-verdes-e-calcadas\\\/#webpage\"},\"articleSection\":\"Cultura Bom Retiro\"},{\"@type\":\"BreadcrumbList\",\"@id\":\"https:\\\/\\\/www.encontrabomretiro.com.br\\\/sobre\\\/reuniao-com-a-vereadora-renata-falzoni-sobre-areas-verdes-e-calcadas\\\/#breadcrumblist\",\"itemListElement\":[{\"@type\":\"ListItem\",\"@id\":\"https:\\\/\\\/www.encontrabomretiro.com.br\\\/sobre#listItem\",\"position\":1,\"name\":\"Dom\\u00e9stica\",\"item\":\"https:\\\/\\\/www.encontrabomretiro.com.br\\\/sobre\",\"nextItem\":{\"@type\":\"ListItem\",\"@id\":\"https:\\\/\\\/www.encontrabomretiro.com.br\\\/sobre\\\/cultura-no-bom-retiro\\\/#listItem\",\"name\":\"Cultura Bom Retiro\"}},{\"@type\":\"ListItem\",\"@id\":\"https:\\\/\\\/www.encontrabomretiro.com.br\\\/sobre\\\/cultura-no-bom-retiro\\\/#listItem\",\"position\":2,\"name\":\"Cultura Bom Retiro\",\"item\":\"https:\\\/\\\/www.encontrabomretiro.com.br\\\/sobre\\\/cultura-no-bom-retiro\\\/\",\"nextItem\":{\"@type\":\"ListItem\",\"@id\":\"https:\\\/\\\/www.encontrabomretiro.com.br\\\/sobre\\\/reuniao-com-a-vereadora-renata-falzoni-sobre-areas-verdes-e-calcadas\\\/#listItem\",\"name\":\"Reuni\\u00e3o com a Vereadora Renata Falzoni sobre \\u00c1reas Verdes e Cal\\u00e7adas\"},\"previousItem\":{\"@type\":\"ListItem\",\"@id\":\"https:\\\/\\\/www.encontrabomretiro.com.br\\\/sobre#listItem\",\"name\":\"Dom\\u00e9stica\"}},{\"@type\":\"ListItem\",\"@id\":\"https:\\\/\\\/www.encontrabomretiro.com.br\\\/sobre\\\/reuniao-com-a-vereadora-renata-falzoni-sobre-areas-verdes-e-calcadas\\\/#listItem\",\"position\":3,\"name\":\"Reuni\\u00e3o com a Vereadora Renata Falzoni sobre \\u00c1reas Verdes e Cal\\u00e7adas\",\"previousItem\":{\"@type\":\"ListItem\",\"@id\":\"https:\\\/\\\/www.encontrabomretiro.com.br\\\/sobre\\\/cultura-no-bom-retiro\\\/#listItem\",\"name\":\"Cultura Bom Retiro\"}}]},{\"@type\":\"Organization\",\"@id\":\"https:\\\/\\\/www.encontrabomretiro.com.br\\\/sobre\\\/#organization\",\"name\":\"Encontra Bom Retiro\",\"description\":\"Not\\u00edcias, eventos, informa\\u00e7\\u00f5es e dicas no bairro do Bom Retiro e regi\\u00e3o.\",\"url\":\"https:\\\/\\\/www.encontrabomretiro.com.br\\\/sobre\\\/\"},{\"@type\":\"Person\",\"@id\":\"https:\\\/\\\/www.encontrabomretiro.com.br\\\/sobre\\\/author\\\/ebomretiro\\\/#author\",\"url\":\"https:\\\/\\\/www.encontrabomretiro.com.br\\\/sobre\\\/author\\\/ebomretiro\\\/\",\"name\":\"Encontra Bom Retiro\",\"image\":{\"@type\":\"ImageObject\",\"@id\":\"https:\\\/\\\/www.encontrabomretiro.com.br\\\/sobre\\\/reuniao-com-a-vereadora-renata-falzoni-sobre-areas-verdes-e-calcadas\\\/#authorImage\",\"url\":\"https:\\\/\\\/secure.gravatar.com\\\/avatar\\\/507340682b8270222e1f208e23198b6ae7e2c6a1033ae84e99bc6bce4f82a387?s=96&d=mm&r=g\",\"width\":96,\"height\":96,\"caption\":\"Encontra Bom Retiro\"}},{\"@type\":\"WebPage\",\"@id\":\"https:\\\/\\\/www.encontrabomretiro.com.br\\\/sobre\\\/reuniao-com-a-vereadora-renata-falzoni-sobre-areas-verdes-e-calcadas\\\/#webpage\",\"url\":\"https:\\\/\\\/www.encontrabomretiro.com.br\\\/sobre\\\/reuniao-com-a-vereadora-renata-falzoni-sobre-areas-verdes-e-calcadas\\\/\",\"name\":\"Reuni\\u00e3o com a Vereadora Renata Falzoni sobre \\u00c1reas Verdes e Cal\\u00e7adas | Encontra Bom Retiro\",\"description\":\"\\u00c1reas verdes e cal\\u00e7adas foram temas centrais da reuni\\u00e3o com a vereadora Renata Falzoni.\",\"inLanguage\":\"pt-BR\",\"isPartOf\":{\"@id\":\"https:\\\/\\\/www.encontrabomretiro.com.br\\\/sobre\\\/#website\"},\"breadcrumb\":{\"@id\":\"https:\\\/\\\/www.encontrabomretiro.com.br\\\/sobre\\\/reuniao-com-a-vereadora-renata-falzoni-sobre-areas-verdes-e-calcadas\\\/#breadcrumblist\"},\"author\":{\"@id\":\"https:\\\/\\\/www.encontrabomretiro.com.br\\\/sobre\\\/author\\\/ebomretiro\\\/#author\"},\"creator\":{\"@id\":\"https:\\\/\\\/www.encontrabomretiro.com.br\\\/sobre\\\/author\\\/ebomretiro\\\/#author\"},\"image\":{\"@type\":\"ImageObject\",\"url\":\"https:\\\/\\\/www.encontrabomretiro.com.br\\\/sobre\\\/wp-content\\\/uploads\\\/2026\\\/08\\\/reuniao-com-a-vereadora-renata-falzoni-sobre-areas-verdes-e-calcadas.webp\",\"@id\":\"https:\\\/\\\/www.encontrabomretiro.com.br\\\/sobre\\\/reuniao-com-a-vereadora-renata-falzoni-sobre-areas-verdes-e-calcadas\\\/#mainImage\",\"width\":280,\"height\":280,\"caption\":\"Reuni\\u00e3o com a Vereadora Renata Falzoni\"},\"primaryImageOfPage\":{\"@id\":\"https:\\\/\\\/www.encontrabomretiro.com.br\\\/sobre\\\/reuniao-com-a-vereadora-renata-falzoni-sobre-areas-verdes-e-calcadas\\\/#mainImage\"},\"datePublished\":\"2026-08-30T05:03:29-02:00\",\"dateModified\":\"2026-08-30T05:03:29-02:00\"},{\"@type\":\"WebSite\",\"@id\":\"https:\\\/\\\/www.encontrabomretiro.com.br\\\/sobre\\\/#website\",\"url\":\"https:\\\/\\\/www.encontrabomretiro.com.br\\\/sobre\\\/\",\"name\":\"Encontra Bom Retiro\",\"description\":\"Not\\u00edcias, eventos, informa\\u00e7\\u00f5es e dicas no bairro do Bom Retiro e regi\\u00e3o.\",\"inLanguage\":\"pt-BR\",\"publisher\":{\"@id\":\"https:\\\/\\\/www.encontrabomretiro.com.br\\\/sobre\\\/#organization\"}}]}\n\t\t<\/script>\n\t\t<!-- All in One SEO -->\n\n","aioseo_head_json":{"title":"Reuni\u00e3o com a Vereadora Renata Falzoni sobre \u00c1reas Verdes e Cal\u00e7adas | Encontra Bom Retiro","description":"\u00c1reas verdes e cal\u00e7adas foram temas centrais da reuni\u00e3o com a vereadora Renata Falzoni.","canonical_url":"https:\/\/www.encontrabomretiro.com.br\/sobre\/reuniao-com-a-vereadora-renata-falzoni-sobre-areas-verdes-e-calcadas\/","robots":"max-image-preview:large","keywords":"","webmasterTools":{"miscellaneous":""},"schema":{"@context":"https:\/\/schema.org","@graph":[{"@type":"Article","@id":"https:\/\/www.encontrabomretiro.com.br\/sobre\/reuniao-com-a-vereadora-renata-falzoni-sobre-areas-verdes-e-calcadas\/#article","name":"Reuni\u00e3o com a Vereadora Renata Falzoni sobre \u00c1reas Verdes e Cal\u00e7adas | Encontra Bom Retiro","headline":"Reuni\u00e3o com a Vereadora Renata Falzoni sobre \u00c1reas Verdes e Cal\u00e7adas","author":{"@id":"https:\/\/www.encontrabomretiro.com.br\/sobre\/author\/ebomretiro\/#author"},"publisher":{"@id":"https:\/\/www.encontrabomretiro.com.br\/sobre\/#organization"},"image":{"@type":"ImageObject","url":"https:\/\/www.encontrabomretiro.com.br\/sobre\/wp-content\/uploads\/2026\/08\/reuniao-com-a-vereadora-renata-falzoni-sobre-areas-verdes-e-calcadas.webp","width":280,"height":280,"caption":"Reuni\u00e3o com a Vereadora Renata Falzoni"},"datePublished":"2026-08-30T05:03:29-02:00","dateModified":"2026-08-30T05:03:29-02:00","inLanguage":"pt-BR","mainEntityOfPage":{"@id":"https:\/\/www.encontrabomretiro.com.br\/sobre\/reuniao-com-a-vereadora-renata-falzoni-sobre-areas-verdes-e-calcadas\/#webpage"},"isPartOf":{"@id":"https:\/\/www.encontrabomretiro.com.br\/sobre\/reuniao-com-a-vereadora-renata-falzoni-sobre-areas-verdes-e-calcadas\/#webpage"},"articleSection":"Cultura Bom Retiro"},{"@type":"BreadcrumbList","@id":"https:\/\/www.encontrabomretiro.com.br\/sobre\/reuniao-com-a-vereadora-renata-falzoni-sobre-areas-verdes-e-calcadas\/#breadcrumblist","itemListElement":[{"@type":"ListItem","@id":"https:\/\/www.encontrabomretiro.com.br\/sobre#listItem","position":1,"name":"Dom\u00e9stica","item":"https:\/\/www.encontrabomretiro.com.br\/sobre","nextItem":{"@type":"ListItem","@id":"https:\/\/www.encontrabomretiro.com.br\/sobre\/cultura-no-bom-retiro\/#listItem","name":"Cultura Bom Retiro"}},{"@type":"ListItem","@id":"https:\/\/www.encontrabomretiro.com.br\/sobre\/cultura-no-bom-retiro\/#listItem","position":2,"name":"Cultura Bom Retiro","item":"https:\/\/www.encontrabomretiro.com.br\/sobre\/cultura-no-bom-retiro\/","nextItem":{"@type":"ListItem","@id":"https:\/\/www.encontrabomretiro.com.br\/sobre\/reuniao-com-a-vereadora-renata-falzoni-sobre-areas-verdes-e-calcadas\/#listItem","name":"Reuni\u00e3o com a Vereadora Renata Falzoni sobre \u00c1reas Verdes e Cal\u00e7adas"},"previousItem":{"@type":"ListItem","@id":"https:\/\/www.encontrabomretiro.com.br\/sobre#listItem","name":"Dom\u00e9stica"}},{"@type":"ListItem","@id":"https:\/\/www.encontrabomretiro.com.br\/sobre\/reuniao-com-a-vereadora-renata-falzoni-sobre-areas-verdes-e-calcadas\/#listItem","position":3,"name":"Reuni\u00e3o com a Vereadora Renata Falzoni sobre \u00c1reas Verdes e Cal\u00e7adas","previousItem":{"@type":"ListItem","@id":"https:\/\/www.encontrabomretiro.com.br\/sobre\/cultura-no-bom-retiro\/#listItem","name":"Cultura Bom Retiro"}}]},{"@type":"Organization","@id":"https:\/\/www.encontrabomretiro.com.br\/sobre\/#organization","name":"Encontra Bom Retiro","description":"Not\u00edcias, eventos, informa\u00e7\u00f5es e dicas no bairro do Bom Retiro e regi\u00e3o.","url":"https:\/\/www.encontrabomretiro.com.br\/sobre\/"},{"@type":"Person","@id":"https:\/\/www.encontrabomretiro.com.br\/sobre\/author\/ebomretiro\/#author","url":"https:\/\/www.encontrabomretiro.com.br\/sobre\/author\/ebomretiro\/","name":"Encontra Bom Retiro","image":{"@type":"ImageObject","@id":"https:\/\/www.encontrabomretiro.com.br\/sobre\/reuniao-com-a-vereadora-renata-falzoni-sobre-areas-verdes-e-calcadas\/#authorImage","url":"https:\/\/secure.gravatar.com\/avatar\/507340682b8270222e1f208e23198b6ae7e2c6a1033ae84e99bc6bce4f82a387?s=96&d=mm&r=g","width":96,"height":96,"caption":"Encontra Bom Retiro"}},{"@type":"WebPage","@id":"https:\/\/www.encontrabomretiro.com.br\/sobre\/reuniao-com-a-vereadora-renata-falzoni-sobre-areas-verdes-e-calcadas\/#webpage","url":"https:\/\/www.encontrabomretiro.com.br\/sobre\/reuniao-com-a-vereadora-renata-falzoni-sobre-areas-verdes-e-calcadas\/","name":"Reuni\u00e3o com a Vereadora Renata Falzoni sobre \u00c1reas Verdes e Cal\u00e7adas | Encontra Bom Retiro","description":"\u00c1reas verdes e cal\u00e7adas foram temas centrais da reuni\u00e3o com a vereadora Renata Falzoni.","inLanguage":"pt-BR","isPartOf":{"@id":"https:\/\/www.encontrabomretiro.com.br\/sobre\/#website"},"breadcrumb":{"@id":"https:\/\/www.encontrabomretiro.com.br\/sobre\/reuniao-com-a-vereadora-renata-falzoni-sobre-areas-verdes-e-calcadas\/#breadcrumblist"},"author":{"@id":"https:\/\/www.encontrabomretiro.com.br\/sobre\/author\/ebomretiro\/#author"},"creator":{"@id":"https:\/\/www.encontrabomretiro.com.br\/sobre\/author\/ebomretiro\/#author"},"image":{"@type":"ImageObject","url":"https:\/\/www.encontrabomretiro.com.br\/sobre\/wp-content\/uploads\/2026\/08\/reuniao-com-a-vereadora-renata-falzoni-sobre-areas-verdes-e-calcadas.webp","@id":"https:\/\/www.encontrabomretiro.com.br\/sobre\/reuniao-com-a-vereadora-renata-falzoni-sobre-areas-verdes-e-calcadas\/#mainImage","width":280,"height":280,"caption":"Reuni\u00e3o com a Vereadora Renata Falzoni"},"primaryImageOfPage":{"@id":"https:\/\/www.encontrabomretiro.com.br\/sobre\/reuniao-com-a-vereadora-renata-falzoni-sobre-areas-verdes-e-calcadas\/#mainImage"},"datePublished":"2026-08-30T05:03:29-02:00","dateModified":"2026-08-30T05:03:29-02:00"},{"@type":"WebSite","@id":"https:\/\/www.encontrabomretiro.com.br\/sobre\/#website","url":"https:\/\/www.encontrabomretiro.com.br\/sobre\/","name":"Encontra Bom Retiro","description":"Not\u00edcias, eventos, informa\u00e7\u00f5es e dicas no bairro do Bom Retiro e regi\u00e3o.","inLanguage":"pt-BR","publisher":{"@id":"https:\/\/www.encontrabomretiro.com.br\/sobre\/#organization"}}]},"og:locale":"pt_BR","og:site_name":"Encontra Bom Retiro | Not\u00edcias, eventos, informa\u00e7\u00f5es e dicas no bairro do Bom Retiro e regi\u00e3o.","og:type":"article","og:title":"Reuni\u00e3o com a Vereadora Renata Falzoni sobre \u00c1reas Verdes e Cal\u00e7adas | Encontra Bom Retiro","og:description":"\u00c1reas verdes e cal\u00e7adas foram temas centrais da reuni\u00e3o com a vereadora Renata Falzoni.","og:url":"https:\/\/www.encontrabomretiro.com.br\/sobre\/reuniao-com-a-vereadora-renata-falzoni-sobre-areas-verdes-e-calcadas\/","article:published_time":"2026-08-30T07:03:29+00:00","article:modified_time":"2026-08-30T07:03:29+00:00","twitter:card":"summary_large_image","twitter:title":"Reuni\u00e3o com a Vereadora Renata Falzoni sobre \u00c1reas Verdes e Cal\u00e7adas | Encontra Bom Retiro","twitter:description":"\u00c1reas verdes e cal\u00e7adas foram temas centrais da reuni\u00e3o com a vereadora Renata Falzoni."},"aioseo_meta_data":{"post_id":"3415","title":null,"description":null,"keywords":null,"keyphrases":null,"primary_term":null,"canonical_url":null,"og_title":null,"og_description":null,"og_object_type":"default","og_image_type":"default","og_image_url":null,"og_image_width":null,"og_image_height":null,"og_image_custom_url":null,"og_image_custom_fields":null,"og_video":null,"og_custom_url":null,"og_article_section":null,"og_article_tags":null,"twitter_use_og":false,"twitter_card":"default","twitter_image_type":"default","twitter_image_url":null,"twitter_image_custom_url":null,"twitter_image_custom_fields":null,"twitter_title":null,"twitter_description":null,"schema":{"blockGraphs":[],"customGraphs":[],"default":{"data":{"Article":[],"Course":[],"Dataset":[],"FAQPage":[],"Movie":[],"Person":[],"Product":[],"ProductReview":[],"Car":[],"Recipe":[],"Service":[],"SoftwareApplication":[],"WebPage":[]},"graphName":"Article","isEnabled":true},"graphs":[]},"schema_type":"default","schema_type_options":null,"pillar_content":false,"robots_default":true,"robots_noindex":false,"robots_noarchive":false,"robots_nosnippet":false,"robots_nofollow":false,"robots_noimageindex":false,"robots_noodp":false,"robots_notranslate":false,"robots_max_snippet":null,"robots_max_videopreview":null,"robots_max_imagepreview":"large","priority":null,"frequency":null,"local_seo":null,"breadcrumb_settings":null,"limit_modified_date":false,"ai":null,"created":"2026-08-30 07:03:29","updated":"2026-08-30 07:45:37","focus_keyword":null,"additional_keywords":null,"truseo_locale":null,"seo_analyzer_scan_date":null},"aioseo_breadcrumb":"<div class=\"aioseo-breadcrumbs\"><span class=\"aioseo-breadcrumb\">\n\t\t\t<a href=\"https:\/\/www.encontrabomretiro.com.br\/sobre\" title=\"Dom\u00e9stica\">Dom\u00e9stica<\/a>\n\t\t<\/span><span class=\"aioseo-breadcrumb-separator\">&raquo;<\/span><span class=\"aioseo-breadcrumb\">\n\t\t\t<a href=\"https:\/\/www.encontrabomretiro.com.br\/sobre\/cultura-no-bom-retiro\/\" title=\"Cultura Bom Retiro\">Cultura Bom Retiro<\/a>\n\t\t<\/span><span class=\"aioseo-breadcrumb-separator\">&raquo;<\/span><span class=\"aioseo-breadcrumb\">\n\t\t\tReuni\u00e3o com a Vereadora Renata Falzoni sobre \u00c1reas Verdes e Cal\u00e7adas\n\t\t<\/span><\/div>","aioseo_breadcrumb_json":[{"label":"Dom\u00e9stica","link":"https:\/\/www.encontrabomretiro.com.br\/sobre"},{"label":"Cultura Bom Retiro","link":"https:\/\/www.encontrabomretiro.com.br\/sobre\/cultura-no-bom-retiro\/"},{"label":"Reuni\u00e3o com a Vereadora Renata Falzoni sobre \u00c1reas Verdes e Cal\u00e7adas","link":"https:\/\/www.encontrabomretiro.com.br\/sobre\/reuniao-com-a-vereadora-renata-falzoni-sobre-areas-verdes-e-calcadas\/"}],"_links":{"self":[{"href":"https:\/\/www.encontrabomretiro.com.br\/sobre\/wp-json\/wp\/v2\/posts\/3415","targetHints":{"allow":["GET"]}}],"collection":[{"href":"https:\/\/www.encontrabomretiro.com.br\/sobre\/wp-json\/wp\/v2\/posts"}],"about":[{"href":"https:\/\/www.encontrabomretiro.com.br\/sobre\/wp-json\/wp\/v2\/types\/post"}],"author":[{"embeddable":true,"href":"https:\/\/www.encontrabomretiro.com.br\/sobre\/wp-json\/wp\/v2\/users\/1"}],"replies":[{"embeddable":true,"href":"https:\/\/www.encontrabomretiro.com.br\/sobre\/wp-json\/wp\/v2\/comments?post=3415"}],"version-history":[{"count":0,"href":"https:\/\/www.encontrabomretiro.com.br\/sobre\/wp-json\/wp\/v2\/posts\/3415\/revisions"}],"wp:featuredmedia":[{"embeddable":true,"href":"https:\/\/www.encontrabomretiro.com.br\/sobre\/wp-json\/wp\/v2\/media\/3414"}],"wp:attachment":[{"href":"https:\/\/www.encontrabomretiro.com.br\/sobre\/wp-json\/wp\/v2\/media?parent=3415"}],"wp:term":[{"taxonomy":"category","embeddable":true,"href":"https:\/\/www.encontrabomretiro.com.br\/sobre\/wp-json\/wp\/v2\/categories?post=3415"},{"taxonomy":"post_tag","embeddable":true,"href":"https:\/\/www.encontrabomretiro.com.br\/sobre\/wp-json\/wp\/v2\/tags?post=3415"}],"curies":[{"name":"wp","href":"https:\/\/api.w.org\/{rel}","templated":true}]}}