{"id":3413,"date":"2026-08-30T05:02:31","date_gmt":"2026-08-30T07:02:31","guid":{"rendered":"https:\/\/www.encontrabomretiro.com.br\/sobre\/cortejo-afoxe-omi-aiye\/"},"modified":"2026-08-30T05:02:31","modified_gmt":"2026-08-30T07:02:31","slug":"cortejo-afoxe-omi-aiye","status":"publish","type":"post","link":"https:\/\/www.encontrabomretiro.com.br\/sobre\/cortejo-afoxe-omi-aiye\/","title":{"rendered":"Cortejo Afox\u00e9 Om\u00ed \u00c0iy\u00e9"},"content":{"rendered":"<div class=\"228b65ae207de3c5c501cfe75875708b\" data-index=\"1\" style=\"float: none; margin:0px;\">\n<!-- Anuncio display - global -->\r\n<ins class=\"adsbygoogle\"\r\n     style=\"display:block\"\r\n     data-ad-client=\"ca-pub-8585364105181520\"\r\n     data-ad-slot=\"8789329856\"\r\n     data-ad-format=\"auto\"\r\n     data-full-width-responsive=\"true\"><\/ins>\r\n<script>\r\n     (adsbygoogle = window.adsbygoogle || []).push({});\r\n<\/script>\n<\/div>\n<h2>A Hist\u00f3ria do Afox\u00e9 no Brasil<\/h2>\n<p>A manifesta\u00e7\u00e3o cultural do afox\u00e9 tem suas ra\u00edzes na religi\u00e3o e na cultura afro-brasileira, tendo se consolidado no Brasil a partir do s\u00e9culo XIX. Originalmente, o afox\u00e9 emergiu da tradi\u00e7\u00e3o dos rituais africanos, incorporando elementos da cultura popular brasileira e se transformando em uma ferramenta de resist\u00eancia e afirma\u00e7\u00e3o da identidade negra. Esse movimento cultural ganha for\u00e7a especialmente em festas e celebra\u00e7\u00f5es como o Carnaval, onde os ritmos, dan\u00e7as e trajes s\u00e3o express\u00f5es da heran\u00e7a africana.<\/p>\n<p>O afox\u00e9, em sua ess\u00eancia, representa uma forma de celebra\u00e7\u00e3o que busca honrar os orix\u00e1s e preservar as tradi\u00e7\u00f5es oriundas dos antepassados. Ao longo dos anos, a pr\u00e1tica se espalhou por diversas regi\u00f5es do Brasil, e movimentos como o Afox\u00e9 Om\u00ed \u00c0iy\u00e9 t\u00eam se destacado por sua busca cont\u00ednua na valoriza\u00e7\u00e3o da cultura negra e na promo\u00e7\u00e3o da inclus\u00e3o social.<\/p>\n<h2>O que \u00e9 o Afox\u00e9 Om\u00ed \u00c0iy\u00e9?<\/h2>\n<p>O Afox\u00e9 Om\u00ed \u00c0iy\u00e9 \u00e9 uma manifesta\u00e7\u00e3o cultural que se destaca por sua proposta de celebrar e divulgar as tradi\u00e7\u00f5es afro-brasileiras. Fundado em 2019, o grupo se dedica a promover eventos que trazem \u00e0 tona a riqueza da cultura negra, com foco particular na ancestralidade e nas express\u00f5es art\u00edsticas que a cercam. A express\u00e3o &#8216;Om\u00ed \u00c0iy\u00e9&#8217;, que em yorub\u00e1 significa &#8216;\u00c1guas da Terra&#8217;, simboliza a liga\u00e7\u00e3o do grupo com a espiritualidade e a natureza, refor\u00e7ando a import\u00e2ncia da \u00e1gua nas tradi\u00e7\u00f5es africanas e a relev\u00e2ncia dos orix\u00e1s vinculados a esse elemento.<\/p>\n<p><img decoding=\"async\" src=\"https:\/\/www.encontrabomretiro.com.br\/sobre\/wp-content\/uploads\/2026\/08\/cortejo-afoxe-omi-aiye.webp\" alt=\"Cortejo Afox\u00e9 Om\u00ed \u00c0iy\u00e9\" loading=\"lazy\" \/><\/p>\n<p>O Afox\u00e9 Om\u00ed \u00c0iy\u00e9 utiliza m\u00fasica, dan\u00e7a e elementos visuais para proporcionar uma experi\u00eancia imersiva que capta a ess\u00eancia da cultura afro-brasileira. Durante o cortejo, os participantes expressam alegria, f\u00e9 e conex\u00e3o com suas ra\u00edzes, seguindo em um desfile vibrante que atrai e envolve a comunidade.<\/p>\n<h2>Import\u00e2ncia da Ancestralidade Afro-brasileira<\/h2>\n<p>A ancestralidade afro-brasileira \u00e9 um pilar fundamental na constru\u00e7\u00e3o da identidade cultural do Brasil. A conex\u00e3o com o passado permite que as comunidades afrodescendentes reconhe\u00e7am suas origens, fortalecendo seus la\u00e7os e promovendo a valoriza\u00e7\u00e3o de suas hist\u00f3rias e tradi\u00e7\u00f5es. O resgate e a celebra\u00e7\u00e3o dessa heran\u00e7a s\u00e3o cruciais para a resist\u00eancia cultural em um contexto onde a diversidade, muitas vezes, \u00e9 marginalizada.<\/p>\n<p>Eventos como o cortejo Afox\u00e9 Om\u00ed \u00c0iy\u00e9 servem como lembretes do legado deixado pelos antepassados. Eles proporcionam uma plataforma para que as novas gera\u00e7\u00f5es possam se relacionar com suas ra\u00edzes, promovendo um senso de pertencimento e orgulho. A ancestralidade tamb\u00e9m traz \u00e0 tona discuss\u00f5es sobre a luta contra o racismo e a promo\u00e7\u00e3o da igualdade, refor\u00e7ando o papel das pr\u00e1ticas culturais na transforma\u00e7\u00e3o social.<\/p>\n<h2>O Festival Omod\u00e9 e sua Relev\u00e2ncia<\/h2>\n<p>O Festival Omod\u00e9, que inclui o cortejo do Afox\u00e9 Om\u00ed \u00c0iy\u00e9, \u00e9 uma importante iniciativa que visa celebrar a arte e a cultura negra, especialmente voltada para o p\u00fablico jovem. Este festival oferece uma variedade de atividades, como apresenta\u00e7\u00f5es art\u00edsticas, oficinas e debates, criando um espa\u00e7o onde a cultura afro-brasileira \u00e9 reconhecida e valorizada. O evento \u00e9 um ponto de encontro para artistas, estudantes e membros da comunidade, promovendo interc\u00e2mbios culturais que enriquecem a experi\u00eancia de todos os participantes.<\/p>\n<p>A realiza\u00e7\u00e3o do festival \u00e9 essencial para a promo\u00e7\u00e3o da diversidade cultural e para dar voz \u00e0s experi\u00eancias afrodescendentes. Al\u00e9m disso, o Omod\u00e9 serve como um campo de educa\u00e7\u00e3o e conscientiza\u00e7\u00e3o, onde quest\u00f5es como identidade, resist\u00eancia e direitos humanos podem ser discutidas abertamente.<\/p>\n<h2>O Impacto Cultural do Cortejo<\/h2>\n<p>O cortejo Afox\u00e9 Om\u00ed \u00c0iy\u00e9 tem um impacto significativo na cultura local, atuando como um meio de promo\u00e7\u00e3o e preserva\u00e7\u00e3o das tradi\u00e7\u00f5es afro-brasileiras. Ao realizar um desfile que circula pelos arredores do SESC, o evento n\u00e3o apenas promove o afox\u00e9, mas tamb\u00e9m cria uma experi\u00eancia inclusiva que envolve a comunidade em sua totalidade. <\/p>\n<p>Atrav\u00e9s da m\u00fasica e dan\u00e7a, o cortejo engaja espectadores, tornando-os parte da celebra\u00e7\u00e3o e permitindo que experimentem a riqueza da cultura afro de forma direta e participativa. Al\u00e9m disso, a realiza\u00e7\u00e3o dos cortejos nas ruas abre espa\u00e7o para di\u00e1logos sobre a import\u00e2ncia da cultura negra na sociedade contempor\u00e2nea.<\/p>\n<h2>Mem\u00f3ria e Ocupa\u00e7\u00e3o no Contexto da Cultura<\/h2>\n<p>O conceito de ocupa\u00e7\u00e3o cultural \u00e9 central para o entendimento do trabalho realizado pelo Afox\u00e9 Om\u00ed \u00c0iy\u00e9. O cortejo n\u00e3o \u00e9 apenas um evento festivo, mas uma afirma\u00e7\u00e3o de presen\u00e7a e resist\u00eancia em espa\u00e7os que historicamente foram negados \u00e0 popula\u00e7\u00e3o negra. A ocupa\u00e7\u00e3o das ruas e pra\u00e7as por meio da cultura \u00e9 um ato de reivindica\u00e7\u00e3o e pertencimento que reifica a identidade afro-brasileira em meio \u00e0s complexidades da sociedade.<\/p>\n<p>Al\u00e9m disso, a mem\u00f3ria compartilhada durante o cortejo traz \u00e0 tona hist\u00f3rias que devem ser lembradas e celebradas. Atrav\u00e9s da educa\u00e7\u00e3o e do reconhecimento, as novas gera\u00e7\u00f5es s\u00e3o introduzidas \u00e0s narrativas que moldaram as comunidades afro-brasileiras, permitindo que suas identidades sejam cultivadas e respeitadas.<\/p>\n<h2>Como Participar do Cortejo Om\u00ed \u00c0iy\u00e9<\/h2>\n<p>Participar do cortejo Afox\u00e9 Om\u00ed \u00c0iy\u00e9 \u00e9 uma oportunidade de se conectar com a cultura afro-brasileira e vivenciar uma rica experi\u00eancia comunit\u00e1ria. O evento est\u00e1 aberto a todos, independentemente de origem ou condi\u00e7\u00e3o. Para se juntar ao cortejo, os interessados podem acompanhar as informa\u00e7\u00f5es divulgadas nas redes sociais do grupo e no site do SESC, onde s\u00e3o anunciados os dias e hor\u00e1rios das atividades.<\/p>\n<p>Al\u00e9m disso, a participa\u00e7\u00e3o ativa \u00e9 encorajada, seja atrav\u00e9s da dan\u00e7a, da m\u00fasica, ou mesmo da colabora\u00e7\u00e3o como espectadores. A ideia \u00e9 criar um ambiente acolhedor, onde todos possam se sentir parte dessa celebra\u00e7\u00e3o cultural vibrante e significativa.<\/p>\n<h2>A M\u00fasica como Forma de Express\u00e3o<\/h2>\n<p>A m\u00fasica no Afox\u00e9 Om\u00ed \u00c0iy\u00e9 desempenha um papel cr\u00edtico como meio de express\u00e3o cultural e espiritual. Os ritmos e as can\u00e7\u00f5es s\u00e3o cuidadosamente selecionados para refletir o legado africano, incorporando elementos sonoros que dialogam com as tradi\u00e7\u00f5es de diversas etnias africanas e suas express\u00f5es contempor\u00e2neas no Brasil. A m\u00fasica n\u00e3o s\u00f3 anima o cortejo, mas tamb\u00e9m serve como um canal para transmitir hist\u00f3rias, valores e ensinamentos.<\/p>\n<p>As composi\u00e7\u00f5es costumam envolver letras que falam sobre a luta, a resist\u00eancia e as ra\u00edzes do povo negro, permitindo que participantes e ouvintes reflitam sobre suas pr\u00f3prias jornadas enquanto celebram sua cultura. Dessa forma, o afox\u00e9 se materializa n\u00e3o apenas como um ritmo contagiante, mas tamb\u00e9m como uma for\u00e7a que revigora a identidade coletiva e promove a autoafirma\u00e7\u00e3o.<\/p>\n<h2>O Papel das Inf\u00e2ncias Negras na Tradi\u00e7\u00e3o<\/h2>\n<p>Um aspecto fundamental do Afox\u00e9 Om\u00ed \u00c0iy\u00e9 \u00e9 seu foco nas inf\u00e2ncias negras, que desempenham um papel vital na perpetua\u00e7\u00e3o e manuten\u00e7\u00e3o das tradi\u00e7\u00f5es culturais. As crian\u00e7as s\u00e3o incentivadas a participar ativamente, aprendendo can\u00e7\u00f5es, dan\u00e7as e pr\u00e1ticas que s\u00e3o fundamentais para a cultura afro-brasileira. Esse engajamento proporciona um ambiente de aprendizado e desenvolvimento que refor\u00e7a a identidade cultural desde cedo.<\/p>\n<p>A inclusividade e a valoriza\u00e7\u00e3o das inf\u00e2ncias negras no cortejo criam um espa\u00e7o seguro onde as crian\u00e7as podem se expressar, se divertir e se educar sobre suas ra\u00edzes. Atrav\u00e9s do contato com a cultura, elas desenvolvem um senso de pertencimento e orgulho que \u00e9 crucial para seu crescimento emocional e social.<\/p>\n<h2>Ritmos e Dan\u00e7as: A Linguagem do Afox\u00e9<\/h2>\n<p>Os ritmos e dan\u00e7as que caracterizam o cortejo Afox\u00e9 Om\u00ed \u00c0iy\u00e9 s\u00e3o express\u00f5es vibrantes da cultura afro-brasileira. Cada movimento, cada batida dos tambores carrega a mem\u00f3ria e os ensinamentos dos antepassados, conectando os participantes a uma tradi\u00e7\u00e3o rica em hist\u00f3ria e significado. Diferentes dan\u00e7as s\u00e3o apresentadas, oferecendo uma vis\u00e3o diversificada dos estilos que comp\u00f5em a cultura afox\u00e9.<\/p>\n<p>Essas dan\u00e7as n\u00e3o s\u00e3o meramente perform\u00e1ticas; elas t\u00eam um papel funcional nas pr\u00e1ticas religiosas e sociais da comunidade afro-brasileira, simbolizando comunica\u00e7\u00e3o e interliga\u00e7\u00e3o com os orix\u00e1s. A dan\u00e7a \u00e9, portanto, uma forma de culto e rever\u00eancia, onde cada gesto \u00e9 um tributo \u00e0s tradi\u00e7\u00f5es africanas, celebrando a ancestralidade e a vida coletiva. Atrav\u00e9s do ritmo contagiante, o cortejo se torna um convite para todos se unirem nessa celebra\u00e7\u00e3o de cores, sons e viv\u00eancias.<\/p>\n\n<div style=\"font-size: 0px; height: 0px; line-height: 0px; margin: 0; padding: 0; clear: both;\"><\/div>","protected":false},"excerpt":{"rendered":"<p>Cortejo Afox\u00e9 Om\u00ed \u00c0iy\u00e9 traz \u00e0 vida a rica cultura afro-brasileira.<\/p>\n","protected":false},"author":1,"featured_media":3412,"comment_status":"open","ping_status":"closed","sticky":false,"template":"","format":"standard","meta":{"footnotes":""},"categories":[17],"tags":[],"class_list":["post-3413","post","type-post","status-publish","format-standard","has-post-thumbnail","hentry","category-cultura-no-bom-retiro","has_thumb"],"aioseo_notices":[],"aioseo_head":"\n\t\t<!-- All in One SEO 5.0.0.1 - aioseo.com -->\n\t<meta name=\"description\" content=\"Cortejo Afox\u00e9 Om\u00ed \u00c0iy\u00e9 traz \u00e0 vida a rica cultura afro-brasileira.\" \/>\n\t<meta name=\"robots\" content=\"max-image-preview:large\" \/>\n\t<meta name=\"author\" content=\"Encontra Bom Retiro\"\/>\n\t<link rel=\"canonical\" href=\"https:\/\/www.encontrabomretiro.com.br\/sobre\/cortejo-afoxe-omi-aiye\/\" \/>\n\t<meta name=\"generator\" content=\"All in One SEO (AIOSEO) 5.0.0.1\" \/>\n\t\t<meta property=\"og:locale\" content=\"pt_BR\" \/>\n\t\t<meta property=\"og:site_name\" content=\"Encontra Bom Retiro | Not\u00edcias, eventos, informa\u00e7\u00f5es e dicas no bairro do Bom Retiro e regi\u00e3o.\" \/>\n\t\t<meta property=\"og:type\" content=\"article\" \/>\n\t\t<meta property=\"og:title\" content=\"Cortejo Afox\u00e9 Om\u00ed \u00c0iy\u00e9 | Encontra Bom Retiro\" \/>\n\t\t<meta property=\"og:description\" content=\"Cortejo Afox\u00e9 Om\u00ed \u00c0iy\u00e9 traz \u00e0 vida a rica cultura afro-brasileira.\" \/>\n\t\t<meta property=\"og:url\" content=\"https:\/\/www.encontrabomretiro.com.br\/sobre\/cortejo-afoxe-omi-aiye\/\" \/>\n\t\t<meta property=\"article:published_time\" content=\"2026-08-30T07:02:31+00:00\" \/>\n\t\t<meta property=\"article:modified_time\" content=\"2026-08-30T07:02:31+00:00\" \/>\n\t\t<meta name=\"twitter:card\" content=\"summary_large_image\" \/>\n\t\t<meta name=\"twitter:title\" content=\"Cortejo Afox\u00e9 Om\u00ed \u00c0iy\u00e9 | Encontra Bom Retiro\" \/>\n\t\t<meta name=\"twitter:description\" content=\"Cortejo Afox\u00e9 Om\u00ed \u00c0iy\u00e9 traz \u00e0 vida a rica cultura afro-brasileira.\" \/>\n\t\t<script type=\"application\/ld+json\" class=\"aioseo-schema\">\n\t\t\t{\"@context\":\"https:\\\/\\\/schema.org\",\"@graph\":[{\"@type\":\"Article\",\"@id\":\"https:\\\/\\\/www.encontrabomretiro.com.br\\\/sobre\\\/cortejo-afoxe-omi-aiye\\\/#article\",\"name\":\"Cortejo Afox\\u00e9 Om\\u00ed \\u00c0iy\\u00e9 | Encontra Bom Retiro\",\"headline\":\"Cortejo Afox\\u00e9 Om\\u00ed \\u00c0iy\\u00e9\",\"author\":{\"@id\":\"https:\\\/\\\/www.encontrabomretiro.com.br\\\/sobre\\\/author\\\/ebomretiro\\\/#author\"},\"publisher\":{\"@id\":\"https:\\\/\\\/www.encontrabomretiro.com.br\\\/sobre\\\/#organization\"},\"image\":{\"@type\":\"ImageObject\",\"url\":\"https:\\\/\\\/www.encontrabomretiro.com.br\\\/sobre\\\/wp-content\\\/uploads\\\/2026\\\/08\\\/cortejo-afoxe-omi-aiye.webp\",\"width\":280,\"height\":280,\"caption\":\"Cortejo Afox\\u00e9 Om\\u00ed \\u00c0iy\\u00e9\"},\"datePublished\":\"2026-08-30T05:02:31-02:00\",\"dateModified\":\"2026-08-30T05:02:31-02:00\",\"inLanguage\":\"pt-BR\",\"mainEntityOfPage\":{\"@id\":\"https:\\\/\\\/www.encontrabomretiro.com.br\\\/sobre\\\/cortejo-afoxe-omi-aiye\\\/#webpage\"},\"isPartOf\":{\"@id\":\"https:\\\/\\\/www.encontrabomretiro.com.br\\\/sobre\\\/cortejo-afoxe-omi-aiye\\\/#webpage\"},\"articleSection\":\"Cultura Bom Retiro\"},{\"@type\":\"BreadcrumbList\",\"@id\":\"https:\\\/\\\/www.encontrabomretiro.com.br\\\/sobre\\\/cortejo-afoxe-omi-aiye\\\/#breadcrumblist\",\"itemListElement\":[{\"@type\":\"ListItem\",\"@id\":\"https:\\\/\\\/www.encontrabomretiro.com.br\\\/sobre#listItem\",\"position\":1,\"name\":\"Dom\\u00e9stica\",\"item\":\"https:\\\/\\\/www.encontrabomretiro.com.br\\\/sobre\",\"nextItem\":{\"@type\":\"ListItem\",\"@id\":\"https:\\\/\\\/www.encontrabomretiro.com.br\\\/sobre\\\/cultura-no-bom-retiro\\\/#listItem\",\"name\":\"Cultura Bom Retiro\"}},{\"@type\":\"ListItem\",\"@id\":\"https:\\\/\\\/www.encontrabomretiro.com.br\\\/sobre\\\/cultura-no-bom-retiro\\\/#listItem\",\"position\":2,\"name\":\"Cultura Bom Retiro\",\"item\":\"https:\\\/\\\/www.encontrabomretiro.com.br\\\/sobre\\\/cultura-no-bom-retiro\\\/\",\"nextItem\":{\"@type\":\"ListItem\",\"@id\":\"https:\\\/\\\/www.encontrabomretiro.com.br\\\/sobre\\\/cortejo-afoxe-omi-aiye\\\/#listItem\",\"name\":\"Cortejo Afox\\u00e9 Om\\u00ed \\u00c0iy\\u00e9\"},\"previousItem\":{\"@type\":\"ListItem\",\"@id\":\"https:\\\/\\\/www.encontrabomretiro.com.br\\\/sobre#listItem\",\"name\":\"Dom\\u00e9stica\"}},{\"@type\":\"ListItem\",\"@id\":\"https:\\\/\\\/www.encontrabomretiro.com.br\\\/sobre\\\/cortejo-afoxe-omi-aiye\\\/#listItem\",\"position\":3,\"name\":\"Cortejo Afox\\u00e9 Om\\u00ed \\u00c0iy\\u00e9\",\"previousItem\":{\"@type\":\"ListItem\",\"@id\":\"https:\\\/\\\/www.encontrabomretiro.com.br\\\/sobre\\\/cultura-no-bom-retiro\\\/#listItem\",\"name\":\"Cultura Bom Retiro\"}}]},{\"@type\":\"Organization\",\"@id\":\"https:\\\/\\\/www.encontrabomretiro.com.br\\\/sobre\\\/#organization\",\"name\":\"Encontra Bom Retiro\",\"description\":\"Not\\u00edcias, eventos, informa\\u00e7\\u00f5es e dicas no bairro do Bom Retiro e regi\\u00e3o.\",\"url\":\"https:\\\/\\\/www.encontrabomretiro.com.br\\\/sobre\\\/\"},{\"@type\":\"Person\",\"@id\":\"https:\\\/\\\/www.encontrabomretiro.com.br\\\/sobre\\\/author\\\/ebomretiro\\\/#author\",\"url\":\"https:\\\/\\\/www.encontrabomretiro.com.br\\\/sobre\\\/author\\\/ebomretiro\\\/\",\"name\":\"Encontra Bom Retiro\",\"image\":{\"@type\":\"ImageObject\",\"@id\":\"https:\\\/\\\/www.encontrabomretiro.com.br\\\/sobre\\\/cortejo-afoxe-omi-aiye\\\/#authorImage\",\"url\":\"https:\\\/\\\/secure.gravatar.com\\\/avatar\\\/507340682b8270222e1f208e23198b6ae7e2c6a1033ae84e99bc6bce4f82a387?s=96&d=mm&r=g\",\"width\":96,\"height\":96,\"caption\":\"Encontra Bom Retiro\"}},{\"@type\":\"WebPage\",\"@id\":\"https:\\\/\\\/www.encontrabomretiro.com.br\\\/sobre\\\/cortejo-afoxe-omi-aiye\\\/#webpage\",\"url\":\"https:\\\/\\\/www.encontrabomretiro.com.br\\\/sobre\\\/cortejo-afoxe-omi-aiye\\\/\",\"name\":\"Cortejo Afox\\u00e9 Om\\u00ed \\u00c0iy\\u00e9 | Encontra Bom Retiro\",\"description\":\"Cortejo Afox\\u00e9 Om\\u00ed \\u00c0iy\\u00e9 traz \\u00e0 vida a rica cultura afro-brasileira.\",\"inLanguage\":\"pt-BR\",\"isPartOf\":{\"@id\":\"https:\\\/\\\/www.encontrabomretiro.com.br\\\/sobre\\\/#website\"},\"breadcrumb\":{\"@id\":\"https:\\\/\\\/www.encontrabomretiro.com.br\\\/sobre\\\/cortejo-afoxe-omi-aiye\\\/#breadcrumblist\"},\"author\":{\"@id\":\"https:\\\/\\\/www.encontrabomretiro.com.br\\\/sobre\\\/author\\\/ebomretiro\\\/#author\"},\"creator\":{\"@id\":\"https:\\\/\\\/www.encontrabomretiro.com.br\\\/sobre\\\/author\\\/ebomretiro\\\/#author\"},\"image\":{\"@type\":\"ImageObject\",\"url\":\"https:\\\/\\\/www.encontrabomretiro.com.br\\\/sobre\\\/wp-content\\\/uploads\\\/2026\\\/08\\\/cortejo-afoxe-omi-aiye.webp\",\"@id\":\"https:\\\/\\\/www.encontrabomretiro.com.br\\\/sobre\\\/cortejo-afoxe-omi-aiye\\\/#mainImage\",\"width\":280,\"height\":280,\"caption\":\"Cortejo Afox\\u00e9 Om\\u00ed \\u00c0iy\\u00e9\"},\"primaryImageOfPage\":{\"@id\":\"https:\\\/\\\/www.encontrabomretiro.com.br\\\/sobre\\\/cortejo-afoxe-omi-aiye\\\/#mainImage\"},\"datePublished\":\"2026-08-30T05:02:31-02:00\",\"dateModified\":\"2026-08-30T05:02:31-02:00\"},{\"@type\":\"WebSite\",\"@id\":\"https:\\\/\\\/www.encontrabomretiro.com.br\\\/sobre\\\/#website\",\"url\":\"https:\\\/\\\/www.encontrabomretiro.com.br\\\/sobre\\\/\",\"name\":\"Encontra Bom Retiro\",\"description\":\"Not\\u00edcias, eventos, informa\\u00e7\\u00f5es e dicas no bairro do Bom Retiro e regi\\u00e3o.\",\"inLanguage\":\"pt-BR\",\"publisher\":{\"@id\":\"https:\\\/\\\/www.encontrabomretiro.com.br\\\/sobre\\\/#organization\"}}]}\n\t\t<\/script>\n\t\t<!-- All in One SEO -->\n\n","aioseo_head_json":{"title":"Cortejo Afox\u00e9 Om\u00ed \u00c0iy\u00e9 | Encontra Bom Retiro","description":"Cortejo Afox\u00e9 Om\u00ed \u00c0iy\u00e9 traz \u00e0 vida a rica cultura afro-brasileira.","canonical_url":"https:\/\/www.encontrabomretiro.com.br\/sobre\/cortejo-afoxe-omi-aiye\/","robots":"max-image-preview:large","keywords":"","webmasterTools":{"miscellaneous":""},"schema":{"@context":"https:\/\/schema.org","@graph":[{"@type":"Article","@id":"https:\/\/www.encontrabomretiro.com.br\/sobre\/cortejo-afoxe-omi-aiye\/#article","name":"Cortejo Afox\u00e9 Om\u00ed \u00c0iy\u00e9 | Encontra Bom Retiro","headline":"Cortejo Afox\u00e9 Om\u00ed \u00c0iy\u00e9","author":{"@id":"https:\/\/www.encontrabomretiro.com.br\/sobre\/author\/ebomretiro\/#author"},"publisher":{"@id":"https:\/\/www.encontrabomretiro.com.br\/sobre\/#organization"},"image":{"@type":"ImageObject","url":"https:\/\/www.encontrabomretiro.com.br\/sobre\/wp-content\/uploads\/2026\/08\/cortejo-afoxe-omi-aiye.webp","width":280,"height":280,"caption":"Cortejo Afox\u00e9 Om\u00ed \u00c0iy\u00e9"},"datePublished":"2026-08-30T05:02:31-02:00","dateModified":"2026-08-30T05:02:31-02:00","inLanguage":"pt-BR","mainEntityOfPage":{"@id":"https:\/\/www.encontrabomretiro.com.br\/sobre\/cortejo-afoxe-omi-aiye\/#webpage"},"isPartOf":{"@id":"https:\/\/www.encontrabomretiro.com.br\/sobre\/cortejo-afoxe-omi-aiye\/#webpage"},"articleSection":"Cultura Bom Retiro"},{"@type":"BreadcrumbList","@id":"https:\/\/www.encontrabomretiro.com.br\/sobre\/cortejo-afoxe-omi-aiye\/#breadcrumblist","itemListElement":[{"@type":"ListItem","@id":"https:\/\/www.encontrabomretiro.com.br\/sobre#listItem","position":1,"name":"Dom\u00e9stica","item":"https:\/\/www.encontrabomretiro.com.br\/sobre","nextItem":{"@type":"ListItem","@id":"https:\/\/www.encontrabomretiro.com.br\/sobre\/cultura-no-bom-retiro\/#listItem","name":"Cultura Bom Retiro"}},{"@type":"ListItem","@id":"https:\/\/www.encontrabomretiro.com.br\/sobre\/cultura-no-bom-retiro\/#listItem","position":2,"name":"Cultura Bom Retiro","item":"https:\/\/www.encontrabomretiro.com.br\/sobre\/cultura-no-bom-retiro\/","nextItem":{"@type":"ListItem","@id":"https:\/\/www.encontrabomretiro.com.br\/sobre\/cortejo-afoxe-omi-aiye\/#listItem","name":"Cortejo Afox\u00e9 Om\u00ed \u00c0iy\u00e9"},"previousItem":{"@type":"ListItem","@id":"https:\/\/www.encontrabomretiro.com.br\/sobre#listItem","name":"Dom\u00e9stica"}},{"@type":"ListItem","@id":"https:\/\/www.encontrabomretiro.com.br\/sobre\/cortejo-afoxe-omi-aiye\/#listItem","position":3,"name":"Cortejo Afox\u00e9 Om\u00ed \u00c0iy\u00e9","previousItem":{"@type":"ListItem","@id":"https:\/\/www.encontrabomretiro.com.br\/sobre\/cultura-no-bom-retiro\/#listItem","name":"Cultura Bom Retiro"}}]},{"@type":"Organization","@id":"https:\/\/www.encontrabomretiro.com.br\/sobre\/#organization","name":"Encontra Bom Retiro","description":"Not\u00edcias, eventos, informa\u00e7\u00f5es e dicas no bairro do Bom Retiro e regi\u00e3o.","url":"https:\/\/www.encontrabomretiro.com.br\/sobre\/"},{"@type":"Person","@id":"https:\/\/www.encontrabomretiro.com.br\/sobre\/author\/ebomretiro\/#author","url":"https:\/\/www.encontrabomretiro.com.br\/sobre\/author\/ebomretiro\/","name":"Encontra Bom Retiro","image":{"@type":"ImageObject","@id":"https:\/\/www.encontrabomretiro.com.br\/sobre\/cortejo-afoxe-omi-aiye\/#authorImage","url":"https:\/\/secure.gravatar.com\/avatar\/507340682b8270222e1f208e23198b6ae7e2c6a1033ae84e99bc6bce4f82a387?s=96&d=mm&r=g","width":96,"height":96,"caption":"Encontra Bom Retiro"}},{"@type":"WebPage","@id":"https:\/\/www.encontrabomretiro.com.br\/sobre\/cortejo-afoxe-omi-aiye\/#webpage","url":"https:\/\/www.encontrabomretiro.com.br\/sobre\/cortejo-afoxe-omi-aiye\/","name":"Cortejo Afox\u00e9 Om\u00ed \u00c0iy\u00e9 | Encontra Bom Retiro","description":"Cortejo Afox\u00e9 Om\u00ed \u00c0iy\u00e9 traz \u00e0 vida a rica cultura afro-brasileira.","inLanguage":"pt-BR","isPartOf":{"@id":"https:\/\/www.encontrabomretiro.com.br\/sobre\/#website"},"breadcrumb":{"@id":"https:\/\/www.encontrabomretiro.com.br\/sobre\/cortejo-afoxe-omi-aiye\/#breadcrumblist"},"author":{"@id":"https:\/\/www.encontrabomretiro.com.br\/sobre\/author\/ebomretiro\/#author"},"creator":{"@id":"https:\/\/www.encontrabomretiro.com.br\/sobre\/author\/ebomretiro\/#author"},"image":{"@type":"ImageObject","url":"https:\/\/www.encontrabomretiro.com.br\/sobre\/wp-content\/uploads\/2026\/08\/cortejo-afoxe-omi-aiye.webp","@id":"https:\/\/www.encontrabomretiro.com.br\/sobre\/cortejo-afoxe-omi-aiye\/#mainImage","width":280,"height":280,"caption":"Cortejo Afox\u00e9 Om\u00ed \u00c0iy\u00e9"},"primaryImageOfPage":{"@id":"https:\/\/www.encontrabomretiro.com.br\/sobre\/cortejo-afoxe-omi-aiye\/#mainImage"},"datePublished":"2026-08-30T05:02:31-02:00","dateModified":"2026-08-30T05:02:31-02:00"},{"@type":"WebSite","@id":"https:\/\/www.encontrabomretiro.com.br\/sobre\/#website","url":"https:\/\/www.encontrabomretiro.com.br\/sobre\/","name":"Encontra Bom Retiro","description":"Not\u00edcias, eventos, informa\u00e7\u00f5es e dicas no bairro do Bom Retiro e regi\u00e3o.","inLanguage":"pt-BR","publisher":{"@id":"https:\/\/www.encontrabomretiro.com.br\/sobre\/#organization"}}]},"og:locale":"pt_BR","og:site_name":"Encontra Bom Retiro | Not\u00edcias, eventos, informa\u00e7\u00f5es e dicas no bairro do Bom Retiro e regi\u00e3o.","og:type":"article","og:title":"Cortejo Afox\u00e9 Om\u00ed \u00c0iy\u00e9 | Encontra Bom Retiro","og:description":"Cortejo Afox\u00e9 Om\u00ed \u00c0iy\u00e9 traz \u00e0 vida a rica cultura afro-brasileira.","og:url":"https:\/\/www.encontrabomretiro.com.br\/sobre\/cortejo-afoxe-omi-aiye\/","article:published_time":"2026-08-30T07:02:31+00:00","article:modified_time":"2026-08-30T07:02:31+00:00","twitter:card":"summary_large_image","twitter:title":"Cortejo Afox\u00e9 Om\u00ed \u00c0iy\u00e9 | Encontra Bom Retiro","twitter:description":"Cortejo Afox\u00e9 Om\u00ed \u00c0iy\u00e9 traz \u00e0 vida a rica cultura afro-brasileira."},"aioseo_meta_data":{"post_id":"3413","title":null,"description":null,"keywords":null,"keyphrases":null,"primary_term":null,"canonical_url":null,"og_title":null,"og_description":null,"og_object_type":"default","og_image_type":"default","og_image_url":null,"og_image_width":null,"og_image_height":null,"og_image_custom_url":null,"og_image_custom_fields":null,"og_video":null,"og_custom_url":null,"og_article_section":null,"og_article_tags":null,"twitter_use_og":false,"twitter_card":"default","twitter_image_type":"default","twitter_image_url":null,"twitter_image_custom_url":null,"twitter_image_custom_fields":null,"twitter_title":null,"twitter_description":null,"schema":{"blockGraphs":[],"customGraphs":[],"default":{"data":{"Article":[],"Course":[],"Dataset":[],"FAQPage":[],"Movie":[],"Person":[],"Product":[],"ProductReview":[],"Car":[],"Recipe":[],"Service":[],"SoftwareApplication":[],"WebPage":[]},"graphName":"Article","isEnabled":true},"graphs":[]},"schema_type":"default","schema_type_options":null,"pillar_content":false,"robots_default":true,"robots_noindex":false,"robots_noarchive":false,"robots_nosnippet":false,"robots_nofollow":false,"robots_noimageindex":false,"robots_noodp":false,"robots_notranslate":false,"robots_max_snippet":null,"robots_max_videopreview":null,"robots_max_imagepreview":"large","priority":null,"frequency":null,"local_seo":null,"breadcrumb_settings":null,"limit_modified_date":false,"ai":null,"created":"2026-08-30 07:02:31","updated":"2026-08-30 07:45:37","focus_keyword":null,"additional_keywords":null,"truseo_locale":null,"seo_analyzer_scan_date":null},"aioseo_breadcrumb":"<div class=\"aioseo-breadcrumbs\"><span class=\"aioseo-breadcrumb\">\n\t\t\t<a href=\"https:\/\/www.encontrabomretiro.com.br\/sobre\" title=\"Dom\u00e9stica\">Dom\u00e9stica<\/a>\n\t\t<\/span><span class=\"aioseo-breadcrumb-separator\">&raquo;<\/span><span class=\"aioseo-breadcrumb\">\n\t\t\t<a href=\"https:\/\/www.encontrabomretiro.com.br\/sobre\/cultura-no-bom-retiro\/\" title=\"Cultura Bom Retiro\">Cultura Bom Retiro<\/a>\n\t\t<\/span><span class=\"aioseo-breadcrumb-separator\">&raquo;<\/span><span class=\"aioseo-breadcrumb\">\n\t\t\tCortejo Afox\u00e9 Om\u00ed \u00c0iy\u00e9\n\t\t<\/span><\/div>","aioseo_breadcrumb_json":[{"label":"Dom\u00e9stica","link":"https:\/\/www.encontrabomretiro.com.br\/sobre"},{"label":"Cultura Bom Retiro","link":"https:\/\/www.encontrabomretiro.com.br\/sobre\/cultura-no-bom-retiro\/"},{"label":"Cortejo Afox\u00e9 Om\u00ed \u00c0iy\u00e9","link":"https:\/\/www.encontrabomretiro.com.br\/sobre\/cortejo-afoxe-omi-aiye\/"}],"_links":{"self":[{"href":"https:\/\/www.encontrabomretiro.com.br\/sobre\/wp-json\/wp\/v2\/posts\/3413","targetHints":{"allow":["GET"]}}],"collection":[{"href":"https:\/\/www.encontrabomretiro.com.br\/sobre\/wp-json\/wp\/v2\/posts"}],"about":[{"href":"https:\/\/www.encontrabomretiro.com.br\/sobre\/wp-json\/wp\/v2\/types\/post"}],"author":[{"embeddable":true,"href":"https:\/\/www.encontrabomretiro.com.br\/sobre\/wp-json\/wp\/v2\/users\/1"}],"replies":[{"embeddable":true,"href":"https:\/\/www.encontrabomretiro.com.br\/sobre\/wp-json\/wp\/v2\/comments?post=3413"}],"version-history":[{"count":0,"href":"https:\/\/www.encontrabomretiro.com.br\/sobre\/wp-json\/wp\/v2\/posts\/3413\/revisions"}],"wp:featuredmedia":[{"embeddable":true,"href":"https:\/\/www.encontrabomretiro.com.br\/sobre\/wp-json\/wp\/v2\/media\/3412"}],"wp:attachment":[{"href":"https:\/\/www.encontrabomretiro.com.br\/sobre\/wp-json\/wp\/v2\/media?parent=3413"}],"wp:term":[{"taxonomy":"category","embeddable":true,"href":"https:\/\/www.encontrabomretiro.com.br\/sobre\/wp-json\/wp\/v2\/categories?post=3413"},{"taxonomy":"post_tag","embeddable":true,"href":"https:\/\/www.encontrabomretiro.com.br\/sobre\/wp-json\/wp\/v2\/tags?post=3413"}],"curies":[{"name":"wp","href":"https:\/\/api.w.org\/{rel}","templated":true}]}}