{"id":3411,"date":"2026-08-30T05:01:30","date_gmt":"2026-08-30T07:01:30","guid":{"rendered":"https:\/\/www.encontrabomretiro.com.br\/sobre\/ile-oba-ase-ogodo\/"},"modified":"2026-08-30T05:01:30","modified_gmt":"2026-08-30T07:01:30","slug":"ile-oba-ase-ogodo","status":"publish","type":"post","link":"https:\/\/www.encontrabomretiro.com.br\/sobre\/ile-oba-ase-ogodo\/","title":{"rendered":"Il\u00ea Ob\u00e1 Ase Ogodo"},"content":{"rendered":"<div class=\"228b65ae207de3c5c501cfe75875708b\" data-index=\"1\" style=\"float: none; margin:0px;\">\n<!-- Anuncio display - global -->\r\n<ins class=\"adsbygoogle\"\r\n     style=\"display:block\"\r\n     data-ad-client=\"ca-pub-8585364105181520\"\r\n     data-ad-slot=\"8789329856\"\r\n     data-ad-format=\"auto\"\r\n     data-full-width-responsive=\"true\"><\/ins>\r\n<script>\r\n     (adsbygoogle = window.adsbygoogle || []).push({});\r\n<\/script>\n<\/div>\n<h2>A Hist\u00f3ria da Lavagem das Escadarias<\/h2>\n<p>A Lavagem das Escadarias \u00e9 um evento que se torna um ritual significativo, celebrado nas ruas de S\u00e3o Paulo. Esse evento carrega uma rica heran\u00e7a cultural que remonta \u00e0 hist\u00f3ria das comunidades afro-brasileiras. Nesse contexto, a lavagem \u00e9 mais do que uma simples cerim\u00f4nia; \u00e9 um ato que representa a recupera\u00e7\u00e3o da identidade e a valoriza\u00e7\u00e3o da cultura negra na cidade.<\/p>\n<p>Historicamente, a pr\u00e1tica da lavagem acontece em resposta \u00e0 busca por reconhecimento e respeito \u00e0s tradi\u00e7\u00f5es africanas que foram trazidas pelos ancestrais atrav\u00e9s da di\u00e1spora. Marcar um espa\u00e7o nas escadarias, como as da Pra\u00e7a de Conviv\u00eancia, simboliza uma reconex\u00e3o com as ra\u00edzes, permitindo que a comunidade reescreva sua narrativa e reforce la\u00e7os que foram fragilizados pelo tempo.<\/p>\n<h2>O Significado do Ritual<\/h2>\n<p>A lavagem das escadarias \u00e9 um ato de grande import\u00e2ncia cultural e espiritual. Este ritual \u00e9 considerado sagrado e consiste em uma s\u00e9rie de celebra\u00e7\u00f5es que incluem dan\u00e7a, m\u00fasica e a participa\u00e7\u00e3o ativa da comunidade. Unindo pessoas de diversas origens, o evento busca refor\u00e7ar a uni\u00e3o entre os participantes e renovar a esperan\u00e7a.<\/p>\n<p><img decoding=\"async\" src=\"https:\/\/www.encontrabomretiro.com.br\/sobre\/wp-content\/uploads\/2026\/08\/ile-oba-ase-ogodo.webp\" alt=\"Il\u00ea Ob\u00e1 Ase Ogodo\" loading=\"lazy\" \/><\/p>\n<p>Mais do que um mero ato simb\u00f3lico, a lavagem vai al\u00e9m e se transforma em uma oportunidade de refletir sobre a trajet\u00f3ria das comunidades negras. A pr\u00e1tica reitera a necessidade de respeitar e preservar a cultura afro-brasileira, que \u00e9 fundamental para a identidade nacional.<\/p>\n<h2>Como a Comunidade Participa<\/h2>\n<p>A participa\u00e7\u00e3o da comunidade no evento \u00e9 essencial, pois \u00e9 a soma das vozes e dos corpos que d\u00e1 vida \u00e0 lavagem. Desde a prepara\u00e7\u00e3o do ritual at\u00e9 a execu\u00e7\u00e3o das dan\u00e7as e m\u00fasicas, todos t\u00eam um papel a desempenhar. Cada parte do evento envolve a participa\u00e7\u00e3o ativa de cidad\u00e3os de diferentes idades e origens, promovendo um sentimento de pertencimento.<\/p>\n<p>Grupos comunit\u00e1rios, fam\u00edlias e indiv\u00edduos se mobilizam para trazer flores e produtos para a lavagem, cada um contribuindo de uma forma \u00fanica. A inclus\u00e3o de diferentes vozes e perspectivas fortalece a mensagem de uni\u00e3o e resist\u00eancia.<\/p>\n<h2>Atra\u00e7\u00f5es e Atividades do Evento<\/h2>\n<p>Durante a Lavagem das Escadarias, uma variedade de atra\u00e7\u00f5es est\u00e1 programada para envolver os participantes. M\u00fasicos e grupos de dan\u00e7a se apresentam ao longo do dia, proporcionando um ambiente vibrante e festivo. Atividades como oficinas de artesanato, conta\u00e7\u00e3o de hist\u00f3rias e rodas de conversa tamb\u00e9m fazem parte da programa\u00e7\u00e3o.<\/p>\n<ul>\n<li><strong>Apresenta\u00e7\u00f5es Musicais:<\/strong> M\u00fasicos locais celebram a cultura afro-brasileira atrav\u00e9s de apresenta\u00e7\u00f5es que v\u00e3o do samba ao jongo.<\/li>\n<li><strong>Oficinas Culturais:<\/strong> Espa\u00e7os dedicados \u00e0 aprendizagem de dan\u00e7as tradicionais e ensinamentos sobre a hist\u00f3ria negra.<\/li>\n<li><strong>Espa\u00e7o de Conviv\u00eancia:<\/strong> \u00c1reas destinadas ao di\u00e1logo e \u00e0 intera\u00e7\u00e3o entre os participantes.<\/li>\n<\/ul>\n<h2>O Papel dos L\u00edderes Espirituais<\/h2>\n<p>L\u00edderes espirituais desempenham um papel fundamental na lavagem, guiando o ritual com suas ora\u00e7\u00f5es e b\u00ean\u00e7\u00e3os. Eles s\u00e3o respons\u00e1veis por conduzir o ato com o devido respeito e rever\u00eancia, al\u00e9m de ensinar sobre as tradi\u00e7\u00f5es que envolvem o evento. A presen\u00e7a deles \u00e9 um lembrete da espiritualidade que permeia cada ato do ritual.<\/p>\n<p>Os l\u00edderes, como a Iyalorix\u00e1 Luciana de Oy\u00e1 e outros representantes de terreiros, trazem consigo a ancestralidade e o conhecimento acumulado ao longo dos anos, refor\u00e7ando a import\u00e2ncia de respeitar as tradi\u00e7\u00f5es. Estas figuras s\u00e3o essenciais para a legitimidade do evento, proporcionando uma experi\u00eancia enriquecedora tamb\u00e9m para os que est\u00e3o fora das pr\u00e1ticas religiosas africanas.<\/p>\n<h2>Curiosidades sobre a Cultura Negra<\/h2>\n<p>Um aspecto fascinante da Lavagem das Escadarias \u00e9 a maneira como ela abriga a tradi\u00e7\u00e3o oral e a troca cultural. O evento inclui conta\u00e7\u00f5es de hist\u00f3rias e explica\u00e7\u00f5es sobre a import\u00e2ncia de v\u00e1rias pr\u00e1ticas que surgiram da cultura negra. Momentos como estes servem para educar as novas gera\u00e7\u00f5es e relembrar a import\u00e2ncia das ra\u00edzes africanas no Brasil.<\/p>\n<p>Al\u00e9m disso, elementos da cultura negra, como a culin\u00e1ria, a m\u00fasica e a dan\u00e7a, ocupam um papel central na programa\u00e7\u00e3o, permitindo que todos os envolvidos tenham um contato pr\u00f3ximo com o que \u00e9 distintivo e aut\u00eantico na cultura afro-brasileira.<\/p>\n<h2>A Import\u00e2ncia da Mem\u00f3ria Coletiva<\/h2>\n<p>A lavagem tamb\u00e9m serve como uma poderosa ferramenta para fortalecer a mem\u00f3ria coletiva da comunidade. Para muitos, o ritual \u00e9 um espa\u00e7o seguro para recordar e compartilhar hist\u00f3rias, lutas e conquistas. Isso ajuda a manter viva a hist\u00f3ria dos antepassados e fortalece a identidade cultural, essencial para a continuidade das tradi\u00e7\u00f5es.<\/p>\n<p>As mem\u00f3rias partilhadas durante o evento n\u00e3o s\u00e3o apenas relevantes para os participantes, mas tamb\u00e9m para a sociedade em geral. Elas trazem \u00e0 tona discuss\u00f5es sobre racismo, desigualdade e a import\u00e2ncia da diversidade cultural, contribuindo para a constru\u00e7\u00e3o de uma sociedade mais justa e inclusiva.<\/p>\n<h2>Renova\u00e7\u00e3o e Abertura de Caminhos<\/h2>\n<p>Um dos aspectos centrais da Lavagem das Escadarias \u00e9 o conceito de renova\u00e7\u00e3o. Assim como ocorre em muitos rituais, o ato de lavar simboliza a purifica\u00e7\u00e3o e a abertura de caminhos para novas oportunidades. Este simbolismo \u00e9 incorporado ao movimento coletivo e \u00e0s dan\u00e7as, onde os participantes se unem em busca de renova\u00e7\u00e3o em suas vidas pessoais e comunit\u00e1rias.<\/p>\n<p>Durante esse processo, cada participante \u00e9 encorajado a deixar para tr\u00e1s o que n\u00e3o serve mais, abrindo-se para o que est\u00e1 por vir. O ritual, portanto, se torna um espa\u00e7o de esperan\u00e7a e potencial, permitindo que a energia positiva se propague.<\/p>\n<h2>O Impacto na Cidade de S\u00e3o Paulo<\/h2>\n<p>A Lavagem das Escadarias n\u00e3o apenas impacta os indiv\u00edduos, mas tamb\u00e9m tem um reflexo significativo na cidade de S\u00e3o Paulo. O evento atrai pessoas de todas as partes e foca em um turismo cultural que valoriza as tradi\u00e7\u00f5es afro-brasileiras. Isso promove um interc\u00e2mbio cultural e fortalece a economia local, proporcionando uma plataforma para artistas e trabalhadores.<\/p>\n<p>Essa representa\u00e7\u00e3o cultural \u00e9 crucial, pois contribui para usar a cidade como um espa\u00e7o de express\u00e3o e reconhecimento da diversidade e da luta por justi\u00e7a social.<\/p>\n<h2>Como Participar da Lavagem das Escadarias<\/h2>\n<p>Participar da Lavagem das Escadarias \u00e9 um convite aberto a todos. A comunidade \u00e9 incentivada a se juntar, trazendo flores, ervas e alimentos para serem utilizados durante o ritual. N\u00e3o \u00e9 necess\u00e1rio ter uma experi\u00eancia pr\u00e9via em rituais ou conhec\u00ea-los profundamente; a \u00fanica exig\u00eancia \u00e9 uma vontade genu\u00edna de se conectar com a cultura negra e suas tradi\u00e7\u00f5es.<\/p>\n<p>Para aqueles que desejam se preparar melhor, workshops e encontros podem ser oferecidos antes do evento, permitindo um entendimento mais profundo do que esse ritual representa. \u00c9 uma oportunidade de aprender e se engajar ativamente na valoriza\u00e7\u00e3o da cultura afro-brasileira.<\/p>\n\n<div style=\"font-size: 0px; height: 0px; line-height: 0px; margin: 0; padding: 0; clear: both;\"><\/div>","protected":false},"excerpt":{"rendered":"<p>Il\u00ea Ob\u00e1 Ase Ogodo revela a tradi\u00e7\u00e3o da Lavagem das Escadarias.<\/p>\n","protected":false},"author":1,"featured_media":3410,"comment_status":"open","ping_status":"closed","sticky":false,"template":"","format":"standard","meta":{"footnotes":""},"categories":[17],"tags":[],"class_list":["post-3411","post","type-post","status-publish","format-standard","has-post-thumbnail","hentry","category-cultura-no-bom-retiro","has_thumb"],"aioseo_notices":[],"aioseo_head":"\n\t\t<!-- All in One SEO 5.0.0.1 - aioseo.com -->\n\t<meta name=\"description\" content=\"Il\u00ea Ob\u00e1 Ase Ogodo revela a tradi\u00e7\u00e3o da Lavagem das Escadarias.\" \/>\n\t<meta name=\"robots\" content=\"max-image-preview:large\" \/>\n\t<meta name=\"author\" content=\"Encontra Bom Retiro\"\/>\n\t<link rel=\"canonical\" href=\"https:\/\/www.encontrabomretiro.com.br\/sobre\/ile-oba-ase-ogodo\/\" \/>\n\t<meta name=\"generator\" content=\"All in One SEO (AIOSEO) 5.0.0.1\" \/>\n\t\t<meta property=\"og:locale\" content=\"pt_BR\" \/>\n\t\t<meta property=\"og:site_name\" content=\"Encontra Bom Retiro | Not\u00edcias, eventos, informa\u00e7\u00f5es e dicas no bairro do Bom Retiro e regi\u00e3o.\" \/>\n\t\t<meta property=\"og:type\" content=\"article\" \/>\n\t\t<meta property=\"og:title\" content=\"Il\u00ea Ob\u00e1 Ase Ogodo | Encontra Bom Retiro\" \/>\n\t\t<meta property=\"og:description\" content=\"Il\u00ea Ob\u00e1 Ase Ogodo revela a tradi\u00e7\u00e3o da Lavagem das Escadarias.\" \/>\n\t\t<meta property=\"og:url\" content=\"https:\/\/www.encontrabomretiro.com.br\/sobre\/ile-oba-ase-ogodo\/\" \/>\n\t\t<meta property=\"article:published_time\" content=\"2026-08-30T07:01:30+00:00\" \/>\n\t\t<meta property=\"article:modified_time\" content=\"2026-08-30T07:01:30+00:00\" \/>\n\t\t<meta name=\"twitter:card\" content=\"summary_large_image\" \/>\n\t\t<meta name=\"twitter:title\" content=\"Il\u00ea Ob\u00e1 Ase Ogodo | Encontra Bom Retiro\" \/>\n\t\t<meta name=\"twitter:description\" content=\"Il\u00ea Ob\u00e1 Ase Ogodo revela a tradi\u00e7\u00e3o da Lavagem das Escadarias.\" \/>\n\t\t<script type=\"application\/ld+json\" class=\"aioseo-schema\">\n\t\t\t{\"@context\":\"https:\\\/\\\/schema.org\",\"@graph\":[{\"@type\":\"Article\",\"@id\":\"https:\\\/\\\/www.encontrabomretiro.com.br\\\/sobre\\\/ile-oba-ase-ogodo\\\/#article\",\"name\":\"Il\\u00ea Ob\\u00e1 Ase Ogodo | Encontra Bom Retiro\",\"headline\":\"Il\\u00ea Ob\\u00e1 Ase Ogodo\",\"author\":{\"@id\":\"https:\\\/\\\/www.encontrabomretiro.com.br\\\/sobre\\\/author\\\/ebomretiro\\\/#author\"},\"publisher\":{\"@id\":\"https:\\\/\\\/www.encontrabomretiro.com.br\\\/sobre\\\/#organization\"},\"image\":{\"@type\":\"ImageObject\",\"url\":\"https:\\\/\\\/www.encontrabomretiro.com.br\\\/sobre\\\/wp-content\\\/uploads\\\/2026\\\/08\\\/ile-oba-ase-ogodo.webp\",\"width\":280,\"height\":280,\"caption\":\"Il\\u00ea Ob\\u00e1 Ase Ogodo\"},\"datePublished\":\"2026-08-30T05:01:30-02:00\",\"dateModified\":\"2026-08-30T05:01:30-02:00\",\"inLanguage\":\"pt-BR\",\"mainEntityOfPage\":{\"@id\":\"https:\\\/\\\/www.encontrabomretiro.com.br\\\/sobre\\\/ile-oba-ase-ogodo\\\/#webpage\"},\"isPartOf\":{\"@id\":\"https:\\\/\\\/www.encontrabomretiro.com.br\\\/sobre\\\/ile-oba-ase-ogodo\\\/#webpage\"},\"articleSection\":\"Cultura Bom Retiro\"},{\"@type\":\"BreadcrumbList\",\"@id\":\"https:\\\/\\\/www.encontrabomretiro.com.br\\\/sobre\\\/ile-oba-ase-ogodo\\\/#breadcrumblist\",\"itemListElement\":[{\"@type\":\"ListItem\",\"@id\":\"https:\\\/\\\/www.encontrabomretiro.com.br\\\/sobre#listItem\",\"position\":1,\"name\":\"Dom\\u00e9stica\",\"item\":\"https:\\\/\\\/www.encontrabomretiro.com.br\\\/sobre\",\"nextItem\":{\"@type\":\"ListItem\",\"@id\":\"https:\\\/\\\/www.encontrabomretiro.com.br\\\/sobre\\\/cultura-no-bom-retiro\\\/#listItem\",\"name\":\"Cultura Bom Retiro\"}},{\"@type\":\"ListItem\",\"@id\":\"https:\\\/\\\/www.encontrabomretiro.com.br\\\/sobre\\\/cultura-no-bom-retiro\\\/#listItem\",\"position\":2,\"name\":\"Cultura Bom Retiro\",\"item\":\"https:\\\/\\\/www.encontrabomretiro.com.br\\\/sobre\\\/cultura-no-bom-retiro\\\/\",\"nextItem\":{\"@type\":\"ListItem\",\"@id\":\"https:\\\/\\\/www.encontrabomretiro.com.br\\\/sobre\\\/ile-oba-ase-ogodo\\\/#listItem\",\"name\":\"Il\\u00ea Ob\\u00e1 Ase Ogodo\"},\"previousItem\":{\"@type\":\"ListItem\",\"@id\":\"https:\\\/\\\/www.encontrabomretiro.com.br\\\/sobre#listItem\",\"name\":\"Dom\\u00e9stica\"}},{\"@type\":\"ListItem\",\"@id\":\"https:\\\/\\\/www.encontrabomretiro.com.br\\\/sobre\\\/ile-oba-ase-ogodo\\\/#listItem\",\"position\":3,\"name\":\"Il\\u00ea Ob\\u00e1 Ase Ogodo\",\"previousItem\":{\"@type\":\"ListItem\",\"@id\":\"https:\\\/\\\/www.encontrabomretiro.com.br\\\/sobre\\\/cultura-no-bom-retiro\\\/#listItem\",\"name\":\"Cultura Bom Retiro\"}}]},{\"@type\":\"Organization\",\"@id\":\"https:\\\/\\\/www.encontrabomretiro.com.br\\\/sobre\\\/#organization\",\"name\":\"Encontra Bom Retiro\",\"description\":\"Not\\u00edcias, eventos, informa\\u00e7\\u00f5es e dicas no bairro do Bom Retiro e regi\\u00e3o.\",\"url\":\"https:\\\/\\\/www.encontrabomretiro.com.br\\\/sobre\\\/\"},{\"@type\":\"Person\",\"@id\":\"https:\\\/\\\/www.encontrabomretiro.com.br\\\/sobre\\\/author\\\/ebomretiro\\\/#author\",\"url\":\"https:\\\/\\\/www.encontrabomretiro.com.br\\\/sobre\\\/author\\\/ebomretiro\\\/\",\"name\":\"Encontra Bom Retiro\",\"image\":{\"@type\":\"ImageObject\",\"@id\":\"https:\\\/\\\/www.encontrabomretiro.com.br\\\/sobre\\\/ile-oba-ase-ogodo\\\/#authorImage\",\"url\":\"https:\\\/\\\/secure.gravatar.com\\\/avatar\\\/507340682b8270222e1f208e23198b6ae7e2c6a1033ae84e99bc6bce4f82a387?s=96&d=mm&r=g\",\"width\":96,\"height\":96,\"caption\":\"Encontra Bom Retiro\"}},{\"@type\":\"WebPage\",\"@id\":\"https:\\\/\\\/www.encontrabomretiro.com.br\\\/sobre\\\/ile-oba-ase-ogodo\\\/#webpage\",\"url\":\"https:\\\/\\\/www.encontrabomretiro.com.br\\\/sobre\\\/ile-oba-ase-ogodo\\\/\",\"name\":\"Il\\u00ea Ob\\u00e1 Ase Ogodo | Encontra Bom Retiro\",\"description\":\"Il\\u00ea Ob\\u00e1 Ase Ogodo revela a tradi\\u00e7\\u00e3o da Lavagem das Escadarias.\",\"inLanguage\":\"pt-BR\",\"isPartOf\":{\"@id\":\"https:\\\/\\\/www.encontrabomretiro.com.br\\\/sobre\\\/#website\"},\"breadcrumb\":{\"@id\":\"https:\\\/\\\/www.encontrabomretiro.com.br\\\/sobre\\\/ile-oba-ase-ogodo\\\/#breadcrumblist\"},\"author\":{\"@id\":\"https:\\\/\\\/www.encontrabomretiro.com.br\\\/sobre\\\/author\\\/ebomretiro\\\/#author\"},\"creator\":{\"@id\":\"https:\\\/\\\/www.encontrabomretiro.com.br\\\/sobre\\\/author\\\/ebomretiro\\\/#author\"},\"image\":{\"@type\":\"ImageObject\",\"url\":\"https:\\\/\\\/www.encontrabomretiro.com.br\\\/sobre\\\/wp-content\\\/uploads\\\/2026\\\/08\\\/ile-oba-ase-ogodo.webp\",\"@id\":\"https:\\\/\\\/www.encontrabomretiro.com.br\\\/sobre\\\/ile-oba-ase-ogodo\\\/#mainImage\",\"width\":280,\"height\":280,\"caption\":\"Il\\u00ea Ob\\u00e1 Ase Ogodo\"},\"primaryImageOfPage\":{\"@id\":\"https:\\\/\\\/www.encontrabomretiro.com.br\\\/sobre\\\/ile-oba-ase-ogodo\\\/#mainImage\"},\"datePublished\":\"2026-08-30T05:01:30-02:00\",\"dateModified\":\"2026-08-30T05:01:30-02:00\"},{\"@type\":\"WebSite\",\"@id\":\"https:\\\/\\\/www.encontrabomretiro.com.br\\\/sobre\\\/#website\",\"url\":\"https:\\\/\\\/www.encontrabomretiro.com.br\\\/sobre\\\/\",\"name\":\"Encontra Bom Retiro\",\"description\":\"Not\\u00edcias, eventos, informa\\u00e7\\u00f5es e dicas no bairro do Bom Retiro e regi\\u00e3o.\",\"inLanguage\":\"pt-BR\",\"publisher\":{\"@id\":\"https:\\\/\\\/www.encontrabomretiro.com.br\\\/sobre\\\/#organization\"}}]}\n\t\t<\/script>\n\t\t<!-- All in One SEO -->\n\n","aioseo_head_json":{"title":"Il\u00ea Ob\u00e1 Ase Ogodo | Encontra Bom Retiro","description":"Il\u00ea Ob\u00e1 Ase Ogodo revela a tradi\u00e7\u00e3o da Lavagem das Escadarias.","canonical_url":"https:\/\/www.encontrabomretiro.com.br\/sobre\/ile-oba-ase-ogodo\/","robots":"max-image-preview:large","keywords":"","webmasterTools":{"miscellaneous":""},"schema":{"@context":"https:\/\/schema.org","@graph":[{"@type":"Article","@id":"https:\/\/www.encontrabomretiro.com.br\/sobre\/ile-oba-ase-ogodo\/#article","name":"Il\u00ea Ob\u00e1 Ase Ogodo | Encontra Bom Retiro","headline":"Il\u00ea Ob\u00e1 Ase Ogodo","author":{"@id":"https:\/\/www.encontrabomretiro.com.br\/sobre\/author\/ebomretiro\/#author"},"publisher":{"@id":"https:\/\/www.encontrabomretiro.com.br\/sobre\/#organization"},"image":{"@type":"ImageObject","url":"https:\/\/www.encontrabomretiro.com.br\/sobre\/wp-content\/uploads\/2026\/08\/ile-oba-ase-ogodo.webp","width":280,"height":280,"caption":"Il\u00ea Ob\u00e1 Ase Ogodo"},"datePublished":"2026-08-30T05:01:30-02:00","dateModified":"2026-08-30T05:01:30-02:00","inLanguage":"pt-BR","mainEntityOfPage":{"@id":"https:\/\/www.encontrabomretiro.com.br\/sobre\/ile-oba-ase-ogodo\/#webpage"},"isPartOf":{"@id":"https:\/\/www.encontrabomretiro.com.br\/sobre\/ile-oba-ase-ogodo\/#webpage"},"articleSection":"Cultura Bom Retiro"},{"@type":"BreadcrumbList","@id":"https:\/\/www.encontrabomretiro.com.br\/sobre\/ile-oba-ase-ogodo\/#breadcrumblist","itemListElement":[{"@type":"ListItem","@id":"https:\/\/www.encontrabomretiro.com.br\/sobre#listItem","position":1,"name":"Dom\u00e9stica","item":"https:\/\/www.encontrabomretiro.com.br\/sobre","nextItem":{"@type":"ListItem","@id":"https:\/\/www.encontrabomretiro.com.br\/sobre\/cultura-no-bom-retiro\/#listItem","name":"Cultura Bom Retiro"}},{"@type":"ListItem","@id":"https:\/\/www.encontrabomretiro.com.br\/sobre\/cultura-no-bom-retiro\/#listItem","position":2,"name":"Cultura Bom Retiro","item":"https:\/\/www.encontrabomretiro.com.br\/sobre\/cultura-no-bom-retiro\/","nextItem":{"@type":"ListItem","@id":"https:\/\/www.encontrabomretiro.com.br\/sobre\/ile-oba-ase-ogodo\/#listItem","name":"Il\u00ea Ob\u00e1 Ase Ogodo"},"previousItem":{"@type":"ListItem","@id":"https:\/\/www.encontrabomretiro.com.br\/sobre#listItem","name":"Dom\u00e9stica"}},{"@type":"ListItem","@id":"https:\/\/www.encontrabomretiro.com.br\/sobre\/ile-oba-ase-ogodo\/#listItem","position":3,"name":"Il\u00ea Ob\u00e1 Ase Ogodo","previousItem":{"@type":"ListItem","@id":"https:\/\/www.encontrabomretiro.com.br\/sobre\/cultura-no-bom-retiro\/#listItem","name":"Cultura Bom Retiro"}}]},{"@type":"Organization","@id":"https:\/\/www.encontrabomretiro.com.br\/sobre\/#organization","name":"Encontra Bom Retiro","description":"Not\u00edcias, eventos, informa\u00e7\u00f5es e dicas no bairro do Bom Retiro e regi\u00e3o.","url":"https:\/\/www.encontrabomretiro.com.br\/sobre\/"},{"@type":"Person","@id":"https:\/\/www.encontrabomretiro.com.br\/sobre\/author\/ebomretiro\/#author","url":"https:\/\/www.encontrabomretiro.com.br\/sobre\/author\/ebomretiro\/","name":"Encontra Bom Retiro","image":{"@type":"ImageObject","@id":"https:\/\/www.encontrabomretiro.com.br\/sobre\/ile-oba-ase-ogodo\/#authorImage","url":"https:\/\/secure.gravatar.com\/avatar\/507340682b8270222e1f208e23198b6ae7e2c6a1033ae84e99bc6bce4f82a387?s=96&d=mm&r=g","width":96,"height":96,"caption":"Encontra Bom Retiro"}},{"@type":"WebPage","@id":"https:\/\/www.encontrabomretiro.com.br\/sobre\/ile-oba-ase-ogodo\/#webpage","url":"https:\/\/www.encontrabomretiro.com.br\/sobre\/ile-oba-ase-ogodo\/","name":"Il\u00ea Ob\u00e1 Ase Ogodo | Encontra Bom Retiro","description":"Il\u00ea Ob\u00e1 Ase Ogodo revela a tradi\u00e7\u00e3o da Lavagem das Escadarias.","inLanguage":"pt-BR","isPartOf":{"@id":"https:\/\/www.encontrabomretiro.com.br\/sobre\/#website"},"breadcrumb":{"@id":"https:\/\/www.encontrabomretiro.com.br\/sobre\/ile-oba-ase-ogodo\/#breadcrumblist"},"author":{"@id":"https:\/\/www.encontrabomretiro.com.br\/sobre\/author\/ebomretiro\/#author"},"creator":{"@id":"https:\/\/www.encontrabomretiro.com.br\/sobre\/author\/ebomretiro\/#author"},"image":{"@type":"ImageObject","url":"https:\/\/www.encontrabomretiro.com.br\/sobre\/wp-content\/uploads\/2026\/08\/ile-oba-ase-ogodo.webp","@id":"https:\/\/www.encontrabomretiro.com.br\/sobre\/ile-oba-ase-ogodo\/#mainImage","width":280,"height":280,"caption":"Il\u00ea Ob\u00e1 Ase Ogodo"},"primaryImageOfPage":{"@id":"https:\/\/www.encontrabomretiro.com.br\/sobre\/ile-oba-ase-ogodo\/#mainImage"},"datePublished":"2026-08-30T05:01:30-02:00","dateModified":"2026-08-30T05:01:30-02:00"},{"@type":"WebSite","@id":"https:\/\/www.encontrabomretiro.com.br\/sobre\/#website","url":"https:\/\/www.encontrabomretiro.com.br\/sobre\/","name":"Encontra Bom Retiro","description":"Not\u00edcias, eventos, informa\u00e7\u00f5es e dicas no bairro do Bom Retiro e regi\u00e3o.","inLanguage":"pt-BR","publisher":{"@id":"https:\/\/www.encontrabomretiro.com.br\/sobre\/#organization"}}]},"og:locale":"pt_BR","og:site_name":"Encontra Bom Retiro | Not\u00edcias, eventos, informa\u00e7\u00f5es e dicas no bairro do Bom Retiro e regi\u00e3o.","og:type":"article","og:title":"Il\u00ea Ob\u00e1 Ase Ogodo | Encontra Bom Retiro","og:description":"Il\u00ea Ob\u00e1 Ase Ogodo revela a tradi\u00e7\u00e3o da Lavagem das Escadarias.","og:url":"https:\/\/www.encontrabomretiro.com.br\/sobre\/ile-oba-ase-ogodo\/","article:published_time":"2026-08-30T07:01:30+00:00","article:modified_time":"2026-08-30T07:01:30+00:00","twitter:card":"summary_large_image","twitter:title":"Il\u00ea Ob\u00e1 Ase Ogodo | Encontra Bom Retiro","twitter:description":"Il\u00ea Ob\u00e1 Ase Ogodo revela a tradi\u00e7\u00e3o da Lavagem das Escadarias."},"aioseo_meta_data":{"post_id":"3411","title":null,"description":null,"keywords":null,"keyphrases":null,"primary_term":null,"canonical_url":null,"og_title":null,"og_description":null,"og_object_type":"default","og_image_type":"default","og_image_url":null,"og_image_width":null,"og_image_height":null,"og_image_custom_url":null,"og_image_custom_fields":null,"og_video":null,"og_custom_url":null,"og_article_section":null,"og_article_tags":null,"twitter_use_og":false,"twitter_card":"default","twitter_image_type":"default","twitter_image_url":null,"twitter_image_custom_url":null,"twitter_image_custom_fields":null,"twitter_title":null,"twitter_description":null,"schema":{"blockGraphs":[],"customGraphs":[],"default":{"data":{"Article":[],"Course":[],"Dataset":[],"FAQPage":[],"Movie":[],"Person":[],"Product":[],"ProductReview":[],"Car":[],"Recipe":[],"Service":[],"SoftwareApplication":[],"WebPage":[]},"graphName":"Article","isEnabled":true},"graphs":[]},"schema_type":"default","schema_type_options":null,"pillar_content":false,"robots_default":true,"robots_noindex":false,"robots_noarchive":false,"robots_nosnippet":false,"robots_nofollow":false,"robots_noimageindex":false,"robots_noodp":false,"robots_notranslate":false,"robots_max_snippet":null,"robots_max_videopreview":null,"robots_max_imagepreview":"large","priority":null,"frequency":null,"local_seo":null,"breadcrumb_settings":null,"limit_modified_date":false,"ai":null,"created":"2026-08-30 07:01:30","updated":"2026-08-30 07:45:37","focus_keyword":null,"additional_keywords":null,"truseo_locale":null,"seo_analyzer_scan_date":null},"aioseo_breadcrumb":"<div class=\"aioseo-breadcrumbs\"><span class=\"aioseo-breadcrumb\">\n\t\t\t<a href=\"https:\/\/www.encontrabomretiro.com.br\/sobre\" title=\"Dom\u00e9stica\">Dom\u00e9stica<\/a>\n\t\t<\/span><span class=\"aioseo-breadcrumb-separator\">&raquo;<\/span><span class=\"aioseo-breadcrumb\">\n\t\t\t<a href=\"https:\/\/www.encontrabomretiro.com.br\/sobre\/cultura-no-bom-retiro\/\" title=\"Cultura Bom Retiro\">Cultura Bom Retiro<\/a>\n\t\t<\/span><span class=\"aioseo-breadcrumb-separator\">&raquo;<\/span><span class=\"aioseo-breadcrumb\">\n\t\t\tIl\u00ea Ob\u00e1 Ase Ogodo\n\t\t<\/span><\/div>","aioseo_breadcrumb_json":[{"label":"Dom\u00e9stica","link":"https:\/\/www.encontrabomretiro.com.br\/sobre"},{"label":"Cultura Bom Retiro","link":"https:\/\/www.encontrabomretiro.com.br\/sobre\/cultura-no-bom-retiro\/"},{"label":"Il\u00ea Ob\u00e1 Ase Ogodo","link":"https:\/\/www.encontrabomretiro.com.br\/sobre\/ile-oba-ase-ogodo\/"}],"_links":{"self":[{"href":"https:\/\/www.encontrabomretiro.com.br\/sobre\/wp-json\/wp\/v2\/posts\/3411","targetHints":{"allow":["GET"]}}],"collection":[{"href":"https:\/\/www.encontrabomretiro.com.br\/sobre\/wp-json\/wp\/v2\/posts"}],"about":[{"href":"https:\/\/www.encontrabomretiro.com.br\/sobre\/wp-json\/wp\/v2\/types\/post"}],"author":[{"embeddable":true,"href":"https:\/\/www.encontrabomretiro.com.br\/sobre\/wp-json\/wp\/v2\/users\/1"}],"replies":[{"embeddable":true,"href":"https:\/\/www.encontrabomretiro.com.br\/sobre\/wp-json\/wp\/v2\/comments?post=3411"}],"version-history":[{"count":0,"href":"https:\/\/www.encontrabomretiro.com.br\/sobre\/wp-json\/wp\/v2\/posts\/3411\/revisions"}],"wp:featuredmedia":[{"embeddable":true,"href":"https:\/\/www.encontrabomretiro.com.br\/sobre\/wp-json\/wp\/v2\/media\/3410"}],"wp:attachment":[{"href":"https:\/\/www.encontrabomretiro.com.br\/sobre\/wp-json\/wp\/v2\/media?parent=3411"}],"wp:term":[{"taxonomy":"category","embeddable":true,"href":"https:\/\/www.encontrabomretiro.com.br\/sobre\/wp-json\/wp\/v2\/categories?post=3411"},{"taxonomy":"post_tag","embeddable":true,"href":"https:\/\/www.encontrabomretiro.com.br\/sobre\/wp-json\/wp\/v2\/tags?post=3411"}],"curies":[{"name":"wp","href":"https:\/\/api.w.org\/{rel}","templated":true}]}}