{"id":3405,"date":"2026-08-27T21:31:18","date_gmt":"2026-08-27T23:31:18","guid":{"rendered":"https:\/\/www.encontrabomretiro.com.br\/sobre\/festival-sesc-80-anos-e-celebrado-em-tres-dias-de-programacao-gratuita\/"},"modified":"2026-08-27T21:31:18","modified_gmt":"2026-08-27T23:31:18","slug":"festival-sesc-80-anos-e-celebrado-em-tres-dias-de-programacao-gratuita","status":"publish","type":"post","link":"https:\/\/www.encontrabomretiro.com.br\/sobre\/festival-sesc-80-anos-e-celebrado-em-tres-dias-de-programacao-gratuita\/","title":{"rendered":"Festival Sesc 80 Anos \u00e9 celebrado em tr\u00eas dias de programa\u00e7\u00e3o gratuita"},"content":{"rendered":"<div class=\"228b65ae207de3c5c501cfe75875708b\" data-index=\"1\" style=\"float: none; margin:0px;\">\n<!-- Anuncio display - global -->\r\n<ins class=\"adsbygoogle\"\r\n     style=\"display:block\"\r\n     data-ad-client=\"ca-pub-8585364105181520\"\r\n     data-ad-slot=\"8789329856\"\r\n     data-ad-format=\"auto\"\r\n     data-full-width-responsive=\"true\"><\/ins>\r\n<script>\r\n     (adsbygoogle = window.adsbygoogle || []).push({});\r\n<\/script>\n<\/div>\n<h2>Datas e Local do Festival<\/h2>\n<p>O <strong>Festival Sesc 80 Anos<\/strong> ser\u00e1 realizado entre os dias <strong>11 e 13 de setembro de 2026<\/strong>, em v\u00e1rias unidades do <strong>Sesc<\/strong> situadas em S\u00e3o Paulo, abrangendo a capital, o interior e a regi\u00e3o litor\u00e2nea. O evento est\u00e1 programado para oferecer um leque diversificado de atividades culturais e de entretenimento ao longo de tr\u00eas dias, tornando-se uma celebra\u00e7\u00e3o memor\u00e1vel para a institui\u00e7\u00e3o.<\/p>\n<h2>Atra\u00e7\u00f5es Musicais Imperd\u00edveis<\/h2>\n<p>O festival contar\u00e1 com v\u00e1rias apresenta\u00e7\u00f5es musicais destacadas, que atrair\u00e3o f\u00e3s de diversos g\u00eaneros. Entre os artistas confirmados est\u00e3o:<\/p>\n<ul>\n<li><strong>Rashid<\/strong> (<em>12\/9, 20h \u2013 Sesc Belenzinho<\/em>) com o show <em>CUMULONIMBUS<\/em>.<\/li>\n<li><strong>Rosa Passos<\/strong> (<em>12\/9, 20h e 13\/9, 18h \u2013 Sesc Belenzinho<\/em>), apresentando <em>Su\u00edte Brasileira<\/em>.<\/li>\n<li><strong>Rincon Sapi\u00eancia<\/strong> (<em>12\/9, 20h e 13\/9, 18h \u2013 Sesc Vila Mariana<\/em>).<\/li>\n<li><strong>Silva<\/strong> (<em>11 e 12\/9, 20h e 13\/9, 18h \u2013 Sesc Pompeia<\/em>) com seu repert\u00f3rio caracter\u00edstico.<\/li>\n<li><strong>Violeta de Outono<\/strong> apresentando um concerto especial em comemora\u00e7\u00e3o ao relan\u00e7amento em vinil de seu \u00e1lbum.<\/li>\n<\/ul>\n<p>Essas apresenta\u00e7\u00f5es s\u00e3o apenas uma amostra da rica programa\u00e7\u00e3o musical, com ingressos dispon\u00edveis a partir do <strong>9 de setembro<\/strong>, com retirada pr\u00e9via no Portal Sesc S\u00e3o Paulo.<\/p>\n<p><img decoding=\"async\" src=\"https:\/\/www.encontrabomretiro.com.br\/sobre\/wp-content\/uploads\/2026\/08\/festival-sesc-80-anos-e-celebrado-em-tres-dias-de-programacao-gratuita.webp\" alt=\"\" loading=\"lazy\" \/><\/p>\n<h2>Programa\u00e7\u00e3o de Teatro e Dan\u00e7a<\/h2>\n<p>A programa\u00e7\u00e3o de artes c\u00eanicas \u00e9 igualmente diversificada, com v\u00e1rias pe\u00e7as planejadas para entreter o p\u00fablico. Destaques incluem:<\/p>\n<ul>\n<li><strong>_Gota D\u2019\u00c1gua: No Tempo_<\/strong> \u2013 (11 e 12\/9, 20h e 13\/9, 18h \u2013 Sesc Santo Andr\u00e9).<\/li>\n<li><strong>_Sui Generis_<\/strong> \u2013 (11 e 12\/9, 20h \u2013 Sesc Bom Retiro).<\/li>\n<li><strong>_Trilogia Besti\u00e1rio PINK_<\/strong> \u2013 (11 e 12\/9, 19h30 e 13\/9, 18h \u2013 Sesc Pompeia).<\/li>\n<\/li>\n<li><strong>_Desde que o Mundo \u00e9 Mundo_<\/strong> \u2013 (12\/9, 17h \u2013 Sesc Itaquera).<\/li>\n<\/ul>\n<p>Os visitantes poder\u00e3o desfrutar de uma programa\u00e7\u00e3o variada que inclui dan\u00e7a, teatro e circo, garantindo um entretenimento acess\u00edvel a todos.<\/p>\n<h2>Atividades para Crian\u00e7as e Fam\u00edlias<\/h2>\n<p>Com foco nas fam\u00edlias, diversas atividades ser\u00e3o oferecidas para crian\u00e7as, incluindo:<\/p>\n<ul>\n<li><strong>_Do Outro Lado do Rio_<\/strong> \u2013 (12\/9, 14h \u2013 Sesc Itaquera).<\/li>\n<li><strong>_Uma Boneca para Menitinha_<\/strong> \u2013 (13\/9, 12h \u2013 Sesc Bom Retiro).<\/li>\n<li><strong>_Gruuvi_<\/strong> \u2013 (12 e 13\/9, 16h \u2013 Sesc Casa Verde).<\/li>\n<\/ul>\n<p>Esses eventos n\u00e3o apenas proporcionar\u00e3o divers\u00e3o, mas tamb\u00e9m fomentar\u00e3o a intera\u00e7\u00e3o e o aprendizado entre as crian\u00e7as e suas fam\u00edlias.<\/p>\n<h2>Exposi\u00e7\u00f5es de Artes Visuais<\/h2>\n<p>A \u00e1rea de exposi\u00e7\u00f5es contar\u00e1 com mostras relevantes que contemplam a arte contempor\u00e2nea. Alguns dos destaques incluem:<\/p>\n<ul>\n<li><strong>O Mundo Atrav\u00e9s da IA<\/strong> \u2013 Sesc 24 de Maio.<\/li>\n<li><strong>N\u00d3S: Arte &#038; Ci\u00eancia por Mulheres<\/strong> \u2013 Sesc Casa Verde.<\/li>\n<li><strong>Del\u00edrio Tropical: Recanto<\/strong> \u2013 Sesc Pinheiros, apresentando mais de 130 obras de artistas.<\/li>\n<\/ul>\n<p>Essas exposi\u00e7\u00f5es t\u00eam como objetivo promover di\u00e1logos sobre arte, ci\u00eancia e quest\u00f5es sociais contempor\u00e2neas.<\/p>\n<h2>Cinema no Festival Sesc<\/h2>\n<p>O cinema tamb\u00e9m ter\u00e1 um papel importante neste festival. O <em>Amor ao Cinema: 4\u00aa Edi\u00e7\u00e3o<\/em> traz uma mostra com uma sele\u00e7\u00e3o de 52 filmes, abrangendo tanto cl\u00e1ssicos quanto estreias. Encontros e sess\u00f5es especiais enriquecer\u00e3o ainda mais a experi\u00eancia cinematogr\u00e1fica dos participantes.<\/p>\n<h2>A\u00e7\u00f5es F\u00edsico-Esportivas<\/h2>\n<p>Dentro da programa\u00e7\u00e3o, diversas atividades f\u00edsicas estar\u00e3o dispon\u00edveis, incluindo:<\/p>\n<ul>\n<li>Sa\u00fade e Cidade: Caminhada, Hist\u00f3ria, Debates e Reflex\u00f5es \u2013 Sesc Vila Mariana (12\/9).<\/li>\n<li>Aulas abertas de Hatha Yoga \u2013 Sesc Bom Retiro.<\/li>\n<li>Vem Dan\u00e7ar: Ritmos Latinos \u2013 promovendo a sa\u00fade atrav\u00e9s da dan\u00e7a.<\/li>\n<\/ul>\n<p>Essas fun\u00e7\u00f5es foram projetadas para estimular a pr\u00e1tica de um estilo de vida ativo e a socializa\u00e7\u00e3o entre os participantes.<\/p>\n<h2>Sobre a Credencial Plena do Sesc<\/h2>\n<p>A <strong>Credencial Plena<\/strong> oferece benef\u00edcios significativos, garantindo acesso gratuito em diversas atividades, incluindo a <strong>Bienal do Livro 2026<\/strong>. A gratuidade \u00e9 v\u00e1lida para todos os portadores e seus dependentes, promovendo a inclus\u00e3o e facilitando a participa\u00e7\u00e3o em eventos e servi\u00e7os dispon\u00edveis nas unidades do Sesc.<\/p>\n<h2>Hist\u00f3ria do Sesc em 80 Anos<\/h2>\n<p>Completando <strong>80 anos<\/strong>, o Sesc \u00e9 uma institui\u00e7\u00e3o que tem ampliado continuamente suas atividades nas \u00e1reas de cultura, educa\u00e7\u00e3o e sa\u00fade. Desde sua funda\u00e7\u00e3o, a institui\u00e7\u00e3o sempre teve como miss\u00e3o proporcionar uma melhor qualidade de vida aos trabalhadores do com\u00e9rcio e suas fam\u00edlias. Este anivers\u00e1rio representa n\u00e3o apenas a celebra\u00e7\u00e3o de sua hist\u00f3ria, mas tamb\u00e9m de sua cont\u00ednua evolu\u00e7\u00e3o e impactante presen\u00e7a na sociedade.<\/p>\n<h2>Como Participar do Festival<\/h2>\n<p>Para participar do <strong>Festival Sesc 80 Anos<\/strong>, os interessados devem se atentar \u00e0 retirada dos ingressos, que come\u00e7a em <strong>9 de setembro<\/strong>, \u00e0s 17h, pelo Portal Sesc S\u00e3o Paulo. A entrada \u00e9 gratuita, mas a disponibilidade depende do tipo de atividade. Cuidar da retirada antecipada \u00e9 crucial, especialmente para eventos de grande demanda.<\/p>\n\n<div style=\"font-size: 0px; height: 0px; line-height: 0px; margin: 0; padding: 0; clear: both;\"><\/div>","protected":false},"excerpt":{"rendered":"<p>Festival Sesc 80 Anos traz uma programa\u00e7\u00e3o gratuita diversificada e imperd\u00edvel.<\/p>\n","protected":false},"author":1,"featured_media":3404,"comment_status":"open","ping_status":"closed","sticky":false,"template":"","format":"standard","meta":{"footnotes":""},"categories":[9],"tags":[],"class_list":["post-3405","post","type-post","status-publish","format-standard","has-post-thumbnail","hentry","category-shows-no-bom-retiro","has_thumb"],"aioseo_notices":[],"aioseo_head":"\n\t\t<!-- All in One SEO 5.0.0.1 - aioseo.com -->\n\t<meta name=\"description\" content=\"Festival Sesc 80 Anos traz uma programa\u00e7\u00e3o gratuita diversificada e imperd\u00edvel.\" \/>\n\t<meta name=\"robots\" content=\"max-image-preview:large\" \/>\n\t<meta name=\"author\" content=\"Encontra Bom Retiro\"\/>\n\t<link rel=\"canonical\" href=\"https:\/\/www.encontrabomretiro.com.br\/sobre\/festival-sesc-80-anos-e-celebrado-em-tres-dias-de-programacao-gratuita\/\" \/>\n\t<meta name=\"generator\" content=\"All in One SEO (AIOSEO) 5.0.0.1\" \/>\n\t\t<meta property=\"og:locale\" content=\"pt_BR\" \/>\n\t\t<meta property=\"og:site_name\" content=\"Encontra Bom Retiro | Not\u00edcias, eventos, informa\u00e7\u00f5es e dicas no bairro do Bom Retiro e regi\u00e3o.\" \/>\n\t\t<meta property=\"og:type\" content=\"article\" \/>\n\t\t<meta property=\"og:title\" content=\"Festival Sesc 80 Anos \u00e9 celebrado em tr\u00eas dias de programa\u00e7\u00e3o gratuita | Encontra Bom Retiro\" \/>\n\t\t<meta property=\"og:description\" content=\"Festival Sesc 80 Anos traz uma programa\u00e7\u00e3o gratuita diversificada e imperd\u00edvel.\" \/>\n\t\t<meta property=\"og:url\" content=\"https:\/\/www.encontrabomretiro.com.br\/sobre\/festival-sesc-80-anos-e-celebrado-em-tres-dias-de-programacao-gratuita\/\" \/>\n\t\t<meta property=\"article:published_time\" content=\"2026-08-27T23:31:18+00:00\" \/>\n\t\t<meta property=\"article:modified_time\" content=\"2026-08-27T23:31:18+00:00\" \/>\n\t\t<meta name=\"twitter:card\" content=\"summary_large_image\" \/>\n\t\t<meta name=\"twitter:title\" content=\"Festival Sesc 80 Anos \u00e9 celebrado em tr\u00eas dias de programa\u00e7\u00e3o gratuita | Encontra Bom Retiro\" \/>\n\t\t<meta name=\"twitter:description\" content=\"Festival Sesc 80 Anos traz uma programa\u00e7\u00e3o gratuita diversificada e imperd\u00edvel.\" \/>\n\t\t<script type=\"application\/ld+json\" class=\"aioseo-schema\">\n\t\t\t{\"@context\":\"https:\\\/\\\/schema.org\",\"@graph\":[{\"@type\":\"Article\",\"@id\":\"https:\\\/\\\/www.encontrabomretiro.com.br\\\/sobre\\\/festival-sesc-80-anos-e-celebrado-em-tres-dias-de-programacao-gratuita\\\/#article\",\"name\":\"Festival Sesc 80 Anos \\u00e9 celebrado em tr\\u00eas dias de programa\\u00e7\\u00e3o gratuita | Encontra Bom Retiro\",\"headline\":\"Festival Sesc 80 Anos \\u00e9 celebrado em tr\\u00eas dias de programa\\u00e7\\u00e3o gratuita\",\"author\":{\"@id\":\"https:\\\/\\\/www.encontrabomretiro.com.br\\\/sobre\\\/author\\\/ebomretiro\\\/#author\"},\"publisher\":{\"@id\":\"https:\\\/\\\/www.encontrabomretiro.com.br\\\/sobre\\\/#organization\"},\"image\":{\"@type\":\"ImageObject\",\"url\":\"https:\\\/\\\/www.encontrabomretiro.com.br\\\/sobre\\\/wp-content\\\/uploads\\\/2026\\\/08\\\/festival-sesc-80-anos-e-celebrado-em-tres-dias-de-programacao-gratuita.webp\",\"width\":280,\"height\":280},\"datePublished\":\"2026-08-27T21:31:18-02:00\",\"dateModified\":\"2026-08-27T21:31:18-02:00\",\"inLanguage\":\"pt-BR\",\"mainEntityOfPage\":{\"@id\":\"https:\\\/\\\/www.encontrabomretiro.com.br\\\/sobre\\\/festival-sesc-80-anos-e-celebrado-em-tres-dias-de-programacao-gratuita\\\/#webpage\"},\"isPartOf\":{\"@id\":\"https:\\\/\\\/www.encontrabomretiro.com.br\\\/sobre\\\/festival-sesc-80-anos-e-celebrado-em-tres-dias-de-programacao-gratuita\\\/#webpage\"},\"articleSection\":\"Shows Bom Retiro\"},{\"@type\":\"BreadcrumbList\",\"@id\":\"https:\\\/\\\/www.encontrabomretiro.com.br\\\/sobre\\\/festival-sesc-80-anos-e-celebrado-em-tres-dias-de-programacao-gratuita\\\/#breadcrumblist\",\"itemListElement\":[{\"@type\":\"ListItem\",\"@id\":\"https:\\\/\\\/www.encontrabomretiro.com.br\\\/sobre#listItem\",\"position\":1,\"name\":\"Dom\\u00e9stica\",\"item\":\"https:\\\/\\\/www.encontrabomretiro.com.br\\\/sobre\",\"nextItem\":{\"@type\":\"ListItem\",\"@id\":\"https:\\\/\\\/www.encontrabomretiro.com.br\\\/sobre\\\/shows-no-bom-retiro\\\/#listItem\",\"name\":\"Shows Bom Retiro\"}},{\"@type\":\"ListItem\",\"@id\":\"https:\\\/\\\/www.encontrabomretiro.com.br\\\/sobre\\\/shows-no-bom-retiro\\\/#listItem\",\"position\":2,\"name\":\"Shows Bom Retiro\",\"item\":\"https:\\\/\\\/www.encontrabomretiro.com.br\\\/sobre\\\/shows-no-bom-retiro\\\/\",\"nextItem\":{\"@type\":\"ListItem\",\"@id\":\"https:\\\/\\\/www.encontrabomretiro.com.br\\\/sobre\\\/festival-sesc-80-anos-e-celebrado-em-tres-dias-de-programacao-gratuita\\\/#listItem\",\"name\":\"Festival Sesc 80 Anos \\u00e9 celebrado em tr\\u00eas dias de programa\\u00e7\\u00e3o gratuita\"},\"previousItem\":{\"@type\":\"ListItem\",\"@id\":\"https:\\\/\\\/www.encontrabomretiro.com.br\\\/sobre#listItem\",\"name\":\"Dom\\u00e9stica\"}},{\"@type\":\"ListItem\",\"@id\":\"https:\\\/\\\/www.encontrabomretiro.com.br\\\/sobre\\\/festival-sesc-80-anos-e-celebrado-em-tres-dias-de-programacao-gratuita\\\/#listItem\",\"position\":3,\"name\":\"Festival Sesc 80 Anos \\u00e9 celebrado em tr\\u00eas dias de programa\\u00e7\\u00e3o gratuita\",\"previousItem\":{\"@type\":\"ListItem\",\"@id\":\"https:\\\/\\\/www.encontrabomretiro.com.br\\\/sobre\\\/shows-no-bom-retiro\\\/#listItem\",\"name\":\"Shows Bom Retiro\"}}]},{\"@type\":\"Organization\",\"@id\":\"https:\\\/\\\/www.encontrabomretiro.com.br\\\/sobre\\\/#organization\",\"name\":\"Encontra Bom Retiro\",\"description\":\"Not\\u00edcias, eventos, informa\\u00e7\\u00f5es e dicas no bairro do Bom Retiro e regi\\u00e3o.\",\"url\":\"https:\\\/\\\/www.encontrabomretiro.com.br\\\/sobre\\\/\"},{\"@type\":\"Person\",\"@id\":\"https:\\\/\\\/www.encontrabomretiro.com.br\\\/sobre\\\/author\\\/ebomretiro\\\/#author\",\"url\":\"https:\\\/\\\/www.encontrabomretiro.com.br\\\/sobre\\\/author\\\/ebomretiro\\\/\",\"name\":\"Encontra Bom Retiro\",\"image\":{\"@type\":\"ImageObject\",\"@id\":\"https:\\\/\\\/www.encontrabomretiro.com.br\\\/sobre\\\/festival-sesc-80-anos-e-celebrado-em-tres-dias-de-programacao-gratuita\\\/#authorImage\",\"url\":\"https:\\\/\\\/secure.gravatar.com\\\/avatar\\\/507340682b8270222e1f208e23198b6ae7e2c6a1033ae84e99bc6bce4f82a387?s=96&d=mm&r=g\",\"width\":96,\"height\":96,\"caption\":\"Encontra Bom Retiro\"}},{\"@type\":\"WebPage\",\"@id\":\"https:\\\/\\\/www.encontrabomretiro.com.br\\\/sobre\\\/festival-sesc-80-anos-e-celebrado-em-tres-dias-de-programacao-gratuita\\\/#webpage\",\"url\":\"https:\\\/\\\/www.encontrabomretiro.com.br\\\/sobre\\\/festival-sesc-80-anos-e-celebrado-em-tres-dias-de-programacao-gratuita\\\/\",\"name\":\"Festival Sesc 80 Anos \\u00e9 celebrado em tr\\u00eas dias de programa\\u00e7\\u00e3o gratuita | Encontra Bom Retiro\",\"description\":\"Festival Sesc 80 Anos traz uma programa\\u00e7\\u00e3o gratuita diversificada e imperd\\u00edvel.\",\"inLanguage\":\"pt-BR\",\"isPartOf\":{\"@id\":\"https:\\\/\\\/www.encontrabomretiro.com.br\\\/sobre\\\/#website\"},\"breadcrumb\":{\"@id\":\"https:\\\/\\\/www.encontrabomretiro.com.br\\\/sobre\\\/festival-sesc-80-anos-e-celebrado-em-tres-dias-de-programacao-gratuita\\\/#breadcrumblist\"},\"author\":{\"@id\":\"https:\\\/\\\/www.encontrabomretiro.com.br\\\/sobre\\\/author\\\/ebomretiro\\\/#author\"},\"creator\":{\"@id\":\"https:\\\/\\\/www.encontrabomretiro.com.br\\\/sobre\\\/author\\\/ebomretiro\\\/#author\"},\"image\":{\"@type\":\"ImageObject\",\"url\":\"https:\\\/\\\/www.encontrabomretiro.com.br\\\/sobre\\\/wp-content\\\/uploads\\\/2026\\\/08\\\/festival-sesc-80-anos-e-celebrado-em-tres-dias-de-programacao-gratuita.webp\",\"@id\":\"https:\\\/\\\/www.encontrabomretiro.com.br\\\/sobre\\\/festival-sesc-80-anos-e-celebrado-em-tres-dias-de-programacao-gratuita\\\/#mainImage\",\"width\":280,\"height\":280},\"primaryImageOfPage\":{\"@id\":\"https:\\\/\\\/www.encontrabomretiro.com.br\\\/sobre\\\/festival-sesc-80-anos-e-celebrado-em-tres-dias-de-programacao-gratuita\\\/#mainImage\"},\"datePublished\":\"2026-08-27T21:31:18-02:00\",\"dateModified\":\"2026-08-27T21:31:18-02:00\"},{\"@type\":\"WebSite\",\"@id\":\"https:\\\/\\\/www.encontrabomretiro.com.br\\\/sobre\\\/#website\",\"url\":\"https:\\\/\\\/www.encontrabomretiro.com.br\\\/sobre\\\/\",\"name\":\"Encontra Bom Retiro\",\"description\":\"Not\\u00edcias, eventos, informa\\u00e7\\u00f5es e dicas no bairro do Bom Retiro e regi\\u00e3o.\",\"inLanguage\":\"pt-BR\",\"publisher\":{\"@id\":\"https:\\\/\\\/www.encontrabomretiro.com.br\\\/sobre\\\/#organization\"}}]}\n\t\t<\/script>\n\t\t<!-- All in One SEO -->\n\n","aioseo_head_json":{"title":"Festival Sesc 80 Anos \u00e9 celebrado em tr\u00eas dias de programa\u00e7\u00e3o gratuita | Encontra Bom Retiro","description":"Festival Sesc 80 Anos traz uma programa\u00e7\u00e3o gratuita diversificada e imperd\u00edvel.","canonical_url":"https:\/\/www.encontrabomretiro.com.br\/sobre\/festival-sesc-80-anos-e-celebrado-em-tres-dias-de-programacao-gratuita\/","robots":"max-image-preview:large","keywords":"","webmasterTools":{"miscellaneous":""},"schema":{"@context":"https:\/\/schema.org","@graph":[{"@type":"Article","@id":"https:\/\/www.encontrabomretiro.com.br\/sobre\/festival-sesc-80-anos-e-celebrado-em-tres-dias-de-programacao-gratuita\/#article","name":"Festival Sesc 80 Anos \u00e9 celebrado em tr\u00eas dias de programa\u00e7\u00e3o gratuita | Encontra Bom Retiro","headline":"Festival Sesc 80 Anos \u00e9 celebrado em tr\u00eas dias de programa\u00e7\u00e3o gratuita","author":{"@id":"https:\/\/www.encontrabomretiro.com.br\/sobre\/author\/ebomretiro\/#author"},"publisher":{"@id":"https:\/\/www.encontrabomretiro.com.br\/sobre\/#organization"},"image":{"@type":"ImageObject","url":"https:\/\/www.encontrabomretiro.com.br\/sobre\/wp-content\/uploads\/2026\/08\/festival-sesc-80-anos-e-celebrado-em-tres-dias-de-programacao-gratuita.webp","width":280,"height":280},"datePublished":"2026-08-27T21:31:18-02:00","dateModified":"2026-08-27T21:31:18-02:00","inLanguage":"pt-BR","mainEntityOfPage":{"@id":"https:\/\/www.encontrabomretiro.com.br\/sobre\/festival-sesc-80-anos-e-celebrado-em-tres-dias-de-programacao-gratuita\/#webpage"},"isPartOf":{"@id":"https:\/\/www.encontrabomretiro.com.br\/sobre\/festival-sesc-80-anos-e-celebrado-em-tres-dias-de-programacao-gratuita\/#webpage"},"articleSection":"Shows Bom Retiro"},{"@type":"BreadcrumbList","@id":"https:\/\/www.encontrabomretiro.com.br\/sobre\/festival-sesc-80-anos-e-celebrado-em-tres-dias-de-programacao-gratuita\/#breadcrumblist","itemListElement":[{"@type":"ListItem","@id":"https:\/\/www.encontrabomretiro.com.br\/sobre#listItem","position":1,"name":"Dom\u00e9stica","item":"https:\/\/www.encontrabomretiro.com.br\/sobre","nextItem":{"@type":"ListItem","@id":"https:\/\/www.encontrabomretiro.com.br\/sobre\/shows-no-bom-retiro\/#listItem","name":"Shows Bom Retiro"}},{"@type":"ListItem","@id":"https:\/\/www.encontrabomretiro.com.br\/sobre\/shows-no-bom-retiro\/#listItem","position":2,"name":"Shows Bom Retiro","item":"https:\/\/www.encontrabomretiro.com.br\/sobre\/shows-no-bom-retiro\/","nextItem":{"@type":"ListItem","@id":"https:\/\/www.encontrabomretiro.com.br\/sobre\/festival-sesc-80-anos-e-celebrado-em-tres-dias-de-programacao-gratuita\/#listItem","name":"Festival Sesc 80 Anos \u00e9 celebrado em tr\u00eas dias de programa\u00e7\u00e3o gratuita"},"previousItem":{"@type":"ListItem","@id":"https:\/\/www.encontrabomretiro.com.br\/sobre#listItem","name":"Dom\u00e9stica"}},{"@type":"ListItem","@id":"https:\/\/www.encontrabomretiro.com.br\/sobre\/festival-sesc-80-anos-e-celebrado-em-tres-dias-de-programacao-gratuita\/#listItem","position":3,"name":"Festival Sesc 80 Anos \u00e9 celebrado em tr\u00eas dias de programa\u00e7\u00e3o gratuita","previousItem":{"@type":"ListItem","@id":"https:\/\/www.encontrabomretiro.com.br\/sobre\/shows-no-bom-retiro\/#listItem","name":"Shows Bom Retiro"}}]},{"@type":"Organization","@id":"https:\/\/www.encontrabomretiro.com.br\/sobre\/#organization","name":"Encontra Bom Retiro","description":"Not\u00edcias, eventos, informa\u00e7\u00f5es e dicas no bairro do Bom Retiro e regi\u00e3o.","url":"https:\/\/www.encontrabomretiro.com.br\/sobre\/"},{"@type":"Person","@id":"https:\/\/www.encontrabomretiro.com.br\/sobre\/author\/ebomretiro\/#author","url":"https:\/\/www.encontrabomretiro.com.br\/sobre\/author\/ebomretiro\/","name":"Encontra Bom Retiro","image":{"@type":"ImageObject","@id":"https:\/\/www.encontrabomretiro.com.br\/sobre\/festival-sesc-80-anos-e-celebrado-em-tres-dias-de-programacao-gratuita\/#authorImage","url":"https:\/\/secure.gravatar.com\/avatar\/507340682b8270222e1f208e23198b6ae7e2c6a1033ae84e99bc6bce4f82a387?s=96&d=mm&r=g","width":96,"height":96,"caption":"Encontra Bom Retiro"}},{"@type":"WebPage","@id":"https:\/\/www.encontrabomretiro.com.br\/sobre\/festival-sesc-80-anos-e-celebrado-em-tres-dias-de-programacao-gratuita\/#webpage","url":"https:\/\/www.encontrabomretiro.com.br\/sobre\/festival-sesc-80-anos-e-celebrado-em-tres-dias-de-programacao-gratuita\/","name":"Festival Sesc 80 Anos \u00e9 celebrado em tr\u00eas dias de programa\u00e7\u00e3o gratuita | Encontra Bom Retiro","description":"Festival Sesc 80 Anos traz uma programa\u00e7\u00e3o gratuita diversificada e imperd\u00edvel.","inLanguage":"pt-BR","isPartOf":{"@id":"https:\/\/www.encontrabomretiro.com.br\/sobre\/#website"},"breadcrumb":{"@id":"https:\/\/www.encontrabomretiro.com.br\/sobre\/festival-sesc-80-anos-e-celebrado-em-tres-dias-de-programacao-gratuita\/#breadcrumblist"},"author":{"@id":"https:\/\/www.encontrabomretiro.com.br\/sobre\/author\/ebomretiro\/#author"},"creator":{"@id":"https:\/\/www.encontrabomretiro.com.br\/sobre\/author\/ebomretiro\/#author"},"image":{"@type":"ImageObject","url":"https:\/\/www.encontrabomretiro.com.br\/sobre\/wp-content\/uploads\/2026\/08\/festival-sesc-80-anos-e-celebrado-em-tres-dias-de-programacao-gratuita.webp","@id":"https:\/\/www.encontrabomretiro.com.br\/sobre\/festival-sesc-80-anos-e-celebrado-em-tres-dias-de-programacao-gratuita\/#mainImage","width":280,"height":280},"primaryImageOfPage":{"@id":"https:\/\/www.encontrabomretiro.com.br\/sobre\/festival-sesc-80-anos-e-celebrado-em-tres-dias-de-programacao-gratuita\/#mainImage"},"datePublished":"2026-08-27T21:31:18-02:00","dateModified":"2026-08-27T21:31:18-02:00"},{"@type":"WebSite","@id":"https:\/\/www.encontrabomretiro.com.br\/sobre\/#website","url":"https:\/\/www.encontrabomretiro.com.br\/sobre\/","name":"Encontra Bom Retiro","description":"Not\u00edcias, eventos, informa\u00e7\u00f5es e dicas no bairro do Bom Retiro e regi\u00e3o.","inLanguage":"pt-BR","publisher":{"@id":"https:\/\/www.encontrabomretiro.com.br\/sobre\/#organization"}}]},"og:locale":"pt_BR","og:site_name":"Encontra Bom Retiro | Not\u00edcias, eventos, informa\u00e7\u00f5es e dicas no bairro do Bom Retiro e regi\u00e3o.","og:type":"article","og:title":"Festival Sesc 80 Anos \u00e9 celebrado em tr\u00eas dias de programa\u00e7\u00e3o gratuita | Encontra Bom Retiro","og:description":"Festival Sesc 80 Anos traz uma programa\u00e7\u00e3o gratuita diversificada e imperd\u00edvel.","og:url":"https:\/\/www.encontrabomretiro.com.br\/sobre\/festival-sesc-80-anos-e-celebrado-em-tres-dias-de-programacao-gratuita\/","article:published_time":"2026-08-27T23:31:18+00:00","article:modified_time":"2026-08-27T23:31:18+00:00","twitter:card":"summary_large_image","twitter:title":"Festival Sesc 80 Anos \u00e9 celebrado em tr\u00eas dias de programa\u00e7\u00e3o gratuita | Encontra Bom Retiro","twitter:description":"Festival Sesc 80 Anos traz uma programa\u00e7\u00e3o gratuita diversificada e imperd\u00edvel."},"aioseo_meta_data":{"post_id":"3405","title":null,"description":null,"keywords":null,"keyphrases":null,"primary_term":null,"canonical_url":null,"og_title":null,"og_description":null,"og_object_type":"default","og_image_type":"default","og_image_url":null,"og_image_width":null,"og_image_height":null,"og_image_custom_url":null,"og_image_custom_fields":null,"og_video":null,"og_custom_url":null,"og_article_section":null,"og_article_tags":null,"twitter_use_og":false,"twitter_card":"default","twitter_image_type":"default","twitter_image_url":null,"twitter_image_custom_url":null,"twitter_image_custom_fields":null,"twitter_title":null,"twitter_description":null,"schema":{"blockGraphs":[],"customGraphs":[],"default":{"data":{"Article":[],"Course":[],"Dataset":[],"FAQPage":[],"Movie":[],"Person":[],"Product":[],"ProductReview":[],"Car":[],"Recipe":[],"Service":[],"SoftwareApplication":[],"WebPage":[]},"graphName":"Article","isEnabled":true},"graphs":[]},"schema_type":"default","schema_type_options":null,"pillar_content":false,"robots_default":true,"robots_noindex":false,"robots_noarchive":false,"robots_nosnippet":false,"robots_nofollow":false,"robots_noimageindex":false,"robots_noodp":false,"robots_notranslate":false,"robots_max_snippet":null,"robots_max_videopreview":null,"robots_max_imagepreview":"large","priority":null,"frequency":null,"local_seo":null,"breadcrumb_settings":null,"limit_modified_date":false,"ai":null,"created":"2026-08-27 23:31:18","updated":"2026-08-28 00:07:22","focus_keyword":null,"additional_keywords":null,"truseo_locale":null,"seo_analyzer_scan_date":null},"aioseo_breadcrumb":"<div class=\"aioseo-breadcrumbs\"><span class=\"aioseo-breadcrumb\">\n\t\t\t<a href=\"https:\/\/www.encontrabomretiro.com.br\/sobre\" title=\"Dom\u00e9stica\">Dom\u00e9stica<\/a>\n\t\t<\/span><span class=\"aioseo-breadcrumb-separator\">&raquo;<\/span><span class=\"aioseo-breadcrumb\">\n\t\t\t<a href=\"https:\/\/www.encontrabomretiro.com.br\/sobre\/shows-no-bom-retiro\/\" title=\"Shows Bom Retiro\">Shows Bom Retiro<\/a>\n\t\t<\/span><span class=\"aioseo-breadcrumb-separator\">&raquo;<\/span><span class=\"aioseo-breadcrumb\">\n\t\t\tFestival Sesc 80 Anos \u00e9 celebrado em tr\u00eas dias de programa\u00e7\u00e3o gratuita\n\t\t<\/span><\/div>","aioseo_breadcrumb_json":[{"label":"Dom\u00e9stica","link":"https:\/\/www.encontrabomretiro.com.br\/sobre"},{"label":"Shows Bom Retiro","link":"https:\/\/www.encontrabomretiro.com.br\/sobre\/shows-no-bom-retiro\/"},{"label":"Festival Sesc 80 Anos \u00e9 celebrado em tr\u00eas dias de programa\u00e7\u00e3o gratuita","link":"https:\/\/www.encontrabomretiro.com.br\/sobre\/festival-sesc-80-anos-e-celebrado-em-tres-dias-de-programacao-gratuita\/"}],"_links":{"self":[{"href":"https:\/\/www.encontrabomretiro.com.br\/sobre\/wp-json\/wp\/v2\/posts\/3405","targetHints":{"allow":["GET"]}}],"collection":[{"href":"https:\/\/www.encontrabomretiro.com.br\/sobre\/wp-json\/wp\/v2\/posts"}],"about":[{"href":"https:\/\/www.encontrabomretiro.com.br\/sobre\/wp-json\/wp\/v2\/types\/post"}],"author":[{"embeddable":true,"href":"https:\/\/www.encontrabomretiro.com.br\/sobre\/wp-json\/wp\/v2\/users\/1"}],"replies":[{"embeddable":true,"href":"https:\/\/www.encontrabomretiro.com.br\/sobre\/wp-json\/wp\/v2\/comments?post=3405"}],"version-history":[{"count":0,"href":"https:\/\/www.encontrabomretiro.com.br\/sobre\/wp-json\/wp\/v2\/posts\/3405\/revisions"}],"wp:featuredmedia":[{"embeddable":true,"href":"https:\/\/www.encontrabomretiro.com.br\/sobre\/wp-json\/wp\/v2\/media\/3404"}],"wp:attachment":[{"href":"https:\/\/www.encontrabomretiro.com.br\/sobre\/wp-json\/wp\/v2\/media?parent=3405"}],"wp:term":[{"taxonomy":"category","embeddable":true,"href":"https:\/\/www.encontrabomretiro.com.br\/sobre\/wp-json\/wp\/v2\/categories?post=3405"},{"taxonomy":"post_tag","embeddable":true,"href":"https:\/\/www.encontrabomretiro.com.br\/sobre\/wp-json\/wp\/v2\/tags?post=3405"}],"curies":[{"name":"wp","href":"https:\/\/api.w.org\/{rel}","templated":true}]}}