{"id":3403,"date":"2026-08-27T21:30:10","date_gmt":"2026-08-27T23:30:10","guid":{"rendered":"https:\/\/www.encontrabomretiro.com.br\/sobre\/toca-experiencias-e-historias-da-musica-no-uol\/"},"modified":"2026-08-27T21:30:10","modified_gmt":"2026-08-27T23:30:10","slug":"toca-experiencias-e-historias-da-musica-no-uol","status":"publish","type":"post","link":"https:\/\/www.encontrabomretiro.com.br\/sobre\/toca-experiencias-e-historias-da-musica-no-uol\/","title":{"rendered":"Toca | Experi\u00eancias e hist\u00f3rias da m\u00fasica no UOL"},"content":{"rendered":"<div class=\"228b65ae207de3c5c501cfe75875708b\" data-index=\"1\" style=\"float: none; margin:0px;\">\n<!-- Anuncio display - global -->\r\n<ins class=\"adsbygoogle\"\r\n     style=\"display:block\"\r\n     data-ad-client=\"ca-pub-8585364105181520\"\r\n     data-ad-slot=\"8789329856\"\r\n     data-ad-format=\"auto\"\r\n     data-full-width-responsive=\"true\"><\/ins>\r\n<script>\r\n     (adsbygoogle = window.adsbygoogle || []).push({});\r\n<\/script>\n<\/div>\n<h2>As Principais Atra\u00e7\u00f5es do Rock in Rio<\/h2>\n<p>O <strong>Rock in Rio<\/strong> \u00e9 muito mais que um festival de m\u00fasica; \u00e9 um evento que atrai os maiores nomes da m\u00fasica mundial. Na edi\u00e7\u00e3o de 2026, o festival contar\u00e1 com artistas como <strong>Machine Gun Kelly<\/strong>, <strong>Maroon 5<\/strong> e <strong>Demi Lovato<\/strong>, que prometem performances inesquec\u00edveis. Machine Gun Kelly, conhecido por sua fus\u00e3o de rock e hip-hop, se apresentar\u00e1 no Palco Mundo, antes de seguir para um concerto solo em S\u00e3o Paulo, ap\u00f3s uma mudan\u00e7a de local que gerou expectativa entre os f\u00e3s.<\/p>\n<p>A banda Maroon 5, que se mostrar\u00e1 em v\u00e1rias cidades brasileiras, inclusive S\u00e3o Jos\u00e9 do Rio Preto e Salvador, vai levar seu som pop caracter\u00edstico a um p\u00fablico diversificado. J\u00e1 Laufey, uma nova sensa\u00e7\u00e3o no cen\u00e1rio musical, trar\u00e1 uma mistura de jazz e pop para o festival, atraindo um p\u00fablico crescente e fiel.<\/p>\n<p>A presen\u00e7a de <strong>Foo Fighters<\/strong>, que se apresenta na abertura do festival e depois retorna para um show pr\u00f3prio em 2027, mostra como o Rock in Rio se tornou um ponto de refer\u00eancia n\u00e3o apenas para os artistas, mas tamb\u00e9m para os f\u00e3s.<\/p>\n<p><img decoding=\"async\" src=\"https:\/\/www.encontrabomretiro.com.br\/sobre\/wp-content\/uploads\/2026\/08\/toca-experiencias-e-historias-da-musica-no-uol.webp\" alt=\"experi\u00eancias musicais\" loading=\"lazy\" \/><\/p>\n<h2>Novos Artistas que Est\u00e3o Bombando no Brasil<\/h2>\n<p>Al\u00e9m dos grandes nomes, o festival tamb\u00e9m d\u00e1 espa\u00e7o para novos talentos. Artistas como <strong>Cidad\u00e3o Instigado<\/strong> e <strong>Ala\u00edde Costa<\/strong> oferecem uma perspectiva fresca \u00e0 m\u00fasica brasileira, misturando diferentes g\u00eaneros e estilos. A apresenta\u00e7\u00e3o de Cidad\u00e3o Instigado em um palco ic\u00f4nico abre portas para p\u00fablicos que buscam novas experi\u00eancias musicais.<\/p>\n<p>Outro destaque \u00e9 a cantora Loulu Gilberto, filha de Jo\u00e3o Gilberto, que traz uma nova perspectiva \u00e0 <strong>bossa nova<\/strong> ao lado de veteranos como Roberto Menescal e Danilo Caymmi. Este encontro gera um di\u00e1logo musical entre as gera\u00e7\u00f5es, reafirmando a for\u00e7a do g\u00eanero no Brasil.<\/p>\n<h2>Espa\u00e7os Musicais Imperd\u00edveis para Visitar<\/h2>\n<p>Estar presente no Rock in Rio \u00e9 apenas um aspecto do festival; explorar os diversos espa\u00e7os musicais tamb\u00e9m \u00e9 fundamental. O <strong>Palco Sunset<\/strong> \u00e9 conhecido por promover colabora\u00e7\u00f5es inesperadas entre artistas, enquanto o <strong>Palco Mundo<\/strong> \u00e9 o cora\u00e7\u00e3o pulsante onde se apresentam as principais atra\u00e7\u00f5es do festival.<\/p>\n<p>Visitar o espa\u00e7o <strong>Rock Street<\/strong>, que recria as vibrantes ruas do rock, \u00e9 uma experi\u00eancia cultural que remete \u00e0s ra\u00edzes do festival. Os visitantes podem desfrutar de v\u00e1rias experi\u00eancias gastron\u00f4micas e art\u00edsticas que celebram a diversidade musical.<\/p>\n<h2>Reviva os Melhores Momentos do Festival<\/h2>\n<p>O Rock in Rio \u00e9 repleto de momentos ic\u00f4nicos que ficam gravados na mem\u00f3ria coletiva dos f\u00e3s. Um dos shows mais lembrados foi o de <strong>Aerosmith<\/strong>, que deixou sua marca com uma apresenta\u00e7\u00e3o energ\u00e9tica e cheia de cl\u00e1ssicos. Eventos como esse s\u00e3o o que fazem o festival se destacar e se tornar uma refer\u00eancia cultural.<\/p>\n<h2>Entrevistas Exclusivas com Bandas e Cantores<\/h2>\n<p>As entrevistas s\u00e3o uma \u00f3tima maneira de entender a vis\u00e3o dos artistas sobre o festival. Este ano, entrevistas em profundidade com bandas como <strong>Foo Fighters<\/strong> e <strong>Demi Lovato<\/strong> revelam suas expectativas para as apresenta\u00e7\u00f5es e como elas se conectam com o p\u00fablico. Essas conversas nos permitem conhecer o lado humano dos artistas, al\u00e9m de suas trajet\u00f3rias musicais.<\/p>\n<h2>Experi\u00eancias que Voc\u00ea N\u00e3o Pode Deixar Passar<\/h2>\n<p>Uma visita ao Rock in Rio n\u00e3o est\u00e1 completa sem se aventurar nas diversas experi\u00eancias interativas que o festival oferece. Por exemplo, o <strong>Espa\u00e7o dos Artistas<\/strong> permite que os f\u00e3s tenham uma vis\u00e3o mais pr\u00f3xima do dia a dia dos seus \u00eddolos, enquanto os <strong>stands interativos<\/strong> proporcionam oportunidades de vivenciar a m\u00fasica de maneiras imersivas.<\/p>\n<h2>Os Bastidores das Apresenta\u00e7\u00f5es ao Vivo<\/h2>\n<p>A magia do festival n\u00e3o se limita \u00e0s performances no palco. Os bastidores do Rock in Rio s\u00e3o igualmente fascinantes, com um fluxo constante de prepara\u00e7\u00e3o e ensaios. Fotografias e relatos de como os artistas se preparam d\u00e3o uma nova cor ao evento, mostrando o esfor\u00e7o e dedica\u00e7\u00e3o que v\u00e3o por tr\u00e1s de cada show.<\/p>\n<h2>A Influ\u00eancia do UOL na M\u00fasica Brasileira<\/h2>\n<p>Com uma cobertura abrangente, o <strong>UOL<\/strong> tem um papel crucial na promo\u00e7\u00e3o da m\u00fasica brasileira, destacando n\u00e3o apenas eventos grandes como o Rock in Rio, mas tamb\u00e9m artistas emergentes e cen\u00e1rios musicais menos vis\u00edveis. Seu papel como um dos principais agentes de informa\u00e7\u00e3o ajuda a conectar pessoas e m\u00fasica.<\/p>\n<h2>Como a M\u00fasica Conecta Gera\u00e7\u00f5es<\/h2>\n<p>A m\u00fasica sempre teve o poder de unir pessoas de diferentes idades e culturas. O Rock in Rio exemplifica isso com sua variada programa\u00e7\u00e3o que abrange desde os cl\u00e1ssicos at\u00e9 os novos favoritos, permitindo que diferentes gera\u00e7\u00f5es se juntem e compartilhem experi\u00eancias musicais significativas.<\/p>\n<h2>O Impacto dos Shows de Lan\u00e7amento<\/h2>\n<p>Os shows de lan\u00e7amento realizados durante o Rock in Rio t\u00eam um papel fundamental na divulga\u00e7\u00e3o de novos \u00e1lbuns e artistas. Muitas vezes, esses eventos marcam um ponto de virada na carreira dos artistas, proporcionando uma plataforma global para suas m\u00fasicas. Artistas como <strong>Laufey<\/strong> alcan\u00e7ando sucesso em uma escala maior \u00e9 um exemplo perfeito desse fen\u00f4meno.<\/p>\n\n<div style=\"font-size: 0px; height: 0px; line-height: 0px; margin: 0; padding: 0; clear: both;\"><\/div>","protected":false},"excerpt":{"rendered":"<p>Toca traz as \u00faltimas novidades e experi\u00eancias musicais do UOL para voc\u00ea.<\/p>\n","protected":false},"author":1,"featured_media":3402,"comment_status":"open","ping_status":"closed","sticky":false,"template":"","format":"standard","meta":{"footnotes":""},"categories":[17],"tags":[],"class_list":["post-3403","post","type-post","status-publish","format-standard","has-post-thumbnail","hentry","category-cultura-no-bom-retiro","has_thumb"],"aioseo_notices":[],"aioseo_head":"\n\t\t<!-- All in One SEO 5.0.0.1 - aioseo.com -->\n\t<meta name=\"description\" content=\"Toca traz as \u00faltimas novidades e experi\u00eancias musicais do UOL para voc\u00ea.\" \/>\n\t<meta name=\"robots\" content=\"max-image-preview:large\" \/>\n\t<meta name=\"author\" content=\"Encontra Bom Retiro\"\/>\n\t<link rel=\"canonical\" href=\"https:\/\/www.encontrabomretiro.com.br\/sobre\/toca-experiencias-e-historias-da-musica-no-uol\/\" \/>\n\t<meta name=\"generator\" content=\"All in One SEO (AIOSEO) 5.0.0.1\" \/>\n\t\t<meta property=\"og:locale\" content=\"pt_BR\" \/>\n\t\t<meta property=\"og:site_name\" content=\"Encontra Bom Retiro | Not\u00edcias, eventos, informa\u00e7\u00f5es e dicas no bairro do Bom Retiro e regi\u00e3o.\" \/>\n\t\t<meta property=\"og:type\" content=\"article\" \/>\n\t\t<meta property=\"og:title\" content=\"Toca | Experi\u00eancias e hist\u00f3rias da m\u00fasica no UOL | Encontra Bom Retiro\" \/>\n\t\t<meta property=\"og:description\" content=\"Toca traz as \u00faltimas novidades e experi\u00eancias musicais do UOL para voc\u00ea.\" \/>\n\t\t<meta property=\"og:url\" content=\"https:\/\/www.encontrabomretiro.com.br\/sobre\/toca-experiencias-e-historias-da-musica-no-uol\/\" \/>\n\t\t<meta property=\"article:published_time\" content=\"2026-08-27T23:30:10+00:00\" \/>\n\t\t<meta property=\"article:modified_time\" content=\"2026-08-27T23:30:10+00:00\" \/>\n\t\t<meta name=\"twitter:card\" content=\"summary_large_image\" \/>\n\t\t<meta name=\"twitter:title\" content=\"Toca | Experi\u00eancias e hist\u00f3rias da m\u00fasica no UOL | Encontra Bom Retiro\" \/>\n\t\t<meta name=\"twitter:description\" content=\"Toca traz as \u00faltimas novidades e experi\u00eancias musicais do UOL para voc\u00ea.\" \/>\n\t\t<script type=\"application\/ld+json\" class=\"aioseo-schema\">\n\t\t\t{\"@context\":\"https:\\\/\\\/schema.org\",\"@graph\":[{\"@type\":\"Article\",\"@id\":\"https:\\\/\\\/www.encontrabomretiro.com.br\\\/sobre\\\/toca-experiencias-e-historias-da-musica-no-uol\\\/#article\",\"name\":\"Toca | Experi\\u00eancias e hist\\u00f3rias da m\\u00fasica no UOL | Encontra Bom Retiro\",\"headline\":\"Toca | Experi\\u00eancias e hist\\u00f3rias da m\\u00fasica no UOL\",\"author\":{\"@id\":\"https:\\\/\\\/www.encontrabomretiro.com.br\\\/sobre\\\/author\\\/ebomretiro\\\/#author\"},\"publisher\":{\"@id\":\"https:\\\/\\\/www.encontrabomretiro.com.br\\\/sobre\\\/#organization\"},\"image\":{\"@type\":\"ImageObject\",\"url\":\"https:\\\/\\\/www.encontrabomretiro.com.br\\\/sobre\\\/wp-content\\\/uploads\\\/2026\\\/08\\\/toca-experiencias-e-historias-da-musica-no-uol.webp\",\"width\":280,\"height\":280,\"caption\":\"experi\\u00eancias musicais\"},\"datePublished\":\"2026-08-27T21:30:10-02:00\",\"dateModified\":\"2026-08-27T21:30:10-02:00\",\"inLanguage\":\"pt-BR\",\"mainEntityOfPage\":{\"@id\":\"https:\\\/\\\/www.encontrabomretiro.com.br\\\/sobre\\\/toca-experiencias-e-historias-da-musica-no-uol\\\/#webpage\"},\"isPartOf\":{\"@id\":\"https:\\\/\\\/www.encontrabomretiro.com.br\\\/sobre\\\/toca-experiencias-e-historias-da-musica-no-uol\\\/#webpage\"},\"articleSection\":\"Cultura Bom Retiro\"},{\"@type\":\"BreadcrumbList\",\"@id\":\"https:\\\/\\\/www.encontrabomretiro.com.br\\\/sobre\\\/toca-experiencias-e-historias-da-musica-no-uol\\\/#breadcrumblist\",\"itemListElement\":[{\"@type\":\"ListItem\",\"@id\":\"https:\\\/\\\/www.encontrabomretiro.com.br\\\/sobre#listItem\",\"position\":1,\"name\":\"Dom\\u00e9stica\",\"item\":\"https:\\\/\\\/www.encontrabomretiro.com.br\\\/sobre\",\"nextItem\":{\"@type\":\"ListItem\",\"@id\":\"https:\\\/\\\/www.encontrabomretiro.com.br\\\/sobre\\\/cultura-no-bom-retiro\\\/#listItem\",\"name\":\"Cultura Bom Retiro\"}},{\"@type\":\"ListItem\",\"@id\":\"https:\\\/\\\/www.encontrabomretiro.com.br\\\/sobre\\\/cultura-no-bom-retiro\\\/#listItem\",\"position\":2,\"name\":\"Cultura Bom Retiro\",\"item\":\"https:\\\/\\\/www.encontrabomretiro.com.br\\\/sobre\\\/cultura-no-bom-retiro\\\/\",\"nextItem\":{\"@type\":\"ListItem\",\"@id\":\"https:\\\/\\\/www.encontrabomretiro.com.br\\\/sobre\\\/toca-experiencias-e-historias-da-musica-no-uol\\\/#listItem\",\"name\":\"Toca | Experi\\u00eancias e hist\\u00f3rias da m\\u00fasica no UOL\"},\"previousItem\":{\"@type\":\"ListItem\",\"@id\":\"https:\\\/\\\/www.encontrabomretiro.com.br\\\/sobre#listItem\",\"name\":\"Dom\\u00e9stica\"}},{\"@type\":\"ListItem\",\"@id\":\"https:\\\/\\\/www.encontrabomretiro.com.br\\\/sobre\\\/toca-experiencias-e-historias-da-musica-no-uol\\\/#listItem\",\"position\":3,\"name\":\"Toca | Experi\\u00eancias e hist\\u00f3rias da m\\u00fasica no UOL\",\"previousItem\":{\"@type\":\"ListItem\",\"@id\":\"https:\\\/\\\/www.encontrabomretiro.com.br\\\/sobre\\\/cultura-no-bom-retiro\\\/#listItem\",\"name\":\"Cultura Bom Retiro\"}}]},{\"@type\":\"Organization\",\"@id\":\"https:\\\/\\\/www.encontrabomretiro.com.br\\\/sobre\\\/#organization\",\"name\":\"Encontra Bom Retiro\",\"description\":\"Not\\u00edcias, eventos, informa\\u00e7\\u00f5es e dicas no bairro do Bom Retiro e regi\\u00e3o.\",\"url\":\"https:\\\/\\\/www.encontrabomretiro.com.br\\\/sobre\\\/\"},{\"@type\":\"Person\",\"@id\":\"https:\\\/\\\/www.encontrabomretiro.com.br\\\/sobre\\\/author\\\/ebomretiro\\\/#author\",\"url\":\"https:\\\/\\\/www.encontrabomretiro.com.br\\\/sobre\\\/author\\\/ebomretiro\\\/\",\"name\":\"Encontra Bom Retiro\",\"image\":{\"@type\":\"ImageObject\",\"@id\":\"https:\\\/\\\/www.encontrabomretiro.com.br\\\/sobre\\\/toca-experiencias-e-historias-da-musica-no-uol\\\/#authorImage\",\"url\":\"https:\\\/\\\/secure.gravatar.com\\\/avatar\\\/507340682b8270222e1f208e23198b6ae7e2c6a1033ae84e99bc6bce4f82a387?s=96&d=mm&r=g\",\"width\":96,\"height\":96,\"caption\":\"Encontra Bom Retiro\"}},{\"@type\":\"WebPage\",\"@id\":\"https:\\\/\\\/www.encontrabomretiro.com.br\\\/sobre\\\/toca-experiencias-e-historias-da-musica-no-uol\\\/#webpage\",\"url\":\"https:\\\/\\\/www.encontrabomretiro.com.br\\\/sobre\\\/toca-experiencias-e-historias-da-musica-no-uol\\\/\",\"name\":\"Toca | Experi\\u00eancias e hist\\u00f3rias da m\\u00fasica no UOL | Encontra Bom Retiro\",\"description\":\"Toca traz as \\u00faltimas novidades e experi\\u00eancias musicais do UOL para voc\\u00ea.\",\"inLanguage\":\"pt-BR\",\"isPartOf\":{\"@id\":\"https:\\\/\\\/www.encontrabomretiro.com.br\\\/sobre\\\/#website\"},\"breadcrumb\":{\"@id\":\"https:\\\/\\\/www.encontrabomretiro.com.br\\\/sobre\\\/toca-experiencias-e-historias-da-musica-no-uol\\\/#breadcrumblist\"},\"author\":{\"@id\":\"https:\\\/\\\/www.encontrabomretiro.com.br\\\/sobre\\\/author\\\/ebomretiro\\\/#author\"},\"creator\":{\"@id\":\"https:\\\/\\\/www.encontrabomretiro.com.br\\\/sobre\\\/author\\\/ebomretiro\\\/#author\"},\"image\":{\"@type\":\"ImageObject\",\"url\":\"https:\\\/\\\/www.encontrabomretiro.com.br\\\/sobre\\\/wp-content\\\/uploads\\\/2026\\\/08\\\/toca-experiencias-e-historias-da-musica-no-uol.webp\",\"@id\":\"https:\\\/\\\/www.encontrabomretiro.com.br\\\/sobre\\\/toca-experiencias-e-historias-da-musica-no-uol\\\/#mainImage\",\"width\":280,\"height\":280,\"caption\":\"experi\\u00eancias musicais\"},\"primaryImageOfPage\":{\"@id\":\"https:\\\/\\\/www.encontrabomretiro.com.br\\\/sobre\\\/toca-experiencias-e-historias-da-musica-no-uol\\\/#mainImage\"},\"datePublished\":\"2026-08-27T21:30:10-02:00\",\"dateModified\":\"2026-08-27T21:30:10-02:00\"},{\"@type\":\"WebSite\",\"@id\":\"https:\\\/\\\/www.encontrabomretiro.com.br\\\/sobre\\\/#website\",\"url\":\"https:\\\/\\\/www.encontrabomretiro.com.br\\\/sobre\\\/\",\"name\":\"Encontra Bom Retiro\",\"description\":\"Not\\u00edcias, eventos, informa\\u00e7\\u00f5es e dicas no bairro do Bom Retiro e regi\\u00e3o.\",\"inLanguage\":\"pt-BR\",\"publisher\":{\"@id\":\"https:\\\/\\\/www.encontrabomretiro.com.br\\\/sobre\\\/#organization\"}}]}\n\t\t<\/script>\n\t\t<!-- All in One SEO -->\n\n","aioseo_head_json":{"title":"Toca | Experi\u00eancias e hist\u00f3rias da m\u00fasica no UOL | Encontra Bom Retiro","description":"Toca traz as \u00faltimas novidades e experi\u00eancias musicais do UOL para voc\u00ea.","canonical_url":"https:\/\/www.encontrabomretiro.com.br\/sobre\/toca-experiencias-e-historias-da-musica-no-uol\/","robots":"max-image-preview:large","keywords":"","webmasterTools":{"miscellaneous":""},"schema":{"@context":"https:\/\/schema.org","@graph":[{"@type":"Article","@id":"https:\/\/www.encontrabomretiro.com.br\/sobre\/toca-experiencias-e-historias-da-musica-no-uol\/#article","name":"Toca | Experi\u00eancias e hist\u00f3rias da m\u00fasica no UOL | Encontra Bom Retiro","headline":"Toca | Experi\u00eancias e hist\u00f3rias da m\u00fasica no UOL","author":{"@id":"https:\/\/www.encontrabomretiro.com.br\/sobre\/author\/ebomretiro\/#author"},"publisher":{"@id":"https:\/\/www.encontrabomretiro.com.br\/sobre\/#organization"},"image":{"@type":"ImageObject","url":"https:\/\/www.encontrabomretiro.com.br\/sobre\/wp-content\/uploads\/2026\/08\/toca-experiencias-e-historias-da-musica-no-uol.webp","width":280,"height":280,"caption":"experi\u00eancias musicais"},"datePublished":"2026-08-27T21:30:10-02:00","dateModified":"2026-08-27T21:30:10-02:00","inLanguage":"pt-BR","mainEntityOfPage":{"@id":"https:\/\/www.encontrabomretiro.com.br\/sobre\/toca-experiencias-e-historias-da-musica-no-uol\/#webpage"},"isPartOf":{"@id":"https:\/\/www.encontrabomretiro.com.br\/sobre\/toca-experiencias-e-historias-da-musica-no-uol\/#webpage"},"articleSection":"Cultura Bom Retiro"},{"@type":"BreadcrumbList","@id":"https:\/\/www.encontrabomretiro.com.br\/sobre\/toca-experiencias-e-historias-da-musica-no-uol\/#breadcrumblist","itemListElement":[{"@type":"ListItem","@id":"https:\/\/www.encontrabomretiro.com.br\/sobre#listItem","position":1,"name":"Dom\u00e9stica","item":"https:\/\/www.encontrabomretiro.com.br\/sobre","nextItem":{"@type":"ListItem","@id":"https:\/\/www.encontrabomretiro.com.br\/sobre\/cultura-no-bom-retiro\/#listItem","name":"Cultura Bom Retiro"}},{"@type":"ListItem","@id":"https:\/\/www.encontrabomretiro.com.br\/sobre\/cultura-no-bom-retiro\/#listItem","position":2,"name":"Cultura Bom Retiro","item":"https:\/\/www.encontrabomretiro.com.br\/sobre\/cultura-no-bom-retiro\/","nextItem":{"@type":"ListItem","@id":"https:\/\/www.encontrabomretiro.com.br\/sobre\/toca-experiencias-e-historias-da-musica-no-uol\/#listItem","name":"Toca | Experi\u00eancias e hist\u00f3rias da m\u00fasica no UOL"},"previousItem":{"@type":"ListItem","@id":"https:\/\/www.encontrabomretiro.com.br\/sobre#listItem","name":"Dom\u00e9stica"}},{"@type":"ListItem","@id":"https:\/\/www.encontrabomretiro.com.br\/sobre\/toca-experiencias-e-historias-da-musica-no-uol\/#listItem","position":3,"name":"Toca | Experi\u00eancias e hist\u00f3rias da m\u00fasica no UOL","previousItem":{"@type":"ListItem","@id":"https:\/\/www.encontrabomretiro.com.br\/sobre\/cultura-no-bom-retiro\/#listItem","name":"Cultura Bom Retiro"}}]},{"@type":"Organization","@id":"https:\/\/www.encontrabomretiro.com.br\/sobre\/#organization","name":"Encontra Bom Retiro","description":"Not\u00edcias, eventos, informa\u00e7\u00f5es e dicas no bairro do Bom Retiro e regi\u00e3o.","url":"https:\/\/www.encontrabomretiro.com.br\/sobre\/"},{"@type":"Person","@id":"https:\/\/www.encontrabomretiro.com.br\/sobre\/author\/ebomretiro\/#author","url":"https:\/\/www.encontrabomretiro.com.br\/sobre\/author\/ebomretiro\/","name":"Encontra Bom Retiro","image":{"@type":"ImageObject","@id":"https:\/\/www.encontrabomretiro.com.br\/sobre\/toca-experiencias-e-historias-da-musica-no-uol\/#authorImage","url":"https:\/\/secure.gravatar.com\/avatar\/507340682b8270222e1f208e23198b6ae7e2c6a1033ae84e99bc6bce4f82a387?s=96&d=mm&r=g","width":96,"height":96,"caption":"Encontra Bom Retiro"}},{"@type":"WebPage","@id":"https:\/\/www.encontrabomretiro.com.br\/sobre\/toca-experiencias-e-historias-da-musica-no-uol\/#webpage","url":"https:\/\/www.encontrabomretiro.com.br\/sobre\/toca-experiencias-e-historias-da-musica-no-uol\/","name":"Toca | Experi\u00eancias e hist\u00f3rias da m\u00fasica no UOL | Encontra Bom Retiro","description":"Toca traz as \u00faltimas novidades e experi\u00eancias musicais do UOL para voc\u00ea.","inLanguage":"pt-BR","isPartOf":{"@id":"https:\/\/www.encontrabomretiro.com.br\/sobre\/#website"},"breadcrumb":{"@id":"https:\/\/www.encontrabomretiro.com.br\/sobre\/toca-experiencias-e-historias-da-musica-no-uol\/#breadcrumblist"},"author":{"@id":"https:\/\/www.encontrabomretiro.com.br\/sobre\/author\/ebomretiro\/#author"},"creator":{"@id":"https:\/\/www.encontrabomretiro.com.br\/sobre\/author\/ebomretiro\/#author"},"image":{"@type":"ImageObject","url":"https:\/\/www.encontrabomretiro.com.br\/sobre\/wp-content\/uploads\/2026\/08\/toca-experiencias-e-historias-da-musica-no-uol.webp","@id":"https:\/\/www.encontrabomretiro.com.br\/sobre\/toca-experiencias-e-historias-da-musica-no-uol\/#mainImage","width":280,"height":280,"caption":"experi\u00eancias musicais"},"primaryImageOfPage":{"@id":"https:\/\/www.encontrabomretiro.com.br\/sobre\/toca-experiencias-e-historias-da-musica-no-uol\/#mainImage"},"datePublished":"2026-08-27T21:30:10-02:00","dateModified":"2026-08-27T21:30:10-02:00"},{"@type":"WebSite","@id":"https:\/\/www.encontrabomretiro.com.br\/sobre\/#website","url":"https:\/\/www.encontrabomretiro.com.br\/sobre\/","name":"Encontra Bom Retiro","description":"Not\u00edcias, eventos, informa\u00e7\u00f5es e dicas no bairro do Bom Retiro e regi\u00e3o.","inLanguage":"pt-BR","publisher":{"@id":"https:\/\/www.encontrabomretiro.com.br\/sobre\/#organization"}}]},"og:locale":"pt_BR","og:site_name":"Encontra Bom Retiro | Not\u00edcias, eventos, informa\u00e7\u00f5es e dicas no bairro do Bom Retiro e regi\u00e3o.","og:type":"article","og:title":"Toca | Experi\u00eancias e hist\u00f3rias da m\u00fasica no UOL | Encontra Bom Retiro","og:description":"Toca traz as \u00faltimas novidades e experi\u00eancias musicais do UOL para voc\u00ea.","og:url":"https:\/\/www.encontrabomretiro.com.br\/sobre\/toca-experiencias-e-historias-da-musica-no-uol\/","article:published_time":"2026-08-27T23:30:10+00:00","article:modified_time":"2026-08-27T23:30:10+00:00","twitter:card":"summary_large_image","twitter:title":"Toca | Experi\u00eancias e hist\u00f3rias da m\u00fasica no UOL | Encontra Bom Retiro","twitter:description":"Toca traz as \u00faltimas novidades e experi\u00eancias musicais do UOL para voc\u00ea."},"aioseo_meta_data":{"post_id":"3403","title":null,"description":null,"keywords":null,"keyphrases":null,"primary_term":null,"canonical_url":null,"og_title":null,"og_description":null,"og_object_type":"default","og_image_type":"default","og_image_url":null,"og_image_width":null,"og_image_height":null,"og_image_custom_url":null,"og_image_custom_fields":null,"og_video":null,"og_custom_url":null,"og_article_section":null,"og_article_tags":null,"twitter_use_og":false,"twitter_card":"default","twitter_image_type":"default","twitter_image_url":null,"twitter_image_custom_url":null,"twitter_image_custom_fields":null,"twitter_title":null,"twitter_description":null,"schema":{"blockGraphs":[],"customGraphs":[],"default":{"data":{"Article":[],"Course":[],"Dataset":[],"FAQPage":[],"Movie":[],"Person":[],"Product":[],"ProductReview":[],"Car":[],"Recipe":[],"Service":[],"SoftwareApplication":[],"WebPage":[]},"graphName":"Article","isEnabled":true},"graphs":[]},"schema_type":"default","schema_type_options":null,"pillar_content":false,"robots_default":true,"robots_noindex":false,"robots_noarchive":false,"robots_nosnippet":false,"robots_nofollow":false,"robots_noimageindex":false,"robots_noodp":false,"robots_notranslate":false,"robots_max_snippet":null,"robots_max_videopreview":null,"robots_max_imagepreview":"large","priority":null,"frequency":null,"local_seo":null,"breadcrumb_settings":null,"limit_modified_date":false,"ai":null,"created":"2026-08-27 23:30:10","updated":"2026-08-28 00:07:22","focus_keyword":null,"additional_keywords":null,"truseo_locale":null,"seo_analyzer_scan_date":null},"aioseo_breadcrumb":"<div class=\"aioseo-breadcrumbs\"><span class=\"aioseo-breadcrumb\">\n\t\t\t<a href=\"https:\/\/www.encontrabomretiro.com.br\/sobre\" title=\"Dom\u00e9stica\">Dom\u00e9stica<\/a>\n\t\t<\/span><span class=\"aioseo-breadcrumb-separator\">&raquo;<\/span><span class=\"aioseo-breadcrumb\">\n\t\t\t<a href=\"https:\/\/www.encontrabomretiro.com.br\/sobre\/cultura-no-bom-retiro\/\" title=\"Cultura Bom Retiro\">Cultura Bom Retiro<\/a>\n\t\t<\/span><span class=\"aioseo-breadcrumb-separator\">&raquo;<\/span><span class=\"aioseo-breadcrumb\">\n\t\t\tToca | Experi\u00eancias e hist\u00f3rias da m\u00fasica no UOL\n\t\t<\/span><\/div>","aioseo_breadcrumb_json":[{"label":"Dom\u00e9stica","link":"https:\/\/www.encontrabomretiro.com.br\/sobre"},{"label":"Cultura Bom Retiro","link":"https:\/\/www.encontrabomretiro.com.br\/sobre\/cultura-no-bom-retiro\/"},{"label":"Toca | Experi\u00eancias e hist\u00f3rias da m\u00fasica no UOL","link":"https:\/\/www.encontrabomretiro.com.br\/sobre\/toca-experiencias-e-historias-da-musica-no-uol\/"}],"_links":{"self":[{"href":"https:\/\/www.encontrabomretiro.com.br\/sobre\/wp-json\/wp\/v2\/posts\/3403","targetHints":{"allow":["GET"]}}],"collection":[{"href":"https:\/\/www.encontrabomretiro.com.br\/sobre\/wp-json\/wp\/v2\/posts"}],"about":[{"href":"https:\/\/www.encontrabomretiro.com.br\/sobre\/wp-json\/wp\/v2\/types\/post"}],"author":[{"embeddable":true,"href":"https:\/\/www.encontrabomretiro.com.br\/sobre\/wp-json\/wp\/v2\/users\/1"}],"replies":[{"embeddable":true,"href":"https:\/\/www.encontrabomretiro.com.br\/sobre\/wp-json\/wp\/v2\/comments?post=3403"}],"version-history":[{"count":0,"href":"https:\/\/www.encontrabomretiro.com.br\/sobre\/wp-json\/wp\/v2\/posts\/3403\/revisions"}],"wp:featuredmedia":[{"embeddable":true,"href":"https:\/\/www.encontrabomretiro.com.br\/sobre\/wp-json\/wp\/v2\/media\/3402"}],"wp:attachment":[{"href":"https:\/\/www.encontrabomretiro.com.br\/sobre\/wp-json\/wp\/v2\/media?parent=3403"}],"wp:term":[{"taxonomy":"category","embeddable":true,"href":"https:\/\/www.encontrabomretiro.com.br\/sobre\/wp-json\/wp\/v2\/categories?post=3403"},{"taxonomy":"post_tag","embeddable":true,"href":"https:\/\/www.encontrabomretiro.com.br\/sobre\/wp-json\/wp\/v2\/tags?post=3403"}],"curies":[{"name":"wp","href":"https:\/\/api.w.org\/{rel}","templated":true}]}}