{"id":3391,"date":"2026-08-26T21:23:24","date_gmt":"2026-08-26T23:23:24","guid":{"rendered":"https:\/\/www.encontrabomretiro.com.br\/sobre\/reuniao-com-a-camara-de-dirigentes-lojistas-do-bom-retiro\/"},"modified":"2026-08-26T21:23:24","modified_gmt":"2026-08-26T23:23:24","slug":"reuniao-com-a-camara-de-dirigentes-lojistas-do-bom-retiro","status":"publish","type":"post","link":"https:\/\/www.encontrabomretiro.com.br\/sobre\/reuniao-com-a-camara-de-dirigentes-lojistas-do-bom-retiro\/","title":{"rendered":"Reuni\u00e3o com a C\u00e2mara de Dirigentes Lojistas do Bom Retiro"},"content":{"rendered":"<div class=\"228b65ae207de3c5c501cfe75875708b\" data-index=\"1\" style=\"float: none; margin:0px;\">\n<!-- Anuncio display - global -->\r\n<ins class=\"adsbygoogle\"\r\n     style=\"display:block\"\r\n     data-ad-client=\"ca-pub-8585364105181520\"\r\n     data-ad-slot=\"8789329856\"\r\n     data-ad-format=\"auto\"\r\n     data-full-width-responsive=\"true\"><\/ins>\r\n<script>\r\n     (adsbygoogle = window.adsbygoogle || []).push({});\r\n<\/script>\n<\/div>\n<h2>Objetivos da Reuni\u00e3o da CDL Bom Retiro<\/h2>\n<p>A reuni\u00e3o com a C\u00e2mara de Dirigentes Lojistas do Bom Retiro tem como principal meta discutir assuntos relevantes \u00e0 administra\u00e7\u00e3o e fiscaliza\u00e7\u00e3o das atividades comerciais na regi\u00e3o. O encontro visa alinhar expectativas, ouvir sugest\u00f5es e encontrar solu\u00e7\u00f5es conjuntas que beneficiem os lojistas, assegurando um ambiente de neg\u00f3cios favor\u00e1vel e bem regulado.<\/p>\n<h2>Import\u00e2ncia da Zeladoria para os Lojistas<\/h2>\n<p>A zeladoria \u00e9 crucial para a manuten\u00e7\u00e3o da organiza\u00e7\u00e3o e seguran\u00e7a do com\u00e9rcio. Uma cidade limpa e bem cuidada atrai mais clientes, al\u00e9m de proporcionar um ambiente agrad\u00e1vel para as compras. Os lojistas se beneficiam diretamente dessa aten\u00e7\u00e3o ao espa\u00e7o p\u00fablico, uma vez que impacta na percep\u00e7\u00e3o dos consumidores. Portanto, a efici\u00eancia da zeladoria deve ser constante e discutida em reuni\u00f5es como esta.<\/p>\n<h2>Participantes e suas Fun\u00e7\u00f5es<\/h2>\n<p>No encontro estar\u00e3o presentes:<\/p>\n<p><img decoding=\"async\" src=\"https:\/\/www.encontrabomretiro.com.br\/sobre\/wp-content\/uploads\/2026\/08\/reuniao-com-a-camara-de-dirigentes-lojistas-do-bom-retiro.webp\" alt=\"reuni\u00e3o com a c\u00e2mara de dirigentes lojistas do bom retiro\" loading=\"lazy\" \/><\/p>\n<ul>\n<li><strong>Marcus Vin\u00edcius Val\u00e9rio:<\/strong> Subprefeito da S\u00e9, respons\u00e1vel pela coordena\u00e7\u00e3o das atividades e vice-presid\u00eancia da mesa.<\/li>\n<li><strong>Kelly Cristina Lopes:<\/strong> Participante, cuja fun\u00e7\u00e3o espec\u00edfica n\u00e3o foi informada, mas \u00e9 importante para o desenvolvimento das discuss\u00f5es.<\/li>\n<li><strong>Daniel Fernandes Grotta:<\/strong> Tamb\u00e9m participa, embora detalhes sobre sua atua\u00e7\u00e3o n\u00e3o tenham sido fornecidos.<\/li>\n<\/ul>\n<h2>Hor\u00e1rio e Local do Encontro<\/h2>\n<p>A reuni\u00e3o ocorrer\u00e1 das 14h30 \u00e0s 15h30, no Gabinete do Subprefeito, situado na Rua \u00c1lvares Penteado, 49, no Centro de S\u00e3o Paulo, SP. Este espa\u00e7o proporciona um ambiente adequado para as discuss\u00f5es necess\u00e1rias e a formula\u00e7\u00e3o de estrat\u00e9gias.<\/p>\n<h2>Assuntos a serem Discutidos<\/h2>\n<p>Entre os t\u00f3picos a serem abordados, destacam-se:<\/p>\n<ul>\n<li>Fiscaliza\u00e7\u00e3o das atividades comerciais e regulamenta\u00e7\u00f5es necess\u00e1rias.<\/li>\n<li>Melhorias na infraestrutura da regi\u00e3o do Bom Retiro.<\/li>\n<li>A\u00e7\u00f5es de zeladoria e impacto no com\u00e9rcio local.<\/li>\n<li>Propostas dos lojistas para aprimorar as rela\u00e7\u00f5es comerciais.<\/li>\n<\/ul>\n<h2>Expectativas da C\u00e2mara de Dirigentes Lojistas<\/h2>\n<p>A CDL Bom Retiro espera que a reuni\u00e3o resulte em a\u00e7\u00f5es concretas e compromisso da Subprefeitura para atender \u00e0s demandas dos lojistas. A ideia \u00e9 garantir que os assuntos relevantes sejam reconhecidos e que haja uma colabora\u00e7\u00e3o cont\u00ednua para manter a qualidade de vida e a prosperidade dos neg\u00f3cios na \u00e1rea.<\/p>\n<h2>Impacto da Fiscaliza\u00e7\u00e3o nas Vendas<\/h2>\n<p>A fiscaliza\u00e7\u00e3o desempenha um papel essencial na promo\u00e7\u00e3o da competitividade e legalidade dos neg\u00f3cios. Quando realizada de maneira eficaz, ela n\u00e3o apenas ajuda a coibir pr\u00e1ticas irregulares, mas tamb\u00e9m gera confian\u00e7a nos consumidores. Assim, o aumento na fiscaliza\u00e7\u00e3o pode levar a um crescimento nas vendas, pois os clientes se sentem seguros para adquirir produtos e servi\u00e7os em um ambiente regulado.<\/p>\n<h2>Como se Preparar para a Reuni\u00e3o<\/h2>\n<p>Os participantes devem estar preparados para a reuni\u00e3o trazendo:<\/p>\n<ul>\n<li>Dados e exemplos de problemas enfrentados em suas atividades comerciais.<\/li>\n<li>Sugest\u00f5es sobre poss\u00edveis melhorias nas opera\u00e7\u00f5es da Subprefeitura.<\/li>\n<li>Quest\u00f5es espec\u00edficas relacionadas \u00e0 zeladoria e fiscaliza\u00e7\u00e3o.<\/li>\n<\/ul>\n<h2>Pr\u00f3ximos Passos ap\u00f3s a Reuni\u00e3o<\/h2>\n<p>Ap\u00f3s as delibera\u00e7\u00f5es, sugest\u00f5es e acordos firmados na reuni\u00e3o, \u00e9 vital que haja um plano de a\u00e7\u00e3o. Os pr\u00f3ximos passos incluem:<\/p>\n<ul>\n<li>Documentar todas as propostas discutidas e encaminh\u00e1-las para an\u00e1lise.<\/li>\n<li>Agendar novas reuni\u00f5es para acompanhar a evolu\u00e7\u00e3o das solicita\u00e7\u00f5es.<\/li>\n<li>Estabelecer um canal de comunica\u00e7\u00e3o direto entre a CDL e a Subprefeitura para feedback cont\u00ednuo.<\/li>\n<\/ul>\n<h2>A Import\u00e2ncia da Participa\u00e7\u00e3o Cidad\u00e3<\/h2>\n<p>A participa\u00e7\u00e3o ativa da comunidade e dos empres\u00e1rios \u00e9 fundamental para a constru\u00e7\u00e3o de um ambiente de neg\u00f3cios s\u00f3lido. A troca de ideias e experi\u00eancias entre os lojistas e a administra\u00e7\u00e3o p\u00fablica promove a transpar\u00eancia e torna as a\u00e7\u00f5es mais efetivas. A atendente colonia feedbacks valiosos que podem fazer a diferen\u00e7a nas pol\u00edticas adotadas.<\/p>\n\n<div style=\"font-size: 0px; height: 0px; line-height: 0px; margin: 0; padding: 0; clear: both;\"><\/div>","protected":false},"excerpt":{"rendered":"<p>Reuni\u00e3o da CDL Bom Retiro aborda quest\u00f5es de zeladoria e fiscaliza\u00e7\u00e3o com a prefeitura.<\/p>\n","protected":false},"author":1,"featured_media":3390,"comment_status":"open","ping_status":"closed","sticky":false,"template":"","format":"standard","meta":{"footnotes":""},"categories":[6],"tags":[],"class_list":["post-3391","post","type-post","status-publish","format-standard","has-post-thumbnail","hentry","category-noticias-no-bom-retiro","has_thumb"],"aioseo_notices":[],"aioseo_head":"\n\t\t<!-- All in One SEO 5.0.0.1 - aioseo.com -->\n\t<meta name=\"description\" content=\"Reuni\u00e3o da CDL Bom Retiro aborda quest\u00f5es de zeladoria e fiscaliza\u00e7\u00e3o com a prefeitura.\" \/>\n\t<meta name=\"robots\" content=\"max-image-preview:large\" \/>\n\t<meta name=\"author\" content=\"Encontra Bom Retiro\"\/>\n\t<link rel=\"canonical\" href=\"https:\/\/www.encontrabomretiro.com.br\/sobre\/reuniao-com-a-camara-de-dirigentes-lojistas-do-bom-retiro\/\" \/>\n\t<meta name=\"generator\" content=\"All in One SEO (AIOSEO) 5.0.0.1\" \/>\n\t\t<meta property=\"og:locale\" content=\"pt_BR\" \/>\n\t\t<meta property=\"og:site_name\" content=\"Encontra Bom Retiro | Not\u00edcias, eventos, informa\u00e7\u00f5es e dicas no bairro do Bom Retiro e regi\u00e3o.\" \/>\n\t\t<meta property=\"og:type\" content=\"article\" \/>\n\t\t<meta property=\"og:title\" content=\"Reuni\u00e3o com a C\u00e2mara de Dirigentes Lojistas do Bom Retiro | Encontra Bom Retiro\" \/>\n\t\t<meta property=\"og:description\" content=\"Reuni\u00e3o da CDL Bom Retiro aborda quest\u00f5es de zeladoria e fiscaliza\u00e7\u00e3o com a prefeitura.\" \/>\n\t\t<meta property=\"og:url\" content=\"https:\/\/www.encontrabomretiro.com.br\/sobre\/reuniao-com-a-camara-de-dirigentes-lojistas-do-bom-retiro\/\" \/>\n\t\t<meta property=\"article:published_time\" content=\"2026-08-26T23:23:24+00:00\" \/>\n\t\t<meta property=\"article:modified_time\" content=\"2026-08-26T23:23:24+00:00\" \/>\n\t\t<meta name=\"twitter:card\" content=\"summary_large_image\" \/>\n\t\t<meta name=\"twitter:title\" content=\"Reuni\u00e3o com a C\u00e2mara de Dirigentes Lojistas do Bom Retiro | Encontra Bom Retiro\" \/>\n\t\t<meta name=\"twitter:description\" content=\"Reuni\u00e3o da CDL Bom Retiro aborda quest\u00f5es de zeladoria e fiscaliza\u00e7\u00e3o com a prefeitura.\" \/>\n\t\t<script type=\"application\/ld+json\" class=\"aioseo-schema\">\n\t\t\t{\"@context\":\"https:\\\/\\\/schema.org\",\"@graph\":[{\"@type\":\"Article\",\"@id\":\"https:\\\/\\\/www.encontrabomretiro.com.br\\\/sobre\\\/reuniao-com-a-camara-de-dirigentes-lojistas-do-bom-retiro\\\/#article\",\"name\":\"Reuni\\u00e3o com a C\\u00e2mara de Dirigentes Lojistas do Bom Retiro | Encontra Bom Retiro\",\"headline\":\"Reuni\\u00e3o com a C\\u00e2mara de Dirigentes Lojistas do Bom Retiro\",\"author\":{\"@id\":\"https:\\\/\\\/www.encontrabomretiro.com.br\\\/sobre\\\/author\\\/ebomretiro\\\/#author\"},\"publisher\":{\"@id\":\"https:\\\/\\\/www.encontrabomretiro.com.br\\\/sobre\\\/#organization\"},\"image\":{\"@type\":\"ImageObject\",\"url\":\"https:\\\/\\\/www.encontrabomretiro.com.br\\\/sobre\\\/wp-content\\\/uploads\\\/2026\\\/08\\\/reuniao-com-a-camara-de-dirigentes-lojistas-do-bom-retiro.webp\",\"width\":280,\"height\":280,\"caption\":\"reuni\\u00e3o com a c\\u00e2mara de dirigentes lojistas do bom retiro\"},\"datePublished\":\"2026-08-26T21:23:24-02:00\",\"dateModified\":\"2026-08-26T21:23:24-02:00\",\"inLanguage\":\"pt-BR\",\"mainEntityOfPage\":{\"@id\":\"https:\\\/\\\/www.encontrabomretiro.com.br\\\/sobre\\\/reuniao-com-a-camara-de-dirigentes-lojistas-do-bom-retiro\\\/#webpage\"},\"isPartOf\":{\"@id\":\"https:\\\/\\\/www.encontrabomretiro.com.br\\\/sobre\\\/reuniao-com-a-camara-de-dirigentes-lojistas-do-bom-retiro\\\/#webpage\"},\"articleSection\":\"Not\\u00edcias Bom Retiro\"},{\"@type\":\"BreadcrumbList\",\"@id\":\"https:\\\/\\\/www.encontrabomretiro.com.br\\\/sobre\\\/reuniao-com-a-camara-de-dirigentes-lojistas-do-bom-retiro\\\/#breadcrumblist\",\"itemListElement\":[{\"@type\":\"ListItem\",\"@id\":\"https:\\\/\\\/www.encontrabomretiro.com.br\\\/sobre#listItem\",\"position\":1,\"name\":\"Dom\\u00e9stica\",\"item\":\"https:\\\/\\\/www.encontrabomretiro.com.br\\\/sobre\",\"nextItem\":{\"@type\":\"ListItem\",\"@id\":\"https:\\\/\\\/www.encontrabomretiro.com.br\\\/sobre\\\/noticias-no-bom-retiro\\\/#listItem\",\"name\":\"Not\\u00edcias Bom Retiro\"}},{\"@type\":\"ListItem\",\"@id\":\"https:\\\/\\\/www.encontrabomretiro.com.br\\\/sobre\\\/noticias-no-bom-retiro\\\/#listItem\",\"position\":2,\"name\":\"Not\\u00edcias Bom Retiro\",\"item\":\"https:\\\/\\\/www.encontrabomretiro.com.br\\\/sobre\\\/noticias-no-bom-retiro\\\/\",\"nextItem\":{\"@type\":\"ListItem\",\"@id\":\"https:\\\/\\\/www.encontrabomretiro.com.br\\\/sobre\\\/reuniao-com-a-camara-de-dirigentes-lojistas-do-bom-retiro\\\/#listItem\",\"name\":\"Reuni\\u00e3o com a C\\u00e2mara de Dirigentes Lojistas do Bom Retiro\"},\"previousItem\":{\"@type\":\"ListItem\",\"@id\":\"https:\\\/\\\/www.encontrabomretiro.com.br\\\/sobre#listItem\",\"name\":\"Dom\\u00e9stica\"}},{\"@type\":\"ListItem\",\"@id\":\"https:\\\/\\\/www.encontrabomretiro.com.br\\\/sobre\\\/reuniao-com-a-camara-de-dirigentes-lojistas-do-bom-retiro\\\/#listItem\",\"position\":3,\"name\":\"Reuni\\u00e3o com a C\\u00e2mara de Dirigentes Lojistas do Bom Retiro\",\"previousItem\":{\"@type\":\"ListItem\",\"@id\":\"https:\\\/\\\/www.encontrabomretiro.com.br\\\/sobre\\\/noticias-no-bom-retiro\\\/#listItem\",\"name\":\"Not\\u00edcias Bom Retiro\"}}]},{\"@type\":\"Organization\",\"@id\":\"https:\\\/\\\/www.encontrabomretiro.com.br\\\/sobre\\\/#organization\",\"name\":\"Encontra Bom Retiro\",\"description\":\"Not\\u00edcias, eventos, informa\\u00e7\\u00f5es e dicas no bairro do Bom Retiro e regi\\u00e3o.\",\"url\":\"https:\\\/\\\/www.encontrabomretiro.com.br\\\/sobre\\\/\"},{\"@type\":\"Person\",\"@id\":\"https:\\\/\\\/www.encontrabomretiro.com.br\\\/sobre\\\/author\\\/ebomretiro\\\/#author\",\"url\":\"https:\\\/\\\/www.encontrabomretiro.com.br\\\/sobre\\\/author\\\/ebomretiro\\\/\",\"name\":\"Encontra Bom Retiro\",\"image\":{\"@type\":\"ImageObject\",\"@id\":\"https:\\\/\\\/www.encontrabomretiro.com.br\\\/sobre\\\/reuniao-com-a-camara-de-dirigentes-lojistas-do-bom-retiro\\\/#authorImage\",\"url\":\"https:\\\/\\\/secure.gravatar.com\\\/avatar\\\/507340682b8270222e1f208e23198b6ae7e2c6a1033ae84e99bc6bce4f82a387?s=96&d=mm&r=g\",\"width\":96,\"height\":96,\"caption\":\"Encontra Bom Retiro\"}},{\"@type\":\"WebPage\",\"@id\":\"https:\\\/\\\/www.encontrabomretiro.com.br\\\/sobre\\\/reuniao-com-a-camara-de-dirigentes-lojistas-do-bom-retiro\\\/#webpage\",\"url\":\"https:\\\/\\\/www.encontrabomretiro.com.br\\\/sobre\\\/reuniao-com-a-camara-de-dirigentes-lojistas-do-bom-retiro\\\/\",\"name\":\"Reuni\\u00e3o com a C\\u00e2mara de Dirigentes Lojistas do Bom Retiro | Encontra Bom Retiro\",\"description\":\"Reuni\\u00e3o da CDL Bom Retiro aborda quest\\u00f5es de zeladoria e fiscaliza\\u00e7\\u00e3o com a prefeitura.\",\"inLanguage\":\"pt-BR\",\"isPartOf\":{\"@id\":\"https:\\\/\\\/www.encontrabomretiro.com.br\\\/sobre\\\/#website\"},\"breadcrumb\":{\"@id\":\"https:\\\/\\\/www.encontrabomretiro.com.br\\\/sobre\\\/reuniao-com-a-camara-de-dirigentes-lojistas-do-bom-retiro\\\/#breadcrumblist\"},\"author\":{\"@id\":\"https:\\\/\\\/www.encontrabomretiro.com.br\\\/sobre\\\/author\\\/ebomretiro\\\/#author\"},\"creator\":{\"@id\":\"https:\\\/\\\/www.encontrabomretiro.com.br\\\/sobre\\\/author\\\/ebomretiro\\\/#author\"},\"image\":{\"@type\":\"ImageObject\",\"url\":\"https:\\\/\\\/www.encontrabomretiro.com.br\\\/sobre\\\/wp-content\\\/uploads\\\/2026\\\/08\\\/reuniao-com-a-camara-de-dirigentes-lojistas-do-bom-retiro.webp\",\"@id\":\"https:\\\/\\\/www.encontrabomretiro.com.br\\\/sobre\\\/reuniao-com-a-camara-de-dirigentes-lojistas-do-bom-retiro\\\/#mainImage\",\"width\":280,\"height\":280,\"caption\":\"reuni\\u00e3o com a c\\u00e2mara de dirigentes lojistas do bom retiro\"},\"primaryImageOfPage\":{\"@id\":\"https:\\\/\\\/www.encontrabomretiro.com.br\\\/sobre\\\/reuniao-com-a-camara-de-dirigentes-lojistas-do-bom-retiro\\\/#mainImage\"},\"datePublished\":\"2026-08-26T21:23:24-02:00\",\"dateModified\":\"2026-08-26T21:23:24-02:00\"},{\"@type\":\"WebSite\",\"@id\":\"https:\\\/\\\/www.encontrabomretiro.com.br\\\/sobre\\\/#website\",\"url\":\"https:\\\/\\\/www.encontrabomretiro.com.br\\\/sobre\\\/\",\"name\":\"Encontra Bom Retiro\",\"description\":\"Not\\u00edcias, eventos, informa\\u00e7\\u00f5es e dicas no bairro do Bom Retiro e regi\\u00e3o.\",\"inLanguage\":\"pt-BR\",\"publisher\":{\"@id\":\"https:\\\/\\\/www.encontrabomretiro.com.br\\\/sobre\\\/#organization\"}}]}\n\t\t<\/script>\n\t\t<!-- All in One SEO -->\n\n","aioseo_head_json":{"title":"Reuni\u00e3o com a C\u00e2mara de Dirigentes Lojistas do Bom Retiro | Encontra Bom Retiro","description":"Reuni\u00e3o da CDL Bom Retiro aborda quest\u00f5es de zeladoria e fiscaliza\u00e7\u00e3o com a prefeitura.","canonical_url":"https:\/\/www.encontrabomretiro.com.br\/sobre\/reuniao-com-a-camara-de-dirigentes-lojistas-do-bom-retiro\/","robots":"max-image-preview:large","keywords":"","webmasterTools":{"miscellaneous":""},"schema":{"@context":"https:\/\/schema.org","@graph":[{"@type":"Article","@id":"https:\/\/www.encontrabomretiro.com.br\/sobre\/reuniao-com-a-camara-de-dirigentes-lojistas-do-bom-retiro\/#article","name":"Reuni\u00e3o com a C\u00e2mara de Dirigentes Lojistas do Bom Retiro | Encontra Bom Retiro","headline":"Reuni\u00e3o com a C\u00e2mara de Dirigentes Lojistas do Bom Retiro","author":{"@id":"https:\/\/www.encontrabomretiro.com.br\/sobre\/author\/ebomretiro\/#author"},"publisher":{"@id":"https:\/\/www.encontrabomretiro.com.br\/sobre\/#organization"},"image":{"@type":"ImageObject","url":"https:\/\/www.encontrabomretiro.com.br\/sobre\/wp-content\/uploads\/2026\/08\/reuniao-com-a-camara-de-dirigentes-lojistas-do-bom-retiro.webp","width":280,"height":280,"caption":"reuni\u00e3o com a c\u00e2mara de dirigentes lojistas do bom retiro"},"datePublished":"2026-08-26T21:23:24-02:00","dateModified":"2026-08-26T21:23:24-02:00","inLanguage":"pt-BR","mainEntityOfPage":{"@id":"https:\/\/www.encontrabomretiro.com.br\/sobre\/reuniao-com-a-camara-de-dirigentes-lojistas-do-bom-retiro\/#webpage"},"isPartOf":{"@id":"https:\/\/www.encontrabomretiro.com.br\/sobre\/reuniao-com-a-camara-de-dirigentes-lojistas-do-bom-retiro\/#webpage"},"articleSection":"Not\u00edcias Bom Retiro"},{"@type":"BreadcrumbList","@id":"https:\/\/www.encontrabomretiro.com.br\/sobre\/reuniao-com-a-camara-de-dirigentes-lojistas-do-bom-retiro\/#breadcrumblist","itemListElement":[{"@type":"ListItem","@id":"https:\/\/www.encontrabomretiro.com.br\/sobre#listItem","position":1,"name":"Dom\u00e9stica","item":"https:\/\/www.encontrabomretiro.com.br\/sobre","nextItem":{"@type":"ListItem","@id":"https:\/\/www.encontrabomretiro.com.br\/sobre\/noticias-no-bom-retiro\/#listItem","name":"Not\u00edcias Bom Retiro"}},{"@type":"ListItem","@id":"https:\/\/www.encontrabomretiro.com.br\/sobre\/noticias-no-bom-retiro\/#listItem","position":2,"name":"Not\u00edcias Bom Retiro","item":"https:\/\/www.encontrabomretiro.com.br\/sobre\/noticias-no-bom-retiro\/","nextItem":{"@type":"ListItem","@id":"https:\/\/www.encontrabomretiro.com.br\/sobre\/reuniao-com-a-camara-de-dirigentes-lojistas-do-bom-retiro\/#listItem","name":"Reuni\u00e3o com a C\u00e2mara de Dirigentes Lojistas do Bom Retiro"},"previousItem":{"@type":"ListItem","@id":"https:\/\/www.encontrabomretiro.com.br\/sobre#listItem","name":"Dom\u00e9stica"}},{"@type":"ListItem","@id":"https:\/\/www.encontrabomretiro.com.br\/sobre\/reuniao-com-a-camara-de-dirigentes-lojistas-do-bom-retiro\/#listItem","position":3,"name":"Reuni\u00e3o com a C\u00e2mara de Dirigentes Lojistas do Bom Retiro","previousItem":{"@type":"ListItem","@id":"https:\/\/www.encontrabomretiro.com.br\/sobre\/noticias-no-bom-retiro\/#listItem","name":"Not\u00edcias Bom Retiro"}}]},{"@type":"Organization","@id":"https:\/\/www.encontrabomretiro.com.br\/sobre\/#organization","name":"Encontra Bom Retiro","description":"Not\u00edcias, eventos, informa\u00e7\u00f5es e dicas no bairro do Bom Retiro e regi\u00e3o.","url":"https:\/\/www.encontrabomretiro.com.br\/sobre\/"},{"@type":"Person","@id":"https:\/\/www.encontrabomretiro.com.br\/sobre\/author\/ebomretiro\/#author","url":"https:\/\/www.encontrabomretiro.com.br\/sobre\/author\/ebomretiro\/","name":"Encontra Bom Retiro","image":{"@type":"ImageObject","@id":"https:\/\/www.encontrabomretiro.com.br\/sobre\/reuniao-com-a-camara-de-dirigentes-lojistas-do-bom-retiro\/#authorImage","url":"https:\/\/secure.gravatar.com\/avatar\/507340682b8270222e1f208e23198b6ae7e2c6a1033ae84e99bc6bce4f82a387?s=96&d=mm&r=g","width":96,"height":96,"caption":"Encontra Bom Retiro"}},{"@type":"WebPage","@id":"https:\/\/www.encontrabomretiro.com.br\/sobre\/reuniao-com-a-camara-de-dirigentes-lojistas-do-bom-retiro\/#webpage","url":"https:\/\/www.encontrabomretiro.com.br\/sobre\/reuniao-com-a-camara-de-dirigentes-lojistas-do-bom-retiro\/","name":"Reuni\u00e3o com a C\u00e2mara de Dirigentes Lojistas do Bom Retiro | Encontra Bom Retiro","description":"Reuni\u00e3o da CDL Bom Retiro aborda quest\u00f5es de zeladoria e fiscaliza\u00e7\u00e3o com a prefeitura.","inLanguage":"pt-BR","isPartOf":{"@id":"https:\/\/www.encontrabomretiro.com.br\/sobre\/#website"},"breadcrumb":{"@id":"https:\/\/www.encontrabomretiro.com.br\/sobre\/reuniao-com-a-camara-de-dirigentes-lojistas-do-bom-retiro\/#breadcrumblist"},"author":{"@id":"https:\/\/www.encontrabomretiro.com.br\/sobre\/author\/ebomretiro\/#author"},"creator":{"@id":"https:\/\/www.encontrabomretiro.com.br\/sobre\/author\/ebomretiro\/#author"},"image":{"@type":"ImageObject","url":"https:\/\/www.encontrabomretiro.com.br\/sobre\/wp-content\/uploads\/2026\/08\/reuniao-com-a-camara-de-dirigentes-lojistas-do-bom-retiro.webp","@id":"https:\/\/www.encontrabomretiro.com.br\/sobre\/reuniao-com-a-camara-de-dirigentes-lojistas-do-bom-retiro\/#mainImage","width":280,"height":280,"caption":"reuni\u00e3o com a c\u00e2mara de dirigentes lojistas do bom retiro"},"primaryImageOfPage":{"@id":"https:\/\/www.encontrabomretiro.com.br\/sobre\/reuniao-com-a-camara-de-dirigentes-lojistas-do-bom-retiro\/#mainImage"},"datePublished":"2026-08-26T21:23:24-02:00","dateModified":"2026-08-26T21:23:24-02:00"},{"@type":"WebSite","@id":"https:\/\/www.encontrabomretiro.com.br\/sobre\/#website","url":"https:\/\/www.encontrabomretiro.com.br\/sobre\/","name":"Encontra Bom Retiro","description":"Not\u00edcias, eventos, informa\u00e7\u00f5es e dicas no bairro do Bom Retiro e regi\u00e3o.","inLanguage":"pt-BR","publisher":{"@id":"https:\/\/www.encontrabomretiro.com.br\/sobre\/#organization"}}]},"og:locale":"pt_BR","og:site_name":"Encontra Bom Retiro | Not\u00edcias, eventos, informa\u00e7\u00f5es e dicas no bairro do Bom Retiro e regi\u00e3o.","og:type":"article","og:title":"Reuni\u00e3o com a C\u00e2mara de Dirigentes Lojistas do Bom Retiro | Encontra Bom Retiro","og:description":"Reuni\u00e3o da CDL Bom Retiro aborda quest\u00f5es de zeladoria e fiscaliza\u00e7\u00e3o com a prefeitura.","og:url":"https:\/\/www.encontrabomretiro.com.br\/sobre\/reuniao-com-a-camara-de-dirigentes-lojistas-do-bom-retiro\/","article:published_time":"2026-08-26T23:23:24+00:00","article:modified_time":"2026-08-26T23:23:24+00:00","twitter:card":"summary_large_image","twitter:title":"Reuni\u00e3o com a C\u00e2mara de Dirigentes Lojistas do Bom Retiro | Encontra Bom Retiro","twitter:description":"Reuni\u00e3o da CDL Bom Retiro aborda quest\u00f5es de zeladoria e fiscaliza\u00e7\u00e3o com a prefeitura."},"aioseo_meta_data":{"post_id":"3391","title":null,"description":null,"keywords":null,"keyphrases":null,"primary_term":null,"canonical_url":null,"og_title":null,"og_description":null,"og_object_type":"default","og_image_type":"default","og_image_url":null,"og_image_width":null,"og_image_height":null,"og_image_custom_url":null,"og_image_custom_fields":null,"og_video":null,"og_custom_url":null,"og_article_section":null,"og_article_tags":null,"twitter_use_og":false,"twitter_card":"default","twitter_image_type":"default","twitter_image_url":null,"twitter_image_custom_url":null,"twitter_image_custom_fields":null,"twitter_title":null,"twitter_description":null,"schema":{"blockGraphs":[],"customGraphs":[],"default":{"data":{"Article":[],"Course":[],"Dataset":[],"FAQPage":[],"Movie":[],"Person":[],"Product":[],"ProductReview":[],"Car":[],"Recipe":[],"Service":[],"SoftwareApplication":[],"WebPage":[]},"graphName":"Article","isEnabled":true},"graphs":[]},"schema_type":"default","schema_type_options":null,"pillar_content":false,"robots_default":true,"robots_noindex":false,"robots_noarchive":false,"robots_nosnippet":false,"robots_nofollow":false,"robots_noimageindex":false,"robots_noodp":false,"robots_notranslate":false,"robots_max_snippet":null,"robots_max_videopreview":null,"robots_max_imagepreview":"large","priority":null,"frequency":null,"local_seo":null,"breadcrumb_settings":null,"limit_modified_date":false,"ai":null,"created":"2026-08-26 23:23:24","updated":"2026-08-27 00:09:48","focus_keyword":null,"additional_keywords":null,"truseo_locale":null,"seo_analyzer_scan_date":null},"aioseo_breadcrumb":"<div class=\"aioseo-breadcrumbs\"><span class=\"aioseo-breadcrumb\">\n\t\t\t<a href=\"https:\/\/www.encontrabomretiro.com.br\/sobre\" title=\"Dom\u00e9stica\">Dom\u00e9stica<\/a>\n\t\t<\/span><span class=\"aioseo-breadcrumb-separator\">&raquo;<\/span><span class=\"aioseo-breadcrumb\">\n\t\t\t<a href=\"https:\/\/www.encontrabomretiro.com.br\/sobre\/noticias-no-bom-retiro\/\" title=\"Not\u00edcias Bom Retiro\">Not\u00edcias Bom Retiro<\/a>\n\t\t<\/span><span class=\"aioseo-breadcrumb-separator\">&raquo;<\/span><span class=\"aioseo-breadcrumb\">\n\t\t\tReuni\u00e3o com a C\u00e2mara de Dirigentes Lojistas do Bom Retiro\n\t\t<\/span><\/div>","aioseo_breadcrumb_json":[{"label":"Dom\u00e9stica","link":"https:\/\/www.encontrabomretiro.com.br\/sobre"},{"label":"Not\u00edcias Bom Retiro","link":"https:\/\/www.encontrabomretiro.com.br\/sobre\/noticias-no-bom-retiro\/"},{"label":"Reuni\u00e3o com a C\u00e2mara de Dirigentes Lojistas do Bom Retiro","link":"https:\/\/www.encontrabomretiro.com.br\/sobre\/reuniao-com-a-camara-de-dirigentes-lojistas-do-bom-retiro\/"}],"_links":{"self":[{"href":"https:\/\/www.encontrabomretiro.com.br\/sobre\/wp-json\/wp\/v2\/posts\/3391","targetHints":{"allow":["GET"]}}],"collection":[{"href":"https:\/\/www.encontrabomretiro.com.br\/sobre\/wp-json\/wp\/v2\/posts"}],"about":[{"href":"https:\/\/www.encontrabomretiro.com.br\/sobre\/wp-json\/wp\/v2\/types\/post"}],"author":[{"embeddable":true,"href":"https:\/\/www.encontrabomretiro.com.br\/sobre\/wp-json\/wp\/v2\/users\/1"}],"replies":[{"embeddable":true,"href":"https:\/\/www.encontrabomretiro.com.br\/sobre\/wp-json\/wp\/v2\/comments?post=3391"}],"version-history":[{"count":0,"href":"https:\/\/www.encontrabomretiro.com.br\/sobre\/wp-json\/wp\/v2\/posts\/3391\/revisions"}],"wp:featuredmedia":[{"embeddable":true,"href":"https:\/\/www.encontrabomretiro.com.br\/sobre\/wp-json\/wp\/v2\/media\/3390"}],"wp:attachment":[{"href":"https:\/\/www.encontrabomretiro.com.br\/sobre\/wp-json\/wp\/v2\/media?parent=3391"}],"wp:term":[{"taxonomy":"category","embeddable":true,"href":"https:\/\/www.encontrabomretiro.com.br\/sobre\/wp-json\/wp\/v2\/categories?post=3391"},{"taxonomy":"post_tag","embeddable":true,"href":"https:\/\/www.encontrabomretiro.com.br\/sobre\/wp-json\/wp\/v2\/tags?post=3391"}],"curies":[{"name":"wp","href":"https:\/\/api.w.org\/{rel}","templated":true}]}}