{"id":3389,"date":"2026-08-26T21:22:22","date_gmt":"2026-08-26T23:22:22","guid":{"rendered":"https:\/\/www.encontrabomretiro.com.br\/sobre\/festival-sesc-80-anos-ocupa-unidades-com-programacao-gratuita\/"},"modified":"2026-08-26T21:22:22","modified_gmt":"2026-08-26T23:22:22","slug":"festival-sesc-80-anos-ocupa-unidades-com-programacao-gratuita","status":"publish","type":"post","link":"https:\/\/www.encontrabomretiro.com.br\/sobre\/festival-sesc-80-anos-ocupa-unidades-com-programacao-gratuita\/","title":{"rendered":"Festival Sesc 80 anos ocupa unidades com programa\u00e7\u00e3o gratuita"},"content":{"rendered":"<div class=\"228b65ae207de3c5c501cfe75875708b\" data-index=\"1\" style=\"float: none; margin:0px;\">\n<!-- Anuncio display - global -->\r\n<ins class=\"adsbygoogle\"\r\n     style=\"display:block\"\r\n     data-ad-client=\"ca-pub-8585364105181520\"\r\n     data-ad-slot=\"8789329856\"\r\n     data-ad-format=\"auto\"\r\n     data-full-width-responsive=\"true\"><\/ins>\r\n<script>\r\n     (adsbygoogle = window.adsbygoogle || []).push({});\r\n<\/script>\n<\/div>\n<h2>O que esperar do Festival Sesc 80 Anos<\/h2>\n<p>Em honra aos seus 80 anos, o Sesc S\u00e3o Paulo apresenta um festival recheado de experi\u00eancias culturais, que ser\u00e1 realizado nos dias 11, 12 e 13 de setembro. Diversas unidades da capital, interior e litoral do estado estar\u00e3o envolvidas, oferecendo uma variedade abrangente de atividades. A entrada \u00e9 gratuita, promovendo acessibilidade cultural para todos os visitantes.<\/p>\n<h2>Destaques musicais do festival<\/h2>\n<p>O festival traz uma programa\u00e7\u00e3o musical diversificada. Nomes conhecidos da cena musical brasileira far\u00e3o apresenta\u00e7\u00f5es imperd\u00edveis:<\/p>\n<ul>\n<li><strong>Rashid:<\/strong> O rapper se apresentar\u00e1 no Sesc Belenzinho.<\/li>\n<li><strong>Rosa Passos:<\/strong> A renomada cantora e violonista tamb\u00e9m tocar\u00e1 no Sesc Belenzinho.<\/li>\n<li><strong>Rincon Sapi\u00eancia:<\/strong> Este artista se apresentar\u00e1 no Sesc Vila Mariana.<\/li>\n<li><strong>Silva:<\/strong> Ele estar\u00e1 no palco do Sesc Pompeia.<\/li>\n<li><strong>Dead Fish:<\/strong> O famoso grupo de hard core se apresentar\u00e1 no Sesc Ribeir\u00e3o Preto.<\/li>\n<li><strong>Fitti:<\/strong> Ir\u00e1 prestar homenagem a Ney Matogrosso no Sesc Bom Retiro.<\/li>\n<\/ul>\n<h2>Atividades culturais para todas as idades<\/h2>\n<p>O festival se prop\u00f5e a atender a todas as faixas et\u00e1rias, com uma gama de op\u00e7\u00f5es que incluem:<\/p>\n<p><img decoding=\"async\" src=\"https:\/\/www.encontrabomretiro.com.br\/sobre\/wp-content\/uploads\/2026\/08\/festival-sesc-80-anos-ocupa-unidades-com-programacao-gratuita.webp\" alt=\"Festival Sesc 80 Anos\" loading=\"lazy\" \/><\/p>\n<ul>\n<li>Espet\u00e1culos de teatro, dan\u00e7as e performances circenses.<\/li>\n<li>Oficinas criativas e atividades l\u00fadicas para as crian\u00e7as.<\/li>\n<li>Cinema com uma sele\u00e7\u00e3o diversificada de filmes.<\/li>\n<\/ul>\n<h2>Programa\u00e7\u00e3o de artes c\u00eanicas<\/h2>\n<p>Nos palcos do Sesc, os amantes das artes c\u00eanicas poder\u00e3o desfrutar de apresenta\u00e7\u00f5es como:<\/p>\n<ul>\n<li><strong>Gota D\u2019\u00c1gua: No Tempo:<\/strong> Apresenta\u00e7\u00e3o no Sesc Santo Andr\u00e9.<\/li>\n<li><strong>Sui Generis:<\/strong> No Sesc Bom Retiro.<\/li>\n<li><strong>Desde que o Mundo \u00e9 Mundo:<\/strong> No Sesc Itaquera.<\/li>\n<li><strong>Cena Ouro \u2013 Epide(r)mia:<\/strong> No Sesc Jundia\u00ed.<\/li>\n<li>Espet\u00e1culos internacionais do <strong>Mirada &#8211; Festival Ibero-americano de Artes C\u00eanicas:<\/strong>\n<ul>\n<li><em>Mi Madre y El Dinero<\/em> &#8211; M\u00e9xico, dias 11 e 12.<\/li>\n<li><em>Cari\u00f1o Malo<\/em> &#8211; Peru, dias 12 e 13.<\/li>\n<\/ul>\n<\/li>\n<\/ul>\n<h2>Espet\u00e1culos de circo imperd\u00edveis<\/h2>\n<p>O circo tamb\u00e9m ter\u00e1 seu espa\u00e7o garantido no festival:<\/p>\n<ul>\n<li><strong>Dia de C\u00e3:<\/strong> Apresenta\u00e7\u00e3o no Sesc 24 de Maio.<\/li>\n<li><strong>Funil:<\/strong> No Sesc Campo Limpo.<\/li>\n<li><strong>Isso N\u00e3o \u00e9 Um N\u00famero de Circo:<\/strong> No Sesc Vila Mariana.<\/li>\n<\/ul>\n<h2>Sess\u00f5es de cinema no CineSesc<\/h2>\n<p>O CineSesc ser\u00e1 palco de uma mostra especial chamada <strong>Amor ao Cinema<\/strong>, que contar\u00e1 com:<\/p>\n<ul>\n<li>52 filmes, incluindo cl\u00e1ssicos e estreias.<\/li>\n<li>Encontros e sess\u00f5es especiais com cineastas e cr\u00edticos.<\/li>\n<\/ul>\n<h2>Experi\u00eancias para crian\u00e7as no festival<\/h2>\n<p>A divers\u00e3o para os pequenos est\u00e1 garantida com espet\u00e1culos e atividades como:<\/p>\n<ul>\n<li><strong>Do Outro Lado do Rio:<\/strong> No Sesc Itaquera.<\/li>\n<li><strong>Uma Boneca para Menitinha:<\/strong> No Sesc Bom Retiro.<\/li>\n<li><strong>Gruuvi:<\/strong> No Sesc Casa Verde.<\/li>\n<li><strong>Pula, Estica!:<\/strong> No Sesc Mogi das Cruzes.<\/li>\n<li>Oficinas e atividades recreativas em diversas unidades.<\/li>\n<\/ul>\n<h2>Exposi\u00e7\u00f5es art\u00edsticas nas unidades<\/h2>\n<p>Os visitantes poder\u00e3o explorar v\u00e1rias exposi\u00e7\u00f5es, entre as quais:<\/p>\n<ul>\n<li><strong>O Mundo Atrav\u00e9s da IA:<\/strong> No Sesc 24 de Maio, com foco nas implica\u00e7\u00f5es da intelig\u00eancia artificial.<\/li>\n<li><strong>Mire Veja: MAM S\u00e3o Paulo Visita o Sesc Bom Retiro:<\/strong> Apresenta\u00e7\u00e3o de obras do MAM S\u00e3o Paulo.<\/li>\n<li><strong>N\u00d3S: Arte &#038; Ci\u00eancia por Mulheres:<\/strong> No Sesc Casa Verde, com abertura no dia 12.<\/li>\n<li><strong>Del\u00edrio Tropical: Recanto:<\/strong> No Sesc Pinheiros, envolvendo a produ\u00e7\u00e3o de diversos artistas.<\/li>\n<li><strong>Of\u00edcio: Luz: Lita Cerqueira: Direito de Olhar:<\/strong> No Sesc Pompeia.<\/li>\n<li><strong>RUA: substantivo feminino:<\/strong> No Sesc Santo Amaro, focando na arte urbana com a presen\u00e7a feminina.<\/li>\n<\/ul>\n<h2>Hist\u00f3ria do Sesc ao longo de 80 anos<\/h2>\n<p>O Sesc foi fundado em 13 de setembro de 1946 e, durante suas oito d\u00e9cadas de hist\u00f3ria, expandiu sua atua\u00e7\u00e3o para 44 unidades em todo o estado de S\u00e3o Paulo. A partir de suas origens nas \u00e1reas de sa\u00fade e assist\u00eancia social, o Sesc diversificou sua atua\u00e7\u00e3o, incluindo cultura, educa\u00e7\u00e3o, esporte, meio ambiente, e muito mais. Com o passar dos anos, o Sesc tornou-se um importante agente no fomento da qualidade de vida, proporcionando acesso a atividades de desenvolvimento e bem-estar.<\/p>\n<h2>Como garantir seus ingressos gratuitos<\/h2>\n<p>A distribui\u00e7\u00e3o de ingressos para as atividades ser\u00e1 iniciada no dia 9 de setembro, \u00e0s 17h, exclusivamente atrav\u00e9s do Portal Sesc S\u00e3o Paulo. \u00c9 importante destacar que a retirada de ingressos para o CineSesc ocorrer\u00e1 uma hora antes de cada sess\u00e3o. O limite estipulado \u00e9 de at\u00e9 2 ingressos por pessoa para apresenta\u00e7\u00f5es voltadas a adultos e at\u00e9 4 ingressos para espet\u00e1culos infantis. Assim, todos t\u00eam a oportunidade de participar dessa grande festa cultural!<\/p>\n\n<div style=\"font-size: 0px; height: 0px; line-height: 0px; margin: 0; padding: 0; clear: both;\"><\/div>","protected":false},"excerpt":{"rendered":"<p>Festival Sesc 80 Anos promete uma programa\u00e7\u00e3o gratuita imperd\u00edvel para todos. Confira!<\/p>\n","protected":false},"author":1,"featured_media":3388,"comment_status":"open","ping_status":"closed","sticky":false,"template":"","format":"standard","meta":{"footnotes":""},"categories":[17],"tags":[],"class_list":["post-3389","post","type-post","status-publish","format-standard","has-post-thumbnail","hentry","category-cultura-no-bom-retiro","has_thumb"],"aioseo_notices":[],"aioseo_head":"\n\t\t<!-- All in One SEO 5.0.0.1 - aioseo.com -->\n\t<meta name=\"description\" content=\"Festival Sesc 80 Anos promete uma programa\u00e7\u00e3o gratuita imperd\u00edvel para todos. Confira!\" \/>\n\t<meta name=\"robots\" content=\"max-image-preview:large\" \/>\n\t<meta name=\"author\" content=\"Encontra Bom Retiro\"\/>\n\t<link rel=\"canonical\" href=\"https:\/\/www.encontrabomretiro.com.br\/sobre\/festival-sesc-80-anos-ocupa-unidades-com-programacao-gratuita\/\" \/>\n\t<meta name=\"generator\" content=\"All in One SEO (AIOSEO) 5.0.0.1\" \/>\n\t\t<meta property=\"og:locale\" content=\"pt_BR\" \/>\n\t\t<meta property=\"og:site_name\" content=\"Encontra Bom Retiro | Not\u00edcias, eventos, informa\u00e7\u00f5es e dicas no bairro do Bom Retiro e regi\u00e3o.\" \/>\n\t\t<meta property=\"og:type\" content=\"article\" \/>\n\t\t<meta property=\"og:title\" content=\"Festival Sesc 80 anos ocupa unidades com programa\u00e7\u00e3o gratuita | Encontra Bom Retiro\" \/>\n\t\t<meta property=\"og:description\" content=\"Festival Sesc 80 Anos promete uma programa\u00e7\u00e3o gratuita imperd\u00edvel para todos. Confira!\" \/>\n\t\t<meta property=\"og:url\" content=\"https:\/\/www.encontrabomretiro.com.br\/sobre\/festival-sesc-80-anos-ocupa-unidades-com-programacao-gratuita\/\" \/>\n\t\t<meta property=\"article:published_time\" content=\"2026-08-26T23:22:22+00:00\" \/>\n\t\t<meta property=\"article:modified_time\" content=\"2026-08-26T23:22:22+00:00\" \/>\n\t\t<meta name=\"twitter:card\" content=\"summary_large_image\" \/>\n\t\t<meta name=\"twitter:title\" content=\"Festival Sesc 80 anos ocupa unidades com programa\u00e7\u00e3o gratuita | Encontra Bom Retiro\" \/>\n\t\t<meta name=\"twitter:description\" content=\"Festival Sesc 80 Anos promete uma programa\u00e7\u00e3o gratuita imperd\u00edvel para todos. Confira!\" \/>\n\t\t<script type=\"application\/ld+json\" class=\"aioseo-schema\">\n\t\t\t{\"@context\":\"https:\\\/\\\/schema.org\",\"@graph\":[{\"@type\":\"Article\",\"@id\":\"https:\\\/\\\/www.encontrabomretiro.com.br\\\/sobre\\\/festival-sesc-80-anos-ocupa-unidades-com-programacao-gratuita\\\/#article\",\"name\":\"Festival Sesc 80 anos ocupa unidades com programa\\u00e7\\u00e3o gratuita | Encontra Bom Retiro\",\"headline\":\"Festival Sesc 80 anos ocupa unidades com programa\\u00e7\\u00e3o gratuita\",\"author\":{\"@id\":\"https:\\\/\\\/www.encontrabomretiro.com.br\\\/sobre\\\/author\\\/ebomretiro\\\/#author\"},\"publisher\":{\"@id\":\"https:\\\/\\\/www.encontrabomretiro.com.br\\\/sobre\\\/#organization\"},\"image\":{\"@type\":\"ImageObject\",\"url\":\"https:\\\/\\\/www.encontrabomretiro.com.br\\\/sobre\\\/wp-content\\\/uploads\\\/2026\\\/08\\\/festival-sesc-80-anos-ocupa-unidades-com-programacao-gratuita.webp\",\"width\":280,\"height\":280,\"caption\":\"Festival Sesc 80 Anos\"},\"datePublished\":\"2026-08-26T21:22:22-02:00\",\"dateModified\":\"2026-08-26T21:22:22-02:00\",\"inLanguage\":\"pt-BR\",\"mainEntityOfPage\":{\"@id\":\"https:\\\/\\\/www.encontrabomretiro.com.br\\\/sobre\\\/festival-sesc-80-anos-ocupa-unidades-com-programacao-gratuita\\\/#webpage\"},\"isPartOf\":{\"@id\":\"https:\\\/\\\/www.encontrabomretiro.com.br\\\/sobre\\\/festival-sesc-80-anos-ocupa-unidades-com-programacao-gratuita\\\/#webpage\"},\"articleSection\":\"Cultura Bom Retiro\"},{\"@type\":\"BreadcrumbList\",\"@id\":\"https:\\\/\\\/www.encontrabomretiro.com.br\\\/sobre\\\/festival-sesc-80-anos-ocupa-unidades-com-programacao-gratuita\\\/#breadcrumblist\",\"itemListElement\":[{\"@type\":\"ListItem\",\"@id\":\"https:\\\/\\\/www.encontrabomretiro.com.br\\\/sobre#listItem\",\"position\":1,\"name\":\"Dom\\u00e9stica\",\"item\":\"https:\\\/\\\/www.encontrabomretiro.com.br\\\/sobre\",\"nextItem\":{\"@type\":\"ListItem\",\"@id\":\"https:\\\/\\\/www.encontrabomretiro.com.br\\\/sobre\\\/cultura-no-bom-retiro\\\/#listItem\",\"name\":\"Cultura Bom Retiro\"}},{\"@type\":\"ListItem\",\"@id\":\"https:\\\/\\\/www.encontrabomretiro.com.br\\\/sobre\\\/cultura-no-bom-retiro\\\/#listItem\",\"position\":2,\"name\":\"Cultura Bom Retiro\",\"item\":\"https:\\\/\\\/www.encontrabomretiro.com.br\\\/sobre\\\/cultura-no-bom-retiro\\\/\",\"nextItem\":{\"@type\":\"ListItem\",\"@id\":\"https:\\\/\\\/www.encontrabomretiro.com.br\\\/sobre\\\/festival-sesc-80-anos-ocupa-unidades-com-programacao-gratuita\\\/#listItem\",\"name\":\"Festival Sesc 80 anos ocupa unidades com programa\\u00e7\\u00e3o gratuita\"},\"previousItem\":{\"@type\":\"ListItem\",\"@id\":\"https:\\\/\\\/www.encontrabomretiro.com.br\\\/sobre#listItem\",\"name\":\"Dom\\u00e9stica\"}},{\"@type\":\"ListItem\",\"@id\":\"https:\\\/\\\/www.encontrabomretiro.com.br\\\/sobre\\\/festival-sesc-80-anos-ocupa-unidades-com-programacao-gratuita\\\/#listItem\",\"position\":3,\"name\":\"Festival Sesc 80 anos ocupa unidades com programa\\u00e7\\u00e3o gratuita\",\"previousItem\":{\"@type\":\"ListItem\",\"@id\":\"https:\\\/\\\/www.encontrabomretiro.com.br\\\/sobre\\\/cultura-no-bom-retiro\\\/#listItem\",\"name\":\"Cultura Bom Retiro\"}}]},{\"@type\":\"Organization\",\"@id\":\"https:\\\/\\\/www.encontrabomretiro.com.br\\\/sobre\\\/#organization\",\"name\":\"Encontra Bom Retiro\",\"description\":\"Not\\u00edcias, eventos, informa\\u00e7\\u00f5es e dicas no bairro do Bom Retiro e regi\\u00e3o.\",\"url\":\"https:\\\/\\\/www.encontrabomretiro.com.br\\\/sobre\\\/\"},{\"@type\":\"Person\",\"@id\":\"https:\\\/\\\/www.encontrabomretiro.com.br\\\/sobre\\\/author\\\/ebomretiro\\\/#author\",\"url\":\"https:\\\/\\\/www.encontrabomretiro.com.br\\\/sobre\\\/author\\\/ebomretiro\\\/\",\"name\":\"Encontra Bom Retiro\",\"image\":{\"@type\":\"ImageObject\",\"@id\":\"https:\\\/\\\/www.encontrabomretiro.com.br\\\/sobre\\\/festival-sesc-80-anos-ocupa-unidades-com-programacao-gratuita\\\/#authorImage\",\"url\":\"https:\\\/\\\/secure.gravatar.com\\\/avatar\\\/507340682b8270222e1f208e23198b6ae7e2c6a1033ae84e99bc6bce4f82a387?s=96&d=mm&r=g\",\"width\":96,\"height\":96,\"caption\":\"Encontra Bom Retiro\"}},{\"@type\":\"WebPage\",\"@id\":\"https:\\\/\\\/www.encontrabomretiro.com.br\\\/sobre\\\/festival-sesc-80-anos-ocupa-unidades-com-programacao-gratuita\\\/#webpage\",\"url\":\"https:\\\/\\\/www.encontrabomretiro.com.br\\\/sobre\\\/festival-sesc-80-anos-ocupa-unidades-com-programacao-gratuita\\\/\",\"name\":\"Festival Sesc 80 anos ocupa unidades com programa\\u00e7\\u00e3o gratuita | Encontra Bom Retiro\",\"description\":\"Festival Sesc 80 Anos promete uma programa\\u00e7\\u00e3o gratuita imperd\\u00edvel para todos. Confira!\",\"inLanguage\":\"pt-BR\",\"isPartOf\":{\"@id\":\"https:\\\/\\\/www.encontrabomretiro.com.br\\\/sobre\\\/#website\"},\"breadcrumb\":{\"@id\":\"https:\\\/\\\/www.encontrabomretiro.com.br\\\/sobre\\\/festival-sesc-80-anos-ocupa-unidades-com-programacao-gratuita\\\/#breadcrumblist\"},\"author\":{\"@id\":\"https:\\\/\\\/www.encontrabomretiro.com.br\\\/sobre\\\/author\\\/ebomretiro\\\/#author\"},\"creator\":{\"@id\":\"https:\\\/\\\/www.encontrabomretiro.com.br\\\/sobre\\\/author\\\/ebomretiro\\\/#author\"},\"image\":{\"@type\":\"ImageObject\",\"url\":\"https:\\\/\\\/www.encontrabomretiro.com.br\\\/sobre\\\/wp-content\\\/uploads\\\/2026\\\/08\\\/festival-sesc-80-anos-ocupa-unidades-com-programacao-gratuita.webp\",\"@id\":\"https:\\\/\\\/www.encontrabomretiro.com.br\\\/sobre\\\/festival-sesc-80-anos-ocupa-unidades-com-programacao-gratuita\\\/#mainImage\",\"width\":280,\"height\":280,\"caption\":\"Festival Sesc 80 Anos\"},\"primaryImageOfPage\":{\"@id\":\"https:\\\/\\\/www.encontrabomretiro.com.br\\\/sobre\\\/festival-sesc-80-anos-ocupa-unidades-com-programacao-gratuita\\\/#mainImage\"},\"datePublished\":\"2026-08-26T21:22:22-02:00\",\"dateModified\":\"2026-08-26T21:22:22-02:00\"},{\"@type\":\"WebSite\",\"@id\":\"https:\\\/\\\/www.encontrabomretiro.com.br\\\/sobre\\\/#website\",\"url\":\"https:\\\/\\\/www.encontrabomretiro.com.br\\\/sobre\\\/\",\"name\":\"Encontra Bom Retiro\",\"description\":\"Not\\u00edcias, eventos, informa\\u00e7\\u00f5es e dicas no bairro do Bom Retiro e regi\\u00e3o.\",\"inLanguage\":\"pt-BR\",\"publisher\":{\"@id\":\"https:\\\/\\\/www.encontrabomretiro.com.br\\\/sobre\\\/#organization\"}}]}\n\t\t<\/script>\n\t\t<!-- All in One SEO -->\n\n","aioseo_head_json":{"title":"Festival Sesc 80 anos ocupa unidades com programa\u00e7\u00e3o gratuita | Encontra Bom Retiro","description":"Festival Sesc 80 Anos promete uma programa\u00e7\u00e3o gratuita imperd\u00edvel para todos. Confira!","canonical_url":"https:\/\/www.encontrabomretiro.com.br\/sobre\/festival-sesc-80-anos-ocupa-unidades-com-programacao-gratuita\/","robots":"max-image-preview:large","keywords":"","webmasterTools":{"miscellaneous":""},"schema":{"@context":"https:\/\/schema.org","@graph":[{"@type":"Article","@id":"https:\/\/www.encontrabomretiro.com.br\/sobre\/festival-sesc-80-anos-ocupa-unidades-com-programacao-gratuita\/#article","name":"Festival Sesc 80 anos ocupa unidades com programa\u00e7\u00e3o gratuita | Encontra Bom Retiro","headline":"Festival Sesc 80 anos ocupa unidades com programa\u00e7\u00e3o gratuita","author":{"@id":"https:\/\/www.encontrabomretiro.com.br\/sobre\/author\/ebomretiro\/#author"},"publisher":{"@id":"https:\/\/www.encontrabomretiro.com.br\/sobre\/#organization"},"image":{"@type":"ImageObject","url":"https:\/\/www.encontrabomretiro.com.br\/sobre\/wp-content\/uploads\/2026\/08\/festival-sesc-80-anos-ocupa-unidades-com-programacao-gratuita.webp","width":280,"height":280,"caption":"Festival Sesc 80 Anos"},"datePublished":"2026-08-26T21:22:22-02:00","dateModified":"2026-08-26T21:22:22-02:00","inLanguage":"pt-BR","mainEntityOfPage":{"@id":"https:\/\/www.encontrabomretiro.com.br\/sobre\/festival-sesc-80-anos-ocupa-unidades-com-programacao-gratuita\/#webpage"},"isPartOf":{"@id":"https:\/\/www.encontrabomretiro.com.br\/sobre\/festival-sesc-80-anos-ocupa-unidades-com-programacao-gratuita\/#webpage"},"articleSection":"Cultura Bom Retiro"},{"@type":"BreadcrumbList","@id":"https:\/\/www.encontrabomretiro.com.br\/sobre\/festival-sesc-80-anos-ocupa-unidades-com-programacao-gratuita\/#breadcrumblist","itemListElement":[{"@type":"ListItem","@id":"https:\/\/www.encontrabomretiro.com.br\/sobre#listItem","position":1,"name":"Dom\u00e9stica","item":"https:\/\/www.encontrabomretiro.com.br\/sobre","nextItem":{"@type":"ListItem","@id":"https:\/\/www.encontrabomretiro.com.br\/sobre\/cultura-no-bom-retiro\/#listItem","name":"Cultura Bom Retiro"}},{"@type":"ListItem","@id":"https:\/\/www.encontrabomretiro.com.br\/sobre\/cultura-no-bom-retiro\/#listItem","position":2,"name":"Cultura Bom Retiro","item":"https:\/\/www.encontrabomretiro.com.br\/sobre\/cultura-no-bom-retiro\/","nextItem":{"@type":"ListItem","@id":"https:\/\/www.encontrabomretiro.com.br\/sobre\/festival-sesc-80-anos-ocupa-unidades-com-programacao-gratuita\/#listItem","name":"Festival Sesc 80 anos ocupa unidades com programa\u00e7\u00e3o gratuita"},"previousItem":{"@type":"ListItem","@id":"https:\/\/www.encontrabomretiro.com.br\/sobre#listItem","name":"Dom\u00e9stica"}},{"@type":"ListItem","@id":"https:\/\/www.encontrabomretiro.com.br\/sobre\/festival-sesc-80-anos-ocupa-unidades-com-programacao-gratuita\/#listItem","position":3,"name":"Festival Sesc 80 anos ocupa unidades com programa\u00e7\u00e3o gratuita","previousItem":{"@type":"ListItem","@id":"https:\/\/www.encontrabomretiro.com.br\/sobre\/cultura-no-bom-retiro\/#listItem","name":"Cultura Bom Retiro"}}]},{"@type":"Organization","@id":"https:\/\/www.encontrabomretiro.com.br\/sobre\/#organization","name":"Encontra Bom Retiro","description":"Not\u00edcias, eventos, informa\u00e7\u00f5es e dicas no bairro do Bom Retiro e regi\u00e3o.","url":"https:\/\/www.encontrabomretiro.com.br\/sobre\/"},{"@type":"Person","@id":"https:\/\/www.encontrabomretiro.com.br\/sobre\/author\/ebomretiro\/#author","url":"https:\/\/www.encontrabomretiro.com.br\/sobre\/author\/ebomretiro\/","name":"Encontra Bom Retiro","image":{"@type":"ImageObject","@id":"https:\/\/www.encontrabomretiro.com.br\/sobre\/festival-sesc-80-anos-ocupa-unidades-com-programacao-gratuita\/#authorImage","url":"https:\/\/secure.gravatar.com\/avatar\/507340682b8270222e1f208e23198b6ae7e2c6a1033ae84e99bc6bce4f82a387?s=96&d=mm&r=g","width":96,"height":96,"caption":"Encontra Bom Retiro"}},{"@type":"WebPage","@id":"https:\/\/www.encontrabomretiro.com.br\/sobre\/festival-sesc-80-anos-ocupa-unidades-com-programacao-gratuita\/#webpage","url":"https:\/\/www.encontrabomretiro.com.br\/sobre\/festival-sesc-80-anos-ocupa-unidades-com-programacao-gratuita\/","name":"Festival Sesc 80 anos ocupa unidades com programa\u00e7\u00e3o gratuita | Encontra Bom Retiro","description":"Festival Sesc 80 Anos promete uma programa\u00e7\u00e3o gratuita imperd\u00edvel para todos. Confira!","inLanguage":"pt-BR","isPartOf":{"@id":"https:\/\/www.encontrabomretiro.com.br\/sobre\/#website"},"breadcrumb":{"@id":"https:\/\/www.encontrabomretiro.com.br\/sobre\/festival-sesc-80-anos-ocupa-unidades-com-programacao-gratuita\/#breadcrumblist"},"author":{"@id":"https:\/\/www.encontrabomretiro.com.br\/sobre\/author\/ebomretiro\/#author"},"creator":{"@id":"https:\/\/www.encontrabomretiro.com.br\/sobre\/author\/ebomretiro\/#author"},"image":{"@type":"ImageObject","url":"https:\/\/www.encontrabomretiro.com.br\/sobre\/wp-content\/uploads\/2026\/08\/festival-sesc-80-anos-ocupa-unidades-com-programacao-gratuita.webp","@id":"https:\/\/www.encontrabomretiro.com.br\/sobre\/festival-sesc-80-anos-ocupa-unidades-com-programacao-gratuita\/#mainImage","width":280,"height":280,"caption":"Festival Sesc 80 Anos"},"primaryImageOfPage":{"@id":"https:\/\/www.encontrabomretiro.com.br\/sobre\/festival-sesc-80-anos-ocupa-unidades-com-programacao-gratuita\/#mainImage"},"datePublished":"2026-08-26T21:22:22-02:00","dateModified":"2026-08-26T21:22:22-02:00"},{"@type":"WebSite","@id":"https:\/\/www.encontrabomretiro.com.br\/sobre\/#website","url":"https:\/\/www.encontrabomretiro.com.br\/sobre\/","name":"Encontra Bom Retiro","description":"Not\u00edcias, eventos, informa\u00e7\u00f5es e dicas no bairro do Bom Retiro e regi\u00e3o.","inLanguage":"pt-BR","publisher":{"@id":"https:\/\/www.encontrabomretiro.com.br\/sobre\/#organization"}}]},"og:locale":"pt_BR","og:site_name":"Encontra Bom Retiro | Not\u00edcias, eventos, informa\u00e7\u00f5es e dicas no bairro do Bom Retiro e regi\u00e3o.","og:type":"article","og:title":"Festival Sesc 80 anos ocupa unidades com programa\u00e7\u00e3o gratuita | Encontra Bom Retiro","og:description":"Festival Sesc 80 Anos promete uma programa\u00e7\u00e3o gratuita imperd\u00edvel para todos. Confira!","og:url":"https:\/\/www.encontrabomretiro.com.br\/sobre\/festival-sesc-80-anos-ocupa-unidades-com-programacao-gratuita\/","article:published_time":"2026-08-26T23:22:22+00:00","article:modified_time":"2026-08-26T23:22:22+00:00","twitter:card":"summary_large_image","twitter:title":"Festival Sesc 80 anos ocupa unidades com programa\u00e7\u00e3o gratuita | Encontra Bom Retiro","twitter:description":"Festival Sesc 80 Anos promete uma programa\u00e7\u00e3o gratuita imperd\u00edvel para todos. Confira!"},"aioseo_meta_data":{"post_id":"3389","title":null,"description":null,"keywords":null,"keyphrases":null,"primary_term":null,"canonical_url":null,"og_title":null,"og_description":null,"og_object_type":"default","og_image_type":"default","og_image_url":null,"og_image_width":null,"og_image_height":null,"og_image_custom_url":null,"og_image_custom_fields":null,"og_video":null,"og_custom_url":null,"og_article_section":null,"og_article_tags":null,"twitter_use_og":false,"twitter_card":"default","twitter_image_type":"default","twitter_image_url":null,"twitter_image_custom_url":null,"twitter_image_custom_fields":null,"twitter_title":null,"twitter_description":null,"schema":{"blockGraphs":[],"customGraphs":[],"default":{"data":{"Article":[],"Course":[],"Dataset":[],"FAQPage":[],"Movie":[],"Person":[],"Product":[],"ProductReview":[],"Car":[],"Recipe":[],"Service":[],"SoftwareApplication":[],"WebPage":[]},"graphName":"Article","isEnabled":true},"graphs":[]},"schema_type":"default","schema_type_options":null,"pillar_content":false,"robots_default":true,"robots_noindex":false,"robots_noarchive":false,"robots_nosnippet":false,"robots_nofollow":false,"robots_noimageindex":false,"robots_noodp":false,"robots_notranslate":false,"robots_max_snippet":null,"robots_max_videopreview":null,"robots_max_imagepreview":"large","priority":null,"frequency":null,"local_seo":null,"breadcrumb_settings":null,"limit_modified_date":false,"ai":null,"created":"2026-08-26 23:22:22","updated":"2026-08-27 00:09:48","focus_keyword":null,"additional_keywords":null,"truseo_locale":null,"seo_analyzer_scan_date":null},"aioseo_breadcrumb":"<div class=\"aioseo-breadcrumbs\"><span class=\"aioseo-breadcrumb\">\n\t\t\t<a href=\"https:\/\/www.encontrabomretiro.com.br\/sobre\" title=\"Dom\u00e9stica\">Dom\u00e9stica<\/a>\n\t\t<\/span><span class=\"aioseo-breadcrumb-separator\">&raquo;<\/span><span class=\"aioseo-breadcrumb\">\n\t\t\t<a href=\"https:\/\/www.encontrabomretiro.com.br\/sobre\/cultura-no-bom-retiro\/\" title=\"Cultura Bom Retiro\">Cultura Bom Retiro<\/a>\n\t\t<\/span><span class=\"aioseo-breadcrumb-separator\">&raquo;<\/span><span class=\"aioseo-breadcrumb\">\n\t\t\tFestival Sesc 80 anos ocupa unidades com programa\u00e7\u00e3o gratuita\n\t\t<\/span><\/div>","aioseo_breadcrumb_json":[{"label":"Dom\u00e9stica","link":"https:\/\/www.encontrabomretiro.com.br\/sobre"},{"label":"Cultura Bom Retiro","link":"https:\/\/www.encontrabomretiro.com.br\/sobre\/cultura-no-bom-retiro\/"},{"label":"Festival Sesc 80 anos ocupa unidades com programa\u00e7\u00e3o gratuita","link":"https:\/\/www.encontrabomretiro.com.br\/sobre\/festival-sesc-80-anos-ocupa-unidades-com-programacao-gratuita\/"}],"_links":{"self":[{"href":"https:\/\/www.encontrabomretiro.com.br\/sobre\/wp-json\/wp\/v2\/posts\/3389","targetHints":{"allow":["GET"]}}],"collection":[{"href":"https:\/\/www.encontrabomretiro.com.br\/sobre\/wp-json\/wp\/v2\/posts"}],"about":[{"href":"https:\/\/www.encontrabomretiro.com.br\/sobre\/wp-json\/wp\/v2\/types\/post"}],"author":[{"embeddable":true,"href":"https:\/\/www.encontrabomretiro.com.br\/sobre\/wp-json\/wp\/v2\/users\/1"}],"replies":[{"embeddable":true,"href":"https:\/\/www.encontrabomretiro.com.br\/sobre\/wp-json\/wp\/v2\/comments?post=3389"}],"version-history":[{"count":0,"href":"https:\/\/www.encontrabomretiro.com.br\/sobre\/wp-json\/wp\/v2\/posts\/3389\/revisions"}],"wp:featuredmedia":[{"embeddable":true,"href":"https:\/\/www.encontrabomretiro.com.br\/sobre\/wp-json\/wp\/v2\/media\/3388"}],"wp:attachment":[{"href":"https:\/\/www.encontrabomretiro.com.br\/sobre\/wp-json\/wp\/v2\/media?parent=3389"}],"wp:term":[{"taxonomy":"category","embeddable":true,"href":"https:\/\/www.encontrabomretiro.com.br\/sobre\/wp-json\/wp\/v2\/categories?post=3389"},{"taxonomy":"post_tag","embeddable":true,"href":"https:\/\/www.encontrabomretiro.com.br\/sobre\/wp-json\/wp\/v2\/tags?post=3389"}],"curies":[{"name":"wp","href":"https:\/\/api.w.org\/{rel}","templated":true}]}}