{"id":3361,"date":"2026-08-22T04:19:37","date_gmt":"2026-08-22T06:19:37","guid":{"rendered":"https:\/\/www.encontrabomretiro.com.br\/sobre\/centro-de-sao-paulo-concentra-roteiros-sobre-historia-arquitetura-e-memoria-na-jornada-do-patrimonio-2026\/"},"modified":"2026-08-22T04:19:37","modified_gmt":"2026-08-22T06:19:37","slug":"centro-de-sao-paulo-concentra-roteiros-sobre-historia-arquitetura-e-memoria-na-jornada-do-patrimonio-2026","status":"publish","type":"post","link":"https:\/\/www.encontrabomretiro.com.br\/sobre\/centro-de-sao-paulo-concentra-roteiros-sobre-historia-arquitetura-e-memoria-na-jornada-do-patrimonio-2026\/","title":{"rendered":"Centro de S\u00e3o Paulo concentra roteiros sobre hist\u00f3ria, arquitetura e mem\u00f3ria na Jornada do Patrim\u00f4nio 2026"},"content":{"rendered":"<div class=\"228b65ae207de3c5c501cfe75875708b\" data-index=\"1\" style=\"float: none; margin:0px;\">\n<!-- Anuncio display - global -->\r\n<ins class=\"adsbygoogle\"\r\n     style=\"display:block\"\r\n     data-ad-client=\"ca-pub-8585364105181520\"\r\n     data-ad-slot=\"8789329856\"\r\n     data-ad-format=\"auto\"\r\n     data-full-width-responsive=\"true\"><\/ins>\r\n<script>\r\n     (adsbygoogle = window.adsbygoogle || []).push({});\r\n<\/script>\n<\/div>\n<h2>Caminhadas que Celebram a Mem\u00f3ria de S\u00e3o Paulo<\/h2>\n<p>O centro hist\u00f3rico de S\u00e3o Paulo \u00e9 o palco da Jornada do Patrim\u00f4nio 2026, um evento que se destaca ao oferecer uma s\u00e9rie de passeios que exploram a rica tape\u00e7aria cultural e hist\u00f3rica da cidade. As atividades, programadas para os dias 15 e 16 de agosto, fazem parte do Festival do Patrim\u00f4nio, que se estende de 8 a 16 do mesmo m\u00eas. Esses percursos n\u00e3o s\u00f3 destacam locais ic\u00f4nicos, como tamb\u00e9m promovem reflex\u00f5es sobre as diversas trajet\u00f3rias que moldaram a metr\u00f3pole.<\/p>\n<p>Os roteiros tra\u00e7am um caminho atrav\u00e9s das narrativas das comunidades que, ao longo dos anos, contribu\u00edram para a forma\u00e7\u00e3o da identidade paulistana. Diversos grupos sociais, incluindo imigrantes, povos ind\u00edgenas e a popula\u00e7\u00e3o negra, t\u00eam suas hist\u00f3rias representadas, permitindo uma vis\u00e3o mais completa da evolu\u00e7\u00e3o da cidade.<\/p>\n<h2>Explorando a Arquitetura Marcante do Centro<\/h2>\n<p>A arquitetura de S\u00e3o Paulo \u00e9 outro ponto central durante a Jornada do Patrim\u00f4nio 2026. Passeios como &#8220;Do ch\u00e3o \u00e0s nuvens, a cada andar uma hist\u00f3ria&#8221; e &#8220;Caminhada cultural pelo centro de S\u00e3o Paulo: detalhes quase secretos da arquitetura&#8221; revelam a evolu\u00e7\u00e3o do espa\u00e7o urbano atrav\u00e9s de suas constru\u00e7\u00f5es. Os participantes ter\u00e3o a oportunidade de observar fachadas impressionantes, arranha-c\u00e9us e projetos urban\u00edsticos que contam a hist\u00f3ria da cidade.<\/p>\n<p><img decoding=\"async\" src=\"https:\/\/www.encontrabomretiro.com.br\/sobre\/wp-content\/uploads\/2026\/08\/centro-de-sao-paulo-concentra-roteiros-sobre-historia-arquitetura-e-memoria-na-jornada-do-patrimonio.webp\" alt=\"Jornada do Patrim\u00f4nio 2026\" loading=\"lazy\" \/><\/p>\n<p>Especificamente, o roteiro &#8220;O escrit\u00f3rio Siciliano e Silva e o centro de S\u00e3o Paulo no s\u00e9culo XX&#8221; destaca as contribui\u00e7\u00f5es de arquitetos que moldaram a paisagem urbana atrav\u00e9s do tempo. Os edif\u00edcios s\u00e3o mais do que estruturas; eles s\u00e3o testemunhas do crescimento e desenvolvimento da metr\u00f3pole, refletindo a transforma\u00e7\u00e3o social e cultural que ocorreu ao longo do s\u00e9culo passado.<\/p>\n<h2>Reflex\u00f5es sobre a Diversidade Cultural Paulistana<\/h2>\n<p>As caminhadas da jornada buscam tamb\u00e9m ampliar as hist\u00f3rias sobre os grupos que contribu\u00edram para a forma\u00e7\u00e3o da cultura paulistana. O percurso intitulado &#8220;Ver e viver a cidade: caminhos negros no centro velho&#8221; leva os visitantes a locais que t\u00eam import\u00e2ncia significativa na luta e na liberdade da popula\u00e7\u00e3o negra. Essa abordagem busca resgatar narrativas que frequentemente s\u00e3o sub-representadas nos relatos tradicionais da hist\u00f3ria da cidade.<\/p>\n<p>Outra caminhada, &#8220;Quem civiliza quem? \u2013 povos ind\u00edgenas na constru\u00e7\u00e3o de S\u00e3o Paulo&#8221;, desafia a vers\u00e3o dominante da hist\u00f3ria ao ressaltar a influ\u00eancia dos povos ind\u00edgenas na forma\u00e7\u00e3o da cidade, revelando um lado da narrativa que muitas vezes \u00e9 esquecido. O roteiro &#8220;Vozes da v\u00e1rzea: mem\u00f3ria, cultura e repara\u00e7\u00e3o na Baixada do Glic\u00e9rio&#8221; aborda as viv\u00eancias de comunidades marginalizadas, unindo a diversidade cultural que comp\u00f5e o tecido social de S\u00e3o Paulo.<\/p>\n<h2>O Papel da Popula\u00e7\u00e3o Negra na Hist\u00f3ria da Cidade<\/h2>\n<p>A presen\u00e7a da popula\u00e7\u00e3o negra em S\u00e3o Paulo \u00e9 profundamente relevante e \u00e9 abordada em v\u00e1rios roteiros da jornada. O passeio &#8220;Ferramentas de Luta: trajet\u00f3rias negras no centro da cidade&#8221; explora a influ\u00eancia e as lutas dessa comunidade ao longo da hist\u00f3ria. Esses percursos promovem uma compreens\u00e3o mais rica e complexa da cidade, sublinhando a import\u00e2ncia do reconhecimento das contribui\u00e7\u00f5es feitas por grupos historicamente marginalizados.<\/p>\n<p>Esses roteiros n\u00e3o apenas celebram a heran\u00e7a cultural, mas tamb\u00e9m promovem um di\u00e1logo sobre quest\u00f5es contempor\u00e2neas de desigualdade e repara\u00e7\u00e3o, criando um espa\u00e7o para a reflex\u00e3o e a transforma\u00e7\u00e3o social.<\/p>\n<h2>Caminhadas que Enaltecem o Feminino na Hist\u00f3ria<\/h2>\n<p>O papel das mulheres na hist\u00f3ria da cidade \u00e9 abordado com sensibilidade durante a Jornada do Patrim\u00f4nio 2026. Caminhadas como &#8220;Mulheres que andam (n)a cidade&#8221; convidam os participantes a refletir sobre como a contribui\u00e7\u00e3o feminina na constru\u00e7\u00e3o da cidade muitas vezes foi ofuscada. O roteiro &#8220;Mulheres apagadas, uma caminhada-di\u00e1logo&#8221; ainda mais aprofunda esse tema ao oferecer um espa\u00e7o para troca de experi\u00eancias entre mulheres em diferentes locais da regi\u00e3o.<\/p>\n<p>Uma das experi\u00eancias mais enriquecedoras ser\u00e1 &#8220;O centro pelo olhar das mulheres modernistas&#8221;, que revisita espa\u00e7os significativos atrav\u00e9s das hist\u00f3rias de artistas como Tarsila do Amaral e Anita Malfatti, entre outras. Esses passeios n\u00e3o s\u00f3 destacam a contribui\u00e7\u00e3o intelectual e art\u00edstica das mulheres, mas tamb\u00e9m incentivam uma nova aprecia\u00e7\u00e3o da cidade a partir de suas perspectivas.<\/p>\n<h2>O Patrim\u00f4nio Imaterial e Sua Import\u00e2ncia<\/h2>\n<p>Al\u00e9m das caminhadas que celebram a arquitetura e as narrativas dos grupos sociais, a jornada tamb\u00e9m dedica aten\u00e7\u00e3o ao patrim\u00f4nio cultural imaterial. Os visitantes poder\u00e3o mergulhar na hist\u00f3ria do samba no Bixiga, participar de uma visita ao Consulado do Choro e explorar a import\u00e2ncia da Mostra Internacional de Cinema na forma\u00e7\u00e3o cultural da cidade.<\/p>\n<p>O Cortejo M\u00e1rio de Andrade, que festivamente percorre a Avenida Paulista at\u00e9 a Casa das Rosas, celebrar\u00e1 a obra de um dos mais influentes escritores paulistanos. Essa celebra\u00e7\u00e3o abranger\u00e1 m\u00fasica, poesia e diversas interven\u00e7\u00f5es art\u00edsticas que destacam a vibrante cultura da cidade.<\/p>\n<h2>Hist\u00f3rias Fant\u00e1sticas do Centro de S\u00e3o Paulo<\/h2>\n<p>A Jornada do Patrim\u00f4nio 2026 tamb\u00e9m inclui roteiros que tocam no lado mais fant\u00e1stico e misterioso da cidade. Percursos como &#8220;Nos dom\u00ednios de Anhang\u00e1 \u2013 Anhangaba\u00fa e suas assombra\u00e7\u00f5es&#8221; e o &#8220;Roteiro Assombrado no Vale do Umbralgaba\u00fa&#8221; apresentam relatos de lendas e hist\u00f3rias que continuam a fascinar os paulistanos. Esses passeios n\u00e3o s\u00f3 proporcionam uma experi\u00eancia \u00fanica e intrigante, mas tamb\u00e9m promovem uma conex\u00e3o mais profunda com o imagin\u00e1rio da cidade.<\/p>\n<h2>Participa\u00e7\u00e3o e Inscri\u00e7\u00e3o na Jornada do Patrim\u00f4nio<\/h2>\n<p>Todas as atividades da Jornada do Patrim\u00f4nio 2026 s\u00e3o gratuitas, promovendo a acessibilidade a um p\u00fablico amplo. Embora algumas caminhadas exijam inscri\u00e7\u00e3o pr\u00e9via, outras oferecem participa\u00e7\u00e3o livre. Isso garante que todos tenham a oportunidade de explorar e aprender sobre a rica hist\u00f3ria e cultura da capital paulista.<\/p>\n<p>A programa\u00e7\u00e3o completa pode ser consultada no site oficial do evento, onde mais de 100 caminhadas e visitas guiadas ser\u00e3o distribu\u00eddas por diversas regi\u00f5es da cidade, assegurando que todos possam descobrir os tesouros que o patrim\u00f4nio paulistano tem a oferecer.<\/p>\n<h2>Como a Arquitetura Reflete a Evolu\u00e7\u00e3o Urbana<\/h2>\n<p>A arquitetura de S\u00e3o Paulo \u00e9 um fascinante reflexo da evolu\u00e7\u00e3o urbana ao longo dos anos. Cada edif\u00edcio e espa\u00e7o p\u00fablico conta uma hist\u00f3ria de transforma\u00e7\u00e3o, resili\u00eancia e inova\u00e7\u00e3o. Durante a jornada, os participantes ter\u00e3o a rara oportunidade de entender como a urbaniza\u00e7\u00e3o e as diversas correntes art\u00edsticas e culturais influenciaram a apar\u00eancia da cidade.<\/p>\n<p>Com a participa\u00e7\u00e3o de guias experientes, os visitantes poder\u00e3o vislumbrar como as decis\u00f5es de urbanismo moldaram a cidade que conhecemos hoje. Atrav\u00e9s de uma an\u00e1lise cr\u00edtica das estruturas, poder\u00e1-se identificar as tend\u00eancias que nortearam o desenvolvimento urbano, al\u00e9m das mudan\u00e7as sociais que levaram a um novo entendimento da cidade.<\/p>\n<h2>Programa\u00e7\u00e3o Completa da Jornada do Patrim\u00f4nio<\/h2>\n<p>A Jornada do Patrim\u00f4nio 2026 \u00e9 uma celebra\u00e7\u00e3o das hist\u00f3rias, culturas e mem\u00f3rias que comp\u00f5em a identidade de S\u00e3o Paulo. A programa\u00e7\u00e3o inclui uma diversidade de atividades que permitem a imers\u00e3o nas m\u00faltiplas narrativas que essa cidade pulsante tem a oferecer. Para aqueles que desejam se aprofundar, o evento promete ser uma rica experi\u00eancia de aprendizado e descoberta.<\/p>\n<p>Com tantas op\u00e7\u00f5es dispon\u00edveis, os participantes s\u00e3o incentivados a escolher os passeios que mais ressoam com seu interesse pessoal, explorando tudo, desde a arquitetura e a mem\u00f3ria cultural at\u00e9 as hist\u00f3rias fant\u00e1sticas que permeiam o espa\u00e7o urbano. A jornada oferece uma chance \u00fanica de conectar-se com a alma da cidade, celebrando seu patrim\u00f4nio singular.<\/p>\n\n<div style=\"font-size: 0px; height: 0px; line-height: 0px; margin: 0; padding: 0; clear: both;\"><\/div>","protected":false},"excerpt":{"rendered":"<p>Jornada do Patrim\u00f4nio em S\u00e3o Paulo traz roteiros fascinantes sobre hist\u00f3ria e arquitetura.<\/p>\n","protected":false},"author":1,"featured_media":3360,"comment_status":"open","ping_status":"closed","sticky":false,"template":"","format":"standard","meta":{"footnotes":""},"categories":[17],"tags":[],"class_list":["post-3361","post","type-post","status-publish","format-standard","has-post-thumbnail","hentry","category-cultura-no-bom-retiro","has_thumb"],"aioseo_notices":[],"aioseo_head":"\n\t\t<!-- All in One SEO 5.0.0.1 - aioseo.com -->\n\t<meta name=\"description\" content=\"Jornada do Patrim\u00f4nio em S\u00e3o Paulo traz roteiros fascinantes sobre hist\u00f3ria e arquitetura.\" \/>\n\t<meta name=\"robots\" content=\"max-image-preview:large\" \/>\n\t<meta name=\"author\" content=\"Encontra Bom Retiro\"\/>\n\t<link rel=\"canonical\" href=\"https:\/\/www.encontrabomretiro.com.br\/sobre\/centro-de-sao-paulo-concentra-roteiros-sobre-historia-arquitetura-e-memoria-na-jornada-do-patrimonio-2026\/\" \/>\n\t<meta name=\"generator\" content=\"All in One SEO (AIOSEO) 5.0.0.1\" \/>\n\t\t<meta property=\"og:locale\" content=\"pt_BR\" \/>\n\t\t<meta property=\"og:site_name\" content=\"Encontra Bom Retiro | Not\u00edcias, eventos, informa\u00e7\u00f5es e dicas no bairro do Bom Retiro e regi\u00e3o.\" \/>\n\t\t<meta property=\"og:type\" content=\"article\" \/>\n\t\t<meta property=\"og:title\" content=\"Centro de S\u00e3o Paulo concentra roteiros sobre hist\u00f3ria, arquitetura e mem\u00f3ria na Jornada do Patrim\u00f4nio 2026 | Encontra Bom Retiro\" \/>\n\t\t<meta property=\"og:description\" content=\"Jornada do Patrim\u00f4nio em S\u00e3o Paulo traz roteiros fascinantes sobre hist\u00f3ria e arquitetura.\" \/>\n\t\t<meta property=\"og:url\" content=\"https:\/\/www.encontrabomretiro.com.br\/sobre\/centro-de-sao-paulo-concentra-roteiros-sobre-historia-arquitetura-e-memoria-na-jornada-do-patrimonio-2026\/\" \/>\n\t\t<meta property=\"article:published_time\" content=\"2026-08-22T06:19:37+00:00\" \/>\n\t\t<meta property=\"article:modified_time\" content=\"2026-08-22T06:19:37+00:00\" \/>\n\t\t<meta name=\"twitter:card\" content=\"summary_large_image\" \/>\n\t\t<meta name=\"twitter:title\" content=\"Centro de S\u00e3o Paulo concentra roteiros sobre hist\u00f3ria, arquitetura e mem\u00f3ria na Jornada do Patrim\u00f4nio 2026 | Encontra Bom Retiro\" \/>\n\t\t<meta name=\"twitter:description\" content=\"Jornada do Patrim\u00f4nio em S\u00e3o Paulo traz roteiros fascinantes sobre hist\u00f3ria e arquitetura.\" \/>\n\t\t<script type=\"application\/ld+json\" class=\"aioseo-schema\">\n\t\t\t{\"@context\":\"https:\\\/\\\/schema.org\",\"@graph\":[{\"@type\":\"Article\",\"@id\":\"https:\\\/\\\/www.encontrabomretiro.com.br\\\/sobre\\\/centro-de-sao-paulo-concentra-roteiros-sobre-historia-arquitetura-e-memoria-na-jornada-do-patrimonio-2026\\\/#article\",\"name\":\"Centro de S\\u00e3o Paulo concentra roteiros sobre hist\\u00f3ria, arquitetura e mem\\u00f3ria na Jornada do Patrim\\u00f4nio 2026 | Encontra Bom Retiro\",\"headline\":\"Centro de S\\u00e3o Paulo concentra roteiros sobre hist\\u00f3ria, arquitetura e mem\\u00f3ria na Jornada do Patrim\\u00f4nio 2026\",\"author\":{\"@id\":\"https:\\\/\\\/www.encontrabomretiro.com.br\\\/sobre\\\/author\\\/ebomretiro\\\/#author\"},\"publisher\":{\"@id\":\"https:\\\/\\\/www.encontrabomretiro.com.br\\\/sobre\\\/#organization\"},\"image\":{\"@type\":\"ImageObject\",\"url\":\"https:\\\/\\\/www.encontrabomretiro.com.br\\\/sobre\\\/wp-content\\\/uploads\\\/2026\\\/08\\\/centro-de-sao-paulo-concentra-roteiros-sobre-historia-arquitetura-e-memoria-na-jornada-do-patrimonio.webp\",\"width\":280,\"height\":280,\"caption\":\"Jornada do Patrim\\u00f4nio 2026\"},\"datePublished\":\"2026-08-22T04:19:37-02:00\",\"dateModified\":\"2026-08-22T04:19:37-02:00\",\"inLanguage\":\"pt-BR\",\"mainEntityOfPage\":{\"@id\":\"https:\\\/\\\/www.encontrabomretiro.com.br\\\/sobre\\\/centro-de-sao-paulo-concentra-roteiros-sobre-historia-arquitetura-e-memoria-na-jornada-do-patrimonio-2026\\\/#webpage\"},\"isPartOf\":{\"@id\":\"https:\\\/\\\/www.encontrabomretiro.com.br\\\/sobre\\\/centro-de-sao-paulo-concentra-roteiros-sobre-historia-arquitetura-e-memoria-na-jornada-do-patrimonio-2026\\\/#webpage\"},\"articleSection\":\"Cultura Bom Retiro\"},{\"@type\":\"BreadcrumbList\",\"@id\":\"https:\\\/\\\/www.encontrabomretiro.com.br\\\/sobre\\\/centro-de-sao-paulo-concentra-roteiros-sobre-historia-arquitetura-e-memoria-na-jornada-do-patrimonio-2026\\\/#breadcrumblist\",\"itemListElement\":[{\"@type\":\"ListItem\",\"@id\":\"https:\\\/\\\/www.encontrabomretiro.com.br\\\/sobre#listItem\",\"position\":1,\"name\":\"Dom\\u00e9stica\",\"item\":\"https:\\\/\\\/www.encontrabomretiro.com.br\\\/sobre\",\"nextItem\":{\"@type\":\"ListItem\",\"@id\":\"https:\\\/\\\/www.encontrabomretiro.com.br\\\/sobre\\\/cultura-no-bom-retiro\\\/#listItem\",\"name\":\"Cultura Bom Retiro\"}},{\"@type\":\"ListItem\",\"@id\":\"https:\\\/\\\/www.encontrabomretiro.com.br\\\/sobre\\\/cultura-no-bom-retiro\\\/#listItem\",\"position\":2,\"name\":\"Cultura Bom Retiro\",\"item\":\"https:\\\/\\\/www.encontrabomretiro.com.br\\\/sobre\\\/cultura-no-bom-retiro\\\/\",\"nextItem\":{\"@type\":\"ListItem\",\"@id\":\"https:\\\/\\\/www.encontrabomretiro.com.br\\\/sobre\\\/centro-de-sao-paulo-concentra-roteiros-sobre-historia-arquitetura-e-memoria-na-jornada-do-patrimonio-2026\\\/#listItem\",\"name\":\"Centro de S\\u00e3o Paulo concentra roteiros sobre hist\\u00f3ria, arquitetura e mem\\u00f3ria na Jornada do Patrim\\u00f4nio 2026\"},\"previousItem\":{\"@type\":\"ListItem\",\"@id\":\"https:\\\/\\\/www.encontrabomretiro.com.br\\\/sobre#listItem\",\"name\":\"Dom\\u00e9stica\"}},{\"@type\":\"ListItem\",\"@id\":\"https:\\\/\\\/www.encontrabomretiro.com.br\\\/sobre\\\/centro-de-sao-paulo-concentra-roteiros-sobre-historia-arquitetura-e-memoria-na-jornada-do-patrimonio-2026\\\/#listItem\",\"position\":3,\"name\":\"Centro de S\\u00e3o Paulo concentra roteiros sobre hist\\u00f3ria, arquitetura e mem\\u00f3ria na Jornada do Patrim\\u00f4nio 2026\",\"previousItem\":{\"@type\":\"ListItem\",\"@id\":\"https:\\\/\\\/www.encontrabomretiro.com.br\\\/sobre\\\/cultura-no-bom-retiro\\\/#listItem\",\"name\":\"Cultura Bom Retiro\"}}]},{\"@type\":\"Organization\",\"@id\":\"https:\\\/\\\/www.encontrabomretiro.com.br\\\/sobre\\\/#organization\",\"name\":\"Encontra Bom Retiro\",\"description\":\"Not\\u00edcias, eventos, informa\\u00e7\\u00f5es e dicas no bairro do Bom Retiro e regi\\u00e3o.\",\"url\":\"https:\\\/\\\/www.encontrabomretiro.com.br\\\/sobre\\\/\"},{\"@type\":\"Person\",\"@id\":\"https:\\\/\\\/www.encontrabomretiro.com.br\\\/sobre\\\/author\\\/ebomretiro\\\/#author\",\"url\":\"https:\\\/\\\/www.encontrabomretiro.com.br\\\/sobre\\\/author\\\/ebomretiro\\\/\",\"name\":\"Encontra Bom Retiro\",\"image\":{\"@type\":\"ImageObject\",\"@id\":\"https:\\\/\\\/www.encontrabomretiro.com.br\\\/sobre\\\/centro-de-sao-paulo-concentra-roteiros-sobre-historia-arquitetura-e-memoria-na-jornada-do-patrimonio-2026\\\/#authorImage\",\"url\":\"https:\\\/\\\/secure.gravatar.com\\\/avatar\\\/507340682b8270222e1f208e23198b6ae7e2c6a1033ae84e99bc6bce4f82a387?s=96&d=mm&r=g\",\"width\":96,\"height\":96,\"caption\":\"Encontra Bom Retiro\"}},{\"@type\":\"WebPage\",\"@id\":\"https:\\\/\\\/www.encontrabomretiro.com.br\\\/sobre\\\/centro-de-sao-paulo-concentra-roteiros-sobre-historia-arquitetura-e-memoria-na-jornada-do-patrimonio-2026\\\/#webpage\",\"url\":\"https:\\\/\\\/www.encontrabomretiro.com.br\\\/sobre\\\/centro-de-sao-paulo-concentra-roteiros-sobre-historia-arquitetura-e-memoria-na-jornada-do-patrimonio-2026\\\/\",\"name\":\"Centro de S\\u00e3o Paulo concentra roteiros sobre hist\\u00f3ria, arquitetura e mem\\u00f3ria na Jornada do Patrim\\u00f4nio 2026 | Encontra Bom Retiro\",\"description\":\"Jornada do Patrim\\u00f4nio em S\\u00e3o Paulo traz roteiros fascinantes sobre hist\\u00f3ria e arquitetura.\",\"inLanguage\":\"pt-BR\",\"isPartOf\":{\"@id\":\"https:\\\/\\\/www.encontrabomretiro.com.br\\\/sobre\\\/#website\"},\"breadcrumb\":{\"@id\":\"https:\\\/\\\/www.encontrabomretiro.com.br\\\/sobre\\\/centro-de-sao-paulo-concentra-roteiros-sobre-historia-arquitetura-e-memoria-na-jornada-do-patrimonio-2026\\\/#breadcrumblist\"},\"author\":{\"@id\":\"https:\\\/\\\/www.encontrabomretiro.com.br\\\/sobre\\\/author\\\/ebomretiro\\\/#author\"},\"creator\":{\"@id\":\"https:\\\/\\\/www.encontrabomretiro.com.br\\\/sobre\\\/author\\\/ebomretiro\\\/#author\"},\"image\":{\"@type\":\"ImageObject\",\"url\":\"https:\\\/\\\/www.encontrabomretiro.com.br\\\/sobre\\\/wp-content\\\/uploads\\\/2026\\\/08\\\/centro-de-sao-paulo-concentra-roteiros-sobre-historia-arquitetura-e-memoria-na-jornada-do-patrimonio.webp\",\"@id\":\"https:\\\/\\\/www.encontrabomretiro.com.br\\\/sobre\\\/centro-de-sao-paulo-concentra-roteiros-sobre-historia-arquitetura-e-memoria-na-jornada-do-patrimonio-2026\\\/#mainImage\",\"width\":280,\"height\":280,\"caption\":\"Jornada do Patrim\\u00f4nio 2026\"},\"primaryImageOfPage\":{\"@id\":\"https:\\\/\\\/www.encontrabomretiro.com.br\\\/sobre\\\/centro-de-sao-paulo-concentra-roteiros-sobre-historia-arquitetura-e-memoria-na-jornada-do-patrimonio-2026\\\/#mainImage\"},\"datePublished\":\"2026-08-22T04:19:37-02:00\",\"dateModified\":\"2026-08-22T04:19:37-02:00\"},{\"@type\":\"WebSite\",\"@id\":\"https:\\\/\\\/www.encontrabomretiro.com.br\\\/sobre\\\/#website\",\"url\":\"https:\\\/\\\/www.encontrabomretiro.com.br\\\/sobre\\\/\",\"name\":\"Encontra Bom Retiro\",\"description\":\"Not\\u00edcias, eventos, informa\\u00e7\\u00f5es e dicas no bairro do Bom Retiro e regi\\u00e3o.\",\"inLanguage\":\"pt-BR\",\"publisher\":{\"@id\":\"https:\\\/\\\/www.encontrabomretiro.com.br\\\/sobre\\\/#organization\"}}]}\n\t\t<\/script>\n\t\t<!-- All in One SEO -->\n\n","aioseo_head_json":{"title":"Centro de S\u00e3o Paulo concentra roteiros sobre hist\u00f3ria, arquitetura e mem\u00f3ria na Jornada do Patrim\u00f4nio 2026 | Encontra Bom Retiro","description":"Jornada do Patrim\u00f4nio em S\u00e3o Paulo traz roteiros fascinantes sobre hist\u00f3ria e arquitetura.","canonical_url":"https:\/\/www.encontrabomretiro.com.br\/sobre\/centro-de-sao-paulo-concentra-roteiros-sobre-historia-arquitetura-e-memoria-na-jornada-do-patrimonio-2026\/","robots":"max-image-preview:large","keywords":"","webmasterTools":{"miscellaneous":""},"schema":{"@context":"https:\/\/schema.org","@graph":[{"@type":"Article","@id":"https:\/\/www.encontrabomretiro.com.br\/sobre\/centro-de-sao-paulo-concentra-roteiros-sobre-historia-arquitetura-e-memoria-na-jornada-do-patrimonio-2026\/#article","name":"Centro de S\u00e3o Paulo concentra roteiros sobre hist\u00f3ria, arquitetura e mem\u00f3ria na Jornada do Patrim\u00f4nio 2026 | Encontra Bom Retiro","headline":"Centro de S\u00e3o Paulo concentra roteiros sobre hist\u00f3ria, arquitetura e mem\u00f3ria na Jornada do Patrim\u00f4nio 2026","author":{"@id":"https:\/\/www.encontrabomretiro.com.br\/sobre\/author\/ebomretiro\/#author"},"publisher":{"@id":"https:\/\/www.encontrabomretiro.com.br\/sobre\/#organization"},"image":{"@type":"ImageObject","url":"https:\/\/www.encontrabomretiro.com.br\/sobre\/wp-content\/uploads\/2026\/08\/centro-de-sao-paulo-concentra-roteiros-sobre-historia-arquitetura-e-memoria-na-jornada-do-patrimonio.webp","width":280,"height":280,"caption":"Jornada do Patrim\u00f4nio 2026"},"datePublished":"2026-08-22T04:19:37-02:00","dateModified":"2026-08-22T04:19:37-02:00","inLanguage":"pt-BR","mainEntityOfPage":{"@id":"https:\/\/www.encontrabomretiro.com.br\/sobre\/centro-de-sao-paulo-concentra-roteiros-sobre-historia-arquitetura-e-memoria-na-jornada-do-patrimonio-2026\/#webpage"},"isPartOf":{"@id":"https:\/\/www.encontrabomretiro.com.br\/sobre\/centro-de-sao-paulo-concentra-roteiros-sobre-historia-arquitetura-e-memoria-na-jornada-do-patrimonio-2026\/#webpage"},"articleSection":"Cultura Bom Retiro"},{"@type":"BreadcrumbList","@id":"https:\/\/www.encontrabomretiro.com.br\/sobre\/centro-de-sao-paulo-concentra-roteiros-sobre-historia-arquitetura-e-memoria-na-jornada-do-patrimonio-2026\/#breadcrumblist","itemListElement":[{"@type":"ListItem","@id":"https:\/\/www.encontrabomretiro.com.br\/sobre#listItem","position":1,"name":"Dom\u00e9stica","item":"https:\/\/www.encontrabomretiro.com.br\/sobre","nextItem":{"@type":"ListItem","@id":"https:\/\/www.encontrabomretiro.com.br\/sobre\/cultura-no-bom-retiro\/#listItem","name":"Cultura Bom Retiro"}},{"@type":"ListItem","@id":"https:\/\/www.encontrabomretiro.com.br\/sobre\/cultura-no-bom-retiro\/#listItem","position":2,"name":"Cultura Bom Retiro","item":"https:\/\/www.encontrabomretiro.com.br\/sobre\/cultura-no-bom-retiro\/","nextItem":{"@type":"ListItem","@id":"https:\/\/www.encontrabomretiro.com.br\/sobre\/centro-de-sao-paulo-concentra-roteiros-sobre-historia-arquitetura-e-memoria-na-jornada-do-patrimonio-2026\/#listItem","name":"Centro de S\u00e3o Paulo concentra roteiros sobre hist\u00f3ria, arquitetura e mem\u00f3ria na Jornada do Patrim\u00f4nio 2026"},"previousItem":{"@type":"ListItem","@id":"https:\/\/www.encontrabomretiro.com.br\/sobre#listItem","name":"Dom\u00e9stica"}},{"@type":"ListItem","@id":"https:\/\/www.encontrabomretiro.com.br\/sobre\/centro-de-sao-paulo-concentra-roteiros-sobre-historia-arquitetura-e-memoria-na-jornada-do-patrimonio-2026\/#listItem","position":3,"name":"Centro de S\u00e3o Paulo concentra roteiros sobre hist\u00f3ria, arquitetura e mem\u00f3ria na Jornada do Patrim\u00f4nio 2026","previousItem":{"@type":"ListItem","@id":"https:\/\/www.encontrabomretiro.com.br\/sobre\/cultura-no-bom-retiro\/#listItem","name":"Cultura Bom Retiro"}}]},{"@type":"Organization","@id":"https:\/\/www.encontrabomretiro.com.br\/sobre\/#organization","name":"Encontra Bom Retiro","description":"Not\u00edcias, eventos, informa\u00e7\u00f5es e dicas no bairro do Bom Retiro e regi\u00e3o.","url":"https:\/\/www.encontrabomretiro.com.br\/sobre\/"},{"@type":"Person","@id":"https:\/\/www.encontrabomretiro.com.br\/sobre\/author\/ebomretiro\/#author","url":"https:\/\/www.encontrabomretiro.com.br\/sobre\/author\/ebomretiro\/","name":"Encontra Bom Retiro","image":{"@type":"ImageObject","@id":"https:\/\/www.encontrabomretiro.com.br\/sobre\/centro-de-sao-paulo-concentra-roteiros-sobre-historia-arquitetura-e-memoria-na-jornada-do-patrimonio-2026\/#authorImage","url":"https:\/\/secure.gravatar.com\/avatar\/507340682b8270222e1f208e23198b6ae7e2c6a1033ae84e99bc6bce4f82a387?s=96&d=mm&r=g","width":96,"height":96,"caption":"Encontra Bom Retiro"}},{"@type":"WebPage","@id":"https:\/\/www.encontrabomretiro.com.br\/sobre\/centro-de-sao-paulo-concentra-roteiros-sobre-historia-arquitetura-e-memoria-na-jornada-do-patrimonio-2026\/#webpage","url":"https:\/\/www.encontrabomretiro.com.br\/sobre\/centro-de-sao-paulo-concentra-roteiros-sobre-historia-arquitetura-e-memoria-na-jornada-do-patrimonio-2026\/","name":"Centro de S\u00e3o Paulo concentra roteiros sobre hist\u00f3ria, arquitetura e mem\u00f3ria na Jornada do Patrim\u00f4nio 2026 | Encontra Bom Retiro","description":"Jornada do Patrim\u00f4nio em S\u00e3o Paulo traz roteiros fascinantes sobre hist\u00f3ria e arquitetura.","inLanguage":"pt-BR","isPartOf":{"@id":"https:\/\/www.encontrabomretiro.com.br\/sobre\/#website"},"breadcrumb":{"@id":"https:\/\/www.encontrabomretiro.com.br\/sobre\/centro-de-sao-paulo-concentra-roteiros-sobre-historia-arquitetura-e-memoria-na-jornada-do-patrimonio-2026\/#breadcrumblist"},"author":{"@id":"https:\/\/www.encontrabomretiro.com.br\/sobre\/author\/ebomretiro\/#author"},"creator":{"@id":"https:\/\/www.encontrabomretiro.com.br\/sobre\/author\/ebomretiro\/#author"},"image":{"@type":"ImageObject","url":"https:\/\/www.encontrabomretiro.com.br\/sobre\/wp-content\/uploads\/2026\/08\/centro-de-sao-paulo-concentra-roteiros-sobre-historia-arquitetura-e-memoria-na-jornada-do-patrimonio.webp","@id":"https:\/\/www.encontrabomretiro.com.br\/sobre\/centro-de-sao-paulo-concentra-roteiros-sobre-historia-arquitetura-e-memoria-na-jornada-do-patrimonio-2026\/#mainImage","width":280,"height":280,"caption":"Jornada do Patrim\u00f4nio 2026"},"primaryImageOfPage":{"@id":"https:\/\/www.encontrabomretiro.com.br\/sobre\/centro-de-sao-paulo-concentra-roteiros-sobre-historia-arquitetura-e-memoria-na-jornada-do-patrimonio-2026\/#mainImage"},"datePublished":"2026-08-22T04:19:37-02:00","dateModified":"2026-08-22T04:19:37-02:00"},{"@type":"WebSite","@id":"https:\/\/www.encontrabomretiro.com.br\/sobre\/#website","url":"https:\/\/www.encontrabomretiro.com.br\/sobre\/","name":"Encontra Bom Retiro","description":"Not\u00edcias, eventos, informa\u00e7\u00f5es e dicas no bairro do Bom Retiro e regi\u00e3o.","inLanguage":"pt-BR","publisher":{"@id":"https:\/\/www.encontrabomretiro.com.br\/sobre\/#organization"}}]},"og:locale":"pt_BR","og:site_name":"Encontra Bom Retiro | Not\u00edcias, eventos, informa\u00e7\u00f5es e dicas no bairro do Bom Retiro e regi\u00e3o.","og:type":"article","og:title":"Centro de S\u00e3o Paulo concentra roteiros sobre hist\u00f3ria, arquitetura e mem\u00f3ria na Jornada do Patrim\u00f4nio 2026 | Encontra Bom Retiro","og:description":"Jornada do Patrim\u00f4nio em S\u00e3o Paulo traz roteiros fascinantes sobre hist\u00f3ria e arquitetura.","og:url":"https:\/\/www.encontrabomretiro.com.br\/sobre\/centro-de-sao-paulo-concentra-roteiros-sobre-historia-arquitetura-e-memoria-na-jornada-do-patrimonio-2026\/","article:published_time":"2026-08-22T06:19:37+00:00","article:modified_time":"2026-08-22T06:19:37+00:00","twitter:card":"summary_large_image","twitter:title":"Centro de S\u00e3o Paulo concentra roteiros sobre hist\u00f3ria, arquitetura e mem\u00f3ria na Jornada do Patrim\u00f4nio 2026 | Encontra Bom Retiro","twitter:description":"Jornada do Patrim\u00f4nio em S\u00e3o Paulo traz roteiros fascinantes sobre hist\u00f3ria e arquitetura."},"aioseo_meta_data":{"post_id":"3361","title":null,"description":null,"keywords":null,"keyphrases":null,"primary_term":null,"canonical_url":null,"og_title":null,"og_description":null,"og_object_type":"default","og_image_type":"default","og_image_url":null,"og_image_width":null,"og_image_height":null,"og_image_custom_url":null,"og_image_custom_fields":null,"og_video":null,"og_custom_url":null,"og_article_section":null,"og_article_tags":null,"twitter_use_og":false,"twitter_card":"default","twitter_image_type":"default","twitter_image_url":null,"twitter_image_custom_url":null,"twitter_image_custom_fields":null,"twitter_title":null,"twitter_description":null,"schema":{"blockGraphs":[],"customGraphs":[],"default":{"data":{"Article":[],"Course":[],"Dataset":[],"FAQPage":[],"Movie":[],"Person":[],"Product":[],"ProductReview":[],"Car":[],"Recipe":[],"Service":[],"SoftwareApplication":[],"WebPage":[]},"graphName":"Article","isEnabled":true},"graphs":[]},"schema_type":"default","schema_type_options":null,"pillar_content":false,"robots_default":true,"robots_noindex":false,"robots_noarchive":false,"robots_nosnippet":false,"robots_nofollow":false,"robots_noimageindex":false,"robots_noodp":false,"robots_notranslate":false,"robots_max_snippet":null,"robots_max_videopreview":null,"robots_max_imagepreview":"large","priority":null,"frequency":null,"local_seo":null,"breadcrumb_settings":null,"limit_modified_date":false,"ai":null,"created":"2026-08-22 06:19:37","updated":"2026-08-22 07:15:03","focus_keyword":null,"additional_keywords":null,"truseo_locale":null,"seo_analyzer_scan_date":null},"aioseo_breadcrumb":"<div class=\"aioseo-breadcrumbs\"><span class=\"aioseo-breadcrumb\">\n\t\t\t<a href=\"https:\/\/www.encontrabomretiro.com.br\/sobre\" title=\"Dom\u00e9stica\">Dom\u00e9stica<\/a>\n\t\t<\/span><span class=\"aioseo-breadcrumb-separator\">&raquo;<\/span><span class=\"aioseo-breadcrumb\">\n\t\t\t<a href=\"https:\/\/www.encontrabomretiro.com.br\/sobre\/cultura-no-bom-retiro\/\" title=\"Cultura Bom Retiro\">Cultura Bom Retiro<\/a>\n\t\t<\/span><span class=\"aioseo-breadcrumb-separator\">&raquo;<\/span><span class=\"aioseo-breadcrumb\">\n\t\t\tCentro de S\u00e3o Paulo concentra roteiros sobre hist\u00f3ria, arquitetura e mem\u00f3ria na Jornada do Patrim\u00f4nio 2026\n\t\t<\/span><\/div>","aioseo_breadcrumb_json":[{"label":"Dom\u00e9stica","link":"https:\/\/www.encontrabomretiro.com.br\/sobre"},{"label":"Cultura Bom Retiro","link":"https:\/\/www.encontrabomretiro.com.br\/sobre\/cultura-no-bom-retiro\/"},{"label":"Centro de S\u00e3o Paulo concentra roteiros sobre hist\u00f3ria, arquitetura e mem\u00f3ria na Jornada do Patrim\u00f4nio 2026","link":"https:\/\/www.encontrabomretiro.com.br\/sobre\/centro-de-sao-paulo-concentra-roteiros-sobre-historia-arquitetura-e-memoria-na-jornada-do-patrimonio-2026\/"}],"_links":{"self":[{"href":"https:\/\/www.encontrabomretiro.com.br\/sobre\/wp-json\/wp\/v2\/posts\/3361","targetHints":{"allow":["GET"]}}],"collection":[{"href":"https:\/\/www.encontrabomretiro.com.br\/sobre\/wp-json\/wp\/v2\/posts"}],"about":[{"href":"https:\/\/www.encontrabomretiro.com.br\/sobre\/wp-json\/wp\/v2\/types\/post"}],"author":[{"embeddable":true,"href":"https:\/\/www.encontrabomretiro.com.br\/sobre\/wp-json\/wp\/v2\/users\/1"}],"replies":[{"embeddable":true,"href":"https:\/\/www.encontrabomretiro.com.br\/sobre\/wp-json\/wp\/v2\/comments?post=3361"}],"version-history":[{"count":0,"href":"https:\/\/www.encontrabomretiro.com.br\/sobre\/wp-json\/wp\/v2\/posts\/3361\/revisions"}],"wp:featuredmedia":[{"embeddable":true,"href":"https:\/\/www.encontrabomretiro.com.br\/sobre\/wp-json\/wp\/v2\/media\/3360"}],"wp:attachment":[{"href":"https:\/\/www.encontrabomretiro.com.br\/sobre\/wp-json\/wp\/v2\/media?parent=3361"}],"wp:term":[{"taxonomy":"category","embeddable":true,"href":"https:\/\/www.encontrabomretiro.com.br\/sobre\/wp-json\/wp\/v2\/categories?post=3361"},{"taxonomy":"post_tag","embeddable":true,"href":"https:\/\/www.encontrabomretiro.com.br\/sobre\/wp-json\/wp\/v2\/tags?post=3361"}],"curies":[{"name":"wp","href":"https:\/\/api.w.org\/{rel}","templated":true}]}}