{"id":3335,"date":"2026-08-19T21:28:42","date_gmt":"2026-08-19T23:28:42","guid":{"rendered":"https:\/\/www.encontrabomretiro.com.br\/sobre\/jardim-bom-retiro-recebe-movimento-lilas-no-dia-d-da-prefeitura-nos-bairros\/"},"modified":"2026-08-19T21:28:42","modified_gmt":"2026-08-19T23:28:42","slug":"jardim-bom-retiro-recebe-movimento-lilas-no-dia-d-da-prefeitura-nos-bairros","status":"publish","type":"post","link":"https:\/\/www.encontrabomretiro.com.br\/sobre\/jardim-bom-retiro-recebe-movimento-lilas-no-dia-d-da-prefeitura-nos-bairros\/","title":{"rendered":"Jardim Bom Retiro recebe &#8216;Movimento Lil\u00e1s&#8217; no Dia D da Prefeitura nos Bairros"},"content":{"rendered":"<div class=\"228b65ae207de3c5c501cfe75875708b\" data-index=\"1\" style=\"float: none; margin:0px;\">\n<!-- Anuncio display - global -->\r\n<ins class=\"adsbygoogle\"\r\n     style=\"display:block\"\r\n     data-ad-client=\"ca-pub-8585364105181520\"\r\n     data-ad-slot=\"8789329856\"\r\n     data-ad-format=\"auto\"\r\n     data-full-width-responsive=\"true\"><\/ins>\r\n<script>\r\n     (adsbygoogle = window.adsbygoogle || []).push({});\r\n<\/script>\n<\/div>\n<h2>O que \u00e9 o Movimento Lil\u00e1s?<\/h2>\n<p>O <strong>Movimento Lil\u00e1s<\/strong> \u00e9 uma iniciativa promovida pela Prefeitura de Valinhos, visando aumentar a conscientiza\u00e7\u00e3o sobre a viol\u00eancia contra a mulher. Este projeto faz parte da a\u00e7\u00e3o <strong>Agosto Lil\u00e1s<\/strong>, que remete \u00e0 cria\u00e7\u00e3o da Lei Maria da Penha e tem como slogan &#8220;Quebre o Sil\u00eancio, Denuncie!&#8221; O objetivo principal \u00e9 criar um espa\u00e7o de di\u00e1logo e acolhimento, promovendo a prote\u00e7\u00e3o e o apoio \u00e0s mulheres que vivenciam situa\u00e7\u00f5es de viol\u00eancia.<\/p>\n<h2>Como Participar das Atividades do Dia D<\/h2>\n<p>O evento se realiza em um ambiente acess\u00edvel e aberto a toda a comunidade. No Dia D, programado para o dia 15 de agosto, as pessoas podem se juntar \u00e0s diversas atividades propostas. A programa\u00e7\u00e3o come\u00e7a com uma sess\u00e3o de alongamento \u00e0s 8h, seguida de aulas de Lian Gong e Zumba, todas guiadas pela <strong>Secretaria de Esportes e Lazer<\/strong>. Os moradores s\u00e3o convidados a participar ativamente, usufruindo das aulas e interagindo com as diversas iniciativas.<\/p>\n<h2>A Import\u00e2ncia da Conscientiza\u00e7\u00e3o sobre Viol\u00eancia<\/h2>\n<p>A viol\u00eancia contra a mulher \u00e9 um problema social cr\u00edtico que requer aten\u00e7\u00e3o cont\u00ednua. Campanhas como o Agosto Lil\u00e1s s\u00e3o de extrema import\u00e2ncia para informar a popula\u00e7\u00e3o e oferecer suporte. O movimento busca n\u00e3o apenas aumentar a visibilidade dessa quest\u00e3o, mas tamb\u00e9m incentivar as mulheres a denunciarem abusos e a buscarem ajuda. A educa\u00e7\u00e3o da sociedade sobre os efeitos da viol\u00eancia \u00e9 uma das chaves para a mudan\u00e7a e a promo\u00e7\u00e3o de um ambiente mais seguro e justo.<\/p>\n<p><img decoding=\"async\" src=\"https:\/\/www.encontrabomretiro.com.br\/sobre\/wp-content\/uploads\/2026\/08\/jardim-bom-retiro-recebe-movimento-lilas-no-dia-d-da-prefeitura-nos-bairros.webp\" alt=\"Movimento Lil\u00e1s\" loading=\"lazy\" \/><\/p>\n<h2>Atividades Programadas Durante o Evento<\/h2>\n<p>A programa\u00e7\u00e3o do Movimento Lil\u00e1s \u00e9 diversificada e inclui:<\/p>\n<ul>\n<li>Alongamento \u00e0s 8h;<\/li>\n<li>Aula de Lian Gong \u00e0s 8h30;<\/li>\n<li>Aula de Zumba das 9h \u00e0s 10h;<\/li>\n<li>Apresenta\u00e7\u00f5es de dan\u00e7a;<\/li>\n<li>Interven\u00e7\u00f5es art\u00edsticas.<\/li>\n<\/ul>\n<p>Essas atividades t\u00eam como objetivo promover o bem-estar f\u00edsico e mental, al\u00e9m de servirem como um meio para abordar a quest\u00e3o da viol\u00eancia de forma leve e interativa.<\/p>\n<h2>Apoio da Secretaria da Fam\u00edlia e da Mulher<\/h2>\n<p>A <strong>Secretaria da Fam\u00edlia e da Mulher<\/strong> desempenha um papel fundamental na organiza\u00e7\u00e3o do Movimento Lil\u00e1s. Este \u00f3rg\u00e3o tem como obriga\u00e7\u00e3o promover pol\u00edticas p\u00fablicas voltadas para a prote\u00e7\u00e3o dos direitos das mulheres, e sua participa\u00e7\u00e3o no evento \u00e9 um reflexo do comprometimento com essa causa. Al\u00e9m das atividades recreativas, a secret\u00e1ria respons\u00e1vel busca abrir canais de di\u00e1logo e apoio \u00e0s v\u00edtimas de viol\u00eancia.<\/p>\n<h2>Interven\u00e7\u00e3o Art\u00edstica e Cultura no Jardim Bom Retiro<\/h2>\n<p>A cultura \u00e9 um aspecto essencial da identidade comunit\u00e1ria, e o Movimento Lil\u00e1s inclui diversas express\u00f5es art\u00edsticas. Durante o evento, h\u00e1 apresenta\u00e7\u00f5es que envolvem dan\u00e7a e interven\u00e7\u00f5es art\u00edsticas que ajudam a sensibilizar o p\u00fablico sobre a tem\u00e1tica da viol\u00eancia contra a mulher. Esses momentos culturais trazem uma perspectiva inovadora, facilitando o entendimento sobre a gravidade da situa\u00e7\u00e3o por meio da arte.<\/p>\n<h2>Servi\u00e7os de Sa\u00fade Dispon\u00edveis no Local<\/h2>\n<p>Al\u00e9m das atividades esportivas e culturais, o Movimento Lil\u00e1s oferece uma variedade de servi\u00e7os de sa\u00fade para a comunidade. Entre os servi\u00e7os dispon\u00edveis est\u00e3o:<\/p>\n<ul>\n<li>Aferi\u00e7\u00e3o de press\u00e3o arterial;<\/li>\n<li>Aferi\u00e7\u00e3o de glicemia;<\/li>\n<li>Orienta\u00e7\u00f5es em sa\u00fade;<\/li>\n<li>Vacina\u00e7\u00e3o.<\/li>\n<\/ul>\n<p>Essas a\u00e7\u00f5es visam n\u00e3o apenas promover a sa\u00fade f\u00edsica, mas tamb\u00e9m integrar as quest\u00f5es de sa\u00fade no contexto da prote\u00e7\u00e3o \u00e0s mulheres, enfatizando a import\u00e2ncia do autocuidado.<\/p>\n<h2>O Papel da Patrulha Maria da Penha<\/h2>\n<p>A Patrulha Maria da Penha, em parceria com a <strong>Secretaria de Seguran\u00e7a P\u00fablica e Cidadania<\/strong>, estar\u00e1 presente durante o evento, exibindo sua viatura. A presen\u00e7a da Patrulha visa conscientizar a popula\u00e7\u00e3o sobre a import\u00e2ncia do registro de ocorr\u00eancias e da prote\u00e7\u00e3o \u00e0s mulheres v\u00edtimas de viol\u00eancia. A atua\u00e7\u00e3o deste grupo demonstra o comprometimento das autoridades em combater a viol\u00eancia contra a mulher e em oferecer um respaldo institucional \u00e0s v\u00edtimas.<\/p>\n<h2>Conex\u00e3o com o Agosto Lil\u00e1s<\/h2>\n<p>O <strong>Agosto Lil\u00e1s<\/strong> \u00e9 uma campanha promovida em todo o pa\u00eds para lembrar a cria\u00e7\u00e3o da Lei Maria da Penha, e o Movimento Lil\u00e1s \u00e9 uma das formas de intensificar as a\u00e7\u00f5es em n\u00edvel local. Durante todo o m\u00eas, diversas atividades de conscientiza\u00e7\u00e3o s\u00e3o realizadas, contribuindo para o fortalecimento de uma rede de apoio \u00e0 mulher, al\u00e9m de fomentar discuss\u00f5es sobre a necessidade de respeito e igualdade de g\u00eanero.<\/p>\n<h2>A Campanha e Seus Impactos na Comunidade<\/h2>\n<p>A campanha Agosto Lil\u00e1s e eventos como o Movimento Lil\u00e1s s\u00e3o essenciais para criar um ambiente de acolhimento e suporte. Com a promo\u00e7\u00e3o de a\u00e7\u00f5es voltadas para a conscientiza\u00e7\u00e3o e o di\u00e1logo, espera-se que as mulheres se sintam encorajadas a denunciar abusos e buscar amparo. O impacto positivo em nossa comunidade pode ser medido pelo aumento na conscientiza\u00e7\u00e3o sobre a viol\u00eancia contra a mulher e a mobiliza\u00e7\u00e3o da sociedade para erradicar essa viola\u00e7\u00e3o de direitos.<\/p>\n<p>Por fim, a uni\u00e3o de esfor\u00e7os entre as diversas secretarias, a comunidade e as organiza\u00e7\u00f5es n\u00e3o governamentais \u00e9 fundamental para o sucesso de iniciativas como estas, que se esfor\u00e7am para construir uma sociedade mais justa e segura para todos.<\/p>\n\n<div style=\"font-size: 0px; height: 0px; line-height: 0px; margin: 0; padding: 0; clear: both;\"><\/div>","protected":false},"excerpt":{"rendered":"<p>Movimento Lil\u00e1s leva conscientiza\u00e7\u00e3o sobre viol\u00eancia contra a mulher ao Jardim Bom Retiro neste s\u00e1bado.<\/p>\n","protected":false},"author":1,"featured_media":3334,"comment_status":"open","ping_status":"closed","sticky":false,"template":"","format":"standard","meta":{"footnotes":""},"categories":[17],"tags":[],"class_list":["post-3335","post","type-post","status-publish","format-standard","has-post-thumbnail","hentry","category-cultura-no-bom-retiro","has_thumb"],"aioseo_notices":[],"aioseo_head":"\n\t\t<!-- All in One SEO 5.0.0.1 - aioseo.com -->\n\t<meta name=\"description\" content=\"Movimento Lil\u00e1s leva conscientiza\u00e7\u00e3o sobre viol\u00eancia contra a mulher ao Jardim Bom Retiro neste s\u00e1bado.\" \/>\n\t<meta name=\"robots\" content=\"max-image-preview:large\" \/>\n\t<meta name=\"author\" content=\"Encontra Bom Retiro\"\/>\n\t<link rel=\"canonical\" href=\"https:\/\/www.encontrabomretiro.com.br\/sobre\/jardim-bom-retiro-recebe-movimento-lilas-no-dia-d-da-prefeitura-nos-bairros\/\" \/>\n\t<meta name=\"generator\" content=\"All in One SEO (AIOSEO) 5.0.0.1\" \/>\n\t\t<meta property=\"og:locale\" content=\"pt_BR\" \/>\n\t\t<meta property=\"og:site_name\" content=\"Encontra Bom Retiro | Not\u00edcias, eventos, informa\u00e7\u00f5es e dicas no bairro do Bom Retiro e regi\u00e3o.\" \/>\n\t\t<meta property=\"og:type\" content=\"article\" \/>\n\t\t<meta property=\"og:title\" content=\"Jardim Bom Retiro recebe \u2018Movimento Lil\u00e1s\u2019 no Dia D da Prefeitura nos Bairros | Encontra Bom Retiro\" \/>\n\t\t<meta property=\"og:description\" content=\"Movimento Lil\u00e1s leva conscientiza\u00e7\u00e3o sobre viol\u00eancia contra a mulher ao Jardim Bom Retiro neste s\u00e1bado.\" \/>\n\t\t<meta property=\"og:url\" content=\"https:\/\/www.encontrabomretiro.com.br\/sobre\/jardim-bom-retiro-recebe-movimento-lilas-no-dia-d-da-prefeitura-nos-bairros\/\" \/>\n\t\t<meta property=\"article:published_time\" content=\"2026-08-19T23:28:42+00:00\" \/>\n\t\t<meta property=\"article:modified_time\" content=\"2026-08-19T23:28:42+00:00\" \/>\n\t\t<meta name=\"twitter:card\" content=\"summary_large_image\" \/>\n\t\t<meta name=\"twitter:title\" content=\"Jardim Bom Retiro recebe \u2018Movimento Lil\u00e1s\u2019 no Dia D da Prefeitura nos Bairros | Encontra Bom Retiro\" \/>\n\t\t<meta name=\"twitter:description\" content=\"Movimento Lil\u00e1s leva conscientiza\u00e7\u00e3o sobre viol\u00eancia contra a mulher ao Jardim Bom Retiro neste s\u00e1bado.\" \/>\n\t\t<script type=\"application\/ld+json\" class=\"aioseo-schema\">\n\t\t\t{\"@context\":\"https:\\\/\\\/schema.org\",\"@graph\":[{\"@type\":\"Article\",\"@id\":\"https:\\\/\\\/www.encontrabomretiro.com.br\\\/sobre\\\/jardim-bom-retiro-recebe-movimento-lilas-no-dia-d-da-prefeitura-nos-bairros\\\/#article\",\"name\":\"Jardim Bom Retiro recebe \\u2018Movimento Lil\\u00e1s\\u2019 no Dia D da Prefeitura nos Bairros | Encontra Bom Retiro\",\"headline\":\"Jardim Bom Retiro recebe &#8216;Movimento Lil\\u00e1s&#8217; no Dia D da Prefeitura nos Bairros\",\"author\":{\"@id\":\"https:\\\/\\\/www.encontrabomretiro.com.br\\\/sobre\\\/author\\\/ebomretiro\\\/#author\"},\"publisher\":{\"@id\":\"https:\\\/\\\/www.encontrabomretiro.com.br\\\/sobre\\\/#organization\"},\"image\":{\"@type\":\"ImageObject\",\"url\":\"https:\\\/\\\/www.encontrabomretiro.com.br\\\/sobre\\\/wp-content\\\/uploads\\\/2026\\\/08\\\/jardim-bom-retiro-recebe-movimento-lilas-no-dia-d-da-prefeitura-nos-bairros.webp\",\"width\":280,\"height\":280,\"caption\":\"Movimento Lil\\u00e1s\"},\"datePublished\":\"2026-08-19T21:28:42-02:00\",\"dateModified\":\"2026-08-19T21:28:42-02:00\",\"inLanguage\":\"pt-BR\",\"mainEntityOfPage\":{\"@id\":\"https:\\\/\\\/www.encontrabomretiro.com.br\\\/sobre\\\/jardim-bom-retiro-recebe-movimento-lilas-no-dia-d-da-prefeitura-nos-bairros\\\/#webpage\"},\"isPartOf\":{\"@id\":\"https:\\\/\\\/www.encontrabomretiro.com.br\\\/sobre\\\/jardim-bom-retiro-recebe-movimento-lilas-no-dia-d-da-prefeitura-nos-bairros\\\/#webpage\"},\"articleSection\":\"Cultura Bom Retiro\"},{\"@type\":\"BreadcrumbList\",\"@id\":\"https:\\\/\\\/www.encontrabomretiro.com.br\\\/sobre\\\/jardim-bom-retiro-recebe-movimento-lilas-no-dia-d-da-prefeitura-nos-bairros\\\/#breadcrumblist\",\"itemListElement\":[{\"@type\":\"ListItem\",\"@id\":\"https:\\\/\\\/www.encontrabomretiro.com.br\\\/sobre#listItem\",\"position\":1,\"name\":\"Dom\\u00e9stica\",\"item\":\"https:\\\/\\\/www.encontrabomretiro.com.br\\\/sobre\",\"nextItem\":{\"@type\":\"ListItem\",\"@id\":\"https:\\\/\\\/www.encontrabomretiro.com.br\\\/sobre\\\/cultura-no-bom-retiro\\\/#listItem\",\"name\":\"Cultura Bom Retiro\"}},{\"@type\":\"ListItem\",\"@id\":\"https:\\\/\\\/www.encontrabomretiro.com.br\\\/sobre\\\/cultura-no-bom-retiro\\\/#listItem\",\"position\":2,\"name\":\"Cultura Bom Retiro\",\"item\":\"https:\\\/\\\/www.encontrabomretiro.com.br\\\/sobre\\\/cultura-no-bom-retiro\\\/\",\"nextItem\":{\"@type\":\"ListItem\",\"@id\":\"https:\\\/\\\/www.encontrabomretiro.com.br\\\/sobre\\\/jardim-bom-retiro-recebe-movimento-lilas-no-dia-d-da-prefeitura-nos-bairros\\\/#listItem\",\"name\":\"Jardim Bom Retiro recebe &#8216;Movimento Lil\\u00e1s&#8217; no Dia D da Prefeitura nos Bairros\"},\"previousItem\":{\"@type\":\"ListItem\",\"@id\":\"https:\\\/\\\/www.encontrabomretiro.com.br\\\/sobre#listItem\",\"name\":\"Dom\\u00e9stica\"}},{\"@type\":\"ListItem\",\"@id\":\"https:\\\/\\\/www.encontrabomretiro.com.br\\\/sobre\\\/jardim-bom-retiro-recebe-movimento-lilas-no-dia-d-da-prefeitura-nos-bairros\\\/#listItem\",\"position\":3,\"name\":\"Jardim Bom Retiro recebe &#8216;Movimento Lil\\u00e1s&#8217; no Dia D da Prefeitura nos Bairros\",\"previousItem\":{\"@type\":\"ListItem\",\"@id\":\"https:\\\/\\\/www.encontrabomretiro.com.br\\\/sobre\\\/cultura-no-bom-retiro\\\/#listItem\",\"name\":\"Cultura Bom Retiro\"}}]},{\"@type\":\"Organization\",\"@id\":\"https:\\\/\\\/www.encontrabomretiro.com.br\\\/sobre\\\/#organization\",\"name\":\"Encontra Bom Retiro\",\"description\":\"Not\\u00edcias, eventos, informa\\u00e7\\u00f5es e dicas no bairro do Bom Retiro e regi\\u00e3o.\",\"url\":\"https:\\\/\\\/www.encontrabomretiro.com.br\\\/sobre\\\/\"},{\"@type\":\"Person\",\"@id\":\"https:\\\/\\\/www.encontrabomretiro.com.br\\\/sobre\\\/author\\\/ebomretiro\\\/#author\",\"url\":\"https:\\\/\\\/www.encontrabomretiro.com.br\\\/sobre\\\/author\\\/ebomretiro\\\/\",\"name\":\"Encontra Bom Retiro\",\"image\":{\"@type\":\"ImageObject\",\"@id\":\"https:\\\/\\\/www.encontrabomretiro.com.br\\\/sobre\\\/jardim-bom-retiro-recebe-movimento-lilas-no-dia-d-da-prefeitura-nos-bairros\\\/#authorImage\",\"url\":\"https:\\\/\\\/secure.gravatar.com\\\/avatar\\\/507340682b8270222e1f208e23198b6ae7e2c6a1033ae84e99bc6bce4f82a387?s=96&d=mm&r=g\",\"width\":96,\"height\":96,\"caption\":\"Encontra Bom Retiro\"}},{\"@type\":\"WebPage\",\"@id\":\"https:\\\/\\\/www.encontrabomretiro.com.br\\\/sobre\\\/jardim-bom-retiro-recebe-movimento-lilas-no-dia-d-da-prefeitura-nos-bairros\\\/#webpage\",\"url\":\"https:\\\/\\\/www.encontrabomretiro.com.br\\\/sobre\\\/jardim-bom-retiro-recebe-movimento-lilas-no-dia-d-da-prefeitura-nos-bairros\\\/\",\"name\":\"Jardim Bom Retiro recebe \\u2018Movimento Lil\\u00e1s\\u2019 no Dia D da Prefeitura nos Bairros | Encontra Bom Retiro\",\"description\":\"Movimento Lil\\u00e1s leva conscientiza\\u00e7\\u00e3o sobre viol\\u00eancia contra a mulher ao Jardim Bom Retiro neste s\\u00e1bado.\",\"inLanguage\":\"pt-BR\",\"isPartOf\":{\"@id\":\"https:\\\/\\\/www.encontrabomretiro.com.br\\\/sobre\\\/#website\"},\"breadcrumb\":{\"@id\":\"https:\\\/\\\/www.encontrabomretiro.com.br\\\/sobre\\\/jardim-bom-retiro-recebe-movimento-lilas-no-dia-d-da-prefeitura-nos-bairros\\\/#breadcrumblist\"},\"author\":{\"@id\":\"https:\\\/\\\/www.encontrabomretiro.com.br\\\/sobre\\\/author\\\/ebomretiro\\\/#author\"},\"creator\":{\"@id\":\"https:\\\/\\\/www.encontrabomretiro.com.br\\\/sobre\\\/author\\\/ebomretiro\\\/#author\"},\"image\":{\"@type\":\"ImageObject\",\"url\":\"https:\\\/\\\/www.encontrabomretiro.com.br\\\/sobre\\\/wp-content\\\/uploads\\\/2026\\\/08\\\/jardim-bom-retiro-recebe-movimento-lilas-no-dia-d-da-prefeitura-nos-bairros.webp\",\"@id\":\"https:\\\/\\\/www.encontrabomretiro.com.br\\\/sobre\\\/jardim-bom-retiro-recebe-movimento-lilas-no-dia-d-da-prefeitura-nos-bairros\\\/#mainImage\",\"width\":280,\"height\":280,\"caption\":\"Movimento Lil\\u00e1s\"},\"primaryImageOfPage\":{\"@id\":\"https:\\\/\\\/www.encontrabomretiro.com.br\\\/sobre\\\/jardim-bom-retiro-recebe-movimento-lilas-no-dia-d-da-prefeitura-nos-bairros\\\/#mainImage\"},\"datePublished\":\"2026-08-19T21:28:42-02:00\",\"dateModified\":\"2026-08-19T21:28:42-02:00\"},{\"@type\":\"WebSite\",\"@id\":\"https:\\\/\\\/www.encontrabomretiro.com.br\\\/sobre\\\/#website\",\"url\":\"https:\\\/\\\/www.encontrabomretiro.com.br\\\/sobre\\\/\",\"name\":\"Encontra Bom Retiro\",\"description\":\"Not\\u00edcias, eventos, informa\\u00e7\\u00f5es e dicas no bairro do Bom Retiro e regi\\u00e3o.\",\"inLanguage\":\"pt-BR\",\"publisher\":{\"@id\":\"https:\\\/\\\/www.encontrabomretiro.com.br\\\/sobre\\\/#organization\"}}]}\n\t\t<\/script>\n\t\t<!-- All in One SEO -->\n\n","aioseo_head_json":{"title":"Jardim Bom Retiro recebe \u2018Movimento Lil\u00e1s\u2019 no Dia D da Prefeitura nos Bairros | Encontra Bom Retiro","description":"Movimento Lil\u00e1s leva conscientiza\u00e7\u00e3o sobre viol\u00eancia contra a mulher ao Jardim Bom Retiro neste s\u00e1bado.","canonical_url":"https:\/\/www.encontrabomretiro.com.br\/sobre\/jardim-bom-retiro-recebe-movimento-lilas-no-dia-d-da-prefeitura-nos-bairros\/","robots":"max-image-preview:large","keywords":"","webmasterTools":{"miscellaneous":""},"schema":{"@context":"https:\/\/schema.org","@graph":[{"@type":"Article","@id":"https:\/\/www.encontrabomretiro.com.br\/sobre\/jardim-bom-retiro-recebe-movimento-lilas-no-dia-d-da-prefeitura-nos-bairros\/#article","name":"Jardim Bom Retiro recebe \u2018Movimento Lil\u00e1s\u2019 no Dia D da Prefeitura nos Bairros | Encontra Bom Retiro","headline":"Jardim Bom Retiro recebe &#8216;Movimento Lil\u00e1s&#8217; no Dia D da Prefeitura nos Bairros","author":{"@id":"https:\/\/www.encontrabomretiro.com.br\/sobre\/author\/ebomretiro\/#author"},"publisher":{"@id":"https:\/\/www.encontrabomretiro.com.br\/sobre\/#organization"},"image":{"@type":"ImageObject","url":"https:\/\/www.encontrabomretiro.com.br\/sobre\/wp-content\/uploads\/2026\/08\/jardim-bom-retiro-recebe-movimento-lilas-no-dia-d-da-prefeitura-nos-bairros.webp","width":280,"height":280,"caption":"Movimento Lil\u00e1s"},"datePublished":"2026-08-19T21:28:42-02:00","dateModified":"2026-08-19T21:28:42-02:00","inLanguage":"pt-BR","mainEntityOfPage":{"@id":"https:\/\/www.encontrabomretiro.com.br\/sobre\/jardim-bom-retiro-recebe-movimento-lilas-no-dia-d-da-prefeitura-nos-bairros\/#webpage"},"isPartOf":{"@id":"https:\/\/www.encontrabomretiro.com.br\/sobre\/jardim-bom-retiro-recebe-movimento-lilas-no-dia-d-da-prefeitura-nos-bairros\/#webpage"},"articleSection":"Cultura Bom Retiro"},{"@type":"BreadcrumbList","@id":"https:\/\/www.encontrabomretiro.com.br\/sobre\/jardim-bom-retiro-recebe-movimento-lilas-no-dia-d-da-prefeitura-nos-bairros\/#breadcrumblist","itemListElement":[{"@type":"ListItem","@id":"https:\/\/www.encontrabomretiro.com.br\/sobre#listItem","position":1,"name":"Dom\u00e9stica","item":"https:\/\/www.encontrabomretiro.com.br\/sobre","nextItem":{"@type":"ListItem","@id":"https:\/\/www.encontrabomretiro.com.br\/sobre\/cultura-no-bom-retiro\/#listItem","name":"Cultura Bom Retiro"}},{"@type":"ListItem","@id":"https:\/\/www.encontrabomretiro.com.br\/sobre\/cultura-no-bom-retiro\/#listItem","position":2,"name":"Cultura Bom Retiro","item":"https:\/\/www.encontrabomretiro.com.br\/sobre\/cultura-no-bom-retiro\/","nextItem":{"@type":"ListItem","@id":"https:\/\/www.encontrabomretiro.com.br\/sobre\/jardim-bom-retiro-recebe-movimento-lilas-no-dia-d-da-prefeitura-nos-bairros\/#listItem","name":"Jardim Bom Retiro recebe &#8216;Movimento Lil\u00e1s&#8217; no Dia D da Prefeitura nos Bairros"},"previousItem":{"@type":"ListItem","@id":"https:\/\/www.encontrabomretiro.com.br\/sobre#listItem","name":"Dom\u00e9stica"}},{"@type":"ListItem","@id":"https:\/\/www.encontrabomretiro.com.br\/sobre\/jardim-bom-retiro-recebe-movimento-lilas-no-dia-d-da-prefeitura-nos-bairros\/#listItem","position":3,"name":"Jardim Bom Retiro recebe &#8216;Movimento Lil\u00e1s&#8217; no Dia D da Prefeitura nos Bairros","previousItem":{"@type":"ListItem","@id":"https:\/\/www.encontrabomretiro.com.br\/sobre\/cultura-no-bom-retiro\/#listItem","name":"Cultura Bom Retiro"}}]},{"@type":"Organization","@id":"https:\/\/www.encontrabomretiro.com.br\/sobre\/#organization","name":"Encontra Bom Retiro","description":"Not\u00edcias, eventos, informa\u00e7\u00f5es e dicas no bairro do Bom Retiro e regi\u00e3o.","url":"https:\/\/www.encontrabomretiro.com.br\/sobre\/"},{"@type":"Person","@id":"https:\/\/www.encontrabomretiro.com.br\/sobre\/author\/ebomretiro\/#author","url":"https:\/\/www.encontrabomretiro.com.br\/sobre\/author\/ebomretiro\/","name":"Encontra Bom Retiro","image":{"@type":"ImageObject","@id":"https:\/\/www.encontrabomretiro.com.br\/sobre\/jardim-bom-retiro-recebe-movimento-lilas-no-dia-d-da-prefeitura-nos-bairros\/#authorImage","url":"https:\/\/secure.gravatar.com\/avatar\/507340682b8270222e1f208e23198b6ae7e2c6a1033ae84e99bc6bce4f82a387?s=96&d=mm&r=g","width":96,"height":96,"caption":"Encontra Bom Retiro"}},{"@type":"WebPage","@id":"https:\/\/www.encontrabomretiro.com.br\/sobre\/jardim-bom-retiro-recebe-movimento-lilas-no-dia-d-da-prefeitura-nos-bairros\/#webpage","url":"https:\/\/www.encontrabomretiro.com.br\/sobre\/jardim-bom-retiro-recebe-movimento-lilas-no-dia-d-da-prefeitura-nos-bairros\/","name":"Jardim Bom Retiro recebe \u2018Movimento Lil\u00e1s\u2019 no Dia D da Prefeitura nos Bairros | Encontra Bom Retiro","description":"Movimento Lil\u00e1s leva conscientiza\u00e7\u00e3o sobre viol\u00eancia contra a mulher ao Jardim Bom Retiro neste s\u00e1bado.","inLanguage":"pt-BR","isPartOf":{"@id":"https:\/\/www.encontrabomretiro.com.br\/sobre\/#website"},"breadcrumb":{"@id":"https:\/\/www.encontrabomretiro.com.br\/sobre\/jardim-bom-retiro-recebe-movimento-lilas-no-dia-d-da-prefeitura-nos-bairros\/#breadcrumblist"},"author":{"@id":"https:\/\/www.encontrabomretiro.com.br\/sobre\/author\/ebomretiro\/#author"},"creator":{"@id":"https:\/\/www.encontrabomretiro.com.br\/sobre\/author\/ebomretiro\/#author"},"image":{"@type":"ImageObject","url":"https:\/\/www.encontrabomretiro.com.br\/sobre\/wp-content\/uploads\/2026\/08\/jardim-bom-retiro-recebe-movimento-lilas-no-dia-d-da-prefeitura-nos-bairros.webp","@id":"https:\/\/www.encontrabomretiro.com.br\/sobre\/jardim-bom-retiro-recebe-movimento-lilas-no-dia-d-da-prefeitura-nos-bairros\/#mainImage","width":280,"height":280,"caption":"Movimento Lil\u00e1s"},"primaryImageOfPage":{"@id":"https:\/\/www.encontrabomretiro.com.br\/sobre\/jardim-bom-retiro-recebe-movimento-lilas-no-dia-d-da-prefeitura-nos-bairros\/#mainImage"},"datePublished":"2026-08-19T21:28:42-02:00","dateModified":"2026-08-19T21:28:42-02:00"},{"@type":"WebSite","@id":"https:\/\/www.encontrabomretiro.com.br\/sobre\/#website","url":"https:\/\/www.encontrabomretiro.com.br\/sobre\/","name":"Encontra Bom Retiro","description":"Not\u00edcias, eventos, informa\u00e7\u00f5es e dicas no bairro do Bom Retiro e regi\u00e3o.","inLanguage":"pt-BR","publisher":{"@id":"https:\/\/www.encontrabomretiro.com.br\/sobre\/#organization"}}]},"og:locale":"pt_BR","og:site_name":"Encontra Bom Retiro | Not\u00edcias, eventos, informa\u00e7\u00f5es e dicas no bairro do Bom Retiro e regi\u00e3o.","og:type":"article","og:title":"Jardim Bom Retiro recebe \u2018Movimento Lil\u00e1s\u2019 no Dia D da Prefeitura nos Bairros | Encontra Bom Retiro","og:description":"Movimento Lil\u00e1s leva conscientiza\u00e7\u00e3o sobre viol\u00eancia contra a mulher ao Jardim Bom Retiro neste s\u00e1bado.","og:url":"https:\/\/www.encontrabomretiro.com.br\/sobre\/jardim-bom-retiro-recebe-movimento-lilas-no-dia-d-da-prefeitura-nos-bairros\/","article:published_time":"2026-08-19T23:28:42+00:00","article:modified_time":"2026-08-19T23:28:42+00:00","twitter:card":"summary_large_image","twitter:title":"Jardim Bom Retiro recebe \u2018Movimento Lil\u00e1s\u2019 no Dia D da Prefeitura nos Bairros | Encontra Bom Retiro","twitter:description":"Movimento Lil\u00e1s leva conscientiza\u00e7\u00e3o sobre viol\u00eancia contra a mulher ao Jardim Bom Retiro neste s\u00e1bado."},"aioseo_meta_data":{"post_id":"3335","title":null,"description":null,"keywords":null,"keyphrases":null,"primary_term":null,"canonical_url":null,"og_title":null,"og_description":null,"og_object_type":"default","og_image_type":"default","og_image_url":null,"og_image_width":null,"og_image_height":null,"og_image_custom_url":null,"og_image_custom_fields":null,"og_video":null,"og_custom_url":null,"og_article_section":null,"og_article_tags":null,"twitter_use_og":false,"twitter_card":"default","twitter_image_type":"default","twitter_image_url":null,"twitter_image_custom_url":null,"twitter_image_custom_fields":null,"twitter_title":null,"twitter_description":null,"schema":{"blockGraphs":[],"customGraphs":[],"default":{"data":{"Article":[],"Course":[],"Dataset":[],"FAQPage":[],"Movie":[],"Person":[],"Product":[],"ProductReview":[],"Car":[],"Recipe":[],"Service":[],"SoftwareApplication":[],"WebPage":[]},"graphName":"Article","isEnabled":true},"graphs":[]},"schema_type":"default","schema_type_options":null,"pillar_content":false,"robots_default":true,"robots_noindex":false,"robots_noarchive":false,"robots_nosnippet":false,"robots_nofollow":false,"robots_noimageindex":false,"robots_noodp":false,"robots_notranslate":false,"robots_max_snippet":null,"robots_max_videopreview":null,"robots_max_imagepreview":"large","priority":null,"frequency":null,"local_seo":null,"breadcrumb_settings":null,"limit_modified_date":false,"ai":null,"created":"2026-08-19 23:28:42","updated":"2026-08-19 23:29:48","focus_keyword":null,"additional_keywords":null,"truseo_locale":null,"seo_analyzer_scan_date":null},"aioseo_breadcrumb":"<div class=\"aioseo-breadcrumbs\"><span class=\"aioseo-breadcrumb\">\n\t\t\t<a href=\"https:\/\/www.encontrabomretiro.com.br\/sobre\" title=\"Dom\u00e9stica\">Dom\u00e9stica<\/a>\n\t\t<\/span><span class=\"aioseo-breadcrumb-separator\">&raquo;<\/span><span class=\"aioseo-breadcrumb\">\n\t\t\t<a href=\"https:\/\/www.encontrabomretiro.com.br\/sobre\/cultura-no-bom-retiro\/\" title=\"Cultura Bom Retiro\">Cultura Bom Retiro<\/a>\n\t\t<\/span><span class=\"aioseo-breadcrumb-separator\">&raquo;<\/span><span class=\"aioseo-breadcrumb\">\n\t\t\tJardim Bom Retiro recebe \u2018Movimento Lil\u00e1s\u2019 no Dia D da Prefeitura nos Bairros\n\t\t<\/span><\/div>","aioseo_breadcrumb_json":[{"label":"Dom\u00e9stica","link":"https:\/\/www.encontrabomretiro.com.br\/sobre"},{"label":"Cultura Bom Retiro","link":"https:\/\/www.encontrabomretiro.com.br\/sobre\/cultura-no-bom-retiro\/"},{"label":"Jardim Bom Retiro recebe &#8216;Movimento Lil\u00e1s&#8217; no Dia D da Prefeitura nos Bairros","link":"https:\/\/www.encontrabomretiro.com.br\/sobre\/jardim-bom-retiro-recebe-movimento-lilas-no-dia-d-da-prefeitura-nos-bairros\/"}],"_links":{"self":[{"href":"https:\/\/www.encontrabomretiro.com.br\/sobre\/wp-json\/wp\/v2\/posts\/3335","targetHints":{"allow":["GET"]}}],"collection":[{"href":"https:\/\/www.encontrabomretiro.com.br\/sobre\/wp-json\/wp\/v2\/posts"}],"about":[{"href":"https:\/\/www.encontrabomretiro.com.br\/sobre\/wp-json\/wp\/v2\/types\/post"}],"author":[{"embeddable":true,"href":"https:\/\/www.encontrabomretiro.com.br\/sobre\/wp-json\/wp\/v2\/users\/1"}],"replies":[{"embeddable":true,"href":"https:\/\/www.encontrabomretiro.com.br\/sobre\/wp-json\/wp\/v2\/comments?post=3335"}],"version-history":[{"count":0,"href":"https:\/\/www.encontrabomretiro.com.br\/sobre\/wp-json\/wp\/v2\/posts\/3335\/revisions"}],"wp:featuredmedia":[{"embeddable":true,"href":"https:\/\/www.encontrabomretiro.com.br\/sobre\/wp-json\/wp\/v2\/media\/3334"}],"wp:attachment":[{"href":"https:\/\/www.encontrabomretiro.com.br\/sobre\/wp-json\/wp\/v2\/media?parent=3335"}],"wp:term":[{"taxonomy":"category","embeddable":true,"href":"https:\/\/www.encontrabomretiro.com.br\/sobre\/wp-json\/wp\/v2\/categories?post=3335"},{"taxonomy":"post_tag","embeddable":true,"href":"https:\/\/www.encontrabomretiro.com.br\/sobre\/wp-json\/wp\/v2\/tags?post=3335"}],"curies":[{"name":"wp","href":"https:\/\/api.w.org\/{rel}","templated":true}]}}