{"id":3321,"date":"2026-08-17T21:23:48","date_gmt":"2026-08-17T23:23:48","guid":{"rendered":"https:\/\/www.encontrabomretiro.com.br\/sobre\/agenda-de-shows-tudo-o-que-rola-em-sao-paulo-e-regiao-entre-17-e-23-de-agosto\/"},"modified":"2026-08-17T21:23:48","modified_gmt":"2026-08-17T23:23:48","slug":"agenda-de-shows-tudo-o-que-rola-em-sao-paulo-e-regiao-entre-17-e-23-de-agosto","status":"publish","type":"post","link":"https:\/\/www.encontrabomretiro.com.br\/sobre\/agenda-de-shows-tudo-o-que-rola-em-sao-paulo-e-regiao-entre-17-e-23-de-agosto\/","title":{"rendered":"Agenda de Shows: Tudo o que rola em S\u00e3o Paulo e regi\u00e3o entre 17 e 23 de agosto"},"content":{"rendered":"<div class=\"228b65ae207de3c5c501cfe75875708b\" data-index=\"1\" style=\"float: none; margin:0px;\">\n<!-- Anuncio display - global -->\r\n<ins class=\"adsbygoogle\"\r\n     style=\"display:block\"\r\n     data-ad-client=\"ca-pub-8585364105181520\"\r\n     data-ad-slot=\"8789329856\"\r\n     data-ad-format=\"auto\"\r\n     data-full-width-responsive=\"true\"><\/ins>\r\n<script>\r\n     (adsbygoogle = window.adsbygoogle || []).push({});\r\n<\/script>\n<\/div>\n<h2>O Impacto dos Beatles na M\u00fasica Moderna<\/h2>\n<p>A banda brit\u00e2nica The Beatles \u00e9 amplamente reconhecida como um dos grupos mais influentes da hist\u00f3ria da m\u00fasica. Desde sua forma\u00e7\u00e3o no in\u00edcio da d\u00e9cada de 1960, eles mudaram a forma como as can\u00e7\u00f5es eram compostas e produzidas. O impacto dos Beatles pode ser observado em diversos aspectos, incluindo a estrutura das m\u00fasicas, a tem\u00e1tica das letras e a maneira como a ind\u00fastria musical opera at\u00e9 hoje.<\/p>\n<p>Os Beatles foram pioneiros na experi\u00eancia em est\u00fadio. O uso inovador de grava\u00e7\u00e3o em camadas, al\u00e9m da inclus\u00e3o de diversos instrumentos e estilos musicais, resultou em \u00e1lbuns que ainda s\u00e3o estudados por m\u00fasicos e produtores. Suas can\u00e7\u00f5es s\u00e3o exemplos perfeitos de complexidade harm\u00f4nica e mel\u00f3dica, influenciando gera\u00e7\u00f5es de artistas que vieram depois deles.<\/p>\n<h2>Entrevistas Exclusivas com Artistas Nacionais<\/h2>\n<p>Entrevistas com artistas que seguem o legado dos Beatles sempre trazem \u00e0 tona reflex\u00f5es sobre como essas influ\u00eancias moldaram a m\u00fasica brasileira. M\u00fasicos contempor\u00e2neos frequentemente mencionam como as letras e melodias dos Beatles impactaram suas forma\u00e7\u00f5es. Em uma entrevista com um renomado cantor e compositor brasileiro, ele afirmou: \u201cOs Beatles me mostraram que era poss\u00edvel falar sobre amor e sociedade de formas diferentes. Eles abriram minha mente para a criatividade.\u201d<\/p>\n<p><img decoding=\"async\" src=\"https:\/\/www.encontrabomretiro.com.br\/sobre\/wp-content\/uploads\/2026\/08\/agenda-de-shows-tudo-o-que-rola-em-sao-paulo-e-regiao-entre-17-e-23-de-agosto.webp\" alt=\"Os Garotos de Liverpool\" loading=\"lazy\" \/><\/p>\n<p>Essas discuss\u00f5es t\u00eam gerado um fortalecimento da conex\u00e3o entre a m\u00fasica popular brasileira e internacional, levando a colabora\u00e7\u00f5es que combinam a ess\u00eancia do rock brit\u00e2nico com ritmos tropicais.<\/p>\n<h2>As Novidades do Mundo Musical em 2026<\/h2>\n<p>O cen\u00e1rio musical de 2026 est\u00e1 repleto de inova\u00e7\u00f5es. Com o avan\u00e7o da tecnologia, novos artistas est\u00e3o utilizando plataformas digitais para se destacar. A m\u00fasica est\u00e1 se tornando mais acess\u00edvel, permitindo que compositores independentes compartilhem seus trabalhos diretamente com o p\u00fablico. Festivais virtuais est\u00e3o se tornando comuns, e muitos artistas agora lan\u00e7am \u00e1lbuns completos por meio de streamings.<\/p>\n<p>Al\u00e9m disso, a fus\u00e3o de g\u00eaneros continua a ser uma tend\u00eancia significativa. M\u00fasicos est\u00e3o misturando pop, rock, hip-hop e eletr\u00f4nica, criando um som ecl\u00e9tico que atrai uma ampla faixa et\u00e1ria. A inclus\u00e3o de elementos de diferentes culturas tem feito com que a m\u00fasica global se torne cada vez mais diversificada, refletindo a sociedade contempor\u00e2nea.<\/p>\n<h2>Resenhas dos \u00daltimos Lan\u00e7amentos<\/h2>\n<p>Nos \u00faltimos meses, v\u00e1rios \u00e1lbuns t\u00eam chamado a aten\u00e7\u00e3o. Um destaque \u00e9 o novo trabalho de um artista que traz influ\u00eancias diretas dos anos 60, utilizando sonoridades que remetem aos Beatles. As resenhas elogiam a forma como ele consegue capturar a ess\u00eancia da era, enquanto estabelece um estilo \u00fanico e moderno.<\/p>\n<p>Outra obra relevante \u00e9 de uma banda brasileira que homenageia o rock internacional, experimentando com instrumentos tradicionais e trazendo letras que abordam quest\u00f5es sociais presentes na atualidade. Esses lan\u00e7amentos n\u00e3o apenas mostram a versatilidade dos artistas, mas tamb\u00e9m o quanto a m\u00fasica continua a evoluir e se adaptar ao gosto do p\u00fablico.<\/p>\n<h2>Coberturas de Shows Imperd\u00edveis<\/h2>\n<p>Os shows ainda s\u00e3o uma parte vital da experi\u00eancia musical. Coberturas de grandes festivais mostram multid\u00f5es vibrantes, ansiosas para ver seus artistas favoritos ao vivo. Em eventos como o Lollapalooza Brasil, a diversidade de a\u00e7\u00f5es e intera\u00e7\u00f5es entre artistas e f\u00e3s cria uma atmosfera \u00fanica.<\/p>\n<p>Relatos de shows internacionais tamb\u00e9m revelam como bandas influentes, como os pr\u00f3prios Beatles, ainda s\u00e3o reverenciadas nas plat\u00e9ias. Muitos tributos a eles continuam a surgir, e os f\u00e3s de todas as idades se re\u00fanem para compartilhar seus amores por suas m\u00fasicas.<\/p>\n<h2>Por que os Festivais S\u00e3o Essenciais para os F\u00e3s<\/h2>\n<p>Os festivais n\u00e3o apenas celebram a m\u00fasica, mas tamb\u00e9m criam comunidades. Eles oferecem a oportunidade para que os f\u00e3s se conectem, fa\u00e7am amigos e compartilhem experi\u00eancias. As intera\u00e7\u00f5es entre artistas e p\u00fablico em um festival s\u00e3o \u00fanicas, proporcionam um sentimento de perten\u00e7a e comunidade.<\/p>\n<p>Al\u00e9m disso, festivais costumam trazer novidades, com o lan\u00e7amento de m\u00fasicas ao vivo que, muitas vezes, n\u00e3o est\u00e3o dispon\u00edveis em est\u00fadios. A energia que os artistas transmitem \u00e9 contagiante e refor\u00e7a a ideia de que a m\u00fasica \u00e9 uma forma de arte coletiva.<\/p>\n<h2>A Influ\u00eancia da Cultura Pop na M\u00fasica<\/h2>\n<p>N\u00e3o h\u00e1 como ignorar o impacto da cultura pop na m\u00fasica contempor\u00e2nea. Celebridades de v\u00e1rias \u00e1reas\u2014cinema, moda e internet\u2014t\u00eam influ\u00eancia significativa sobre as tend\u00eancias musicais. A presen\u00e7a constante das redes sociais permite que artistas se conectem diretamente com seus f\u00e3s, criando campanhas e colabora\u00e7\u00f5es que capturam a aten\u00e7\u00e3o do p\u00fablico.<\/p>\n<p>A intera\u00e7\u00e3o entre a m\u00fasica e outros meios de comunica\u00e7\u00e3o\u2014como a filmografia\u2014tamb\u00e9m molda a forma como as can\u00e7\u00f5es s\u00e3o percebidas. Videoclipes se tornaram essenciais para a estrat\u00e9gia de marketing musical, e muitos artistas investem em narrativas visuais que ampliam suas hist\u00f3rias.<\/p>\n<h2>Como Acompanhar os Melhores Shows em Sua Cidade<\/h2>\n<p>Para os f\u00e3s que desejam n\u00e3o perder nenhuma apresenta\u00e7\u00e3o, existem diversas plataformas que oferecem informa\u00e7\u00f5es atualizadas sobre shows e festivais. Aplicativos e sites especializados incentivam a compra de ingressos e permitem que as pessoas criem alertas personalizados. Redes sociais tamb\u00e9m oferecem informa\u00e7\u00f5es em tempo real sobre novidades e an\u00fancios.<\/p>\n<p>Ficar atento ao calend\u00e1rio cultural das cidades pode garantir que os f\u00e3s n\u00e3o fiquem de fora dos eventos mais esperados. As comunidades online s\u00e3o \u00f3timos recursos para trocar informa\u00e7\u00f5es sobre shows e recomenda\u00e7\u00f5es.<\/p>\n<h2>A Evolu\u00e7\u00e3o do Rock e Suas Ramifica\u00e7\u00f5es<\/h2>\n<p>O rock, que come\u00e7ou como um movimento nascido da revolu\u00e7\u00e3o cultural dos anos 50 e 60, evoluiu e se diversificou em v\u00e1rias ramifica\u00e7\u00f5es. Desde o hard rock e punk at\u00e9 o grunge e indie, cada subg\u00eanero traz sua pr\u00f3pria identidade.<\/p>\n<p>Os desdobramentos do rock em subg\u00eaneros novos e misturas com outros estilos demonstram a versatilidade e a durabilidade desse g\u00eanero musical. Os artistas contempor\u00e2neos frequentemente homenageiam seus \u00edcones, enquanto incorporam elementos contempor\u00e2neos, criando assim uma rica tape\u00e7aria musical.<\/p>\n<h2>O Que Esperar de Novo na M\u00fasica Internacional<\/h2>\n<p>Enquanto o mundo continua a evoluir, a m\u00fasica internacional reflete essas mudan\u00e7as. Novas vozes est\u00e3o emergindo constantemente, trazendo diferentes perspectivas culturais e sociais. \u00c9 interessante notar que muitos artistas est\u00e3o utilizando suas plataformas para abordar temas relevantes que afetam suas comunidades.<\/p>\n<p>Colabora\u00e7\u00f5es entre artistas de diferentes partes do mundo ajudam a unir culturas e experi\u00eancias, criando m\u00fasicas que falam a diversas audi\u00eancias. Espera-se que o cen\u00e1rio musical continue a se diversificar, trazendo novos sons e estilos a cada lan\u00e7amento.<\/p>\n\n<div style=\"font-size: 0px; height: 0px; line-height: 0px; margin: 0; padding: 0; clear: both;\"><\/div>","protected":false},"excerpt":{"rendered":"<p>Os Garotos de Liverpool traz tudo sobre a m\u00fasica, com resenhas, not\u00edcias e entrevistas imperd\u00edveis.<\/p>\n","protected":false},"author":1,"featured_media":3320,"comment_status":"open","ping_status":"closed","sticky":false,"template":"","format":"standard","meta":{"footnotes":""},"categories":[9],"tags":[],"class_list":["post-3321","post","type-post","status-publish","format-standard","has-post-thumbnail","hentry","category-shows-no-bom-retiro","has_thumb"],"aioseo_notices":[],"aioseo_head":"\n\t\t<!-- All in One SEO 5.0.0.1 - aioseo.com -->\n\t<meta name=\"description\" content=\"Os Garotos de Liverpool traz tudo sobre a m\u00fasica, com resenhas, not\u00edcias e entrevistas imperd\u00edveis.\" \/>\n\t<meta name=\"robots\" content=\"max-image-preview:large\" \/>\n\t<meta name=\"author\" content=\"Encontra Bom Retiro\"\/>\n\t<link rel=\"canonical\" href=\"https:\/\/www.encontrabomretiro.com.br\/sobre\/agenda-de-shows-tudo-o-que-rola-em-sao-paulo-e-regiao-entre-17-e-23-de-agosto\/\" \/>\n\t<meta name=\"generator\" content=\"All in One SEO (AIOSEO) 5.0.0.1\" \/>\n\t\t<meta property=\"og:locale\" content=\"pt_BR\" \/>\n\t\t<meta property=\"og:site_name\" content=\"Encontra Bom Retiro | Not\u00edcias, eventos, informa\u00e7\u00f5es e dicas no bairro do Bom Retiro e regi\u00e3o.\" \/>\n\t\t<meta property=\"og:type\" content=\"article\" \/>\n\t\t<meta property=\"og:title\" content=\"Agenda de Shows: Tudo o que rola em S\u00e3o Paulo e regi\u00e3o entre 17 e 23 de agosto | Encontra Bom Retiro\" \/>\n\t\t<meta property=\"og:description\" content=\"Os Garotos de Liverpool traz tudo sobre a m\u00fasica, com resenhas, not\u00edcias e entrevistas imperd\u00edveis.\" \/>\n\t\t<meta property=\"og:url\" content=\"https:\/\/www.encontrabomretiro.com.br\/sobre\/agenda-de-shows-tudo-o-que-rola-em-sao-paulo-e-regiao-entre-17-e-23-de-agosto\/\" \/>\n\t\t<meta property=\"article:published_time\" content=\"2026-08-17T23:23:48+00:00\" \/>\n\t\t<meta property=\"article:modified_time\" content=\"2026-08-17T23:23:48+00:00\" \/>\n\t\t<meta name=\"twitter:card\" content=\"summary_large_image\" \/>\n\t\t<meta name=\"twitter:title\" content=\"Agenda de Shows: Tudo o que rola em S\u00e3o Paulo e regi\u00e3o entre 17 e 23 de agosto | Encontra Bom Retiro\" \/>\n\t\t<meta name=\"twitter:description\" content=\"Os Garotos de Liverpool traz tudo sobre a m\u00fasica, com resenhas, not\u00edcias e entrevistas imperd\u00edveis.\" \/>\n\t\t<script type=\"application\/ld+json\" class=\"aioseo-schema\">\n\t\t\t{\"@context\":\"https:\\\/\\\/schema.org\",\"@graph\":[{\"@type\":\"Article\",\"@id\":\"https:\\\/\\\/www.encontrabomretiro.com.br\\\/sobre\\\/agenda-de-shows-tudo-o-que-rola-em-sao-paulo-e-regiao-entre-17-e-23-de-agosto\\\/#article\",\"name\":\"Agenda de Shows: Tudo o que rola em S\\u00e3o Paulo e regi\\u00e3o entre 17 e 23 de agosto | Encontra Bom Retiro\",\"headline\":\"Agenda de Shows: Tudo o que rola em S\\u00e3o Paulo e regi\\u00e3o entre 17 e 23 de agosto\",\"author\":{\"@id\":\"https:\\\/\\\/www.encontrabomretiro.com.br\\\/sobre\\\/author\\\/ebomretiro\\\/#author\"},\"publisher\":{\"@id\":\"https:\\\/\\\/www.encontrabomretiro.com.br\\\/sobre\\\/#organization\"},\"image\":{\"@type\":\"ImageObject\",\"url\":\"https:\\\/\\\/www.encontrabomretiro.com.br\\\/sobre\\\/wp-content\\\/uploads\\\/2026\\\/08\\\/agenda-de-shows-tudo-o-que-rola-em-sao-paulo-e-regiao-entre-17-e-23-de-agosto.webp\",\"width\":280,\"height\":280,\"caption\":\"Os Garotos de Liverpool\"},\"datePublished\":\"2026-08-17T21:23:48-02:00\",\"dateModified\":\"2026-08-17T21:23:48-02:00\",\"inLanguage\":\"pt-BR\",\"mainEntityOfPage\":{\"@id\":\"https:\\\/\\\/www.encontrabomretiro.com.br\\\/sobre\\\/agenda-de-shows-tudo-o-que-rola-em-sao-paulo-e-regiao-entre-17-e-23-de-agosto\\\/#webpage\"},\"isPartOf\":{\"@id\":\"https:\\\/\\\/www.encontrabomretiro.com.br\\\/sobre\\\/agenda-de-shows-tudo-o-que-rola-em-sao-paulo-e-regiao-entre-17-e-23-de-agosto\\\/#webpage\"},\"articleSection\":\"Shows Bom Retiro\"},{\"@type\":\"BreadcrumbList\",\"@id\":\"https:\\\/\\\/www.encontrabomretiro.com.br\\\/sobre\\\/agenda-de-shows-tudo-o-que-rola-em-sao-paulo-e-regiao-entre-17-e-23-de-agosto\\\/#breadcrumblist\",\"itemListElement\":[{\"@type\":\"ListItem\",\"@id\":\"https:\\\/\\\/www.encontrabomretiro.com.br\\\/sobre#listItem\",\"position\":1,\"name\":\"Dom\\u00e9stica\",\"item\":\"https:\\\/\\\/www.encontrabomretiro.com.br\\\/sobre\",\"nextItem\":{\"@type\":\"ListItem\",\"@id\":\"https:\\\/\\\/www.encontrabomretiro.com.br\\\/sobre\\\/shows-no-bom-retiro\\\/#listItem\",\"name\":\"Shows Bom Retiro\"}},{\"@type\":\"ListItem\",\"@id\":\"https:\\\/\\\/www.encontrabomretiro.com.br\\\/sobre\\\/shows-no-bom-retiro\\\/#listItem\",\"position\":2,\"name\":\"Shows Bom Retiro\",\"item\":\"https:\\\/\\\/www.encontrabomretiro.com.br\\\/sobre\\\/shows-no-bom-retiro\\\/\",\"nextItem\":{\"@type\":\"ListItem\",\"@id\":\"https:\\\/\\\/www.encontrabomretiro.com.br\\\/sobre\\\/agenda-de-shows-tudo-o-que-rola-em-sao-paulo-e-regiao-entre-17-e-23-de-agosto\\\/#listItem\",\"name\":\"Agenda de Shows: Tudo o que rola em S\\u00e3o Paulo e regi\\u00e3o entre 17 e 23 de agosto\"},\"previousItem\":{\"@type\":\"ListItem\",\"@id\":\"https:\\\/\\\/www.encontrabomretiro.com.br\\\/sobre#listItem\",\"name\":\"Dom\\u00e9stica\"}},{\"@type\":\"ListItem\",\"@id\":\"https:\\\/\\\/www.encontrabomretiro.com.br\\\/sobre\\\/agenda-de-shows-tudo-o-que-rola-em-sao-paulo-e-regiao-entre-17-e-23-de-agosto\\\/#listItem\",\"position\":3,\"name\":\"Agenda de Shows: Tudo o que rola em S\\u00e3o Paulo e regi\\u00e3o entre 17 e 23 de agosto\",\"previousItem\":{\"@type\":\"ListItem\",\"@id\":\"https:\\\/\\\/www.encontrabomretiro.com.br\\\/sobre\\\/shows-no-bom-retiro\\\/#listItem\",\"name\":\"Shows Bom Retiro\"}}]},{\"@type\":\"Organization\",\"@id\":\"https:\\\/\\\/www.encontrabomretiro.com.br\\\/sobre\\\/#organization\",\"name\":\"Encontra Bom Retiro\",\"description\":\"Not\\u00edcias, eventos, informa\\u00e7\\u00f5es e dicas no bairro do Bom Retiro e regi\\u00e3o.\",\"url\":\"https:\\\/\\\/www.encontrabomretiro.com.br\\\/sobre\\\/\"},{\"@type\":\"Person\",\"@id\":\"https:\\\/\\\/www.encontrabomretiro.com.br\\\/sobre\\\/author\\\/ebomretiro\\\/#author\",\"url\":\"https:\\\/\\\/www.encontrabomretiro.com.br\\\/sobre\\\/author\\\/ebomretiro\\\/\",\"name\":\"Encontra Bom Retiro\",\"image\":{\"@type\":\"ImageObject\",\"@id\":\"https:\\\/\\\/www.encontrabomretiro.com.br\\\/sobre\\\/agenda-de-shows-tudo-o-que-rola-em-sao-paulo-e-regiao-entre-17-e-23-de-agosto\\\/#authorImage\",\"url\":\"https:\\\/\\\/secure.gravatar.com\\\/avatar\\\/507340682b8270222e1f208e23198b6ae7e2c6a1033ae84e99bc6bce4f82a387?s=96&d=mm&r=g\",\"width\":96,\"height\":96,\"caption\":\"Encontra Bom Retiro\"}},{\"@type\":\"WebPage\",\"@id\":\"https:\\\/\\\/www.encontrabomretiro.com.br\\\/sobre\\\/agenda-de-shows-tudo-o-que-rola-em-sao-paulo-e-regiao-entre-17-e-23-de-agosto\\\/#webpage\",\"url\":\"https:\\\/\\\/www.encontrabomretiro.com.br\\\/sobre\\\/agenda-de-shows-tudo-o-que-rola-em-sao-paulo-e-regiao-entre-17-e-23-de-agosto\\\/\",\"name\":\"Agenda de Shows: Tudo o que rola em S\\u00e3o Paulo e regi\\u00e3o entre 17 e 23 de agosto | Encontra Bom Retiro\",\"description\":\"Os Garotos de Liverpool traz tudo sobre a m\\u00fasica, com resenhas, not\\u00edcias e entrevistas imperd\\u00edveis.\",\"inLanguage\":\"pt-BR\",\"isPartOf\":{\"@id\":\"https:\\\/\\\/www.encontrabomretiro.com.br\\\/sobre\\\/#website\"},\"breadcrumb\":{\"@id\":\"https:\\\/\\\/www.encontrabomretiro.com.br\\\/sobre\\\/agenda-de-shows-tudo-o-que-rola-em-sao-paulo-e-regiao-entre-17-e-23-de-agosto\\\/#breadcrumblist\"},\"author\":{\"@id\":\"https:\\\/\\\/www.encontrabomretiro.com.br\\\/sobre\\\/author\\\/ebomretiro\\\/#author\"},\"creator\":{\"@id\":\"https:\\\/\\\/www.encontrabomretiro.com.br\\\/sobre\\\/author\\\/ebomretiro\\\/#author\"},\"image\":{\"@type\":\"ImageObject\",\"url\":\"https:\\\/\\\/www.encontrabomretiro.com.br\\\/sobre\\\/wp-content\\\/uploads\\\/2026\\\/08\\\/agenda-de-shows-tudo-o-que-rola-em-sao-paulo-e-regiao-entre-17-e-23-de-agosto.webp\",\"@id\":\"https:\\\/\\\/www.encontrabomretiro.com.br\\\/sobre\\\/agenda-de-shows-tudo-o-que-rola-em-sao-paulo-e-regiao-entre-17-e-23-de-agosto\\\/#mainImage\",\"width\":280,\"height\":280,\"caption\":\"Os Garotos de Liverpool\"},\"primaryImageOfPage\":{\"@id\":\"https:\\\/\\\/www.encontrabomretiro.com.br\\\/sobre\\\/agenda-de-shows-tudo-o-que-rola-em-sao-paulo-e-regiao-entre-17-e-23-de-agosto\\\/#mainImage\"},\"datePublished\":\"2026-08-17T21:23:48-02:00\",\"dateModified\":\"2026-08-17T21:23:48-02:00\"},{\"@type\":\"WebSite\",\"@id\":\"https:\\\/\\\/www.encontrabomretiro.com.br\\\/sobre\\\/#website\",\"url\":\"https:\\\/\\\/www.encontrabomretiro.com.br\\\/sobre\\\/\",\"name\":\"Encontra Bom Retiro\",\"description\":\"Not\\u00edcias, eventos, informa\\u00e7\\u00f5es e dicas no bairro do Bom Retiro e regi\\u00e3o.\",\"inLanguage\":\"pt-BR\",\"publisher\":{\"@id\":\"https:\\\/\\\/www.encontrabomretiro.com.br\\\/sobre\\\/#organization\"}}]}\n\t\t<\/script>\n\t\t<!-- All in One SEO -->\n\n","aioseo_head_json":{"title":"Agenda de Shows: Tudo o que rola em S\u00e3o Paulo e regi\u00e3o entre 17 e 23 de agosto | Encontra Bom Retiro","description":"Os Garotos de Liverpool traz tudo sobre a m\u00fasica, com resenhas, not\u00edcias e entrevistas imperd\u00edveis.","canonical_url":"https:\/\/www.encontrabomretiro.com.br\/sobre\/agenda-de-shows-tudo-o-que-rola-em-sao-paulo-e-regiao-entre-17-e-23-de-agosto\/","robots":"max-image-preview:large","keywords":"","webmasterTools":{"miscellaneous":""},"schema":{"@context":"https:\/\/schema.org","@graph":[{"@type":"Article","@id":"https:\/\/www.encontrabomretiro.com.br\/sobre\/agenda-de-shows-tudo-o-que-rola-em-sao-paulo-e-regiao-entre-17-e-23-de-agosto\/#article","name":"Agenda de Shows: Tudo o que rola em S\u00e3o Paulo e regi\u00e3o entre 17 e 23 de agosto | Encontra Bom Retiro","headline":"Agenda de Shows: Tudo o que rola em S\u00e3o Paulo e regi\u00e3o entre 17 e 23 de agosto","author":{"@id":"https:\/\/www.encontrabomretiro.com.br\/sobre\/author\/ebomretiro\/#author"},"publisher":{"@id":"https:\/\/www.encontrabomretiro.com.br\/sobre\/#organization"},"image":{"@type":"ImageObject","url":"https:\/\/www.encontrabomretiro.com.br\/sobre\/wp-content\/uploads\/2026\/08\/agenda-de-shows-tudo-o-que-rola-em-sao-paulo-e-regiao-entre-17-e-23-de-agosto.webp","width":280,"height":280,"caption":"Os Garotos de Liverpool"},"datePublished":"2026-08-17T21:23:48-02:00","dateModified":"2026-08-17T21:23:48-02:00","inLanguage":"pt-BR","mainEntityOfPage":{"@id":"https:\/\/www.encontrabomretiro.com.br\/sobre\/agenda-de-shows-tudo-o-que-rola-em-sao-paulo-e-regiao-entre-17-e-23-de-agosto\/#webpage"},"isPartOf":{"@id":"https:\/\/www.encontrabomretiro.com.br\/sobre\/agenda-de-shows-tudo-o-que-rola-em-sao-paulo-e-regiao-entre-17-e-23-de-agosto\/#webpage"},"articleSection":"Shows Bom Retiro"},{"@type":"BreadcrumbList","@id":"https:\/\/www.encontrabomretiro.com.br\/sobre\/agenda-de-shows-tudo-o-que-rola-em-sao-paulo-e-regiao-entre-17-e-23-de-agosto\/#breadcrumblist","itemListElement":[{"@type":"ListItem","@id":"https:\/\/www.encontrabomretiro.com.br\/sobre#listItem","position":1,"name":"Dom\u00e9stica","item":"https:\/\/www.encontrabomretiro.com.br\/sobre","nextItem":{"@type":"ListItem","@id":"https:\/\/www.encontrabomretiro.com.br\/sobre\/shows-no-bom-retiro\/#listItem","name":"Shows Bom Retiro"}},{"@type":"ListItem","@id":"https:\/\/www.encontrabomretiro.com.br\/sobre\/shows-no-bom-retiro\/#listItem","position":2,"name":"Shows Bom Retiro","item":"https:\/\/www.encontrabomretiro.com.br\/sobre\/shows-no-bom-retiro\/","nextItem":{"@type":"ListItem","@id":"https:\/\/www.encontrabomretiro.com.br\/sobre\/agenda-de-shows-tudo-o-que-rola-em-sao-paulo-e-regiao-entre-17-e-23-de-agosto\/#listItem","name":"Agenda de Shows: Tudo o que rola em S\u00e3o Paulo e regi\u00e3o entre 17 e 23 de agosto"},"previousItem":{"@type":"ListItem","@id":"https:\/\/www.encontrabomretiro.com.br\/sobre#listItem","name":"Dom\u00e9stica"}},{"@type":"ListItem","@id":"https:\/\/www.encontrabomretiro.com.br\/sobre\/agenda-de-shows-tudo-o-que-rola-em-sao-paulo-e-regiao-entre-17-e-23-de-agosto\/#listItem","position":3,"name":"Agenda de Shows: Tudo o que rola em S\u00e3o Paulo e regi\u00e3o entre 17 e 23 de agosto","previousItem":{"@type":"ListItem","@id":"https:\/\/www.encontrabomretiro.com.br\/sobre\/shows-no-bom-retiro\/#listItem","name":"Shows Bom Retiro"}}]},{"@type":"Organization","@id":"https:\/\/www.encontrabomretiro.com.br\/sobre\/#organization","name":"Encontra Bom Retiro","description":"Not\u00edcias, eventos, informa\u00e7\u00f5es e dicas no bairro do Bom Retiro e regi\u00e3o.","url":"https:\/\/www.encontrabomretiro.com.br\/sobre\/"},{"@type":"Person","@id":"https:\/\/www.encontrabomretiro.com.br\/sobre\/author\/ebomretiro\/#author","url":"https:\/\/www.encontrabomretiro.com.br\/sobre\/author\/ebomretiro\/","name":"Encontra Bom Retiro","image":{"@type":"ImageObject","@id":"https:\/\/www.encontrabomretiro.com.br\/sobre\/agenda-de-shows-tudo-o-que-rola-em-sao-paulo-e-regiao-entre-17-e-23-de-agosto\/#authorImage","url":"https:\/\/secure.gravatar.com\/avatar\/507340682b8270222e1f208e23198b6ae7e2c6a1033ae84e99bc6bce4f82a387?s=96&d=mm&r=g","width":96,"height":96,"caption":"Encontra Bom Retiro"}},{"@type":"WebPage","@id":"https:\/\/www.encontrabomretiro.com.br\/sobre\/agenda-de-shows-tudo-o-que-rola-em-sao-paulo-e-regiao-entre-17-e-23-de-agosto\/#webpage","url":"https:\/\/www.encontrabomretiro.com.br\/sobre\/agenda-de-shows-tudo-o-que-rola-em-sao-paulo-e-regiao-entre-17-e-23-de-agosto\/","name":"Agenda de Shows: Tudo o que rola em S\u00e3o Paulo e regi\u00e3o entre 17 e 23 de agosto | Encontra Bom Retiro","description":"Os Garotos de Liverpool traz tudo sobre a m\u00fasica, com resenhas, not\u00edcias e entrevistas imperd\u00edveis.","inLanguage":"pt-BR","isPartOf":{"@id":"https:\/\/www.encontrabomretiro.com.br\/sobre\/#website"},"breadcrumb":{"@id":"https:\/\/www.encontrabomretiro.com.br\/sobre\/agenda-de-shows-tudo-o-que-rola-em-sao-paulo-e-regiao-entre-17-e-23-de-agosto\/#breadcrumblist"},"author":{"@id":"https:\/\/www.encontrabomretiro.com.br\/sobre\/author\/ebomretiro\/#author"},"creator":{"@id":"https:\/\/www.encontrabomretiro.com.br\/sobre\/author\/ebomretiro\/#author"},"image":{"@type":"ImageObject","url":"https:\/\/www.encontrabomretiro.com.br\/sobre\/wp-content\/uploads\/2026\/08\/agenda-de-shows-tudo-o-que-rola-em-sao-paulo-e-regiao-entre-17-e-23-de-agosto.webp","@id":"https:\/\/www.encontrabomretiro.com.br\/sobre\/agenda-de-shows-tudo-o-que-rola-em-sao-paulo-e-regiao-entre-17-e-23-de-agosto\/#mainImage","width":280,"height":280,"caption":"Os Garotos de Liverpool"},"primaryImageOfPage":{"@id":"https:\/\/www.encontrabomretiro.com.br\/sobre\/agenda-de-shows-tudo-o-que-rola-em-sao-paulo-e-regiao-entre-17-e-23-de-agosto\/#mainImage"},"datePublished":"2026-08-17T21:23:48-02:00","dateModified":"2026-08-17T21:23:48-02:00"},{"@type":"WebSite","@id":"https:\/\/www.encontrabomretiro.com.br\/sobre\/#website","url":"https:\/\/www.encontrabomretiro.com.br\/sobre\/","name":"Encontra Bom Retiro","description":"Not\u00edcias, eventos, informa\u00e7\u00f5es e dicas no bairro do Bom Retiro e regi\u00e3o.","inLanguage":"pt-BR","publisher":{"@id":"https:\/\/www.encontrabomretiro.com.br\/sobre\/#organization"}}]},"og:locale":"pt_BR","og:site_name":"Encontra Bom Retiro | Not\u00edcias, eventos, informa\u00e7\u00f5es e dicas no bairro do Bom Retiro e regi\u00e3o.","og:type":"article","og:title":"Agenda de Shows: Tudo o que rola em S\u00e3o Paulo e regi\u00e3o entre 17 e 23 de agosto | Encontra Bom Retiro","og:description":"Os Garotos de Liverpool traz tudo sobre a m\u00fasica, com resenhas, not\u00edcias e entrevistas imperd\u00edveis.","og:url":"https:\/\/www.encontrabomretiro.com.br\/sobre\/agenda-de-shows-tudo-o-que-rola-em-sao-paulo-e-regiao-entre-17-e-23-de-agosto\/","article:published_time":"2026-08-17T23:23:48+00:00","article:modified_time":"2026-08-17T23:23:48+00:00","twitter:card":"summary_large_image","twitter:title":"Agenda de Shows: Tudo o que rola em S\u00e3o Paulo e regi\u00e3o entre 17 e 23 de agosto | Encontra Bom Retiro","twitter:description":"Os Garotos de Liverpool traz tudo sobre a m\u00fasica, com resenhas, not\u00edcias e entrevistas imperd\u00edveis."},"aioseo_meta_data":{"post_id":"3321","title":null,"description":null,"keywords":null,"keyphrases":null,"primary_term":null,"canonical_url":null,"og_title":null,"og_description":null,"og_object_type":"default","og_image_type":"default","og_image_url":null,"og_image_width":null,"og_image_height":null,"og_image_custom_url":null,"og_image_custom_fields":null,"og_video":null,"og_custom_url":null,"og_article_section":null,"og_article_tags":null,"twitter_use_og":false,"twitter_card":"default","twitter_image_type":"default","twitter_image_url":null,"twitter_image_custom_url":null,"twitter_image_custom_fields":null,"twitter_title":null,"twitter_description":null,"schema":{"blockGraphs":[],"customGraphs":[],"default":{"data":{"Article":[],"Course":[],"Dataset":[],"FAQPage":[],"Movie":[],"Person":[],"Product":[],"ProductReview":[],"Car":[],"Recipe":[],"Service":[],"SoftwareApplication":[],"WebPage":[]},"graphName":"Article","isEnabled":true},"graphs":[]},"schema_type":"default","schema_type_options":null,"pillar_content":false,"robots_default":true,"robots_noindex":false,"robots_noarchive":false,"robots_nosnippet":false,"robots_nofollow":false,"robots_noimageindex":false,"robots_noodp":false,"robots_notranslate":false,"robots_max_snippet":null,"robots_max_videopreview":null,"robots_max_imagepreview":"large","priority":null,"frequency":null,"local_seo":null,"breadcrumb_settings":null,"limit_modified_date":false,"ai":null,"created":"2026-08-17 23:23:48","updated":"2026-08-17 23:50:27","focus_keyword":null,"additional_keywords":null,"truseo_locale":null,"seo_analyzer_scan_date":null},"aioseo_breadcrumb":"<div class=\"aioseo-breadcrumbs\"><span class=\"aioseo-breadcrumb\">\n\t\t\t<a href=\"https:\/\/www.encontrabomretiro.com.br\/sobre\" title=\"Dom\u00e9stica\">Dom\u00e9stica<\/a>\n\t\t<\/span><span class=\"aioseo-breadcrumb-separator\">&raquo;<\/span><span class=\"aioseo-breadcrumb\">\n\t\t\t<a href=\"https:\/\/www.encontrabomretiro.com.br\/sobre\/shows-no-bom-retiro\/\" title=\"Shows Bom Retiro\">Shows Bom Retiro<\/a>\n\t\t<\/span><span class=\"aioseo-breadcrumb-separator\">&raquo;<\/span><span class=\"aioseo-breadcrumb\">\n\t\t\tAgenda de Shows: Tudo o que rola em S\u00e3o Paulo e regi\u00e3o entre 17 e 23 de agosto\n\t\t<\/span><\/div>","aioseo_breadcrumb_json":[{"label":"Dom\u00e9stica","link":"https:\/\/www.encontrabomretiro.com.br\/sobre"},{"label":"Shows Bom Retiro","link":"https:\/\/www.encontrabomretiro.com.br\/sobre\/shows-no-bom-retiro\/"},{"label":"Agenda de Shows: Tudo o que rola em S\u00e3o Paulo e regi\u00e3o entre 17 e 23 de agosto","link":"https:\/\/www.encontrabomretiro.com.br\/sobre\/agenda-de-shows-tudo-o-que-rola-em-sao-paulo-e-regiao-entre-17-e-23-de-agosto\/"}],"_links":{"self":[{"href":"https:\/\/www.encontrabomretiro.com.br\/sobre\/wp-json\/wp\/v2\/posts\/3321","targetHints":{"allow":["GET"]}}],"collection":[{"href":"https:\/\/www.encontrabomretiro.com.br\/sobre\/wp-json\/wp\/v2\/posts"}],"about":[{"href":"https:\/\/www.encontrabomretiro.com.br\/sobre\/wp-json\/wp\/v2\/types\/post"}],"author":[{"embeddable":true,"href":"https:\/\/www.encontrabomretiro.com.br\/sobre\/wp-json\/wp\/v2\/users\/1"}],"replies":[{"embeddable":true,"href":"https:\/\/www.encontrabomretiro.com.br\/sobre\/wp-json\/wp\/v2\/comments?post=3321"}],"version-history":[{"count":0,"href":"https:\/\/www.encontrabomretiro.com.br\/sobre\/wp-json\/wp\/v2\/posts\/3321\/revisions"}],"wp:featuredmedia":[{"embeddable":true,"href":"https:\/\/www.encontrabomretiro.com.br\/sobre\/wp-json\/wp\/v2\/media\/3320"}],"wp:attachment":[{"href":"https:\/\/www.encontrabomretiro.com.br\/sobre\/wp-json\/wp\/v2\/media?parent=3321"}],"wp:term":[{"taxonomy":"category","embeddable":true,"href":"https:\/\/www.encontrabomretiro.com.br\/sobre\/wp-json\/wp\/v2\/categories?post=3321"},{"taxonomy":"post_tag","embeddable":true,"href":"https:\/\/www.encontrabomretiro.com.br\/sobre\/wp-json\/wp\/v2\/tags?post=3321"}],"curies":[{"name":"wp","href":"https:\/\/api.w.org\/{rel}","templated":true}]}}