{"id":3293,"date":"2026-08-15T21:12:46","date_gmt":"2026-08-15T23:12:46","guid":{"rendered":"https:\/\/www.encontrabomretiro.com.br\/sobre\/festival-da-cultura-coreana-2026-acontece-em-sao-paulo-com-atracao-internacional-e-entrada-gratuita-saiba-mais\/"},"modified":"2026-08-15T21:12:46","modified_gmt":"2026-08-15T23:12:46","slug":"festival-da-cultura-coreana-2026-acontece-em-sao-paulo-com-atracao-internacional-e-entrada-gratuita-saiba-mais","status":"publish","type":"post","link":"https:\/\/www.encontrabomretiro.com.br\/sobre\/festival-da-cultura-coreana-2026-acontece-em-sao-paulo-com-atracao-internacional-e-entrada-gratuita-saiba-mais\/","title":{"rendered":"Festival da Cultura Coreana 2026 acontece em S\u00e3o Paulo com atra\u00e7\u00e3o internacional e entrada gratuita; saiba mais"},"content":{"rendered":"<div class=\"228b65ae207de3c5c501cfe75875708b\" data-index=\"1\" style=\"float: none; margin:0px;\">\n<!-- Anuncio display - global -->\r\n<ins class=\"adsbygoogle\"\r\n     style=\"display:block\"\r\n     data-ad-client=\"ca-pub-8585364105181520\"\r\n     data-ad-slot=\"8789329856\"\r\n     data-ad-format=\"auto\"\r\n     data-full-width-responsive=\"true\"><\/ins>\r\n<script>\r\n     (adsbygoogle = window.adsbygoogle || []).push({});\r\n<\/script>\n<\/div>\n<h2>Data e Local do Festival<\/h2>\n<p>O <strong>Festival da Cultura Coreana 2026<\/strong> ocorrer\u00e1 nos dias <strong>15 e 16 de agosto<\/strong> de 2026, no <strong>Bom Retiro<\/strong>, um dos bairros mais tradicionais de S\u00e3o Paulo. Especificamente, o evento ser\u00e1 realizado na <strong>Pra\u00e7a Coronel Fernando Prestes<\/strong>, ao lado da Esta\u00e7\u00e3o Tiradentes do metr\u00f4 e funcionar\u00e1 das <strong>10h \u00e0s 20h<\/strong>. Essa localiza\u00e7\u00e3o \u00e9 particularmente significativa, pois Bom Retiro abriga uma das maiores comunidades coreanas do Brasil, tornando o festival uma excelente oportunidade para a celebra\u00e7\u00e3o e divulga\u00e7\u00e3o da cultura coreana.<\/p>\n<h2>Atra\u00e7\u00f5es Musicais Imperd\u00edveis<\/h2>\n<p>Um dos pontos altos do festival ser\u00e1 a presen\u00e7a do cantor <strong>Gaho<\/strong>, um renomado artista sul-coreano conhecido internacionalmente. Ele se apresentar\u00e1 nos dois dias do festival, com shows programados para:<\/p>\n<ul>\n<li><strong>S\u00e1bado (15\/8):<\/strong> 19h \u00e0s 20h<\/li>\n<li><strong>Domingo (16\/8):<\/strong> 18h30 \u00e0s 19h30<\/li>\n<\/ul>\n<p>Com uma carreira que abrange diversos estilos musicais, incluindo pop, rock, e baladas, Gaho \u00e9 famoso pela sua interpreta\u00e7\u00e3o da can\u00e7\u00e3o &#8220;Start Over&#8221;, tema do k-drama <strong>Itaewon Class<\/strong>. Sua apresenta\u00e7\u00e3o encerrar\u00e1 a programa\u00e7\u00e3o do <strong>Palco Principal<\/strong>. Al\u00e9m disso, durante os dois dias, o p\u00fablico poder\u00e1 assistir \u00e0 exibi\u00e7\u00e3o de videoclipes de artistas de K-pop.<\/p>\n<p><img decoding=\"async\" src=\"https:\/\/www.encontrabomretiro.com.br\/sobre\/wp-content\/uploads\/2026\/08\/festival-da-cultura-coreana-2026-acontece-em-sao-paulo-com-atracao-internacional-e-entrada-gratuita-.webp\" alt=\"Festival da Cultura Coreana 2026\" loading=\"lazy\" \/><\/p>\n<h2>Gastronomia Coreana para Todos<\/h2>\n<p>A experi\u00eancia do festival n\u00e3o estar\u00e1 restrita apenas \u00e0 m\u00fasica e dan\u00e7as. Um dos maiores atrativos ser\u00e1 a <strong>\u00e1rea gastron\u00f4mica<\/strong>, com aproximadamente 30 barracas que representar\u00e3o a rica culin\u00e1ria coreana, operadas por restaurantes e empreendedores da comunidade coreana. Algumas op\u00e7\u00f5es deliciosas incluem:<\/p>\n<ul>\n<li><strong>Bibimbap:<\/strong> Prato com arroz, legumes, carne e ovo.<\/li>\n<li><strong>Bulgogi:<\/strong> Carne marinada e grelhada.<\/li>\n<li><strong>Tteokbokki:<\/strong> Bolinhos de arroz com molho picante.<\/li>\n<li><strong>Kimbap:<\/strong> Rolos de arroz recheados.<\/li>\n<li><strong>Mandu:<\/strong> Past\u00e9is coreanos.<\/li>\n<li><strong>Japchae:<\/strong> Macarr\u00e3o de batata-doce com legumes e carne.<\/li>\n<li><strong>Kimchi:<\/strong> Um dos pratos mais emblem\u00e1ticos da culin\u00e1ria coreana.<\/li>\n<\/ul>\n<p>Os pre\u00e7os por por\u00e7\u00e3o variam entre <strong>R$ 20 e R$ 50<\/strong>, permitindo aos visitantes experimentar uma variedade de sabores ao longo do evento.<\/p>\n<h2>Atividades e Oficinas Culturais<\/h2>\n<p>Al\u00e9m das apresenta\u00e7\u00f5es musicais e gastron\u00f4micas, o festival contar\u00e1 com v\u00e1rias atividades culturais e oficinas que proporcionar\u00e3o uma imers\u00e3o na cultura sul-coreana. Os participantes poder\u00e3o desfrutar de demonstra\u00e7\u00f5es de artes marciais, dan\u00e7as e artes tradicionais. Algumas das atividades programadas incluem:<\/p>\n<ul>\n<li>\ud83d\udc83 <strong>Samulnori:<\/strong> Performance de um conjunto tradicional de percuss\u00e3o coreana.<\/li>\n<li>\ud83c\udfa4 <strong>Gayageum Byeongchang:<\/strong> Combina\u00e7\u00e3o de canto com o instrumento tradicional gayageum.<\/li>\n<li>\ud83c\udfb6 <strong>Daegeum:<\/strong> Apresenta\u00e7\u00e3o do instrumento de sopro semelhante \u00e0 flauta.<\/li>\n<li>\ud83e\udd4b <strong>Tae kwon do:<\/strong> Demonstra\u00e7\u00f5es por equipes de Taekwondo.<\/li>\n<\/ul>\n<p>Estas atividades t\u00eam como principal objetivo apresentar ao p\u00fablico a diversidade e riqueza cultural da Coreia.<\/p>\n<h2>Programa\u00e7\u00e3o do Palco Principal<\/h2>\n<p>A programa\u00e7\u00e3o do palco principal est\u00e1 repleta de apresenta\u00e7\u00f5es entregues por artistas locais e internacionais. Aqui est\u00e1 uma vis\u00e3o geral das atividades programadas para os dois dias:<\/p>\n<h3>S\u00e1bado (15\/8)<\/h3>\n<ul>\n<li>11h | 14h \u2013 Videoclipes de K-pop.<\/li>\n<li>14h | 14h10 \u2013 Apresenta\u00e7\u00e3o de tambores tradicionais &#8211; Bukmaru.<\/li>\n<li>14h10 | 14h30 \u2013 Coral de m\u00fasicas coreanas &#8211; Coral das M\u00e3es Coreanas.<\/li>\n<li>14h35 | 14h50 \u2013 Apresenta\u00e7\u00e3o de trot &#8211; Coral da Associa\u00e7\u00e3o dos Idosos da Coreia.<\/li>\n<li>15h | 15h10 \u2013 Can\u00e7\u00f5es infantis coreanas &#8211; Coral da Escola Coreana Sunkyo.<\/li>\n<li>18h | 19h &#8211; Apresenta\u00e7\u00e3o especial de artes tradicionais coreanas &#8211; Hannuri Yeonhui.<\/li>\n<li>19h | 20h \u2013 Show do Gaho.<\/li>\n<\/ul>\n<h3>Domingo (16\/8)<\/h3>\n<ul>\n<li>11h | 13h \u2013 K-pop &#8211; Videoclipe.<\/li>\n<li>13h | 13h20 \u2013 Performance de caligrafia coreana.<\/li>\n<li>15h | 15h30 \u2013 Demonstra\u00e7\u00e3o de taekwondo.<\/li>\n<li>18h30 | 19h30 \u2013 Show do Gaho.<\/li>\n<li>19h30 | 20h \u2013 Espet\u00e1culo de dan\u00e7a &#8211; Poz-e Dance &#038; Pozetion.<\/li>\n<\/ul>\n<h2>Espet\u00e1culos de Dan\u00e7a e Artes Marciais<\/h2>\n<p>Os espet\u00e1culos de dan\u00e7a e artes marciais ser\u00e3o uma parte vital do festival, destacando a beleza e a habilidade que caracterizam a cultura coreana. O p\u00fablico poder\u00e1 se divertir com performances de dan\u00e7as tradicionais, que representam a heran\u00e7a cultural da Coreia, al\u00e9m de demonstra\u00e7\u00f5es de artes marciais como o Taekwondo, que n\u00e3o s\u00f3 exibem habilidades, mas tamb\u00e9m a filosofia de disciplina e respeito.<\/p>\n<h2>Feira Cultural e Artesanato<\/h2>\n<p>A <strong>Feira Cultural<\/strong> ser\u00e1 outro destaque, trazendo uma mistura vibrante de produtos ligados \u00e0 cultura coreana, incluindo artesanato e itens de moda. O evento incentivar\u00e1 o com\u00e9rcio local e permitir\u00e1 que os visitantes adquiram souvenirs aut\u00eanticos. Esta feira ser\u00e1 realizada em conjunto com a <strong>Feira Cultural Bomre-Dong \u2013 Munhwa-ro<\/strong>, que reunir\u00e1 artistas e pequenos empreendedores.<\/p>\n<h2>Palestras e Debates Culturais<\/h2>\n<p>Dentro da programa\u00e7\u00e3o paralela do festival, haver\u00e1 o <strong>K-Debate<\/strong>, onde pesquisadores e especialistas abordar\u00e3o temas relevantes como a hist\u00f3ria da independ\u00eancia coreana, a influ\u00eancia da Hallyu no Brasil e discuss\u00f5es sobre streaming e webtoons. Este aspecto educacional oferecer\u00e1 um espa\u00e7o para reflex\u00f5es e melhores entendimentos sobre as rela\u00e7\u00f5es culturais entre o Brasil e a Coreia.<\/p>\n<h2>Como Participar do Evento<\/h2>\n<p>A entrada para o Festival da Cultura Coreana 2026 \u00e9 <strong>gratuita<\/strong>, permitindo que todos possam participar e aproveitar as diversas atividades programadas. Os visitantes s\u00e3o incentivados a chegar cedo para garantir acesso \u00e0s experi\u00eancias. \u00c9 uma oportunidade perfeita para passar um dia em fam\u00edlia ou com amigos, explorando novas culturas e desfrutando de uma variedade de entretenimento.<\/p>\n<h2>Expectativa de P\u00fablico para o Festival<\/h2>\n<p>O festival espera atrair cerca de <strong>100 mil pessoas<\/strong> durante os dois dias. Esta \u00e9 uma \u00f3tima oportunidade para a integra\u00e7\u00e3o cultural entre brasileiros e a vibrante comunidade coreana, refor\u00e7ando la\u00e7os e trocas que beneficiam ambos os grupos. Prepare-se para um evento repleto de energia, aprendizado e divers\u00e3o!<\/p>\n\n<div style=\"font-size: 0px; height: 0px; line-height: 0px; margin: 0; padding: 0; clear: both;\"><\/div>","protected":false},"excerpt":{"rendered":"<p>Festival da Cultura Coreana 2026 em SP promete atra\u00e7\u00f5es incr\u00edveis e entrada gratuita para todos.<\/p>\n","protected":false},"author":1,"featured_media":3292,"comment_status":"open","ping_status":"closed","sticky":false,"template":"","format":"standard","meta":{"footnotes":""},"categories":[17],"tags":[],"class_list":["post-3293","post","type-post","status-publish","format-standard","has-post-thumbnail","hentry","category-cultura-no-bom-retiro","has_thumb"],"aioseo_notices":[],"aioseo_head":"\n\t\t<!-- All in One SEO 5.0.0.1 - aioseo.com -->\n\t<meta name=\"description\" content=\"Festival da Cultura Coreana 2026 em SP promete atra\u00e7\u00f5es incr\u00edveis e entrada gratuita para todos.\" \/>\n\t<meta name=\"robots\" content=\"max-image-preview:large\" \/>\n\t<meta name=\"author\" content=\"Encontra Bom Retiro\"\/>\n\t<link rel=\"canonical\" href=\"https:\/\/www.encontrabomretiro.com.br\/sobre\/festival-da-cultura-coreana-2026-acontece-em-sao-paulo-com-atracao-internacional-e-entrada-gratuita-saiba-mais\/\" \/>\n\t<meta name=\"generator\" content=\"All in One SEO (AIOSEO) 5.0.0.1\" \/>\n\t\t<meta property=\"og:locale\" content=\"pt_BR\" \/>\n\t\t<meta property=\"og:site_name\" content=\"Encontra Bom Retiro | Not\u00edcias, eventos, informa\u00e7\u00f5es e dicas no bairro do Bom Retiro e regi\u00e3o.\" \/>\n\t\t<meta property=\"og:type\" content=\"article\" \/>\n\t\t<meta property=\"og:title\" content=\"Festival da Cultura Coreana 2026 acontece em S\u00e3o Paulo com atra\u00e7\u00e3o internacional e entrada gratuita; saiba mais | Encontra Bom Retiro\" \/>\n\t\t<meta property=\"og:description\" content=\"Festival da Cultura Coreana 2026 em SP promete atra\u00e7\u00f5es incr\u00edveis e entrada gratuita para todos.\" \/>\n\t\t<meta property=\"og:url\" content=\"https:\/\/www.encontrabomretiro.com.br\/sobre\/festival-da-cultura-coreana-2026-acontece-em-sao-paulo-com-atracao-internacional-e-entrada-gratuita-saiba-mais\/\" \/>\n\t\t<meta property=\"article:published_time\" content=\"2026-08-15T23:12:46+00:00\" \/>\n\t\t<meta property=\"article:modified_time\" content=\"2026-08-15T23:12:46+00:00\" \/>\n\t\t<meta name=\"twitter:card\" content=\"summary_large_image\" \/>\n\t\t<meta name=\"twitter:title\" content=\"Festival da Cultura Coreana 2026 acontece em S\u00e3o Paulo com atra\u00e7\u00e3o internacional e entrada gratuita; saiba mais | Encontra Bom Retiro\" \/>\n\t\t<meta name=\"twitter:description\" content=\"Festival da Cultura Coreana 2026 em SP promete atra\u00e7\u00f5es incr\u00edveis e entrada gratuita para todos.\" \/>\n\t\t<script type=\"application\/ld+json\" class=\"aioseo-schema\">\n\t\t\t{\"@context\":\"https:\\\/\\\/schema.org\",\"@graph\":[{\"@type\":\"Article\",\"@id\":\"https:\\\/\\\/www.encontrabomretiro.com.br\\\/sobre\\\/festival-da-cultura-coreana-2026-acontece-em-sao-paulo-com-atracao-internacional-e-entrada-gratuita-saiba-mais\\\/#article\",\"name\":\"Festival da Cultura Coreana 2026 acontece em S\\u00e3o Paulo com atra\\u00e7\\u00e3o internacional e entrada gratuita; saiba mais | Encontra Bom Retiro\",\"headline\":\"Festival da Cultura Coreana 2026 acontece em S\\u00e3o Paulo com atra\\u00e7\\u00e3o internacional e entrada gratuita; saiba mais\",\"author\":{\"@id\":\"https:\\\/\\\/www.encontrabomretiro.com.br\\\/sobre\\\/author\\\/ebomretiro\\\/#author\"},\"publisher\":{\"@id\":\"https:\\\/\\\/www.encontrabomretiro.com.br\\\/sobre\\\/#organization\"},\"image\":{\"@type\":\"ImageObject\",\"url\":\"https:\\\/\\\/www.encontrabomretiro.com.br\\\/sobre\\\/wp-content\\\/uploads\\\/2026\\\/08\\\/festival-da-cultura-coreana-2026-acontece-em-sao-paulo-com-atracao-internacional-e-entrada-gratuita-.webp\",\"width\":280,\"height\":280,\"caption\":\"Festival da Cultura Coreana 2026\"},\"datePublished\":\"2026-08-15T21:12:46-02:00\",\"dateModified\":\"2026-08-15T21:12:46-02:00\",\"inLanguage\":\"pt-BR\",\"mainEntityOfPage\":{\"@id\":\"https:\\\/\\\/www.encontrabomretiro.com.br\\\/sobre\\\/festival-da-cultura-coreana-2026-acontece-em-sao-paulo-com-atracao-internacional-e-entrada-gratuita-saiba-mais\\\/#webpage\"},\"isPartOf\":{\"@id\":\"https:\\\/\\\/www.encontrabomretiro.com.br\\\/sobre\\\/festival-da-cultura-coreana-2026-acontece-em-sao-paulo-com-atracao-internacional-e-entrada-gratuita-saiba-mais\\\/#webpage\"},\"articleSection\":\"Cultura Bom Retiro\"},{\"@type\":\"BreadcrumbList\",\"@id\":\"https:\\\/\\\/www.encontrabomretiro.com.br\\\/sobre\\\/festival-da-cultura-coreana-2026-acontece-em-sao-paulo-com-atracao-internacional-e-entrada-gratuita-saiba-mais\\\/#breadcrumblist\",\"itemListElement\":[{\"@type\":\"ListItem\",\"@id\":\"https:\\\/\\\/www.encontrabomretiro.com.br\\\/sobre#listItem\",\"position\":1,\"name\":\"Dom\\u00e9stica\",\"item\":\"https:\\\/\\\/www.encontrabomretiro.com.br\\\/sobre\",\"nextItem\":{\"@type\":\"ListItem\",\"@id\":\"https:\\\/\\\/www.encontrabomretiro.com.br\\\/sobre\\\/cultura-no-bom-retiro\\\/#listItem\",\"name\":\"Cultura Bom Retiro\"}},{\"@type\":\"ListItem\",\"@id\":\"https:\\\/\\\/www.encontrabomretiro.com.br\\\/sobre\\\/cultura-no-bom-retiro\\\/#listItem\",\"position\":2,\"name\":\"Cultura Bom Retiro\",\"item\":\"https:\\\/\\\/www.encontrabomretiro.com.br\\\/sobre\\\/cultura-no-bom-retiro\\\/\",\"nextItem\":{\"@type\":\"ListItem\",\"@id\":\"https:\\\/\\\/www.encontrabomretiro.com.br\\\/sobre\\\/festival-da-cultura-coreana-2026-acontece-em-sao-paulo-com-atracao-internacional-e-entrada-gratuita-saiba-mais\\\/#listItem\",\"name\":\"Festival da Cultura Coreana 2026 acontece em S\\u00e3o Paulo com atra\\u00e7\\u00e3o internacional e entrada gratuita; saiba mais\"},\"previousItem\":{\"@type\":\"ListItem\",\"@id\":\"https:\\\/\\\/www.encontrabomretiro.com.br\\\/sobre#listItem\",\"name\":\"Dom\\u00e9stica\"}},{\"@type\":\"ListItem\",\"@id\":\"https:\\\/\\\/www.encontrabomretiro.com.br\\\/sobre\\\/festival-da-cultura-coreana-2026-acontece-em-sao-paulo-com-atracao-internacional-e-entrada-gratuita-saiba-mais\\\/#listItem\",\"position\":3,\"name\":\"Festival da Cultura Coreana 2026 acontece em S\\u00e3o Paulo com atra\\u00e7\\u00e3o internacional e entrada gratuita; saiba mais\",\"previousItem\":{\"@type\":\"ListItem\",\"@id\":\"https:\\\/\\\/www.encontrabomretiro.com.br\\\/sobre\\\/cultura-no-bom-retiro\\\/#listItem\",\"name\":\"Cultura Bom Retiro\"}}]},{\"@type\":\"Organization\",\"@id\":\"https:\\\/\\\/www.encontrabomretiro.com.br\\\/sobre\\\/#organization\",\"name\":\"Encontra Bom Retiro\",\"description\":\"Not\\u00edcias, eventos, informa\\u00e7\\u00f5es e dicas no bairro do Bom Retiro e regi\\u00e3o.\",\"url\":\"https:\\\/\\\/www.encontrabomretiro.com.br\\\/sobre\\\/\"},{\"@type\":\"Person\",\"@id\":\"https:\\\/\\\/www.encontrabomretiro.com.br\\\/sobre\\\/author\\\/ebomretiro\\\/#author\",\"url\":\"https:\\\/\\\/www.encontrabomretiro.com.br\\\/sobre\\\/author\\\/ebomretiro\\\/\",\"name\":\"Encontra Bom Retiro\",\"image\":{\"@type\":\"ImageObject\",\"@id\":\"https:\\\/\\\/www.encontrabomretiro.com.br\\\/sobre\\\/festival-da-cultura-coreana-2026-acontece-em-sao-paulo-com-atracao-internacional-e-entrada-gratuita-saiba-mais\\\/#authorImage\",\"url\":\"https:\\\/\\\/secure.gravatar.com\\\/avatar\\\/507340682b8270222e1f208e23198b6ae7e2c6a1033ae84e99bc6bce4f82a387?s=96&d=mm&r=g\",\"width\":96,\"height\":96,\"caption\":\"Encontra Bom Retiro\"}},{\"@type\":\"WebPage\",\"@id\":\"https:\\\/\\\/www.encontrabomretiro.com.br\\\/sobre\\\/festival-da-cultura-coreana-2026-acontece-em-sao-paulo-com-atracao-internacional-e-entrada-gratuita-saiba-mais\\\/#webpage\",\"url\":\"https:\\\/\\\/www.encontrabomretiro.com.br\\\/sobre\\\/festival-da-cultura-coreana-2026-acontece-em-sao-paulo-com-atracao-internacional-e-entrada-gratuita-saiba-mais\\\/\",\"name\":\"Festival da Cultura Coreana 2026 acontece em S\\u00e3o Paulo com atra\\u00e7\\u00e3o internacional e entrada gratuita; saiba mais | Encontra Bom Retiro\",\"description\":\"Festival da Cultura Coreana 2026 em SP promete atra\\u00e7\\u00f5es incr\\u00edveis e entrada gratuita para todos.\",\"inLanguage\":\"pt-BR\",\"isPartOf\":{\"@id\":\"https:\\\/\\\/www.encontrabomretiro.com.br\\\/sobre\\\/#website\"},\"breadcrumb\":{\"@id\":\"https:\\\/\\\/www.encontrabomretiro.com.br\\\/sobre\\\/festival-da-cultura-coreana-2026-acontece-em-sao-paulo-com-atracao-internacional-e-entrada-gratuita-saiba-mais\\\/#breadcrumblist\"},\"author\":{\"@id\":\"https:\\\/\\\/www.encontrabomretiro.com.br\\\/sobre\\\/author\\\/ebomretiro\\\/#author\"},\"creator\":{\"@id\":\"https:\\\/\\\/www.encontrabomretiro.com.br\\\/sobre\\\/author\\\/ebomretiro\\\/#author\"},\"image\":{\"@type\":\"ImageObject\",\"url\":\"https:\\\/\\\/www.encontrabomretiro.com.br\\\/sobre\\\/wp-content\\\/uploads\\\/2026\\\/08\\\/festival-da-cultura-coreana-2026-acontece-em-sao-paulo-com-atracao-internacional-e-entrada-gratuita-.webp\",\"@id\":\"https:\\\/\\\/www.encontrabomretiro.com.br\\\/sobre\\\/festival-da-cultura-coreana-2026-acontece-em-sao-paulo-com-atracao-internacional-e-entrada-gratuita-saiba-mais\\\/#mainImage\",\"width\":280,\"height\":280,\"caption\":\"Festival da Cultura Coreana 2026\"},\"primaryImageOfPage\":{\"@id\":\"https:\\\/\\\/www.encontrabomretiro.com.br\\\/sobre\\\/festival-da-cultura-coreana-2026-acontece-em-sao-paulo-com-atracao-internacional-e-entrada-gratuita-saiba-mais\\\/#mainImage\"},\"datePublished\":\"2026-08-15T21:12:46-02:00\",\"dateModified\":\"2026-08-15T21:12:46-02:00\"},{\"@type\":\"WebSite\",\"@id\":\"https:\\\/\\\/www.encontrabomretiro.com.br\\\/sobre\\\/#website\",\"url\":\"https:\\\/\\\/www.encontrabomretiro.com.br\\\/sobre\\\/\",\"name\":\"Encontra Bom Retiro\",\"description\":\"Not\\u00edcias, eventos, informa\\u00e7\\u00f5es e dicas no bairro do Bom Retiro e regi\\u00e3o.\",\"inLanguage\":\"pt-BR\",\"publisher\":{\"@id\":\"https:\\\/\\\/www.encontrabomretiro.com.br\\\/sobre\\\/#organization\"}}]}\n\t\t<\/script>\n\t\t<!-- All in One SEO -->\n\n","aioseo_head_json":{"title":"Festival da Cultura Coreana 2026 acontece em S\u00e3o Paulo com atra\u00e7\u00e3o internacional e entrada gratuita; saiba mais | Encontra Bom Retiro","description":"Festival da Cultura Coreana 2026 em SP promete atra\u00e7\u00f5es incr\u00edveis e entrada gratuita para todos.","canonical_url":"https:\/\/www.encontrabomretiro.com.br\/sobre\/festival-da-cultura-coreana-2026-acontece-em-sao-paulo-com-atracao-internacional-e-entrada-gratuita-saiba-mais\/","robots":"max-image-preview:large","keywords":"","webmasterTools":{"miscellaneous":""},"schema":{"@context":"https:\/\/schema.org","@graph":[{"@type":"Article","@id":"https:\/\/www.encontrabomretiro.com.br\/sobre\/festival-da-cultura-coreana-2026-acontece-em-sao-paulo-com-atracao-internacional-e-entrada-gratuita-saiba-mais\/#article","name":"Festival da Cultura Coreana 2026 acontece em S\u00e3o Paulo com atra\u00e7\u00e3o internacional e entrada gratuita; saiba mais | Encontra Bom Retiro","headline":"Festival da Cultura Coreana 2026 acontece em S\u00e3o Paulo com atra\u00e7\u00e3o internacional e entrada gratuita; saiba mais","author":{"@id":"https:\/\/www.encontrabomretiro.com.br\/sobre\/author\/ebomretiro\/#author"},"publisher":{"@id":"https:\/\/www.encontrabomretiro.com.br\/sobre\/#organization"},"image":{"@type":"ImageObject","url":"https:\/\/www.encontrabomretiro.com.br\/sobre\/wp-content\/uploads\/2026\/08\/festival-da-cultura-coreana-2026-acontece-em-sao-paulo-com-atracao-internacional-e-entrada-gratuita-.webp","width":280,"height":280,"caption":"Festival da Cultura Coreana 2026"},"datePublished":"2026-08-15T21:12:46-02:00","dateModified":"2026-08-15T21:12:46-02:00","inLanguage":"pt-BR","mainEntityOfPage":{"@id":"https:\/\/www.encontrabomretiro.com.br\/sobre\/festival-da-cultura-coreana-2026-acontece-em-sao-paulo-com-atracao-internacional-e-entrada-gratuita-saiba-mais\/#webpage"},"isPartOf":{"@id":"https:\/\/www.encontrabomretiro.com.br\/sobre\/festival-da-cultura-coreana-2026-acontece-em-sao-paulo-com-atracao-internacional-e-entrada-gratuita-saiba-mais\/#webpage"},"articleSection":"Cultura Bom Retiro"},{"@type":"BreadcrumbList","@id":"https:\/\/www.encontrabomretiro.com.br\/sobre\/festival-da-cultura-coreana-2026-acontece-em-sao-paulo-com-atracao-internacional-e-entrada-gratuita-saiba-mais\/#breadcrumblist","itemListElement":[{"@type":"ListItem","@id":"https:\/\/www.encontrabomretiro.com.br\/sobre#listItem","position":1,"name":"Dom\u00e9stica","item":"https:\/\/www.encontrabomretiro.com.br\/sobre","nextItem":{"@type":"ListItem","@id":"https:\/\/www.encontrabomretiro.com.br\/sobre\/cultura-no-bom-retiro\/#listItem","name":"Cultura Bom Retiro"}},{"@type":"ListItem","@id":"https:\/\/www.encontrabomretiro.com.br\/sobre\/cultura-no-bom-retiro\/#listItem","position":2,"name":"Cultura Bom Retiro","item":"https:\/\/www.encontrabomretiro.com.br\/sobre\/cultura-no-bom-retiro\/","nextItem":{"@type":"ListItem","@id":"https:\/\/www.encontrabomretiro.com.br\/sobre\/festival-da-cultura-coreana-2026-acontece-em-sao-paulo-com-atracao-internacional-e-entrada-gratuita-saiba-mais\/#listItem","name":"Festival da Cultura Coreana 2026 acontece em S\u00e3o Paulo com atra\u00e7\u00e3o internacional e entrada gratuita; saiba mais"},"previousItem":{"@type":"ListItem","@id":"https:\/\/www.encontrabomretiro.com.br\/sobre#listItem","name":"Dom\u00e9stica"}},{"@type":"ListItem","@id":"https:\/\/www.encontrabomretiro.com.br\/sobre\/festival-da-cultura-coreana-2026-acontece-em-sao-paulo-com-atracao-internacional-e-entrada-gratuita-saiba-mais\/#listItem","position":3,"name":"Festival da Cultura Coreana 2026 acontece em S\u00e3o Paulo com atra\u00e7\u00e3o internacional e entrada gratuita; saiba mais","previousItem":{"@type":"ListItem","@id":"https:\/\/www.encontrabomretiro.com.br\/sobre\/cultura-no-bom-retiro\/#listItem","name":"Cultura Bom Retiro"}}]},{"@type":"Organization","@id":"https:\/\/www.encontrabomretiro.com.br\/sobre\/#organization","name":"Encontra Bom Retiro","description":"Not\u00edcias, eventos, informa\u00e7\u00f5es e dicas no bairro do Bom Retiro e regi\u00e3o.","url":"https:\/\/www.encontrabomretiro.com.br\/sobre\/"},{"@type":"Person","@id":"https:\/\/www.encontrabomretiro.com.br\/sobre\/author\/ebomretiro\/#author","url":"https:\/\/www.encontrabomretiro.com.br\/sobre\/author\/ebomretiro\/","name":"Encontra Bom Retiro","image":{"@type":"ImageObject","@id":"https:\/\/www.encontrabomretiro.com.br\/sobre\/festival-da-cultura-coreana-2026-acontece-em-sao-paulo-com-atracao-internacional-e-entrada-gratuita-saiba-mais\/#authorImage","url":"https:\/\/secure.gravatar.com\/avatar\/507340682b8270222e1f208e23198b6ae7e2c6a1033ae84e99bc6bce4f82a387?s=96&d=mm&r=g","width":96,"height":96,"caption":"Encontra Bom Retiro"}},{"@type":"WebPage","@id":"https:\/\/www.encontrabomretiro.com.br\/sobre\/festival-da-cultura-coreana-2026-acontece-em-sao-paulo-com-atracao-internacional-e-entrada-gratuita-saiba-mais\/#webpage","url":"https:\/\/www.encontrabomretiro.com.br\/sobre\/festival-da-cultura-coreana-2026-acontece-em-sao-paulo-com-atracao-internacional-e-entrada-gratuita-saiba-mais\/","name":"Festival da Cultura Coreana 2026 acontece em S\u00e3o Paulo com atra\u00e7\u00e3o internacional e entrada gratuita; saiba mais | Encontra Bom Retiro","description":"Festival da Cultura Coreana 2026 em SP promete atra\u00e7\u00f5es incr\u00edveis e entrada gratuita para todos.","inLanguage":"pt-BR","isPartOf":{"@id":"https:\/\/www.encontrabomretiro.com.br\/sobre\/#website"},"breadcrumb":{"@id":"https:\/\/www.encontrabomretiro.com.br\/sobre\/festival-da-cultura-coreana-2026-acontece-em-sao-paulo-com-atracao-internacional-e-entrada-gratuita-saiba-mais\/#breadcrumblist"},"author":{"@id":"https:\/\/www.encontrabomretiro.com.br\/sobre\/author\/ebomretiro\/#author"},"creator":{"@id":"https:\/\/www.encontrabomretiro.com.br\/sobre\/author\/ebomretiro\/#author"},"image":{"@type":"ImageObject","url":"https:\/\/www.encontrabomretiro.com.br\/sobre\/wp-content\/uploads\/2026\/08\/festival-da-cultura-coreana-2026-acontece-em-sao-paulo-com-atracao-internacional-e-entrada-gratuita-.webp","@id":"https:\/\/www.encontrabomretiro.com.br\/sobre\/festival-da-cultura-coreana-2026-acontece-em-sao-paulo-com-atracao-internacional-e-entrada-gratuita-saiba-mais\/#mainImage","width":280,"height":280,"caption":"Festival da Cultura Coreana 2026"},"primaryImageOfPage":{"@id":"https:\/\/www.encontrabomretiro.com.br\/sobre\/festival-da-cultura-coreana-2026-acontece-em-sao-paulo-com-atracao-internacional-e-entrada-gratuita-saiba-mais\/#mainImage"},"datePublished":"2026-08-15T21:12:46-02:00","dateModified":"2026-08-15T21:12:46-02:00"},{"@type":"WebSite","@id":"https:\/\/www.encontrabomretiro.com.br\/sobre\/#website","url":"https:\/\/www.encontrabomretiro.com.br\/sobre\/","name":"Encontra Bom Retiro","description":"Not\u00edcias, eventos, informa\u00e7\u00f5es e dicas no bairro do Bom Retiro e regi\u00e3o.","inLanguage":"pt-BR","publisher":{"@id":"https:\/\/www.encontrabomretiro.com.br\/sobre\/#organization"}}]},"og:locale":"pt_BR","og:site_name":"Encontra Bom Retiro | Not\u00edcias, eventos, informa\u00e7\u00f5es e dicas no bairro do Bom Retiro e regi\u00e3o.","og:type":"article","og:title":"Festival da Cultura Coreana 2026 acontece em S\u00e3o Paulo com atra\u00e7\u00e3o internacional e entrada gratuita; saiba mais | Encontra Bom Retiro","og:description":"Festival da Cultura Coreana 2026 em SP promete atra\u00e7\u00f5es incr\u00edveis e entrada gratuita para todos.","og:url":"https:\/\/www.encontrabomretiro.com.br\/sobre\/festival-da-cultura-coreana-2026-acontece-em-sao-paulo-com-atracao-internacional-e-entrada-gratuita-saiba-mais\/","article:published_time":"2026-08-15T23:12:46+00:00","article:modified_time":"2026-08-15T23:12:46+00:00","twitter:card":"summary_large_image","twitter:title":"Festival da Cultura Coreana 2026 acontece em S\u00e3o Paulo com atra\u00e7\u00e3o internacional e entrada gratuita; saiba mais | Encontra Bom Retiro","twitter:description":"Festival da Cultura Coreana 2026 em SP promete atra\u00e7\u00f5es incr\u00edveis e entrada gratuita para todos."},"aioseo_meta_data":{"post_id":"3293","title":null,"description":null,"keywords":null,"keyphrases":null,"primary_term":null,"canonical_url":null,"og_title":null,"og_description":null,"og_object_type":"default","og_image_type":"default","og_image_url":null,"og_image_width":null,"og_image_height":null,"og_image_custom_url":null,"og_image_custom_fields":null,"og_video":null,"og_custom_url":null,"og_article_section":null,"og_article_tags":null,"twitter_use_og":false,"twitter_card":"default","twitter_image_type":"default","twitter_image_url":null,"twitter_image_custom_url":null,"twitter_image_custom_fields":null,"twitter_title":null,"twitter_description":null,"schema":{"blockGraphs":[],"customGraphs":[],"default":{"data":{"Article":[],"Course":[],"Dataset":[],"FAQPage":[],"Movie":[],"Person":[],"Product":[],"ProductReview":[],"Car":[],"Recipe":[],"Service":[],"SoftwareApplication":[],"WebPage":[]},"graphName":"Article","isEnabled":true},"graphs":[]},"schema_type":"default","schema_type_options":null,"pillar_content":false,"robots_default":true,"robots_noindex":false,"robots_noarchive":false,"robots_nosnippet":false,"robots_nofollow":false,"robots_noimageindex":false,"robots_noodp":false,"robots_notranslate":false,"robots_max_snippet":null,"robots_max_videopreview":null,"robots_max_imagepreview":"large","priority":null,"frequency":null,"local_seo":null,"breadcrumb_settings":null,"limit_modified_date":false,"ai":null,"created":"2026-08-15 23:12:46","updated":"2026-08-15 23:25:28","focus_keyword":null,"additional_keywords":null,"truseo_locale":null,"seo_analyzer_scan_date":null},"aioseo_breadcrumb":"<div class=\"aioseo-breadcrumbs\"><span class=\"aioseo-breadcrumb\">\n\t\t\t<a href=\"https:\/\/www.encontrabomretiro.com.br\/sobre\" title=\"Dom\u00e9stica\">Dom\u00e9stica<\/a>\n\t\t<\/span><span class=\"aioseo-breadcrumb-separator\">&raquo;<\/span><span class=\"aioseo-breadcrumb\">\n\t\t\t<a href=\"https:\/\/www.encontrabomretiro.com.br\/sobre\/cultura-no-bom-retiro\/\" title=\"Cultura Bom Retiro\">Cultura Bom Retiro<\/a>\n\t\t<\/span><span class=\"aioseo-breadcrumb-separator\">&raquo;<\/span><span class=\"aioseo-breadcrumb\">\n\t\t\tFestival da Cultura Coreana 2026 acontece em S\u00e3o Paulo com atra\u00e7\u00e3o internacional e entrada gratuita; saiba mais\n\t\t<\/span><\/div>","aioseo_breadcrumb_json":[{"label":"Dom\u00e9stica","link":"https:\/\/www.encontrabomretiro.com.br\/sobre"},{"label":"Cultura Bom Retiro","link":"https:\/\/www.encontrabomretiro.com.br\/sobre\/cultura-no-bom-retiro\/"},{"label":"Festival da Cultura Coreana 2026 acontece em S\u00e3o Paulo com atra\u00e7\u00e3o internacional e entrada gratuita; saiba mais","link":"https:\/\/www.encontrabomretiro.com.br\/sobre\/festival-da-cultura-coreana-2026-acontece-em-sao-paulo-com-atracao-internacional-e-entrada-gratuita-saiba-mais\/"}],"_links":{"self":[{"href":"https:\/\/www.encontrabomretiro.com.br\/sobre\/wp-json\/wp\/v2\/posts\/3293","targetHints":{"allow":["GET"]}}],"collection":[{"href":"https:\/\/www.encontrabomretiro.com.br\/sobre\/wp-json\/wp\/v2\/posts"}],"about":[{"href":"https:\/\/www.encontrabomretiro.com.br\/sobre\/wp-json\/wp\/v2\/types\/post"}],"author":[{"embeddable":true,"href":"https:\/\/www.encontrabomretiro.com.br\/sobre\/wp-json\/wp\/v2\/users\/1"}],"replies":[{"embeddable":true,"href":"https:\/\/www.encontrabomretiro.com.br\/sobre\/wp-json\/wp\/v2\/comments?post=3293"}],"version-history":[{"count":0,"href":"https:\/\/www.encontrabomretiro.com.br\/sobre\/wp-json\/wp\/v2\/posts\/3293\/revisions"}],"wp:featuredmedia":[{"embeddable":true,"href":"https:\/\/www.encontrabomretiro.com.br\/sobre\/wp-json\/wp\/v2\/media\/3292"}],"wp:attachment":[{"href":"https:\/\/www.encontrabomretiro.com.br\/sobre\/wp-json\/wp\/v2\/media?parent=3293"}],"wp:term":[{"taxonomy":"category","embeddable":true,"href":"https:\/\/www.encontrabomretiro.com.br\/sobre\/wp-json\/wp\/v2\/categories?post=3293"},{"taxonomy":"post_tag","embeddable":true,"href":"https:\/\/www.encontrabomretiro.com.br\/sobre\/wp-json\/wp\/v2\/tags?post=3293"}],"curies":[{"name":"wp","href":"https:\/\/api.w.org\/{rel}","templated":true}]}}