{"id":3283,"date":"2026-08-13T04:40:23","date_gmt":"2026-08-13T06:40:23","guid":{"rendered":"https:\/\/www.encontrabomretiro.com.br\/sobre\/criando-cartografias-da-memoria-producao-de-mapas-afetivos\/"},"modified":"2026-08-13T04:40:23","modified_gmt":"2026-08-13T06:40:23","slug":"criando-cartografias-da-memoria-producao-de-mapas-afetivos","status":"publish","type":"post","link":"https:\/\/www.encontrabomretiro.com.br\/sobre\/criando-cartografias-da-memoria-producao-de-mapas-afetivos\/","title":{"rendered":"Criando Cartografias da Mem\u00f3ria: Produ\u00e7\u00e3o de Mapas Afetivos"},"content":{"rendered":"<div class=\"228b65ae207de3c5c501cfe75875708b\" data-index=\"1\" style=\"float: none; margin:0px;\">\n<!-- Anuncio display - global -->\r\n<ins class=\"adsbygoogle\"\r\n     style=\"display:block\"\r\n     data-ad-client=\"ca-pub-8585364105181520\"\r\n     data-ad-slot=\"8789329856\"\r\n     data-ad-format=\"auto\"\r\n     data-full-width-responsive=\"true\"><\/ins>\r\n<script>\r\n     (adsbygoogle = window.adsbygoogle || []).push({});\r\n<\/script>\n<\/div>\n<h2>O Que S\u00e3o Mapas Afetivos?<\/h2>\n<p>Os <strong>mapas afetivos<\/strong> s\u00e3o representa\u00e7\u00f5es gr\u00e1ficas que capturam n\u00e3o apenas a geografia de um lugar, mas tamb\u00e9m as emo\u00e7\u00f5es, lembran\u00e7as e intera\u00e7\u00f5es que cada indiv\u00edduo tem com esse espa\u00e7o. Eles s\u00e3o constru\u00eddos a partir de narrativas pessoais e coletivas, transformando experi\u00eancias subjetivas em elementos visuais que podem ser facilmente compartilhados e compreendidos por outros. Esses mapas servem como um recurso importante para entender como as pessoas se relacionam com seu entorno, condicionando percep\u00e7\u00f5es de pertencimento e identidade emocional.<\/p>\n<h2>A Proposta do Sesc S\u00e3o Paulo<\/h2>\n<p>O <strong>Sesc S\u00e3o Paulo<\/strong> prop\u00f5e a atividade &#8216;Criando Cartografias da Mem\u00f3ria&#8217;, que visa explorar a conex\u00e3o entre o indiv\u00edduo e o meio onde vive. Dentro de um espa\u00e7o de reflex\u00e3o e cria\u00e7\u00e3o, os participantes t\u00eam a oportunidade de construir seus pr\u00f3prios mapas afetivos, utilizando as obras da exposi\u00e7\u00e3o como inspira\u00e7\u00e3o. Essa iniciativa n\u00e3o s\u00f3 promove a intera\u00e7\u00e3o com a arte, mas tamb\u00e9m fomenta o reconhecimento das experi\u00eancias pessoais de cada um, estimulando um di\u00e1logo sobre mem\u00f3ria e identidade.<\/p>\n<h2>A Import\u00e2ncia da Mem\u00f3ria Coletiva<\/h2>\n<p>A <strong>mem\u00f3ria coletiva<\/strong> \u00e9 um aspecto crucial na constru\u00e7\u00e3o da identidade de um grupo. Os mapas afetivos possibilitam um registro do que uma comunidade considera significativo, permitindo que hist\u00f3rias e experi\u00eancias sejam preservadas e compartilhadas. Essa pr\u00e1tica contribui para a valoriza\u00e7\u00e3o da cultura local e pode ajudar a fortalecer la\u00e7os sociais, promovendo um senso de pertencimento e conex\u00e3o entre os membros da comunidade.<\/p>\n<p><img decoding=\"async\" src=\"https:\/\/www.encontrabomretiro.com.br\/sobre\/wp-content\/uploads\/2026\/08\/criando-cartografias-da-memoria-producao-de-mapas-afetivos.webp\" alt=\"mapas afetivos\" loading=\"lazy\" \/><\/p>\n<h2>Explorando Territ\u00f3rios e Identidades<\/h2>\n<p>A atividade de cria\u00e7\u00e3o de mapas afetivos impulsiona os participantes a refletirem sobre sua trajet\u00f3ria e como os lugares que frequentam moldam sua identidade. \u00c0 medida que cada pessoa tra\u00e7a seu mapa, fica evidente que a geografia vai al\u00e9m do f\u00edsico; ela est\u00e1 intrinsecamente ligada \u00e0s viv\u00eancias, aos encontros e at\u00e9 mesmo \u00e0s aus\u00eancias. Essa explora\u00e7\u00e3o pode levar a novas compreens\u00f5es sobre a rela\u00e7\u00e3o entre espa\u00e7o e subjetividade, fornecendo um meio pr\u00e1tico para expressar essas interconex\u00f5es.<\/p>\n<h2>Quem \u00e9 Lu\u00e3 Ayo Ayana?<\/h2>\n<p>Lu\u00e3 Ayo Ayana, o facilitador da atividade, \u00e9 um <strong>arte-educador<\/strong> e artista transmasculino, n\u00e3o bin\u00e1rio, com forma\u00e7\u00e3o em desenvolvimento comunit\u00e1rio e educa\u00e7\u00e3o social. Desde 2019, Lu\u00e3 tem se envolvido em projetos focados em media\u00e7\u00e3o cultural e pertencimento territorial, em S\u00e3o Paulo. Sua pr\u00e1tica art\u00edstica \u00e9 abrangente, envolvendo artes visuais, m\u00fasica e processos coletivos, sempre promovendo uma abordagem experimental que busca engajar os participantes a se conectarem com suas pr\u00f3prias hist\u00f3rias e emo\u00e7\u00f5es.<\/p>\n<h2>Como Participar da Experi\u00eancia<\/h2>\n<p>A participa\u00e7\u00e3o na atividade \u00e9 gratuita e ocorre nas instala\u00e7\u00f5es da biblioteca do Sesc. Os encontros acontecem em datas espec\u00edficas, permitindo que os interessados se inscrevam e participem. Durante as sess\u00f5es, os participantes s\u00e3o incentivados a interagir, partilhar suas experi\u00eancias e criar seus mapas afetivos, contribuindo para uma rica troca cultural e social.<\/p>\n<h2>Intersec\u00e7\u00e3o entre Arte e Educa\u00e7\u00e3o<\/h2>\n<p>A pr\u00e1tica de elabora\u00e7\u00e3o de mapas afetivos no Sesc se apresenta como uma intersec\u00e7\u00e3o interessante entre arte e educa\u00e7\u00e3o. As artes visuais n\u00e3o apenas se tornam um meio de express\u00e3o, mas tamb\u00e9m facilitam o aprendizado e a reflex\u00e3o sobre temas cr\u00edticos como identidade, mem\u00f3ria e pertencimento. Este tipo de atividade mostra que a arte pode ser uma ferramenta poderosa na educa\u00e7\u00e3o, permitindo que os jovens e adultos se conectem a suas ra\u00edzes culturais e desenvolvam um entendimento mais profundo sobre si e sua comunidade.<\/p>\n<h2>Reflex\u00f5es Sobre o Territ\u00f3rio<\/h2>\n<p>Os mapas afetivos promovem reflex\u00f5es profundas sobre como o territ\u00f3rio influencia as viv\u00eancias dos indiv\u00edduos. Ao criar seus mapas, os participantes s\u00e3o levados a questionar o que determinados lugares significam para eles e como as mem\u00f3rias associadas a esses locais moldam sua realidade. Essa atividade \u00e9 uma oportunidade de se reconectar com a pr\u00f3pria hist\u00f3ria e perceber como \u00e9 poss\u00edvel transformar espa\u00e7os atrav\u00e9s da percep\u00e7\u00e3o coletiva.<\/p>\n<h2>Impactos das Cartografias Afetivas<\/h2>\n<p>Os impactos da pr\u00e1tica de cartografias afetivas s\u00e3o m\u00faltiplos e significativos. Al\u00e9m de enriquecer a compreens\u00e3o individual e coletiva sobre espa\u00e7o e identidade, esse exerc\u00edcio pode estimular o envolvimento c\u00edvico e a preserva\u00e7\u00e3o cultural. Os participantes saem dessa experi\u00eancia com uma nova vis\u00e3o de seu ambiente, estando mais conscientes de suas hist\u00f3rias e das narrativas que comp\u00f5em o tecido social de sua comunidade.<\/p>\n<h2>Pr\u00f3ximos Eventos e Atividades<\/h2>\n<p>O Sesc est\u00e1 constantemente promovendo eventos e atividades que buscam engajar a popula\u00e7\u00e3o em pr\u00e1ticas culturais. Fiquem atentos \u00e0s programa\u00e7\u00f5es futuras onde mais experi\u00eancias semelhantes acontecer\u00e3o. Essas atividades n\u00e3o s\u00f3 diversificam o acesso \u00e0 cultura, mas tamb\u00e9m incentivam a participa\u00e7\u00e3o ativa e o compartilhamento de hist\u00f3rias, mostrando que cada um possui um lugar importante nessa teia de mem\u00f3rias e identidades.<\/p>\n\n<div style=\"font-size: 0px; height: 0px; line-height: 0px; margin: 0; padding: 0; clear: both;\"><\/div>","protected":false},"excerpt":{"rendered":"<p>Criando Cartografias da Mem\u00f3ria: Experimente a conex\u00e3o com suas lembran\u00e7as!<\/p>\n","protected":false},"author":1,"featured_media":3282,"comment_status":"open","ping_status":"closed","sticky":false,"template":"","format":"standard","meta":{"footnotes":""},"categories":[17],"tags":[],"class_list":["post-3283","post","type-post","status-publish","format-standard","has-post-thumbnail","hentry","category-cultura-no-bom-retiro","has_thumb"],"aioseo_notices":[],"aioseo_head":"\n\t\t<!-- All in One SEO 5.0.0.1 - aioseo.com -->\n\t<meta name=\"description\" content=\"Criando Cartografias da Mem\u00f3ria: Experimente a conex\u00e3o com suas lembran\u00e7as!\" \/>\n\t<meta name=\"robots\" content=\"max-image-preview:large\" \/>\n\t<meta name=\"author\" content=\"Encontra Bom Retiro\"\/>\n\t<link rel=\"canonical\" href=\"https:\/\/www.encontrabomretiro.com.br\/sobre\/criando-cartografias-da-memoria-producao-de-mapas-afetivos\/\" \/>\n\t<meta name=\"generator\" content=\"All in One SEO (AIOSEO) 5.0.0.1\" \/>\n\t\t<meta property=\"og:locale\" content=\"pt_BR\" \/>\n\t\t<meta property=\"og:site_name\" content=\"Encontra Bom Retiro | Not\u00edcias, eventos, informa\u00e7\u00f5es e dicas no bairro do Bom Retiro e regi\u00e3o.\" \/>\n\t\t<meta property=\"og:type\" content=\"article\" \/>\n\t\t<meta property=\"og:title\" content=\"Criando Cartografias da Mem\u00f3ria: Produ\u00e7\u00e3o de Mapas Afetivos | Encontra Bom Retiro\" \/>\n\t\t<meta property=\"og:description\" content=\"Criando Cartografias da Mem\u00f3ria: Experimente a conex\u00e3o com suas lembran\u00e7as!\" \/>\n\t\t<meta property=\"og:url\" content=\"https:\/\/www.encontrabomretiro.com.br\/sobre\/criando-cartografias-da-memoria-producao-de-mapas-afetivos\/\" \/>\n\t\t<meta property=\"article:published_time\" content=\"2026-08-13T06:40:23+00:00\" \/>\n\t\t<meta property=\"article:modified_time\" content=\"2026-08-13T06:40:23+00:00\" \/>\n\t\t<meta name=\"twitter:card\" content=\"summary_large_image\" \/>\n\t\t<meta name=\"twitter:title\" content=\"Criando Cartografias da Mem\u00f3ria: Produ\u00e7\u00e3o de Mapas Afetivos | Encontra Bom Retiro\" \/>\n\t\t<meta name=\"twitter:description\" content=\"Criando Cartografias da Mem\u00f3ria: Experimente a conex\u00e3o com suas lembran\u00e7as!\" \/>\n\t\t<script type=\"application\/ld+json\" class=\"aioseo-schema\">\n\t\t\t{\"@context\":\"https:\\\/\\\/schema.org\",\"@graph\":[{\"@type\":\"Article\",\"@id\":\"https:\\\/\\\/www.encontrabomretiro.com.br\\\/sobre\\\/criando-cartografias-da-memoria-producao-de-mapas-afetivos\\\/#article\",\"name\":\"Criando Cartografias da Mem\\u00f3ria: Produ\\u00e7\\u00e3o de Mapas Afetivos | Encontra Bom Retiro\",\"headline\":\"Criando Cartografias da Mem\\u00f3ria: Produ\\u00e7\\u00e3o de Mapas Afetivos\",\"author\":{\"@id\":\"https:\\\/\\\/www.encontrabomretiro.com.br\\\/sobre\\\/author\\\/ebomretiro\\\/#author\"},\"publisher\":{\"@id\":\"https:\\\/\\\/www.encontrabomretiro.com.br\\\/sobre\\\/#organization\"},\"image\":{\"@type\":\"ImageObject\",\"url\":\"https:\\\/\\\/www.encontrabomretiro.com.br\\\/sobre\\\/wp-content\\\/uploads\\\/2026\\\/08\\\/criando-cartografias-da-memoria-producao-de-mapas-afetivos.webp\",\"width\":280,\"height\":280,\"caption\":\"mapas afetivos\"},\"datePublished\":\"2026-08-13T04:40:23-02:00\",\"dateModified\":\"2026-08-13T04:40:23-02:00\",\"inLanguage\":\"pt-BR\",\"mainEntityOfPage\":{\"@id\":\"https:\\\/\\\/www.encontrabomretiro.com.br\\\/sobre\\\/criando-cartografias-da-memoria-producao-de-mapas-afetivos\\\/#webpage\"},\"isPartOf\":{\"@id\":\"https:\\\/\\\/www.encontrabomretiro.com.br\\\/sobre\\\/criando-cartografias-da-memoria-producao-de-mapas-afetivos\\\/#webpage\"},\"articleSection\":\"Cultura Bom Retiro\"},{\"@type\":\"BreadcrumbList\",\"@id\":\"https:\\\/\\\/www.encontrabomretiro.com.br\\\/sobre\\\/criando-cartografias-da-memoria-producao-de-mapas-afetivos\\\/#breadcrumblist\",\"itemListElement\":[{\"@type\":\"ListItem\",\"@id\":\"https:\\\/\\\/www.encontrabomretiro.com.br\\\/sobre#listItem\",\"position\":1,\"name\":\"Dom\\u00e9stica\",\"item\":\"https:\\\/\\\/www.encontrabomretiro.com.br\\\/sobre\",\"nextItem\":{\"@type\":\"ListItem\",\"@id\":\"https:\\\/\\\/www.encontrabomretiro.com.br\\\/sobre\\\/cultura-no-bom-retiro\\\/#listItem\",\"name\":\"Cultura Bom Retiro\"}},{\"@type\":\"ListItem\",\"@id\":\"https:\\\/\\\/www.encontrabomretiro.com.br\\\/sobre\\\/cultura-no-bom-retiro\\\/#listItem\",\"position\":2,\"name\":\"Cultura Bom Retiro\",\"item\":\"https:\\\/\\\/www.encontrabomretiro.com.br\\\/sobre\\\/cultura-no-bom-retiro\\\/\",\"nextItem\":{\"@type\":\"ListItem\",\"@id\":\"https:\\\/\\\/www.encontrabomretiro.com.br\\\/sobre\\\/criando-cartografias-da-memoria-producao-de-mapas-afetivos\\\/#listItem\",\"name\":\"Criando Cartografias da Mem\\u00f3ria: Produ\\u00e7\\u00e3o de Mapas Afetivos\"},\"previousItem\":{\"@type\":\"ListItem\",\"@id\":\"https:\\\/\\\/www.encontrabomretiro.com.br\\\/sobre#listItem\",\"name\":\"Dom\\u00e9stica\"}},{\"@type\":\"ListItem\",\"@id\":\"https:\\\/\\\/www.encontrabomretiro.com.br\\\/sobre\\\/criando-cartografias-da-memoria-producao-de-mapas-afetivos\\\/#listItem\",\"position\":3,\"name\":\"Criando Cartografias da Mem\\u00f3ria: Produ\\u00e7\\u00e3o de Mapas Afetivos\",\"previousItem\":{\"@type\":\"ListItem\",\"@id\":\"https:\\\/\\\/www.encontrabomretiro.com.br\\\/sobre\\\/cultura-no-bom-retiro\\\/#listItem\",\"name\":\"Cultura Bom Retiro\"}}]},{\"@type\":\"Organization\",\"@id\":\"https:\\\/\\\/www.encontrabomretiro.com.br\\\/sobre\\\/#organization\",\"name\":\"Encontra Bom Retiro\",\"description\":\"Not\\u00edcias, eventos, informa\\u00e7\\u00f5es e dicas no bairro do Bom Retiro e regi\\u00e3o.\",\"url\":\"https:\\\/\\\/www.encontrabomretiro.com.br\\\/sobre\\\/\"},{\"@type\":\"Person\",\"@id\":\"https:\\\/\\\/www.encontrabomretiro.com.br\\\/sobre\\\/author\\\/ebomretiro\\\/#author\",\"url\":\"https:\\\/\\\/www.encontrabomretiro.com.br\\\/sobre\\\/author\\\/ebomretiro\\\/\",\"name\":\"Encontra Bom Retiro\",\"image\":{\"@type\":\"ImageObject\",\"@id\":\"https:\\\/\\\/www.encontrabomretiro.com.br\\\/sobre\\\/criando-cartografias-da-memoria-producao-de-mapas-afetivos\\\/#authorImage\",\"url\":\"https:\\\/\\\/secure.gravatar.com\\\/avatar\\\/507340682b8270222e1f208e23198b6ae7e2c6a1033ae84e99bc6bce4f82a387?s=96&d=mm&r=g\",\"width\":96,\"height\":96,\"caption\":\"Encontra Bom Retiro\"}},{\"@type\":\"WebPage\",\"@id\":\"https:\\\/\\\/www.encontrabomretiro.com.br\\\/sobre\\\/criando-cartografias-da-memoria-producao-de-mapas-afetivos\\\/#webpage\",\"url\":\"https:\\\/\\\/www.encontrabomretiro.com.br\\\/sobre\\\/criando-cartografias-da-memoria-producao-de-mapas-afetivos\\\/\",\"name\":\"Criando Cartografias da Mem\\u00f3ria: Produ\\u00e7\\u00e3o de Mapas Afetivos | Encontra Bom Retiro\",\"description\":\"Criando Cartografias da Mem\\u00f3ria: Experimente a conex\\u00e3o com suas lembran\\u00e7as!\",\"inLanguage\":\"pt-BR\",\"isPartOf\":{\"@id\":\"https:\\\/\\\/www.encontrabomretiro.com.br\\\/sobre\\\/#website\"},\"breadcrumb\":{\"@id\":\"https:\\\/\\\/www.encontrabomretiro.com.br\\\/sobre\\\/criando-cartografias-da-memoria-producao-de-mapas-afetivos\\\/#breadcrumblist\"},\"author\":{\"@id\":\"https:\\\/\\\/www.encontrabomretiro.com.br\\\/sobre\\\/author\\\/ebomretiro\\\/#author\"},\"creator\":{\"@id\":\"https:\\\/\\\/www.encontrabomretiro.com.br\\\/sobre\\\/author\\\/ebomretiro\\\/#author\"},\"image\":{\"@type\":\"ImageObject\",\"url\":\"https:\\\/\\\/www.encontrabomretiro.com.br\\\/sobre\\\/wp-content\\\/uploads\\\/2026\\\/08\\\/criando-cartografias-da-memoria-producao-de-mapas-afetivos.webp\",\"@id\":\"https:\\\/\\\/www.encontrabomretiro.com.br\\\/sobre\\\/criando-cartografias-da-memoria-producao-de-mapas-afetivos\\\/#mainImage\",\"width\":280,\"height\":280,\"caption\":\"mapas afetivos\"},\"primaryImageOfPage\":{\"@id\":\"https:\\\/\\\/www.encontrabomretiro.com.br\\\/sobre\\\/criando-cartografias-da-memoria-producao-de-mapas-afetivos\\\/#mainImage\"},\"datePublished\":\"2026-08-13T04:40:23-02:00\",\"dateModified\":\"2026-08-13T04:40:23-02:00\"},{\"@type\":\"WebSite\",\"@id\":\"https:\\\/\\\/www.encontrabomretiro.com.br\\\/sobre\\\/#website\",\"url\":\"https:\\\/\\\/www.encontrabomretiro.com.br\\\/sobre\\\/\",\"name\":\"Encontra Bom Retiro\",\"description\":\"Not\\u00edcias, eventos, informa\\u00e7\\u00f5es e dicas no bairro do Bom Retiro e regi\\u00e3o.\",\"inLanguage\":\"pt-BR\",\"publisher\":{\"@id\":\"https:\\\/\\\/www.encontrabomretiro.com.br\\\/sobre\\\/#organization\"}}]}\n\t\t<\/script>\n\t\t<!-- All in One SEO -->\n\n","aioseo_head_json":{"title":"Criando Cartografias da Mem\u00f3ria: Produ\u00e7\u00e3o de Mapas Afetivos | Encontra Bom Retiro","description":"Criando Cartografias da Mem\u00f3ria: Experimente a conex\u00e3o com suas lembran\u00e7as!","canonical_url":"https:\/\/www.encontrabomretiro.com.br\/sobre\/criando-cartografias-da-memoria-producao-de-mapas-afetivos\/","robots":"max-image-preview:large","keywords":"","webmasterTools":{"miscellaneous":""},"schema":{"@context":"https:\/\/schema.org","@graph":[{"@type":"Article","@id":"https:\/\/www.encontrabomretiro.com.br\/sobre\/criando-cartografias-da-memoria-producao-de-mapas-afetivos\/#article","name":"Criando Cartografias da Mem\u00f3ria: Produ\u00e7\u00e3o de Mapas Afetivos | Encontra Bom Retiro","headline":"Criando Cartografias da Mem\u00f3ria: Produ\u00e7\u00e3o de Mapas Afetivos","author":{"@id":"https:\/\/www.encontrabomretiro.com.br\/sobre\/author\/ebomretiro\/#author"},"publisher":{"@id":"https:\/\/www.encontrabomretiro.com.br\/sobre\/#organization"},"image":{"@type":"ImageObject","url":"https:\/\/www.encontrabomretiro.com.br\/sobre\/wp-content\/uploads\/2026\/08\/criando-cartografias-da-memoria-producao-de-mapas-afetivos.webp","width":280,"height":280,"caption":"mapas afetivos"},"datePublished":"2026-08-13T04:40:23-02:00","dateModified":"2026-08-13T04:40:23-02:00","inLanguage":"pt-BR","mainEntityOfPage":{"@id":"https:\/\/www.encontrabomretiro.com.br\/sobre\/criando-cartografias-da-memoria-producao-de-mapas-afetivos\/#webpage"},"isPartOf":{"@id":"https:\/\/www.encontrabomretiro.com.br\/sobre\/criando-cartografias-da-memoria-producao-de-mapas-afetivos\/#webpage"},"articleSection":"Cultura Bom Retiro"},{"@type":"BreadcrumbList","@id":"https:\/\/www.encontrabomretiro.com.br\/sobre\/criando-cartografias-da-memoria-producao-de-mapas-afetivos\/#breadcrumblist","itemListElement":[{"@type":"ListItem","@id":"https:\/\/www.encontrabomretiro.com.br\/sobre#listItem","position":1,"name":"Dom\u00e9stica","item":"https:\/\/www.encontrabomretiro.com.br\/sobre","nextItem":{"@type":"ListItem","@id":"https:\/\/www.encontrabomretiro.com.br\/sobre\/cultura-no-bom-retiro\/#listItem","name":"Cultura Bom Retiro"}},{"@type":"ListItem","@id":"https:\/\/www.encontrabomretiro.com.br\/sobre\/cultura-no-bom-retiro\/#listItem","position":2,"name":"Cultura Bom Retiro","item":"https:\/\/www.encontrabomretiro.com.br\/sobre\/cultura-no-bom-retiro\/","nextItem":{"@type":"ListItem","@id":"https:\/\/www.encontrabomretiro.com.br\/sobre\/criando-cartografias-da-memoria-producao-de-mapas-afetivos\/#listItem","name":"Criando Cartografias da Mem\u00f3ria: Produ\u00e7\u00e3o de Mapas Afetivos"},"previousItem":{"@type":"ListItem","@id":"https:\/\/www.encontrabomretiro.com.br\/sobre#listItem","name":"Dom\u00e9stica"}},{"@type":"ListItem","@id":"https:\/\/www.encontrabomretiro.com.br\/sobre\/criando-cartografias-da-memoria-producao-de-mapas-afetivos\/#listItem","position":3,"name":"Criando Cartografias da Mem\u00f3ria: Produ\u00e7\u00e3o de Mapas Afetivos","previousItem":{"@type":"ListItem","@id":"https:\/\/www.encontrabomretiro.com.br\/sobre\/cultura-no-bom-retiro\/#listItem","name":"Cultura Bom Retiro"}}]},{"@type":"Organization","@id":"https:\/\/www.encontrabomretiro.com.br\/sobre\/#organization","name":"Encontra Bom Retiro","description":"Not\u00edcias, eventos, informa\u00e7\u00f5es e dicas no bairro do Bom Retiro e regi\u00e3o.","url":"https:\/\/www.encontrabomretiro.com.br\/sobre\/"},{"@type":"Person","@id":"https:\/\/www.encontrabomretiro.com.br\/sobre\/author\/ebomretiro\/#author","url":"https:\/\/www.encontrabomretiro.com.br\/sobre\/author\/ebomretiro\/","name":"Encontra Bom Retiro","image":{"@type":"ImageObject","@id":"https:\/\/www.encontrabomretiro.com.br\/sobre\/criando-cartografias-da-memoria-producao-de-mapas-afetivos\/#authorImage","url":"https:\/\/secure.gravatar.com\/avatar\/507340682b8270222e1f208e23198b6ae7e2c6a1033ae84e99bc6bce4f82a387?s=96&d=mm&r=g","width":96,"height":96,"caption":"Encontra Bom Retiro"}},{"@type":"WebPage","@id":"https:\/\/www.encontrabomretiro.com.br\/sobre\/criando-cartografias-da-memoria-producao-de-mapas-afetivos\/#webpage","url":"https:\/\/www.encontrabomretiro.com.br\/sobre\/criando-cartografias-da-memoria-producao-de-mapas-afetivos\/","name":"Criando Cartografias da Mem\u00f3ria: Produ\u00e7\u00e3o de Mapas Afetivos | Encontra Bom Retiro","description":"Criando Cartografias da Mem\u00f3ria: Experimente a conex\u00e3o com suas lembran\u00e7as!","inLanguage":"pt-BR","isPartOf":{"@id":"https:\/\/www.encontrabomretiro.com.br\/sobre\/#website"},"breadcrumb":{"@id":"https:\/\/www.encontrabomretiro.com.br\/sobre\/criando-cartografias-da-memoria-producao-de-mapas-afetivos\/#breadcrumblist"},"author":{"@id":"https:\/\/www.encontrabomretiro.com.br\/sobre\/author\/ebomretiro\/#author"},"creator":{"@id":"https:\/\/www.encontrabomretiro.com.br\/sobre\/author\/ebomretiro\/#author"},"image":{"@type":"ImageObject","url":"https:\/\/www.encontrabomretiro.com.br\/sobre\/wp-content\/uploads\/2026\/08\/criando-cartografias-da-memoria-producao-de-mapas-afetivos.webp","@id":"https:\/\/www.encontrabomretiro.com.br\/sobre\/criando-cartografias-da-memoria-producao-de-mapas-afetivos\/#mainImage","width":280,"height":280,"caption":"mapas afetivos"},"primaryImageOfPage":{"@id":"https:\/\/www.encontrabomretiro.com.br\/sobre\/criando-cartografias-da-memoria-producao-de-mapas-afetivos\/#mainImage"},"datePublished":"2026-08-13T04:40:23-02:00","dateModified":"2026-08-13T04:40:23-02:00"},{"@type":"WebSite","@id":"https:\/\/www.encontrabomretiro.com.br\/sobre\/#website","url":"https:\/\/www.encontrabomretiro.com.br\/sobre\/","name":"Encontra Bom Retiro","description":"Not\u00edcias, eventos, informa\u00e7\u00f5es e dicas no bairro do Bom Retiro e regi\u00e3o.","inLanguage":"pt-BR","publisher":{"@id":"https:\/\/www.encontrabomretiro.com.br\/sobre\/#organization"}}]},"og:locale":"pt_BR","og:site_name":"Encontra Bom Retiro | Not\u00edcias, eventos, informa\u00e7\u00f5es e dicas no bairro do Bom Retiro e regi\u00e3o.","og:type":"article","og:title":"Criando Cartografias da Mem\u00f3ria: Produ\u00e7\u00e3o de Mapas Afetivos | Encontra Bom Retiro","og:description":"Criando Cartografias da Mem\u00f3ria: Experimente a conex\u00e3o com suas lembran\u00e7as!","og:url":"https:\/\/www.encontrabomretiro.com.br\/sobre\/criando-cartografias-da-memoria-producao-de-mapas-afetivos\/","article:published_time":"2026-08-13T06:40:23+00:00","article:modified_time":"2026-08-13T06:40:23+00:00","twitter:card":"summary_large_image","twitter:title":"Criando Cartografias da Mem\u00f3ria: Produ\u00e7\u00e3o de Mapas Afetivos | Encontra Bom Retiro","twitter:description":"Criando Cartografias da Mem\u00f3ria: Experimente a conex\u00e3o com suas lembran\u00e7as!"},"aioseo_meta_data":{"post_id":"3283","title":null,"description":null,"keywords":null,"keyphrases":null,"primary_term":null,"canonical_url":null,"og_title":null,"og_description":null,"og_object_type":"default","og_image_type":"default","og_image_url":null,"og_image_width":null,"og_image_height":null,"og_image_custom_url":null,"og_image_custom_fields":null,"og_video":null,"og_custom_url":null,"og_article_section":null,"og_article_tags":null,"twitter_use_og":false,"twitter_card":"default","twitter_image_type":"default","twitter_image_url":null,"twitter_image_custom_url":null,"twitter_image_custom_fields":null,"twitter_title":null,"twitter_description":null,"schema":{"blockGraphs":[],"customGraphs":[],"default":{"data":{"Article":[],"Course":[],"Dataset":[],"FAQPage":[],"Movie":[],"Person":[],"Product":[],"ProductReview":[],"Car":[],"Recipe":[],"Service":[],"SoftwareApplication":[],"WebPage":[]},"graphName":"Article","isEnabled":true},"graphs":[]},"schema_type":"default","schema_type_options":null,"pillar_content":false,"robots_default":true,"robots_noindex":false,"robots_noarchive":false,"robots_nosnippet":false,"robots_nofollow":false,"robots_noimageindex":false,"robots_noodp":false,"robots_notranslate":false,"robots_max_snippet":null,"robots_max_videopreview":null,"robots_max_imagepreview":"large","priority":null,"frequency":null,"local_seo":null,"breadcrumb_settings":null,"limit_modified_date":false,"ai":null,"created":"2026-08-13 06:40:23","updated":"2026-08-13 07:07:02","focus_keyword":null,"additional_keywords":null,"truseo_locale":null,"seo_analyzer_scan_date":null},"aioseo_breadcrumb":"<div class=\"aioseo-breadcrumbs\"><span class=\"aioseo-breadcrumb\">\n\t\t\t<a href=\"https:\/\/www.encontrabomretiro.com.br\/sobre\" title=\"Dom\u00e9stica\">Dom\u00e9stica<\/a>\n\t\t<\/span><span class=\"aioseo-breadcrumb-separator\">&raquo;<\/span><span class=\"aioseo-breadcrumb\">\n\t\t\t<a href=\"https:\/\/www.encontrabomretiro.com.br\/sobre\/cultura-no-bom-retiro\/\" title=\"Cultura Bom Retiro\">Cultura Bom Retiro<\/a>\n\t\t<\/span><span class=\"aioseo-breadcrumb-separator\">&raquo;<\/span><span class=\"aioseo-breadcrumb\">\n\t\t\tCriando Cartografias da Mem\u00f3ria: Produ\u00e7\u00e3o de Mapas Afetivos\n\t\t<\/span><\/div>","aioseo_breadcrumb_json":[{"label":"Dom\u00e9stica","link":"https:\/\/www.encontrabomretiro.com.br\/sobre"},{"label":"Cultura Bom Retiro","link":"https:\/\/www.encontrabomretiro.com.br\/sobre\/cultura-no-bom-retiro\/"},{"label":"Criando Cartografias da Mem\u00f3ria: Produ\u00e7\u00e3o de Mapas Afetivos","link":"https:\/\/www.encontrabomretiro.com.br\/sobre\/criando-cartografias-da-memoria-producao-de-mapas-afetivos\/"}],"_links":{"self":[{"href":"https:\/\/www.encontrabomretiro.com.br\/sobre\/wp-json\/wp\/v2\/posts\/3283","targetHints":{"allow":["GET"]}}],"collection":[{"href":"https:\/\/www.encontrabomretiro.com.br\/sobre\/wp-json\/wp\/v2\/posts"}],"about":[{"href":"https:\/\/www.encontrabomretiro.com.br\/sobre\/wp-json\/wp\/v2\/types\/post"}],"author":[{"embeddable":true,"href":"https:\/\/www.encontrabomretiro.com.br\/sobre\/wp-json\/wp\/v2\/users\/1"}],"replies":[{"embeddable":true,"href":"https:\/\/www.encontrabomretiro.com.br\/sobre\/wp-json\/wp\/v2\/comments?post=3283"}],"version-history":[{"count":0,"href":"https:\/\/www.encontrabomretiro.com.br\/sobre\/wp-json\/wp\/v2\/posts\/3283\/revisions"}],"wp:featuredmedia":[{"embeddable":true,"href":"https:\/\/www.encontrabomretiro.com.br\/sobre\/wp-json\/wp\/v2\/media\/3282"}],"wp:attachment":[{"href":"https:\/\/www.encontrabomretiro.com.br\/sobre\/wp-json\/wp\/v2\/media?parent=3283"}],"wp:term":[{"taxonomy":"category","embeddable":true,"href":"https:\/\/www.encontrabomretiro.com.br\/sobre\/wp-json\/wp\/v2\/categories?post=3283"},{"taxonomy":"post_tag","embeddable":true,"href":"https:\/\/www.encontrabomretiro.com.br\/sobre\/wp-json\/wp\/v2\/tags?post=3283"}],"curies":[{"name":"wp","href":"https:\/\/api.w.org\/{rel}","templated":true}]}}