{"id":3269,"date":"2026-08-11T04:38:03","date_gmt":"2026-08-11T06:38:03","guid":{"rendered":"https:\/\/www.encontrabomretiro.com.br\/sobre\/festival-da-cultura-coreana-reune-gastronomia-musica-e-danca-em-sao-paulo\/"},"modified":"2026-08-11T04:38:03","modified_gmt":"2026-08-11T06:38:03","slug":"festival-da-cultura-coreana-reune-gastronomia-musica-e-danca-em-sao-paulo","status":"publish","type":"post","link":"https:\/\/www.encontrabomretiro.com.br\/sobre\/festival-da-cultura-coreana-reune-gastronomia-musica-e-danca-em-sao-paulo\/","title":{"rendered":"Festival da Cultura Coreana re\u00fane gastronomia, m\u00fasica e dan\u00e7a em S\u00e3o Paulo"},"content":{"rendered":"<div class=\"228b65ae207de3c5c501cfe75875708b\" data-index=\"1\" style=\"float: none; margin:0px;\">\n<!-- Anuncio display - global -->\r\n<ins class=\"adsbygoogle\"\r\n     style=\"display:block\"\r\n     data-ad-client=\"ca-pub-8585364105181520\"\r\n     data-ad-slot=\"8789329856\"\r\n     data-ad-format=\"auto\"\r\n     data-full-width-responsive=\"true\"><\/ins>\r\n<script>\r\n     (adsbygoogle = window.adsbygoogle || []).push({});\r\n<\/script>\n<\/div>\n<h2>As Belezas Naturais de \u00c1guas de Lind\u00f3ia<\/h2>\n<p>\u00c1guas de Lind\u00f3ia, uma joia situada no interior de S\u00e3o Paulo, \u00e9 famosa por suas paisagens deslumbrantes e pelo rico patrim\u00f4nio natural. A cidade \u00e9 cercada por montanhas e possui fontes termais que atraem visitantes em busca de relaxamento e bem-estar. As \u00e1reas verdes, como o Parque Municipal e as trilhas que levam a mirantes, oferecem oportunidades ideais para aventuras ao ar livre e contato direto com a natureza.<\/p>\n<h2>O que Fazer em \u00c1guas de Lind\u00f3ia?<\/h2>\n<p>No cora\u00e7\u00e3o das atividades tur\u00edsticas, \u00c1guas de Lind\u00f3ia apresenta uma gama de op\u00e7\u00f5es para todos os p\u00fablicos. Entre os passeios, destacam-se:<\/p>\n<ul>\n<li><strong>Passeio de Barco:<\/strong> Navegar pelo Lago do Amor \u00e9 uma experi\u00eancia \u00fanica, com vistas panor\u00e2micas da \u00e1rea.<\/li>\n<li><strong>Visitas a Vin\u00edcolas:<\/strong> Na regi\u00e3o, esteiras de vin\u00edcolas oferecem degusta\u00e7\u00e3o de vinhos locais, uma \u00f3tima maneira de relaxar.<\/li>\n<li><strong>Trilhas e Excurs\u00f5es:<\/strong> A cidade possui diversas trilhas para caminhadas, incluindo roteiros mais desafiadores, apropriados para os amantes do trekking.<\/li>\n<li><strong>Atividades Aqu\u00e1ticas:<\/strong> O lago tamb\u00e9m permite atividades como stand-up paddle e caiaque, proporcionando divers\u00e3o para toda a fam\u00edlia.<\/li>\n<\/ul>\n<p>Essa diversidade garante op\u00e7\u00f5es para todos os gostos e idades.<\/p>\n<p><img decoding=\"async\" src=\"https:\/\/www.encontrabomretiro.com.br\/sobre\/wp-content\/uploads\/2026\/08\/festival-da-cultura-coreana-reune-gastronomia-musica-e-danca-em-sao-paulo.webp\" alt=\"O melhor de \u00c1guas de Lind\u00f3ia para um fim de semana\" loading=\"lazy\" \/><\/p>\n<h2>Gastronomia Local: O Que Experimentar<\/h2>\n<p>A gastronomia de \u00c1guas de Lind\u00f3ia reflete a influ\u00eancia de diversas culturas e \u00e9 um dos pontos altos da visita. Experimente:<\/p>\n<ul>\n<li><strong>Truta Grelhada:<\/strong> Prato t\u00edpico da regi\u00e3o, a truta \u00e9 fresquinha e deliciosa, preparada com ervas locais.<\/li>\n<li><strong>Polenta com Ragu:<\/strong> Uma refei\u00e7\u00e3o reconfortante, ideal para o clima ameno da serra.<\/li>\n<li><strong>Queijos Artesanais:<\/strong> N\u00e3o perca a chance de apreciar queijos feitos por produtores locais, que s\u00e3o verdadeiras iguarias.<\/li>\n<li><strong>Bebidas T\u00edpicas:<\/strong> Experimente a cacha\u00e7a produzida na regi\u00e3o ou um bom vinho, resultado das vin\u00edcolas locais.<\/li>\n<\/ul>\n<p>Os restaurantes e caf\u00e9s que pontilham a cidade oferecem esses e outros pratos deliciosos, tornando cada refei\u00e7\u00e3o uma experi\u00eancia inesquec\u00edvel.<\/p>\n<h2>Os Melhores Hot\u00e9is e Pousadas<\/h2>\n<p>Quando se trata de hospedagem, \u00c1guas de Lind\u00f3ia tem diversas op\u00e7\u00f5es que atendem a diferentes estilos e or\u00e7amentos. As melhores escolhas incluem:<\/p>\n<ul>\n<li><strong>Hotel Monte Real:<\/strong> Oferece infraestrutura completa com spa e v\u00e1rias op\u00e7\u00f5es de lazer.<\/li>\n<li><strong>Pousada do Parque:<\/strong> Charmosa e acolhedora, ideal para casais em busca de um retiro rom\u00e2ntico.<\/li>\n<li><strong>Recanto da Paz:<\/strong> Uma op\u00e7\u00e3o familiar, com atividades para crian\u00e7as e proximidade das principais atra\u00e7\u00f5es.<\/li>\n<li><strong>Hotel Fazenda \u00c1gua da Prata:<\/strong> Perfeito para quem procura um contato mais direto com a natureza.<\/li>\n<\/ul>\n<p>O conjunto dessas op\u00e7\u00f5es garante conforto e qualidade para sua estadia.<\/p>\n<h2>Atividades para toda a Fam\u00edlia em \u00c1guas de Lind\u00f3ia<\/h2>\n<p>\u00c1guas de Lind\u00f3ia \u00e9 um destino que proporciona experi\u00eancias memor\u00e1veis para todas as idades. Veja algumas atividades familiares:<\/p>\n<ul>\n<li><strong>Parque dos Beija-Flores:<\/strong> Um espa\u00e7o encantador onde as crian\u00e7as podem ver de perto essas aves coloridas.<\/li>\n<li><strong>Visita ao Aqu\u00e1rio:<\/strong> Uma atra\u00e7\u00e3o educativa que fascina tanto os pequenos quanto os adultos.<\/li>\n<li><strong>Passeios a Cavalo:<\/strong> Explore a regi\u00e3o de uma maneira diferente, com trilhas espec\u00edficas para passeios a cavalo.<\/li>\n<li><strong>Feiras de Artesanato:<\/strong> Uma oportunidade de adquirir souvenirs feitos \u00e0 m\u00e3o por artes\u00e3os locais.<\/li>\n<\/ul>\n<p>Essas atra\u00e7\u00f5es fazem de \u00c1guas de Lind\u00f3ia um destino ideal para viagens em fam\u00edlia.<\/p>\n<h2>Relaxamento nas \u00c1guas Termais<\/h2>\n<p>Uma das maiores atra\u00e7\u00f5es da cidade s\u00e3o suas \u00e1guas termais, conhecidas por suas propriedades curativas. Os principais pontos de visita\u00e7\u00e3o incluem:<\/p>\n<ul>\n<li><strong>Termas de \u00c1guas de Lind\u00f3ia:<\/strong> Oferece banhos relaxantes e tratamentos de beleza.<\/li>\n<li><strong>Piscinas Naturais:<\/strong> Locais que aproveitam a \u00e1gua mineral em meio \u00e0 natureza, proporcionando um verdadeiro descanso.<\/li>\n<\/ul>\n<p>Esses espa\u00e7os s\u00e3o perfeitos para quem busca momentos de tranquilidade e recupera\u00e7\u00e3o do corpo e da mente.<\/p>\n<h2>Passeios Imperd\u00edveis na Regi\u00e3o<\/h2>\n<p>N\u00e3o se limite apenas \u00e0 cidade; explore as redondezas com outros passeios que tamb\u00e9m merecem destaque:<\/p>\n<ul>\n<li><strong>Visita ao Cristo Redentor:<\/strong> Uma das mais conhecidas imagens em Rampa, que oferece uma vista panor\u00e2mica da regi\u00e3o.<\/li>\n<li><strong>P\u00f4r do Sol no Mirante:<\/strong> Os mirantes s\u00e3o ideais para ver o sol se p\u00f4r em cen\u00e1rios apaixonantes.<\/li>\n<li><strong>Caminhada na Serra da Mantiqueira:<\/strong> Rota que proporciona a conex\u00e3o com a natureza e vistas de tirar o f\u00f4lego.<\/li>\n<\/ul>\n<p>Essas s\u00e3o experi\u00eancias que realizam o desejo de aventuras em meio \u00e0 natureza.<\/p>\n<h2>Eventos e Festivais na Cidade<\/h2>\n<p>\u00c1guas de Lind\u00f3ia \u00e9 palco de festivais e eventos anuais que sempre atraem visitantes. Alguns dos mais populares incluem:<\/p>\n<ul>\n<li><strong>Festival de Inverno:<\/strong> Um evento cultural que re\u00fane m\u00fasica, dan\u00e7a e gastronomia.<\/li>\n<li><strong>Festa do Pe\u00e3o:<\/strong> Celebra\u00e7\u00e3o t\u00edpica que revive a cultura com rodeios e apresenta\u00e7\u00f5es.<\/li>\n<li><strong>Feira de Artesanato:<\/strong> Periodicamente, artes\u00e3os locais exp\u00f5em e vendem suas cria\u00e7\u00f5es.<\/li>\n<\/ul>\n<p>Esses eventos enriquecem ainda mais a experi\u00eancia dos turistas, promovendo intera\u00e7\u00f5es com a cultura local.<\/p>\n<h2>Dicas de Transporte e Acesso<\/h2>\n<p>Chegar a \u00c1guas de Lind\u00f3ia \u00e9 simples, e algumas informa\u00e7\u00f5es podem facilitar sua viagem:<\/p>\n<ul>\n<li><strong>Carro:<\/strong> Acesso pela Rodovia dos Bandeirantes e subsequentemente pela SP-340 \u00e9 a maneira mais pr\u00e1tica.<\/li>\n<li><strong>\u00d4nibus:<\/strong> V\u00e1rias companhias oferecem linhas diretas para a cidade, partindo de S\u00e3o Paulo e de outras regi\u00f5es pr\u00f3ximas.<\/li>\n<li><strong>Transporte P\u00fablico:<\/strong> Uma vez na cidade, \u00f4nibus e servi\u00e7os de t\u00e1xi est\u00e3o dispon\u00edveis para transportes internos.<\/li>\n<\/ul>\n<p>Com essas alternativas, \u00e9 f\u00e1cil se deslocar e aproveitar ao m\u00e1ximo a cidade e arredores.<\/p>\n<h2>O Que Levar para um Fim de Semana em \u00c1guas de Lind\u00f3ia<\/h2>\n<p>Preparar-se para uma viagem \u00e9 essencial, e aqui est\u00e3o algumas dicas sobre o que levar:<\/p>\n<ul>\n<li><strong>Roupas Confort\u00e1veis:<\/strong> Leve roupas adequadas para atividades ao ar livre e clima da serra.<\/li>\n<li><strong>Protetor Solar:<\/strong> Mesmo em dias nublados, \u00e9 importante proteger a pele durante as atividades ao ar livre.<\/li>\n<li><strong>Cal\u00e7ados Apropriados:<\/strong> Para caminhadas e passeios, invista em sapatos confort\u00e1veis.<\/li>\n<li><strong>C\u00e2mera ou Smartphone:<\/strong> Para capturar os momentos especiais e as paisagens deslumbrantes.<\/li>\n<\/ul>\n<p>Com esses itens, sua experi\u00eancia em \u00c1guas de Lind\u00f3ia ser\u00e1 ainda mais agrad\u00e1vel e memor\u00e1vel.<\/p>\n\n<div style=\"font-size: 0px; height: 0px; line-height: 0px; margin: 0; padding: 0; clear: both;\"><\/div>","protected":false},"excerpt":{"rendered":"<p>O melhor de \u00c1guas de Lind\u00f3ia para um fim de semana relaxante e divertido.<\/p>\n","protected":false},"author":1,"featured_media":3268,"comment_status":"open","ping_status":"closed","sticky":false,"template":"","format":"standard","meta":{"footnotes":""},"categories":[17],"tags":[],"class_list":["post-3269","post","type-post","status-publish","format-standard","has-post-thumbnail","hentry","category-cultura-no-bom-retiro","has_thumb"],"aioseo_notices":[],"aioseo_head":"\n\t\t<!-- All in One SEO 5.0.0.1 - aioseo.com -->\n\t<meta name=\"description\" content=\"O melhor de \u00c1guas de Lind\u00f3ia para um fim de semana relaxante e divertido.\" \/>\n\t<meta name=\"robots\" content=\"max-image-preview:large\" \/>\n\t<meta name=\"author\" content=\"Encontra Bom Retiro\"\/>\n\t<link rel=\"canonical\" href=\"https:\/\/www.encontrabomretiro.com.br\/sobre\/festival-da-cultura-coreana-reune-gastronomia-musica-e-danca-em-sao-paulo\/\" \/>\n\t<meta name=\"generator\" content=\"All in One SEO (AIOSEO) 5.0.0.1\" \/>\n\t\t<meta property=\"og:locale\" content=\"pt_BR\" \/>\n\t\t<meta property=\"og:site_name\" content=\"Encontra Bom Retiro | Not\u00edcias, eventos, informa\u00e7\u00f5es e dicas no bairro do Bom Retiro e regi\u00e3o.\" \/>\n\t\t<meta property=\"og:type\" content=\"article\" \/>\n\t\t<meta property=\"og:title\" content=\"Festival da Cultura Coreana re\u00fane gastronomia, m\u00fasica e dan\u00e7a em S\u00e3o Paulo | Encontra Bom Retiro\" \/>\n\t\t<meta property=\"og:description\" content=\"O melhor de \u00c1guas de Lind\u00f3ia para um fim de semana relaxante e divertido.\" \/>\n\t\t<meta property=\"og:url\" content=\"https:\/\/www.encontrabomretiro.com.br\/sobre\/festival-da-cultura-coreana-reune-gastronomia-musica-e-danca-em-sao-paulo\/\" \/>\n\t\t<meta property=\"article:published_time\" content=\"2026-08-11T06:38:03+00:00\" \/>\n\t\t<meta property=\"article:modified_time\" content=\"2026-08-11T06:38:03+00:00\" \/>\n\t\t<meta name=\"twitter:card\" content=\"summary_large_image\" \/>\n\t\t<meta name=\"twitter:title\" content=\"Festival da Cultura Coreana re\u00fane gastronomia, m\u00fasica e dan\u00e7a em S\u00e3o Paulo | Encontra Bom Retiro\" \/>\n\t\t<meta name=\"twitter:description\" content=\"O melhor de \u00c1guas de Lind\u00f3ia para um fim de semana relaxante e divertido.\" \/>\n\t\t<script type=\"application\/ld+json\" class=\"aioseo-schema\">\n\t\t\t{\"@context\":\"https:\\\/\\\/schema.org\",\"@graph\":[{\"@type\":\"Article\",\"@id\":\"https:\\\/\\\/www.encontrabomretiro.com.br\\\/sobre\\\/festival-da-cultura-coreana-reune-gastronomia-musica-e-danca-em-sao-paulo\\\/#article\",\"name\":\"Festival da Cultura Coreana re\\u00fane gastronomia, m\\u00fasica e dan\\u00e7a em S\\u00e3o Paulo | Encontra Bom Retiro\",\"headline\":\"Festival da Cultura Coreana re\\u00fane gastronomia, m\\u00fasica e dan\\u00e7a em S\\u00e3o Paulo\",\"author\":{\"@id\":\"https:\\\/\\\/www.encontrabomretiro.com.br\\\/sobre\\\/author\\\/ebomretiro\\\/#author\"},\"publisher\":{\"@id\":\"https:\\\/\\\/www.encontrabomretiro.com.br\\\/sobre\\\/#organization\"},\"image\":{\"@type\":\"ImageObject\",\"url\":\"https:\\\/\\\/www.encontrabomretiro.com.br\\\/sobre\\\/wp-content\\\/uploads\\\/2026\\\/08\\\/festival-da-cultura-coreana-reune-gastronomia-musica-e-danca-em-sao-paulo.webp\",\"width\":280,\"height\":280,\"caption\":\"O melhor de \\u00c1guas de Lind\\u00f3ia para um fim de semana\"},\"datePublished\":\"2026-08-11T04:38:03-02:00\",\"dateModified\":\"2026-08-11T04:38:03-02:00\",\"inLanguage\":\"pt-BR\",\"mainEntityOfPage\":{\"@id\":\"https:\\\/\\\/www.encontrabomretiro.com.br\\\/sobre\\\/festival-da-cultura-coreana-reune-gastronomia-musica-e-danca-em-sao-paulo\\\/#webpage\"},\"isPartOf\":{\"@id\":\"https:\\\/\\\/www.encontrabomretiro.com.br\\\/sobre\\\/festival-da-cultura-coreana-reune-gastronomia-musica-e-danca-em-sao-paulo\\\/#webpage\"},\"articleSection\":\"Cultura Bom Retiro\"},{\"@type\":\"BreadcrumbList\",\"@id\":\"https:\\\/\\\/www.encontrabomretiro.com.br\\\/sobre\\\/festival-da-cultura-coreana-reune-gastronomia-musica-e-danca-em-sao-paulo\\\/#breadcrumblist\",\"itemListElement\":[{\"@type\":\"ListItem\",\"@id\":\"https:\\\/\\\/www.encontrabomretiro.com.br\\\/sobre#listItem\",\"position\":1,\"name\":\"Dom\\u00e9stica\",\"item\":\"https:\\\/\\\/www.encontrabomretiro.com.br\\\/sobre\",\"nextItem\":{\"@type\":\"ListItem\",\"@id\":\"https:\\\/\\\/www.encontrabomretiro.com.br\\\/sobre\\\/cultura-no-bom-retiro\\\/#listItem\",\"name\":\"Cultura Bom Retiro\"}},{\"@type\":\"ListItem\",\"@id\":\"https:\\\/\\\/www.encontrabomretiro.com.br\\\/sobre\\\/cultura-no-bom-retiro\\\/#listItem\",\"position\":2,\"name\":\"Cultura Bom Retiro\",\"item\":\"https:\\\/\\\/www.encontrabomretiro.com.br\\\/sobre\\\/cultura-no-bom-retiro\\\/\",\"nextItem\":{\"@type\":\"ListItem\",\"@id\":\"https:\\\/\\\/www.encontrabomretiro.com.br\\\/sobre\\\/festival-da-cultura-coreana-reune-gastronomia-musica-e-danca-em-sao-paulo\\\/#listItem\",\"name\":\"Festival da Cultura Coreana re\\u00fane gastronomia, m\\u00fasica e dan\\u00e7a em S\\u00e3o Paulo\"},\"previousItem\":{\"@type\":\"ListItem\",\"@id\":\"https:\\\/\\\/www.encontrabomretiro.com.br\\\/sobre#listItem\",\"name\":\"Dom\\u00e9stica\"}},{\"@type\":\"ListItem\",\"@id\":\"https:\\\/\\\/www.encontrabomretiro.com.br\\\/sobre\\\/festival-da-cultura-coreana-reune-gastronomia-musica-e-danca-em-sao-paulo\\\/#listItem\",\"position\":3,\"name\":\"Festival da Cultura Coreana re\\u00fane gastronomia, m\\u00fasica e dan\\u00e7a em S\\u00e3o Paulo\",\"previousItem\":{\"@type\":\"ListItem\",\"@id\":\"https:\\\/\\\/www.encontrabomretiro.com.br\\\/sobre\\\/cultura-no-bom-retiro\\\/#listItem\",\"name\":\"Cultura Bom Retiro\"}}]},{\"@type\":\"Organization\",\"@id\":\"https:\\\/\\\/www.encontrabomretiro.com.br\\\/sobre\\\/#organization\",\"name\":\"Encontra Bom Retiro\",\"description\":\"Not\\u00edcias, eventos, informa\\u00e7\\u00f5es e dicas no bairro do Bom Retiro e regi\\u00e3o.\",\"url\":\"https:\\\/\\\/www.encontrabomretiro.com.br\\\/sobre\\\/\"},{\"@type\":\"Person\",\"@id\":\"https:\\\/\\\/www.encontrabomretiro.com.br\\\/sobre\\\/author\\\/ebomretiro\\\/#author\",\"url\":\"https:\\\/\\\/www.encontrabomretiro.com.br\\\/sobre\\\/author\\\/ebomretiro\\\/\",\"name\":\"Encontra Bom Retiro\",\"image\":{\"@type\":\"ImageObject\",\"@id\":\"https:\\\/\\\/www.encontrabomretiro.com.br\\\/sobre\\\/festival-da-cultura-coreana-reune-gastronomia-musica-e-danca-em-sao-paulo\\\/#authorImage\",\"url\":\"https:\\\/\\\/secure.gravatar.com\\\/avatar\\\/507340682b8270222e1f208e23198b6ae7e2c6a1033ae84e99bc6bce4f82a387?s=96&d=mm&r=g\",\"width\":96,\"height\":96,\"caption\":\"Encontra Bom Retiro\"}},{\"@type\":\"WebPage\",\"@id\":\"https:\\\/\\\/www.encontrabomretiro.com.br\\\/sobre\\\/festival-da-cultura-coreana-reune-gastronomia-musica-e-danca-em-sao-paulo\\\/#webpage\",\"url\":\"https:\\\/\\\/www.encontrabomretiro.com.br\\\/sobre\\\/festival-da-cultura-coreana-reune-gastronomia-musica-e-danca-em-sao-paulo\\\/\",\"name\":\"Festival da Cultura Coreana re\\u00fane gastronomia, m\\u00fasica e dan\\u00e7a em S\\u00e3o Paulo | Encontra Bom Retiro\",\"description\":\"O melhor de \\u00c1guas de Lind\\u00f3ia para um fim de semana relaxante e divertido.\",\"inLanguage\":\"pt-BR\",\"isPartOf\":{\"@id\":\"https:\\\/\\\/www.encontrabomretiro.com.br\\\/sobre\\\/#website\"},\"breadcrumb\":{\"@id\":\"https:\\\/\\\/www.encontrabomretiro.com.br\\\/sobre\\\/festival-da-cultura-coreana-reune-gastronomia-musica-e-danca-em-sao-paulo\\\/#breadcrumblist\"},\"author\":{\"@id\":\"https:\\\/\\\/www.encontrabomretiro.com.br\\\/sobre\\\/author\\\/ebomretiro\\\/#author\"},\"creator\":{\"@id\":\"https:\\\/\\\/www.encontrabomretiro.com.br\\\/sobre\\\/author\\\/ebomretiro\\\/#author\"},\"image\":{\"@type\":\"ImageObject\",\"url\":\"https:\\\/\\\/www.encontrabomretiro.com.br\\\/sobre\\\/wp-content\\\/uploads\\\/2026\\\/08\\\/festival-da-cultura-coreana-reune-gastronomia-musica-e-danca-em-sao-paulo.webp\",\"@id\":\"https:\\\/\\\/www.encontrabomretiro.com.br\\\/sobre\\\/festival-da-cultura-coreana-reune-gastronomia-musica-e-danca-em-sao-paulo\\\/#mainImage\",\"width\":280,\"height\":280,\"caption\":\"O melhor de \\u00c1guas de Lind\\u00f3ia para um fim de semana\"},\"primaryImageOfPage\":{\"@id\":\"https:\\\/\\\/www.encontrabomretiro.com.br\\\/sobre\\\/festival-da-cultura-coreana-reune-gastronomia-musica-e-danca-em-sao-paulo\\\/#mainImage\"},\"datePublished\":\"2026-08-11T04:38:03-02:00\",\"dateModified\":\"2026-08-11T04:38:03-02:00\"},{\"@type\":\"WebSite\",\"@id\":\"https:\\\/\\\/www.encontrabomretiro.com.br\\\/sobre\\\/#website\",\"url\":\"https:\\\/\\\/www.encontrabomretiro.com.br\\\/sobre\\\/\",\"name\":\"Encontra Bom Retiro\",\"description\":\"Not\\u00edcias, eventos, informa\\u00e7\\u00f5es e dicas no bairro do Bom Retiro e regi\\u00e3o.\",\"inLanguage\":\"pt-BR\",\"publisher\":{\"@id\":\"https:\\\/\\\/www.encontrabomretiro.com.br\\\/sobre\\\/#organization\"}}]}\n\t\t<\/script>\n\t\t<!-- All in One SEO -->\n\n","aioseo_head_json":{"title":"Festival da Cultura Coreana re\u00fane gastronomia, m\u00fasica e dan\u00e7a em S\u00e3o Paulo | Encontra Bom Retiro","description":"O melhor de \u00c1guas de Lind\u00f3ia para um fim de semana relaxante e divertido.","canonical_url":"https:\/\/www.encontrabomretiro.com.br\/sobre\/festival-da-cultura-coreana-reune-gastronomia-musica-e-danca-em-sao-paulo\/","robots":"max-image-preview:large","keywords":"","webmasterTools":{"miscellaneous":""},"schema":{"@context":"https:\/\/schema.org","@graph":[{"@type":"Article","@id":"https:\/\/www.encontrabomretiro.com.br\/sobre\/festival-da-cultura-coreana-reune-gastronomia-musica-e-danca-em-sao-paulo\/#article","name":"Festival da Cultura Coreana re\u00fane gastronomia, m\u00fasica e dan\u00e7a em S\u00e3o Paulo | Encontra Bom Retiro","headline":"Festival da Cultura Coreana re\u00fane gastronomia, m\u00fasica e dan\u00e7a em S\u00e3o Paulo","author":{"@id":"https:\/\/www.encontrabomretiro.com.br\/sobre\/author\/ebomretiro\/#author"},"publisher":{"@id":"https:\/\/www.encontrabomretiro.com.br\/sobre\/#organization"},"image":{"@type":"ImageObject","url":"https:\/\/www.encontrabomretiro.com.br\/sobre\/wp-content\/uploads\/2026\/08\/festival-da-cultura-coreana-reune-gastronomia-musica-e-danca-em-sao-paulo.webp","width":280,"height":280,"caption":"O melhor de \u00c1guas de Lind\u00f3ia para um fim de semana"},"datePublished":"2026-08-11T04:38:03-02:00","dateModified":"2026-08-11T04:38:03-02:00","inLanguage":"pt-BR","mainEntityOfPage":{"@id":"https:\/\/www.encontrabomretiro.com.br\/sobre\/festival-da-cultura-coreana-reune-gastronomia-musica-e-danca-em-sao-paulo\/#webpage"},"isPartOf":{"@id":"https:\/\/www.encontrabomretiro.com.br\/sobre\/festival-da-cultura-coreana-reune-gastronomia-musica-e-danca-em-sao-paulo\/#webpage"},"articleSection":"Cultura Bom Retiro"},{"@type":"BreadcrumbList","@id":"https:\/\/www.encontrabomretiro.com.br\/sobre\/festival-da-cultura-coreana-reune-gastronomia-musica-e-danca-em-sao-paulo\/#breadcrumblist","itemListElement":[{"@type":"ListItem","@id":"https:\/\/www.encontrabomretiro.com.br\/sobre#listItem","position":1,"name":"Dom\u00e9stica","item":"https:\/\/www.encontrabomretiro.com.br\/sobre","nextItem":{"@type":"ListItem","@id":"https:\/\/www.encontrabomretiro.com.br\/sobre\/cultura-no-bom-retiro\/#listItem","name":"Cultura Bom Retiro"}},{"@type":"ListItem","@id":"https:\/\/www.encontrabomretiro.com.br\/sobre\/cultura-no-bom-retiro\/#listItem","position":2,"name":"Cultura Bom Retiro","item":"https:\/\/www.encontrabomretiro.com.br\/sobre\/cultura-no-bom-retiro\/","nextItem":{"@type":"ListItem","@id":"https:\/\/www.encontrabomretiro.com.br\/sobre\/festival-da-cultura-coreana-reune-gastronomia-musica-e-danca-em-sao-paulo\/#listItem","name":"Festival da Cultura Coreana re\u00fane gastronomia, m\u00fasica e dan\u00e7a em S\u00e3o Paulo"},"previousItem":{"@type":"ListItem","@id":"https:\/\/www.encontrabomretiro.com.br\/sobre#listItem","name":"Dom\u00e9stica"}},{"@type":"ListItem","@id":"https:\/\/www.encontrabomretiro.com.br\/sobre\/festival-da-cultura-coreana-reune-gastronomia-musica-e-danca-em-sao-paulo\/#listItem","position":3,"name":"Festival da Cultura Coreana re\u00fane gastronomia, m\u00fasica e dan\u00e7a em S\u00e3o Paulo","previousItem":{"@type":"ListItem","@id":"https:\/\/www.encontrabomretiro.com.br\/sobre\/cultura-no-bom-retiro\/#listItem","name":"Cultura Bom Retiro"}}]},{"@type":"Organization","@id":"https:\/\/www.encontrabomretiro.com.br\/sobre\/#organization","name":"Encontra Bom Retiro","description":"Not\u00edcias, eventos, informa\u00e7\u00f5es e dicas no bairro do Bom Retiro e regi\u00e3o.","url":"https:\/\/www.encontrabomretiro.com.br\/sobre\/"},{"@type":"Person","@id":"https:\/\/www.encontrabomretiro.com.br\/sobre\/author\/ebomretiro\/#author","url":"https:\/\/www.encontrabomretiro.com.br\/sobre\/author\/ebomretiro\/","name":"Encontra Bom Retiro","image":{"@type":"ImageObject","@id":"https:\/\/www.encontrabomretiro.com.br\/sobre\/festival-da-cultura-coreana-reune-gastronomia-musica-e-danca-em-sao-paulo\/#authorImage","url":"https:\/\/secure.gravatar.com\/avatar\/507340682b8270222e1f208e23198b6ae7e2c6a1033ae84e99bc6bce4f82a387?s=96&d=mm&r=g","width":96,"height":96,"caption":"Encontra Bom Retiro"}},{"@type":"WebPage","@id":"https:\/\/www.encontrabomretiro.com.br\/sobre\/festival-da-cultura-coreana-reune-gastronomia-musica-e-danca-em-sao-paulo\/#webpage","url":"https:\/\/www.encontrabomretiro.com.br\/sobre\/festival-da-cultura-coreana-reune-gastronomia-musica-e-danca-em-sao-paulo\/","name":"Festival da Cultura Coreana re\u00fane gastronomia, m\u00fasica e dan\u00e7a em S\u00e3o Paulo | Encontra Bom Retiro","description":"O melhor de \u00c1guas de Lind\u00f3ia para um fim de semana relaxante e divertido.","inLanguage":"pt-BR","isPartOf":{"@id":"https:\/\/www.encontrabomretiro.com.br\/sobre\/#website"},"breadcrumb":{"@id":"https:\/\/www.encontrabomretiro.com.br\/sobre\/festival-da-cultura-coreana-reune-gastronomia-musica-e-danca-em-sao-paulo\/#breadcrumblist"},"author":{"@id":"https:\/\/www.encontrabomretiro.com.br\/sobre\/author\/ebomretiro\/#author"},"creator":{"@id":"https:\/\/www.encontrabomretiro.com.br\/sobre\/author\/ebomretiro\/#author"},"image":{"@type":"ImageObject","url":"https:\/\/www.encontrabomretiro.com.br\/sobre\/wp-content\/uploads\/2026\/08\/festival-da-cultura-coreana-reune-gastronomia-musica-e-danca-em-sao-paulo.webp","@id":"https:\/\/www.encontrabomretiro.com.br\/sobre\/festival-da-cultura-coreana-reune-gastronomia-musica-e-danca-em-sao-paulo\/#mainImage","width":280,"height":280,"caption":"O melhor de \u00c1guas de Lind\u00f3ia para um fim de semana"},"primaryImageOfPage":{"@id":"https:\/\/www.encontrabomretiro.com.br\/sobre\/festival-da-cultura-coreana-reune-gastronomia-musica-e-danca-em-sao-paulo\/#mainImage"},"datePublished":"2026-08-11T04:38:03-02:00","dateModified":"2026-08-11T04:38:03-02:00"},{"@type":"WebSite","@id":"https:\/\/www.encontrabomretiro.com.br\/sobre\/#website","url":"https:\/\/www.encontrabomretiro.com.br\/sobre\/","name":"Encontra Bom Retiro","description":"Not\u00edcias, eventos, informa\u00e7\u00f5es e dicas no bairro do Bom Retiro e regi\u00e3o.","inLanguage":"pt-BR","publisher":{"@id":"https:\/\/www.encontrabomretiro.com.br\/sobre\/#organization"}}]},"og:locale":"pt_BR","og:site_name":"Encontra Bom Retiro | Not\u00edcias, eventos, informa\u00e7\u00f5es e dicas no bairro do Bom Retiro e regi\u00e3o.","og:type":"article","og:title":"Festival da Cultura Coreana re\u00fane gastronomia, m\u00fasica e dan\u00e7a em S\u00e3o Paulo | Encontra Bom Retiro","og:description":"O melhor de \u00c1guas de Lind\u00f3ia para um fim de semana relaxante e divertido.","og:url":"https:\/\/www.encontrabomretiro.com.br\/sobre\/festival-da-cultura-coreana-reune-gastronomia-musica-e-danca-em-sao-paulo\/","article:published_time":"2026-08-11T06:38:03+00:00","article:modified_time":"2026-08-11T06:38:03+00:00","twitter:card":"summary_large_image","twitter:title":"Festival da Cultura Coreana re\u00fane gastronomia, m\u00fasica e dan\u00e7a em S\u00e3o Paulo | Encontra Bom Retiro","twitter:description":"O melhor de \u00c1guas de Lind\u00f3ia para um fim de semana relaxante e divertido."},"aioseo_meta_data":{"post_id":"3269","title":null,"description":null,"keywords":null,"keyphrases":null,"primary_term":null,"canonical_url":null,"og_title":null,"og_description":null,"og_object_type":"default","og_image_type":"default","og_image_url":null,"og_image_width":null,"og_image_height":null,"og_image_custom_url":null,"og_image_custom_fields":null,"og_video":null,"og_custom_url":null,"og_article_section":null,"og_article_tags":null,"twitter_use_og":false,"twitter_card":"default","twitter_image_type":"default","twitter_image_url":null,"twitter_image_custom_url":null,"twitter_image_custom_fields":null,"twitter_title":null,"twitter_description":null,"schema":{"blockGraphs":[],"customGraphs":[],"default":{"data":{"Article":[],"Course":[],"Dataset":[],"FAQPage":[],"Movie":[],"Person":[],"Product":[],"ProductReview":[],"Car":[],"Recipe":[],"Service":[],"SoftwareApplication":[],"WebPage":[]},"graphName":"Article","isEnabled":true},"graphs":[]},"schema_type":"default","schema_type_options":null,"pillar_content":false,"robots_default":true,"robots_noindex":false,"robots_noarchive":false,"robots_nosnippet":false,"robots_nofollow":false,"robots_noimageindex":false,"robots_noodp":false,"robots_notranslate":false,"robots_max_snippet":null,"robots_max_videopreview":null,"robots_max_imagepreview":"large","priority":null,"frequency":null,"local_seo":null,"breadcrumb_settings":null,"limit_modified_date":false,"ai":null,"created":"2026-08-11 06:38:03","updated":"2026-08-11 07:40:14","focus_keyword":null,"additional_keywords":null,"truseo_locale":null,"seo_analyzer_scan_date":null},"aioseo_breadcrumb":"<div class=\"aioseo-breadcrumbs\"><span class=\"aioseo-breadcrumb\">\n\t\t\t<a href=\"https:\/\/www.encontrabomretiro.com.br\/sobre\" title=\"Dom\u00e9stica\">Dom\u00e9stica<\/a>\n\t\t<\/span><span class=\"aioseo-breadcrumb-separator\">&raquo;<\/span><span class=\"aioseo-breadcrumb\">\n\t\t\t<a href=\"https:\/\/www.encontrabomretiro.com.br\/sobre\/cultura-no-bom-retiro\/\" title=\"Cultura Bom Retiro\">Cultura Bom Retiro<\/a>\n\t\t<\/span><span class=\"aioseo-breadcrumb-separator\">&raquo;<\/span><span class=\"aioseo-breadcrumb\">\n\t\t\tFestival da Cultura Coreana re\u00fane gastronomia, m\u00fasica e dan\u00e7a em S\u00e3o Paulo\n\t\t<\/span><\/div>","aioseo_breadcrumb_json":[{"label":"Dom\u00e9stica","link":"https:\/\/www.encontrabomretiro.com.br\/sobre"},{"label":"Cultura Bom Retiro","link":"https:\/\/www.encontrabomretiro.com.br\/sobre\/cultura-no-bom-retiro\/"},{"label":"Festival da Cultura Coreana re\u00fane gastronomia, m\u00fasica e dan\u00e7a em S\u00e3o Paulo","link":"https:\/\/www.encontrabomretiro.com.br\/sobre\/festival-da-cultura-coreana-reune-gastronomia-musica-e-danca-em-sao-paulo\/"}],"_links":{"self":[{"href":"https:\/\/www.encontrabomretiro.com.br\/sobre\/wp-json\/wp\/v2\/posts\/3269","targetHints":{"allow":["GET"]}}],"collection":[{"href":"https:\/\/www.encontrabomretiro.com.br\/sobre\/wp-json\/wp\/v2\/posts"}],"about":[{"href":"https:\/\/www.encontrabomretiro.com.br\/sobre\/wp-json\/wp\/v2\/types\/post"}],"author":[{"embeddable":true,"href":"https:\/\/www.encontrabomretiro.com.br\/sobre\/wp-json\/wp\/v2\/users\/1"}],"replies":[{"embeddable":true,"href":"https:\/\/www.encontrabomretiro.com.br\/sobre\/wp-json\/wp\/v2\/comments?post=3269"}],"version-history":[{"count":0,"href":"https:\/\/www.encontrabomretiro.com.br\/sobre\/wp-json\/wp\/v2\/posts\/3269\/revisions"}],"wp:featuredmedia":[{"embeddable":true,"href":"https:\/\/www.encontrabomretiro.com.br\/sobre\/wp-json\/wp\/v2\/media\/3268"}],"wp:attachment":[{"href":"https:\/\/www.encontrabomretiro.com.br\/sobre\/wp-json\/wp\/v2\/media?parent=3269"}],"wp:term":[{"taxonomy":"category","embeddable":true,"href":"https:\/\/www.encontrabomretiro.com.br\/sobre\/wp-json\/wp\/v2\/categories?post=3269"},{"taxonomy":"post_tag","embeddable":true,"href":"https:\/\/www.encontrabomretiro.com.br\/sobre\/wp-json\/wp\/v2\/tags?post=3269"}],"curies":[{"name":"wp","href":"https:\/\/api.w.org\/{rel}","templated":true}]}}