{"id":3236,"date":"2026-08-04T06:11:12","date_gmt":"2026-08-04T08:11:12","guid":{"rendered":"https:\/\/www.encontrabomretiro.com.br\/sobre\/vila-madalena-para-bar-bom-retiro-para-moda-veja-vocacao-dos-bairros-de-sp\/"},"modified":"2026-08-04T06:11:12","modified_gmt":"2026-08-04T08:11:12","slug":"vila-madalena-para-bar-bom-retiro-para-moda-veja-vocacao-dos-bairros-de-sp","status":"publish","type":"post","link":"https:\/\/www.encontrabomretiro.com.br\/sobre\/vila-madalena-para-bar-bom-retiro-para-moda-veja-vocacao-dos-bairros-de-sp\/","title":{"rendered":"Vila Madalena para bar, Bom Retiro para moda: veja voca\u00e7\u00e3o dos bairros de SP"},"content":{"rendered":"<div class=\"228b65ae207de3c5c501cfe75875708b\" data-index=\"1\" style=\"float: none; margin:0px;\">\n<!-- Anuncio display - global -->\r\n<ins class=\"adsbygoogle\"\r\n     style=\"display:block\"\r\n     data-ad-client=\"ca-pub-8585364105181520\"\r\n     data-ad-slot=\"8789329856\"\r\n     data-ad-format=\"auto\"\r\n     data-full-width-responsive=\"true\"><\/ins>\r\n<script>\r\n     (adsbygoogle = window.adsbygoogle || []).push({});\r\n<\/script>\n<\/div>\n<h2>A Nova Ferramenta de An\u00e1lise Comercial<\/h2>\n<p>No competitivo ambiente econ\u00f4mico de S\u00e3o Paulo, a escolha do local para um empreendimento pode ser decisiva para seu sucesso. Com o advento de ferramentas tecnol\u00f3gicas, a startup <strong>SuaQuadra<\/strong> desenvolveu um recurso inovador conhecido como <strong>Vocacional<\/strong>. Esta ferramenta utiliza intelig\u00eancia artificial para avaliar um vasto conjunto de dados, abrangendo cerca de <strong>8 mil im\u00f3veis comerciais<\/strong> na capital paulista. Analisando informa\u00e7\u00f5es relacionadas \u00e0 infraestrutura, caracter\u00edsticas demogr\u00e1ficas e fluxo de pessoas, a Vocacional identifica os bairros mais prop\u00edcios para diversos tipos de neg\u00f3cios, permitindo que empreendedores tomem decis\u00f5es baseadas em dados concretos, em vez de meras intui\u00e7\u00f5es.<\/p>\n<h2>Vila Madalena: Um Centro de Lazer e Gastronomia<\/h2>\n<p>A <strong>Vila Madalena<\/strong> \u00e9 amplamente conhecida por sua atmosfera vibrante e oferta diversificada de lazer e gastronomia. Com uma voca\u00e7\u00e3o forte para bares e locais de entretenimento, os dados indicam que essa regi\u00e3o possui uma adequa\u00e7\u00e3o para neg\u00f3cios do setor <strong>42 vezes superior<\/strong> \u00e0 m\u00e9dia da cidade. Esse cen\u00e1rio faz da Vila Madalena um ponto de atra\u00e7\u00e3o, especialmente para aqueles que desejam explorar o ramo de alimenta\u00e7\u00e3o e entretenimento.<\/p>\n<h2>Bom Retiro: O Para\u00edso da Moda<\/h2>\n<p>Mais ao centro da cidade, o <strong>Bom Retiro<\/strong> se destaca como um polo de moda em S\u00e3o Paulo. Com <strong>38%<\/strong> dos im\u00f3veis voltados para lojas de roupas, esse bairro \u00e9 um verdadeiro para\u00edso para profissionais do setor varejista. A concentra\u00e7\u00e3o de lojas nesse segmento \u00e9 quase dez vezes superior \u00e0 m\u00e9dia calculada para a cidade, tornando o Bom Retiro um local estrat\u00e9gico para os empreendedores do ramo da moda.<\/p>\n<p><img decoding=\"async\" src=\"https:\/\/www.encontrabomretiro.com.br\/sobre\/wp-content\/uploads\/2026\/08\/vila-madalena-para-bar-bom-retiro-para-moda-veja-vocacao-dos-bairros-de-sp.webp\" alt=\"voca\u00e7\u00e3o dos bairros de SP\" loading=\"lazy\" \/><\/p>\n<h2>Como Escolher o Local Ideal para Seu Neg\u00f3cio<\/h2>\n<p>A escolha do local certo para abrir um neg\u00f3cio \u00e9 uma das decis\u00f5es mais cr\u00edticas que um empreendedor pode tomar. A ferramenta Vocacional facilita esse processo, permitindo que os usu\u00e1rios explorem dados demogr\u00e1ficos, tend\u00eancias de mercado e caracter\u00edsticas de infraestrutura. <strong>Bruno Bartholi<\/strong>, cofundador da SuaQuadra, ressalta que essa abordagem modifica a forma como os empreendedores buscam por pontos comerciais, tornando a escolha mais orientada por estrat\u00e9gias.<\/p>\n<h2>A Import\u00e2ncia da Localiza\u00e7\u00e3o nos Neg\u00f3cios<\/h2>\n<p>Estudos mostram que a localiza\u00e7\u00e3o \u00e9 um dos principais fatores que determinam o sucesso ou fracasso de um neg\u00f3cio. De acordo com dados do IBGE, cerca de <strong>60%<\/strong> das novas empresas no Brasil encerram suas atividades nos primeiros cinco anos, sendo a escolha inadequada do ponto comercial um dos principais motivos listados para essa alta taxa de fal\u00eancia. Portanto, investimentos em ferramentas que proporcionam uma an\u00e1lise aprofundada e embasada s\u00e3o essenciais para a sustentabilidade empresarial.<\/p>\n<h2>Voca\u00e7\u00f5es Comerciais de Outros Bairros de SP<\/h2>\n<p>Al\u00e9m de Vila Madalena e Bom Retiro, a an\u00e1lise da SuaQuadra revela que outros bairros de S\u00e3o Paulo possuem voca\u00e7\u00f5es comerciais espec\u00edficas. Por exemplo:<\/p>\n<ul>\n<li><strong>Santa Efig\u00eania:<\/strong> Predomin\u00e2ncia do varejo, com <strong>78%<\/strong> dos im\u00f3veis indicados para uso de loja.<\/li>\n<li><strong>Itaim Bibi e Brooklin:<\/strong> Forte concentra\u00e7\u00e3o de im\u00f3veis adequados para escrit\u00f3rios, com at\u00e9 <strong>85%<\/strong> deles voltados para esse segmento.<\/li>\n<li><strong>Vila Mariana:<\/strong> Regi\u00f5es favor\u00e1veis para neg\u00f3cios de cuidados pessoais como cl\u00ednicas de est\u00e9tica.<\/li>\n<li><strong>Pinheiros:<\/strong> Um bairro vers\u00e1til, ideal para cafeterias, restaurantes e coworkings.<\/li>\n<\/ul>\n<h2>O Papel da Intelig\u00eancia Artificial no Imobili\u00e1rio<\/h2>\n<p>A crescente ado\u00e7\u00e3o de intelig\u00eancia artificial no setor imobili\u00e1rio tem permitido otimizar e transformar as decis\u00f5es de investimento. A tecnologia capacita a an\u00e1lise de imagens, plantas de im\u00f3veis e dados demogr\u00e1ficos, facilitando a identifica\u00e7\u00e3o de oportunidades. <strong>Pedro Donato<\/strong>, cofundador e CEO da SuaQuadra, explica que a intelig\u00eancia artificial \u00e9 capaz de combinar diferentes fatores, como acessibilidade e infraestrutura, com o perfil econ\u00f4mico da regi\u00e3o, resultando em recomenda\u00e7\u00f5es precisas.<\/p>\n<h2>Dados que Transformam a Decis\u00e3o Empresarial<\/h2>\n<p>A disponibiliza\u00e7\u00e3o de dados abrangentes e an\u00e1lises detalhadas proporciona aos empreendedores a base necess\u00e1ria para decidir sobre a localiza\u00e7\u00e3o de seus neg\u00f3cios. Gra\u00e7as a essa nova abordagem, \u00e9 poss\u00edvel validar hip\u00f3teses e evitar riscos, especialmente em um cen\u00e1rio onde a competitividade \u00e9 intensa. A ferramenta Vocacional representa uma evolu\u00e7\u00e3o importante na capacidade de an\u00e1lise do mercado.<\/p>\n<h2>Perspectivas para Empreendedores em S\u00e3o Paulo<\/h2>\n<p>Com o dilema da localiza\u00e7\u00e3o resolvido de maneira mais assertiva, empreendedores de S\u00e3o Paulo podem concentrar suas energias na execu\u00e7\u00e3o de estrat\u00e9gias comerciais. A implementa\u00e7\u00e3o da tecnologia para an\u00e1lise de im\u00f3veis promove um panorama positivo, favorecendo a identifica\u00e7\u00e3o de nichos e atendendo \u00e0s demandas do mercado de maneira eficaz. <\/p>\n<h2>A Evolu\u00e7\u00e3o do Com\u00e9rcio na Capital Paulista<\/h2>\n<p>S\u00e3o Paulo sempre foi um centro comercial de refer\u00eancia no Brasil, e com ferramentas como a Vocacional, esperamos observar uma nova fase de evolu\u00e7\u00e3o no comportamento empresarial. Cada bairro com suas peculiaridades n\u00e3o apenas atende demandas espec\u00edficas, mas tamb\u00e9m tra\u00e7a um retrato rico da cultura e da economia local. Ao adaptar-se \u00e0s novas realidades e possibilidades, os empreendedores t\u00eam a chance de prosperar e garantir a perenidade de seus neg\u00f3cios.<\/p>\n\n<div style=\"font-size: 0px; height: 0px; line-height: 0px; margin: 0; padding: 0; clear: both;\"><\/div>","protected":false},"excerpt":{"rendered":"<p>Descubra a voca\u00e7\u00e3o comercial de Vila Madalena e Bom Retiro em S\u00e3o Paulo.<\/p>\n","protected":false},"author":1,"featured_media":3235,"comment_status":"open","ping_status":"closed","sticky":false,"template":"","format":"standard","meta":{"footnotes":""},"categories":[24],"tags":[],"class_list":["post-3236","post","type-post","status-publish","format-standard","has-post-thumbnail","hentry","category-lugares-no-bom-retiro","has_thumb"],"aioseo_notices":[],"aioseo_head":"\n\t\t<!-- All in One SEO 5.0.0.1 - aioseo.com -->\n\t<meta name=\"description\" content=\"Descubra a voca\u00e7\u00e3o comercial de Vila Madalena e Bom Retiro em S\u00e3o Paulo.\" \/>\n\t<meta name=\"robots\" content=\"max-image-preview:large\" \/>\n\t<meta name=\"author\" content=\"Encontra Bom Retiro\"\/>\n\t<link rel=\"canonical\" href=\"https:\/\/www.encontrabomretiro.com.br\/sobre\/vila-madalena-para-bar-bom-retiro-para-moda-veja-vocacao-dos-bairros-de-sp\/\" \/>\n\t<meta name=\"generator\" content=\"All in One SEO (AIOSEO) 5.0.0.1\" \/>\n\t\t<meta property=\"og:locale\" content=\"pt_BR\" \/>\n\t\t<meta property=\"og:site_name\" content=\"Encontra Bom Retiro | Not\u00edcias, eventos, informa\u00e7\u00f5es e dicas no bairro do Bom Retiro e regi\u00e3o.\" \/>\n\t\t<meta property=\"og:type\" content=\"article\" \/>\n\t\t<meta property=\"og:title\" content=\"Vila Madalena para bar, Bom Retiro para moda: veja voca\u00e7\u00e3o dos bairros de SP | Encontra Bom Retiro\" \/>\n\t\t<meta property=\"og:description\" content=\"Descubra a voca\u00e7\u00e3o comercial de Vila Madalena e Bom Retiro em S\u00e3o Paulo.\" \/>\n\t\t<meta property=\"og:url\" content=\"https:\/\/www.encontrabomretiro.com.br\/sobre\/vila-madalena-para-bar-bom-retiro-para-moda-veja-vocacao-dos-bairros-de-sp\/\" \/>\n\t\t<meta property=\"article:published_time\" content=\"2026-08-04T08:11:12+00:00\" \/>\n\t\t<meta property=\"article:modified_time\" content=\"2026-08-04T08:11:12+00:00\" \/>\n\t\t<meta name=\"twitter:card\" content=\"summary_large_image\" \/>\n\t\t<meta name=\"twitter:title\" content=\"Vila Madalena para bar, Bom Retiro para moda: veja voca\u00e7\u00e3o dos bairros de SP | Encontra Bom Retiro\" \/>\n\t\t<meta name=\"twitter:description\" content=\"Descubra a voca\u00e7\u00e3o comercial de Vila Madalena e Bom Retiro em S\u00e3o Paulo.\" \/>\n\t\t<script type=\"application\/ld+json\" class=\"aioseo-schema\">\n\t\t\t{\"@context\":\"https:\\\/\\\/schema.org\",\"@graph\":[{\"@type\":\"Article\",\"@id\":\"https:\\\/\\\/www.encontrabomretiro.com.br\\\/sobre\\\/vila-madalena-para-bar-bom-retiro-para-moda-veja-vocacao-dos-bairros-de-sp\\\/#article\",\"name\":\"Vila Madalena para bar, Bom Retiro para moda: veja voca\\u00e7\\u00e3o dos bairros de SP | Encontra Bom Retiro\",\"headline\":\"Vila Madalena para bar, Bom Retiro para moda: veja voca\\u00e7\\u00e3o dos bairros de SP\",\"author\":{\"@id\":\"https:\\\/\\\/www.encontrabomretiro.com.br\\\/sobre\\\/author\\\/ebomretiro\\\/#author\"},\"publisher\":{\"@id\":\"https:\\\/\\\/www.encontrabomretiro.com.br\\\/sobre\\\/#organization\"},\"image\":{\"@type\":\"ImageObject\",\"url\":\"https:\\\/\\\/www.encontrabomretiro.com.br\\\/sobre\\\/wp-content\\\/uploads\\\/2026\\\/08\\\/vila-madalena-para-bar-bom-retiro-para-moda-veja-vocacao-dos-bairros-de-sp.webp\",\"width\":280,\"height\":280,\"caption\":\"voca\\u00e7\\u00e3o dos bairros de SP\"},\"datePublished\":\"2026-08-04T06:11:12-02:00\",\"dateModified\":\"2026-08-04T06:11:12-02:00\",\"inLanguage\":\"pt-BR\",\"mainEntityOfPage\":{\"@id\":\"https:\\\/\\\/www.encontrabomretiro.com.br\\\/sobre\\\/vila-madalena-para-bar-bom-retiro-para-moda-veja-vocacao-dos-bairros-de-sp\\\/#webpage\"},\"isPartOf\":{\"@id\":\"https:\\\/\\\/www.encontrabomretiro.com.br\\\/sobre\\\/vila-madalena-para-bar-bom-retiro-para-moda-veja-vocacao-dos-bairros-de-sp\\\/#webpage\"},\"articleSection\":\"Lugares no Bom Retiro\"},{\"@type\":\"BreadcrumbList\",\"@id\":\"https:\\\/\\\/www.encontrabomretiro.com.br\\\/sobre\\\/vila-madalena-para-bar-bom-retiro-para-moda-veja-vocacao-dos-bairros-de-sp\\\/#breadcrumblist\",\"itemListElement\":[{\"@type\":\"ListItem\",\"@id\":\"https:\\\/\\\/www.encontrabomretiro.com.br\\\/sobre#listItem\",\"position\":1,\"name\":\"Dom\\u00e9stica\",\"item\":\"https:\\\/\\\/www.encontrabomretiro.com.br\\\/sobre\",\"nextItem\":{\"@type\":\"ListItem\",\"@id\":\"https:\\\/\\\/www.encontrabomretiro.com.br\\\/sobre\\\/lugares-no-bom-retiro\\\/#listItem\",\"name\":\"Lugares no Bom Retiro\"}},{\"@type\":\"ListItem\",\"@id\":\"https:\\\/\\\/www.encontrabomretiro.com.br\\\/sobre\\\/lugares-no-bom-retiro\\\/#listItem\",\"position\":2,\"name\":\"Lugares no Bom Retiro\",\"item\":\"https:\\\/\\\/www.encontrabomretiro.com.br\\\/sobre\\\/lugares-no-bom-retiro\\\/\",\"nextItem\":{\"@type\":\"ListItem\",\"@id\":\"https:\\\/\\\/www.encontrabomretiro.com.br\\\/sobre\\\/vila-madalena-para-bar-bom-retiro-para-moda-veja-vocacao-dos-bairros-de-sp\\\/#listItem\",\"name\":\"Vila Madalena para bar, Bom Retiro para moda: veja voca\\u00e7\\u00e3o dos bairros de SP\"},\"previousItem\":{\"@type\":\"ListItem\",\"@id\":\"https:\\\/\\\/www.encontrabomretiro.com.br\\\/sobre#listItem\",\"name\":\"Dom\\u00e9stica\"}},{\"@type\":\"ListItem\",\"@id\":\"https:\\\/\\\/www.encontrabomretiro.com.br\\\/sobre\\\/vila-madalena-para-bar-bom-retiro-para-moda-veja-vocacao-dos-bairros-de-sp\\\/#listItem\",\"position\":3,\"name\":\"Vila Madalena para bar, Bom Retiro para moda: veja voca\\u00e7\\u00e3o dos bairros de SP\",\"previousItem\":{\"@type\":\"ListItem\",\"@id\":\"https:\\\/\\\/www.encontrabomretiro.com.br\\\/sobre\\\/lugares-no-bom-retiro\\\/#listItem\",\"name\":\"Lugares no Bom Retiro\"}}]},{\"@type\":\"Organization\",\"@id\":\"https:\\\/\\\/www.encontrabomretiro.com.br\\\/sobre\\\/#organization\",\"name\":\"Encontra Bom Retiro\",\"description\":\"Not\\u00edcias, eventos, informa\\u00e7\\u00f5es e dicas no bairro do Bom Retiro e regi\\u00e3o.\",\"url\":\"https:\\\/\\\/www.encontrabomretiro.com.br\\\/sobre\\\/\"},{\"@type\":\"Person\",\"@id\":\"https:\\\/\\\/www.encontrabomretiro.com.br\\\/sobre\\\/author\\\/ebomretiro\\\/#author\",\"url\":\"https:\\\/\\\/www.encontrabomretiro.com.br\\\/sobre\\\/author\\\/ebomretiro\\\/\",\"name\":\"Encontra Bom Retiro\",\"image\":{\"@type\":\"ImageObject\",\"@id\":\"https:\\\/\\\/www.encontrabomretiro.com.br\\\/sobre\\\/vila-madalena-para-bar-bom-retiro-para-moda-veja-vocacao-dos-bairros-de-sp\\\/#authorImage\",\"url\":\"https:\\\/\\\/secure.gravatar.com\\\/avatar\\\/507340682b8270222e1f208e23198b6ae7e2c6a1033ae84e99bc6bce4f82a387?s=96&d=mm&r=g\",\"width\":96,\"height\":96,\"caption\":\"Encontra Bom Retiro\"}},{\"@type\":\"WebPage\",\"@id\":\"https:\\\/\\\/www.encontrabomretiro.com.br\\\/sobre\\\/vila-madalena-para-bar-bom-retiro-para-moda-veja-vocacao-dos-bairros-de-sp\\\/#webpage\",\"url\":\"https:\\\/\\\/www.encontrabomretiro.com.br\\\/sobre\\\/vila-madalena-para-bar-bom-retiro-para-moda-veja-vocacao-dos-bairros-de-sp\\\/\",\"name\":\"Vila Madalena para bar, Bom Retiro para moda: veja voca\\u00e7\\u00e3o dos bairros de SP | Encontra Bom Retiro\",\"description\":\"Descubra a voca\\u00e7\\u00e3o comercial de Vila Madalena e Bom Retiro em S\\u00e3o Paulo.\",\"inLanguage\":\"pt-BR\",\"isPartOf\":{\"@id\":\"https:\\\/\\\/www.encontrabomretiro.com.br\\\/sobre\\\/#website\"},\"breadcrumb\":{\"@id\":\"https:\\\/\\\/www.encontrabomretiro.com.br\\\/sobre\\\/vila-madalena-para-bar-bom-retiro-para-moda-veja-vocacao-dos-bairros-de-sp\\\/#breadcrumblist\"},\"author\":{\"@id\":\"https:\\\/\\\/www.encontrabomretiro.com.br\\\/sobre\\\/author\\\/ebomretiro\\\/#author\"},\"creator\":{\"@id\":\"https:\\\/\\\/www.encontrabomretiro.com.br\\\/sobre\\\/author\\\/ebomretiro\\\/#author\"},\"image\":{\"@type\":\"ImageObject\",\"url\":\"https:\\\/\\\/www.encontrabomretiro.com.br\\\/sobre\\\/wp-content\\\/uploads\\\/2026\\\/08\\\/vila-madalena-para-bar-bom-retiro-para-moda-veja-vocacao-dos-bairros-de-sp.webp\",\"@id\":\"https:\\\/\\\/www.encontrabomretiro.com.br\\\/sobre\\\/vila-madalena-para-bar-bom-retiro-para-moda-veja-vocacao-dos-bairros-de-sp\\\/#mainImage\",\"width\":280,\"height\":280,\"caption\":\"voca\\u00e7\\u00e3o dos bairros de SP\"},\"primaryImageOfPage\":{\"@id\":\"https:\\\/\\\/www.encontrabomretiro.com.br\\\/sobre\\\/vila-madalena-para-bar-bom-retiro-para-moda-veja-vocacao-dos-bairros-de-sp\\\/#mainImage\"},\"datePublished\":\"2026-08-04T06:11:12-02:00\",\"dateModified\":\"2026-08-04T06:11:12-02:00\"},{\"@type\":\"WebSite\",\"@id\":\"https:\\\/\\\/www.encontrabomretiro.com.br\\\/sobre\\\/#website\",\"url\":\"https:\\\/\\\/www.encontrabomretiro.com.br\\\/sobre\\\/\",\"name\":\"Encontra Bom Retiro\",\"description\":\"Not\\u00edcias, eventos, informa\\u00e7\\u00f5es e dicas no bairro do Bom Retiro e regi\\u00e3o.\",\"inLanguage\":\"pt-BR\",\"publisher\":{\"@id\":\"https:\\\/\\\/www.encontrabomretiro.com.br\\\/sobre\\\/#organization\"}}]}\n\t\t<\/script>\n\t\t<!-- All in One SEO -->\n\n","aioseo_head_json":{"title":"Vila Madalena para bar, Bom Retiro para moda: veja voca\u00e7\u00e3o dos bairros de SP | Encontra Bom Retiro","description":"Descubra a voca\u00e7\u00e3o comercial de Vila Madalena e Bom Retiro em S\u00e3o Paulo.","canonical_url":"https:\/\/www.encontrabomretiro.com.br\/sobre\/vila-madalena-para-bar-bom-retiro-para-moda-veja-vocacao-dos-bairros-de-sp\/","robots":"max-image-preview:large","keywords":"","webmasterTools":{"miscellaneous":""},"schema":{"@context":"https:\/\/schema.org","@graph":[{"@type":"Article","@id":"https:\/\/www.encontrabomretiro.com.br\/sobre\/vila-madalena-para-bar-bom-retiro-para-moda-veja-vocacao-dos-bairros-de-sp\/#article","name":"Vila Madalena para bar, Bom Retiro para moda: veja voca\u00e7\u00e3o dos bairros de SP | Encontra Bom Retiro","headline":"Vila Madalena para bar, Bom Retiro para moda: veja voca\u00e7\u00e3o dos bairros de SP","author":{"@id":"https:\/\/www.encontrabomretiro.com.br\/sobre\/author\/ebomretiro\/#author"},"publisher":{"@id":"https:\/\/www.encontrabomretiro.com.br\/sobre\/#organization"},"image":{"@type":"ImageObject","url":"https:\/\/www.encontrabomretiro.com.br\/sobre\/wp-content\/uploads\/2026\/08\/vila-madalena-para-bar-bom-retiro-para-moda-veja-vocacao-dos-bairros-de-sp.webp","width":280,"height":280,"caption":"voca\u00e7\u00e3o dos bairros de SP"},"datePublished":"2026-08-04T06:11:12-02:00","dateModified":"2026-08-04T06:11:12-02:00","inLanguage":"pt-BR","mainEntityOfPage":{"@id":"https:\/\/www.encontrabomretiro.com.br\/sobre\/vila-madalena-para-bar-bom-retiro-para-moda-veja-vocacao-dos-bairros-de-sp\/#webpage"},"isPartOf":{"@id":"https:\/\/www.encontrabomretiro.com.br\/sobre\/vila-madalena-para-bar-bom-retiro-para-moda-veja-vocacao-dos-bairros-de-sp\/#webpage"},"articleSection":"Lugares no Bom Retiro"},{"@type":"BreadcrumbList","@id":"https:\/\/www.encontrabomretiro.com.br\/sobre\/vila-madalena-para-bar-bom-retiro-para-moda-veja-vocacao-dos-bairros-de-sp\/#breadcrumblist","itemListElement":[{"@type":"ListItem","@id":"https:\/\/www.encontrabomretiro.com.br\/sobre#listItem","position":1,"name":"Dom\u00e9stica","item":"https:\/\/www.encontrabomretiro.com.br\/sobre","nextItem":{"@type":"ListItem","@id":"https:\/\/www.encontrabomretiro.com.br\/sobre\/lugares-no-bom-retiro\/#listItem","name":"Lugares no Bom Retiro"}},{"@type":"ListItem","@id":"https:\/\/www.encontrabomretiro.com.br\/sobre\/lugares-no-bom-retiro\/#listItem","position":2,"name":"Lugares no Bom Retiro","item":"https:\/\/www.encontrabomretiro.com.br\/sobre\/lugares-no-bom-retiro\/","nextItem":{"@type":"ListItem","@id":"https:\/\/www.encontrabomretiro.com.br\/sobre\/vila-madalena-para-bar-bom-retiro-para-moda-veja-vocacao-dos-bairros-de-sp\/#listItem","name":"Vila Madalena para bar, Bom Retiro para moda: veja voca\u00e7\u00e3o dos bairros de SP"},"previousItem":{"@type":"ListItem","@id":"https:\/\/www.encontrabomretiro.com.br\/sobre#listItem","name":"Dom\u00e9stica"}},{"@type":"ListItem","@id":"https:\/\/www.encontrabomretiro.com.br\/sobre\/vila-madalena-para-bar-bom-retiro-para-moda-veja-vocacao-dos-bairros-de-sp\/#listItem","position":3,"name":"Vila Madalena para bar, Bom Retiro para moda: veja voca\u00e7\u00e3o dos bairros de SP","previousItem":{"@type":"ListItem","@id":"https:\/\/www.encontrabomretiro.com.br\/sobre\/lugares-no-bom-retiro\/#listItem","name":"Lugares no Bom Retiro"}}]},{"@type":"Organization","@id":"https:\/\/www.encontrabomretiro.com.br\/sobre\/#organization","name":"Encontra Bom Retiro","description":"Not\u00edcias, eventos, informa\u00e7\u00f5es e dicas no bairro do Bom Retiro e regi\u00e3o.","url":"https:\/\/www.encontrabomretiro.com.br\/sobre\/"},{"@type":"Person","@id":"https:\/\/www.encontrabomretiro.com.br\/sobre\/author\/ebomretiro\/#author","url":"https:\/\/www.encontrabomretiro.com.br\/sobre\/author\/ebomretiro\/","name":"Encontra Bom Retiro","image":{"@type":"ImageObject","@id":"https:\/\/www.encontrabomretiro.com.br\/sobre\/vila-madalena-para-bar-bom-retiro-para-moda-veja-vocacao-dos-bairros-de-sp\/#authorImage","url":"https:\/\/secure.gravatar.com\/avatar\/507340682b8270222e1f208e23198b6ae7e2c6a1033ae84e99bc6bce4f82a387?s=96&d=mm&r=g","width":96,"height":96,"caption":"Encontra Bom Retiro"}},{"@type":"WebPage","@id":"https:\/\/www.encontrabomretiro.com.br\/sobre\/vila-madalena-para-bar-bom-retiro-para-moda-veja-vocacao-dos-bairros-de-sp\/#webpage","url":"https:\/\/www.encontrabomretiro.com.br\/sobre\/vila-madalena-para-bar-bom-retiro-para-moda-veja-vocacao-dos-bairros-de-sp\/","name":"Vila Madalena para bar, Bom Retiro para moda: veja voca\u00e7\u00e3o dos bairros de SP | Encontra Bom Retiro","description":"Descubra a voca\u00e7\u00e3o comercial de Vila Madalena e Bom Retiro em S\u00e3o Paulo.","inLanguage":"pt-BR","isPartOf":{"@id":"https:\/\/www.encontrabomretiro.com.br\/sobre\/#website"},"breadcrumb":{"@id":"https:\/\/www.encontrabomretiro.com.br\/sobre\/vila-madalena-para-bar-bom-retiro-para-moda-veja-vocacao-dos-bairros-de-sp\/#breadcrumblist"},"author":{"@id":"https:\/\/www.encontrabomretiro.com.br\/sobre\/author\/ebomretiro\/#author"},"creator":{"@id":"https:\/\/www.encontrabomretiro.com.br\/sobre\/author\/ebomretiro\/#author"},"image":{"@type":"ImageObject","url":"https:\/\/www.encontrabomretiro.com.br\/sobre\/wp-content\/uploads\/2026\/08\/vila-madalena-para-bar-bom-retiro-para-moda-veja-vocacao-dos-bairros-de-sp.webp","@id":"https:\/\/www.encontrabomretiro.com.br\/sobre\/vila-madalena-para-bar-bom-retiro-para-moda-veja-vocacao-dos-bairros-de-sp\/#mainImage","width":280,"height":280,"caption":"voca\u00e7\u00e3o dos bairros de SP"},"primaryImageOfPage":{"@id":"https:\/\/www.encontrabomretiro.com.br\/sobre\/vila-madalena-para-bar-bom-retiro-para-moda-veja-vocacao-dos-bairros-de-sp\/#mainImage"},"datePublished":"2026-08-04T06:11:12-02:00","dateModified":"2026-08-04T06:11:12-02:00"},{"@type":"WebSite","@id":"https:\/\/www.encontrabomretiro.com.br\/sobre\/#website","url":"https:\/\/www.encontrabomretiro.com.br\/sobre\/","name":"Encontra Bom Retiro","description":"Not\u00edcias, eventos, informa\u00e7\u00f5es e dicas no bairro do Bom Retiro e regi\u00e3o.","inLanguage":"pt-BR","publisher":{"@id":"https:\/\/www.encontrabomretiro.com.br\/sobre\/#organization"}}]},"og:locale":"pt_BR","og:site_name":"Encontra Bom Retiro | Not\u00edcias, eventos, informa\u00e7\u00f5es e dicas no bairro do Bom Retiro e regi\u00e3o.","og:type":"article","og:title":"Vila Madalena para bar, Bom Retiro para moda: veja voca\u00e7\u00e3o dos bairros de SP | Encontra Bom Retiro","og:description":"Descubra a voca\u00e7\u00e3o comercial de Vila Madalena e Bom Retiro em S\u00e3o Paulo.","og:url":"https:\/\/www.encontrabomretiro.com.br\/sobre\/vila-madalena-para-bar-bom-retiro-para-moda-veja-vocacao-dos-bairros-de-sp\/","article:published_time":"2026-08-04T08:11:12+00:00","article:modified_time":"2026-08-04T08:11:12+00:00","twitter:card":"summary_large_image","twitter:title":"Vila Madalena para bar, Bom Retiro para moda: veja voca\u00e7\u00e3o dos bairros de SP | Encontra Bom Retiro","twitter:description":"Descubra a voca\u00e7\u00e3o comercial de Vila Madalena e Bom Retiro em S\u00e3o Paulo."},"aioseo_meta_data":{"post_id":"3236","title":null,"description":null,"keywords":null,"keyphrases":null,"primary_term":null,"canonical_url":null,"og_title":null,"og_description":null,"og_object_type":"default","og_image_type":"default","og_image_url":null,"og_image_width":null,"og_image_height":null,"og_image_custom_url":null,"og_image_custom_fields":null,"og_video":null,"og_custom_url":null,"og_article_section":null,"og_article_tags":null,"twitter_use_og":false,"twitter_card":"default","twitter_image_type":"default","twitter_image_url":null,"twitter_image_custom_url":null,"twitter_image_custom_fields":null,"twitter_title":null,"twitter_description":null,"schema":{"blockGraphs":[],"customGraphs":[],"default":{"data":{"Article":[],"Course":[],"Dataset":[],"FAQPage":[],"Movie":[],"Person":[],"Product":[],"ProductReview":[],"Car":[],"Recipe":[],"Service":[],"SoftwareApplication":[],"WebPage":[]},"graphName":"Article","isEnabled":true},"graphs":[]},"schema_type":"default","schema_type_options":null,"pillar_content":false,"robots_default":true,"robots_noindex":false,"robots_noarchive":false,"robots_nosnippet":false,"robots_nofollow":false,"robots_noimageindex":false,"robots_noodp":false,"robots_notranslate":false,"robots_max_snippet":null,"robots_max_videopreview":null,"robots_max_imagepreview":"large","priority":null,"frequency":null,"local_seo":null,"breadcrumb_settings":null,"limit_modified_date":false,"ai":null,"created":"2026-08-04 08:11:13","updated":"2026-08-04 08:12:20","focus_keyword":null,"additional_keywords":null,"truseo_locale":null,"seo_analyzer_scan_date":null},"aioseo_breadcrumb":"<div class=\"aioseo-breadcrumbs\"><span class=\"aioseo-breadcrumb\">\n\t\t\t<a href=\"https:\/\/www.encontrabomretiro.com.br\/sobre\" title=\"Dom\u00e9stica\">Dom\u00e9stica<\/a>\n\t\t<\/span><span class=\"aioseo-breadcrumb-separator\">&raquo;<\/span><span class=\"aioseo-breadcrumb\">\n\t\t\t<a href=\"https:\/\/www.encontrabomretiro.com.br\/sobre\/lugares-no-bom-retiro\/\" title=\"Lugares no Bom Retiro\">Lugares no Bom Retiro<\/a>\n\t\t<\/span><span class=\"aioseo-breadcrumb-separator\">&raquo;<\/span><span class=\"aioseo-breadcrumb\">\n\t\t\tVila Madalena para bar, Bom Retiro para moda: veja voca\u00e7\u00e3o dos bairros de SP\n\t\t<\/span><\/div>","aioseo_breadcrumb_json":[{"label":"Dom\u00e9stica","link":"https:\/\/www.encontrabomretiro.com.br\/sobre"},{"label":"Lugares no Bom Retiro","link":"https:\/\/www.encontrabomretiro.com.br\/sobre\/lugares-no-bom-retiro\/"},{"label":"Vila Madalena para bar, Bom Retiro para moda: veja voca\u00e7\u00e3o dos bairros de SP","link":"https:\/\/www.encontrabomretiro.com.br\/sobre\/vila-madalena-para-bar-bom-retiro-para-moda-veja-vocacao-dos-bairros-de-sp\/"}],"_links":{"self":[{"href":"https:\/\/www.encontrabomretiro.com.br\/sobre\/wp-json\/wp\/v2\/posts\/3236","targetHints":{"allow":["GET"]}}],"collection":[{"href":"https:\/\/www.encontrabomretiro.com.br\/sobre\/wp-json\/wp\/v2\/posts"}],"about":[{"href":"https:\/\/www.encontrabomretiro.com.br\/sobre\/wp-json\/wp\/v2\/types\/post"}],"author":[{"embeddable":true,"href":"https:\/\/www.encontrabomretiro.com.br\/sobre\/wp-json\/wp\/v2\/users\/1"}],"replies":[{"embeddable":true,"href":"https:\/\/www.encontrabomretiro.com.br\/sobre\/wp-json\/wp\/v2\/comments?post=3236"}],"version-history":[{"count":0,"href":"https:\/\/www.encontrabomretiro.com.br\/sobre\/wp-json\/wp\/v2\/posts\/3236\/revisions"}],"wp:featuredmedia":[{"embeddable":true,"href":"https:\/\/www.encontrabomretiro.com.br\/sobre\/wp-json\/wp\/v2\/media\/3235"}],"wp:attachment":[{"href":"https:\/\/www.encontrabomretiro.com.br\/sobre\/wp-json\/wp\/v2\/media?parent=3236"}],"wp:term":[{"taxonomy":"category","embeddable":true,"href":"https:\/\/www.encontrabomretiro.com.br\/sobre\/wp-json\/wp\/v2\/categories?post=3236"},{"taxonomy":"post_tag","embeddable":true,"href":"https:\/\/www.encontrabomretiro.com.br\/sobre\/wp-json\/wp\/v2\/tags?post=3236"}],"curies":[{"name":"wp","href":"https:\/\/api.w.org\/{rel}","templated":true}]}}