{"id":3214,"date":"2026-07-31T11:37:17","date_gmt":"2026-07-31T13:37:17","guid":{"rendered":"https:\/\/www.encontrabomretiro.com.br\/sobre\/silos-que-deram-nome-a-favela-do-moinho-comecam-a-ser-demolidos-em-sp\/"},"modified":"2026-07-31T11:37:17","modified_gmt":"2026-07-31T13:37:17","slug":"silos-que-deram-nome-a-favela-do-moinho-comecam-a-ser-demolidos-em-sp","status":"publish","type":"post","link":"https:\/\/www.encontrabomretiro.com.br\/sobre\/silos-que-deram-nome-a-favela-do-moinho-comecam-a-ser-demolidos-em-sp\/","title":{"rendered":"Silos que deram nome \u00e0 Favela do Moinho come\u00e7am a ser demolidos em SP"},"content":{"rendered":"<div class=\"228b65ae207de3c5c501cfe75875708b\" data-index=\"1\" style=\"float: none; margin:0px;\">\n<!-- Anuncio display - global -->\r\n<ins class=\"adsbygoogle\"\r\n     style=\"display:block\"\r\n     data-ad-client=\"ca-pub-8585364105181520\"\r\n     data-ad-slot=\"8789329856\"\r\n     data-ad-format=\"auto\"\r\n     data-full-width-responsive=\"true\"><\/ins>\r\n<script>\r\n     (adsbygoogle = window.adsbygoogle || []).push({});\r\n<\/script>\n<\/div>\n<h2>Contexto Hist\u00f3rico dos Silos<\/h2>\n<p>A Favela do Moinho, situada na \u00e1rea do Bom Retiro, no Centro de S\u00e3o Paulo, recebeu seu nome dos silos do Moinho Central. Estes imponentes edif\u00edcios, com aproximadamente 27 metros de altura e 6 metros de di\u00e2metro, foram erigidos na d\u00e9cada de 1960 para fazer parte de uma ind\u00fastria que originalmente come\u00e7ou suas opera\u00e7\u00f5es em 1949. O Moinho Central era respons\u00e1vel pelo armazenamento de trigo e a produ\u00e7\u00e3o de farinha, desempenhando um papel vital na economia da \u00e9poca. No entanto, ap\u00f3s o fechamento da unidade no in\u00edcio dos anos 1990, as instala\u00e7\u00f5es come\u00e7aram a ser abandonadas, e o local se transformou em um espa\u00e7o de ocupa\u00e7\u00e3o por fam\u00edlias sem acesso a alternativas de moradia.<\/p>\n<h2>O que levou \u00e0 Demoli\u00e7\u00e3o?<\/h2>\n<p>Recentemente, a decis\u00e3o de demolir os silos foi motivada por um laudo t\u00e9cnico que revelou falhas estruturais severas. A an\u00e1lise feita pelo Creas-SP identificou trincas e rachaduras profundas, al\u00e9m de corros\u00e3o das armaduras internas. A situa\u00e7\u00e3o foi considerada cr\u00edtica uma vez que um dos silos j\u00e1 havia sofrido um desabamento, fazendo com que a seguran\u00e7a dos outros cinco silos fosse colocada em xeque. Assim, a Secretaria Estadual de Desenvolvimento Urbano e Habita\u00e7\u00e3o tomou a medida de iniciar a demoli\u00e7\u00e3o, que come\u00e7ou h\u00e1 cerca de dez dias e ainda n\u00e3o tem prazo definido para conclus\u00e3o.<\/p>\n<h2>Impactos na Favela do Moinho<\/h2>\n<p>A demoli\u00e7\u00e3o dos silos ir\u00e1 impactar diretamente os moradores da Favela do Moinho. Desde a ocupa\u00e7\u00e3o da \u00e1rea, muitas fam\u00edlias habitavam os espa\u00e7os almejando uma vida digna e servi\u00e7os b\u00e1sicos. Com a confirma\u00e7\u00e3o da desocupa\u00e7\u00e3o da \u00e1rea e a demoli\u00e7\u00e3o dos silos, houve rea\u00e7\u00f5es mistas entre os residentes. Enquanto alguns valorizam as novas oportunidades de habita\u00e7\u00e3o oferecidas pelo governo, outros temem pela perda da identidade e da cultura local, promovida em grande parte pela hist\u00f3ria daqueles silos.<\/p>\n<p><img decoding=\"async\" src=\"https:\/\/www.encontrabomretiro.com.br\/sobre\/wp-content\/uploads\/2026\/07\/silos-que-deram-nome-a-favela-do-moinho-comecam-a-ser-demolidos-em-sp.webp\" alt=\"silos da Favela do Moinho\" loading=\"lazy\" \/><\/p>\n<h2>A Comunidade e a Desocupa\u00e7\u00e3o<\/h2>\n<p>Em 2026, os governos estadual e federal implementaram medidas para a desocupa\u00e7\u00e3o dessa comunidade. A a\u00e7\u00e3o visou n\u00e3o apenas desmantelar a favela, mas tamb\u00e9m proporcionar moradia adequada para as fam\u00edlias que ali residiam. Muitas delas j\u00e1 foram integradas a programas habitacionais que visam reintegr\u00e1-las \u00e0 sociedade, transferindo-as para novas resid\u00eancias em apartamentos sociais. Essa nova configura\u00e7\u00e3o espacial suscita questionamentos sobre o futuro dos moradores e o que acontecer\u00e1 com os la\u00e7os comunit\u00e1rios que foram formados ao longo do tempo.<\/p>\n<h2>Risco de Desabamento: O Laudo T\u00e9cnico<\/h2>\n<p>O laudo t\u00e9cnico que resultou na demoli\u00e7\u00e3o \u00e9 alarmante. Ele n\u00e3o apenas identificou danos estruturais, mas tamb\u00e9m alertou sobre o iminente risco de colapso das lajes superiores dos silos. Esses relat\u00f3rios s\u00e3o cruciais, pois garantem que as decis\u00f5es tomadas pelo governo sejam fundamentadas em evid\u00eancias t\u00e9cnicas que priorizam a seguran\u00e7a dos cidad\u00e3os. O laudo atestou que as condi\u00e7\u00f5es dos silos se tornaram perigosas para quem vivia nas proximidades e, portanto, a demoli\u00e7\u00e3o se tornou uma quest\u00e3o de urg\u00eancia.<\/p>\n<h2>Futuro do Terreno dos Silos<\/h2>\n<p>A trajet\u00f3ria do terreno onde os silos est\u00e3o localizados est\u00e1 longe de ser mera demoli\u00e7\u00e3o. Os planos para o espa\u00e7o envolvem uma transforma\u00e7\u00e3o significativa, com a inten\u00e7\u00e3o de convert\u00ea-lo em um parque. Esse projeto de requalifica\u00e7\u00e3o dos Campos El\u00edseos, como parte de uma iniciativa maior para revitalizar a regi\u00e3o central de S\u00e3o Paulo, visa criar um espa\u00e7o p\u00fablico que beneficie toda a popula\u00e7\u00e3o e, em \u00faltima inst\u00e2ncia, evite que cen\u00e1rios como a ocupa\u00e7\u00e3o desordenada voltem a ocorrer.<\/p>\n<h2>O Progresso das Obras de Demoli\u00e7\u00e3o<\/h2>\n<p>At\u00e9 o momento, as obras de demoli\u00e7\u00e3o t\u00eam avan\u00e7ado, embora sem um cronograma definido. As estruturas dos silos est\u00e3o sendo progressivamente desmanteladas pela equipe respons\u00e1vel, que trabalha para garantir a seguran\u00e7a dos oper\u00e1rios e das pessoas que residem nas proximidades. Durante o processo, as equipes t\u00eam sido alertadas sobre a fragilidade das estruturas restantes e a necessidade de seguir rigorosos protocolos de seguran\u00e7a para evitar acidentes.<\/p>\n<h2>Repercuss\u00f5es Sociais da Demoli\u00e7\u00e3o<\/h2>\n<p>A demoli\u00e7\u00e3o dos silos n\u00e3o \u00e9 apenas um aspecto estrutural, mas tem vastas repercuss\u00f5es sociais. A Favela do Moinho foi um microcosmo de viv\u00eancias, hist\u00f3rias e culturas. Portanto, o deslocamento dos moradores e a desativa\u00e7\u00e3o do espa\u00e7o hist\u00f3rico suscitam reflex\u00f5es sobre a preserva\u00e7\u00e3o da identidade e cultura locais. Para alguns residentes, essa mudan\u00e7a representa uma nova chance de recome\u00e7o, enquanto para outros, trata-se da perda n\u00e3o apenas de um lar, mas de uma vida constru\u00edda em torno de la\u00e7os comunit\u00e1rios fortes.<\/p>\n<h2>Papel do Governo na Requalifica\u00e7\u00e3o<\/h2>\n<p>O papel do governo, tanto em n\u00edvel estadual quanto federal, \u00e9 fundamental nesse processo. Com a demoli\u00e7\u00e3o e o espa\u00e7o projetado para ser transformado em parque, espera-se que os novos investimentos se voltem para a cria\u00e7\u00e3o de \u00e1reas de lazer e conviv\u00eancia que promovam a inclus\u00e3o e a cidadania. Iniciativas de requalifica\u00e7\u00e3o urbana, quando executadas de forma inclusiva, podem contribuir para melhorias significativas na qualidade de vida e no bem-estar das popula\u00e7\u00f5es locais.<\/p>\n<h2>Expectativas da Comunidade Ap\u00f3s a Mudan\u00e7a<\/h2>\n<p>Depois das mudan\u00e7as em curso, existem diferentes expectativas entre os membros da comunidade. Alguns veem como uma oportunidade de crescimento e acesso a melhores condi\u00e7\u00f5es de vida, enquanto outros ainda se ressentem da desocupa\u00e7\u00e3o e da falta de seguran\u00e7a sobre o futuro. A esperan\u00e7a \u00e9 que essas transforma\u00e7\u00f5es possam, de fato, agregar valor social ao antigo espa\u00e7o da Favela do Moinho, permitindo que a mem\u00f3ria e as viv\u00eancias dos antigos moradores sejam respeitadas e lembradas, mesmo com as novas interven\u00e7\u00f5es urbanas.<\/p>\n\n<div style=\"font-size: 0px; height: 0px; line-height: 0px; margin: 0; padding: 0; clear: both;\"><\/div>","protected":false},"excerpt":{"rendered":"<p>Silos da Favela do Moinho est\u00e3o sendo demolidos devido a riscos estruturais.<\/p>\n","protected":false},"author":1,"featured_media":3213,"comment_status":"open","ping_status":"closed","sticky":false,"template":"","format":"standard","meta":{"footnotes":""},"categories":[6],"tags":[],"class_list":["post-3214","post","type-post","status-publish","format-standard","has-post-thumbnail","hentry","category-noticias-no-bom-retiro","has_thumb"],"aioseo_notices":[],"aioseo_head":"\n\t\t<!-- All in One SEO 5.0.0.1 - aioseo.com -->\n\t<meta name=\"description\" content=\"Silos da Favela do Moinho est\u00e3o sendo demolidos devido a riscos estruturais.\" \/>\n\t<meta name=\"robots\" content=\"max-image-preview:large\" \/>\n\t<meta name=\"author\" content=\"Encontra Bom Retiro\"\/>\n\t<link rel=\"canonical\" href=\"https:\/\/www.encontrabomretiro.com.br\/sobre\/silos-que-deram-nome-a-favela-do-moinho-comecam-a-ser-demolidos-em-sp\/\" \/>\n\t<meta name=\"generator\" content=\"All in One SEO (AIOSEO) 5.0.0.1\" \/>\n\t\t<meta property=\"og:locale\" content=\"pt_BR\" \/>\n\t\t<meta property=\"og:site_name\" content=\"Encontra Bom Retiro | Not\u00edcias, eventos, informa\u00e7\u00f5es e dicas no bairro do Bom Retiro e regi\u00e3o.\" \/>\n\t\t<meta property=\"og:type\" content=\"article\" \/>\n\t\t<meta property=\"og:title\" content=\"Silos que deram nome \u00e0 Favela do Moinho come\u00e7am a ser demolidos em SP | Encontra Bom Retiro\" \/>\n\t\t<meta property=\"og:description\" content=\"Silos da Favela do Moinho est\u00e3o sendo demolidos devido a riscos estruturais.\" \/>\n\t\t<meta property=\"og:url\" content=\"https:\/\/www.encontrabomretiro.com.br\/sobre\/silos-que-deram-nome-a-favela-do-moinho-comecam-a-ser-demolidos-em-sp\/\" \/>\n\t\t<meta property=\"article:published_time\" content=\"2026-07-31T13:37:17+00:00\" \/>\n\t\t<meta property=\"article:modified_time\" content=\"2026-07-31T13:37:17+00:00\" \/>\n\t\t<meta name=\"twitter:card\" content=\"summary_large_image\" \/>\n\t\t<meta name=\"twitter:title\" content=\"Silos que deram nome \u00e0 Favela do Moinho come\u00e7am a ser demolidos em SP | Encontra Bom Retiro\" \/>\n\t\t<meta name=\"twitter:description\" content=\"Silos da Favela do Moinho est\u00e3o sendo demolidos devido a riscos estruturais.\" \/>\n\t\t<script type=\"application\/ld+json\" class=\"aioseo-schema\">\n\t\t\t{\"@context\":\"https:\\\/\\\/schema.org\",\"@graph\":[{\"@type\":\"Article\",\"@id\":\"https:\\\/\\\/www.encontrabomretiro.com.br\\\/sobre\\\/silos-que-deram-nome-a-favela-do-moinho-comecam-a-ser-demolidos-em-sp\\\/#article\",\"name\":\"Silos que deram nome \\u00e0 Favela do Moinho come\\u00e7am a ser demolidos em SP | Encontra Bom Retiro\",\"headline\":\"Silos que deram nome \\u00e0 Favela do Moinho come\\u00e7am a ser demolidos em SP\",\"author\":{\"@id\":\"https:\\\/\\\/www.encontrabomretiro.com.br\\\/sobre\\\/author\\\/ebomretiro\\\/#author\"},\"publisher\":{\"@id\":\"https:\\\/\\\/www.encontrabomretiro.com.br\\\/sobre\\\/#organization\"},\"image\":{\"@type\":\"ImageObject\",\"url\":\"https:\\\/\\\/www.encontrabomretiro.com.br\\\/sobre\\\/wp-content\\\/uploads\\\/2026\\\/07\\\/silos-que-deram-nome-a-favela-do-moinho-comecam-a-ser-demolidos-em-sp.webp\",\"width\":280,\"height\":280,\"caption\":\"silos da Favela do Moinho\"},\"datePublished\":\"2026-07-31T11:37:17-02:00\",\"dateModified\":\"2026-07-31T11:37:17-02:00\",\"inLanguage\":\"pt-BR\",\"mainEntityOfPage\":{\"@id\":\"https:\\\/\\\/www.encontrabomretiro.com.br\\\/sobre\\\/silos-que-deram-nome-a-favela-do-moinho-comecam-a-ser-demolidos-em-sp\\\/#webpage\"},\"isPartOf\":{\"@id\":\"https:\\\/\\\/www.encontrabomretiro.com.br\\\/sobre\\\/silos-que-deram-nome-a-favela-do-moinho-comecam-a-ser-demolidos-em-sp\\\/#webpage\"},\"articleSection\":\"Not\\u00edcias Bom Retiro\"},{\"@type\":\"BreadcrumbList\",\"@id\":\"https:\\\/\\\/www.encontrabomretiro.com.br\\\/sobre\\\/silos-que-deram-nome-a-favela-do-moinho-comecam-a-ser-demolidos-em-sp\\\/#breadcrumblist\",\"itemListElement\":[{\"@type\":\"ListItem\",\"@id\":\"https:\\\/\\\/www.encontrabomretiro.com.br\\\/sobre#listItem\",\"position\":1,\"name\":\"Dom\\u00e9stica\",\"item\":\"https:\\\/\\\/www.encontrabomretiro.com.br\\\/sobre\",\"nextItem\":{\"@type\":\"ListItem\",\"@id\":\"https:\\\/\\\/www.encontrabomretiro.com.br\\\/sobre\\\/noticias-no-bom-retiro\\\/#listItem\",\"name\":\"Not\\u00edcias Bom Retiro\"}},{\"@type\":\"ListItem\",\"@id\":\"https:\\\/\\\/www.encontrabomretiro.com.br\\\/sobre\\\/noticias-no-bom-retiro\\\/#listItem\",\"position\":2,\"name\":\"Not\\u00edcias Bom Retiro\",\"item\":\"https:\\\/\\\/www.encontrabomretiro.com.br\\\/sobre\\\/noticias-no-bom-retiro\\\/\",\"nextItem\":{\"@type\":\"ListItem\",\"@id\":\"https:\\\/\\\/www.encontrabomretiro.com.br\\\/sobre\\\/silos-que-deram-nome-a-favela-do-moinho-comecam-a-ser-demolidos-em-sp\\\/#listItem\",\"name\":\"Silos que deram nome \\u00e0 Favela do Moinho come\\u00e7am a ser demolidos em SP\"},\"previousItem\":{\"@type\":\"ListItem\",\"@id\":\"https:\\\/\\\/www.encontrabomretiro.com.br\\\/sobre#listItem\",\"name\":\"Dom\\u00e9stica\"}},{\"@type\":\"ListItem\",\"@id\":\"https:\\\/\\\/www.encontrabomretiro.com.br\\\/sobre\\\/silos-que-deram-nome-a-favela-do-moinho-comecam-a-ser-demolidos-em-sp\\\/#listItem\",\"position\":3,\"name\":\"Silos que deram nome \\u00e0 Favela do Moinho come\\u00e7am a ser demolidos em SP\",\"previousItem\":{\"@type\":\"ListItem\",\"@id\":\"https:\\\/\\\/www.encontrabomretiro.com.br\\\/sobre\\\/noticias-no-bom-retiro\\\/#listItem\",\"name\":\"Not\\u00edcias Bom Retiro\"}}]},{\"@type\":\"Organization\",\"@id\":\"https:\\\/\\\/www.encontrabomretiro.com.br\\\/sobre\\\/#organization\",\"name\":\"Encontra Bom Retiro\",\"description\":\"Not\\u00edcias, eventos, informa\\u00e7\\u00f5es e dicas no bairro do Bom Retiro e regi\\u00e3o.\",\"url\":\"https:\\\/\\\/www.encontrabomretiro.com.br\\\/sobre\\\/\"},{\"@type\":\"Person\",\"@id\":\"https:\\\/\\\/www.encontrabomretiro.com.br\\\/sobre\\\/author\\\/ebomretiro\\\/#author\",\"url\":\"https:\\\/\\\/www.encontrabomretiro.com.br\\\/sobre\\\/author\\\/ebomretiro\\\/\",\"name\":\"Encontra Bom Retiro\",\"image\":{\"@type\":\"ImageObject\",\"@id\":\"https:\\\/\\\/www.encontrabomretiro.com.br\\\/sobre\\\/silos-que-deram-nome-a-favela-do-moinho-comecam-a-ser-demolidos-em-sp\\\/#authorImage\",\"url\":\"https:\\\/\\\/secure.gravatar.com\\\/avatar\\\/507340682b8270222e1f208e23198b6ae7e2c6a1033ae84e99bc6bce4f82a387?s=96&d=mm&r=g\",\"width\":96,\"height\":96,\"caption\":\"Encontra Bom Retiro\"}},{\"@type\":\"WebPage\",\"@id\":\"https:\\\/\\\/www.encontrabomretiro.com.br\\\/sobre\\\/silos-que-deram-nome-a-favela-do-moinho-comecam-a-ser-demolidos-em-sp\\\/#webpage\",\"url\":\"https:\\\/\\\/www.encontrabomretiro.com.br\\\/sobre\\\/silos-que-deram-nome-a-favela-do-moinho-comecam-a-ser-demolidos-em-sp\\\/\",\"name\":\"Silos que deram nome \\u00e0 Favela do Moinho come\\u00e7am a ser demolidos em SP | Encontra Bom Retiro\",\"description\":\"Silos da Favela do Moinho est\\u00e3o sendo demolidos devido a riscos estruturais.\",\"inLanguage\":\"pt-BR\",\"isPartOf\":{\"@id\":\"https:\\\/\\\/www.encontrabomretiro.com.br\\\/sobre\\\/#website\"},\"breadcrumb\":{\"@id\":\"https:\\\/\\\/www.encontrabomretiro.com.br\\\/sobre\\\/silos-que-deram-nome-a-favela-do-moinho-comecam-a-ser-demolidos-em-sp\\\/#breadcrumblist\"},\"author\":{\"@id\":\"https:\\\/\\\/www.encontrabomretiro.com.br\\\/sobre\\\/author\\\/ebomretiro\\\/#author\"},\"creator\":{\"@id\":\"https:\\\/\\\/www.encontrabomretiro.com.br\\\/sobre\\\/author\\\/ebomretiro\\\/#author\"},\"image\":{\"@type\":\"ImageObject\",\"url\":\"https:\\\/\\\/www.encontrabomretiro.com.br\\\/sobre\\\/wp-content\\\/uploads\\\/2026\\\/07\\\/silos-que-deram-nome-a-favela-do-moinho-comecam-a-ser-demolidos-em-sp.webp\",\"@id\":\"https:\\\/\\\/www.encontrabomretiro.com.br\\\/sobre\\\/silos-que-deram-nome-a-favela-do-moinho-comecam-a-ser-demolidos-em-sp\\\/#mainImage\",\"width\":280,\"height\":280,\"caption\":\"silos da Favela do Moinho\"},\"primaryImageOfPage\":{\"@id\":\"https:\\\/\\\/www.encontrabomretiro.com.br\\\/sobre\\\/silos-que-deram-nome-a-favela-do-moinho-comecam-a-ser-demolidos-em-sp\\\/#mainImage\"},\"datePublished\":\"2026-07-31T11:37:17-02:00\",\"dateModified\":\"2026-07-31T11:37:17-02:00\"},{\"@type\":\"WebSite\",\"@id\":\"https:\\\/\\\/www.encontrabomretiro.com.br\\\/sobre\\\/#website\",\"url\":\"https:\\\/\\\/www.encontrabomretiro.com.br\\\/sobre\\\/\",\"name\":\"Encontra Bom Retiro\",\"description\":\"Not\\u00edcias, eventos, informa\\u00e7\\u00f5es e dicas no bairro do Bom Retiro e regi\\u00e3o.\",\"inLanguage\":\"pt-BR\",\"publisher\":{\"@id\":\"https:\\\/\\\/www.encontrabomretiro.com.br\\\/sobre\\\/#organization\"}}]}\n\t\t<\/script>\n\t\t<!-- All in One SEO -->\n\n","aioseo_head_json":{"title":"Silos que deram nome \u00e0 Favela do Moinho come\u00e7am a ser demolidos em SP | Encontra Bom Retiro","description":"Silos da Favela do Moinho est\u00e3o sendo demolidos devido a riscos estruturais.","canonical_url":"https:\/\/www.encontrabomretiro.com.br\/sobre\/silos-que-deram-nome-a-favela-do-moinho-comecam-a-ser-demolidos-em-sp\/","robots":"max-image-preview:large","keywords":"","webmasterTools":{"miscellaneous":""},"schema":{"@context":"https:\/\/schema.org","@graph":[{"@type":"Article","@id":"https:\/\/www.encontrabomretiro.com.br\/sobre\/silos-que-deram-nome-a-favela-do-moinho-comecam-a-ser-demolidos-em-sp\/#article","name":"Silos que deram nome \u00e0 Favela do Moinho come\u00e7am a ser demolidos em SP | Encontra Bom Retiro","headline":"Silos que deram nome \u00e0 Favela do Moinho come\u00e7am a ser demolidos em SP","author":{"@id":"https:\/\/www.encontrabomretiro.com.br\/sobre\/author\/ebomretiro\/#author"},"publisher":{"@id":"https:\/\/www.encontrabomretiro.com.br\/sobre\/#organization"},"image":{"@type":"ImageObject","url":"https:\/\/www.encontrabomretiro.com.br\/sobre\/wp-content\/uploads\/2026\/07\/silos-que-deram-nome-a-favela-do-moinho-comecam-a-ser-demolidos-em-sp.webp","width":280,"height":280,"caption":"silos da Favela do Moinho"},"datePublished":"2026-07-31T11:37:17-02:00","dateModified":"2026-07-31T11:37:17-02:00","inLanguage":"pt-BR","mainEntityOfPage":{"@id":"https:\/\/www.encontrabomretiro.com.br\/sobre\/silos-que-deram-nome-a-favela-do-moinho-comecam-a-ser-demolidos-em-sp\/#webpage"},"isPartOf":{"@id":"https:\/\/www.encontrabomretiro.com.br\/sobre\/silos-que-deram-nome-a-favela-do-moinho-comecam-a-ser-demolidos-em-sp\/#webpage"},"articleSection":"Not\u00edcias Bom Retiro"},{"@type":"BreadcrumbList","@id":"https:\/\/www.encontrabomretiro.com.br\/sobre\/silos-que-deram-nome-a-favela-do-moinho-comecam-a-ser-demolidos-em-sp\/#breadcrumblist","itemListElement":[{"@type":"ListItem","@id":"https:\/\/www.encontrabomretiro.com.br\/sobre#listItem","position":1,"name":"Dom\u00e9stica","item":"https:\/\/www.encontrabomretiro.com.br\/sobre","nextItem":{"@type":"ListItem","@id":"https:\/\/www.encontrabomretiro.com.br\/sobre\/noticias-no-bom-retiro\/#listItem","name":"Not\u00edcias Bom Retiro"}},{"@type":"ListItem","@id":"https:\/\/www.encontrabomretiro.com.br\/sobre\/noticias-no-bom-retiro\/#listItem","position":2,"name":"Not\u00edcias Bom Retiro","item":"https:\/\/www.encontrabomretiro.com.br\/sobre\/noticias-no-bom-retiro\/","nextItem":{"@type":"ListItem","@id":"https:\/\/www.encontrabomretiro.com.br\/sobre\/silos-que-deram-nome-a-favela-do-moinho-comecam-a-ser-demolidos-em-sp\/#listItem","name":"Silos que deram nome \u00e0 Favela do Moinho come\u00e7am a ser demolidos em SP"},"previousItem":{"@type":"ListItem","@id":"https:\/\/www.encontrabomretiro.com.br\/sobre#listItem","name":"Dom\u00e9stica"}},{"@type":"ListItem","@id":"https:\/\/www.encontrabomretiro.com.br\/sobre\/silos-que-deram-nome-a-favela-do-moinho-comecam-a-ser-demolidos-em-sp\/#listItem","position":3,"name":"Silos que deram nome \u00e0 Favela do Moinho come\u00e7am a ser demolidos em SP","previousItem":{"@type":"ListItem","@id":"https:\/\/www.encontrabomretiro.com.br\/sobre\/noticias-no-bom-retiro\/#listItem","name":"Not\u00edcias Bom Retiro"}}]},{"@type":"Organization","@id":"https:\/\/www.encontrabomretiro.com.br\/sobre\/#organization","name":"Encontra Bom Retiro","description":"Not\u00edcias, eventos, informa\u00e7\u00f5es e dicas no bairro do Bom Retiro e regi\u00e3o.","url":"https:\/\/www.encontrabomretiro.com.br\/sobre\/"},{"@type":"Person","@id":"https:\/\/www.encontrabomretiro.com.br\/sobre\/author\/ebomretiro\/#author","url":"https:\/\/www.encontrabomretiro.com.br\/sobre\/author\/ebomretiro\/","name":"Encontra Bom Retiro","image":{"@type":"ImageObject","@id":"https:\/\/www.encontrabomretiro.com.br\/sobre\/silos-que-deram-nome-a-favela-do-moinho-comecam-a-ser-demolidos-em-sp\/#authorImage","url":"https:\/\/secure.gravatar.com\/avatar\/507340682b8270222e1f208e23198b6ae7e2c6a1033ae84e99bc6bce4f82a387?s=96&d=mm&r=g","width":96,"height":96,"caption":"Encontra Bom Retiro"}},{"@type":"WebPage","@id":"https:\/\/www.encontrabomretiro.com.br\/sobre\/silos-que-deram-nome-a-favela-do-moinho-comecam-a-ser-demolidos-em-sp\/#webpage","url":"https:\/\/www.encontrabomretiro.com.br\/sobre\/silos-que-deram-nome-a-favela-do-moinho-comecam-a-ser-demolidos-em-sp\/","name":"Silos que deram nome \u00e0 Favela do Moinho come\u00e7am a ser demolidos em SP | Encontra Bom Retiro","description":"Silos da Favela do Moinho est\u00e3o sendo demolidos devido a riscos estruturais.","inLanguage":"pt-BR","isPartOf":{"@id":"https:\/\/www.encontrabomretiro.com.br\/sobre\/#website"},"breadcrumb":{"@id":"https:\/\/www.encontrabomretiro.com.br\/sobre\/silos-que-deram-nome-a-favela-do-moinho-comecam-a-ser-demolidos-em-sp\/#breadcrumblist"},"author":{"@id":"https:\/\/www.encontrabomretiro.com.br\/sobre\/author\/ebomretiro\/#author"},"creator":{"@id":"https:\/\/www.encontrabomretiro.com.br\/sobre\/author\/ebomretiro\/#author"},"image":{"@type":"ImageObject","url":"https:\/\/www.encontrabomretiro.com.br\/sobre\/wp-content\/uploads\/2026\/07\/silos-que-deram-nome-a-favela-do-moinho-comecam-a-ser-demolidos-em-sp.webp","@id":"https:\/\/www.encontrabomretiro.com.br\/sobre\/silos-que-deram-nome-a-favela-do-moinho-comecam-a-ser-demolidos-em-sp\/#mainImage","width":280,"height":280,"caption":"silos da Favela do Moinho"},"primaryImageOfPage":{"@id":"https:\/\/www.encontrabomretiro.com.br\/sobre\/silos-que-deram-nome-a-favela-do-moinho-comecam-a-ser-demolidos-em-sp\/#mainImage"},"datePublished":"2026-07-31T11:37:17-02:00","dateModified":"2026-07-31T11:37:17-02:00"},{"@type":"WebSite","@id":"https:\/\/www.encontrabomretiro.com.br\/sobre\/#website","url":"https:\/\/www.encontrabomretiro.com.br\/sobre\/","name":"Encontra Bom Retiro","description":"Not\u00edcias, eventos, informa\u00e7\u00f5es e dicas no bairro do Bom Retiro e regi\u00e3o.","inLanguage":"pt-BR","publisher":{"@id":"https:\/\/www.encontrabomretiro.com.br\/sobre\/#organization"}}]},"og:locale":"pt_BR","og:site_name":"Encontra Bom Retiro | Not\u00edcias, eventos, informa\u00e7\u00f5es e dicas no bairro do Bom Retiro e regi\u00e3o.","og:type":"article","og:title":"Silos que deram nome \u00e0 Favela do Moinho come\u00e7am a ser demolidos em SP | Encontra Bom Retiro","og:description":"Silos da Favela do Moinho est\u00e3o sendo demolidos devido a riscos estruturais.","og:url":"https:\/\/www.encontrabomretiro.com.br\/sobre\/silos-que-deram-nome-a-favela-do-moinho-comecam-a-ser-demolidos-em-sp\/","article:published_time":"2026-07-31T13:37:17+00:00","article:modified_time":"2026-07-31T13:37:17+00:00","twitter:card":"summary_large_image","twitter:title":"Silos que deram nome \u00e0 Favela do Moinho come\u00e7am a ser demolidos em SP | Encontra Bom Retiro","twitter:description":"Silos da Favela do Moinho est\u00e3o sendo demolidos devido a riscos estruturais."},"aioseo_meta_data":{"post_id":"3214","title":null,"description":null,"keywords":null,"keyphrases":null,"primary_term":null,"canonical_url":null,"og_title":null,"og_description":null,"og_object_type":"default","og_image_type":"default","og_image_url":null,"og_image_width":null,"og_image_height":null,"og_image_custom_url":null,"og_image_custom_fields":null,"og_video":null,"og_custom_url":null,"og_article_section":null,"og_article_tags":null,"twitter_use_og":false,"twitter_card":"default","twitter_image_type":"default","twitter_image_url":null,"twitter_image_custom_url":null,"twitter_image_custom_fields":null,"twitter_title":null,"twitter_description":null,"schema":{"blockGraphs":[],"customGraphs":[],"default":{"data":{"Article":[],"Course":[],"Dataset":[],"FAQPage":[],"Movie":[],"Person":[],"Product":[],"ProductReview":[],"Car":[],"Recipe":[],"Service":[],"SoftwareApplication":[],"WebPage":[]},"graphName":"Article","isEnabled":true},"graphs":[]},"schema_type":"default","schema_type_options":null,"pillar_content":false,"robots_default":true,"robots_noindex":false,"robots_noarchive":false,"robots_nosnippet":false,"robots_nofollow":false,"robots_noimageindex":false,"robots_noodp":false,"robots_notranslate":false,"robots_max_snippet":null,"robots_max_videopreview":null,"robots_max_imagepreview":"large","priority":null,"frequency":null,"local_seo":null,"breadcrumb_settings":null,"limit_modified_date":false,"ai":null,"created":"2026-07-31 13:37:20","updated":"2026-07-31 13:38:36","focus_keyword":null,"additional_keywords":null,"truseo_locale":null,"seo_analyzer_scan_date":null},"aioseo_breadcrumb":"<div class=\"aioseo-breadcrumbs\"><span class=\"aioseo-breadcrumb\">\n\t\t\t<a href=\"https:\/\/www.encontrabomretiro.com.br\/sobre\" title=\"Dom\u00e9stica\">Dom\u00e9stica<\/a>\n\t\t<\/span><span class=\"aioseo-breadcrumb-separator\">&raquo;<\/span><span class=\"aioseo-breadcrumb\">\n\t\t\t<a href=\"https:\/\/www.encontrabomretiro.com.br\/sobre\/noticias-no-bom-retiro\/\" title=\"Not\u00edcias Bom Retiro\">Not\u00edcias Bom Retiro<\/a>\n\t\t<\/span><span class=\"aioseo-breadcrumb-separator\">&raquo;<\/span><span class=\"aioseo-breadcrumb\">\n\t\t\tSilos que deram nome \u00e0 Favela do Moinho come\u00e7am a ser demolidos em SP\n\t\t<\/span><\/div>","aioseo_breadcrumb_json":[{"label":"Dom\u00e9stica","link":"https:\/\/www.encontrabomretiro.com.br\/sobre"},{"label":"Not\u00edcias Bom Retiro","link":"https:\/\/www.encontrabomretiro.com.br\/sobre\/noticias-no-bom-retiro\/"},{"label":"Silos que deram nome \u00e0 Favela do Moinho come\u00e7am a ser demolidos em SP","link":"https:\/\/www.encontrabomretiro.com.br\/sobre\/silos-que-deram-nome-a-favela-do-moinho-comecam-a-ser-demolidos-em-sp\/"}],"_links":{"self":[{"href":"https:\/\/www.encontrabomretiro.com.br\/sobre\/wp-json\/wp\/v2\/posts\/3214","targetHints":{"allow":["GET"]}}],"collection":[{"href":"https:\/\/www.encontrabomretiro.com.br\/sobre\/wp-json\/wp\/v2\/posts"}],"about":[{"href":"https:\/\/www.encontrabomretiro.com.br\/sobre\/wp-json\/wp\/v2\/types\/post"}],"author":[{"embeddable":true,"href":"https:\/\/www.encontrabomretiro.com.br\/sobre\/wp-json\/wp\/v2\/users\/1"}],"replies":[{"embeddable":true,"href":"https:\/\/www.encontrabomretiro.com.br\/sobre\/wp-json\/wp\/v2\/comments?post=3214"}],"version-history":[{"count":0,"href":"https:\/\/www.encontrabomretiro.com.br\/sobre\/wp-json\/wp\/v2\/posts\/3214\/revisions"}],"wp:featuredmedia":[{"embeddable":true,"href":"https:\/\/www.encontrabomretiro.com.br\/sobre\/wp-json\/wp\/v2\/media\/3213"}],"wp:attachment":[{"href":"https:\/\/www.encontrabomretiro.com.br\/sobre\/wp-json\/wp\/v2\/media?parent=3214"}],"wp:term":[{"taxonomy":"category","embeddable":true,"href":"https:\/\/www.encontrabomretiro.com.br\/sobre\/wp-json\/wp\/v2\/categories?post=3214"},{"taxonomy":"post_tag","embeddable":true,"href":"https:\/\/www.encontrabomretiro.com.br\/sobre\/wp-json\/wp\/v2\/tags?post=3214"}],"curies":[{"name":"wp","href":"https:\/\/api.w.org\/{rel}","templated":true}]}}