{"id":3200,"date":"2026-07-30T03:46:57","date_gmt":"2026-07-30T05:46:57","guid":{"rendered":"https:\/\/www.encontrabomretiro.com.br\/sobre\/acesso-e-integracao-em-espacos-e-equipamentos-de-cultura\/"},"modified":"2026-07-30T03:46:57","modified_gmt":"2026-07-30T05:46:57","slug":"acesso-e-integracao-em-espacos-e-equipamentos-de-cultura","status":"publish","type":"post","link":"https:\/\/www.encontrabomretiro.com.br\/sobre\/acesso-e-integracao-em-espacos-e-equipamentos-de-cultura\/","title":{"rendered":"Acesso e integra\u00e7\u00e3o em espa\u00e7os e equipamentos de cultura"},"content":{"rendered":"<div class=\"228b65ae207de3c5c501cfe75875708b\" data-index=\"1\" style=\"float: none; margin:0px;\">\n<!-- Anuncio display - global -->\r\n<ins class=\"adsbygoogle\"\r\n     style=\"display:block\"\r\n     data-ad-client=\"ca-pub-8585364105181520\"\r\n     data-ad-slot=\"8789329856\"\r\n     data-ad-format=\"auto\"\r\n     data-full-width-responsive=\"true\"><\/ins>\r\n<script>\r\n     (adsbygoogle = window.adsbygoogle || []).push({});\r\n<\/script>\n<\/div>\n<h2>Entendendo o Acesso em Espa\u00e7os Culturais<\/h2>\n<p>O acesso a espa\u00e7os culturais \u00e9 fundamental para garantir que todas as pessoas, independentemente de suas condi\u00e7\u00f5es socioecon\u00f4micas ou de sa\u00fade, possam participar das atividades culturais. A inclus\u00e3o nesse tipo de ambiente n\u00e3o apenas promove a democratiza\u00e7\u00e3o da cultura, mas tamb\u00e9m fortalece a capacidade de cada indiv\u00edduo de se expressar e se conectar com a sociedade.<\/p>\n<p>Espa\u00e7os como teatros, bibliotecas, museus e centros culturais devem ser projetados para permitir a entrada e a frui\u00e7\u00e3o de todos, incluindo pessoas com defici\u00eancia, idosos e comunidades vulner\u00e1veis. Essa acessibilidade \u00e9 um direito e um componente vital para o desenvolvimento da cidadania e da identidade cultural.<\/p>\n<h2>O Papel das Comunidades na Cultura<\/h2>\n<p>As comunidades t\u00eam um papel essencial na promo\u00e7\u00e3o da cultura. Elas n\u00e3o s\u00e3o apenas usu\u00e1rias dos espa\u00e7os culturais, mas tamb\u00e9m co-criadoras e mantenedoras da vida cultural local. Muitas vezes, s\u00e3o as pr\u00f3prias comunidades que evidenciam as necessidades culturais e demandam adapta\u00e7\u00f5es e novas pr\u00e1ticas para melhor atender a todos os seus membros.<\/p>\n<p><img decoding=\"async\" src=\"https:\/\/www.encontrabomretiro.com.br\/sobre\/wp-content\/uploads\/2026\/07\/acesso-e-integracao-em-espacos-e-equipamentos-de-cultura.webp\" alt=\"acesso e integra\u00e7\u00e3o em espa\u00e7os e equipamentos de cultura\" loading=\"lazy\" \/><\/p>\n<p>Assim, a intera\u00e7\u00e3o entre usu\u00e1rios e gestores culturais deve ser cont\u00ednua, com di\u00e1logos abertos que ajudem a moldar a oferta cultural e a atua\u00e7\u00e3o dos espa\u00e7os. Essa intera\u00e7\u00e3o fortalece a identidade cultural local e promove a valoriza\u00e7\u00e3o das diversas express\u00f5es art\u00edsticas.<\/p>\n<h2>Eventos que Promovem Integra\u00e7\u00e3o<\/h2>\n<p>Eventos culturais desempenham um papel crucial na integra\u00e7\u00e3o social e na promo\u00e7\u00e3o de um ambiente inclusivo. Festivais, exposi\u00e7\u00f5es, palestras e oficinas n\u00e3o devem apenas visar entreter, mas tamb\u00e9m educar e informar sobre a diversidade cultural e as quest\u00f5es sociais.<\/p>\n<p>A realiza\u00e7\u00e3o de atividades culturais que abordem temas pertinentes, como sa\u00fade mental, cidadania e direitos humanos, ajuda a construir um p\u00fablico mais consciente e engajado. Esses eventos devem ser planejados para garantir o m\u00e1ximo de participa\u00e7\u00e3o e acessibilidade.<\/p>\n<h2>A Sa\u00fade Mental e a Cultura<\/h2>\n<p>A rela\u00e7\u00e3o entre sa\u00fade mental e cultura \u00e9 complexa e multifacetada. Participar de atividades culturais pode ter um impacto positivo significativo na sa\u00fade mental das pessoas, proporcionando oportunidades de express\u00e3o, conex\u00e3o e pertencimento.<\/p>\n<p>Programas culturais que abordam quest\u00f5es de sa\u00fade mental s\u00e3o essenciais, especialmente em comunidades que enfrentam desafios maiores, como a solid\u00e3o e a estigmatiza\u00e7\u00e3o. Tais iniciativas podem incluir sess\u00f5es de teatro, arte terap\u00eautica e interc\u00e2mbios culturais que promovem o bem-estar psicol\u00f3gico.<\/p>\n<h2>Perspectivas sobre Acessibilidade<\/h2>\n<p>A acessibilidade vai al\u00e9m de rampas e sinaliza\u00e7\u00e3o. Envolve o desenho de eventos, hor\u00e1rios de atividade e recursos que sejam inclusivos para todos. Implementar pr\u00e1ticas de acessibilidade precisa ser uma prioridade para os espa\u00e7os culturais, incluindo a forma\u00e7\u00e3o de suas equipes para lidar com a diversidade de p\u00fablico.<\/p>\n<p>Al\u00e9m disso, a tecnologia pode ser uma aliada na promo\u00e7\u00e3o da acessibilidade, atrav\u00e9s de ferramentas que possibilitam a inclus\u00e3o de pessoas com defici\u00eancia, como audiodescri\u00e7\u00e3o, legendas e int\u00e9rpretes de Libras.<\/p>\n<h2>Debatendo Experi\u00eancias Culturais<\/h2>\n<p>O debate sobre experi\u00eancias culturais \u00e9 um meio eficaz de fomentar um ambiente de aprendizagem e troca de conhecimentos. Ao criar espa\u00e7os para a discuss\u00e3o, as experi\u00eancias de diferentes indiv\u00edduos e grupos podem ser compartilhadas, permitindo que vozes diversas se fa\u00e7am ouvir.<\/p>\n<p>Palestras e rodas de conversa podem facilitar essa troca de ideias, conectando pessoas de diferentes origens e promovendo um entendimento mais profundo sobre as quest\u00f5es culturais e sociais que impactam a vida de cada um.<\/p>\n<h2>A Import\u00e2ncia de Festivais Culturais<\/h2>\n<p>Festivais culturais oferecem uma plataforma significativa para a integra\u00e7\u00e3o e celebra\u00e7\u00e3o da diversidade. Eles s\u00e3o oportunidades de promover tradi\u00e7\u00f5es, express\u00f5es art\u00edsticas e a conex\u00e3o entre diferentes comunidades.<\/p>\n<p>Eventos como esses devem ser planejados com um enfoque inclusivo, garantindo que todos possam participar e contribuir. Al\u00e9m de celebr\u00e1-los, \u00e9 fundamental trabalhar para que esses festivais funcionem como catalisadores para futuras iniciativas culturais.<\/p>\n<h2>Parcerias entre Cultura e Sa\u00fade<\/h2>\n<p>As parcerias entre institui\u00e7\u00f5es culturais e de sa\u00fade s\u00e3o vitais para o sucesso de iniciativas que buscam promover o bem-estar atrav\u00e9s da cultura. Tais colabora\u00e7\u00f5es permitem o desenvolvimento de programas que integram a arte e as pr\u00e1ticas de sa\u00fade, acolhendo os indiv\u00edduos de maneira mais hol\u00edstica.<\/p>\n<p>Essa sinergia pode resultar em projetos inovadores que atendem \u00e0s necessidades de diferentes grupos enquanto oferecem um espa\u00e7o seguro para a express\u00e3o e o aprendizado.<\/p>\n<h2>Mudan\u00e7as Necess\u00e1rias nas Pol\u00edticas P\u00fablicas<\/h2>\n<p>Para garantir que a cultura seja acess\u00edvel a todos, \u00e9 necess\u00e1rio que as pol\u00edticas p\u00fablicas sejam revistas e adaptadas conforme as realidades sociais. A cria\u00e7\u00e3o de marcos legislativos que assegurem o acesso \u00e0 cultura como direito \u00e9 um passo essencial.<\/p>\n<p>Al\u00e9m disso, as pol\u00edticas devem incentivar a participa\u00e7\u00e3o dos cidad\u00e3os no planejamento e na execu\u00e7\u00e3o de projetos culturais. A mudan\u00e7a deve vir de uma abordagem colaborativa, onde os cidad\u00e3os se sintam parte ativa do processo cultural.<\/p>\n<h2>Projetos de Inclus\u00e3o Cultural<\/h2>\n<p>Os projetos de inclus\u00e3o cultural devem ser multifacetados e adapt\u00e1veis \u00e0s necessidades das popula\u00e7\u00f5es diversas. Eles podem incluir, por exemplo, programas de forma\u00e7\u00e3o art\u00edstica para jovens em situa\u00e7\u00e3o de risco, eventos culturais adaptados e a\u00e7\u00f5es que promovam a participa\u00e7\u00e3o de grupos minorit\u00e1rios.<\/p>\n<p>Esses projetos n\u00e3o s\u00f3 enriquecem o panorama cultural, mas tamb\u00e9m promovem dignidade e oportunidade para aqueles que muitas vezes s\u00e3o marginalizados.<\/p>\n<p>Em resumo, o acesso e a integra\u00e7\u00e3o em espa\u00e7os culturais s\u00e3o elementos fundamentais para uma sociedade inclusiva e rica em diversidade. A promo\u00e7\u00e3o dessas iniciativas requer a colabora\u00e7\u00e3o de indiv\u00edduos, comunidades e institui\u00e7\u00f5es em diversas \u00e1reas.<\/p>\n\n<div style=\"font-size: 0px; height: 0px; line-height: 0px; margin: 0; padding: 0; clear: both;\"><\/div>","protected":false},"excerpt":{"rendered":"<p>Acesso e integra\u00e7\u00e3o em espa\u00e7os e equipamentos culturais s\u00e3o essenciais para a sociedade.<\/p>\n","protected":false},"author":1,"featured_media":3199,"comment_status":"open","ping_status":"closed","sticky":false,"template":"","format":"standard","meta":{"footnotes":""},"categories":[17],"tags":[],"class_list":["post-3200","post","type-post","status-publish","format-standard","has-post-thumbnail","hentry","category-cultura-no-bom-retiro","has_thumb"],"aioseo_notices":[],"aioseo_head":"\n\t\t<!-- All in One SEO 5.0.0.1 - aioseo.com -->\n\t<meta name=\"description\" content=\"Acesso e integra\u00e7\u00e3o em espa\u00e7os e equipamentos culturais s\u00e3o essenciais para a sociedade.\" \/>\n\t<meta name=\"robots\" content=\"max-image-preview:large\" \/>\n\t<meta name=\"author\" content=\"Encontra Bom Retiro\"\/>\n\t<link rel=\"canonical\" href=\"https:\/\/www.encontrabomretiro.com.br\/sobre\/acesso-e-integracao-em-espacos-e-equipamentos-de-cultura\/\" \/>\n\t<meta name=\"generator\" content=\"All in One SEO (AIOSEO) 5.0.0.1\" \/>\n\t\t<meta property=\"og:locale\" content=\"pt_BR\" \/>\n\t\t<meta property=\"og:site_name\" content=\"Encontra Bom Retiro | Not\u00edcias, eventos, informa\u00e7\u00f5es e dicas no bairro do Bom Retiro e regi\u00e3o.\" \/>\n\t\t<meta property=\"og:type\" content=\"article\" \/>\n\t\t<meta property=\"og:title\" content=\"Acesso e integra\u00e7\u00e3o em espa\u00e7os e equipamentos de cultura | Encontra Bom Retiro\" \/>\n\t\t<meta property=\"og:description\" content=\"Acesso e integra\u00e7\u00e3o em espa\u00e7os e equipamentos culturais s\u00e3o essenciais para a sociedade.\" \/>\n\t\t<meta property=\"og:url\" content=\"https:\/\/www.encontrabomretiro.com.br\/sobre\/acesso-e-integracao-em-espacos-e-equipamentos-de-cultura\/\" \/>\n\t\t<meta property=\"article:published_time\" content=\"2026-07-30T05:46:57+00:00\" \/>\n\t\t<meta property=\"article:modified_time\" content=\"2026-07-30T05:46:57+00:00\" \/>\n\t\t<meta name=\"twitter:card\" content=\"summary_large_image\" \/>\n\t\t<meta name=\"twitter:title\" content=\"Acesso e integra\u00e7\u00e3o em espa\u00e7os e equipamentos de cultura | Encontra Bom Retiro\" \/>\n\t\t<meta name=\"twitter:description\" content=\"Acesso e integra\u00e7\u00e3o em espa\u00e7os e equipamentos culturais s\u00e3o essenciais para a sociedade.\" \/>\n\t\t<script type=\"application\/ld+json\" class=\"aioseo-schema\">\n\t\t\t{\"@context\":\"https:\\\/\\\/schema.org\",\"@graph\":[{\"@type\":\"Article\",\"@id\":\"https:\\\/\\\/www.encontrabomretiro.com.br\\\/sobre\\\/acesso-e-integracao-em-espacos-e-equipamentos-de-cultura\\\/#article\",\"name\":\"Acesso e integra\\u00e7\\u00e3o em espa\\u00e7os e equipamentos de cultura | Encontra Bom Retiro\",\"headline\":\"Acesso e integra\\u00e7\\u00e3o em espa\\u00e7os e equipamentos de cultura\",\"author\":{\"@id\":\"https:\\\/\\\/www.encontrabomretiro.com.br\\\/sobre\\\/author\\\/ebomretiro\\\/#author\"},\"publisher\":{\"@id\":\"https:\\\/\\\/www.encontrabomretiro.com.br\\\/sobre\\\/#organization\"},\"image\":{\"@type\":\"ImageObject\",\"url\":\"https:\\\/\\\/www.encontrabomretiro.com.br\\\/sobre\\\/wp-content\\\/uploads\\\/2026\\\/07\\\/acesso-e-integracao-em-espacos-e-equipamentos-de-cultura.webp\",\"width\":280,\"height\":280,\"caption\":\"acesso e integra\\u00e7\\u00e3o em espa\\u00e7os e equipamentos de cultura\"},\"datePublished\":\"2026-07-30T03:46:57-02:00\",\"dateModified\":\"2026-07-30T03:46:57-02:00\",\"inLanguage\":\"pt-BR\",\"mainEntityOfPage\":{\"@id\":\"https:\\\/\\\/www.encontrabomretiro.com.br\\\/sobre\\\/acesso-e-integracao-em-espacos-e-equipamentos-de-cultura\\\/#webpage\"},\"isPartOf\":{\"@id\":\"https:\\\/\\\/www.encontrabomretiro.com.br\\\/sobre\\\/acesso-e-integracao-em-espacos-e-equipamentos-de-cultura\\\/#webpage\"},\"articleSection\":\"Cultura Bom Retiro\"},{\"@type\":\"BreadcrumbList\",\"@id\":\"https:\\\/\\\/www.encontrabomretiro.com.br\\\/sobre\\\/acesso-e-integracao-em-espacos-e-equipamentos-de-cultura\\\/#breadcrumblist\",\"itemListElement\":[{\"@type\":\"ListItem\",\"@id\":\"https:\\\/\\\/www.encontrabomretiro.com.br\\\/sobre#listItem\",\"position\":1,\"name\":\"Dom\\u00e9stica\",\"item\":\"https:\\\/\\\/www.encontrabomretiro.com.br\\\/sobre\",\"nextItem\":{\"@type\":\"ListItem\",\"@id\":\"https:\\\/\\\/www.encontrabomretiro.com.br\\\/sobre\\\/cultura-no-bom-retiro\\\/#listItem\",\"name\":\"Cultura Bom Retiro\"}},{\"@type\":\"ListItem\",\"@id\":\"https:\\\/\\\/www.encontrabomretiro.com.br\\\/sobre\\\/cultura-no-bom-retiro\\\/#listItem\",\"position\":2,\"name\":\"Cultura Bom Retiro\",\"item\":\"https:\\\/\\\/www.encontrabomretiro.com.br\\\/sobre\\\/cultura-no-bom-retiro\\\/\",\"nextItem\":{\"@type\":\"ListItem\",\"@id\":\"https:\\\/\\\/www.encontrabomretiro.com.br\\\/sobre\\\/acesso-e-integracao-em-espacos-e-equipamentos-de-cultura\\\/#listItem\",\"name\":\"Acesso e integra\\u00e7\\u00e3o em espa\\u00e7os e equipamentos de cultura\"},\"previousItem\":{\"@type\":\"ListItem\",\"@id\":\"https:\\\/\\\/www.encontrabomretiro.com.br\\\/sobre#listItem\",\"name\":\"Dom\\u00e9stica\"}},{\"@type\":\"ListItem\",\"@id\":\"https:\\\/\\\/www.encontrabomretiro.com.br\\\/sobre\\\/acesso-e-integracao-em-espacos-e-equipamentos-de-cultura\\\/#listItem\",\"position\":3,\"name\":\"Acesso e integra\\u00e7\\u00e3o em espa\\u00e7os e equipamentos de cultura\",\"previousItem\":{\"@type\":\"ListItem\",\"@id\":\"https:\\\/\\\/www.encontrabomretiro.com.br\\\/sobre\\\/cultura-no-bom-retiro\\\/#listItem\",\"name\":\"Cultura Bom Retiro\"}}]},{\"@type\":\"Organization\",\"@id\":\"https:\\\/\\\/www.encontrabomretiro.com.br\\\/sobre\\\/#organization\",\"name\":\"Encontra Bom Retiro\",\"description\":\"Not\\u00edcias, eventos, informa\\u00e7\\u00f5es e dicas no bairro do Bom Retiro e regi\\u00e3o.\",\"url\":\"https:\\\/\\\/www.encontrabomretiro.com.br\\\/sobre\\\/\"},{\"@type\":\"Person\",\"@id\":\"https:\\\/\\\/www.encontrabomretiro.com.br\\\/sobre\\\/author\\\/ebomretiro\\\/#author\",\"url\":\"https:\\\/\\\/www.encontrabomretiro.com.br\\\/sobre\\\/author\\\/ebomretiro\\\/\",\"name\":\"Encontra Bom Retiro\",\"image\":{\"@type\":\"ImageObject\",\"@id\":\"https:\\\/\\\/www.encontrabomretiro.com.br\\\/sobre\\\/acesso-e-integracao-em-espacos-e-equipamentos-de-cultura\\\/#authorImage\",\"url\":\"https:\\\/\\\/secure.gravatar.com\\\/avatar\\\/507340682b8270222e1f208e23198b6ae7e2c6a1033ae84e99bc6bce4f82a387?s=96&d=mm&r=g\",\"width\":96,\"height\":96,\"caption\":\"Encontra Bom Retiro\"}},{\"@type\":\"WebPage\",\"@id\":\"https:\\\/\\\/www.encontrabomretiro.com.br\\\/sobre\\\/acesso-e-integracao-em-espacos-e-equipamentos-de-cultura\\\/#webpage\",\"url\":\"https:\\\/\\\/www.encontrabomretiro.com.br\\\/sobre\\\/acesso-e-integracao-em-espacos-e-equipamentos-de-cultura\\\/\",\"name\":\"Acesso e integra\\u00e7\\u00e3o em espa\\u00e7os e equipamentos de cultura | Encontra Bom Retiro\",\"description\":\"Acesso e integra\\u00e7\\u00e3o em espa\\u00e7os e equipamentos culturais s\\u00e3o essenciais para a sociedade.\",\"inLanguage\":\"pt-BR\",\"isPartOf\":{\"@id\":\"https:\\\/\\\/www.encontrabomretiro.com.br\\\/sobre\\\/#website\"},\"breadcrumb\":{\"@id\":\"https:\\\/\\\/www.encontrabomretiro.com.br\\\/sobre\\\/acesso-e-integracao-em-espacos-e-equipamentos-de-cultura\\\/#breadcrumblist\"},\"author\":{\"@id\":\"https:\\\/\\\/www.encontrabomretiro.com.br\\\/sobre\\\/author\\\/ebomretiro\\\/#author\"},\"creator\":{\"@id\":\"https:\\\/\\\/www.encontrabomretiro.com.br\\\/sobre\\\/author\\\/ebomretiro\\\/#author\"},\"image\":{\"@type\":\"ImageObject\",\"url\":\"https:\\\/\\\/www.encontrabomretiro.com.br\\\/sobre\\\/wp-content\\\/uploads\\\/2026\\\/07\\\/acesso-e-integracao-em-espacos-e-equipamentos-de-cultura.webp\",\"@id\":\"https:\\\/\\\/www.encontrabomretiro.com.br\\\/sobre\\\/acesso-e-integracao-em-espacos-e-equipamentos-de-cultura\\\/#mainImage\",\"width\":280,\"height\":280,\"caption\":\"acesso e integra\\u00e7\\u00e3o em espa\\u00e7os e equipamentos de cultura\"},\"primaryImageOfPage\":{\"@id\":\"https:\\\/\\\/www.encontrabomretiro.com.br\\\/sobre\\\/acesso-e-integracao-em-espacos-e-equipamentos-de-cultura\\\/#mainImage\"},\"datePublished\":\"2026-07-30T03:46:57-02:00\",\"dateModified\":\"2026-07-30T03:46:57-02:00\"},{\"@type\":\"WebSite\",\"@id\":\"https:\\\/\\\/www.encontrabomretiro.com.br\\\/sobre\\\/#website\",\"url\":\"https:\\\/\\\/www.encontrabomretiro.com.br\\\/sobre\\\/\",\"name\":\"Encontra Bom Retiro\",\"description\":\"Not\\u00edcias, eventos, informa\\u00e7\\u00f5es e dicas no bairro do Bom Retiro e regi\\u00e3o.\",\"inLanguage\":\"pt-BR\",\"publisher\":{\"@id\":\"https:\\\/\\\/www.encontrabomretiro.com.br\\\/sobre\\\/#organization\"}}]}\n\t\t<\/script>\n\t\t<!-- All in One SEO -->\n\n","aioseo_head_json":{"title":"Acesso e integra\u00e7\u00e3o em espa\u00e7os e equipamentos de cultura | Encontra Bom Retiro","description":"Acesso e integra\u00e7\u00e3o em espa\u00e7os e equipamentos culturais s\u00e3o essenciais para a sociedade.","canonical_url":"https:\/\/www.encontrabomretiro.com.br\/sobre\/acesso-e-integracao-em-espacos-e-equipamentos-de-cultura\/","robots":"max-image-preview:large","keywords":"","webmasterTools":{"miscellaneous":""},"schema":{"@context":"https:\/\/schema.org","@graph":[{"@type":"Article","@id":"https:\/\/www.encontrabomretiro.com.br\/sobre\/acesso-e-integracao-em-espacos-e-equipamentos-de-cultura\/#article","name":"Acesso e integra\u00e7\u00e3o em espa\u00e7os e equipamentos de cultura | Encontra Bom Retiro","headline":"Acesso e integra\u00e7\u00e3o em espa\u00e7os e equipamentos de cultura","author":{"@id":"https:\/\/www.encontrabomretiro.com.br\/sobre\/author\/ebomretiro\/#author"},"publisher":{"@id":"https:\/\/www.encontrabomretiro.com.br\/sobre\/#organization"},"image":{"@type":"ImageObject","url":"https:\/\/www.encontrabomretiro.com.br\/sobre\/wp-content\/uploads\/2026\/07\/acesso-e-integracao-em-espacos-e-equipamentos-de-cultura.webp","width":280,"height":280,"caption":"acesso e integra\u00e7\u00e3o em espa\u00e7os e equipamentos de cultura"},"datePublished":"2026-07-30T03:46:57-02:00","dateModified":"2026-07-30T03:46:57-02:00","inLanguage":"pt-BR","mainEntityOfPage":{"@id":"https:\/\/www.encontrabomretiro.com.br\/sobre\/acesso-e-integracao-em-espacos-e-equipamentos-de-cultura\/#webpage"},"isPartOf":{"@id":"https:\/\/www.encontrabomretiro.com.br\/sobre\/acesso-e-integracao-em-espacos-e-equipamentos-de-cultura\/#webpage"},"articleSection":"Cultura Bom Retiro"},{"@type":"BreadcrumbList","@id":"https:\/\/www.encontrabomretiro.com.br\/sobre\/acesso-e-integracao-em-espacos-e-equipamentos-de-cultura\/#breadcrumblist","itemListElement":[{"@type":"ListItem","@id":"https:\/\/www.encontrabomretiro.com.br\/sobre#listItem","position":1,"name":"Dom\u00e9stica","item":"https:\/\/www.encontrabomretiro.com.br\/sobre","nextItem":{"@type":"ListItem","@id":"https:\/\/www.encontrabomretiro.com.br\/sobre\/cultura-no-bom-retiro\/#listItem","name":"Cultura Bom Retiro"}},{"@type":"ListItem","@id":"https:\/\/www.encontrabomretiro.com.br\/sobre\/cultura-no-bom-retiro\/#listItem","position":2,"name":"Cultura Bom Retiro","item":"https:\/\/www.encontrabomretiro.com.br\/sobre\/cultura-no-bom-retiro\/","nextItem":{"@type":"ListItem","@id":"https:\/\/www.encontrabomretiro.com.br\/sobre\/acesso-e-integracao-em-espacos-e-equipamentos-de-cultura\/#listItem","name":"Acesso e integra\u00e7\u00e3o em espa\u00e7os e equipamentos de cultura"},"previousItem":{"@type":"ListItem","@id":"https:\/\/www.encontrabomretiro.com.br\/sobre#listItem","name":"Dom\u00e9stica"}},{"@type":"ListItem","@id":"https:\/\/www.encontrabomretiro.com.br\/sobre\/acesso-e-integracao-em-espacos-e-equipamentos-de-cultura\/#listItem","position":3,"name":"Acesso e integra\u00e7\u00e3o em espa\u00e7os e equipamentos de cultura","previousItem":{"@type":"ListItem","@id":"https:\/\/www.encontrabomretiro.com.br\/sobre\/cultura-no-bom-retiro\/#listItem","name":"Cultura Bom Retiro"}}]},{"@type":"Organization","@id":"https:\/\/www.encontrabomretiro.com.br\/sobre\/#organization","name":"Encontra Bom Retiro","description":"Not\u00edcias, eventos, informa\u00e7\u00f5es e dicas no bairro do Bom Retiro e regi\u00e3o.","url":"https:\/\/www.encontrabomretiro.com.br\/sobre\/"},{"@type":"Person","@id":"https:\/\/www.encontrabomretiro.com.br\/sobre\/author\/ebomretiro\/#author","url":"https:\/\/www.encontrabomretiro.com.br\/sobre\/author\/ebomretiro\/","name":"Encontra Bom Retiro","image":{"@type":"ImageObject","@id":"https:\/\/www.encontrabomretiro.com.br\/sobre\/acesso-e-integracao-em-espacos-e-equipamentos-de-cultura\/#authorImage","url":"https:\/\/secure.gravatar.com\/avatar\/507340682b8270222e1f208e23198b6ae7e2c6a1033ae84e99bc6bce4f82a387?s=96&d=mm&r=g","width":96,"height":96,"caption":"Encontra Bom Retiro"}},{"@type":"WebPage","@id":"https:\/\/www.encontrabomretiro.com.br\/sobre\/acesso-e-integracao-em-espacos-e-equipamentos-de-cultura\/#webpage","url":"https:\/\/www.encontrabomretiro.com.br\/sobre\/acesso-e-integracao-em-espacos-e-equipamentos-de-cultura\/","name":"Acesso e integra\u00e7\u00e3o em espa\u00e7os e equipamentos de cultura | Encontra Bom Retiro","description":"Acesso e integra\u00e7\u00e3o em espa\u00e7os e equipamentos culturais s\u00e3o essenciais para a sociedade.","inLanguage":"pt-BR","isPartOf":{"@id":"https:\/\/www.encontrabomretiro.com.br\/sobre\/#website"},"breadcrumb":{"@id":"https:\/\/www.encontrabomretiro.com.br\/sobre\/acesso-e-integracao-em-espacos-e-equipamentos-de-cultura\/#breadcrumblist"},"author":{"@id":"https:\/\/www.encontrabomretiro.com.br\/sobre\/author\/ebomretiro\/#author"},"creator":{"@id":"https:\/\/www.encontrabomretiro.com.br\/sobre\/author\/ebomretiro\/#author"},"image":{"@type":"ImageObject","url":"https:\/\/www.encontrabomretiro.com.br\/sobre\/wp-content\/uploads\/2026\/07\/acesso-e-integracao-em-espacos-e-equipamentos-de-cultura.webp","@id":"https:\/\/www.encontrabomretiro.com.br\/sobre\/acesso-e-integracao-em-espacos-e-equipamentos-de-cultura\/#mainImage","width":280,"height":280,"caption":"acesso e integra\u00e7\u00e3o em espa\u00e7os e equipamentos de cultura"},"primaryImageOfPage":{"@id":"https:\/\/www.encontrabomretiro.com.br\/sobre\/acesso-e-integracao-em-espacos-e-equipamentos-de-cultura\/#mainImage"},"datePublished":"2026-07-30T03:46:57-02:00","dateModified":"2026-07-30T03:46:57-02:00"},{"@type":"WebSite","@id":"https:\/\/www.encontrabomretiro.com.br\/sobre\/#website","url":"https:\/\/www.encontrabomretiro.com.br\/sobre\/","name":"Encontra Bom Retiro","description":"Not\u00edcias, eventos, informa\u00e7\u00f5es e dicas no bairro do Bom Retiro e regi\u00e3o.","inLanguage":"pt-BR","publisher":{"@id":"https:\/\/www.encontrabomretiro.com.br\/sobre\/#organization"}}]},"og:locale":"pt_BR","og:site_name":"Encontra Bom Retiro | Not\u00edcias, eventos, informa\u00e7\u00f5es e dicas no bairro do Bom Retiro e regi\u00e3o.","og:type":"article","og:title":"Acesso e integra\u00e7\u00e3o em espa\u00e7os e equipamentos de cultura | Encontra Bom Retiro","og:description":"Acesso e integra\u00e7\u00e3o em espa\u00e7os e equipamentos culturais s\u00e3o essenciais para a sociedade.","og:url":"https:\/\/www.encontrabomretiro.com.br\/sobre\/acesso-e-integracao-em-espacos-e-equipamentos-de-cultura\/","article:published_time":"2026-07-30T05:46:57+00:00","article:modified_time":"2026-07-30T05:46:57+00:00","twitter:card":"summary_large_image","twitter:title":"Acesso e integra\u00e7\u00e3o em espa\u00e7os e equipamentos de cultura | Encontra Bom Retiro","twitter:description":"Acesso e integra\u00e7\u00e3o em espa\u00e7os e equipamentos culturais s\u00e3o essenciais para a sociedade."},"aioseo_meta_data":{"post_id":"3200","title":null,"description":null,"keywords":null,"keyphrases":null,"primary_term":null,"canonical_url":null,"og_title":null,"og_description":null,"og_object_type":"default","og_image_type":"default","og_image_url":null,"og_image_width":null,"og_image_height":null,"og_image_custom_url":null,"og_image_custom_fields":null,"og_video":null,"og_custom_url":null,"og_article_section":null,"og_article_tags":null,"twitter_use_og":false,"twitter_card":"default","twitter_image_type":"default","twitter_image_url":null,"twitter_image_custom_url":null,"twitter_image_custom_fields":null,"twitter_title":null,"twitter_description":null,"schema":{"blockGraphs":[],"customGraphs":[],"default":{"data":{"Article":[],"Course":[],"Dataset":[],"FAQPage":[],"Movie":[],"Person":[],"Product":[],"ProductReview":[],"Car":[],"Recipe":[],"Service":[],"SoftwareApplication":[],"WebPage":[]},"graphName":"Article","isEnabled":true},"graphs":[]},"schema_type":"default","schema_type_options":null,"pillar_content":false,"robots_default":true,"robots_noindex":false,"robots_noarchive":false,"robots_nosnippet":false,"robots_nofollow":false,"robots_noimageindex":false,"robots_noodp":false,"robots_notranslate":false,"robots_max_snippet":null,"robots_max_videopreview":null,"robots_max_imagepreview":"large","priority":null,"frequency":null,"local_seo":null,"breadcrumb_settings":null,"limit_modified_date":false,"ai":null,"created":"2026-07-30 05:46:59","updated":"2026-07-30 06:00:57","focus_keyword":null,"additional_keywords":null,"truseo_locale":null,"seo_analyzer_scan_date":null},"aioseo_breadcrumb":"<div class=\"aioseo-breadcrumbs\"><span class=\"aioseo-breadcrumb\">\n\t\t\t<a href=\"https:\/\/www.encontrabomretiro.com.br\/sobre\" title=\"Dom\u00e9stica\">Dom\u00e9stica<\/a>\n\t\t<\/span><span class=\"aioseo-breadcrumb-separator\">&raquo;<\/span><span class=\"aioseo-breadcrumb\">\n\t\t\t<a href=\"https:\/\/www.encontrabomretiro.com.br\/sobre\/cultura-no-bom-retiro\/\" title=\"Cultura Bom Retiro\">Cultura Bom Retiro<\/a>\n\t\t<\/span><span class=\"aioseo-breadcrumb-separator\">&raquo;<\/span><span class=\"aioseo-breadcrumb\">\n\t\t\tAcesso e integra\u00e7\u00e3o em espa\u00e7os e equipamentos de cultura\n\t\t<\/span><\/div>","aioseo_breadcrumb_json":[{"label":"Dom\u00e9stica","link":"https:\/\/www.encontrabomretiro.com.br\/sobre"},{"label":"Cultura Bom Retiro","link":"https:\/\/www.encontrabomretiro.com.br\/sobre\/cultura-no-bom-retiro\/"},{"label":"Acesso e integra\u00e7\u00e3o em espa\u00e7os e equipamentos de cultura","link":"https:\/\/www.encontrabomretiro.com.br\/sobre\/acesso-e-integracao-em-espacos-e-equipamentos-de-cultura\/"}],"_links":{"self":[{"href":"https:\/\/www.encontrabomretiro.com.br\/sobre\/wp-json\/wp\/v2\/posts\/3200","targetHints":{"allow":["GET"]}}],"collection":[{"href":"https:\/\/www.encontrabomretiro.com.br\/sobre\/wp-json\/wp\/v2\/posts"}],"about":[{"href":"https:\/\/www.encontrabomretiro.com.br\/sobre\/wp-json\/wp\/v2\/types\/post"}],"author":[{"embeddable":true,"href":"https:\/\/www.encontrabomretiro.com.br\/sobre\/wp-json\/wp\/v2\/users\/1"}],"replies":[{"embeddable":true,"href":"https:\/\/www.encontrabomretiro.com.br\/sobre\/wp-json\/wp\/v2\/comments?post=3200"}],"version-history":[{"count":0,"href":"https:\/\/www.encontrabomretiro.com.br\/sobre\/wp-json\/wp\/v2\/posts\/3200\/revisions"}],"wp:featuredmedia":[{"embeddable":true,"href":"https:\/\/www.encontrabomretiro.com.br\/sobre\/wp-json\/wp\/v2\/media\/3199"}],"wp:attachment":[{"href":"https:\/\/www.encontrabomretiro.com.br\/sobre\/wp-json\/wp\/v2\/media?parent=3200"}],"wp:term":[{"taxonomy":"category","embeddable":true,"href":"https:\/\/www.encontrabomretiro.com.br\/sobre\/wp-json\/wp\/v2\/categories?post=3200"},{"taxonomy":"post_tag","embeddable":true,"href":"https:\/\/www.encontrabomretiro.com.br\/sobre\/wp-json\/wp\/v2\/tags?post=3200"}],"curies":[{"name":"wp","href":"https:\/\/api.w.org\/{rel}","templated":true}]}}