{"id":3184,"date":"2026-07-27T04:34:49","date_gmt":"2026-07-27T06:34:49","guid":{"rendered":"https:\/\/www.encontrabomretiro.com.br\/sobre\/ferias-radicais-evento-gratuito-reune-esportes-de-aventura-em-sao-paulo\/"},"modified":"2026-07-27T04:34:49","modified_gmt":"2026-07-27T06:34:49","slug":"ferias-radicais-evento-gratuito-reune-esportes-de-aventura-em-sao-paulo","status":"publish","type":"post","link":"https:\/\/www.encontrabomretiro.com.br\/sobre\/ferias-radicais-evento-gratuito-reune-esportes-de-aventura-em-sao-paulo\/","title":{"rendered":"F\u00e9rias radicais: evento gratuito re\u00fane esportes de aventura em S\u00e3o Paulo"},"content":{"rendered":"<div class=\"228b65ae207de3c5c501cfe75875708b\" data-index=\"1\" style=\"float: none; margin:0px;\">\n<!-- Anuncio display - global -->\r\n<ins class=\"adsbygoogle\"\r\n     style=\"display:block\"\r\n     data-ad-client=\"ca-pub-8585364105181520\"\r\n     data-ad-slot=\"8789329856\"\r\n     data-ad-format=\"auto\"\r\n     data-full-width-responsive=\"true\"><\/ins>\r\n<script>\r\n     (adsbygoogle = window.adsbygoogle || []).push({});\r\n<\/script>\n<\/div>\n<h2>F\u00e9rias Radicais: Evento Imperd\u00edvel em S\u00e3o Paulo<\/h2>\n<p>As f\u00e9rias podem se transformar em um verdadeiro desafio para muitas fam\u00edlias que procuram por op\u00e7\u00f5es de entretenimento que agradem a todos, desde crian\u00e7as at\u00e9 adultos, sem pesar no bolso. Em <strong>S\u00e3o Paulo<\/strong>, surge uma \u00f3tima oportunidade para unir divers\u00e3o e aventura. Entre os dias <strong>20 de julho<\/strong> e <strong>5 de agosto<\/strong>, o <strong>Centro de Esportes Radicais<\/strong>, localizado no <strong>Bom Retiro<\/strong>, ser\u00e1 palco da segunda edi\u00e7\u00e3o do <strong>F\u00e9rias Radicais<\/strong>. Este evento gratuito \u00e9 dedicado aos amantes de esportes de aventura e tamb\u00e9m oferece atra\u00e7\u00f5es voltadas para crian\u00e7as e pessoas com defici\u00eancia.<\/p>\n<h2>Atra\u00e7\u00f5es Imperd\u00edveis nas F\u00e9rias Radicais<\/h2>\n<p>O <strong>F\u00e9rias Radicais<\/strong> apresenta uma gama diversificada de atividades, que v\u00e3o desde desafios emocionantes at\u00e9 propostas que favorecem a inclus\u00e3o. O evento, idealizado pela <strong>Prefeitura de S\u00e3o Paulo<\/strong> e gerido pela <strong>Secretaria Municipal de Turismo<\/strong> (SMTUR), em colabora\u00e7\u00e3o com a <strong>Liga de Esportes Radicais<\/strong>, oferecer\u00e1 programa\u00e7\u00e3o di\u00e1ria das 10h \u00e0s 18h, com a previs\u00e3o de receber at\u00e9 <strong>60 mil visitantes<\/strong> durante o evento.<\/p>\n<ul>\n<li><strong>Mega Tirolesa:<\/strong> Com cerca de <strong>80 metros<\/strong> de extens\u00e3o, esta atra\u00e7\u00e3o proporciona uma experi\u00eancia \u00fanica, onde os participantes podem deslizar por cabos de a\u00e7o enquanto desfrutam de uma vista panor\u00e2mica do Centro da cidade.<\/li>\n<li><strong>Arvorismo:<\/strong> Um circuito projetado com passarelas, cordas e obst\u00e1culos para testar o equil\u00edbrio e a destreza. A atividade \u00e9 conclu\u00edda com uma descida de rapel.<\/li>\n<li><strong>Paredes de Escalada:<\/strong> Uma parede de escalada de aproximadamente <strong>10 metros<\/strong> est\u00e1 dispon\u00edvel para iniciantes e escaladores experientes, com acompanhamento de instrutores qualificados.<\/li>\n<li><strong>Rapel em Plataforma Suspensa:<\/strong> Essa experi\u00eancia adrenalizante inclui descer de uma plataforma elevada enquanto artistas circenses apresentam performances acrob\u00e1ticas.<\/li>\n<li><strong>Simulador de Asa Delta:<\/strong> Uma maneira segura de sentir a emo\u00e7\u00e3o do voo, com movimentos que imitam os de um verdadeiro voo livre, mantendo o participante no ch\u00e3o.<\/li>\n<\/ul>\n<p>As atividades s\u00e3o organizadas para garantir que todos possam participar, independentemente do n\u00edvel de experi\u00eancia.<\/p>\n<p><img decoding=\"async\" src=\"https:\/\/www.encontrabomretiro.com.br\/sobre\/wp-content\/uploads\/2026\/07\/ferias-radicais-evento-gratuito-reune-esportes-de-aventura-em-sao-paulo.webp\" alt=\"F\u00e9rias Radicais\" loading=\"lazy\" \/><\/p>\n<h2>Atividades de Aventura para Todas as Idades<\/h2>\n<p>O <strong>F\u00e9rias Radicais<\/strong> n\u00e3o esquece os pequenos: um espa\u00e7o dedicado \u00e0s crian\u00e7as estar\u00e1 dispon\u00edvel, oferecendo diversas atra\u00e7\u00f5es adaptadas para diferentes idades. Entre as op\u00e7\u00f5es est\u00e3o:<\/p>\n<ul>\n<li><strong>Mini Bungee Jumping:<\/strong> Uma vers\u00e3o reduzida do bungee, ideal para que os pequenos sintam a emo\u00e7\u00e3o de maneira segura.<\/li>\n<li><strong>Simulador Infantil de Asa Delta:<\/strong> Uma alternativa mais acess\u00edvel para as crian\u00e7as vivenciarem a sensa\u00e7\u00e3o de voar.<\/li>\n<li><strong>Circuito Psicomotor:<\/strong> Atividades que estimulam as habilidades motoras das crian\u00e7as.<\/li>\n<li><strong>Oficinas Criativas:<\/strong> Espa\u00e7os de aprendizado e explora\u00e7\u00e3o art\u00edstica para os pequenos.<\/li>\n<li><strong>Gincanas e Brincadeiras:<\/strong> Propostas que incentivam a intera\u00e7\u00e3o entre pais e filhos, promovendo momentos de divers\u00e3o em fam\u00edlia.<\/li>\n<\/ul>\n<p>Essas atividades t\u00eam como objetivo n\u00e3o apenas divertir, mas tamb\u00e9m promover o bem-estar e a conviv\u00eancia familiar.<\/p>\n<h2>Inclus\u00e3o no Evento: Atividades para Todos<\/h2>\n<p>Um dos grandes destaques do <strong>F\u00e9rias Radicais<\/strong> \u00e9 o comprometimento com a inclus\u00e3o. Para isso, a organiza\u00e7\u00e3o criou um <strong>bal\u00e3o cativo acess\u00edvel<\/strong>, que possibilita que pessoas com mobilidade reduzida, incluindo cadeirantes e pessoas com defici\u00eancia, tenham a oportunidade de aproveitar a experi\u00eancia de voar.<\/p>\n<p>Este bal\u00e3o especial \u00e9 fixado ao solo por cabos de seguran\u00e7a e realiza subidas controladas, permitindo voos entre cinco e oito minutos com capacidade para at\u00e9 seis pessoas por vez. A estrutura conta com adapta\u00e7\u00f5es que facilitam o acesso e garantem que todos possam participar das atra\u00e7\u00f5es.<\/p>\n<h2>Programa\u00e7\u00e3o Completa de F\u00e9rias Radicais<\/h2>\n<p>A completa programa\u00e7\u00e3o do <strong>F\u00e9rias Radicais<\/strong> promete entretenimento cotidiano e \u00e9 uma \u00f3tima oportunidade de conhecer novas modalidades de esportes. A seguir, confira a programa\u00e7\u00e3o:<\/p>\n<table>\n<tr>\n<th>Data<\/th>\n<th>Atividade<\/th>\n<th>Hor\u00e1rio<\/th>\n<\/tr>\n<tr>\n<td>20 de julho<\/td>\n<td>Abertura<\/td>\n<td>10h &#8211; 18h<\/td>\n<\/tr>\n<tr>\n<td>21 de julho<\/td>\n<td>Arvorismo<\/td>\n<td>10h &#8211; 18h<\/td>\n<\/tr>\n<tr>\n<td>22 de julho<\/td>\n<td>Mega Tirolesa<\/td>\n<td>10h &#8211; 18h<\/td>\n<\/tr>\n<tr>\n<td>23 de julho<\/td>\n<td>Parede de Escalada<\/td>\n<td>10h &#8211; 18h<\/td>\n<\/tr>\n<tr>\n<td>24 de julho<\/td>\n<td>Rapel<\/td>\n<td>10h &#8211; 18h<\/td>\n<\/tr>\n<tr>\n<td>25 de julho<\/td>\n<td>Simulador de Asa Delta<\/td>\n<td>10h &#8211; 18h<\/td>\n<\/tr>\n<tr>\n<td>26 de julho<\/td>\n<td>\u00c1rea Infantil<\/td>\n<td>10h &#8211; 18h<\/td>\n<\/tr>\n<\/table>\n<p>As atividades se repetir\u00e3opor um per\u00edodo determinado, permitindo que todos tenham a chance de experimentar os esportes oferecidos. A entrada \u00e9 completamente gratuita, representando uma valiosa oportunidade de lazer para os cidad\u00e3os e visitantes.<\/p>\n<h2>Seguran\u00e7a nas Atividades: Como Funciona?<\/h2>\n<p>Um aspecto fundamental para o sucesso do <strong>F\u00e9rias Radicais<\/strong> \u00e9 a seguran\u00e7a dos participantes. Todas as atividades s\u00e3o realizadas com equipamentos de prote\u00e7\u00e3o certificados e supervisionadas por equipes de profissionais qualificados. O evento disponibiliza:<\/p>\n<ul>\n<li><strong>Equipamentos Certificados:<\/strong> Todos os equipamentos utilizados nas atividades s\u00e3o rigorosamente inspecionados para garantir a seguran\u00e7a de todos os envolvidos.<\/li>\n<li><strong>Acompanhamento de Instrutores:<\/strong> Instrutores experientes estar\u00e3o presentes para orientar os participantes durante o evento, assegurando que todos possam aproveitar as atividades de maneira segura.<\/li>\n<li><strong>Protocolos de Seguran\u00e7a:<\/strong> A organiza\u00e7\u00e3o segue protocolos de seguran\u00e7a padronizados que permitem resgates e atendimentos r\u00e1pidos, em caso de qualquer eventualidade.<\/li>\n<\/ul>\n<p>Essas medidas t\u00eam como objetivo proporcionar uma experi\u00eancia tranquila e segura para todos os p\u00fablicos envolvidos.<\/p>\n<h2>O Papel da Prefeitura na Realiza\u00e7\u00e3o do Evento<\/h2>\n<p>A <strong>Prefeitura de S\u00e3o Paulo<\/strong> tem se mostrado bastante ativa na promo\u00e7\u00e3o de eventos que incentivem a ocupa\u00e7\u00e3o dos espa\u00e7os p\u00fablicos e fomentem a economia local. Segundo <strong>Gustavo Lopes de Souza<\/strong>, secret\u00e1rio municipal de turismo: &#8220;O fortalecimento do calend\u00e1rio de eventos da cidade \u00e9 uma das nossas prioridades, e o <strong>F\u00e9rias Radicais<\/strong> \u00e9 um exemplo perfeito de como podemos unir lazer, esporte e turismo de forma gratuita para a popula\u00e7\u00e3o. Queremos que as fam\u00edlias paulistanas e os visitantes aproveitem S\u00e3o Paulo durante todo o ano.&#8221;<\/p>\n<p>O evento, ao promover o turismo na regi\u00e3o central, tamb\u00e9m tem um papel importante na movimenta\u00e7\u00e3o do com\u00e9rcio e dos servi\u00e7os da \u00e1rea, contribuindo para o desenvolvimento social e econ\u00f4mico da cidade.<\/p>\n<h2>Depoimentos de Participantes das Edi\u00e7\u00f5es Anteriores<\/h2>\n<p>Participantes das edi\u00e7\u00f5es passadas do <strong>F\u00e9rias Radicais<\/strong> t\u00eam compartilhado experi\u00eancias positivas sobre o evento. Muitos destacam o ambiente familiar e a variedade de atividades dispon\u00edveis. Confira alguns testemunhos:<\/p>\n<ul>\n<li><strong>Maria Clara, 32 anos:<\/strong> &#8220;Foi incr\u00edvel! Meus filhos adoraram as atra\u00e7\u00f5es e n\u00f3s conseguimos passar um dia divertido juntos. A \u00e1rea infantil \u00e9 super segura e bem planejada!&#8221;<\/li>\n<li><strong>Jo\u00e3o, 29 anos:<\/strong> &#8220;Amei a Mega Tirolesa! Nunca tinha experimentado algo assim antes e a equipe foi super atenciosa, me passando confian\u00e7a durante todo o percurso.&#8221;<\/li>\n<\/ul>\n<p>Esses depoimentos refletem a proposta de criar uma experi\u00eancia positiva e acess\u00edvel para todos, tornando o evento uma op\u00e7\u00e3o desej\u00e1vel para o lazer em fam\u00edlia.<\/p>\n<h2>Localiza\u00e7\u00e3o e Acessibilidade do Centro de Esportes<\/h2>\n<p>O <strong>Centro de Esportes Radicais<\/strong> est\u00e1 situado na <strong>Avenida Presidente Castelo Branco, 5.700, Bom Retiro, S\u00e3o Paulo<\/strong>. A localiza\u00e7\u00e3o central \u00e9 ideal para toda a popula\u00e7\u00e3o, facilitando o acesso aos visitantes de diversas regi\u00f5es da cidade.<\/p>\n<p>Al\u00e9m disso, o centro \u00e9 equipado com infraestrutura que garante a acessibilidade a pessoas com diferentes graus de mobilidade, permitindo que todos possam aproveitar aos m\u00e1ximo as experi\u00eancias oferecidas no evento.<\/p>\n<h2>Benef\u00edcios das Atividades F\u00edsicas nas F\u00e9rias<\/h2>\n<p>Participar de atividades de aventura durante as f\u00e9rias n\u00e3o s\u00f3 proporciona divers\u00e3o, mas tamb\u00e9m traz muitos benef\u00edcios \u00e0 sa\u00fade f\u00edsica e mental. Entre os principais benef\u00edcios est\u00e3o:<\/p>\n<ul>\n<li><strong>Melhora na Condi\u00e7\u00e3o F\u00edsica:<\/strong> A pr\u00e1tica de esportes ajudar\u00e1 a aumentar a resist\u00eancia, for\u00e7a e flexibilidade dos participantes.<\/li>\n<li><strong>Redu\u00e7\u00e3o do Estresse:<\/strong> Exercitar-se ao ar livre e participar de atividades divertidas ajuda a aliviar tens\u00f5es e ansiedades acumuladas.<\/li>\n<li><strong>Incentivo \u00e0 Conviv\u00eancia Familiar:<\/strong> O F\u00e9rias Radicais oferece um espa\u00e7o seguro para a intera\u00e7\u00e3o entre fam\u00edlias, fortalecendo la\u00e7os e proporcionado momentos memor\u00e1veis.<\/li>\n<\/ul>\n<p>Dessa forma, o evento n\u00e3o \u00e9 apenas uma forma de lazer, mas tamb\u00e9m uma contribui\u00e7\u00e3o significativa para o bem-estar e a sa\u00fade da popula\u00e7\u00e3o.<\/p>\n<h2>Dicas para Aproveitar ao M\u00e1ximo o Evento<\/h2>\n<p>Para garantir uma experi\u00eancia ainda melhor no <strong>F\u00e9rias Radicais<\/strong>, algumas sugest\u00f5es podem ser \u00fateis:<\/p>\n<ul>\n<li><strong>Chegue Cedo:<\/strong> Com Chegar cedo, voc\u00ea poder\u00e1 desfrutar de todas as atra\u00e7\u00f5es com menos filas e mais tranquilidade.<\/li>\n<li><strong>Use Roupas Confort\u00e1veis:<\/strong> Vista roupas e cal\u00e7ados apropriados, que permitam liberdade de movimento durante as atividades.<\/li>\n<li><strong>Mantenha-se Hidratado:<\/strong> Traga uma garrafinha de \u00e1gua para garantir que voc\u00ea esteja sempre hidratado durante o evento.<\/li>\n<li><strong>Interaja com a Equipe:<\/strong> Os instrutores est\u00e3o l\u00e1 para te ajudar, n\u00e3o hesite em faz\u00ea-los perguntas para aproveitar ao m\u00e1ximo a sua experi\u00eancia.<\/li>\n<\/ul>\n<p>Com essas dicas, voc\u00ea poder\u00e1 maximizar sua divers\u00e3o e seguran\u00e7a ao longo da programa\u00e7\u00e3o do F\u00e9rias Radicais.<\/p>\n<p>N\u00e3o perca a oportunidade de participar desse evento recheado de adrenalina e experi\u00eancias enriquecedoras, que promete agradar a todos os p\u00fablicos. O <strong>F\u00e9rias Radicais<\/strong> \u00e9 uma excelente maneira de celebrar as f\u00e9rias em fam\u00edlia e curtir momentos inesquec\u00edveis em S\u00e3o Paulo!<\/p>\n\n<div style=\"font-size: 0px; height: 0px; line-height: 0px; margin: 0; padding: 0; clear: both;\"><\/div>","protected":false},"excerpt":{"rendered":"<p>F\u00e9rias Radicais em S\u00e3o Paulo oferece aventura gratuita at\u00e9 5 de agosto.<\/p>\n","protected":false},"author":1,"featured_media":3183,"comment_status":"open","ping_status":"closed","sticky":false,"template":"","format":"standard","meta":{"footnotes":""},"categories":[6],"tags":[],"class_list":["post-3184","post","type-post","status-publish","format-standard","has-post-thumbnail","hentry","category-noticias-no-bom-retiro","has_thumb"],"aioseo_notices":[],"aioseo_head":"\n\t\t<!-- All in One SEO 5.0.0.1 - aioseo.com -->\n\t<meta name=\"description\" content=\"F\u00e9rias Radicais em S\u00e3o Paulo oferece aventura gratuita at\u00e9 5 de agosto.\" \/>\n\t<meta name=\"robots\" content=\"max-image-preview:large\" \/>\n\t<meta name=\"author\" content=\"Encontra Bom Retiro\"\/>\n\t<link rel=\"canonical\" href=\"https:\/\/www.encontrabomretiro.com.br\/sobre\/ferias-radicais-evento-gratuito-reune-esportes-de-aventura-em-sao-paulo\/\" \/>\n\t<meta name=\"generator\" content=\"All in One SEO (AIOSEO) 5.0.0.1\" \/>\n\t\t<meta property=\"og:locale\" content=\"pt_BR\" \/>\n\t\t<meta property=\"og:site_name\" content=\"Encontra Bom Retiro | Not\u00edcias, eventos, informa\u00e7\u00f5es e dicas no bairro do Bom Retiro e regi\u00e3o.\" \/>\n\t\t<meta property=\"og:type\" content=\"article\" \/>\n\t\t<meta property=\"og:title\" content=\"F\u00e9rias radicais: evento gratuito re\u00fane esportes de aventura em S\u00e3o Paulo | Encontra Bom Retiro\" \/>\n\t\t<meta property=\"og:description\" content=\"F\u00e9rias Radicais em S\u00e3o Paulo oferece aventura gratuita at\u00e9 5 de agosto.\" \/>\n\t\t<meta property=\"og:url\" content=\"https:\/\/www.encontrabomretiro.com.br\/sobre\/ferias-radicais-evento-gratuito-reune-esportes-de-aventura-em-sao-paulo\/\" \/>\n\t\t<meta property=\"article:published_time\" content=\"2026-07-27T06:34:49+00:00\" \/>\n\t\t<meta property=\"article:modified_time\" content=\"2026-07-27T06:34:49+00:00\" \/>\n\t\t<meta name=\"twitter:card\" content=\"summary_large_image\" \/>\n\t\t<meta name=\"twitter:title\" content=\"F\u00e9rias radicais: evento gratuito re\u00fane esportes de aventura em S\u00e3o Paulo | Encontra Bom Retiro\" \/>\n\t\t<meta name=\"twitter:description\" content=\"F\u00e9rias Radicais em S\u00e3o Paulo oferece aventura gratuita at\u00e9 5 de agosto.\" \/>\n\t\t<script type=\"application\/ld+json\" class=\"aioseo-schema\">\n\t\t\t{\"@context\":\"https:\\\/\\\/schema.org\",\"@graph\":[{\"@type\":\"Article\",\"@id\":\"https:\\\/\\\/www.encontrabomretiro.com.br\\\/sobre\\\/ferias-radicais-evento-gratuito-reune-esportes-de-aventura-em-sao-paulo\\\/#article\",\"name\":\"F\\u00e9rias radicais: evento gratuito re\\u00fane esportes de aventura em S\\u00e3o Paulo | Encontra Bom Retiro\",\"headline\":\"F\\u00e9rias radicais: evento gratuito re\\u00fane esportes de aventura em S\\u00e3o Paulo\",\"author\":{\"@id\":\"https:\\\/\\\/www.encontrabomretiro.com.br\\\/sobre\\\/author\\\/ebomretiro\\\/#author\"},\"publisher\":{\"@id\":\"https:\\\/\\\/www.encontrabomretiro.com.br\\\/sobre\\\/#organization\"},\"image\":{\"@type\":\"ImageObject\",\"url\":\"https:\\\/\\\/www.encontrabomretiro.com.br\\\/sobre\\\/wp-content\\\/uploads\\\/2026\\\/07\\\/ferias-radicais-evento-gratuito-reune-esportes-de-aventura-em-sao-paulo.webp\",\"width\":280,\"height\":280,\"caption\":\"F\\u00e9rias Radicais\"},\"datePublished\":\"2026-07-27T04:34:49-02:00\",\"dateModified\":\"2026-07-27T04:34:49-02:00\",\"inLanguage\":\"pt-BR\",\"mainEntityOfPage\":{\"@id\":\"https:\\\/\\\/www.encontrabomretiro.com.br\\\/sobre\\\/ferias-radicais-evento-gratuito-reune-esportes-de-aventura-em-sao-paulo\\\/#webpage\"},\"isPartOf\":{\"@id\":\"https:\\\/\\\/www.encontrabomretiro.com.br\\\/sobre\\\/ferias-radicais-evento-gratuito-reune-esportes-de-aventura-em-sao-paulo\\\/#webpage\"},\"articleSection\":\"Not\\u00edcias Bom Retiro\"},{\"@type\":\"BreadcrumbList\",\"@id\":\"https:\\\/\\\/www.encontrabomretiro.com.br\\\/sobre\\\/ferias-radicais-evento-gratuito-reune-esportes-de-aventura-em-sao-paulo\\\/#breadcrumblist\",\"itemListElement\":[{\"@type\":\"ListItem\",\"@id\":\"https:\\\/\\\/www.encontrabomretiro.com.br\\\/sobre#listItem\",\"position\":1,\"name\":\"Dom\\u00e9stica\",\"item\":\"https:\\\/\\\/www.encontrabomretiro.com.br\\\/sobre\",\"nextItem\":{\"@type\":\"ListItem\",\"@id\":\"https:\\\/\\\/www.encontrabomretiro.com.br\\\/sobre\\\/noticias-no-bom-retiro\\\/#listItem\",\"name\":\"Not\\u00edcias Bom Retiro\"}},{\"@type\":\"ListItem\",\"@id\":\"https:\\\/\\\/www.encontrabomretiro.com.br\\\/sobre\\\/noticias-no-bom-retiro\\\/#listItem\",\"position\":2,\"name\":\"Not\\u00edcias Bom Retiro\",\"item\":\"https:\\\/\\\/www.encontrabomretiro.com.br\\\/sobre\\\/noticias-no-bom-retiro\\\/\",\"nextItem\":{\"@type\":\"ListItem\",\"@id\":\"https:\\\/\\\/www.encontrabomretiro.com.br\\\/sobre\\\/ferias-radicais-evento-gratuito-reune-esportes-de-aventura-em-sao-paulo\\\/#listItem\",\"name\":\"F\\u00e9rias radicais: evento gratuito re\\u00fane esportes de aventura em S\\u00e3o Paulo\"},\"previousItem\":{\"@type\":\"ListItem\",\"@id\":\"https:\\\/\\\/www.encontrabomretiro.com.br\\\/sobre#listItem\",\"name\":\"Dom\\u00e9stica\"}},{\"@type\":\"ListItem\",\"@id\":\"https:\\\/\\\/www.encontrabomretiro.com.br\\\/sobre\\\/ferias-radicais-evento-gratuito-reune-esportes-de-aventura-em-sao-paulo\\\/#listItem\",\"position\":3,\"name\":\"F\\u00e9rias radicais: evento gratuito re\\u00fane esportes de aventura em S\\u00e3o Paulo\",\"previousItem\":{\"@type\":\"ListItem\",\"@id\":\"https:\\\/\\\/www.encontrabomretiro.com.br\\\/sobre\\\/noticias-no-bom-retiro\\\/#listItem\",\"name\":\"Not\\u00edcias Bom Retiro\"}}]},{\"@type\":\"Organization\",\"@id\":\"https:\\\/\\\/www.encontrabomretiro.com.br\\\/sobre\\\/#organization\",\"name\":\"Encontra Bom Retiro\",\"description\":\"Not\\u00edcias, eventos, informa\\u00e7\\u00f5es e dicas no bairro do Bom Retiro e regi\\u00e3o.\",\"url\":\"https:\\\/\\\/www.encontrabomretiro.com.br\\\/sobre\\\/\"},{\"@type\":\"Person\",\"@id\":\"https:\\\/\\\/www.encontrabomretiro.com.br\\\/sobre\\\/author\\\/ebomretiro\\\/#author\",\"url\":\"https:\\\/\\\/www.encontrabomretiro.com.br\\\/sobre\\\/author\\\/ebomretiro\\\/\",\"name\":\"Encontra Bom Retiro\",\"image\":{\"@type\":\"ImageObject\",\"@id\":\"https:\\\/\\\/www.encontrabomretiro.com.br\\\/sobre\\\/ferias-radicais-evento-gratuito-reune-esportes-de-aventura-em-sao-paulo\\\/#authorImage\",\"url\":\"https:\\\/\\\/secure.gravatar.com\\\/avatar\\\/507340682b8270222e1f208e23198b6ae7e2c6a1033ae84e99bc6bce4f82a387?s=96&d=mm&r=g\",\"width\":96,\"height\":96,\"caption\":\"Encontra Bom Retiro\"}},{\"@type\":\"WebPage\",\"@id\":\"https:\\\/\\\/www.encontrabomretiro.com.br\\\/sobre\\\/ferias-radicais-evento-gratuito-reune-esportes-de-aventura-em-sao-paulo\\\/#webpage\",\"url\":\"https:\\\/\\\/www.encontrabomretiro.com.br\\\/sobre\\\/ferias-radicais-evento-gratuito-reune-esportes-de-aventura-em-sao-paulo\\\/\",\"name\":\"F\\u00e9rias radicais: evento gratuito re\\u00fane esportes de aventura em S\\u00e3o Paulo | Encontra Bom Retiro\",\"description\":\"F\\u00e9rias Radicais em S\\u00e3o Paulo oferece aventura gratuita at\\u00e9 5 de agosto.\",\"inLanguage\":\"pt-BR\",\"isPartOf\":{\"@id\":\"https:\\\/\\\/www.encontrabomretiro.com.br\\\/sobre\\\/#website\"},\"breadcrumb\":{\"@id\":\"https:\\\/\\\/www.encontrabomretiro.com.br\\\/sobre\\\/ferias-radicais-evento-gratuito-reune-esportes-de-aventura-em-sao-paulo\\\/#breadcrumblist\"},\"author\":{\"@id\":\"https:\\\/\\\/www.encontrabomretiro.com.br\\\/sobre\\\/author\\\/ebomretiro\\\/#author\"},\"creator\":{\"@id\":\"https:\\\/\\\/www.encontrabomretiro.com.br\\\/sobre\\\/author\\\/ebomretiro\\\/#author\"},\"image\":{\"@type\":\"ImageObject\",\"url\":\"https:\\\/\\\/www.encontrabomretiro.com.br\\\/sobre\\\/wp-content\\\/uploads\\\/2026\\\/07\\\/ferias-radicais-evento-gratuito-reune-esportes-de-aventura-em-sao-paulo.webp\",\"@id\":\"https:\\\/\\\/www.encontrabomretiro.com.br\\\/sobre\\\/ferias-radicais-evento-gratuito-reune-esportes-de-aventura-em-sao-paulo\\\/#mainImage\",\"width\":280,\"height\":280,\"caption\":\"F\\u00e9rias Radicais\"},\"primaryImageOfPage\":{\"@id\":\"https:\\\/\\\/www.encontrabomretiro.com.br\\\/sobre\\\/ferias-radicais-evento-gratuito-reune-esportes-de-aventura-em-sao-paulo\\\/#mainImage\"},\"datePublished\":\"2026-07-27T04:34:49-02:00\",\"dateModified\":\"2026-07-27T04:34:49-02:00\"},{\"@type\":\"WebSite\",\"@id\":\"https:\\\/\\\/www.encontrabomretiro.com.br\\\/sobre\\\/#website\",\"url\":\"https:\\\/\\\/www.encontrabomretiro.com.br\\\/sobre\\\/\",\"name\":\"Encontra Bom Retiro\",\"description\":\"Not\\u00edcias, eventos, informa\\u00e7\\u00f5es e dicas no bairro do Bom Retiro e regi\\u00e3o.\",\"inLanguage\":\"pt-BR\",\"publisher\":{\"@id\":\"https:\\\/\\\/www.encontrabomretiro.com.br\\\/sobre\\\/#organization\"}}]}\n\t\t<\/script>\n\t\t<!-- All in One SEO -->\n\n","aioseo_head_json":{"title":"F\u00e9rias radicais: evento gratuito re\u00fane esportes de aventura em S\u00e3o Paulo | Encontra Bom Retiro","description":"F\u00e9rias Radicais em S\u00e3o Paulo oferece aventura gratuita at\u00e9 5 de agosto.","canonical_url":"https:\/\/www.encontrabomretiro.com.br\/sobre\/ferias-radicais-evento-gratuito-reune-esportes-de-aventura-em-sao-paulo\/","robots":"max-image-preview:large","keywords":"","webmasterTools":{"miscellaneous":""},"schema":{"@context":"https:\/\/schema.org","@graph":[{"@type":"Article","@id":"https:\/\/www.encontrabomretiro.com.br\/sobre\/ferias-radicais-evento-gratuito-reune-esportes-de-aventura-em-sao-paulo\/#article","name":"F\u00e9rias radicais: evento gratuito re\u00fane esportes de aventura em S\u00e3o Paulo | Encontra Bom Retiro","headline":"F\u00e9rias radicais: evento gratuito re\u00fane esportes de aventura em S\u00e3o Paulo","author":{"@id":"https:\/\/www.encontrabomretiro.com.br\/sobre\/author\/ebomretiro\/#author"},"publisher":{"@id":"https:\/\/www.encontrabomretiro.com.br\/sobre\/#organization"},"image":{"@type":"ImageObject","url":"https:\/\/www.encontrabomretiro.com.br\/sobre\/wp-content\/uploads\/2026\/07\/ferias-radicais-evento-gratuito-reune-esportes-de-aventura-em-sao-paulo.webp","width":280,"height":280,"caption":"F\u00e9rias Radicais"},"datePublished":"2026-07-27T04:34:49-02:00","dateModified":"2026-07-27T04:34:49-02:00","inLanguage":"pt-BR","mainEntityOfPage":{"@id":"https:\/\/www.encontrabomretiro.com.br\/sobre\/ferias-radicais-evento-gratuito-reune-esportes-de-aventura-em-sao-paulo\/#webpage"},"isPartOf":{"@id":"https:\/\/www.encontrabomretiro.com.br\/sobre\/ferias-radicais-evento-gratuito-reune-esportes-de-aventura-em-sao-paulo\/#webpage"},"articleSection":"Not\u00edcias Bom Retiro"},{"@type":"BreadcrumbList","@id":"https:\/\/www.encontrabomretiro.com.br\/sobre\/ferias-radicais-evento-gratuito-reune-esportes-de-aventura-em-sao-paulo\/#breadcrumblist","itemListElement":[{"@type":"ListItem","@id":"https:\/\/www.encontrabomretiro.com.br\/sobre#listItem","position":1,"name":"Dom\u00e9stica","item":"https:\/\/www.encontrabomretiro.com.br\/sobre","nextItem":{"@type":"ListItem","@id":"https:\/\/www.encontrabomretiro.com.br\/sobre\/noticias-no-bom-retiro\/#listItem","name":"Not\u00edcias Bom Retiro"}},{"@type":"ListItem","@id":"https:\/\/www.encontrabomretiro.com.br\/sobre\/noticias-no-bom-retiro\/#listItem","position":2,"name":"Not\u00edcias Bom Retiro","item":"https:\/\/www.encontrabomretiro.com.br\/sobre\/noticias-no-bom-retiro\/","nextItem":{"@type":"ListItem","@id":"https:\/\/www.encontrabomretiro.com.br\/sobre\/ferias-radicais-evento-gratuito-reune-esportes-de-aventura-em-sao-paulo\/#listItem","name":"F\u00e9rias radicais: evento gratuito re\u00fane esportes de aventura em S\u00e3o Paulo"},"previousItem":{"@type":"ListItem","@id":"https:\/\/www.encontrabomretiro.com.br\/sobre#listItem","name":"Dom\u00e9stica"}},{"@type":"ListItem","@id":"https:\/\/www.encontrabomretiro.com.br\/sobre\/ferias-radicais-evento-gratuito-reune-esportes-de-aventura-em-sao-paulo\/#listItem","position":3,"name":"F\u00e9rias radicais: evento gratuito re\u00fane esportes de aventura em S\u00e3o Paulo","previousItem":{"@type":"ListItem","@id":"https:\/\/www.encontrabomretiro.com.br\/sobre\/noticias-no-bom-retiro\/#listItem","name":"Not\u00edcias Bom Retiro"}}]},{"@type":"Organization","@id":"https:\/\/www.encontrabomretiro.com.br\/sobre\/#organization","name":"Encontra Bom Retiro","description":"Not\u00edcias, eventos, informa\u00e7\u00f5es e dicas no bairro do Bom Retiro e regi\u00e3o.","url":"https:\/\/www.encontrabomretiro.com.br\/sobre\/"},{"@type":"Person","@id":"https:\/\/www.encontrabomretiro.com.br\/sobre\/author\/ebomretiro\/#author","url":"https:\/\/www.encontrabomretiro.com.br\/sobre\/author\/ebomretiro\/","name":"Encontra Bom Retiro","image":{"@type":"ImageObject","@id":"https:\/\/www.encontrabomretiro.com.br\/sobre\/ferias-radicais-evento-gratuito-reune-esportes-de-aventura-em-sao-paulo\/#authorImage","url":"https:\/\/secure.gravatar.com\/avatar\/507340682b8270222e1f208e23198b6ae7e2c6a1033ae84e99bc6bce4f82a387?s=96&d=mm&r=g","width":96,"height":96,"caption":"Encontra Bom Retiro"}},{"@type":"WebPage","@id":"https:\/\/www.encontrabomretiro.com.br\/sobre\/ferias-radicais-evento-gratuito-reune-esportes-de-aventura-em-sao-paulo\/#webpage","url":"https:\/\/www.encontrabomretiro.com.br\/sobre\/ferias-radicais-evento-gratuito-reune-esportes-de-aventura-em-sao-paulo\/","name":"F\u00e9rias radicais: evento gratuito re\u00fane esportes de aventura em S\u00e3o Paulo | Encontra Bom Retiro","description":"F\u00e9rias Radicais em S\u00e3o Paulo oferece aventura gratuita at\u00e9 5 de agosto.","inLanguage":"pt-BR","isPartOf":{"@id":"https:\/\/www.encontrabomretiro.com.br\/sobre\/#website"},"breadcrumb":{"@id":"https:\/\/www.encontrabomretiro.com.br\/sobre\/ferias-radicais-evento-gratuito-reune-esportes-de-aventura-em-sao-paulo\/#breadcrumblist"},"author":{"@id":"https:\/\/www.encontrabomretiro.com.br\/sobre\/author\/ebomretiro\/#author"},"creator":{"@id":"https:\/\/www.encontrabomretiro.com.br\/sobre\/author\/ebomretiro\/#author"},"image":{"@type":"ImageObject","url":"https:\/\/www.encontrabomretiro.com.br\/sobre\/wp-content\/uploads\/2026\/07\/ferias-radicais-evento-gratuito-reune-esportes-de-aventura-em-sao-paulo.webp","@id":"https:\/\/www.encontrabomretiro.com.br\/sobre\/ferias-radicais-evento-gratuito-reune-esportes-de-aventura-em-sao-paulo\/#mainImage","width":280,"height":280,"caption":"F\u00e9rias Radicais"},"primaryImageOfPage":{"@id":"https:\/\/www.encontrabomretiro.com.br\/sobre\/ferias-radicais-evento-gratuito-reune-esportes-de-aventura-em-sao-paulo\/#mainImage"},"datePublished":"2026-07-27T04:34:49-02:00","dateModified":"2026-07-27T04:34:49-02:00"},{"@type":"WebSite","@id":"https:\/\/www.encontrabomretiro.com.br\/sobre\/#website","url":"https:\/\/www.encontrabomretiro.com.br\/sobre\/","name":"Encontra Bom Retiro","description":"Not\u00edcias, eventos, informa\u00e7\u00f5es e dicas no bairro do Bom Retiro e regi\u00e3o.","inLanguage":"pt-BR","publisher":{"@id":"https:\/\/www.encontrabomretiro.com.br\/sobre\/#organization"}}]},"og:locale":"pt_BR","og:site_name":"Encontra Bom Retiro | Not\u00edcias, eventos, informa\u00e7\u00f5es e dicas no bairro do Bom Retiro e regi\u00e3o.","og:type":"article","og:title":"F\u00e9rias radicais: evento gratuito re\u00fane esportes de aventura em S\u00e3o Paulo | Encontra Bom Retiro","og:description":"F\u00e9rias Radicais em S\u00e3o Paulo oferece aventura gratuita at\u00e9 5 de agosto.","og:url":"https:\/\/www.encontrabomretiro.com.br\/sobre\/ferias-radicais-evento-gratuito-reune-esportes-de-aventura-em-sao-paulo\/","article:published_time":"2026-07-27T06:34:49+00:00","article:modified_time":"2026-07-27T06:34:49+00:00","twitter:card":"summary_large_image","twitter:title":"F\u00e9rias radicais: evento gratuito re\u00fane esportes de aventura em S\u00e3o Paulo | Encontra Bom Retiro","twitter:description":"F\u00e9rias Radicais em S\u00e3o Paulo oferece aventura gratuita at\u00e9 5 de agosto."},"aioseo_meta_data":{"post_id":"3184","title":null,"description":null,"keywords":null,"keyphrases":null,"primary_term":null,"canonical_url":null,"og_title":null,"og_description":null,"og_object_type":"default","og_image_type":"default","og_image_url":null,"og_image_width":null,"og_image_height":null,"og_image_custom_url":null,"og_image_custom_fields":null,"og_video":null,"og_custom_url":null,"og_article_section":null,"og_article_tags":null,"twitter_use_og":false,"twitter_card":"default","twitter_image_type":"default","twitter_image_url":null,"twitter_image_custom_url":null,"twitter_image_custom_fields":null,"twitter_title":null,"twitter_description":null,"schema":{"blockGraphs":[],"customGraphs":[],"default":{"data":{"Article":[],"Course":[],"Dataset":[],"FAQPage":[],"Movie":[],"Person":[],"Product":[],"ProductReview":[],"Car":[],"Recipe":[],"Service":[],"SoftwareApplication":[],"WebPage":[]},"graphName":"Article","isEnabled":true},"graphs":[]},"schema_type":"default","schema_type_options":null,"pillar_content":false,"robots_default":true,"robots_noindex":false,"robots_noarchive":false,"robots_nosnippet":false,"robots_nofollow":false,"robots_noimageindex":false,"robots_noodp":false,"robots_notranslate":false,"robots_max_snippet":null,"robots_max_videopreview":null,"robots_max_imagepreview":"large","priority":null,"frequency":null,"local_seo":null,"breadcrumb_settings":null,"limit_modified_date":false,"ai":null,"created":"2026-07-27 06:34:50","updated":"2026-07-27 06:44:50","focus_keyword":null,"additional_keywords":null,"truseo_locale":null,"seo_analyzer_scan_date":null},"aioseo_breadcrumb":"<div class=\"aioseo-breadcrumbs\"><span class=\"aioseo-breadcrumb\">\n\t\t\t<a href=\"https:\/\/www.encontrabomretiro.com.br\/sobre\" title=\"Dom\u00e9stica\">Dom\u00e9stica<\/a>\n\t\t<\/span><span class=\"aioseo-breadcrumb-separator\">&raquo;<\/span><span class=\"aioseo-breadcrumb\">\n\t\t\t<a href=\"https:\/\/www.encontrabomretiro.com.br\/sobre\/noticias-no-bom-retiro\/\" title=\"Not\u00edcias Bom Retiro\">Not\u00edcias Bom Retiro<\/a>\n\t\t<\/span><span class=\"aioseo-breadcrumb-separator\">&raquo;<\/span><span class=\"aioseo-breadcrumb\">\n\t\t\tF\u00e9rias radicais: evento gratuito re\u00fane esportes de aventura em S\u00e3o Paulo\n\t\t<\/span><\/div>","aioseo_breadcrumb_json":[{"label":"Dom\u00e9stica","link":"https:\/\/www.encontrabomretiro.com.br\/sobre"},{"label":"Not\u00edcias Bom Retiro","link":"https:\/\/www.encontrabomretiro.com.br\/sobre\/noticias-no-bom-retiro\/"},{"label":"F\u00e9rias radicais: evento gratuito re\u00fane esportes de aventura em S\u00e3o Paulo","link":"https:\/\/www.encontrabomretiro.com.br\/sobre\/ferias-radicais-evento-gratuito-reune-esportes-de-aventura-em-sao-paulo\/"}],"_links":{"self":[{"href":"https:\/\/www.encontrabomretiro.com.br\/sobre\/wp-json\/wp\/v2\/posts\/3184","targetHints":{"allow":["GET"]}}],"collection":[{"href":"https:\/\/www.encontrabomretiro.com.br\/sobre\/wp-json\/wp\/v2\/posts"}],"about":[{"href":"https:\/\/www.encontrabomretiro.com.br\/sobre\/wp-json\/wp\/v2\/types\/post"}],"author":[{"embeddable":true,"href":"https:\/\/www.encontrabomretiro.com.br\/sobre\/wp-json\/wp\/v2\/users\/1"}],"replies":[{"embeddable":true,"href":"https:\/\/www.encontrabomretiro.com.br\/sobre\/wp-json\/wp\/v2\/comments?post=3184"}],"version-history":[{"count":0,"href":"https:\/\/www.encontrabomretiro.com.br\/sobre\/wp-json\/wp\/v2\/posts\/3184\/revisions"}],"wp:featuredmedia":[{"embeddable":true,"href":"https:\/\/www.encontrabomretiro.com.br\/sobre\/wp-json\/wp\/v2\/media\/3183"}],"wp:attachment":[{"href":"https:\/\/www.encontrabomretiro.com.br\/sobre\/wp-json\/wp\/v2\/media?parent=3184"}],"wp:term":[{"taxonomy":"category","embeddable":true,"href":"https:\/\/www.encontrabomretiro.com.br\/sobre\/wp-json\/wp\/v2\/categories?post=3184"},{"taxonomy":"post_tag","embeddable":true,"href":"https:\/\/www.encontrabomretiro.com.br\/sobre\/wp-json\/wp\/v2\/tags?post=3184"}],"curies":[{"name":"wp","href":"https:\/\/api.w.org\/{rel}","templated":true}]}}